{"id":233683,"date":"2026-01-22T22:23:26","date_gmt":"2026-01-23T05:23:26","guid":{"rendered":"https:\/\/www.sonoraenequipo.com.mx\/?p=233683"},"modified":"2026-01-23T17:16:57","modified_gmt":"2026-01-24T00:16:57","slug":"gobierno-de-sonora-impulsa-la-campana-permanente-apadrina-un-aguila-en-conalep","status":"publish","type":"post","link":"https:\/\/www.sonoraenequipo.com.mx\/gobierno-de-sonora-impulsa-la-campana-permanente-apadrina-un-aguila-en-conalep\/","title":{"rendered":"Gobierno de Sonora impulsa la campa\u00f1a permanente \u201cApadrina un \u00c1guila\u201d en Conalep"},"content":{"rendered":"<p><strong>HERMOSILLO, SONORA. MX. \u2014\u00a0<\/strong> Con el firme compromiso de fortalecer la educaci\u00f3n media superior y promover el bienestar estudiantil, el Colegio de Educaci\u00f3n Profesional T\u00e9cnica del Estado de Sonora (Conalep Sonora) refuerza la campa\u00f1a permanente de becas <em><strong>\u201cApadrina un \u00c1guila\u201d,<\/strong><\/em> respaldada por el Gobierno de Sonora y los programas impulsados por el gobernador Alfonso Durazo.<\/p>\n<p>&nbsp;<\/p>\n<p>&nbsp;<\/p>\n<p>&nbsp;<\/p>\n<p> <\/p>\n<p>Esta estrategia invita a personas, empresas y organizaciones a convertirse en aliados de la educaci\u00f3n, apoyando a estudiantes en situaci\u00f3n de vulnerabilidad y acompa\u00f1ando el crecimiento de j\u00f3venes talentosos que forman parte del subsistema Conalep.<\/p>\n<p>&nbsp;<\/p>\n<p>&nbsp;<\/p>\n<p>La directora general de Conalep Sonora, Luisa Cristina Rodr\u00edguez Ibarra, destac\u00f3 que la iniciativa pretende integrar a la sociedad, el sector empresarial, asociaciones civiles y personal del subsistema en una red solidaria activa que acompa\u00f1e a las y los j\u00f3venes que m\u00e1s lo necesitan.<\/p>\n<p>&nbsp;<\/p>\n<p>&nbsp;<\/p>\n<p>El esquema de apadrinamiento busca cubrir necesidades esenciales de las y los estudiantes, tales como aportaci\u00f3n semestral, transporte, alimentaci\u00f3n, \u00fatiles escolares y uniformes. Adem\u00e1s, ofrece la posibilidad de respaldar proyectos educativos, culturales o tecnol\u00f3gicos, reforzando las oportunidades de desarrollo acad\u00e9mico y personal para la comunidad estudiantil.<\/p>\n<p>&nbsp;<\/p>\n<p>&nbsp;<\/p>\n<p><img loading=\"lazy\" decoding=\"async\" class=\"x-left size-full \" src=\"https:\/\/www.sonoraenequipo.com.mx\/storage\/2026\/01\/apadrina-un-aguila-1.jpg\" alt=\"\" width=\"1000\" height=\"666\" \/>Con ello se busca prevenir el abandono escolar y garantizar que cada estudiante cuente con las condiciones necesarias para continuar y concluir sus estudios. El programa permanecer\u00e1 abierto durante todo el a\u00f1o, ofreciendo diversas v\u00edas de colaboraci\u00f3n:<\/p>\n<p>&nbsp;<\/p>\n<p>&nbsp;<\/p>\n<p>\u2022 Te invitamos a formar parte de la campa\u00f1a registr\u00e1ndote en el siguiente formulario en l\u00ednea, para que podamos ponernos en contacto contigo y guiarte en el proceso: <strong><a href=\"https:\/\/docs.google.com\/forms\/d\/e\/1FAIpQLSchlp-xfvUwhvX1BBbamejTb-uDdL_iELZ0y09Amld4Jjf8fw\/viewform\">https:\/\/docs.google.com\/forms\/d\/e\/1FAIpQLSchlp-xfvUwhvX1BBbamejTb-uDdL_iELZ0y09Amld4Jjf8fw\/viewform<\/a><\/strong><\/p>\n<p>&nbsp;<\/p>\n<p>&nbsp;<\/p>\n<p>\u2022 Tambi\u00e9n puedes acudir directamente al plantel Conalep m\u00e1s cercano para conocer c\u00f3mo colaborar.<\/p>\n<p>&nbsp;<\/p>\n<p>&nbsp;<\/p>\n<p>Conoce m\u00e1s de la campa\u00f1a permanente de becas <strong>\u201cApadrina un \u00c1guila\u201d<\/strong> visitando las redes sociales oficiales de Conalep:<\/p>\n<p>\u2022<a href=\"https:\/\/www.facebook.com\/www.conalepsonora.edu.mx\"><strong> https:\/\/www.facebook.com\/www.conalepsonora.edu.mx<\/strong><\/a><\/p>\n<p>\u2022 <a href=\"https:\/\/www.instagram.com\/conalep.sonora\"><strong>https:\/\/www.instagram.com\/conalep.sonora<\/strong><\/a><\/p>\n<p><strong>\u2022 Tel\u00e9fono de contacto: 662-289-3750 ext. 118<\/strong><\/p>\n<p><strong>\u2022 Direcci\u00f3n: Matamoros y Jalisco 105, Colonia Centro, Hermosillo, Sonora<\/strong><\/p>\n<p>&nbsp;<\/p>\n<p>&nbsp;<\/p>\n<p>PUBLICADO EL 22 DE ENERO DE 2026 Con informaci\u00f3n de GOBSON 0126182)<\/p>\n","protected":false},"excerpt":{"rendered":"<p>HERMOSILLO, SONORA. MX. \u2014\u00a0 Con el firme compromiso de fortalecer la educaci\u00f3n media superior y&#8230;<\/p>\n","protected":false},"author":1,"featured_media":233684,"comment_status":"open","ping_status":"open","sticky":false,"template":"","format":"standard","meta":{"_monsterinsights_skip_tracking":false,"_monsterinsights_sitenote_active":false,"_monsterinsights_sitenote_note":"","_monsterinsights_sitenote_category":0,"footnotes":""},"categories":[22],"tags":[],"class_list":["post"],"yoast_head":" \n<title>Sonora en Equipo. Gobierno de Sonora impulsa la campa\u00f1a permanente \u201cApadrina un \u00c1guila\u201d en Conalep<\/title>\n<meta name=\"description\" content=\"HERMOSILLO, SONORA. MX. \u2014\u00a0 Con el firme compromiso de fortalecer la educaci\u00f3n media superior y promover el bienestar estudiantil, el Colegio de Educaci\u00f3n En Sonora en Equipo publicamos toda la informaci\u00f3n de Sonora, M\u00e9xico y el Mundo de manera oportuna y busca que la libertad de expresi\u00f3n sea real. Visita nuestro medio informativo publicado desde Hermosillo, Sonora. %\" \/>\n<meta name=\"robots\" content=\"index, follow, max-snippet:-1, max-image-preview:large, max-video-preview:-1\" \/>\n<link rel=\"canonical\" href=\"https:\/\/www.sonoraenequipo.com.mx\/gobierno-de-sonora-impulsa-la-campana-permanente-apadrina-un-aguila-en-conalep\/\" \/>\n<meta property=\"og:locale\" content=\"es_ES\" \/>\n<meta property=\"og:type\" content=\"article\" \/>\n<meta property=\"og:title\" content=\"Sonora en Equipo. Gobierno de Sonora impulsa la campa\u00f1a permanente \u201cApadrina un \u00c1guila\u201d en Conalep\" \/>\n<meta property=\"og:description\" content=\"HERMOSILLO, SONORA. MX. \u2014\u00a0 Con el firme compromiso de fortalecer la educaci\u00f3n media superior y promover el bienestar estudiantil, el Colegio de Educaci\u00f3n En Sonora en Equipo publicamos toda la informaci\u00f3n de Sonora, M\u00e9xico y el Mundo de manera oportuna y busca que la libertad de expresi\u00f3n sea real. Visita nuestro medio informativo publicado desde Hermosillo, Sonora. %\" \/>\n<meta property=\"og:url\" content=\"https:\/\/www.sonoraenequipo.com.mx\/gobierno-de-sonora-impulsa-la-campana-permanente-apadrina-un-aguila-en-conalep\/\" \/>\n<meta property=\"og:site_name\" content=\"Sonora en Equipo.\" \/>\n<meta property=\"article:publisher\" content=\"https:\/\/www.facebook.com\/SonoraEE\/\" \/>\n<meta property=\"article:author\" content=\"https:\/\/www.facebook.com\/SonoraEE\" \/>\n<meta property=\"article:published_time\" content=\"2026-01-23T05:23:26+00:00\" \/>\n<meta property=\"article:modified_time\" content=\"2026-01-24T00:16:57+00:00\" \/>\n<meta property=\"og:image\" content=\"https:\/\/www.sonoraenequipo.com.mx\/storage\/2026\/01\/unnamed-1-1-1.jpg\" \/>\n\t<meta property=\"og:image:width\" content=\"1200\" \/>\n\t<meta property=\"og:image:height\" content=\"788\" \/>\n\t<meta property=\"og:image:type\" content=\"image\/jpeg\" \/>\n<meta name=\"author\" content=\"enequipo\" \/>\n<meta name=\"twitter:card\" content=\"summary_large_image\" \/>\n<meta name=\"twitter:creator\" content=\"@sonoraenequipo\" \/>\n<meta name=\"twitter:site\" content=\"@sonoraenequipo\" \/>\n<meta name=\"twitter:label1\" content=\"Escrito por\" \/>\n\t<meta name=\"twitter:data1\" content=\"enequipo\" \/>\n\t<meta name=\"twitter:label2\" content=\"Tiempo de lectura\" \/>\n\t<meta name=\"twitter:data2\" content=\"2 minutos\" \/>\n<script type=\"application\/ld+json\" class=\"yoast-schema-graph\">{\"@context\":\"https:\/\/schema.org\",\"@graph\":[{\"@type\":\"Article\",\"@id\":\"https:\/\/www.sonoraenequipo.com.mx\/gobierno-de-sonora-impulsa-la-campana-permanente-apadrina-un-aguila-en-conalep\/#article\",\"isPartOf\":{\"@id\":\"https:\/\/www.sonoraenequipo.com.mx\/gobierno-de-sonora-impulsa-la-campana-permanente-apadrina-un-aguila-en-conalep\/\"},\"author\":{\"name\":\"enequipo\",\"@id\":\"https:\/\/www.sonoraenequipo.com.mx\/#\/schema\/person\/50102df0fb23a8fa9e8effad8fa81386\"},\"headline\":\"Gobierno de Sonora impulsa la campa\u00f1a permanente \u201cApadrina un \u00c1guila\u201d en Conalep\",\"datePublished\":\"2026-01-23T05:23:26+00:00\",\"dateModified\":\"2026-01-24T00:16:57+00:00\",\"mainEntityOfPage\":{\"@id\":\"https:\/\/www.sonoraenequipo.com.mx\/gobierno-de-sonora-impulsa-la-campana-permanente-apadrina-un-aguila-en-conalep\/\"},\"wordCount\":387,\"commentCount\":0,\"publisher\":{\"@id\":\"https:\/\/www.sonoraenequipo.com.mx\/#organization\"},\"image\":{\"@id\":\"https:\/\/www.sonoraenequipo.com.mx\/gobierno-de-sonora-impulsa-la-campana-permanente-apadrina-un-aguila-en-conalep\/#primaryimage\"},\"thumbnailUrl\":\"https:\/\/www.sonoraenequipo.com.mx\/storage\/2026\/01\/unnamed-1-1-1.jpg\",\"articleSection\":[\"Sonora\"],\"inLanguage\":\"es\",\"potentialAction\":[{\"@type\":\"CommentAction\",\"name\":\"Comment\",\"target\":[\"https:\/\/www.sonoraenequipo.com.mx\/gobierno-de-sonora-impulsa-la-campana-permanente-apadrina-un-aguila-en-conalep\/#respond\"]}]},{\"@type\":\"WebPage\",\"@id\":\"https:\/\/www.sonoraenequipo.com.mx\/gobierno-de-sonora-impulsa-la-campana-permanente-apadrina-un-aguila-en-conalep\/\",\"url\":\"https:\/\/www.sonoraenequipo.com.mx\/gobierno-de-sonora-impulsa-la-campana-permanente-apadrina-un-aguila-en-conalep\/\",\"name\":\"Sonora en Equipo. Gobierno de Sonora impulsa la campa\u00f1a permanente \u201cApadrina un \u00c1guila\u201d en Conalep\",\"isPartOf\":{\"@id\":\"https:\/\/www.sonoraenequipo.com.mx\/#website\"},\"primaryImageOfPage\":{\"@id\":\"https:\/\/www.sonoraenequipo.com.mx\/gobierno-de-sonora-impulsa-la-campana-permanente-apadrina-un-aguila-en-conalep\/#primaryimage\"},\"image\":{\"@id\":\"https:\/\/www.sonoraenequipo.com.mx\/gobierno-de-sonora-impulsa-la-campana-permanente-apadrina-un-aguila-en-conalep\/#primaryimage\"},\"thumbnailUrl\":\"https:\/\/www.sonoraenequipo.com.mx\/storage\/2026\/01\/unnamed-1-1-1.jpg\",\"datePublished\":\"2026-01-23T05:23:26+00:00\",\"dateModified\":\"2026-01-24T00:16:57+00:00\",\"description\":\"HERMOSILLO, SONORA. MX. \u2014\u00a0 Con el firme compromiso de fortalecer la educaci\u00f3n media superior y promover el bienestar estudiantil, el Colegio de Educaci\u00f3n En Sonora en Equipo publicamos toda la informaci\u00f3n de Sonora, M\u00e9xico y el Mundo de manera oportuna y busca que la libertad de expresi\u00f3n sea real. Visita nuestro medio informativo publicado desde Hermosillo, Sonora. %\",\"breadcrumb\":{\"@id\":\"https:\/\/www.sonoraenequipo.com.mx\/gobierno-de-sonora-impulsa-la-campana-permanente-apadrina-un-aguila-en-conalep\/#breadcrumb\"},\"inLanguage\":\"es\",\"potentialAction\":[{\"@type\":\"ReadAction\",\"target\":[\"https:\/\/www.sonoraenequipo.com.mx\/gobierno-de-sonora-impulsa-la-campana-permanente-apadrina-un-aguila-en-conalep\/\"]}]},{\"@type\":\"ImageObject\",\"inLanguage\":\"es\",\"@id\":\"https:\/\/www.sonoraenequipo.com.mx\/gobierno-de-sonora-impulsa-la-campana-permanente-apadrina-un-aguila-en-conalep\/#primaryimage\",\"url\":\"https:\/\/www.sonoraenequipo.com.mx\/storage\/2026\/01\/unnamed-1-1-1.jpg\",\"contentUrl\":\"https:\/\/www.sonoraenequipo.com.mx\/storage\/2026\/01\/unnamed-1-1-1.jpg\",\"width\":1200,\"height\":788},{\"@type\":\"BreadcrumbList\",\"@id\":\"https:\/\/www.sonoraenequipo.com.mx\/gobierno-de-sonora-impulsa-la-campana-permanente-apadrina-un-aguila-en-conalep\/#breadcrumb\",\"itemListElement\":[{\"@type\":\"ListItem\",\"position\":1,\"name\":\"Portada\",\"item\":\"https:\/\/www.sonoraenequipo.com.mx\/\"},{\"@type\":\"ListItem\",\"position\":2,\"name\":\"Gobierno de Sonora impulsa la campa\u00f1a permanente \u201cApadrina un \u00c1guila\u201d en Conalep\"}]},{\"@type\":\"WebSite\",\"@id\":\"https:\/\/www.sonoraenequipo.com.mx\/#website\",\"url\":\"https:\/\/www.sonoraenequipo.com.mx\/\",\"name\":\"Sonora en Equipo.\",\"description\":\"Diario en l\u00ednea con Noticias desde Hermosillo, Sonora\",\"publisher\":{\"@id\":\"https:\/\/www.sonoraenequipo.com.mx\/#organization\"},\"potentialAction\":[{\"@type\":\"SearchAction\",\"target\":{\"@type\":\"EntryPoint\",\"urlTemplate\":\"https:\/\/www.sonoraenequipo.com.mx\/?s={search_term_string}\"},\"query-input\":{\"@type\":\"PropertyValueSpecification\",\"valueRequired\":true,\"valueName\":\"search_term_string\"}}],\"inLanguage\":\"es\"},{\"@type\":\"Organization\",\"@id\":\"https:\/\/www.sonoraenequipo.com.mx\/#organization\",\"name\":\"Sonoraenequipo.com.mx\",\"url\":\"https:\/\/www.sonoraenequipo.com.mx\/\",\"logo\":{\"@type\":\"ImageObject\",\"inLanguage\":\"es\",\"@id\":\"https:\/\/www.sonoraenequipo.com.mx\/#\/schema\/logo\/image\/\",\"url\":\"https:\/\/www.sonoraenequipo.com.mx\/storage\/2019\/01\/sonoraenequipo_opt.png\",\"contentUrl\":\"https:\/\/www.sonoraenequipo.com.mx\/storage\/2019\/01\/sonoraenequipo_opt.png\",\"width\":375,\"height\":125,\"caption\":\"Sonoraenequipo.com.mx\"},\"image\":{\"@id\":\"https:\/\/www.sonoraenequipo.com.mx\/#\/schema\/logo\/image\/\"},\"sameAs\":[\"https:\/\/www.facebook.com\/SonoraEE\/\",\"https:\/\/x.com\/sonoraenequipo\",\"https:\/\/www.youtube.com\/channel\/UC338nW-lPEYmJQs4ZABQ1SQ\"]},{\"@type\":\"Person\",\"@id\":\"https:\/\/www.sonoraenequipo.com.mx\/#\/schema\/person\/50102df0fb23a8fa9e8effad8fa81386\",\"name\":\"enequipo\",\"image\":{\"@type\":\"ImageObject\",\"inLanguage\":\"es\",\"@id\":\"https:\/\/www.sonoraenequipo.com.mx\/#\/schema\/person\/image\/\",\"url\":\"https:\/\/secure.gravatar.com\/avatar\/049821681b589dabc0bc20695993ccebb09f5b5d4d790cd9251b97faac7c652b?s=96&d=blank&r=g\",\"contentUrl\":\"https:\/\/secure.gravatar.com\/avatar\/049821681b589dabc0bc20695993ccebb09f5b5d4d790cd9251b97faac7c652b?s=96&d=blank&r=g\",\"caption\":\"enequipo\"},\"sameAs\":[\"https:\/\/www.facebook.com\/SonoraEE\"]}]}<\/script>\n ","yoast_head_json":{"title":"Sonora en Equipo. Gobierno de Sonora impulsa la campa\u00f1a permanente \u201cApadrina un \u00c1guila\u201d en Conalep","description":"HERMOSILLO, SONORA. MX. \u2014\u00a0 Con el firme compromiso de fortalecer la educaci\u00f3n media superior y promover el bienestar estudiantil, el Colegio de Educaci\u00f3n En Sonora en Equipo publicamos toda la informaci\u00f3n de Sonora, M\u00e9xico y el Mundo de manera oportuna y busca que la libertad de expresi\u00f3n sea real. Visita nuestro medio informativo publicado desde Hermosillo, Sonora. %","robots":{"index":"index","follow":"follow","max-snippet":"max-snippet:-1","max-image-preview":"max-image-preview:large","max-video-preview":"max-video-preview:-1"},"canonical":"https:\/\/www.sonoraenequipo.com.mx\/gobierno-de-sonora-impulsa-la-campana-permanente-apadrina-un-aguila-en-conalep\/","og_locale":"es_ES","og_type":"article","og_title":"Sonora en Equipo. Gobierno de Sonora impulsa la campa\u00f1a permanente \u201cApadrina un \u00c1guila\u201d en Conalep","og_description":"HERMOSILLO, SONORA. MX. \u2014\u00a0 Con el firme compromiso de fortalecer la educaci\u00f3n media superior y promover el bienestar estudiantil, el Colegio de Educaci\u00f3n En Sonora en Equipo publicamos toda la informaci\u00f3n de Sonora, M\u00e9xico y el Mundo de manera oportuna y busca que la libertad de expresi\u00f3n sea real. Visita nuestro medio informativo publicado desde Hermosillo, Sonora. %","og_url":"https:\/\/www.sonoraenequipo.com.mx\/gobierno-de-sonora-impulsa-la-campana-permanente-apadrina-un-aguila-en-conalep\/","og_site_name":"Sonora en Equipo.","article_publisher":"https:\/\/www.facebook.com\/SonoraEE\/","article_author":"https:\/\/www.facebook.com\/SonoraEE","article_published_time":"2026-01-23T05:23:26+00:00","article_modified_time":"2026-01-24T00:16:57+00:00","og_image":[{"width":1200,"height":788,"url":"https:\/\/www.sonoraenequipo.com.mx\/storage\/2026\/01\/unnamed-1-1-1.jpg","type":"image\/jpeg"}],"author":"enequipo","twitter_card":"summary_large_image","twitter_creator":"@sonoraenequipo","twitter_site":"@sonoraenequipo","twitter_misc":{"Escrito por":"enequipo","Tiempo de lectura":"2 minutos"},"schema":{"@context":"https:\/\/schema.org","@graph":[{"@type":"Article","@id":"https:\/\/www.sonoraenequipo.com.mx\/gobierno-de-sonora-impulsa-la-campana-permanente-apadrina-un-aguila-en-conalep\/#article","isPartOf":{"@id":"https:\/\/www.sonoraenequipo.com.mx\/gobierno-de-sonora-impulsa-la-campana-permanente-apadrina-un-aguila-en-conalep\/"},"author":{"name":"enequipo","@id":"https:\/\/www.sonoraenequipo.com.mx\/#\/schema\/person\/50102df0fb23a8fa9e8effad8fa81386"},"headline":"Gobierno de Sonora impulsa la campa\u00f1a permanente \u201cApadrina un \u00c1guila\u201d en Conalep","datePublished":"2026-01-23T05:23:26+00:00","dateModified":"2026-01-24T00:16:57+00:00","mainEntityOfPage":{"@id":"https:\/\/www.sonoraenequipo.com.mx\/gobierno-de-sonora-impulsa-la-campana-permanente-apadrina-un-aguila-en-conalep\/"},"wordCount":387,"commentCount":0,"publisher":{"@id":"https:\/\/www.sonoraenequipo.com.mx\/#organization"},"image":{"@id":"https:\/\/www.sonoraenequipo.com.mx\/gobierno-de-sonora-impulsa-la-campana-permanente-apadrina-un-aguila-en-conalep\/#primaryimage"},"thumbnailUrl":"https:\/\/www.sonoraenequipo.com.mx\/storage\/2026\/01\/unnamed-1-1-1.jpg","articleSection":["Sonora"],"inLanguage":"es","potentialAction":[{"@type":"CommentAction","name":"Comment","target":["https:\/\/www.sonoraenequipo.com.mx\/gobierno-de-sonora-impulsa-la-campana-permanente-apadrina-un-aguila-en-conalep\/#respond"]}]},{"@type":"WebPage","@id":"https:\/\/www.sonoraenequipo.com.mx\/gobierno-de-sonora-impulsa-la-campana-permanente-apadrina-un-aguila-en-conalep\/","url":"https:\/\/www.sonoraenequipo.com.mx\/gobierno-de-sonora-impulsa-la-campana-permanente-apadrina-un-aguila-en-conalep\/","name":"Sonora en Equipo. Gobierno de Sonora impulsa la campa\u00f1a permanente \u201cApadrina un \u00c1guila\u201d en Conalep","isPartOf":{"@id":"https:\/\/www.sonoraenequipo.com.mx\/#website"},"primaryImageOfPage":{"@id":"https:\/\/www.sonoraenequipo.com.mx\/gobierno-de-sonora-impulsa-la-campana-permanente-apadrina-un-aguila-en-conalep\/#primaryimage"},"image":{"@id":"https:\/\/www.sonoraenequipo.com.mx\/gobierno-de-sonora-impulsa-la-campana-permanente-apadrina-un-aguila-en-conalep\/#primaryimage"},"thumbnailUrl":"https:\/\/www.sonoraenequipo.com.mx\/storage\/2026\/01\/unnamed-1-1-1.jpg","datePublished":"2026-01-23T05:23:26+00:00","dateModified":"2026-01-24T00:16:57+00:00","description":"HERMOSILLO, SONORA. MX. \u2014\u00a0 Con el firme compromiso de fortalecer la educaci\u00f3n media superior y promover el bienestar estudiantil, el Colegio de Educaci\u00f3n En Sonora en Equipo publicamos toda la informaci\u00f3n de Sonora, M\u00e9xico y el Mundo de manera oportuna y busca que la libertad de expresi\u00f3n sea real. Visita nuestro medio informativo publicado desde Hermosillo, Sonora. %","breadcrumb":{"@id":"https:\/\/www.sonoraenequipo.com.mx\/gobierno-de-sonora-impulsa-la-campana-permanente-apadrina-un-aguila-en-conalep\/#breadcrumb"},"inLanguage":"es","potentialAction":[{"@type":"ReadAction","target":["https:\/\/www.sonoraenequipo.com.mx\/gobierno-de-sonora-impulsa-la-campana-permanente-apadrina-un-aguila-en-conalep\/"]}]},{"@type":"ImageObject","inLanguage":"es","@id":"https:\/\/www.sonoraenequipo.com.mx\/gobierno-de-sonora-impulsa-la-campana-permanente-apadrina-un-aguila-en-conalep\/#primaryimage","url":"https:\/\/www.sonoraenequipo.com.mx\/storage\/2026\/01\/unnamed-1-1-1.jpg","contentUrl":"https:\/\/www.sonoraenequipo.com.mx\/storage\/2026\/01\/unnamed-1-1-1.jpg","width":1200,"height":788},{"@type":"BreadcrumbList","@id":"https:\/\/www.sonoraenequipo.com.mx\/gobierno-de-sonora-impulsa-la-campana-permanente-apadrina-un-aguila-en-conalep\/#breadcrumb","itemListElement":[{"@type":"ListItem","position":1,"name":"Portada","item":"https:\/\/www.sonoraenequipo.com.mx\/"},{"@type":"ListItem","position":2,"name":"Gobierno de Sonora impulsa la campa\u00f1a permanente \u201cApadrina un \u00c1guila\u201d en Conalep"}]},{"@type":"WebSite","@id":"https:\/\/www.sonoraenequipo.com.mx\/#website","url":"https:\/\/www.sonoraenequipo.com.mx\/","name":"Sonora en Equipo.","description":"Diario en l\u00ednea con Noticias desde Hermosillo, Sonora","publisher":{"@id":"https:\/\/www.sonoraenequipo.com.mx\/#organization"},"potentialAction":[{"@type":"SearchAction","target":{"@type":"EntryPoint","urlTemplate":"https:\/\/www.sonoraenequipo.com.mx\/?s={search_term_string}"},"query-input":{"@type":"PropertyValueSpecification","valueRequired":true,"valueName":"search_term_string"}}],"inLanguage":"es"},{"@type":"Organization","@id":"https:\/\/www.sonoraenequipo.com.mx\/#organization","name":"Sonoraenequipo.com.mx","url":"https:\/\/www.sonoraenequipo.com.mx\/","logo":{"@type":"ImageObject","inLanguage":"es","@id":"https:\/\/www.sonoraenequipo.com.mx\/#\/schema\/logo\/image\/","url":"https:\/\/www.sonoraenequipo.com.mx\/storage\/2019\/01\/sonoraenequipo_opt.png","contentUrl":"https:\/\/www.sonoraenequipo.com.mx\/storage\/2019\/01\/sonoraenequipo_opt.png","width":375,"height":125,"caption":"Sonoraenequipo.com.mx"},"image":{"@id":"https:\/\/www.sonoraenequipo.com.mx\/#\/schema\/logo\/image\/"},"sameAs":["https:\/\/www.facebook.com\/SonoraEE\/","https:\/\/x.com\/sonoraenequipo","https:\/\/www.youtube.com\/channel\/UC338nW-lPEYmJQs4ZABQ1SQ"]},{"@type":"Person","@id":"https:\/\/www.sonoraenequipo.com.mx\/#\/schema\/person\/50102df0fb23a8fa9e8effad8fa81386","name":"enequipo","image":{"@type":"ImageObject","inLanguage":"es","@id":"https:\/\/www.sonoraenequipo.com.mx\/#\/schema\/person\/image\/","url":"https:\/\/secure.gravatar.com\/avatar\/049821681b589dabc0bc20695993ccebb09f5b5d4d790cd9251b97faac7c652b?s=96&d=blank&r=g","contentUrl":"https:\/\/secure.gravatar.com\/avatar\/049821681b589dabc0bc20695993ccebb09f5b5d4d790cd9251b97faac7c652b?s=96&d=blank&r=g","caption":"enequipo"},"sameAs":["https:\/\/www.facebook.com\/SonoraEE"]}]}},"jetpack_featured_media_url":"https:\/\/www.sonoraenequipo.com.mx\/storage\/2026\/01\/unnamed-1-1-1.jpg","_links":{"self":[{"href":"https:\/\/www.sonoraenequipo.com.mx\/api\/wp\/v2\/posts\/233683","targetHints":{"allow":["GET"]}}],"collection":[{"href":"https:\/\/www.sonoraenequipo.com.mx\/api\/wp\/v2\/posts"}],"about":[{"href":"https:\/\/www.sonoraenequipo.com.mx\/api\/wp\/v2\/types\/post"}],"author":[{"embeddable":true,"href":"https:\/\/www.sonoraenequipo.com.mx\/api\/wp\/v2\/users\/1"}],"replies":[{"embeddable":true,"href":"https:\/\/www.sonoraenequipo.com.mx\/api\/wp\/v2\/comments?post=233683"}],"version-history":[{"count":1,"href":"https:\/\/www.sonoraenequipo.com.mx\/api\/wp\/v2\/posts\/233683\/revisions"}],"predecessor-version":[{"id":233687,"href":"https:\/\/www.sonoraenequipo.com.mx\/api\/wp\/v2\/posts\/233683\/revisions\/233687"}],"wp:featuredmedia":[{"embeddable":true,"href":"https:\/\/www.sonoraenequipo.com.mx\/api\/wp\/v2\/media\/233684"}],"wp:attachment":[{"href":"https:\/\/www.sonoraenequipo.com.mx\/api\/wp\/v2\/media?parent=233683"}],"wp:term":[{"taxonomy":"category","embeddable":true,"href":"https:\/\/www.sonoraenequipo.com.mx\/api\/wp\/v2\/categories?post=233683"},{"taxonomy":"post_tag","embeddable":true,"href":"https:\/\/www.sonoraenequipo.com.mx\/api\/wp\/v2\/tags?post=233683"}],"curies":[{"name":"wp","href":"https:\/\/api.w.org\/{rel}","templated":true}]}}