{"id":233705,"date":"2026-01-23T12:43:00","date_gmt":"2026-01-23T19:43:00","guid":{"rendered":"https:\/\/www.sonoraenequipo.com.mx\/?p=233705"},"modified":"2026-01-23T12:43:00","modified_gmt":"2026-01-23T19:43:00","slug":"congreso-de-sonora-designa-nuevo-presidente-municipal-de-bacum","status":"publish","type":"post","link":"https:\/\/www.sonoraenequipo.com.mx\/congreso-de-sonora-designa-nuevo-presidente-municipal-de-bacum\/","title":{"rendered":"Congreso de Sonora designa \u00a0nuevo presidente municipal de B\u00e1cum"},"content":{"rendered":"<p><strong>HERMOSILLO, SONORA, MX.<\/strong> \u2014 En sesi\u00f3n extraordinaria, el Pleno del Congreso del Estado de Sonora resolvi\u00f3 revocar el mandato al presidente municipal del Ayuntamiento de B\u00e1cum, ciudadano Serge Enr\u00edquez Tolano, debido a su fallecimiento, y design\u00f3 al ciudadano Juan de Dios Jocobi Cuevas para ejercer sus funciones.<\/p>\n<p>&nbsp;<\/p>\n<p>&nbsp;<\/p>\n<p>&nbsp;<\/p>\n<p>Correspondi\u00f3 a la diputada Azalia Guevara Espinoza (PVEM) dar lectura a la iniciativa de decreto mediante el cual se configur\u00f3 la incapacidad f\u00edsica legal y permanente de Enr\u00edquez Tolano, conforme a lo dispuesto en la Ley de Gobierno y Administraci\u00f3n Municipal.<\/p>\n<p>&nbsp;<\/p>\n<p>&nbsp;<\/p>\n<p>&nbsp;<\/p>\n<p>En consecuencia, el Poder Legislativo design\u00f3 al ciudadano Juan de Dios Jocobi Cuevas para que ejerza las funciones de presidente municipal del Ayuntamiento de B\u00e1cum, por el resto del periodo constitucional 2024-2027.<\/p>\n<p>&nbsp;<\/p>\n<p>&nbsp;<\/p>\n<p>&nbsp;<\/p>\n<p>El decreto dispone que Jocobi Cuevas rinda la protesta de ley como presidente municipal del Ayuntamiento de B\u00e1cum, y al ciudadano Jos\u00e9 Carlos L\u00f3pez Ayala al cargo de regidor propietario. Dichos actos ser\u00e1n presididos por la diputada Mar\u00eda Eduwiges Espinoza Tapia (Morena), en representaci\u00f3n del Congreso del Estado.<\/p>\n<p>&nbsp;<\/p>\n<p>&nbsp;<\/p>\n<p>&nbsp;<\/p>\n<p>Con oportunidad se publicar\u00e1 en la Gaceta Parlamentaria el aviso para la celebraci\u00f3n de una pr\u00f3xima sesi\u00f3n ordinaria de la Diputaci\u00f3n Permanente.<\/p>\n<p><strong>Fecha de publicaci\u00f3n viernes 23 de enero de 2026<\/strong><\/p>\n<p>&nbsp;<\/p>\n","protected":false},"excerpt":{"rendered":"<p>HERMOSILLO, SONORA, MX. \u2014 En sesi\u00f3n extraordinaria, el Pleno del Congreso del Estado de Sonora&#8230;<\/p>\n","protected":false},"author":1,"featured_media":233706,"comment_status":"open","ping_status":"open","sticky":false,"template":"","format":"standard","meta":{"_monsterinsights_skip_tracking":false,"_monsterinsights_sitenote_active":false,"_monsterinsights_sitenote_note":"","_monsterinsights_sitenote_category":0,"footnotes":""},"categories":[3281],"tags":[1248],"class_list":["post"],"yoast_head":" \n<title>Sonora en Equipo. Congreso de Sonora designa \u00a0nuevo presidente municipal de B\u00e1cum Congreso<\/title>\n<meta name=\"description\" content=\"HERMOSILLO, SONORA, MX. \u2014 En sesi\u00f3n extraordinaria, el Pleno del Congreso del Estado de Sonora resolvi\u00f3 revocar el mandato al presidente municipal del En Sonora en Equipo publicamos toda la informaci\u00f3n de Sonora, M\u00e9xico y el Mundo de manera oportuna y busca que la libertad de expresi\u00f3n sea real. Visita nuestro medio informativo publicado desde Hermosillo, Sonora. %\" \/>\n<meta name=\"robots\" content=\"index, follow, max-snippet:-1, max-image-preview:large, max-video-preview:-1\" \/>\n<link rel=\"canonical\" href=\"https:\/\/www.sonoraenequipo.com.mx\/congreso-de-sonora-designa-nuevo-presidente-municipal-de-bacum\/\" \/>\n<meta property=\"og:locale\" content=\"es_ES\" \/>\n<meta property=\"og:type\" content=\"article\" \/>\n<meta property=\"og:title\" content=\"Sonora en Equipo. Congreso de Sonora designa \u00a0nuevo presidente municipal de B\u00e1cum Congreso\" \/>\n<meta property=\"og:description\" content=\"HERMOSILLO, SONORA, MX. \u2014 En sesi\u00f3n extraordinaria, el Pleno del Congreso del Estado de Sonora resolvi\u00f3 revocar el mandato al presidente municipal del En Sonora en Equipo publicamos toda la informaci\u00f3n de Sonora, M\u00e9xico y el Mundo de manera oportuna y busca que la libertad de expresi\u00f3n sea real. Visita nuestro medio informativo publicado desde Hermosillo, Sonora. %\" \/>\n<meta property=\"og:url\" content=\"https:\/\/www.sonoraenequipo.com.mx\/congreso-de-sonora-designa-nuevo-presidente-municipal-de-bacum\/\" \/>\n<meta property=\"og:site_name\" content=\"Sonora en Equipo.\" \/>\n<meta property=\"article:publisher\" content=\"https:\/\/www.facebook.com\/SonoraEE\/\" \/>\n<meta property=\"article:author\" content=\"https:\/\/www.facebook.com\/SonoraEE\" \/>\n<meta property=\"article:published_time\" content=\"2026-01-23T19:43:00+00:00\" \/>\n<meta property=\"og:image\" content=\"https:\/\/www.sonoraenequipo.com.mx\/storage\/2026\/01\/sesioncongreso-extra230126.jpg\" \/>\n\t<meta property=\"og:image:width\" content=\"600\" \/>\n\t<meta property=\"og:image:height\" content=\"400\" \/>\n\t<meta property=\"og:image:type\" content=\"image\/jpeg\" \/>\n<meta name=\"author\" content=\"enequipo\" \/>\n<meta name=\"twitter:card\" content=\"summary_large_image\" \/>\n<meta name=\"twitter:creator\" content=\"@sonoraenequipo\" \/>\n<meta name=\"twitter:site\" content=\"@sonoraenequipo\" \/>\n<meta name=\"twitter:label1\" content=\"Escrito por\" \/>\n\t<meta name=\"twitter:data1\" content=\"enequipo\" \/>\n\t<meta name=\"twitter:label2\" content=\"Tiempo de lectura\" \/>\n\t<meta name=\"twitter:data2\" content=\"1 minuto\" \/>\n<script type=\"application\/ld+json\" class=\"yoast-schema-graph\">{\"@context\":\"https:\/\/schema.org\",\"@graph\":[{\"@type\":\"Article\",\"@id\":\"https:\/\/www.sonoraenequipo.com.mx\/congreso-de-sonora-designa-nuevo-presidente-municipal-de-bacum\/#article\",\"isPartOf\":{\"@id\":\"https:\/\/www.sonoraenequipo.com.mx\/congreso-de-sonora-designa-nuevo-presidente-municipal-de-bacum\/\"},\"author\":{\"name\":\"enequipo\",\"@id\":\"https:\/\/www.sonoraenequipo.com.mx\/#\/schema\/person\/50102df0fb23a8fa9e8effad8fa81386\"},\"headline\":\"Congreso de Sonora designa \u00a0nuevo presidente municipal de B\u00e1cum\",\"datePublished\":\"2026-01-23T19:43:00+00:00\",\"mainEntityOfPage\":{\"@id\":\"https:\/\/www.sonoraenequipo.com.mx\/congreso-de-sonora-designa-nuevo-presidente-municipal-de-bacum\/\"},\"wordCount\":236,\"commentCount\":0,\"publisher\":{\"@id\":\"https:\/\/www.sonoraenequipo.com.mx\/#organization\"},\"image\":{\"@id\":\"https:\/\/www.sonoraenequipo.com.mx\/congreso-de-sonora-designa-nuevo-presidente-municipal-de-bacum\/#primaryimage\"},\"thumbnailUrl\":\"https:\/\/www.sonoraenequipo.com.mx\/storage\/2026\/01\/sesioncongreso-extra230126.jpg\",\"keywords\":[\"CONGRESO\"],\"articleSection\":[\"Congreso\"],\"inLanguage\":\"es\",\"potentialAction\":[{\"@type\":\"CommentAction\",\"name\":\"Comment\",\"target\":[\"https:\/\/www.sonoraenequipo.com.mx\/congreso-de-sonora-designa-nuevo-presidente-municipal-de-bacum\/#respond\"]}]},{\"@type\":\"WebPage\",\"@id\":\"https:\/\/www.sonoraenequipo.com.mx\/congreso-de-sonora-designa-nuevo-presidente-municipal-de-bacum\/\",\"url\":\"https:\/\/www.sonoraenequipo.com.mx\/congreso-de-sonora-designa-nuevo-presidente-municipal-de-bacum\/\",\"name\":\"Sonora en Equipo. Congreso de Sonora designa \u00a0nuevo presidente municipal de B\u00e1cum Congreso\",\"isPartOf\":{\"@id\":\"https:\/\/www.sonoraenequipo.com.mx\/#website\"},\"primaryImageOfPage\":{\"@id\":\"https:\/\/www.sonoraenequipo.com.mx\/congreso-de-sonora-designa-nuevo-presidente-municipal-de-bacum\/#primaryimage\"},\"image\":{\"@id\":\"https:\/\/www.sonoraenequipo.com.mx\/congreso-de-sonora-designa-nuevo-presidente-municipal-de-bacum\/#primaryimage\"},\"thumbnailUrl\":\"https:\/\/www.sonoraenequipo.com.mx\/storage\/2026\/01\/sesioncongreso-extra230126.jpg\",\"datePublished\":\"2026-01-23T19:43:00+00:00\",\"description\":\"HERMOSILLO, SONORA, MX. \u2014 En sesi\u00f3n extraordinaria, el Pleno del Congreso del Estado de Sonora resolvi\u00f3 revocar el mandato al presidente municipal del En Sonora en Equipo publicamos toda la informaci\u00f3n de Sonora, M\u00e9xico y el Mundo de manera oportuna y busca que la libertad de expresi\u00f3n sea real. Visita nuestro medio informativo publicado desde Hermosillo, Sonora. %\",\"breadcrumb\":{\"@id\":\"https:\/\/www.sonoraenequipo.com.mx\/congreso-de-sonora-designa-nuevo-presidente-municipal-de-bacum\/#breadcrumb\"},\"inLanguage\":\"es\",\"potentialAction\":[{\"@type\":\"ReadAction\",\"target\":[\"https:\/\/www.sonoraenequipo.com.mx\/congreso-de-sonora-designa-nuevo-presidente-municipal-de-bacum\/\"]}]},{\"@type\":\"ImageObject\",\"inLanguage\":\"es\",\"@id\":\"https:\/\/www.sonoraenequipo.com.mx\/congreso-de-sonora-designa-nuevo-presidente-municipal-de-bacum\/#primaryimage\",\"url\":\"https:\/\/www.sonoraenequipo.com.mx\/storage\/2026\/01\/sesioncongreso-extra230126.jpg\",\"contentUrl\":\"https:\/\/www.sonoraenequipo.com.mx\/storage\/2026\/01\/sesioncongreso-extra230126.jpg\",\"width\":600,\"height\":400},{\"@type\":\"BreadcrumbList\",\"@id\":\"https:\/\/www.sonoraenequipo.com.mx\/congreso-de-sonora-designa-nuevo-presidente-municipal-de-bacum\/#breadcrumb\",\"itemListElement\":[{\"@type\":\"ListItem\",\"position\":1,\"name\":\"Portada\",\"item\":\"https:\/\/www.sonoraenequipo.com.mx\/\"},{\"@type\":\"ListItem\",\"position\":2,\"name\":\"Congreso de Sonora designa \u00a0nuevo presidente municipal de B\u00e1cum\"}]},{\"@type\":\"WebSite\",\"@id\":\"https:\/\/www.sonoraenequipo.com.mx\/#website\",\"url\":\"https:\/\/www.sonoraenequipo.com.mx\/\",\"name\":\"Sonora en Equipo.\",\"description\":\"Diario en l\u00ednea con Noticias desde Hermosillo, Sonora\",\"publisher\":{\"@id\":\"https:\/\/www.sonoraenequipo.com.mx\/#organization\"},\"potentialAction\":[{\"@type\":\"SearchAction\",\"target\":{\"@type\":\"EntryPoint\",\"urlTemplate\":\"https:\/\/www.sonoraenequipo.com.mx\/?s={search_term_string}\"},\"query-input\":{\"@type\":\"PropertyValueSpecification\",\"valueRequired\":true,\"valueName\":\"search_term_string\"}}],\"inLanguage\":\"es\"},{\"@type\":\"Organization\",\"@id\":\"https:\/\/www.sonoraenequipo.com.mx\/#organization\",\"name\":\"Sonoraenequipo.com.mx\",\"url\":\"https:\/\/www.sonoraenequipo.com.mx\/\",\"logo\":{\"@type\":\"ImageObject\",\"inLanguage\":\"es\",\"@id\":\"https:\/\/www.sonoraenequipo.com.mx\/#\/schema\/logo\/image\/\",\"url\":\"https:\/\/www.sonoraenequipo.com.mx\/storage\/2019\/01\/sonoraenequipo_opt.png\",\"contentUrl\":\"https:\/\/www.sonoraenequipo.com.mx\/storage\/2019\/01\/sonoraenequipo_opt.png\",\"width\":375,\"height\":125,\"caption\":\"Sonoraenequipo.com.mx\"},\"image\":{\"@id\":\"https:\/\/www.sonoraenequipo.com.mx\/#\/schema\/logo\/image\/\"},\"sameAs\":[\"https:\/\/www.facebook.com\/SonoraEE\/\",\"https:\/\/x.com\/sonoraenequipo\",\"https:\/\/www.youtube.com\/channel\/UC338nW-lPEYmJQs4ZABQ1SQ\"]},{\"@type\":\"Person\",\"@id\":\"https:\/\/www.sonoraenequipo.com.mx\/#\/schema\/person\/50102df0fb23a8fa9e8effad8fa81386\",\"name\":\"enequipo\",\"image\":{\"@type\":\"ImageObject\",\"inLanguage\":\"es\",\"@id\":\"https:\/\/www.sonoraenequipo.com.mx\/#\/schema\/person\/image\/\",\"url\":\"https:\/\/secure.gravatar.com\/avatar\/049821681b589dabc0bc20695993ccebb09f5b5d4d790cd9251b97faac7c652b?s=96&d=blank&r=g\",\"contentUrl\":\"https:\/\/secure.gravatar.com\/avatar\/049821681b589dabc0bc20695993ccebb09f5b5d4d790cd9251b97faac7c652b?s=96&d=blank&r=g\",\"caption\":\"enequipo\"},\"sameAs\":[\"https:\/\/www.facebook.com\/SonoraEE\"]}]}<\/script>\n ","yoast_head_json":{"title":"Sonora en Equipo. Congreso de Sonora designa \u00a0nuevo presidente municipal de B\u00e1cum Congreso","description":"HERMOSILLO, SONORA, MX. \u2014 En sesi\u00f3n extraordinaria, el Pleno del Congreso del Estado de Sonora resolvi\u00f3 revocar el mandato al presidente municipal del En Sonora en Equipo publicamos toda la informaci\u00f3n de Sonora, M\u00e9xico y el Mundo de manera oportuna y busca que la libertad de expresi\u00f3n sea real. Visita nuestro medio informativo publicado desde Hermosillo, Sonora. %","robots":{"index":"index","follow":"follow","max-snippet":"max-snippet:-1","max-image-preview":"max-image-preview:large","max-video-preview":"max-video-preview:-1"},"canonical":"https:\/\/www.sonoraenequipo.com.mx\/congreso-de-sonora-designa-nuevo-presidente-municipal-de-bacum\/","og_locale":"es_ES","og_type":"article","og_title":"Sonora en Equipo. Congreso de Sonora designa \u00a0nuevo presidente municipal de B\u00e1cum Congreso","og_description":"HERMOSILLO, SONORA, MX. \u2014 En sesi\u00f3n extraordinaria, el Pleno del Congreso del Estado de Sonora resolvi\u00f3 revocar el mandato al presidente municipal del En Sonora en Equipo publicamos toda la informaci\u00f3n de Sonora, M\u00e9xico y el Mundo de manera oportuna y busca que la libertad de expresi\u00f3n sea real. Visita nuestro medio informativo publicado desde Hermosillo, Sonora. %","og_url":"https:\/\/www.sonoraenequipo.com.mx\/congreso-de-sonora-designa-nuevo-presidente-municipal-de-bacum\/","og_site_name":"Sonora en Equipo.","article_publisher":"https:\/\/www.facebook.com\/SonoraEE\/","article_author":"https:\/\/www.facebook.com\/SonoraEE","article_published_time":"2026-01-23T19:43:00+00:00","og_image":[{"width":600,"height":400,"url":"https:\/\/www.sonoraenequipo.com.mx\/storage\/2026\/01\/sesioncongreso-extra230126.jpg","type":"image\/jpeg"}],"author":"enequipo","twitter_card":"summary_large_image","twitter_creator":"@sonoraenequipo","twitter_site":"@sonoraenequipo","twitter_misc":{"Escrito por":"enequipo","Tiempo de lectura":"1 minuto"},"schema":{"@context":"https:\/\/schema.org","@graph":[{"@type":"Article","@id":"https:\/\/www.sonoraenequipo.com.mx\/congreso-de-sonora-designa-nuevo-presidente-municipal-de-bacum\/#article","isPartOf":{"@id":"https:\/\/www.sonoraenequipo.com.mx\/congreso-de-sonora-designa-nuevo-presidente-municipal-de-bacum\/"},"author":{"name":"enequipo","@id":"https:\/\/www.sonoraenequipo.com.mx\/#\/schema\/person\/50102df0fb23a8fa9e8effad8fa81386"},"headline":"Congreso de Sonora designa \u00a0nuevo presidente municipal de B\u00e1cum","datePublished":"2026-01-23T19:43:00+00:00","mainEntityOfPage":{"@id":"https:\/\/www.sonoraenequipo.com.mx\/congreso-de-sonora-designa-nuevo-presidente-municipal-de-bacum\/"},"wordCount":236,"commentCount":0,"publisher":{"@id":"https:\/\/www.sonoraenequipo.com.mx\/#organization"},"image":{"@id":"https:\/\/www.sonoraenequipo.com.mx\/congreso-de-sonora-designa-nuevo-presidente-municipal-de-bacum\/#primaryimage"},"thumbnailUrl":"https:\/\/www.sonoraenequipo.com.mx\/storage\/2026\/01\/sesioncongreso-extra230126.jpg","keywords":["CONGRESO"],"articleSection":["Congreso"],"inLanguage":"es","potentialAction":[{"@type":"CommentAction","name":"Comment","target":["https:\/\/www.sonoraenequipo.com.mx\/congreso-de-sonora-designa-nuevo-presidente-municipal-de-bacum\/#respond"]}]},{"@type":"WebPage","@id":"https:\/\/www.sonoraenequipo.com.mx\/congreso-de-sonora-designa-nuevo-presidente-municipal-de-bacum\/","url":"https:\/\/www.sonoraenequipo.com.mx\/congreso-de-sonora-designa-nuevo-presidente-municipal-de-bacum\/","name":"Sonora en Equipo. Congreso de Sonora designa \u00a0nuevo presidente municipal de B\u00e1cum Congreso","isPartOf":{"@id":"https:\/\/www.sonoraenequipo.com.mx\/#website"},"primaryImageOfPage":{"@id":"https:\/\/www.sonoraenequipo.com.mx\/congreso-de-sonora-designa-nuevo-presidente-municipal-de-bacum\/#primaryimage"},"image":{"@id":"https:\/\/www.sonoraenequipo.com.mx\/congreso-de-sonora-designa-nuevo-presidente-municipal-de-bacum\/#primaryimage"},"thumbnailUrl":"https:\/\/www.sonoraenequipo.com.mx\/storage\/2026\/01\/sesioncongreso-extra230126.jpg","datePublished":"2026-01-23T19:43:00+00:00","description":"HERMOSILLO, SONORA, MX. \u2014 En sesi\u00f3n extraordinaria, el Pleno del Congreso del Estado de Sonora resolvi\u00f3 revocar el mandato al presidente municipal del En Sonora en Equipo publicamos toda la informaci\u00f3n de Sonora, M\u00e9xico y el Mundo de manera oportuna y busca que la libertad de expresi\u00f3n sea real. Visita nuestro medio informativo publicado desde Hermosillo, Sonora. %","breadcrumb":{"@id":"https:\/\/www.sonoraenequipo.com.mx\/congreso-de-sonora-designa-nuevo-presidente-municipal-de-bacum\/#breadcrumb"},"inLanguage":"es","potentialAction":[{"@type":"ReadAction","target":["https:\/\/www.sonoraenequipo.com.mx\/congreso-de-sonora-designa-nuevo-presidente-municipal-de-bacum\/"]}]},{"@type":"ImageObject","inLanguage":"es","@id":"https:\/\/www.sonoraenequipo.com.mx\/congreso-de-sonora-designa-nuevo-presidente-municipal-de-bacum\/#primaryimage","url":"https:\/\/www.sonoraenequipo.com.mx\/storage\/2026\/01\/sesioncongreso-extra230126.jpg","contentUrl":"https:\/\/www.sonoraenequipo.com.mx\/storage\/2026\/01\/sesioncongreso-extra230126.jpg","width":600,"height":400},{"@type":"BreadcrumbList","@id":"https:\/\/www.sonoraenequipo.com.mx\/congreso-de-sonora-designa-nuevo-presidente-municipal-de-bacum\/#breadcrumb","itemListElement":[{"@type":"ListItem","position":1,"name":"Portada","item":"https:\/\/www.sonoraenequipo.com.mx\/"},{"@type":"ListItem","position":2,"name":"Congreso de Sonora designa \u00a0nuevo presidente municipal de B\u00e1cum"}]},{"@type":"WebSite","@id":"https:\/\/www.sonoraenequipo.com.mx\/#website","url":"https:\/\/www.sonoraenequipo.com.mx\/","name":"Sonora en Equipo.","description":"Diario en l\u00ednea con Noticias desde Hermosillo, Sonora","publisher":{"@id":"https:\/\/www.sonoraenequipo.com.mx\/#organization"},"potentialAction":[{"@type":"SearchAction","target":{"@type":"EntryPoint","urlTemplate":"https:\/\/www.sonoraenequipo.com.mx\/?s={search_term_string}"},"query-input":{"@type":"PropertyValueSpecification","valueRequired":true,"valueName":"search_term_string"}}],"inLanguage":"es"},{"@type":"Organization","@id":"https:\/\/www.sonoraenequipo.com.mx\/#organization","name":"Sonoraenequipo.com.mx","url":"https:\/\/www.sonoraenequipo.com.mx\/","logo":{"@type":"ImageObject","inLanguage":"es","@id":"https:\/\/www.sonoraenequipo.com.mx\/#\/schema\/logo\/image\/","url":"https:\/\/www.sonoraenequipo.com.mx\/storage\/2019\/01\/sonoraenequipo_opt.png","contentUrl":"https:\/\/www.sonoraenequipo.com.mx\/storage\/2019\/01\/sonoraenequipo_opt.png","width":375,"height":125,"caption":"Sonoraenequipo.com.mx"},"image":{"@id":"https:\/\/www.sonoraenequipo.com.mx\/#\/schema\/logo\/image\/"},"sameAs":["https:\/\/www.facebook.com\/SonoraEE\/","https:\/\/x.com\/sonoraenequipo","https:\/\/www.youtube.com\/channel\/UC338nW-lPEYmJQs4ZABQ1SQ"]},{"@type":"Person","@id":"https:\/\/www.sonoraenequipo.com.mx\/#\/schema\/person\/50102df0fb23a8fa9e8effad8fa81386","name":"enequipo","image":{"@type":"ImageObject","inLanguage":"es","@id":"https:\/\/www.sonoraenequipo.com.mx\/#\/schema\/person\/image\/","url":"https:\/\/secure.gravatar.com\/avatar\/049821681b589dabc0bc20695993ccebb09f5b5d4d790cd9251b97faac7c652b?s=96&d=blank&r=g","contentUrl":"https:\/\/secure.gravatar.com\/avatar\/049821681b589dabc0bc20695993ccebb09f5b5d4d790cd9251b97faac7c652b?s=96&d=blank&r=g","caption":"enequipo"},"sameAs":["https:\/\/www.facebook.com\/SonoraEE"]}]}},"jetpack_featured_media_url":"https:\/\/www.sonoraenequipo.com.mx\/storage\/2026\/01\/sesioncongreso-extra230126.jpg","_links":{"self":[{"href":"https:\/\/www.sonoraenequipo.com.mx\/api\/wp\/v2\/posts\/233705","targetHints":{"allow":["GET"]}}],"collection":[{"href":"https:\/\/www.sonoraenequipo.com.mx\/api\/wp\/v2\/posts"}],"about":[{"href":"https:\/\/www.sonoraenequipo.com.mx\/api\/wp\/v2\/types\/post"}],"author":[{"embeddable":true,"href":"https:\/\/www.sonoraenequipo.com.mx\/api\/wp\/v2\/users\/1"}],"replies":[{"embeddable":true,"href":"https:\/\/www.sonoraenequipo.com.mx\/api\/wp\/v2\/comments?post=233705"}],"version-history":[{"count":1,"href":"https:\/\/www.sonoraenequipo.com.mx\/api\/wp\/v2\/posts\/233705\/revisions"}],"predecessor-version":[{"id":233707,"href":"https:\/\/www.sonoraenequipo.com.mx\/api\/wp\/v2\/posts\/233705\/revisions\/233707"}],"wp:featuredmedia":[{"embeddable":true,"href":"https:\/\/www.sonoraenequipo.com.mx\/api\/wp\/v2\/media\/233706"}],"wp:attachment":[{"href":"https:\/\/www.sonoraenequipo.com.mx\/api\/wp\/v2\/media?parent=233705"}],"wp:term":[{"taxonomy":"category","embeddable":true,"href":"https:\/\/www.sonoraenequipo.com.mx\/api\/wp\/v2\/categories?post=233705"},{"taxonomy":"post_tag","embeddable":true,"href":"https:\/\/www.sonoraenequipo.com.mx\/api\/wp\/v2\/tags?post=233705"}],"curies":[{"name":"wp","href":"https:\/\/api.w.org\/{rel}","templated":true}]}}