{"id":233716,"date":"2026-01-23T13:53:43","date_gmt":"2026-01-23T20:53:43","guid":{"rendered":"https:\/\/www.sonoraenequipo.com.mx\/?p=233716"},"modified":"2026-01-23T13:54:49","modified_gmt":"2026-01-23T20:54:49","slug":"despidos-en-mercado-libre-reabren-debate-sobre-la-ia","status":"publish","type":"post","link":"https:\/\/www.sonoraenequipo.com.mx\/despidos-en-mercado-libre-reabren-debate-sobre-la-ia\/","title":{"rendered":"Despidos en Mercado Libre reabren debate sobre la IA"},"content":{"rendered":"<p><strong>MONTEVIDEO, URUGUAY.<\/strong><strong> \u0336 \u0336\u00a0 <\/strong>Mercado Libre confirm\u00f3 despidos en su \u00e1rea de Experiencia de Usuario como parte de una reestructuraci\u00f3n para integrar dise\u00f1o y contenido y apoyarse m\u00e1s en tecnolog\u00eda, en un caso que reabre los temores sobre la irrupci\u00f3n de la inteligencia artificial en el mercado laboral en Am\u00e9rica Latina.<\/p>\n<p>&nbsp;<\/p>\n<p>&nbsp;<\/p>\n<p>&nbsp;<\/p>\n<p>El gigante del comercio electr\u00f3nico, considerada la empresa latina m\u00e1s valiosa en Wall Street, ha ratificado el despido de m\u00e1s de un centenar de empleados en sus operaciones regionales como parte de su \u201cb\u00fasqueda constante\u201d para agregar valor a su operaci\u00f3n.<\/p>\n<p>&nbsp;<\/p>\n<p>&nbsp;<\/p>\n<p>&nbsp;<\/p>\n<p>La denominada \u201cevoluci\u00f3n\u201d de los perfiles de Experiencia de Usuario, incluy\u00f3 la integraci\u00f3n de los roles de dise\u00f1o y contenido, buscando crear \u201cestructuras m\u00e1s \u00e1giles y eficientes\u201d, se\u00f1al\u00f3 MercadoLibre en un comunicado. \u00bfC\u00f3mo ha avanzado la integraci\u00f3n de la IA a los diferentes roles de la empresa?<\/p>\n<p><strong>Fecha de publicaci\u00f3n viernes 23 de enero de 2026\/ Bloomberg<\/strong><\/p>\n","protected":false},"excerpt":{"rendered":"<p>MONTEVIDEO, URUGUAY. \u0336 \u0336\u00a0 Mercado Libre confirm\u00f3 despidos en su \u00e1rea de Experiencia de Usuario&#8230;<\/p>\n","protected":false},"author":1,"featured_media":233717,"comment_status":"open","ping_status":"open","sticky":false,"template":"","format":"standard","meta":{"_monsterinsights_skip_tracking":false,"_monsterinsights_sitenote_active":false,"_monsterinsights_sitenote_note":"","_monsterinsights_sitenote_category":0,"footnotes":""},"categories":[6493],"tags":[7324,4586],"class_list":["post"],"yoast_head":" \n<title>Sonora en Equipo. Despidos en Mercado Libre reabren debate sobre la IA PALABRAS Y N\u00daMEROS<\/title>\n<meta name=\"description\" content=\"MONTEVIDEO, URUGUAY. \u0336 \u0336\u00a0 Mercado Libre confirm\u00f3 despidos en su \u00e1rea de Experiencia de Usuario como parte de una reestructuraci\u00f3n para integrar dise\u00f1o y En Sonora en Equipo publicamos toda la informaci\u00f3n de Sonora, M\u00e9xico y el Mundo de manera oportuna y busca que la libertad de expresi\u00f3n sea real. Visita nuestro medio informativo publicado desde Hermosillo, Sonora. %\" \/>\n<meta name=\"robots\" content=\"index, follow, max-snippet:-1, max-image-preview:large, max-video-preview:-1\" \/>\n<link rel=\"canonical\" href=\"https:\/\/www.sonoraenequipo.com.mx\/despidos-en-mercado-libre-reabren-debate-sobre-la-ia\/\" \/>\n<meta property=\"og:locale\" content=\"es_ES\" \/>\n<meta property=\"og:type\" content=\"article\" \/>\n<meta property=\"og:title\" content=\"Sonora en Equipo. Despidos en Mercado Libre reabren debate sobre la IA PALABRAS Y N\u00daMEROS\" \/>\n<meta property=\"og:description\" content=\"MONTEVIDEO, URUGUAY. \u0336 \u0336\u00a0 Mercado Libre confirm\u00f3 despidos en su \u00e1rea de Experiencia de Usuario como parte de una reestructuraci\u00f3n para integrar dise\u00f1o y En Sonora en Equipo publicamos toda la informaci\u00f3n de Sonora, M\u00e9xico y el Mundo de manera oportuna y busca que la libertad de expresi\u00f3n sea real. Visita nuestro medio informativo publicado desde Hermosillo, Sonora. %\" \/>\n<meta property=\"og:url\" content=\"https:\/\/www.sonoraenequipo.com.mx\/despidos-en-mercado-libre-reabren-debate-sobre-la-ia\/\" \/>\n<meta property=\"og:site_name\" content=\"Sonora en Equipo.\" \/>\n<meta property=\"article:publisher\" content=\"https:\/\/www.facebook.com\/SonoraEE\/\" \/>\n<meta property=\"article:author\" content=\"https:\/\/www.facebook.com\/SonoraEE\" \/>\n<meta property=\"article:published_time\" content=\"2026-01-23T20:53:43+00:00\" \/>\n<meta property=\"article:modified_time\" content=\"2026-01-23T20:54:49+00:00\" \/>\n<meta property=\"og:image\" content=\"https:\/\/www.sonoraenequipo.com.mx\/storage\/2026\/01\/meli.jpg\" \/>\n\t<meta property=\"og:image:width\" content=\"600\" \/>\n\t<meta property=\"og:image:height\" content=\"400\" \/>\n\t<meta property=\"og:image:type\" content=\"image\/jpeg\" \/>\n<meta name=\"author\" content=\"enequipo\" \/>\n<meta name=\"twitter:card\" content=\"summary_large_image\" \/>\n<meta name=\"twitter:creator\" content=\"@sonoraenequipo\" \/>\n<meta name=\"twitter:site\" content=\"@sonoraenequipo\" \/>\n<meta name=\"twitter:label1\" content=\"Escrito por\" \/>\n\t<meta name=\"twitter:data1\" content=\"enequipo\" \/>\n\t<meta name=\"twitter:label2\" content=\"Tiempo de lectura\" \/>\n\t<meta name=\"twitter:data2\" content=\"1 minuto\" \/>\n<script type=\"application\/ld+json\" class=\"yoast-schema-graph\">{\"@context\":\"https:\/\/schema.org\",\"@graph\":[{\"@type\":\"Article\",\"@id\":\"https:\/\/www.sonoraenequipo.com.mx\/despidos-en-mercado-libre-reabren-debate-sobre-la-ia\/#article\",\"isPartOf\":{\"@id\":\"https:\/\/www.sonoraenequipo.com.mx\/despidos-en-mercado-libre-reabren-debate-sobre-la-ia\/\"},\"author\":{\"name\":\"enequipo\",\"@id\":\"https:\/\/www.sonoraenequipo.com.mx\/#\/schema\/person\/50102df0fb23a8fa9e8effad8fa81386\"},\"headline\":\"Despidos en Mercado Libre reabren debate sobre la IA\",\"datePublished\":\"2026-01-23T20:53:43+00:00\",\"dateModified\":\"2026-01-23T20:54:49+00:00\",\"mainEntityOfPage\":{\"@id\":\"https:\/\/www.sonoraenequipo.com.mx\/despidos-en-mercado-libre-reabren-debate-sobre-la-ia\/\"},\"wordCount\":179,\"commentCount\":0,\"publisher\":{\"@id\":\"https:\/\/www.sonoraenequipo.com.mx\/#organization\"},\"image\":{\"@id\":\"https:\/\/www.sonoraenequipo.com.mx\/despidos-en-mercado-libre-reabren-debate-sobre-la-ia\/#primaryimage\"},\"thumbnailUrl\":\"https:\/\/www.sonoraenequipo.com.mx\/storage\/2026\/01\/meli.jpg\",\"keywords\":[\"ia\",\"Mercado Libre\"],\"articleSection\":[\"PALABRAS Y N\u00daMEROS\"],\"inLanguage\":\"es\",\"potentialAction\":[{\"@type\":\"CommentAction\",\"name\":\"Comment\",\"target\":[\"https:\/\/www.sonoraenequipo.com.mx\/despidos-en-mercado-libre-reabren-debate-sobre-la-ia\/#respond\"]}]},{\"@type\":\"WebPage\",\"@id\":\"https:\/\/www.sonoraenequipo.com.mx\/despidos-en-mercado-libre-reabren-debate-sobre-la-ia\/\",\"url\":\"https:\/\/www.sonoraenequipo.com.mx\/despidos-en-mercado-libre-reabren-debate-sobre-la-ia\/\",\"name\":\"Sonora en Equipo. Despidos en Mercado Libre reabren debate sobre la IA PALABRAS Y N\u00daMEROS\",\"isPartOf\":{\"@id\":\"https:\/\/www.sonoraenequipo.com.mx\/#website\"},\"primaryImageOfPage\":{\"@id\":\"https:\/\/www.sonoraenequipo.com.mx\/despidos-en-mercado-libre-reabren-debate-sobre-la-ia\/#primaryimage\"},\"image\":{\"@id\":\"https:\/\/www.sonoraenequipo.com.mx\/despidos-en-mercado-libre-reabren-debate-sobre-la-ia\/#primaryimage\"},\"thumbnailUrl\":\"https:\/\/www.sonoraenequipo.com.mx\/storage\/2026\/01\/meli.jpg\",\"datePublished\":\"2026-01-23T20:53:43+00:00\",\"dateModified\":\"2026-01-23T20:54:49+00:00\",\"description\":\"MONTEVIDEO, URUGUAY. \u0336 \u0336\u00a0 Mercado Libre confirm\u00f3 despidos en su \u00e1rea de Experiencia de Usuario como parte de una reestructuraci\u00f3n para integrar dise\u00f1o y En Sonora en Equipo publicamos toda la informaci\u00f3n de Sonora, M\u00e9xico y el Mundo de manera oportuna y busca que la libertad de expresi\u00f3n sea real. Visita nuestro medio informativo publicado desde Hermosillo, Sonora. %\",\"breadcrumb\":{\"@id\":\"https:\/\/www.sonoraenequipo.com.mx\/despidos-en-mercado-libre-reabren-debate-sobre-la-ia\/#breadcrumb\"},\"inLanguage\":\"es\",\"potentialAction\":[{\"@type\":\"ReadAction\",\"target\":[\"https:\/\/www.sonoraenequipo.com.mx\/despidos-en-mercado-libre-reabren-debate-sobre-la-ia\/\"]}]},{\"@type\":\"ImageObject\",\"inLanguage\":\"es\",\"@id\":\"https:\/\/www.sonoraenequipo.com.mx\/despidos-en-mercado-libre-reabren-debate-sobre-la-ia\/#primaryimage\",\"url\":\"https:\/\/www.sonoraenequipo.com.mx\/storage\/2026\/01\/meli.jpg\",\"contentUrl\":\"https:\/\/www.sonoraenequipo.com.mx\/storage\/2026\/01\/meli.jpg\",\"width\":600,\"height\":400,\"caption\":\"Imagen: LinkedIn\"},{\"@type\":\"BreadcrumbList\",\"@id\":\"https:\/\/www.sonoraenequipo.com.mx\/despidos-en-mercado-libre-reabren-debate-sobre-la-ia\/#breadcrumb\",\"itemListElement\":[{\"@type\":\"ListItem\",\"position\":1,\"name\":\"Portada\",\"item\":\"https:\/\/www.sonoraenequipo.com.mx\/\"},{\"@type\":\"ListItem\",\"position\":2,\"name\":\"Despidos en Mercado Libre reabren debate sobre la IA\"}]},{\"@type\":\"WebSite\",\"@id\":\"https:\/\/www.sonoraenequipo.com.mx\/#website\",\"url\":\"https:\/\/www.sonoraenequipo.com.mx\/\",\"name\":\"Sonora en Equipo.\",\"description\":\"Diario en l\u00ednea con Noticias desde Hermosillo, Sonora\",\"publisher\":{\"@id\":\"https:\/\/www.sonoraenequipo.com.mx\/#organization\"},\"potentialAction\":[{\"@type\":\"SearchAction\",\"target\":{\"@type\":\"EntryPoint\",\"urlTemplate\":\"https:\/\/www.sonoraenequipo.com.mx\/?s={search_term_string}\"},\"query-input\":{\"@type\":\"PropertyValueSpecification\",\"valueRequired\":true,\"valueName\":\"search_term_string\"}}],\"inLanguage\":\"es\"},{\"@type\":\"Organization\",\"@id\":\"https:\/\/www.sonoraenequipo.com.mx\/#organization\",\"name\":\"Sonoraenequipo.com.mx\",\"url\":\"https:\/\/www.sonoraenequipo.com.mx\/\",\"logo\":{\"@type\":\"ImageObject\",\"inLanguage\":\"es\",\"@id\":\"https:\/\/www.sonoraenequipo.com.mx\/#\/schema\/logo\/image\/\",\"url\":\"https:\/\/www.sonoraenequipo.com.mx\/storage\/2019\/01\/sonoraenequipo_opt.png\",\"contentUrl\":\"https:\/\/www.sonoraenequipo.com.mx\/storage\/2019\/01\/sonoraenequipo_opt.png\",\"width\":375,\"height\":125,\"caption\":\"Sonoraenequipo.com.mx\"},\"image\":{\"@id\":\"https:\/\/www.sonoraenequipo.com.mx\/#\/schema\/logo\/image\/\"},\"sameAs\":[\"https:\/\/www.facebook.com\/SonoraEE\/\",\"https:\/\/x.com\/sonoraenequipo\",\"https:\/\/www.youtube.com\/channel\/UC338nW-lPEYmJQs4ZABQ1SQ\"]},{\"@type\":\"Person\",\"@id\":\"https:\/\/www.sonoraenequipo.com.mx\/#\/schema\/person\/50102df0fb23a8fa9e8effad8fa81386\",\"name\":\"enequipo\",\"image\":{\"@type\":\"ImageObject\",\"inLanguage\":\"es\",\"@id\":\"https:\/\/www.sonoraenequipo.com.mx\/#\/schema\/person\/image\/\",\"url\":\"https:\/\/secure.gravatar.com\/avatar\/049821681b589dabc0bc20695993ccebb09f5b5d4d790cd9251b97faac7c652b?s=96&d=blank&r=g\",\"contentUrl\":\"https:\/\/secure.gravatar.com\/avatar\/049821681b589dabc0bc20695993ccebb09f5b5d4d790cd9251b97faac7c652b?s=96&d=blank&r=g\",\"caption\":\"enequipo\"},\"sameAs\":[\"https:\/\/www.facebook.com\/SonoraEE\"]}]}<\/script>\n ","yoast_head_json":{"title":"Sonora en Equipo. Despidos en Mercado Libre reabren debate sobre la IA PALABRAS Y N\u00daMEROS","description":"MONTEVIDEO, URUGUAY. \u0336 \u0336\u00a0 Mercado Libre confirm\u00f3 despidos en su \u00e1rea de Experiencia de Usuario como parte de una reestructuraci\u00f3n para integrar dise\u00f1o y En Sonora en Equipo publicamos toda la informaci\u00f3n de Sonora, M\u00e9xico y el Mundo de manera oportuna y busca que la libertad de expresi\u00f3n sea real. Visita nuestro medio informativo publicado desde Hermosillo, Sonora. %","robots":{"index":"index","follow":"follow","max-snippet":"max-snippet:-1","max-image-preview":"max-image-preview:large","max-video-preview":"max-video-preview:-1"},"canonical":"https:\/\/www.sonoraenequipo.com.mx\/despidos-en-mercado-libre-reabren-debate-sobre-la-ia\/","og_locale":"es_ES","og_type":"article","og_title":"Sonora en Equipo. Despidos en Mercado Libre reabren debate sobre la IA PALABRAS Y N\u00daMEROS","og_description":"MONTEVIDEO, URUGUAY. \u0336 \u0336\u00a0 Mercado Libre confirm\u00f3 despidos en su \u00e1rea de Experiencia de Usuario como parte de una reestructuraci\u00f3n para integrar dise\u00f1o y En Sonora en Equipo publicamos toda la informaci\u00f3n de Sonora, M\u00e9xico y el Mundo de manera oportuna y busca que la libertad de expresi\u00f3n sea real. Visita nuestro medio informativo publicado desde Hermosillo, Sonora. %","og_url":"https:\/\/www.sonoraenequipo.com.mx\/despidos-en-mercado-libre-reabren-debate-sobre-la-ia\/","og_site_name":"Sonora en Equipo.","article_publisher":"https:\/\/www.facebook.com\/SonoraEE\/","article_author":"https:\/\/www.facebook.com\/SonoraEE","article_published_time":"2026-01-23T20:53:43+00:00","article_modified_time":"2026-01-23T20:54:49+00:00","og_image":[{"width":600,"height":400,"url":"https:\/\/www.sonoraenequipo.com.mx\/storage\/2026\/01\/meli.jpg","type":"image\/jpeg"}],"author":"enequipo","twitter_card":"summary_large_image","twitter_creator":"@sonoraenequipo","twitter_site":"@sonoraenequipo","twitter_misc":{"Escrito por":"enequipo","Tiempo de lectura":"1 minuto"},"schema":{"@context":"https:\/\/schema.org","@graph":[{"@type":"Article","@id":"https:\/\/www.sonoraenequipo.com.mx\/despidos-en-mercado-libre-reabren-debate-sobre-la-ia\/#article","isPartOf":{"@id":"https:\/\/www.sonoraenequipo.com.mx\/despidos-en-mercado-libre-reabren-debate-sobre-la-ia\/"},"author":{"name":"enequipo","@id":"https:\/\/www.sonoraenequipo.com.mx\/#\/schema\/person\/50102df0fb23a8fa9e8effad8fa81386"},"headline":"Despidos en Mercado Libre reabren debate sobre la IA","datePublished":"2026-01-23T20:53:43+00:00","dateModified":"2026-01-23T20:54:49+00:00","mainEntityOfPage":{"@id":"https:\/\/www.sonoraenequipo.com.mx\/despidos-en-mercado-libre-reabren-debate-sobre-la-ia\/"},"wordCount":179,"commentCount":0,"publisher":{"@id":"https:\/\/www.sonoraenequipo.com.mx\/#organization"},"image":{"@id":"https:\/\/www.sonoraenequipo.com.mx\/despidos-en-mercado-libre-reabren-debate-sobre-la-ia\/#primaryimage"},"thumbnailUrl":"https:\/\/www.sonoraenequipo.com.mx\/storage\/2026\/01\/meli.jpg","keywords":["ia","Mercado Libre"],"articleSection":["PALABRAS Y N\u00daMEROS"],"inLanguage":"es","potentialAction":[{"@type":"CommentAction","name":"Comment","target":["https:\/\/www.sonoraenequipo.com.mx\/despidos-en-mercado-libre-reabren-debate-sobre-la-ia\/#respond"]}]},{"@type":"WebPage","@id":"https:\/\/www.sonoraenequipo.com.mx\/despidos-en-mercado-libre-reabren-debate-sobre-la-ia\/","url":"https:\/\/www.sonoraenequipo.com.mx\/despidos-en-mercado-libre-reabren-debate-sobre-la-ia\/","name":"Sonora en Equipo. Despidos en Mercado Libre reabren debate sobre la IA PALABRAS Y N\u00daMEROS","isPartOf":{"@id":"https:\/\/www.sonoraenequipo.com.mx\/#website"},"primaryImageOfPage":{"@id":"https:\/\/www.sonoraenequipo.com.mx\/despidos-en-mercado-libre-reabren-debate-sobre-la-ia\/#primaryimage"},"image":{"@id":"https:\/\/www.sonoraenequipo.com.mx\/despidos-en-mercado-libre-reabren-debate-sobre-la-ia\/#primaryimage"},"thumbnailUrl":"https:\/\/www.sonoraenequipo.com.mx\/storage\/2026\/01\/meli.jpg","datePublished":"2026-01-23T20:53:43+00:00","dateModified":"2026-01-23T20:54:49+00:00","description":"MONTEVIDEO, URUGUAY. \u0336 \u0336\u00a0 Mercado Libre confirm\u00f3 despidos en su \u00e1rea de Experiencia de Usuario como parte de una reestructuraci\u00f3n para integrar dise\u00f1o y En Sonora en Equipo publicamos toda la informaci\u00f3n de Sonora, M\u00e9xico y el Mundo de manera oportuna y busca que la libertad de expresi\u00f3n sea real. Visita nuestro medio informativo publicado desde Hermosillo, Sonora. %","breadcrumb":{"@id":"https:\/\/www.sonoraenequipo.com.mx\/despidos-en-mercado-libre-reabren-debate-sobre-la-ia\/#breadcrumb"},"inLanguage":"es","potentialAction":[{"@type":"ReadAction","target":["https:\/\/www.sonoraenequipo.com.mx\/despidos-en-mercado-libre-reabren-debate-sobre-la-ia\/"]}]},{"@type":"ImageObject","inLanguage":"es","@id":"https:\/\/www.sonoraenequipo.com.mx\/despidos-en-mercado-libre-reabren-debate-sobre-la-ia\/#primaryimage","url":"https:\/\/www.sonoraenequipo.com.mx\/storage\/2026\/01\/meli.jpg","contentUrl":"https:\/\/www.sonoraenequipo.com.mx\/storage\/2026\/01\/meli.jpg","width":600,"height":400,"caption":"Imagen: LinkedIn"},{"@type":"BreadcrumbList","@id":"https:\/\/www.sonoraenequipo.com.mx\/despidos-en-mercado-libre-reabren-debate-sobre-la-ia\/#breadcrumb","itemListElement":[{"@type":"ListItem","position":1,"name":"Portada","item":"https:\/\/www.sonoraenequipo.com.mx\/"},{"@type":"ListItem","position":2,"name":"Despidos en Mercado Libre reabren debate sobre la IA"}]},{"@type":"WebSite","@id":"https:\/\/www.sonoraenequipo.com.mx\/#website","url":"https:\/\/www.sonoraenequipo.com.mx\/","name":"Sonora en Equipo.","description":"Diario en l\u00ednea con Noticias desde Hermosillo, Sonora","publisher":{"@id":"https:\/\/www.sonoraenequipo.com.mx\/#organization"},"potentialAction":[{"@type":"SearchAction","target":{"@type":"EntryPoint","urlTemplate":"https:\/\/www.sonoraenequipo.com.mx\/?s={search_term_string}"},"query-input":{"@type":"PropertyValueSpecification","valueRequired":true,"valueName":"search_term_string"}}],"inLanguage":"es"},{"@type":"Organization","@id":"https:\/\/www.sonoraenequipo.com.mx\/#organization","name":"Sonoraenequipo.com.mx","url":"https:\/\/www.sonoraenequipo.com.mx\/","logo":{"@type":"ImageObject","inLanguage":"es","@id":"https:\/\/www.sonoraenequipo.com.mx\/#\/schema\/logo\/image\/","url":"https:\/\/www.sonoraenequipo.com.mx\/storage\/2019\/01\/sonoraenequipo_opt.png","contentUrl":"https:\/\/www.sonoraenequipo.com.mx\/storage\/2019\/01\/sonoraenequipo_opt.png","width":375,"height":125,"caption":"Sonoraenequipo.com.mx"},"image":{"@id":"https:\/\/www.sonoraenequipo.com.mx\/#\/schema\/logo\/image\/"},"sameAs":["https:\/\/www.facebook.com\/SonoraEE\/","https:\/\/x.com\/sonoraenequipo","https:\/\/www.youtube.com\/channel\/UC338nW-lPEYmJQs4ZABQ1SQ"]},{"@type":"Person","@id":"https:\/\/www.sonoraenequipo.com.mx\/#\/schema\/person\/50102df0fb23a8fa9e8effad8fa81386","name":"enequipo","image":{"@type":"ImageObject","inLanguage":"es","@id":"https:\/\/www.sonoraenequipo.com.mx\/#\/schema\/person\/image\/","url":"https:\/\/secure.gravatar.com\/avatar\/049821681b589dabc0bc20695993ccebb09f5b5d4d790cd9251b97faac7c652b?s=96&d=blank&r=g","contentUrl":"https:\/\/secure.gravatar.com\/avatar\/049821681b589dabc0bc20695993ccebb09f5b5d4d790cd9251b97faac7c652b?s=96&d=blank&r=g","caption":"enequipo"},"sameAs":["https:\/\/www.facebook.com\/SonoraEE"]}]}},"jetpack_featured_media_url":"https:\/\/www.sonoraenequipo.com.mx\/storage\/2026\/01\/meli.jpg","_links":{"self":[{"href":"https:\/\/www.sonoraenequipo.com.mx\/api\/wp\/v2\/posts\/233716","targetHints":{"allow":["GET"]}}],"collection":[{"href":"https:\/\/www.sonoraenequipo.com.mx\/api\/wp\/v2\/posts"}],"about":[{"href":"https:\/\/www.sonoraenequipo.com.mx\/api\/wp\/v2\/types\/post"}],"author":[{"embeddable":true,"href":"https:\/\/www.sonoraenequipo.com.mx\/api\/wp\/v2\/users\/1"}],"replies":[{"embeddable":true,"href":"https:\/\/www.sonoraenequipo.com.mx\/api\/wp\/v2\/comments?post=233716"}],"version-history":[{"count":1,"href":"https:\/\/www.sonoraenequipo.com.mx\/api\/wp\/v2\/posts\/233716\/revisions"}],"predecessor-version":[{"id":233718,"href":"https:\/\/www.sonoraenequipo.com.mx\/api\/wp\/v2\/posts\/233716\/revisions\/233718"}],"wp:featuredmedia":[{"embeddable":true,"href":"https:\/\/www.sonoraenequipo.com.mx\/api\/wp\/v2\/media\/233717"}],"wp:attachment":[{"href":"https:\/\/www.sonoraenequipo.com.mx\/api\/wp\/v2\/media?parent=233716"}],"wp:term":[{"taxonomy":"category","embeddable":true,"href":"https:\/\/www.sonoraenequipo.com.mx\/api\/wp\/v2\/categories?post=233716"},{"taxonomy":"post_tag","embeddable":true,"href":"https:\/\/www.sonoraenequipo.com.mx\/api\/wp\/v2\/tags?post=233716"}],"curies":[{"name":"wp","href":"https:\/\/api.w.org\/{rel}","templated":true}]}}