{"id":233735,"date":"2026-01-23T20:09:31","date_gmt":"2026-01-24T03:09:31","guid":{"rendered":"https:\/\/www.sonoraenequipo.com.mx\/?p=233735"},"modified":"2026-01-23T20:11:05","modified_gmt":"2026-01-24T03:11:05","slug":"hermosillo-exhorta-comuna-a-conscriptos-que-tramitaron-su-cartilla-militar-en-2025-a-recoger-el-documento-liberado","status":"publish","type":"post","link":"https:\/\/www.sonoraenequipo.com.mx\/hermosillo-exhorta-comuna-a-conscriptos-que-tramitaron-su-cartilla-militar-en-2025-a-recoger-el-documento-liberado\/","title":{"rendered":"Hermosillo. Exhorta comuna a conscriptos que tramitaron su cartilla del SMN a recoger el documento liberado"},"content":{"rendered":"<p><strong>HERMOSILLO, SONORA, MX.<\/strong> \u2014 El Ayuntamiento de Hermosillo, a trav\u00e9s de la Direcci\u00f3n de Servicios de Gobierno y en coordinaci\u00f3n con la Cuarta Zona Militar, hace un llamado a j\u00f3venes que tramitaron su Cartilla de Identidad del Servicio Militar Nacional(SMN) durante el a\u00f1o 2025, para que acudan a recoger su documento liberado en las instalaciones del 73 Batall\u00f3n de Infanter\u00eda.<\/p>\n<p>&nbsp;<\/p>\n<p>Las y los interesados deber\u00e1n presentarse en las instalaciones ubicadas en avenida Garc\u00eda Aburto final s\/n, colonia Loma Linda, los s\u00e1bados y domingos del mes de enero, en un horario de 08:00 a 13:00 horas.<\/p>\n<p>&nbsp;<\/p>\n<p>Con estas acciones, el Ayuntamiento de Hermosillo refrenda su compromiso de facilitar a j\u00f3venes del municipio el cumplimiento de sus obligaciones constitucionales, permiti\u00e9ndoles adquirir su Cartilla de Identidad del Servicio Militar Nacional liberada, de manera ordenada y sin contratiempos.<\/p>\n<p>&nbsp;<\/p>\n<p>Asimismo, se extiende una invitaci\u00f3n a las j\u00f3venes de Hermosillo clase 2008 para que se sumen en el Servicio Militar Nacional bajo la modalidad de \u201cMujeres Voluntarias\u201d, incorpor\u00e1ndose al 73 Batall\u00f3n de Infanter\u00eda, como una oportunidad de contribuir al pa\u00eds y fortalecer valores c\u00edvicos y de responsabilidad social.<\/p>\n<p><strong>Fecha de publicaci\u00f3n viernes 23 de enero de 2026<\/strong><\/p>\n","protected":false},"excerpt":{"rendered":"<p>HERMOSILLO, SONORA, MX. \u2014 El Ayuntamiento de Hermosillo, a trav\u00e9s de la Direcci\u00f3n de Servicios&#8230;<\/p>\n","protected":false},"author":1,"featured_media":233736,"comment_status":"open","ping_status":"open","sticky":false,"template":"","format":"standard","meta":{"_monsterinsights_skip_tracking":false,"_monsterinsights_sitenote_active":false,"_monsterinsights_sitenote_note":"","_monsterinsights_sitenote_category":0,"footnotes":""},"categories":[4],"tags":[1987],"class_list":["post"],"yoast_head":" \n<title>Sonora en Equipo. Hermosillo. Exhorta comuna a conscriptos que tramitaron su cartilla del SMN a recoger el documento liberado Municipios<\/title>\n<meta name=\"description\" content=\"HERMOSILLO, SONORA, MX. \u2014 El Ayuntamiento de Hermosillo, a trav\u00e9s de la Direcci\u00f3n de Servicios de Gobierno y en coordinaci\u00f3n con la Cuarta Zona Militar, En Sonora en Equipo publicamos toda la informaci\u00f3n de Sonora, M\u00e9xico y el Mundo de manera oportuna y busca que la libertad de expresi\u00f3n sea real. Visita nuestro medio informativo publicado desde Hermosillo, Sonora. %\" \/>\n<meta name=\"robots\" content=\"index, follow, max-snippet:-1, max-image-preview:large, max-video-preview:-1\" \/>\n<link rel=\"canonical\" href=\"https:\/\/www.sonoraenequipo.com.mx\/hermosillo-exhorta-comuna-a-conscriptos-que-tramitaron-su-cartilla-militar-en-2025-a-recoger-el-documento-liberado\/\" \/>\n<meta property=\"og:locale\" content=\"es_ES\" \/>\n<meta property=\"og:type\" content=\"article\" \/>\n<meta property=\"og:title\" content=\"Sonora en Equipo. Hermosillo. Exhorta comuna a conscriptos que tramitaron su cartilla del SMN a recoger el documento liberado Municipios\" \/>\n<meta property=\"og:description\" content=\"HERMOSILLO, SONORA, MX. \u2014 El Ayuntamiento de Hermosillo, a trav\u00e9s de la Direcci\u00f3n de Servicios de Gobierno y en coordinaci\u00f3n con la Cuarta Zona Militar, En Sonora en Equipo publicamos toda la informaci\u00f3n de Sonora, M\u00e9xico y el Mundo de manera oportuna y busca que la libertad de expresi\u00f3n sea real. Visita nuestro medio informativo publicado desde Hermosillo, Sonora. %\" \/>\n<meta property=\"og:url\" content=\"https:\/\/www.sonoraenequipo.com.mx\/hermosillo-exhorta-comuna-a-conscriptos-que-tramitaron-su-cartilla-militar-en-2025-a-recoger-el-documento-liberado\/\" \/>\n<meta property=\"og:site_name\" content=\"Sonora en Equipo.\" \/>\n<meta property=\"article:publisher\" content=\"https:\/\/www.facebook.com\/SonoraEE\/\" \/>\n<meta property=\"article:author\" content=\"https:\/\/www.facebook.com\/SonoraEE\" \/>\n<meta property=\"article:published_time\" content=\"2026-01-24T03:09:31+00:00\" \/>\n<meta property=\"article:modified_time\" content=\"2026-01-24T03:11:05+00:00\" \/>\n<meta property=\"og:image\" content=\"https:\/\/www.sonoraenequipo.com.mx\/storage\/2026\/01\/cartilla-militar-tramite.jpg\" \/>\n\t<meta property=\"og:image:width\" content=\"600\" \/>\n\t<meta property=\"og:image:height\" content=\"401\" \/>\n\t<meta property=\"og:image:type\" content=\"image\/jpeg\" \/>\n<meta name=\"author\" content=\"enequipo\" \/>\n<meta name=\"twitter:card\" content=\"summary_large_image\" \/>\n<meta name=\"twitter:creator\" content=\"@sonoraenequipo\" \/>\n<meta name=\"twitter:site\" content=\"@sonoraenequipo\" \/>\n<meta name=\"twitter:label1\" content=\"Escrito por\" \/>\n\t<meta name=\"twitter:data1\" content=\"enequipo\" \/>\n\t<meta name=\"twitter:label2\" content=\"Tiempo de lectura\" \/>\n\t<meta name=\"twitter:data2\" content=\"1 minuto\" \/>\n<script type=\"application\/ld+json\" class=\"yoast-schema-graph\">{\"@context\":\"https:\/\/schema.org\",\"@graph\":[{\"@type\":\"Article\",\"@id\":\"https:\/\/www.sonoraenequipo.com.mx\/hermosillo-exhorta-comuna-a-conscriptos-que-tramitaron-su-cartilla-militar-en-2025-a-recoger-el-documento-liberado\/#article\",\"isPartOf\":{\"@id\":\"https:\/\/www.sonoraenequipo.com.mx\/hermosillo-exhorta-comuna-a-conscriptos-que-tramitaron-su-cartilla-militar-en-2025-a-recoger-el-documento-liberado\/\"},\"author\":{\"name\":\"enequipo\",\"@id\":\"https:\/\/www.sonoraenequipo.com.mx\/#\/schema\/person\/50102df0fb23a8fa9e8effad8fa81386\"},\"headline\":\"Hermosillo. Exhorta comuna a conscriptos que tramitaron su cartilla del SMN a recoger el documento liberado\",\"datePublished\":\"2026-01-24T03:09:31+00:00\",\"dateModified\":\"2026-01-24T03:11:05+00:00\",\"mainEntityOfPage\":{\"@id\":\"https:\/\/www.sonoraenequipo.com.mx\/hermosillo-exhorta-comuna-a-conscriptos-que-tramitaron-su-cartilla-militar-en-2025-a-recoger-el-documento-liberado\/\"},\"wordCount\":223,\"commentCount\":0,\"publisher\":{\"@id\":\"https:\/\/www.sonoraenequipo.com.mx\/#organization\"},\"image\":{\"@id\":\"https:\/\/www.sonoraenequipo.com.mx\/hermosillo-exhorta-comuna-a-conscriptos-que-tramitaron-su-cartilla-militar-en-2025-a-recoger-el-documento-liberado\/#primaryimage\"},\"thumbnailUrl\":\"https:\/\/www.sonoraenequipo.com.mx\/storage\/2026\/01\/cartilla-militar-tramite.jpg\",\"keywords\":[\"Cartilla militar\"],\"articleSection\":[\"Municipios\"],\"inLanguage\":\"es\",\"potentialAction\":[{\"@type\":\"CommentAction\",\"name\":\"Comment\",\"target\":[\"https:\/\/www.sonoraenequipo.com.mx\/hermosillo-exhorta-comuna-a-conscriptos-que-tramitaron-su-cartilla-militar-en-2025-a-recoger-el-documento-liberado\/#respond\"]}]},{\"@type\":\"WebPage\",\"@id\":\"https:\/\/www.sonoraenequipo.com.mx\/hermosillo-exhorta-comuna-a-conscriptos-que-tramitaron-su-cartilla-militar-en-2025-a-recoger-el-documento-liberado\/\",\"url\":\"https:\/\/www.sonoraenequipo.com.mx\/hermosillo-exhorta-comuna-a-conscriptos-que-tramitaron-su-cartilla-militar-en-2025-a-recoger-el-documento-liberado\/\",\"name\":\"Sonora en Equipo. Hermosillo. Exhorta comuna a conscriptos que tramitaron su cartilla del SMN a recoger el documento liberado Municipios\",\"isPartOf\":{\"@id\":\"https:\/\/www.sonoraenequipo.com.mx\/#website\"},\"primaryImageOfPage\":{\"@id\":\"https:\/\/www.sonoraenequipo.com.mx\/hermosillo-exhorta-comuna-a-conscriptos-que-tramitaron-su-cartilla-militar-en-2025-a-recoger-el-documento-liberado\/#primaryimage\"},\"image\":{\"@id\":\"https:\/\/www.sonoraenequipo.com.mx\/hermosillo-exhorta-comuna-a-conscriptos-que-tramitaron-su-cartilla-militar-en-2025-a-recoger-el-documento-liberado\/#primaryimage\"},\"thumbnailUrl\":\"https:\/\/www.sonoraenequipo.com.mx\/storage\/2026\/01\/cartilla-militar-tramite.jpg\",\"datePublished\":\"2026-01-24T03:09:31+00:00\",\"dateModified\":\"2026-01-24T03:11:05+00:00\",\"description\":\"HERMOSILLO, SONORA, MX. \u2014 El Ayuntamiento de Hermosillo, a trav\u00e9s de la Direcci\u00f3n de Servicios de Gobierno y en coordinaci\u00f3n con la Cuarta Zona Militar, En Sonora en Equipo publicamos toda la informaci\u00f3n de Sonora, M\u00e9xico y el Mundo de manera oportuna y busca que la libertad de expresi\u00f3n sea real. Visita nuestro medio informativo publicado desde Hermosillo, Sonora. %\",\"breadcrumb\":{\"@id\":\"https:\/\/www.sonoraenequipo.com.mx\/hermosillo-exhorta-comuna-a-conscriptos-que-tramitaron-su-cartilla-militar-en-2025-a-recoger-el-documento-liberado\/#breadcrumb\"},\"inLanguage\":\"es\",\"potentialAction\":[{\"@type\":\"ReadAction\",\"target\":[\"https:\/\/www.sonoraenequipo.com.mx\/hermosillo-exhorta-comuna-a-conscriptos-que-tramitaron-su-cartilla-militar-en-2025-a-recoger-el-documento-liberado\/\"]}]},{\"@type\":\"ImageObject\",\"inLanguage\":\"es\",\"@id\":\"https:\/\/www.sonoraenequipo.com.mx\/hermosillo-exhorta-comuna-a-conscriptos-que-tramitaron-su-cartilla-militar-en-2025-a-recoger-el-documento-liberado\/#primaryimage\",\"url\":\"https:\/\/www.sonoraenequipo.com.mx\/storage\/2026\/01\/cartilla-militar-tramite.jpg\",\"contentUrl\":\"https:\/\/www.sonoraenequipo.com.mx\/storage\/2026\/01\/cartilla-militar-tramite.jpg\",\"width\":600,\"height\":401,\"caption\":\"J\u00f3venes tramitando su cartilla militar afuera de Palacio municipal de Hermosillo, en 2025. Archivo\"},{\"@type\":\"BreadcrumbList\",\"@id\":\"https:\/\/www.sonoraenequipo.com.mx\/hermosillo-exhorta-comuna-a-conscriptos-que-tramitaron-su-cartilla-militar-en-2025-a-recoger-el-documento-liberado\/#breadcrumb\",\"itemListElement\":[{\"@type\":\"ListItem\",\"position\":1,\"name\":\"Portada\",\"item\":\"https:\/\/www.sonoraenequipo.com.mx\/\"},{\"@type\":\"ListItem\",\"position\":2,\"name\":\"Hermosillo. Exhorta comuna a conscriptos que tramitaron su cartilla del SMN a recoger el documento liberado\"}]},{\"@type\":\"WebSite\",\"@id\":\"https:\/\/www.sonoraenequipo.com.mx\/#website\",\"url\":\"https:\/\/www.sonoraenequipo.com.mx\/\",\"name\":\"Sonora en Equipo.\",\"description\":\"Diario en l\u00ednea con Noticias desde Hermosillo, Sonora\",\"publisher\":{\"@id\":\"https:\/\/www.sonoraenequipo.com.mx\/#organization\"},\"potentialAction\":[{\"@type\":\"SearchAction\",\"target\":{\"@type\":\"EntryPoint\",\"urlTemplate\":\"https:\/\/www.sonoraenequipo.com.mx\/?s={search_term_string}\"},\"query-input\":{\"@type\":\"PropertyValueSpecification\",\"valueRequired\":true,\"valueName\":\"search_term_string\"}}],\"inLanguage\":\"es\"},{\"@type\":\"Organization\",\"@id\":\"https:\/\/www.sonoraenequipo.com.mx\/#organization\",\"name\":\"Sonoraenequipo.com.mx\",\"url\":\"https:\/\/www.sonoraenequipo.com.mx\/\",\"logo\":{\"@type\":\"ImageObject\",\"inLanguage\":\"es\",\"@id\":\"https:\/\/www.sonoraenequipo.com.mx\/#\/schema\/logo\/image\/\",\"url\":\"https:\/\/www.sonoraenequipo.com.mx\/storage\/2019\/01\/sonoraenequipo_opt.png\",\"contentUrl\":\"https:\/\/www.sonoraenequipo.com.mx\/storage\/2019\/01\/sonoraenequipo_opt.png\",\"width\":375,\"height\":125,\"caption\":\"Sonoraenequipo.com.mx\"},\"image\":{\"@id\":\"https:\/\/www.sonoraenequipo.com.mx\/#\/schema\/logo\/image\/\"},\"sameAs\":[\"https:\/\/www.facebook.com\/SonoraEE\/\",\"https:\/\/x.com\/sonoraenequipo\",\"https:\/\/www.youtube.com\/channel\/UC338nW-lPEYmJQs4ZABQ1SQ\"]},{\"@type\":\"Person\",\"@id\":\"https:\/\/www.sonoraenequipo.com.mx\/#\/schema\/person\/50102df0fb23a8fa9e8effad8fa81386\",\"name\":\"enequipo\",\"image\":{\"@type\":\"ImageObject\",\"inLanguage\":\"es\",\"@id\":\"https:\/\/www.sonoraenequipo.com.mx\/#\/schema\/person\/image\/\",\"url\":\"https:\/\/secure.gravatar.com\/avatar\/049821681b589dabc0bc20695993ccebb09f5b5d4d790cd9251b97faac7c652b?s=96&d=blank&r=g\",\"contentUrl\":\"https:\/\/secure.gravatar.com\/avatar\/049821681b589dabc0bc20695993ccebb09f5b5d4d790cd9251b97faac7c652b?s=96&d=blank&r=g\",\"caption\":\"enequipo\"},\"sameAs\":[\"https:\/\/www.facebook.com\/SonoraEE\"]}]}<\/script>\n ","yoast_head_json":{"title":"Sonora en Equipo. Hermosillo. Exhorta comuna a conscriptos que tramitaron su cartilla del SMN a recoger el documento liberado Municipios","description":"HERMOSILLO, SONORA, MX. \u2014 El Ayuntamiento de Hermosillo, a trav\u00e9s de la Direcci\u00f3n de Servicios de Gobierno y en coordinaci\u00f3n con la Cuarta Zona Militar, En Sonora en Equipo publicamos toda la informaci\u00f3n de Sonora, M\u00e9xico y el Mundo de manera oportuna y busca que la libertad de expresi\u00f3n sea real. Visita nuestro medio informativo publicado desde Hermosillo, Sonora. %","robots":{"index":"index","follow":"follow","max-snippet":"max-snippet:-1","max-image-preview":"max-image-preview:large","max-video-preview":"max-video-preview:-1"},"canonical":"https:\/\/www.sonoraenequipo.com.mx\/hermosillo-exhorta-comuna-a-conscriptos-que-tramitaron-su-cartilla-militar-en-2025-a-recoger-el-documento-liberado\/","og_locale":"es_ES","og_type":"article","og_title":"Sonora en Equipo. Hermosillo. Exhorta comuna a conscriptos que tramitaron su cartilla del SMN a recoger el documento liberado Municipios","og_description":"HERMOSILLO, SONORA, MX. \u2014 El Ayuntamiento de Hermosillo, a trav\u00e9s de la Direcci\u00f3n de Servicios de Gobierno y en coordinaci\u00f3n con la Cuarta Zona Militar, En Sonora en Equipo publicamos toda la informaci\u00f3n de Sonora, M\u00e9xico y el Mundo de manera oportuna y busca que la libertad de expresi\u00f3n sea real. Visita nuestro medio informativo publicado desde Hermosillo, Sonora. %","og_url":"https:\/\/www.sonoraenequipo.com.mx\/hermosillo-exhorta-comuna-a-conscriptos-que-tramitaron-su-cartilla-militar-en-2025-a-recoger-el-documento-liberado\/","og_site_name":"Sonora en Equipo.","article_publisher":"https:\/\/www.facebook.com\/SonoraEE\/","article_author":"https:\/\/www.facebook.com\/SonoraEE","article_published_time":"2026-01-24T03:09:31+00:00","article_modified_time":"2026-01-24T03:11:05+00:00","og_image":[{"width":600,"height":401,"url":"https:\/\/www.sonoraenequipo.com.mx\/storage\/2026\/01\/cartilla-militar-tramite.jpg","type":"image\/jpeg"}],"author":"enequipo","twitter_card":"summary_large_image","twitter_creator":"@sonoraenequipo","twitter_site":"@sonoraenequipo","twitter_misc":{"Escrito por":"enequipo","Tiempo de lectura":"1 minuto"},"schema":{"@context":"https:\/\/schema.org","@graph":[{"@type":"Article","@id":"https:\/\/www.sonoraenequipo.com.mx\/hermosillo-exhorta-comuna-a-conscriptos-que-tramitaron-su-cartilla-militar-en-2025-a-recoger-el-documento-liberado\/#article","isPartOf":{"@id":"https:\/\/www.sonoraenequipo.com.mx\/hermosillo-exhorta-comuna-a-conscriptos-que-tramitaron-su-cartilla-militar-en-2025-a-recoger-el-documento-liberado\/"},"author":{"name":"enequipo","@id":"https:\/\/www.sonoraenequipo.com.mx\/#\/schema\/person\/50102df0fb23a8fa9e8effad8fa81386"},"headline":"Hermosillo. Exhorta comuna a conscriptos que tramitaron su cartilla del SMN a recoger el documento liberado","datePublished":"2026-01-24T03:09:31+00:00","dateModified":"2026-01-24T03:11:05+00:00","mainEntityOfPage":{"@id":"https:\/\/www.sonoraenequipo.com.mx\/hermosillo-exhorta-comuna-a-conscriptos-que-tramitaron-su-cartilla-militar-en-2025-a-recoger-el-documento-liberado\/"},"wordCount":223,"commentCount":0,"publisher":{"@id":"https:\/\/www.sonoraenequipo.com.mx\/#organization"},"image":{"@id":"https:\/\/www.sonoraenequipo.com.mx\/hermosillo-exhorta-comuna-a-conscriptos-que-tramitaron-su-cartilla-militar-en-2025-a-recoger-el-documento-liberado\/#primaryimage"},"thumbnailUrl":"https:\/\/www.sonoraenequipo.com.mx\/storage\/2026\/01\/cartilla-militar-tramite.jpg","keywords":["Cartilla militar"],"articleSection":["Municipios"],"inLanguage":"es","potentialAction":[{"@type":"CommentAction","name":"Comment","target":["https:\/\/www.sonoraenequipo.com.mx\/hermosillo-exhorta-comuna-a-conscriptos-que-tramitaron-su-cartilla-militar-en-2025-a-recoger-el-documento-liberado\/#respond"]}]},{"@type":"WebPage","@id":"https:\/\/www.sonoraenequipo.com.mx\/hermosillo-exhorta-comuna-a-conscriptos-que-tramitaron-su-cartilla-militar-en-2025-a-recoger-el-documento-liberado\/","url":"https:\/\/www.sonoraenequipo.com.mx\/hermosillo-exhorta-comuna-a-conscriptos-que-tramitaron-su-cartilla-militar-en-2025-a-recoger-el-documento-liberado\/","name":"Sonora en Equipo. Hermosillo. Exhorta comuna a conscriptos que tramitaron su cartilla del SMN a recoger el documento liberado Municipios","isPartOf":{"@id":"https:\/\/www.sonoraenequipo.com.mx\/#website"},"primaryImageOfPage":{"@id":"https:\/\/www.sonoraenequipo.com.mx\/hermosillo-exhorta-comuna-a-conscriptos-que-tramitaron-su-cartilla-militar-en-2025-a-recoger-el-documento-liberado\/#primaryimage"},"image":{"@id":"https:\/\/www.sonoraenequipo.com.mx\/hermosillo-exhorta-comuna-a-conscriptos-que-tramitaron-su-cartilla-militar-en-2025-a-recoger-el-documento-liberado\/#primaryimage"},"thumbnailUrl":"https:\/\/www.sonoraenequipo.com.mx\/storage\/2026\/01\/cartilla-militar-tramite.jpg","datePublished":"2026-01-24T03:09:31+00:00","dateModified":"2026-01-24T03:11:05+00:00","description":"HERMOSILLO, SONORA, MX. \u2014 El Ayuntamiento de Hermosillo, a trav\u00e9s de la Direcci\u00f3n de Servicios de Gobierno y en coordinaci\u00f3n con la Cuarta Zona Militar, En Sonora en Equipo publicamos toda la informaci\u00f3n de Sonora, M\u00e9xico y el Mundo de manera oportuna y busca que la libertad de expresi\u00f3n sea real. Visita nuestro medio informativo publicado desde Hermosillo, Sonora. %","breadcrumb":{"@id":"https:\/\/www.sonoraenequipo.com.mx\/hermosillo-exhorta-comuna-a-conscriptos-que-tramitaron-su-cartilla-militar-en-2025-a-recoger-el-documento-liberado\/#breadcrumb"},"inLanguage":"es","potentialAction":[{"@type":"ReadAction","target":["https:\/\/www.sonoraenequipo.com.mx\/hermosillo-exhorta-comuna-a-conscriptos-que-tramitaron-su-cartilla-militar-en-2025-a-recoger-el-documento-liberado\/"]}]},{"@type":"ImageObject","inLanguage":"es","@id":"https:\/\/www.sonoraenequipo.com.mx\/hermosillo-exhorta-comuna-a-conscriptos-que-tramitaron-su-cartilla-militar-en-2025-a-recoger-el-documento-liberado\/#primaryimage","url":"https:\/\/www.sonoraenequipo.com.mx\/storage\/2026\/01\/cartilla-militar-tramite.jpg","contentUrl":"https:\/\/www.sonoraenequipo.com.mx\/storage\/2026\/01\/cartilla-militar-tramite.jpg","width":600,"height":401,"caption":"J\u00f3venes tramitando su cartilla militar afuera de Palacio municipal de Hermosillo, en 2025. Archivo"},{"@type":"BreadcrumbList","@id":"https:\/\/www.sonoraenequipo.com.mx\/hermosillo-exhorta-comuna-a-conscriptos-que-tramitaron-su-cartilla-militar-en-2025-a-recoger-el-documento-liberado\/#breadcrumb","itemListElement":[{"@type":"ListItem","position":1,"name":"Portada","item":"https:\/\/www.sonoraenequipo.com.mx\/"},{"@type":"ListItem","position":2,"name":"Hermosillo. Exhorta comuna a conscriptos que tramitaron su cartilla del SMN a recoger el documento liberado"}]},{"@type":"WebSite","@id":"https:\/\/www.sonoraenequipo.com.mx\/#website","url":"https:\/\/www.sonoraenequipo.com.mx\/","name":"Sonora en Equipo.","description":"Diario en l\u00ednea con Noticias desde Hermosillo, Sonora","publisher":{"@id":"https:\/\/www.sonoraenequipo.com.mx\/#organization"},"potentialAction":[{"@type":"SearchAction","target":{"@type":"EntryPoint","urlTemplate":"https:\/\/www.sonoraenequipo.com.mx\/?s={search_term_string}"},"query-input":{"@type":"PropertyValueSpecification","valueRequired":true,"valueName":"search_term_string"}}],"inLanguage":"es"},{"@type":"Organization","@id":"https:\/\/www.sonoraenequipo.com.mx\/#organization","name":"Sonoraenequipo.com.mx","url":"https:\/\/www.sonoraenequipo.com.mx\/","logo":{"@type":"ImageObject","inLanguage":"es","@id":"https:\/\/www.sonoraenequipo.com.mx\/#\/schema\/logo\/image\/","url":"https:\/\/www.sonoraenequipo.com.mx\/storage\/2019\/01\/sonoraenequipo_opt.png","contentUrl":"https:\/\/www.sonoraenequipo.com.mx\/storage\/2019\/01\/sonoraenequipo_opt.png","width":375,"height":125,"caption":"Sonoraenequipo.com.mx"},"image":{"@id":"https:\/\/www.sonoraenequipo.com.mx\/#\/schema\/logo\/image\/"},"sameAs":["https:\/\/www.facebook.com\/SonoraEE\/","https:\/\/x.com\/sonoraenequipo","https:\/\/www.youtube.com\/channel\/UC338nW-lPEYmJQs4ZABQ1SQ"]},{"@type":"Person","@id":"https:\/\/www.sonoraenequipo.com.mx\/#\/schema\/person\/50102df0fb23a8fa9e8effad8fa81386","name":"enequipo","image":{"@type":"ImageObject","inLanguage":"es","@id":"https:\/\/www.sonoraenequipo.com.mx\/#\/schema\/person\/image\/","url":"https:\/\/secure.gravatar.com\/avatar\/049821681b589dabc0bc20695993ccebb09f5b5d4d790cd9251b97faac7c652b?s=96&d=blank&r=g","contentUrl":"https:\/\/secure.gravatar.com\/avatar\/049821681b589dabc0bc20695993ccebb09f5b5d4d790cd9251b97faac7c652b?s=96&d=blank&r=g","caption":"enequipo"},"sameAs":["https:\/\/www.facebook.com\/SonoraEE"]}]}},"jetpack_featured_media_url":"https:\/\/www.sonoraenequipo.com.mx\/storage\/2026\/01\/cartilla-militar-tramite.jpg","_links":{"self":[{"href":"https:\/\/www.sonoraenequipo.com.mx\/api\/wp\/v2\/posts\/233735","targetHints":{"allow":["GET"]}}],"collection":[{"href":"https:\/\/www.sonoraenequipo.com.mx\/api\/wp\/v2\/posts"}],"about":[{"href":"https:\/\/www.sonoraenequipo.com.mx\/api\/wp\/v2\/types\/post"}],"author":[{"embeddable":true,"href":"https:\/\/www.sonoraenequipo.com.mx\/api\/wp\/v2\/users\/1"}],"replies":[{"embeddable":true,"href":"https:\/\/www.sonoraenequipo.com.mx\/api\/wp\/v2\/comments?post=233735"}],"version-history":[{"count":3,"href":"https:\/\/www.sonoraenequipo.com.mx\/api\/wp\/v2\/posts\/233735\/revisions"}],"predecessor-version":[{"id":233739,"href":"https:\/\/www.sonoraenequipo.com.mx\/api\/wp\/v2\/posts\/233735\/revisions\/233739"}],"wp:featuredmedia":[{"embeddable":true,"href":"https:\/\/www.sonoraenequipo.com.mx\/api\/wp\/v2\/media\/233736"}],"wp:attachment":[{"href":"https:\/\/www.sonoraenequipo.com.mx\/api\/wp\/v2\/media?parent=233735"}],"wp:term":[{"taxonomy":"category","embeddable":true,"href":"https:\/\/www.sonoraenequipo.com.mx\/api\/wp\/v2\/categories?post=233735"},{"taxonomy":"post_tag","embeddable":true,"href":"https:\/\/www.sonoraenequipo.com.mx\/api\/wp\/v2\/tags?post=233735"}],"curies":[{"name":"wp","href":"https:\/\/api.w.org\/{rel}","templated":true}]}}