{"id":233749,"date":"2026-01-24T15:05:38","date_gmt":"2026-01-24T22:05:38","guid":{"rendered":"https:\/\/www.sonoraenequipo.com.mx\/?p=233749"},"modified":"2026-01-24T15:05:38","modified_gmt":"2026-01-24T22:05:38","slug":"ice-mata-a-hombre-en-mineapolis-gobernador-de-minnesota-exige-retiro-de-agentes","status":"publish","type":"post","link":"https:\/\/www.sonoraenequipo.com.mx\/ice-mata-a-hombre-en-mineapolis-gobernador-de-minnesota-exige-retiro-de-agentes\/","title":{"rendered":"ICE mata a hombre en Mine\u00e1polis Gobernador de Minnesota exige retiro de agentes"},"content":{"rendered":"<p>Agentes de inmigraci\u00f3n mataron a tiros este s\u00e1bado (24.01.2026) a un hombre de 37 a\u00f1os en Mine\u00e1polis, seg\u00fan confirm\u00f3 la Polic\u00eda a medios locales, en lo que supone el segundo incidente de este tipo en la ciudad en el marco de las redadas a gran escala ordenadas en esta urbe por el Gobierno del presidente Donald Trump. El gobernador de Minnesota, Tim Walz (dem\u00f3crata), hab\u00eda denunciado los hechos poco antes.<\/p>\n<p>&nbsp;<\/p>\n<p>\u00abAcabo de hablar con la Casa Blanca tras otro tiroteo horrible perpetrado por agentes federales esta ma\u00f1ana. Minnesota est\u00e1 harta. Esto es repugnante. El presidente debe poner fin a esta operaci\u00f3n. Que retiren de Minnesota a los miles de agentes violentos y sin entrenamiento. \u00a1Ahora mismo!\u00bb, escribi\u00f3 el gobernador en X (Twitter). El jefe de polic\u00eda de Mine\u00e1polis, Brian O&#8217;Hara, confirm\u00f3 el deceso.<\/p>\n<p>&nbsp;<\/p>\n<p>Los hechos ocurren algo m\u00e1s de dos semanas despu\u00e9s de que los agentes del Servicio de Inmigraci\u00f3n y Control de Aduanas (ICE, por sus siglas en ingl\u00e9s) mataran a tiros a Renee Nicole Good, de 37 a\u00f1os, quien se encontraba en su coche cuando los funcionarios desplegaban sus redadas contra migrantes, que han sido protestadas masivamente por los habitantes de Mine\u00e1polis.<\/p>\n<p><strong>\u00a0<\/strong><\/p>\n<p><strong>Ni\u00f1o detenido<\/strong>Un video publicado en Facebook y verificado por medios como la cadena NBC News muestra los hechos de este s\u00e1bado. En las im\u00e1genes se ve a media docena o m\u00e1s de agentes enmascarados rodeando a un hombre que forcejea con ellos y parece resistirse en el suelo. En un momento dado uno de los oficiales parece golpearlo con la culata de una pistola justo antes de que otro abra fuego contra el individuo.<\/p>\n<p>&nbsp;<\/p>\n<p>El peri\u00f3dico The Minnesota Star Tribune cita a funcionarios del Departamento de Seguridad Nacional, que es el que supervisa a las agencias de inmigraci\u00f3n, asegurando que la v\u00edctima estaba armada y habr\u00eda intentado atacar a los agentes. Sin embargo, el jefe de la polic\u00eda de la ciudad, Brian O&#8217;Hara, dijo que la v\u00edctima contaba con permiso para portar armas y no registraba antecedentes, salvo multas por tr\u00e1fico.<\/p>\n<p>\u00abHemos identificado a esta persona: un hombre blanco de 37 a\u00f1os, residente de la ciudad. La \u00fanica interacci\u00f3n que conocemos que haya tenido con las fuerzas del orden ha sido por multas de tr\u00e1fico, y creemos que era un propietario legal de armas con permiso para portarlas\u00bb, explic\u00f3 O&#8217;Hara.<\/p>\n<p>&nbsp;<\/p>\n<p>Miles de agentes del ICE han sido desplegados en Mine\u00e1polis, una ciudad gobernada por los dem\u00f3cratas, en el marco de la campa\u00f1a del presidente Trump para deportar a inmigrantes indocumentados. La indignaci\u00f3n p\u00fablica en Minnesota se reaviv\u00f3 esta semana con el caso de Liam Conejo Ramos, de cinco a\u00f1os, y su padre, Adri\u00e1n Conejo Arias, de nacionalidad ecuatoriana, detenidos el martes cuando llegaban a su casa.<\/p>\n<p><strong>Fecha de publicaci\u00f3n s\u00e1bado 24 de enero de 2026\/DWDZC (EFE, AFP, <\/strong>AP)<\/p>\n","protected":false},"excerpt":{"rendered":"<p>Agentes de inmigraci\u00f3n mataron a tiros este s\u00e1bado (24.01.2026) a un hombre de 37 a\u00f1os&#8230;<\/p>\n","protected":false},"author":1,"featured_media":233750,"comment_status":"open","ping_status":"open","sticky":false,"template":"","format":"standard","meta":{"_monsterinsights_skip_tracking":false,"_monsterinsights_sitenote_active":false,"_monsterinsights_sitenote_note":"","_monsterinsights_sitenote_category":0,"footnotes":""},"categories":[3],"tags":[11551,11807],"class_list":["post"],"yoast_head":" \n<title>Sonora en Equipo. ICE mata a hombre en Mine\u00e1polis Gobernador de Minnesota exige retiro de agentes MUNDO<\/title>\n<meta name=\"description\" content=\"Agentes de inmigraci\u00f3n mataron a tiros este s\u00e1bado (24.01.2026) a un hombre de 37 a\u00f1os en Mine\u00e1polis, seg\u00fan confirm\u00f3 la Polic\u00eda a medios locales, en lo En Sonora en Equipo publicamos toda la informaci\u00f3n de Sonora, M\u00e9xico y el Mundo de manera oportuna y busca que la libertad de expresi\u00f3n sea real. Visita nuestro medio informativo publicado desde Hermosillo, Sonora. %\" \/>\n<meta name=\"robots\" content=\"index, follow, max-snippet:-1, max-image-preview:large, max-video-preview:-1\" \/>\n<link rel=\"canonical\" href=\"https:\/\/www.sonoraenequipo.com.mx\/ice-mata-a-hombre-en-mineapolis-gobernador-de-minnesota-exige-retiro-de-agentes\/\" \/>\n<meta property=\"og:locale\" content=\"es_ES\" \/>\n<meta property=\"og:type\" content=\"article\" \/>\n<meta property=\"og:title\" content=\"Sonora en Equipo. ICE mata a hombre en Mine\u00e1polis Gobernador de Minnesota exige retiro de agentes MUNDO\" \/>\n<meta property=\"og:description\" content=\"Agentes de inmigraci\u00f3n mataron a tiros este s\u00e1bado (24.01.2026) a un hombre de 37 a\u00f1os en Mine\u00e1polis, seg\u00fan confirm\u00f3 la Polic\u00eda a medios locales, en lo En Sonora en Equipo publicamos toda la informaci\u00f3n de Sonora, M\u00e9xico y el Mundo de manera oportuna y busca que la libertad de expresi\u00f3n sea real. Visita nuestro medio informativo publicado desde Hermosillo, Sonora. %\" \/>\n<meta property=\"og:url\" content=\"https:\/\/www.sonoraenequipo.com.mx\/ice-mata-a-hombre-en-mineapolis-gobernador-de-minnesota-exige-retiro-de-agentes\/\" \/>\n<meta property=\"og:site_name\" content=\"Sonora en Equipo.\" \/>\n<meta property=\"article:publisher\" content=\"https:\/\/www.facebook.com\/SonoraEE\/\" \/>\n<meta property=\"article:author\" content=\"https:\/\/www.facebook.com\/SonoraEE\" \/>\n<meta property=\"article:published_time\" content=\"2026-01-24T22:05:38+00:00\" \/>\n<meta property=\"og:image\" content=\"https:\/\/www.sonoraenequipo.com.mx\/storage\/2026\/01\/ice-1.jpg\" \/>\n\t<meta property=\"og:image:width\" content=\"600\" \/>\n\t<meta property=\"og:image:height\" content=\"400\" \/>\n\t<meta property=\"og:image:type\" content=\"image\/jpeg\" \/>\n<meta name=\"author\" content=\"enequipo\" \/>\n<meta name=\"twitter:card\" content=\"summary_large_image\" \/>\n<meta name=\"twitter:creator\" content=\"@sonoraenequipo\" \/>\n<meta name=\"twitter:site\" content=\"@sonoraenequipo\" \/>\n<meta name=\"twitter:label1\" content=\"Escrito por\" \/>\n\t<meta name=\"twitter:data1\" content=\"enequipo\" \/>\n\t<meta name=\"twitter:label2\" content=\"Tiempo de lectura\" \/>\n\t<meta name=\"twitter:data2\" content=\"3 minutos\" \/>\n<script type=\"application\/ld+json\" class=\"yoast-schema-graph\">{\"@context\":\"https:\/\/schema.org\",\"@graph\":[{\"@type\":\"Article\",\"@id\":\"https:\/\/www.sonoraenequipo.com.mx\/ice-mata-a-hombre-en-mineapolis-gobernador-de-minnesota-exige-retiro-de-agentes\/#article\",\"isPartOf\":{\"@id\":\"https:\/\/www.sonoraenequipo.com.mx\/ice-mata-a-hombre-en-mineapolis-gobernador-de-minnesota-exige-retiro-de-agentes\/\"},\"author\":{\"name\":\"enequipo\",\"@id\":\"https:\/\/www.sonoraenequipo.com.mx\/#\/schema\/person\/50102df0fb23a8fa9e8effad8fa81386\"},\"headline\":\"ICE mata a hombre en Mine\u00e1polis Gobernador de Minnesota exige retiro de agentes\",\"datePublished\":\"2026-01-24T22:05:38+00:00\",\"mainEntityOfPage\":{\"@id\":\"https:\/\/www.sonoraenequipo.com.mx\/ice-mata-a-hombre-en-mineapolis-gobernador-de-minnesota-exige-retiro-de-agentes\/\"},\"wordCount\":519,\"commentCount\":0,\"publisher\":{\"@id\":\"https:\/\/www.sonoraenequipo.com.mx\/#organization\"},\"image\":{\"@id\":\"https:\/\/www.sonoraenequipo.com.mx\/ice-mata-a-hombre-en-mineapolis-gobernador-de-minnesota-exige-retiro-de-agentes\/#primaryimage\"},\"thumbnailUrl\":\"https:\/\/www.sonoraenequipo.com.mx\/storage\/2026\/01\/ice-1.jpg\",\"keywords\":[\"eee.uu. trump\",\"ICE\"],\"articleSection\":[\"MUNDO\"],\"inLanguage\":\"es\",\"potentialAction\":[{\"@type\":\"CommentAction\",\"name\":\"Comment\",\"target\":[\"https:\/\/www.sonoraenequipo.com.mx\/ice-mata-a-hombre-en-mineapolis-gobernador-de-minnesota-exige-retiro-de-agentes\/#respond\"]}]},{\"@type\":\"WebPage\",\"@id\":\"https:\/\/www.sonoraenequipo.com.mx\/ice-mata-a-hombre-en-mineapolis-gobernador-de-minnesota-exige-retiro-de-agentes\/\",\"url\":\"https:\/\/www.sonoraenequipo.com.mx\/ice-mata-a-hombre-en-mineapolis-gobernador-de-minnesota-exige-retiro-de-agentes\/\",\"name\":\"Sonora en Equipo. ICE mata a hombre en Mine\u00e1polis Gobernador de Minnesota exige retiro de agentes MUNDO\",\"isPartOf\":{\"@id\":\"https:\/\/www.sonoraenequipo.com.mx\/#website\"},\"primaryImageOfPage\":{\"@id\":\"https:\/\/www.sonoraenequipo.com.mx\/ice-mata-a-hombre-en-mineapolis-gobernador-de-minnesota-exige-retiro-de-agentes\/#primaryimage\"},\"image\":{\"@id\":\"https:\/\/www.sonoraenequipo.com.mx\/ice-mata-a-hombre-en-mineapolis-gobernador-de-minnesota-exige-retiro-de-agentes\/#primaryimage\"},\"thumbnailUrl\":\"https:\/\/www.sonoraenequipo.com.mx\/storage\/2026\/01\/ice-1.jpg\",\"datePublished\":\"2026-01-24T22:05:38+00:00\",\"description\":\"Agentes de inmigraci\u00f3n mataron a tiros este s\u00e1bado (24.01.2026) a un hombre de 37 a\u00f1os en Mine\u00e1polis, seg\u00fan confirm\u00f3 la Polic\u00eda a medios locales, en lo En Sonora en Equipo publicamos toda la informaci\u00f3n de Sonora, M\u00e9xico y el Mundo de manera oportuna y busca que la libertad de expresi\u00f3n sea real. Visita nuestro medio informativo publicado desde Hermosillo, Sonora. %\",\"breadcrumb\":{\"@id\":\"https:\/\/www.sonoraenequipo.com.mx\/ice-mata-a-hombre-en-mineapolis-gobernador-de-minnesota-exige-retiro-de-agentes\/#breadcrumb\"},\"inLanguage\":\"es\",\"potentialAction\":[{\"@type\":\"ReadAction\",\"target\":[\"https:\/\/www.sonoraenequipo.com.mx\/ice-mata-a-hombre-en-mineapolis-gobernador-de-minnesota-exige-retiro-de-agentes\/\"]}]},{\"@type\":\"ImageObject\",\"inLanguage\":\"es\",\"@id\":\"https:\/\/www.sonoraenequipo.com.mx\/ice-mata-a-hombre-en-mineapolis-gobernador-de-minnesota-exige-retiro-de-agentes\/#primaryimage\",\"url\":\"https:\/\/www.sonoraenequipo.com.mx\/storage\/2026\/01\/ice-1.jpg\",\"contentUrl\":\"https:\/\/www.sonoraenequipo.com.mx\/storage\/2026\/01\/ice-1.jpg\",\"width\":600,\"height\":400,\"caption\":\"Agentes lanzan gas pimienta a los manifestantes cerca del sitio donde se produjo la muerte de una persona en Mine\u00e1polis. Imagen: Abbie Parr\/AP Photo\/dpa\/picture alliance\"},{\"@type\":\"BreadcrumbList\",\"@id\":\"https:\/\/www.sonoraenequipo.com.mx\/ice-mata-a-hombre-en-mineapolis-gobernador-de-minnesota-exige-retiro-de-agentes\/#breadcrumb\",\"itemListElement\":[{\"@type\":\"ListItem\",\"position\":1,\"name\":\"Portada\",\"item\":\"https:\/\/www.sonoraenequipo.com.mx\/\"},{\"@type\":\"ListItem\",\"position\":2,\"name\":\"ICE mata a hombre en Mine\u00e1polis Gobernador de Minnesota exige retiro de agentes\"}]},{\"@type\":\"WebSite\",\"@id\":\"https:\/\/www.sonoraenequipo.com.mx\/#website\",\"url\":\"https:\/\/www.sonoraenequipo.com.mx\/\",\"name\":\"Sonora en Equipo.\",\"description\":\"Diario en l\u00ednea con Noticias desde Hermosillo, Sonora\",\"publisher\":{\"@id\":\"https:\/\/www.sonoraenequipo.com.mx\/#organization\"},\"potentialAction\":[{\"@type\":\"SearchAction\",\"target\":{\"@type\":\"EntryPoint\",\"urlTemplate\":\"https:\/\/www.sonoraenequipo.com.mx\/?s={search_term_string}\"},\"query-input\":{\"@type\":\"PropertyValueSpecification\",\"valueRequired\":true,\"valueName\":\"search_term_string\"}}],\"inLanguage\":\"es\"},{\"@type\":\"Organization\",\"@id\":\"https:\/\/www.sonoraenequipo.com.mx\/#organization\",\"name\":\"Sonoraenequipo.com.mx\",\"url\":\"https:\/\/www.sonoraenequipo.com.mx\/\",\"logo\":{\"@type\":\"ImageObject\",\"inLanguage\":\"es\",\"@id\":\"https:\/\/www.sonoraenequipo.com.mx\/#\/schema\/logo\/image\/\",\"url\":\"https:\/\/www.sonoraenequipo.com.mx\/storage\/2019\/01\/sonoraenequipo_opt.png\",\"contentUrl\":\"https:\/\/www.sonoraenequipo.com.mx\/storage\/2019\/01\/sonoraenequipo_opt.png\",\"width\":375,\"height\":125,\"caption\":\"Sonoraenequipo.com.mx\"},\"image\":{\"@id\":\"https:\/\/www.sonoraenequipo.com.mx\/#\/schema\/logo\/image\/\"},\"sameAs\":[\"https:\/\/www.facebook.com\/SonoraEE\/\",\"https:\/\/x.com\/sonoraenequipo\",\"https:\/\/www.youtube.com\/channel\/UC338nW-lPEYmJQs4ZABQ1SQ\"]},{\"@type\":\"Person\",\"@id\":\"https:\/\/www.sonoraenequipo.com.mx\/#\/schema\/person\/50102df0fb23a8fa9e8effad8fa81386\",\"name\":\"enequipo\",\"image\":{\"@type\":\"ImageObject\",\"inLanguage\":\"es\",\"@id\":\"https:\/\/www.sonoraenequipo.com.mx\/#\/schema\/person\/image\/\",\"url\":\"https:\/\/secure.gravatar.com\/avatar\/049821681b589dabc0bc20695993ccebb09f5b5d4d790cd9251b97faac7c652b?s=96&d=blank&r=g\",\"contentUrl\":\"https:\/\/secure.gravatar.com\/avatar\/049821681b589dabc0bc20695993ccebb09f5b5d4d790cd9251b97faac7c652b?s=96&d=blank&r=g\",\"caption\":\"enequipo\"},\"sameAs\":[\"https:\/\/www.facebook.com\/SonoraEE\"]}]}<\/script>\n ","yoast_head_json":{"title":"Sonora en Equipo. ICE mata a hombre en Mine\u00e1polis Gobernador de Minnesota exige retiro de agentes MUNDO","description":"Agentes de inmigraci\u00f3n mataron a tiros este s\u00e1bado (24.01.2026) a un hombre de 37 a\u00f1os en Mine\u00e1polis, seg\u00fan confirm\u00f3 la Polic\u00eda a medios locales, en lo En Sonora en Equipo publicamos toda la informaci\u00f3n de Sonora, M\u00e9xico y el Mundo de manera oportuna y busca que la libertad de expresi\u00f3n sea real. Visita nuestro medio informativo publicado desde Hermosillo, Sonora. %","robots":{"index":"index","follow":"follow","max-snippet":"max-snippet:-1","max-image-preview":"max-image-preview:large","max-video-preview":"max-video-preview:-1"},"canonical":"https:\/\/www.sonoraenequipo.com.mx\/ice-mata-a-hombre-en-mineapolis-gobernador-de-minnesota-exige-retiro-de-agentes\/","og_locale":"es_ES","og_type":"article","og_title":"Sonora en Equipo. ICE mata a hombre en Mine\u00e1polis Gobernador de Minnesota exige retiro de agentes MUNDO","og_description":"Agentes de inmigraci\u00f3n mataron a tiros este s\u00e1bado (24.01.2026) a un hombre de 37 a\u00f1os en Mine\u00e1polis, seg\u00fan confirm\u00f3 la Polic\u00eda a medios locales, en lo En Sonora en Equipo publicamos toda la informaci\u00f3n de Sonora, M\u00e9xico y el Mundo de manera oportuna y busca que la libertad de expresi\u00f3n sea real. Visita nuestro medio informativo publicado desde Hermosillo, Sonora. %","og_url":"https:\/\/www.sonoraenequipo.com.mx\/ice-mata-a-hombre-en-mineapolis-gobernador-de-minnesota-exige-retiro-de-agentes\/","og_site_name":"Sonora en Equipo.","article_publisher":"https:\/\/www.facebook.com\/SonoraEE\/","article_author":"https:\/\/www.facebook.com\/SonoraEE","article_published_time":"2026-01-24T22:05:38+00:00","og_image":[{"width":600,"height":400,"url":"https:\/\/www.sonoraenequipo.com.mx\/storage\/2026\/01\/ice-1.jpg","type":"image\/jpeg"}],"author":"enequipo","twitter_card":"summary_large_image","twitter_creator":"@sonoraenequipo","twitter_site":"@sonoraenequipo","twitter_misc":{"Escrito por":"enequipo","Tiempo de lectura":"3 minutos"},"schema":{"@context":"https:\/\/schema.org","@graph":[{"@type":"Article","@id":"https:\/\/www.sonoraenequipo.com.mx\/ice-mata-a-hombre-en-mineapolis-gobernador-de-minnesota-exige-retiro-de-agentes\/#article","isPartOf":{"@id":"https:\/\/www.sonoraenequipo.com.mx\/ice-mata-a-hombre-en-mineapolis-gobernador-de-minnesota-exige-retiro-de-agentes\/"},"author":{"name":"enequipo","@id":"https:\/\/www.sonoraenequipo.com.mx\/#\/schema\/person\/50102df0fb23a8fa9e8effad8fa81386"},"headline":"ICE mata a hombre en Mine\u00e1polis Gobernador de Minnesota exige retiro de agentes","datePublished":"2026-01-24T22:05:38+00:00","mainEntityOfPage":{"@id":"https:\/\/www.sonoraenequipo.com.mx\/ice-mata-a-hombre-en-mineapolis-gobernador-de-minnesota-exige-retiro-de-agentes\/"},"wordCount":519,"commentCount":0,"publisher":{"@id":"https:\/\/www.sonoraenequipo.com.mx\/#organization"},"image":{"@id":"https:\/\/www.sonoraenequipo.com.mx\/ice-mata-a-hombre-en-mineapolis-gobernador-de-minnesota-exige-retiro-de-agentes\/#primaryimage"},"thumbnailUrl":"https:\/\/www.sonoraenequipo.com.mx\/storage\/2026\/01\/ice-1.jpg","keywords":["eee.uu. trump","ICE"],"articleSection":["MUNDO"],"inLanguage":"es","potentialAction":[{"@type":"CommentAction","name":"Comment","target":["https:\/\/www.sonoraenequipo.com.mx\/ice-mata-a-hombre-en-mineapolis-gobernador-de-minnesota-exige-retiro-de-agentes\/#respond"]}]},{"@type":"WebPage","@id":"https:\/\/www.sonoraenequipo.com.mx\/ice-mata-a-hombre-en-mineapolis-gobernador-de-minnesota-exige-retiro-de-agentes\/","url":"https:\/\/www.sonoraenequipo.com.mx\/ice-mata-a-hombre-en-mineapolis-gobernador-de-minnesota-exige-retiro-de-agentes\/","name":"Sonora en Equipo. ICE mata a hombre en Mine\u00e1polis Gobernador de Minnesota exige retiro de agentes MUNDO","isPartOf":{"@id":"https:\/\/www.sonoraenequipo.com.mx\/#website"},"primaryImageOfPage":{"@id":"https:\/\/www.sonoraenequipo.com.mx\/ice-mata-a-hombre-en-mineapolis-gobernador-de-minnesota-exige-retiro-de-agentes\/#primaryimage"},"image":{"@id":"https:\/\/www.sonoraenequipo.com.mx\/ice-mata-a-hombre-en-mineapolis-gobernador-de-minnesota-exige-retiro-de-agentes\/#primaryimage"},"thumbnailUrl":"https:\/\/www.sonoraenequipo.com.mx\/storage\/2026\/01\/ice-1.jpg","datePublished":"2026-01-24T22:05:38+00:00","description":"Agentes de inmigraci\u00f3n mataron a tiros este s\u00e1bado (24.01.2026) a un hombre de 37 a\u00f1os en Mine\u00e1polis, seg\u00fan confirm\u00f3 la Polic\u00eda a medios locales, en lo En Sonora en Equipo publicamos toda la informaci\u00f3n de Sonora, M\u00e9xico y el Mundo de manera oportuna y busca que la libertad de expresi\u00f3n sea real. Visita nuestro medio informativo publicado desde Hermosillo, Sonora. %","breadcrumb":{"@id":"https:\/\/www.sonoraenequipo.com.mx\/ice-mata-a-hombre-en-mineapolis-gobernador-de-minnesota-exige-retiro-de-agentes\/#breadcrumb"},"inLanguage":"es","potentialAction":[{"@type":"ReadAction","target":["https:\/\/www.sonoraenequipo.com.mx\/ice-mata-a-hombre-en-mineapolis-gobernador-de-minnesota-exige-retiro-de-agentes\/"]}]},{"@type":"ImageObject","inLanguage":"es","@id":"https:\/\/www.sonoraenequipo.com.mx\/ice-mata-a-hombre-en-mineapolis-gobernador-de-minnesota-exige-retiro-de-agentes\/#primaryimage","url":"https:\/\/www.sonoraenequipo.com.mx\/storage\/2026\/01\/ice-1.jpg","contentUrl":"https:\/\/www.sonoraenequipo.com.mx\/storage\/2026\/01\/ice-1.jpg","width":600,"height":400,"caption":"Agentes lanzan gas pimienta a los manifestantes cerca del sitio donde se produjo la muerte de una persona en Mine\u00e1polis. Imagen: Abbie Parr\/AP Photo\/dpa\/picture alliance"},{"@type":"BreadcrumbList","@id":"https:\/\/www.sonoraenequipo.com.mx\/ice-mata-a-hombre-en-mineapolis-gobernador-de-minnesota-exige-retiro-de-agentes\/#breadcrumb","itemListElement":[{"@type":"ListItem","position":1,"name":"Portada","item":"https:\/\/www.sonoraenequipo.com.mx\/"},{"@type":"ListItem","position":2,"name":"ICE mata a hombre en Mine\u00e1polis Gobernador de Minnesota exige retiro de agentes"}]},{"@type":"WebSite","@id":"https:\/\/www.sonoraenequipo.com.mx\/#website","url":"https:\/\/www.sonoraenequipo.com.mx\/","name":"Sonora en Equipo.","description":"Diario en l\u00ednea con Noticias desde Hermosillo, Sonora","publisher":{"@id":"https:\/\/www.sonoraenequipo.com.mx\/#organization"},"potentialAction":[{"@type":"SearchAction","target":{"@type":"EntryPoint","urlTemplate":"https:\/\/www.sonoraenequipo.com.mx\/?s={search_term_string}"},"query-input":{"@type":"PropertyValueSpecification","valueRequired":true,"valueName":"search_term_string"}}],"inLanguage":"es"},{"@type":"Organization","@id":"https:\/\/www.sonoraenequipo.com.mx\/#organization","name":"Sonoraenequipo.com.mx","url":"https:\/\/www.sonoraenequipo.com.mx\/","logo":{"@type":"ImageObject","inLanguage":"es","@id":"https:\/\/www.sonoraenequipo.com.mx\/#\/schema\/logo\/image\/","url":"https:\/\/www.sonoraenequipo.com.mx\/storage\/2019\/01\/sonoraenequipo_opt.png","contentUrl":"https:\/\/www.sonoraenequipo.com.mx\/storage\/2019\/01\/sonoraenequipo_opt.png","width":375,"height":125,"caption":"Sonoraenequipo.com.mx"},"image":{"@id":"https:\/\/www.sonoraenequipo.com.mx\/#\/schema\/logo\/image\/"},"sameAs":["https:\/\/www.facebook.com\/SonoraEE\/","https:\/\/x.com\/sonoraenequipo","https:\/\/www.youtube.com\/channel\/UC338nW-lPEYmJQs4ZABQ1SQ"]},{"@type":"Person","@id":"https:\/\/www.sonoraenequipo.com.mx\/#\/schema\/person\/50102df0fb23a8fa9e8effad8fa81386","name":"enequipo","image":{"@type":"ImageObject","inLanguage":"es","@id":"https:\/\/www.sonoraenequipo.com.mx\/#\/schema\/person\/image\/","url":"https:\/\/secure.gravatar.com\/avatar\/049821681b589dabc0bc20695993ccebb09f5b5d4d790cd9251b97faac7c652b?s=96&d=blank&r=g","contentUrl":"https:\/\/secure.gravatar.com\/avatar\/049821681b589dabc0bc20695993ccebb09f5b5d4d790cd9251b97faac7c652b?s=96&d=blank&r=g","caption":"enequipo"},"sameAs":["https:\/\/www.facebook.com\/SonoraEE"]}]}},"jetpack_featured_media_url":"https:\/\/www.sonoraenequipo.com.mx\/storage\/2026\/01\/ice-1.jpg","_links":{"self":[{"href":"https:\/\/www.sonoraenequipo.com.mx\/api\/wp\/v2\/posts\/233749","targetHints":{"allow":["GET"]}}],"collection":[{"href":"https:\/\/www.sonoraenequipo.com.mx\/api\/wp\/v2\/posts"}],"about":[{"href":"https:\/\/www.sonoraenequipo.com.mx\/api\/wp\/v2\/types\/post"}],"author":[{"embeddable":true,"href":"https:\/\/www.sonoraenequipo.com.mx\/api\/wp\/v2\/users\/1"}],"replies":[{"embeddable":true,"href":"https:\/\/www.sonoraenequipo.com.mx\/api\/wp\/v2\/comments?post=233749"}],"version-history":[{"count":1,"href":"https:\/\/www.sonoraenequipo.com.mx\/api\/wp\/v2\/posts\/233749\/revisions"}],"predecessor-version":[{"id":233751,"href":"https:\/\/www.sonoraenequipo.com.mx\/api\/wp\/v2\/posts\/233749\/revisions\/233751"}],"wp:featuredmedia":[{"embeddable":true,"href":"https:\/\/www.sonoraenequipo.com.mx\/api\/wp\/v2\/media\/233750"}],"wp:attachment":[{"href":"https:\/\/www.sonoraenequipo.com.mx\/api\/wp\/v2\/media?parent=233749"}],"wp:term":[{"taxonomy":"category","embeddable":true,"href":"https:\/\/www.sonoraenequipo.com.mx\/api\/wp\/v2\/categories?post=233749"},{"taxonomy":"post_tag","embeddable":true,"href":"https:\/\/www.sonoraenequipo.com.mx\/api\/wp\/v2\/tags?post=233749"}],"curies":[{"name":"wp","href":"https:\/\/api.w.org\/{rel}","templated":true}]}}