{"id":233752,"date":"2026-01-24T15:21:03","date_gmt":"2026-01-24T22:21:03","guid":{"rendered":"https:\/\/www.sonoraenequipo.com.mx\/?p=233752"},"modified":"2026-01-25T19:27:45","modified_gmt":"2026-01-26T02:27:45","slug":"alertan-por-nevadas-y-marcado-descenso-de-temperatura-en-noroeste-y-norte-del-pais","status":"publish","type":"post","link":"https:\/\/www.sonoraenequipo.com.mx\/alertan-por-nevadas-y-marcado-descenso-de-temperatura-en-noroeste-y-norte-del-pais\/","title":{"rendered":"Alertan por nevadas y marcado descenso de temperatura en noroeste y norte del pa\u00eds"},"content":{"rendered":"<p><strong>HERMOSILLO, SONORA, MX.<\/strong> \u2014 Esta tarde-noche de s\u00e1bado 24 de enero, una tormenta nieve favorecida por el desplazamiento del frente fr\u00edo 31 y su masa de aire \u00e1rtica, recorrer\u00e1n el Noroeste de M\u00e9xico, y se fusionaran con los efectos del frente estacionario 30 30 y su masa de aire \u00e1rtico extendidos sobre el Norte y Noreste.<\/p>\n<p>&nbsp;<\/p>\n<p>Todos estos sistemas adem\u00e1s se ven influenciados por el arrastre de humedad de un r\u00edo atmosf\u00e9rico, condiciones que mantendr\u00e1n tiempo severo invernal sobre las regiones mencionadas en el p\u00e1rrafo anterior. Entre temperaturas fr\u00edas a g\u00e9lidas, vientos con rachas fuertes a intensas y aguaceros con tipos de precipitaci\u00f3n invernal, son hidrometeoros que mantiene las regiones bajo alerta y vigilancia.<\/p>\n<p>&nbsp;<\/p>\n<p>Respecto a las precipitaciones se preven acumulados de 80 a 120 mm en Durango, Sonora, Sinaloa y Chihuahua; aguaceros de 50 a 70 mm en Baja California Sur y Zacatecas, y chubascos de hasta 40 mm en Baja California, Coahuila y Nayarit.<\/p>\n<p>Adem\u00e1s de lluvias intermitentes de 30 mm en Nuevo Le\u00f3n, Tamaulipas, Zacatecas, Jalisco y Oaxaca, y lluvias dispersas de hasta a 10 mm en Michoac\u00e1n, Guerrero, Veracruz, Puebla, Chiapas y Quintana Roo.<\/p>\n<p>&nbsp;<\/p>\n<p>As\u00ed mismo, se pronostica ca\u00edda nieve o aguanieve en sierras de Baja California, Sonora, Chihuahua, Sinaloa, Durango y Coahuila. Tambi\u00e9n la lluvia engelante pudiera registrase en los estados mencionados recuerden extremar precauciones en caminos y carreteras.<\/p>\n<p>Por otra parte, tenemos la llegada de humedad del Oc\u00e9ano Pac\u00edfico y Mar Caribe en combinaci\u00f3n con vaguadas en superficie, mantienen la presencia de lluvias aisladas en algunos estados del Suroeste y Sureste.<\/p>\n<p>&nbsp;<\/p>\n<p>Los acumulados de nieve pudieran rondar entre los 20 a 30 cent\u00edmetros en sierras de los estados de Sonora, Durango y Chihuahua.<\/p>\n<p>Los acumulados de nieve pudieran rondar entre los 20 a 30 cent\u00edmetros en sierras de los estados de Sonora, Durango y Chihuahua.<\/p>\n<p>La presencia de nieblas y neblinas se estar\u00e1 registrando sobre regiones monta\u00f1osas del Valle de M\u00e9xico, Golfo de California y la partes de la Sierra Madre Occidental. Recordemos que en invierno, el enfriamiento del aire genera nieblas densas que reducen la visibilidad a menos de un kil\u00f3metro.<\/p>\n<p>&nbsp;<\/p>\n<p>&nbsp;<\/p>\n<p><strong>Temperaturas g\u00e9lidas con heladas en el Centro y Norte<\/strong><\/p>\n<p>A\u00fan se siente un ambiente fr\u00edo sobre el Centro y Norte, con posibles heladas al amanecer en zonas monta\u00f1osas, de valle y en el Eje Neovolc\u00e1nico. Estas bajas temperaturas ser\u00e1n m\u00e1s g\u00e9lidas hacia la noche una ve que masa de aire polar que impulsa al frente comience a extenderse sobre dichas regiones.<\/p>\n<p>&nbsp;<\/p>\n<p>Las temperaturas m\u00ednimas m\u00e1s fr\u00edas, se dejan sentir sobre sierras del Norte y Noroeste, y en zonas monta\u00f1osas del Valle de M\u00e9xico.<\/p>\n<p>Las temperaturas m\u00ednimas m\u00e1s fr\u00edas, se dejan sentir sobre sierras del Norte y Noroeste, y en zonas monta\u00f1osas del Valle de M\u00e9xico.<\/p>\n<p>Temperaturas m\u00ednimas se prev\u00e9n de -15 a -10 \u00b0C con heladas y nieve en sierras de Chihuahua, Sonora y Durango y temperaturas m\u00ednimas de -9 a 0 \u00b0C con posibles heladas en zonas de valle en Baja California, Nuevo Le\u00f3n, Coahuila, Zacatecas, Guanajuato, Michoac\u00e1n, Estado de M\u00e9xico, Hidalgo, Tlaxcala, Puebla, Veracruz y Oaxaca.<\/p>\n<p>&nbsp;<\/p>\n<p>Adem\u00e1s de temperaturas m\u00ednimas de 0 a 5 \u00b0C en zonas de valle y sierra de Aguascalientes, San Luis Potos\u00ed, Jalisco, Quer\u00e9taro, Ciudad de M\u00e9xico, Chiapas y Morelos.<\/p>\n<p><strong>Vientos con rachas intensas sobre la Mesa del Norte<\/strong><\/p>\n<p>La tarde-noche de hoy ser\u00e1 ventosa en el Noroeste y Norte, debido a la influencia de la potente masa de aire y la tormenta de nieve, que da paso a vientos de hasta 60 km\/h con r\u00e1fagas de 80 a 100 km\/h sobre Sonora, Chihuahua, Durango, Zacatecas, Coahuila y Nuevo Le\u00f3n, los rachas se preven m\u00e1s intensas en zonas serranas.<\/p>\n<p>&nbsp;<\/p>\n<p>Se prev\u00e9 viento de hasta 60 km\/h con r\u00e1fagas de 80 a 100 km\/h sobre Sonora, Chihuahua, Durango, Zacatecas y Nuevo Le\u00f3n.<\/p>\n<p>Se prev\u00e9 viento de hasta 60 km\/h con r\u00e1fagas de 80 a 100 km\/h sobre Sonora, Chihuahua, Durango, Zacatecas y Nuevo Le\u00f3n.<\/p>\n<p>Por otro lado, sobre el Noreste de M\u00e9xico, se esperan fuertes vientos localizados, con rachas de hasta 50 km\/h en Tamaulipas. El resto del pa\u00eds, se mantiene con viento m\u00e1ximo de entre 20 a 30 km\/h, y rachas puntuales de 40 km\/h , siendo m\u00e1s significativo en regiones de monta\u00f1a y valle derivado de su orograf\u00eda.<\/p>\n<p><strong>Recomendaciones del d\u00eda<\/strong><\/p>\n<p>Ante la inminencia de un cambio radical en el estado del tiempo, te invitamos a consultar los pron\u00f3sticos detallados en Meteored para planificar tus festejos con seguridad. Es vital mantenerte alerta y seguir estrictamente las recomendaciones de las autoridades de Protecci\u00f3n Civil para evitar riesgos innecesarios.<\/p>\n<p>&nbsp;<\/p>\n<p><strong>\u00a0<\/strong><\/p>\n<p><strong>No permitas que el tiempo te tome por sorpresa: inf\u00f3rmate, toma precauciones y evita incidentes.<\/strong><\/p>\n<p>&nbsp;<\/p>\n<p>Para prevenir enfermarse durante la temporada de fr\u00edo, debemos estar preparados y saber que d\u00edas tenemos que abrigarnos m\u00e1s, usar calefacci\u00f3n y ventilar adecuadamente, evitar conducir o transitar por carreteras resbaladizas, as\u00ed como proteger a nuestras mascotas, el ganado, la siembra y otro tipo de plantas.<\/p>\n<p>Recordemos estar atentos a la intensidad de los vientos, ya que de registrar una fuerte r\u00e1faga, se puede estar en riesgo al caer objetos o bien ser lanzados como proyectiles; es com\u00fan la formaci\u00f3n de torbellinos, tolvaneras o bien tornados, si llegaras a encontrarte en la calle durante uno de estos fen\u00f3menos busca refugio de inmediato en un lugar seguro.<\/p>\n<p>Si las lluvias son constantes durante varios d\u00edas ser\u00e1 un factor importante para el riesgo de inundaciones fluviales o repentinas. Ante esta circunstancia NUNCA debe cruzar una calle inundada, ni caminar y menos en autom\u00f3vil y procura NO tirar basura y desperdicios en calles o coladeras, ya que suele ser un factor facilitador para inundaciones severas en calles y avenidas.<\/p>\n<p>Para tu seguridad, ante la presencia de niebla o neblina reduce la velocidad, enciende las luces antiniebla y mant\u00e9n una distancia prudente con otros veh\u00edculos para evitar colisiones por baja visibilidad. Evita usar las luces altas, ya que el reflejo en las gotas de agua puede cegarte, y mantente siempre atento a las se\u00f1alizaciones de las autoridades viales.<\/p>\n<p><strong>Fecha de publicaci\u00f3n s\u00e1bado 24 de enero de 2026\/Meteored<\/strong><\/p>\n<p>&nbsp;<\/p>\n","protected":false},"excerpt":{"rendered":"<p>HERMOSILLO, SONORA, MX. \u2014 Esta tarde-noche de s\u00e1bado 24 de enero, una tormenta nieve favorecida&#8230;<\/p>\n","protected":false},"author":1,"featured_media":233753,"comment_status":"open","ping_status":"open","sticky":false,"template":"","format":"standard","meta":{"_monsterinsights_skip_tracking":false,"_monsterinsights_sitenote_active":false,"_monsterinsights_sitenote_note":"","_monsterinsights_sitenote_category":0,"footnotes":""},"categories":[5],"tags":[2978,53],"class_list":["post"],"yoast_head":" \n<title>Sonora en Equipo. Alertan por nevadas y marcado descenso de temperatura en noroeste y norte del pa\u00eds Rep\u00fablica<\/title>\n<meta name=\"description\" content=\"HERMOSILLO, SONORA, MX. \u2014 Esta tarde-noche de s\u00e1bado 24 de enero, una tormenta nieve favorecida por el desplazamiento del frente fr\u00edo 31 y su masa de aire En Sonora en Equipo publicamos toda la informaci\u00f3n de Sonora, M\u00e9xico y el Mundo de manera oportuna y busca que la libertad de expresi\u00f3n sea real. Visita nuestro medio informativo publicado desde Hermosillo, Sonora. %\" \/>\n<meta name=\"robots\" content=\"index, follow, max-snippet:-1, max-image-preview:large, max-video-preview:-1\" \/>\n<link rel=\"canonical\" href=\"https:\/\/www.sonoraenequipo.com.mx\/alertan-por-nevadas-y-marcado-descenso-de-temperatura-en-noroeste-y-norte-del-pais\/\" \/>\n<meta property=\"og:locale\" content=\"es_ES\" \/>\n<meta property=\"og:type\" content=\"article\" \/>\n<meta property=\"og:title\" content=\"Sonora en Equipo. Alertan por nevadas y marcado descenso de temperatura en noroeste y norte del pa\u00eds Rep\u00fablica\" \/>\n<meta property=\"og:description\" content=\"HERMOSILLO, SONORA, MX. \u2014 Esta tarde-noche de s\u00e1bado 24 de enero, una tormenta nieve favorecida por el desplazamiento del frente fr\u00edo 31 y su masa de aire En Sonora en Equipo publicamos toda la informaci\u00f3n de Sonora, M\u00e9xico y el Mundo de manera oportuna y busca que la libertad de expresi\u00f3n sea real. Visita nuestro medio informativo publicado desde Hermosillo, Sonora. %\" \/>\n<meta property=\"og:url\" content=\"https:\/\/www.sonoraenequipo.com.mx\/alertan-por-nevadas-y-marcado-descenso-de-temperatura-en-noroeste-y-norte-del-pais\/\" \/>\n<meta property=\"og:site_name\" content=\"Sonora en Equipo.\" \/>\n<meta property=\"article:publisher\" content=\"https:\/\/www.facebook.com\/SonoraEE\/\" \/>\n<meta property=\"article:author\" content=\"https:\/\/www.facebook.com\/SonoraEE\" \/>\n<meta property=\"article:published_time\" content=\"2026-01-24T22:21:03+00:00\" \/>\n<meta property=\"article:modified_time\" content=\"2026-01-26T02:27:45+00:00\" \/>\n<meta property=\"og:image\" content=\"https:\/\/www.sonoraenequipo.com.mx\/storage\/2026\/01\/mapa-clima.jpg\" \/>\n\t<meta property=\"og:image:width\" content=\"600\" \/>\n\t<meta property=\"og:image:height\" content=\"400\" \/>\n\t<meta property=\"og:image:type\" content=\"image\/jpeg\" \/>\n<meta name=\"author\" content=\"enequipo\" \/>\n<meta name=\"twitter:card\" content=\"summary_large_image\" \/>\n<meta name=\"twitter:creator\" content=\"@sonoraenequipo\" \/>\n<meta name=\"twitter:site\" content=\"@sonoraenequipo\" \/>\n<meta name=\"twitter:label1\" content=\"Escrito por\" \/>\n\t<meta name=\"twitter:data1\" content=\"enequipo\" \/>\n\t<meta name=\"twitter:label2\" content=\"Tiempo de lectura\" \/>\n\t<meta name=\"twitter:data2\" content=\"5 minutos\" \/>\n<script type=\"application\/ld+json\" class=\"yoast-schema-graph\">{\"@context\":\"https:\/\/schema.org\",\"@graph\":[{\"@type\":\"Article\",\"@id\":\"https:\/\/www.sonoraenequipo.com.mx\/alertan-por-nevadas-y-marcado-descenso-de-temperatura-en-noroeste-y-norte-del-pais\/#article\",\"isPartOf\":{\"@id\":\"https:\/\/www.sonoraenequipo.com.mx\/alertan-por-nevadas-y-marcado-descenso-de-temperatura-en-noroeste-y-norte-del-pais\/\"},\"author\":{\"name\":\"enequipo\",\"@id\":\"https:\/\/www.sonoraenequipo.com.mx\/#\/schema\/person\/50102df0fb23a8fa9e8effad8fa81386\"},\"headline\":\"Alertan por nevadas y marcado descenso de temperatura en noroeste y norte del pa\u00eds\",\"datePublished\":\"2026-01-24T22:21:03+00:00\",\"dateModified\":\"2026-01-26T02:27:45+00:00\",\"mainEntityOfPage\":{\"@id\":\"https:\/\/www.sonoraenequipo.com.mx\/alertan-por-nevadas-y-marcado-descenso-de-temperatura-en-noroeste-y-norte-del-pais\/\"},\"wordCount\":1087,\"commentCount\":0,\"publisher\":{\"@id\":\"https:\/\/www.sonoraenequipo.com.mx\/#organization\"},\"image\":{\"@id\":\"https:\/\/www.sonoraenequipo.com.mx\/alertan-por-nevadas-y-marcado-descenso-de-temperatura-en-noroeste-y-norte-del-pais\/#primaryimage\"},\"thumbnailUrl\":\"https:\/\/www.sonoraenequipo.com.mx\/storage\/2026\/01\/mapa-clima.jpg\",\"keywords\":[\"clima\",\"mexico\"],\"articleSection\":[\"Rep\u00fablica\"],\"inLanguage\":\"es\",\"potentialAction\":[{\"@type\":\"CommentAction\",\"name\":\"Comment\",\"target\":[\"https:\/\/www.sonoraenequipo.com.mx\/alertan-por-nevadas-y-marcado-descenso-de-temperatura-en-noroeste-y-norte-del-pais\/#respond\"]}]},{\"@type\":\"WebPage\",\"@id\":\"https:\/\/www.sonoraenequipo.com.mx\/alertan-por-nevadas-y-marcado-descenso-de-temperatura-en-noroeste-y-norte-del-pais\/\",\"url\":\"https:\/\/www.sonoraenequipo.com.mx\/alertan-por-nevadas-y-marcado-descenso-de-temperatura-en-noroeste-y-norte-del-pais\/\",\"name\":\"Sonora en Equipo. Alertan por nevadas y marcado descenso de temperatura en noroeste y norte del pa\u00eds Rep\u00fablica\",\"isPartOf\":{\"@id\":\"https:\/\/www.sonoraenequipo.com.mx\/#website\"},\"primaryImageOfPage\":{\"@id\":\"https:\/\/www.sonoraenequipo.com.mx\/alertan-por-nevadas-y-marcado-descenso-de-temperatura-en-noroeste-y-norte-del-pais\/#primaryimage\"},\"image\":{\"@id\":\"https:\/\/www.sonoraenequipo.com.mx\/alertan-por-nevadas-y-marcado-descenso-de-temperatura-en-noroeste-y-norte-del-pais\/#primaryimage\"},\"thumbnailUrl\":\"https:\/\/www.sonoraenequipo.com.mx\/storage\/2026\/01\/mapa-clima.jpg\",\"datePublished\":\"2026-01-24T22:21:03+00:00\",\"dateModified\":\"2026-01-26T02:27:45+00:00\",\"description\":\"HERMOSILLO, SONORA, MX. \u2014 Esta tarde-noche de s\u00e1bado 24 de enero, una tormenta nieve favorecida por el desplazamiento del frente fr\u00edo 31 y su masa de aire En Sonora en Equipo publicamos toda la informaci\u00f3n de Sonora, M\u00e9xico y el Mundo de manera oportuna y busca que la libertad de expresi\u00f3n sea real. Visita nuestro medio informativo publicado desde Hermosillo, Sonora. %\",\"breadcrumb\":{\"@id\":\"https:\/\/www.sonoraenequipo.com.mx\/alertan-por-nevadas-y-marcado-descenso-de-temperatura-en-noroeste-y-norte-del-pais\/#breadcrumb\"},\"inLanguage\":\"es\",\"potentialAction\":[{\"@type\":\"ReadAction\",\"target\":[\"https:\/\/www.sonoraenequipo.com.mx\/alertan-por-nevadas-y-marcado-descenso-de-temperatura-en-noroeste-y-norte-del-pais\/\"]}]},{\"@type\":\"ImageObject\",\"inLanguage\":\"es\",\"@id\":\"https:\/\/www.sonoraenequipo.com.mx\/alertan-por-nevadas-y-marcado-descenso-de-temperatura-en-noroeste-y-norte-del-pais\/#primaryimage\",\"url\":\"https:\/\/www.sonoraenequipo.com.mx\/storage\/2026\/01\/mapa-clima.jpg\",\"contentUrl\":\"https:\/\/www.sonoraenequipo.com.mx\/storage\/2026\/01\/mapa-clima.jpg\",\"width\":600,\"height\":400},{\"@type\":\"BreadcrumbList\",\"@id\":\"https:\/\/www.sonoraenequipo.com.mx\/alertan-por-nevadas-y-marcado-descenso-de-temperatura-en-noroeste-y-norte-del-pais\/#breadcrumb\",\"itemListElement\":[{\"@type\":\"ListItem\",\"position\":1,\"name\":\"Portada\",\"item\":\"https:\/\/www.sonoraenequipo.com.mx\/\"},{\"@type\":\"ListItem\",\"position\":2,\"name\":\"Alertan por nevadas y marcado descenso de temperatura en noroeste y norte del pa\u00eds\"}]},{\"@type\":\"WebSite\",\"@id\":\"https:\/\/www.sonoraenequipo.com.mx\/#website\",\"url\":\"https:\/\/www.sonoraenequipo.com.mx\/\",\"name\":\"Sonora en Equipo.\",\"description\":\"Diario en l\u00ednea con Noticias desde Hermosillo, Sonora\",\"publisher\":{\"@id\":\"https:\/\/www.sonoraenequipo.com.mx\/#organization\"},\"potentialAction\":[{\"@type\":\"SearchAction\",\"target\":{\"@type\":\"EntryPoint\",\"urlTemplate\":\"https:\/\/www.sonoraenequipo.com.mx\/?s={search_term_string}\"},\"query-input\":{\"@type\":\"PropertyValueSpecification\",\"valueRequired\":true,\"valueName\":\"search_term_string\"}}],\"inLanguage\":\"es\"},{\"@type\":\"Organization\",\"@id\":\"https:\/\/www.sonoraenequipo.com.mx\/#organization\",\"name\":\"Sonoraenequipo.com.mx\",\"url\":\"https:\/\/www.sonoraenequipo.com.mx\/\",\"logo\":{\"@type\":\"ImageObject\",\"inLanguage\":\"es\",\"@id\":\"https:\/\/www.sonoraenequipo.com.mx\/#\/schema\/logo\/image\/\",\"url\":\"https:\/\/www.sonoraenequipo.com.mx\/storage\/2019\/01\/sonoraenequipo_opt.png\",\"contentUrl\":\"https:\/\/www.sonoraenequipo.com.mx\/storage\/2019\/01\/sonoraenequipo_opt.png\",\"width\":375,\"height\":125,\"caption\":\"Sonoraenequipo.com.mx\"},\"image\":{\"@id\":\"https:\/\/www.sonoraenequipo.com.mx\/#\/schema\/logo\/image\/\"},\"sameAs\":[\"https:\/\/www.facebook.com\/SonoraEE\/\",\"https:\/\/x.com\/sonoraenequipo\",\"https:\/\/www.youtube.com\/channel\/UC338nW-lPEYmJQs4ZABQ1SQ\"]},{\"@type\":\"Person\",\"@id\":\"https:\/\/www.sonoraenequipo.com.mx\/#\/schema\/person\/50102df0fb23a8fa9e8effad8fa81386\",\"name\":\"enequipo\",\"image\":{\"@type\":\"ImageObject\",\"inLanguage\":\"es\",\"@id\":\"https:\/\/www.sonoraenequipo.com.mx\/#\/schema\/person\/image\/\",\"url\":\"https:\/\/secure.gravatar.com\/avatar\/049821681b589dabc0bc20695993ccebb09f5b5d4d790cd9251b97faac7c652b?s=96&d=blank&r=g\",\"contentUrl\":\"https:\/\/secure.gravatar.com\/avatar\/049821681b589dabc0bc20695993ccebb09f5b5d4d790cd9251b97faac7c652b?s=96&d=blank&r=g\",\"caption\":\"enequipo\"},\"sameAs\":[\"https:\/\/www.facebook.com\/SonoraEE\"]}]}<\/script>\n ","yoast_head_json":{"title":"Sonora en Equipo. Alertan por nevadas y marcado descenso de temperatura en noroeste y norte del pa\u00eds Rep\u00fablica","description":"HERMOSILLO, SONORA, MX. \u2014 Esta tarde-noche de s\u00e1bado 24 de enero, una tormenta nieve favorecida por el desplazamiento del frente fr\u00edo 31 y su masa de aire En Sonora en Equipo publicamos toda la informaci\u00f3n de Sonora, M\u00e9xico y el Mundo de manera oportuna y busca que la libertad de expresi\u00f3n sea real. Visita nuestro medio informativo publicado desde Hermosillo, Sonora. %","robots":{"index":"index","follow":"follow","max-snippet":"max-snippet:-1","max-image-preview":"max-image-preview:large","max-video-preview":"max-video-preview:-1"},"canonical":"https:\/\/www.sonoraenequipo.com.mx\/alertan-por-nevadas-y-marcado-descenso-de-temperatura-en-noroeste-y-norte-del-pais\/","og_locale":"es_ES","og_type":"article","og_title":"Sonora en Equipo. Alertan por nevadas y marcado descenso de temperatura en noroeste y norte del pa\u00eds Rep\u00fablica","og_description":"HERMOSILLO, SONORA, MX. \u2014 Esta tarde-noche de s\u00e1bado 24 de enero, una tormenta nieve favorecida por el desplazamiento del frente fr\u00edo 31 y su masa de aire En Sonora en Equipo publicamos toda la informaci\u00f3n de Sonora, M\u00e9xico y el Mundo de manera oportuna y busca que la libertad de expresi\u00f3n sea real. Visita nuestro medio informativo publicado desde Hermosillo, Sonora. %","og_url":"https:\/\/www.sonoraenequipo.com.mx\/alertan-por-nevadas-y-marcado-descenso-de-temperatura-en-noroeste-y-norte-del-pais\/","og_site_name":"Sonora en Equipo.","article_publisher":"https:\/\/www.facebook.com\/SonoraEE\/","article_author":"https:\/\/www.facebook.com\/SonoraEE","article_published_time":"2026-01-24T22:21:03+00:00","article_modified_time":"2026-01-26T02:27:45+00:00","og_image":[{"width":600,"height":400,"url":"https:\/\/www.sonoraenequipo.com.mx\/storage\/2026\/01\/mapa-clima.jpg","type":"image\/jpeg"}],"author":"enequipo","twitter_card":"summary_large_image","twitter_creator":"@sonoraenequipo","twitter_site":"@sonoraenequipo","twitter_misc":{"Escrito por":"enequipo","Tiempo de lectura":"5 minutos"},"schema":{"@context":"https:\/\/schema.org","@graph":[{"@type":"Article","@id":"https:\/\/www.sonoraenequipo.com.mx\/alertan-por-nevadas-y-marcado-descenso-de-temperatura-en-noroeste-y-norte-del-pais\/#article","isPartOf":{"@id":"https:\/\/www.sonoraenequipo.com.mx\/alertan-por-nevadas-y-marcado-descenso-de-temperatura-en-noroeste-y-norte-del-pais\/"},"author":{"name":"enequipo","@id":"https:\/\/www.sonoraenequipo.com.mx\/#\/schema\/person\/50102df0fb23a8fa9e8effad8fa81386"},"headline":"Alertan por nevadas y marcado descenso de temperatura en noroeste y norte del pa\u00eds","datePublished":"2026-01-24T22:21:03+00:00","dateModified":"2026-01-26T02:27:45+00:00","mainEntityOfPage":{"@id":"https:\/\/www.sonoraenequipo.com.mx\/alertan-por-nevadas-y-marcado-descenso-de-temperatura-en-noroeste-y-norte-del-pais\/"},"wordCount":1087,"commentCount":0,"publisher":{"@id":"https:\/\/www.sonoraenequipo.com.mx\/#organization"},"image":{"@id":"https:\/\/www.sonoraenequipo.com.mx\/alertan-por-nevadas-y-marcado-descenso-de-temperatura-en-noroeste-y-norte-del-pais\/#primaryimage"},"thumbnailUrl":"https:\/\/www.sonoraenequipo.com.mx\/storage\/2026\/01\/mapa-clima.jpg","keywords":["clima","mexico"],"articleSection":["Rep\u00fablica"],"inLanguage":"es","potentialAction":[{"@type":"CommentAction","name":"Comment","target":["https:\/\/www.sonoraenequipo.com.mx\/alertan-por-nevadas-y-marcado-descenso-de-temperatura-en-noroeste-y-norte-del-pais\/#respond"]}]},{"@type":"WebPage","@id":"https:\/\/www.sonoraenequipo.com.mx\/alertan-por-nevadas-y-marcado-descenso-de-temperatura-en-noroeste-y-norte-del-pais\/","url":"https:\/\/www.sonoraenequipo.com.mx\/alertan-por-nevadas-y-marcado-descenso-de-temperatura-en-noroeste-y-norte-del-pais\/","name":"Sonora en Equipo. Alertan por nevadas y marcado descenso de temperatura en noroeste y norte del pa\u00eds Rep\u00fablica","isPartOf":{"@id":"https:\/\/www.sonoraenequipo.com.mx\/#website"},"primaryImageOfPage":{"@id":"https:\/\/www.sonoraenequipo.com.mx\/alertan-por-nevadas-y-marcado-descenso-de-temperatura-en-noroeste-y-norte-del-pais\/#primaryimage"},"image":{"@id":"https:\/\/www.sonoraenequipo.com.mx\/alertan-por-nevadas-y-marcado-descenso-de-temperatura-en-noroeste-y-norte-del-pais\/#primaryimage"},"thumbnailUrl":"https:\/\/www.sonoraenequipo.com.mx\/storage\/2026\/01\/mapa-clima.jpg","datePublished":"2026-01-24T22:21:03+00:00","dateModified":"2026-01-26T02:27:45+00:00","description":"HERMOSILLO, SONORA, MX. \u2014 Esta tarde-noche de s\u00e1bado 24 de enero, una tormenta nieve favorecida por el desplazamiento del frente fr\u00edo 31 y su masa de aire En Sonora en Equipo publicamos toda la informaci\u00f3n de Sonora, M\u00e9xico y el Mundo de manera oportuna y busca que la libertad de expresi\u00f3n sea real. Visita nuestro medio informativo publicado desde Hermosillo, Sonora. %","breadcrumb":{"@id":"https:\/\/www.sonoraenequipo.com.mx\/alertan-por-nevadas-y-marcado-descenso-de-temperatura-en-noroeste-y-norte-del-pais\/#breadcrumb"},"inLanguage":"es","potentialAction":[{"@type":"ReadAction","target":["https:\/\/www.sonoraenequipo.com.mx\/alertan-por-nevadas-y-marcado-descenso-de-temperatura-en-noroeste-y-norte-del-pais\/"]}]},{"@type":"ImageObject","inLanguage":"es","@id":"https:\/\/www.sonoraenequipo.com.mx\/alertan-por-nevadas-y-marcado-descenso-de-temperatura-en-noroeste-y-norte-del-pais\/#primaryimage","url":"https:\/\/www.sonoraenequipo.com.mx\/storage\/2026\/01\/mapa-clima.jpg","contentUrl":"https:\/\/www.sonoraenequipo.com.mx\/storage\/2026\/01\/mapa-clima.jpg","width":600,"height":400},{"@type":"BreadcrumbList","@id":"https:\/\/www.sonoraenequipo.com.mx\/alertan-por-nevadas-y-marcado-descenso-de-temperatura-en-noroeste-y-norte-del-pais\/#breadcrumb","itemListElement":[{"@type":"ListItem","position":1,"name":"Portada","item":"https:\/\/www.sonoraenequipo.com.mx\/"},{"@type":"ListItem","position":2,"name":"Alertan por nevadas y marcado descenso de temperatura en noroeste y norte del pa\u00eds"}]},{"@type":"WebSite","@id":"https:\/\/www.sonoraenequipo.com.mx\/#website","url":"https:\/\/www.sonoraenequipo.com.mx\/","name":"Sonora en Equipo.","description":"Diario en l\u00ednea con Noticias desde Hermosillo, Sonora","publisher":{"@id":"https:\/\/www.sonoraenequipo.com.mx\/#organization"},"potentialAction":[{"@type":"SearchAction","target":{"@type":"EntryPoint","urlTemplate":"https:\/\/www.sonoraenequipo.com.mx\/?s={search_term_string}"},"query-input":{"@type":"PropertyValueSpecification","valueRequired":true,"valueName":"search_term_string"}}],"inLanguage":"es"},{"@type":"Organization","@id":"https:\/\/www.sonoraenequipo.com.mx\/#organization","name":"Sonoraenequipo.com.mx","url":"https:\/\/www.sonoraenequipo.com.mx\/","logo":{"@type":"ImageObject","inLanguage":"es","@id":"https:\/\/www.sonoraenequipo.com.mx\/#\/schema\/logo\/image\/","url":"https:\/\/www.sonoraenequipo.com.mx\/storage\/2019\/01\/sonoraenequipo_opt.png","contentUrl":"https:\/\/www.sonoraenequipo.com.mx\/storage\/2019\/01\/sonoraenequipo_opt.png","width":375,"height":125,"caption":"Sonoraenequipo.com.mx"},"image":{"@id":"https:\/\/www.sonoraenequipo.com.mx\/#\/schema\/logo\/image\/"},"sameAs":["https:\/\/www.facebook.com\/SonoraEE\/","https:\/\/x.com\/sonoraenequipo","https:\/\/www.youtube.com\/channel\/UC338nW-lPEYmJQs4ZABQ1SQ"]},{"@type":"Person","@id":"https:\/\/www.sonoraenequipo.com.mx\/#\/schema\/person\/50102df0fb23a8fa9e8effad8fa81386","name":"enequipo","image":{"@type":"ImageObject","inLanguage":"es","@id":"https:\/\/www.sonoraenequipo.com.mx\/#\/schema\/person\/image\/","url":"https:\/\/secure.gravatar.com\/avatar\/049821681b589dabc0bc20695993ccebb09f5b5d4d790cd9251b97faac7c652b?s=96&d=blank&r=g","contentUrl":"https:\/\/secure.gravatar.com\/avatar\/049821681b589dabc0bc20695993ccebb09f5b5d4d790cd9251b97faac7c652b?s=96&d=blank&r=g","caption":"enequipo"},"sameAs":["https:\/\/www.facebook.com\/SonoraEE"]}]}},"jetpack_featured_media_url":"https:\/\/www.sonoraenequipo.com.mx\/storage\/2026\/01\/mapa-clima.jpg","_links":{"self":[{"href":"https:\/\/www.sonoraenequipo.com.mx\/api\/wp\/v2\/posts\/233752","targetHints":{"allow":["GET"]}}],"collection":[{"href":"https:\/\/www.sonoraenequipo.com.mx\/api\/wp\/v2\/posts"}],"about":[{"href":"https:\/\/www.sonoraenequipo.com.mx\/api\/wp\/v2\/types\/post"}],"author":[{"embeddable":true,"href":"https:\/\/www.sonoraenequipo.com.mx\/api\/wp\/v2\/users\/1"}],"replies":[{"embeddable":true,"href":"https:\/\/www.sonoraenequipo.com.mx\/api\/wp\/v2\/comments?post=233752"}],"version-history":[{"count":1,"href":"https:\/\/www.sonoraenequipo.com.mx\/api\/wp\/v2\/posts\/233752\/revisions"}],"predecessor-version":[{"id":233754,"href":"https:\/\/www.sonoraenequipo.com.mx\/api\/wp\/v2\/posts\/233752\/revisions\/233754"}],"wp:featuredmedia":[{"embeddable":true,"href":"https:\/\/www.sonoraenequipo.com.mx\/api\/wp\/v2\/media\/233753"}],"wp:attachment":[{"href":"https:\/\/www.sonoraenequipo.com.mx\/api\/wp\/v2\/media?parent=233752"}],"wp:term":[{"taxonomy":"category","embeddable":true,"href":"https:\/\/www.sonoraenequipo.com.mx\/api\/wp\/v2\/categories?post=233752"},{"taxonomy":"post_tag","embeddable":true,"href":"https:\/\/www.sonoraenequipo.com.mx\/api\/wp\/v2\/tags?post=233752"}],"curies":[{"name":"wp","href":"https:\/\/api.w.org\/{rel}","templated":true}]}}