{"id":233761,"date":"2026-01-25T16:30:05","date_gmt":"2026-01-25T23:30:05","guid":{"rendered":"https:\/\/www.sonoraenequipo.com.mx\/?p=233761"},"modified":"2026-01-25T16:30:05","modified_gmt":"2026-01-25T23:30:05","slug":"los-grandes-duques-de-luxemburgo-se-reunen-con-el-papa","status":"publish","type":"post","link":"https:\/\/www.sonoraenequipo.com.mx\/los-grandes-duques-de-luxemburgo-se-reunen-con-el-papa\/","title":{"rendered":"Los grandes duques de Luxemburgo se re\u00fanen con el Papa"},"content":{"rendered":"<p>Los grandes duques de Luxemburgo, Guillermo V y St\u00e9phanie y el Papa| Cr\u00e9dito: Vatican Media<\/p>\n<p>&nbsp;<\/p>\n<p>Los grandes duques de Luxemburgo, Guillermo V y St\u00e9phanie, se reunieron con el Papa Le\u00f3n XIV en el marco de los primeros meses de su reinado tras la abdicaci\u00f3n del gran duque Enrique el pasado 3 de octubre.<\/p>\n<p>&nbsp;<\/p>\n<p>La audiencia con el Pont\u00edfice se inscribe dentro de la tradici\u00f3n de las monarqu\u00edas cat\u00f3licas europeas de presentar a los nuevos jefes de Estado ante la Santa Sede<\/p>\n<p>Seg\u00fan inform\u00f3 la Sala de Prensa de. la Santa Sede, los encuentros permitieron abordar las buenas relaciones bilaterales entre Luxemburgo y la Santa Sede, as\u00ed como los v\u00ednculos entre la Iglesia y el Estado.<\/p>\n<p>&nbsp;<\/p>\n<p>Durante las conversaciones se trataron temas de inter\u00e9s com\u00fan, \u201cincluyendo la cohesi\u00f3n social, la educaci\u00f3n de los j\u00f3venes y la salvaguardia de la dignidad de la vida y de la persona humana\u201d, indic\u00f3 la oficina de prensa vaticana. Adem\u00e1s, tambi\u00e9n se abordaron \u201casuntos de actualidad internacional, con especial atenci\u00f3n al contexto europeo\u201d.<\/p>\n<p>&nbsp;<\/p>\n<p>Durante la visita, celebrada en el Palacio Apost\u00f3lico Vaticano, los duques tambi\u00e9n se reunieron con el Cardenal Pietro Parolin, Secretario de Estado de Su Santidad, acompa\u00f1ado por Mons. Paul Richard Gallagher, Secretario para las Relaciones con los Estados y las Organizaciones Internacionales.<\/p>\n<p>&nbsp;<\/p>\n<p><strong>El privilegio de blanco de las reinas cat\u00f3licas<\/strong><\/p>\n<p>&nbsp;<\/p>\n<p>La visita se destac\u00f3 por ser la primera ocasi\u00f3n en que la gran duquesa St\u00e9phanie hizo uso del privilegio del blanco, que permite a las monarcas cat\u00f3licas presentarse ante el Papa con vestimenta blanca, un derecho compartido por otras reinas cat\u00f3licas europeas, como do\u00f1a Letizia de Espa\u00f1a o la reina Matilde de B\u00e9lgica.<\/p>\n<p>&nbsp;<\/p>\n<p>Fue la primera ocasi\u00f3n en que la gran duquesa St\u00e9phanie hizo uso del privilegio del blanco. Cr\u00e9dito: Vatican Media<\/p>\n<p>Fue la primera ocasi\u00f3n en que la gran duquesa St\u00e9phanie hizo uso del privilegio del blanco. Cr\u00e9dito: Vatican Media<\/p>\n<p>La presencia de los ni\u00f1os, una audiencia m\u00e1s familiar<\/p>\n<p>&nbsp;<\/p>\n<p>En esta ocasi\u00f3n, los grandes duques estuvieron acompa\u00f1ados de sus dos hijos, los pr\u00edncipes Charles y Fran\u00e7ois, de cinco y dos a\u00f1os respectivamente.<\/p>\n<p>&nbsp;<\/p>\n<p>La presencia de los ni\u00f1os a\u00f1adi\u00f3 un car\u00e1cter familiar a la audiencia, siguiendo la tradici\u00f3n de la Familia Gran Ducal en visitas protocolares al Vaticano. En 2024, los entonces grandes duques Enrique y Mar\u00eda Teresa hab\u00edan acudido junto a su familia a una audiencia con el Papa Francisco, en un acto que reuni\u00f3 a numerosos miembros de la realeza europea.<\/p>\n<p>&nbsp;<\/p>\n<p>La audiencia con el Papa Le\u00f3n XIV refuerza los lazos diplom\u00e1ticos y el di\u00e1logo entre la Iglesia y los Estados con tradici\u00f3n cat\u00f3lica, marcando un importante inicio de reinado para los grandes duques de Luxemburgo.<\/p>\n<p><strong>Fecha de publicaci\u00f3n domingo 25 de enero de 2026\/ ACI Prensa<\/strong><\/p>\n<p>&nbsp;<\/p>\n","protected":false},"excerpt":{"rendered":"<p>Los grandes duques de Luxemburgo, Guillermo V y St\u00e9phanie y el Papa| Cr\u00e9dito: Vatican Media&#8230;<\/p>\n","protected":false},"author":1,"featured_media":233762,"comment_status":"open","ping_status":"open","sticky":false,"template":"","format":"standard","meta":{"_monsterinsights_skip_tracking":false,"_monsterinsights_sitenote_active":false,"_monsterinsights_sitenote_note":"","_monsterinsights_sitenote_category":0,"footnotes":""},"categories":[3],"tags":[11201],"class_list":["post"],"yoast_head":" \n<title>Sonora en Equipo. Los grandes duques de Luxemburgo se re\u00fanen con el Papa MUNDO<\/title>\n<meta name=\"description\" content=\"Los grandes duques de Luxemburgo, Guillermo V y St\u00e9phanie y el Papa| Cr\u00e9dito: Vatican Media &nbsp; Los grandes duques de Luxemburgo, Guillermo V y En Sonora en Equipo publicamos toda la informaci\u00f3n de Sonora, M\u00e9xico y el Mundo de manera oportuna y busca que la libertad de expresi\u00f3n sea real. Visita nuestro medio informativo publicado desde Hermosillo, Sonora. %\" \/>\n<meta name=\"robots\" content=\"index, follow, max-snippet:-1, max-image-preview:large, max-video-preview:-1\" \/>\n<link rel=\"canonical\" href=\"https:\/\/www.sonoraenequipo.com.mx\/los-grandes-duques-de-luxemburgo-se-reunen-con-el-papa\/\" \/>\n<meta property=\"og:locale\" content=\"es_ES\" \/>\n<meta property=\"og:type\" content=\"article\" \/>\n<meta property=\"og:title\" content=\"Sonora en Equipo. Los grandes duques de Luxemburgo se re\u00fanen con el Papa MUNDO\" \/>\n<meta property=\"og:description\" content=\"Los grandes duques de Luxemburgo, Guillermo V y St\u00e9phanie y el Papa| Cr\u00e9dito: Vatican Media &nbsp; Los grandes duques de Luxemburgo, Guillermo V y En Sonora en Equipo publicamos toda la informaci\u00f3n de Sonora, M\u00e9xico y el Mundo de manera oportuna y busca que la libertad de expresi\u00f3n sea real. Visita nuestro medio informativo publicado desde Hermosillo, Sonora. %\" \/>\n<meta property=\"og:url\" content=\"https:\/\/www.sonoraenequipo.com.mx\/los-grandes-duques-de-luxemburgo-se-reunen-con-el-papa\/\" \/>\n<meta property=\"og:site_name\" content=\"Sonora en Equipo.\" \/>\n<meta property=\"article:publisher\" content=\"https:\/\/www.facebook.com\/SonoraEE\/\" \/>\n<meta property=\"article:author\" content=\"https:\/\/www.facebook.com\/SonoraEE\" \/>\n<meta property=\"article:published_time\" content=\"2026-01-25T23:30:05+00:00\" \/>\n<meta property=\"og:image\" content=\"https:\/\/www.sonoraenequipo.com.mx\/storage\/2026\/01\/papa-duques.jpg\" \/>\n\t<meta property=\"og:image:width\" content=\"600\" \/>\n\t<meta property=\"og:image:height\" content=\"400\" \/>\n\t<meta property=\"og:image:type\" content=\"image\/jpeg\" \/>\n<meta name=\"author\" content=\"enequipo\" \/>\n<meta name=\"twitter:card\" content=\"summary_large_image\" \/>\n<meta name=\"twitter:creator\" content=\"@sonoraenequipo\" \/>\n<meta name=\"twitter:site\" content=\"@sonoraenequipo\" \/>\n<meta name=\"twitter:label1\" content=\"Escrito por\" \/>\n\t<meta name=\"twitter:data1\" content=\"enequipo\" \/>\n\t<meta name=\"twitter:label2\" content=\"Tiempo de lectura\" \/>\n\t<meta name=\"twitter:data2\" content=\"3 minutos\" \/>\n<script type=\"application\/ld+json\" class=\"yoast-schema-graph\">{\"@context\":\"https:\/\/schema.org\",\"@graph\":[{\"@type\":\"Article\",\"@id\":\"https:\/\/www.sonoraenequipo.com.mx\/los-grandes-duques-de-luxemburgo-se-reunen-con-el-papa\/#article\",\"isPartOf\":{\"@id\":\"https:\/\/www.sonoraenequipo.com.mx\/los-grandes-duques-de-luxemburgo-se-reunen-con-el-papa\/\"},\"author\":{\"name\":\"enequipo\",\"@id\":\"https:\/\/www.sonoraenequipo.com.mx\/#\/schema\/person\/50102df0fb23a8fa9e8effad8fa81386\"},\"headline\":\"Los grandes duques de Luxemburgo se re\u00fanen con el Papa\",\"datePublished\":\"2026-01-25T23:30:05+00:00\",\"mainEntityOfPage\":{\"@id\":\"https:\/\/www.sonoraenequipo.com.mx\/los-grandes-duques-de-luxemburgo-se-reunen-con-el-papa\/\"},\"wordCount\":519,\"commentCount\":0,\"publisher\":{\"@id\":\"https:\/\/www.sonoraenequipo.com.mx\/#organization\"},\"image\":{\"@id\":\"https:\/\/www.sonoraenequipo.com.mx\/los-grandes-duques-de-luxemburgo-se-reunen-con-el-papa\/#primaryimage\"},\"thumbnailUrl\":\"https:\/\/www.sonoraenequipo.com.mx\/storage\/2026\/01\/papa-duques.jpg\",\"keywords\":[\"papa leon XIV\"],\"articleSection\":[\"MUNDO\"],\"inLanguage\":\"es\",\"potentialAction\":[{\"@type\":\"CommentAction\",\"name\":\"Comment\",\"target\":[\"https:\/\/www.sonoraenequipo.com.mx\/los-grandes-duques-de-luxemburgo-se-reunen-con-el-papa\/#respond\"]}]},{\"@type\":\"WebPage\",\"@id\":\"https:\/\/www.sonoraenequipo.com.mx\/los-grandes-duques-de-luxemburgo-se-reunen-con-el-papa\/\",\"url\":\"https:\/\/www.sonoraenequipo.com.mx\/los-grandes-duques-de-luxemburgo-se-reunen-con-el-papa\/\",\"name\":\"Sonora en Equipo. Los grandes duques de Luxemburgo se re\u00fanen con el Papa MUNDO\",\"isPartOf\":{\"@id\":\"https:\/\/www.sonoraenequipo.com.mx\/#website\"},\"primaryImageOfPage\":{\"@id\":\"https:\/\/www.sonoraenequipo.com.mx\/los-grandes-duques-de-luxemburgo-se-reunen-con-el-papa\/#primaryimage\"},\"image\":{\"@id\":\"https:\/\/www.sonoraenequipo.com.mx\/los-grandes-duques-de-luxemburgo-se-reunen-con-el-papa\/#primaryimage\"},\"thumbnailUrl\":\"https:\/\/www.sonoraenequipo.com.mx\/storage\/2026\/01\/papa-duques.jpg\",\"datePublished\":\"2026-01-25T23:30:05+00:00\",\"description\":\"Los grandes duques de Luxemburgo, Guillermo V y St\u00e9phanie y el Papa| Cr\u00e9dito: Vatican Media &nbsp; Los grandes duques de Luxemburgo, Guillermo V y En Sonora en Equipo publicamos toda la informaci\u00f3n de Sonora, M\u00e9xico y el Mundo de manera oportuna y busca que la libertad de expresi\u00f3n sea real. Visita nuestro medio informativo publicado desde Hermosillo, Sonora. %\",\"breadcrumb\":{\"@id\":\"https:\/\/www.sonoraenequipo.com.mx\/los-grandes-duques-de-luxemburgo-se-reunen-con-el-papa\/#breadcrumb\"},\"inLanguage\":\"es\",\"potentialAction\":[{\"@type\":\"ReadAction\",\"target\":[\"https:\/\/www.sonoraenequipo.com.mx\/los-grandes-duques-de-luxemburgo-se-reunen-con-el-papa\/\"]}]},{\"@type\":\"ImageObject\",\"inLanguage\":\"es\",\"@id\":\"https:\/\/www.sonoraenequipo.com.mx\/los-grandes-duques-de-luxemburgo-se-reunen-con-el-papa\/#primaryimage\",\"url\":\"https:\/\/www.sonoraenequipo.com.mx\/storage\/2026\/01\/papa-duques.jpg\",\"contentUrl\":\"https:\/\/www.sonoraenequipo.com.mx\/storage\/2026\/01\/papa-duques.jpg\",\"width\":600,\"height\":400,\"caption\":\"Los grandes duques de Luxemburgo, Guillermo V y St\u00e9phanie y el Papa| Cr\u00e9dito: Vatican Media\"},{\"@type\":\"BreadcrumbList\",\"@id\":\"https:\/\/www.sonoraenequipo.com.mx\/los-grandes-duques-de-luxemburgo-se-reunen-con-el-papa\/#breadcrumb\",\"itemListElement\":[{\"@type\":\"ListItem\",\"position\":1,\"name\":\"Portada\",\"item\":\"https:\/\/www.sonoraenequipo.com.mx\/\"},{\"@type\":\"ListItem\",\"position\":2,\"name\":\"Los grandes duques de Luxemburgo se re\u00fanen con el Papa\"}]},{\"@type\":\"WebSite\",\"@id\":\"https:\/\/www.sonoraenequipo.com.mx\/#website\",\"url\":\"https:\/\/www.sonoraenequipo.com.mx\/\",\"name\":\"Sonora en Equipo.\",\"description\":\"Diario en l\u00ednea con Noticias desde Hermosillo, Sonora\",\"publisher\":{\"@id\":\"https:\/\/www.sonoraenequipo.com.mx\/#organization\"},\"potentialAction\":[{\"@type\":\"SearchAction\",\"target\":{\"@type\":\"EntryPoint\",\"urlTemplate\":\"https:\/\/www.sonoraenequipo.com.mx\/?s={search_term_string}\"},\"query-input\":{\"@type\":\"PropertyValueSpecification\",\"valueRequired\":true,\"valueName\":\"search_term_string\"}}],\"inLanguage\":\"es\"},{\"@type\":\"Organization\",\"@id\":\"https:\/\/www.sonoraenequipo.com.mx\/#organization\",\"name\":\"Sonoraenequipo.com.mx\",\"url\":\"https:\/\/www.sonoraenequipo.com.mx\/\",\"logo\":{\"@type\":\"ImageObject\",\"inLanguage\":\"es\",\"@id\":\"https:\/\/www.sonoraenequipo.com.mx\/#\/schema\/logo\/image\/\",\"url\":\"https:\/\/www.sonoraenequipo.com.mx\/storage\/2019\/01\/sonoraenequipo_opt.png\",\"contentUrl\":\"https:\/\/www.sonoraenequipo.com.mx\/storage\/2019\/01\/sonoraenequipo_opt.png\",\"width\":375,\"height\":125,\"caption\":\"Sonoraenequipo.com.mx\"},\"image\":{\"@id\":\"https:\/\/www.sonoraenequipo.com.mx\/#\/schema\/logo\/image\/\"},\"sameAs\":[\"https:\/\/www.facebook.com\/SonoraEE\/\",\"https:\/\/x.com\/sonoraenequipo\",\"https:\/\/www.youtube.com\/channel\/UC338nW-lPEYmJQs4ZABQ1SQ\"]},{\"@type\":\"Person\",\"@id\":\"https:\/\/www.sonoraenequipo.com.mx\/#\/schema\/person\/50102df0fb23a8fa9e8effad8fa81386\",\"name\":\"enequipo\",\"image\":{\"@type\":\"ImageObject\",\"inLanguage\":\"es\",\"@id\":\"https:\/\/www.sonoraenequipo.com.mx\/#\/schema\/person\/image\/\",\"url\":\"https:\/\/secure.gravatar.com\/avatar\/049821681b589dabc0bc20695993ccebb09f5b5d4d790cd9251b97faac7c652b?s=96&d=blank&r=g\",\"contentUrl\":\"https:\/\/secure.gravatar.com\/avatar\/049821681b589dabc0bc20695993ccebb09f5b5d4d790cd9251b97faac7c652b?s=96&d=blank&r=g\",\"caption\":\"enequipo\"},\"sameAs\":[\"https:\/\/www.facebook.com\/SonoraEE\"]}]}<\/script>\n ","yoast_head_json":{"title":"Sonora en Equipo. Los grandes duques de Luxemburgo se re\u00fanen con el Papa MUNDO","description":"Los grandes duques de Luxemburgo, Guillermo V y St\u00e9phanie y el Papa| Cr\u00e9dito: Vatican Media &nbsp; Los grandes duques de Luxemburgo, Guillermo V y En Sonora en Equipo publicamos toda la informaci\u00f3n de Sonora, M\u00e9xico y el Mundo de manera oportuna y busca que la libertad de expresi\u00f3n sea real. Visita nuestro medio informativo publicado desde Hermosillo, Sonora. %","robots":{"index":"index","follow":"follow","max-snippet":"max-snippet:-1","max-image-preview":"max-image-preview:large","max-video-preview":"max-video-preview:-1"},"canonical":"https:\/\/www.sonoraenequipo.com.mx\/los-grandes-duques-de-luxemburgo-se-reunen-con-el-papa\/","og_locale":"es_ES","og_type":"article","og_title":"Sonora en Equipo. Los grandes duques de Luxemburgo se re\u00fanen con el Papa MUNDO","og_description":"Los grandes duques de Luxemburgo, Guillermo V y St\u00e9phanie y el Papa| Cr\u00e9dito: Vatican Media &nbsp; Los grandes duques de Luxemburgo, Guillermo V y En Sonora en Equipo publicamos toda la informaci\u00f3n de Sonora, M\u00e9xico y el Mundo de manera oportuna y busca que la libertad de expresi\u00f3n sea real. Visita nuestro medio informativo publicado desde Hermosillo, Sonora. %","og_url":"https:\/\/www.sonoraenequipo.com.mx\/los-grandes-duques-de-luxemburgo-se-reunen-con-el-papa\/","og_site_name":"Sonora en Equipo.","article_publisher":"https:\/\/www.facebook.com\/SonoraEE\/","article_author":"https:\/\/www.facebook.com\/SonoraEE","article_published_time":"2026-01-25T23:30:05+00:00","og_image":[{"width":600,"height":400,"url":"https:\/\/www.sonoraenequipo.com.mx\/storage\/2026\/01\/papa-duques.jpg","type":"image\/jpeg"}],"author":"enequipo","twitter_card":"summary_large_image","twitter_creator":"@sonoraenequipo","twitter_site":"@sonoraenequipo","twitter_misc":{"Escrito por":"enequipo","Tiempo de lectura":"3 minutos"},"schema":{"@context":"https:\/\/schema.org","@graph":[{"@type":"Article","@id":"https:\/\/www.sonoraenequipo.com.mx\/los-grandes-duques-de-luxemburgo-se-reunen-con-el-papa\/#article","isPartOf":{"@id":"https:\/\/www.sonoraenequipo.com.mx\/los-grandes-duques-de-luxemburgo-se-reunen-con-el-papa\/"},"author":{"name":"enequipo","@id":"https:\/\/www.sonoraenequipo.com.mx\/#\/schema\/person\/50102df0fb23a8fa9e8effad8fa81386"},"headline":"Los grandes duques de Luxemburgo se re\u00fanen con el Papa","datePublished":"2026-01-25T23:30:05+00:00","mainEntityOfPage":{"@id":"https:\/\/www.sonoraenequipo.com.mx\/los-grandes-duques-de-luxemburgo-se-reunen-con-el-papa\/"},"wordCount":519,"commentCount":0,"publisher":{"@id":"https:\/\/www.sonoraenequipo.com.mx\/#organization"},"image":{"@id":"https:\/\/www.sonoraenequipo.com.mx\/los-grandes-duques-de-luxemburgo-se-reunen-con-el-papa\/#primaryimage"},"thumbnailUrl":"https:\/\/www.sonoraenequipo.com.mx\/storage\/2026\/01\/papa-duques.jpg","keywords":["papa leon XIV"],"articleSection":["MUNDO"],"inLanguage":"es","potentialAction":[{"@type":"CommentAction","name":"Comment","target":["https:\/\/www.sonoraenequipo.com.mx\/los-grandes-duques-de-luxemburgo-se-reunen-con-el-papa\/#respond"]}]},{"@type":"WebPage","@id":"https:\/\/www.sonoraenequipo.com.mx\/los-grandes-duques-de-luxemburgo-se-reunen-con-el-papa\/","url":"https:\/\/www.sonoraenequipo.com.mx\/los-grandes-duques-de-luxemburgo-se-reunen-con-el-papa\/","name":"Sonora en Equipo. Los grandes duques de Luxemburgo se re\u00fanen con el Papa MUNDO","isPartOf":{"@id":"https:\/\/www.sonoraenequipo.com.mx\/#website"},"primaryImageOfPage":{"@id":"https:\/\/www.sonoraenequipo.com.mx\/los-grandes-duques-de-luxemburgo-se-reunen-con-el-papa\/#primaryimage"},"image":{"@id":"https:\/\/www.sonoraenequipo.com.mx\/los-grandes-duques-de-luxemburgo-se-reunen-con-el-papa\/#primaryimage"},"thumbnailUrl":"https:\/\/www.sonoraenequipo.com.mx\/storage\/2026\/01\/papa-duques.jpg","datePublished":"2026-01-25T23:30:05+00:00","description":"Los grandes duques de Luxemburgo, Guillermo V y St\u00e9phanie y el Papa| Cr\u00e9dito: Vatican Media &nbsp; Los grandes duques de Luxemburgo, Guillermo V y En Sonora en Equipo publicamos toda la informaci\u00f3n de Sonora, M\u00e9xico y el Mundo de manera oportuna y busca que la libertad de expresi\u00f3n sea real. Visita nuestro medio informativo publicado desde Hermosillo, Sonora. %","breadcrumb":{"@id":"https:\/\/www.sonoraenequipo.com.mx\/los-grandes-duques-de-luxemburgo-se-reunen-con-el-papa\/#breadcrumb"},"inLanguage":"es","potentialAction":[{"@type":"ReadAction","target":["https:\/\/www.sonoraenequipo.com.mx\/los-grandes-duques-de-luxemburgo-se-reunen-con-el-papa\/"]}]},{"@type":"ImageObject","inLanguage":"es","@id":"https:\/\/www.sonoraenequipo.com.mx\/los-grandes-duques-de-luxemburgo-se-reunen-con-el-papa\/#primaryimage","url":"https:\/\/www.sonoraenequipo.com.mx\/storage\/2026\/01\/papa-duques.jpg","contentUrl":"https:\/\/www.sonoraenequipo.com.mx\/storage\/2026\/01\/papa-duques.jpg","width":600,"height":400,"caption":"Los grandes duques de Luxemburgo, Guillermo V y St\u00e9phanie y el Papa| Cr\u00e9dito: Vatican Media"},{"@type":"BreadcrumbList","@id":"https:\/\/www.sonoraenequipo.com.mx\/los-grandes-duques-de-luxemburgo-se-reunen-con-el-papa\/#breadcrumb","itemListElement":[{"@type":"ListItem","position":1,"name":"Portada","item":"https:\/\/www.sonoraenequipo.com.mx\/"},{"@type":"ListItem","position":2,"name":"Los grandes duques de Luxemburgo se re\u00fanen con el Papa"}]},{"@type":"WebSite","@id":"https:\/\/www.sonoraenequipo.com.mx\/#website","url":"https:\/\/www.sonoraenequipo.com.mx\/","name":"Sonora en Equipo.","description":"Diario en l\u00ednea con Noticias desde Hermosillo, Sonora","publisher":{"@id":"https:\/\/www.sonoraenequipo.com.mx\/#organization"},"potentialAction":[{"@type":"SearchAction","target":{"@type":"EntryPoint","urlTemplate":"https:\/\/www.sonoraenequipo.com.mx\/?s={search_term_string}"},"query-input":{"@type":"PropertyValueSpecification","valueRequired":true,"valueName":"search_term_string"}}],"inLanguage":"es"},{"@type":"Organization","@id":"https:\/\/www.sonoraenequipo.com.mx\/#organization","name":"Sonoraenequipo.com.mx","url":"https:\/\/www.sonoraenequipo.com.mx\/","logo":{"@type":"ImageObject","inLanguage":"es","@id":"https:\/\/www.sonoraenequipo.com.mx\/#\/schema\/logo\/image\/","url":"https:\/\/www.sonoraenequipo.com.mx\/storage\/2019\/01\/sonoraenequipo_opt.png","contentUrl":"https:\/\/www.sonoraenequipo.com.mx\/storage\/2019\/01\/sonoraenequipo_opt.png","width":375,"height":125,"caption":"Sonoraenequipo.com.mx"},"image":{"@id":"https:\/\/www.sonoraenequipo.com.mx\/#\/schema\/logo\/image\/"},"sameAs":["https:\/\/www.facebook.com\/SonoraEE\/","https:\/\/x.com\/sonoraenequipo","https:\/\/www.youtube.com\/channel\/UC338nW-lPEYmJQs4ZABQ1SQ"]},{"@type":"Person","@id":"https:\/\/www.sonoraenequipo.com.mx\/#\/schema\/person\/50102df0fb23a8fa9e8effad8fa81386","name":"enequipo","image":{"@type":"ImageObject","inLanguage":"es","@id":"https:\/\/www.sonoraenequipo.com.mx\/#\/schema\/person\/image\/","url":"https:\/\/secure.gravatar.com\/avatar\/049821681b589dabc0bc20695993ccebb09f5b5d4d790cd9251b97faac7c652b?s=96&d=blank&r=g","contentUrl":"https:\/\/secure.gravatar.com\/avatar\/049821681b589dabc0bc20695993ccebb09f5b5d4d790cd9251b97faac7c652b?s=96&d=blank&r=g","caption":"enequipo"},"sameAs":["https:\/\/www.facebook.com\/SonoraEE"]}]}},"jetpack_featured_media_url":"https:\/\/www.sonoraenequipo.com.mx\/storage\/2026\/01\/papa-duques.jpg","_links":{"self":[{"href":"https:\/\/www.sonoraenequipo.com.mx\/api\/wp\/v2\/posts\/233761","targetHints":{"allow":["GET"]}}],"collection":[{"href":"https:\/\/www.sonoraenequipo.com.mx\/api\/wp\/v2\/posts"}],"about":[{"href":"https:\/\/www.sonoraenequipo.com.mx\/api\/wp\/v2\/types\/post"}],"author":[{"embeddable":true,"href":"https:\/\/www.sonoraenequipo.com.mx\/api\/wp\/v2\/users\/1"}],"replies":[{"embeddable":true,"href":"https:\/\/www.sonoraenequipo.com.mx\/api\/wp\/v2\/comments?post=233761"}],"version-history":[{"count":1,"href":"https:\/\/www.sonoraenequipo.com.mx\/api\/wp\/v2\/posts\/233761\/revisions"}],"predecessor-version":[{"id":233763,"href":"https:\/\/www.sonoraenequipo.com.mx\/api\/wp\/v2\/posts\/233761\/revisions\/233763"}],"wp:featuredmedia":[{"embeddable":true,"href":"https:\/\/www.sonoraenequipo.com.mx\/api\/wp\/v2\/media\/233762"}],"wp:attachment":[{"href":"https:\/\/www.sonoraenequipo.com.mx\/api\/wp\/v2\/media?parent=233761"}],"wp:term":[{"taxonomy":"category","embeddable":true,"href":"https:\/\/www.sonoraenequipo.com.mx\/api\/wp\/v2\/categories?post=233761"},{"taxonomy":"post_tag","embeddable":true,"href":"https:\/\/www.sonoraenequipo.com.mx\/api\/wp\/v2\/tags?post=233761"}],"curies":[{"name":"wp","href":"https:\/\/api.w.org\/{rel}","templated":true}]}}