{"id":233769,"date":"2026-01-25T13:01:29","date_gmt":"2026-01-25T20:01:29","guid":{"rendered":"https:\/\/www.sonoraenequipo.com.mx\/?p=233769"},"modified":"2026-01-25T19:26:33","modified_gmt":"2026-01-26T02:26:33","slug":"incendio-deja-dos-personas-sin-vida-en-slrc-fgjes-investiga-causas","status":"publish","type":"post","link":"https:\/\/www.sonoraenequipo.com.mx\/incendio-deja-dos-personas-sin-vida-en-slrc-fgjes-investiga-causas\/","title":{"rendered":"Incendio deja dos personas sin vida en SLRC, FGJES investiga causas"},"content":{"rendered":"<p><strong>SAN LUIS R\u00cdO COLORADO, SONORA, MX.<\/strong><strong> \u0336 \u0336\u00a0 <\/strong>La Fiscal\u00eda General de Justicia del Estado de Sonora (FGJES) informa que inici\u00f3 las investigaciones correspondientes tras registrarse un incendio en un domicilio de la colonia Solidaridad, en el municipio de San Luis R\u00edo Colorado(SLRC) , donde dos personas con capacidades diferentes\u00a0 perdieron la vida.<\/p>\n<p>&nbsp;<\/p>\n<p>El hecho fue reportado alrededor del mediod\u00eda de este jueves, por lo que personal de Servicios Periciales, Polic\u00eda Investigadora y Bomberos acudieron al lugar para realizar las diligencias iniciales y el procesamiento de la escena.<\/p>\n<p>&nbsp;<\/p>\n<p>De acuerdo con las primeras indagatorias, el incendio se habr\u00eda originado al interior del inmueble; sin embargo, las causas exactas se encuentran en proceso de an\u00e1lisis.<\/p>\n<p>&nbsp;<\/p>\n<p>Asimismo, se informa que los familiares de las v\u00edctimas ya est\u00e1n siendo atendidos por las instancias correspondientes de desarrollo social, a fin de brindarles el acompa\u00f1amiento y apoyo necesarios ante esta situaci\u00f3n.<\/p>\n<p>&nbsp;<\/p>\n<p>La Fiscal\u00eda mantiene abierta la carpeta de investigaci\u00f3n y continuar\u00e1 con los actos necesarios para esclarecer plenamente los hechos, reiterando su compromiso de actuar con estricto apego a la legalidad y respeto a las v\u00edctimas y sus familiares.<\/p>\n<p><strong>Fecha de publicaci\u00f3n domingo 25 de enero de 2026<\/strong><\/p>\n<p>&nbsp;<\/p>\n","protected":false},"excerpt":{"rendered":"<p>SAN LUIS R\u00cdO COLORADO, SONORA, MX. \u0336 \u0336\u00a0 La Fiscal\u00eda General de Justicia del Estado&#8230;<\/p>\n","protected":false},"author":1,"featured_media":178327,"comment_status":"open","ping_status":"open","sticky":false,"template":"","format":"standard","meta":{"_monsterinsights_skip_tracking":false,"_monsterinsights_sitenote_active":false,"_monsterinsights_sitenote_note":"","_monsterinsights_sitenote_category":0,"footnotes":""},"categories":[3144],"tags":[4511,1391,7406],"class_list":["post"],"yoast_head":" \n<title>Sonora en Equipo. Incendio deja dos personas sin vida en SLRC, FGJES investiga causas Polic\u00edaca<\/title>\n<meta name=\"description\" content=\"SAN LUIS R\u00cdO COLORADO, SONORA, MX. \u0336 \u0336\u00a0 La Fiscal\u00eda General de Justicia del Estado de Sonora (FGJES) informa que inici\u00f3 las investigaciones En Sonora en Equipo publicamos toda la informaci\u00f3n de Sonora, M\u00e9xico y el Mundo de manera oportuna y busca que la libertad de expresi\u00f3n sea real. Visita nuestro medio informativo publicado desde Hermosillo, Sonora. %\" \/>\n<meta name=\"robots\" content=\"index, follow, max-snippet:-1, max-image-preview:large, max-video-preview:-1\" \/>\n<link rel=\"canonical\" href=\"https:\/\/www.sonoraenequipo.com.mx\/incendio-deja-dos-personas-sin-vida-en-slrc-fgjes-investiga-causas\/\" \/>\n<meta property=\"og:locale\" content=\"es_ES\" \/>\n<meta property=\"og:type\" content=\"article\" \/>\n<meta property=\"og:title\" content=\"Sonora en Equipo. Incendio deja dos personas sin vida en SLRC, FGJES investiga causas Polic\u00edaca\" \/>\n<meta property=\"og:description\" content=\"SAN LUIS R\u00cdO COLORADO, SONORA, MX. \u0336 \u0336\u00a0 La Fiscal\u00eda General de Justicia del Estado de Sonora (FGJES) informa que inici\u00f3 las investigaciones En Sonora en Equipo publicamos toda la informaci\u00f3n de Sonora, M\u00e9xico y el Mundo de manera oportuna y busca que la libertad de expresi\u00f3n sea real. Visita nuestro medio informativo publicado desde Hermosillo, Sonora. %\" \/>\n<meta property=\"og:url\" content=\"https:\/\/www.sonoraenequipo.com.mx\/incendio-deja-dos-personas-sin-vida-en-slrc-fgjes-investiga-causas\/\" \/>\n<meta property=\"og:site_name\" content=\"Sonora en Equipo.\" \/>\n<meta property=\"article:publisher\" content=\"https:\/\/www.facebook.com\/SonoraEE\/\" \/>\n<meta property=\"article:author\" content=\"https:\/\/www.facebook.com\/SonoraEE\" \/>\n<meta property=\"article:published_time\" content=\"2026-01-25T20:01:29+00:00\" \/>\n<meta property=\"article:modified_time\" content=\"2026-01-26T02:26:33+00:00\" \/>\n<meta property=\"og:image\" content=\"https:\/\/www.sonoraenequipo.com.mx\/storage\/2023\/11\/logo-fgjes.jpg\" \/>\n\t<meta property=\"og:image:width\" content=\"900\" \/>\n\t<meta property=\"og:image:height\" content=\"600\" \/>\n\t<meta property=\"og:image:type\" content=\"image\/jpeg\" \/>\n<meta name=\"author\" content=\"enequipo\" \/>\n<meta name=\"twitter:card\" content=\"summary_large_image\" \/>\n<meta name=\"twitter:creator\" content=\"@sonoraenequipo\" \/>\n<meta name=\"twitter:site\" content=\"@sonoraenequipo\" \/>\n<meta name=\"twitter:label1\" content=\"Escrito por\" \/>\n\t<meta name=\"twitter:data1\" content=\"enequipo\" \/>\n\t<meta name=\"twitter:label2\" content=\"Tiempo de lectura\" \/>\n\t<meta name=\"twitter:data2\" content=\"1 minuto\" \/>\n<script type=\"application\/ld+json\" class=\"yoast-schema-graph\">{\"@context\":\"https:\/\/schema.org\",\"@graph\":[{\"@type\":\"Article\",\"@id\":\"https:\/\/www.sonoraenequipo.com.mx\/incendio-deja-dos-personas-sin-vida-en-slrc-fgjes-investiga-causas\/#article\",\"isPartOf\":{\"@id\":\"https:\/\/www.sonoraenequipo.com.mx\/incendio-deja-dos-personas-sin-vida-en-slrc-fgjes-investiga-causas\/\"},\"author\":{\"name\":\"enequipo\",\"@id\":\"https:\/\/www.sonoraenequipo.com.mx\/#\/schema\/person\/50102df0fb23a8fa9e8effad8fa81386\"},\"headline\":\"Incendio deja dos personas sin vida en SLRC, FGJES investiga causas\",\"datePublished\":\"2026-01-25T20:01:29+00:00\",\"dateModified\":\"2026-01-26T02:26:33+00:00\",\"mainEntityOfPage\":{\"@id\":\"https:\/\/www.sonoraenequipo.com.mx\/incendio-deja-dos-personas-sin-vida-en-slrc-fgjes-investiga-causas\/\"},\"wordCount\":220,\"commentCount\":0,\"publisher\":{\"@id\":\"https:\/\/www.sonoraenequipo.com.mx\/#organization\"},\"image\":{\"@id\":\"https:\/\/www.sonoraenequipo.com.mx\/incendio-deja-dos-personas-sin-vida-en-slrc-fgjes-investiga-causas\/#primaryimage\"},\"thumbnailUrl\":\"https:\/\/www.sonoraenequipo.com.mx\/storage\/2023\/11\/logo-fgjes.jpg\",\"keywords\":[\"fgjes\",\"INCENDIO\",\"slrc\"],\"articleSection\":[\"Polic\u00edaca\"],\"inLanguage\":\"es\",\"potentialAction\":[{\"@type\":\"CommentAction\",\"name\":\"Comment\",\"target\":[\"https:\/\/www.sonoraenequipo.com.mx\/incendio-deja-dos-personas-sin-vida-en-slrc-fgjes-investiga-causas\/#respond\"]}]},{\"@type\":\"WebPage\",\"@id\":\"https:\/\/www.sonoraenequipo.com.mx\/incendio-deja-dos-personas-sin-vida-en-slrc-fgjes-investiga-causas\/\",\"url\":\"https:\/\/www.sonoraenequipo.com.mx\/incendio-deja-dos-personas-sin-vida-en-slrc-fgjes-investiga-causas\/\",\"name\":\"Sonora en Equipo. Incendio deja dos personas sin vida en SLRC, FGJES investiga causas Polic\u00edaca\",\"isPartOf\":{\"@id\":\"https:\/\/www.sonoraenequipo.com.mx\/#website\"},\"primaryImageOfPage\":{\"@id\":\"https:\/\/www.sonoraenequipo.com.mx\/incendio-deja-dos-personas-sin-vida-en-slrc-fgjes-investiga-causas\/#primaryimage\"},\"image\":{\"@id\":\"https:\/\/www.sonoraenequipo.com.mx\/incendio-deja-dos-personas-sin-vida-en-slrc-fgjes-investiga-causas\/#primaryimage\"},\"thumbnailUrl\":\"https:\/\/www.sonoraenequipo.com.mx\/storage\/2023\/11\/logo-fgjes.jpg\",\"datePublished\":\"2026-01-25T20:01:29+00:00\",\"dateModified\":\"2026-01-26T02:26:33+00:00\",\"description\":\"SAN LUIS R\u00cdO COLORADO, SONORA, MX. \u0336 \u0336\u00a0 La Fiscal\u00eda General de Justicia del Estado de Sonora (FGJES) informa que inici\u00f3 las investigaciones En Sonora en Equipo publicamos toda la informaci\u00f3n de Sonora, M\u00e9xico y el Mundo de manera oportuna y busca que la libertad de expresi\u00f3n sea real. Visita nuestro medio informativo publicado desde Hermosillo, Sonora. %\",\"breadcrumb\":{\"@id\":\"https:\/\/www.sonoraenequipo.com.mx\/incendio-deja-dos-personas-sin-vida-en-slrc-fgjes-investiga-causas\/#breadcrumb\"},\"inLanguage\":\"es\",\"potentialAction\":[{\"@type\":\"ReadAction\",\"target\":[\"https:\/\/www.sonoraenequipo.com.mx\/incendio-deja-dos-personas-sin-vida-en-slrc-fgjes-investiga-causas\/\"]}]},{\"@type\":\"ImageObject\",\"inLanguage\":\"es\",\"@id\":\"https:\/\/www.sonoraenequipo.com.mx\/incendio-deja-dos-personas-sin-vida-en-slrc-fgjes-investiga-causas\/#primaryimage\",\"url\":\"https:\/\/www.sonoraenequipo.com.mx\/storage\/2023\/11\/logo-fgjes.jpg\",\"contentUrl\":\"https:\/\/www.sonoraenequipo.com.mx\/storage\/2023\/11\/logo-fgjes.jpg\",\"width\":900,\"height\":600},{\"@type\":\"BreadcrumbList\",\"@id\":\"https:\/\/www.sonoraenequipo.com.mx\/incendio-deja-dos-personas-sin-vida-en-slrc-fgjes-investiga-causas\/#breadcrumb\",\"itemListElement\":[{\"@type\":\"ListItem\",\"position\":1,\"name\":\"Portada\",\"item\":\"https:\/\/www.sonoraenequipo.com.mx\/\"},{\"@type\":\"ListItem\",\"position\":2,\"name\":\"Incendio deja dos personas sin vida en SLRC, FGJES investiga causas\"}]},{\"@type\":\"WebSite\",\"@id\":\"https:\/\/www.sonoraenequipo.com.mx\/#website\",\"url\":\"https:\/\/www.sonoraenequipo.com.mx\/\",\"name\":\"Sonora en Equipo.\",\"description\":\"Diario en l\u00ednea con Noticias desde Hermosillo, Sonora\",\"publisher\":{\"@id\":\"https:\/\/www.sonoraenequipo.com.mx\/#organization\"},\"potentialAction\":[{\"@type\":\"SearchAction\",\"target\":{\"@type\":\"EntryPoint\",\"urlTemplate\":\"https:\/\/www.sonoraenequipo.com.mx\/?s={search_term_string}\"},\"query-input\":{\"@type\":\"PropertyValueSpecification\",\"valueRequired\":true,\"valueName\":\"search_term_string\"}}],\"inLanguage\":\"es\"},{\"@type\":\"Organization\",\"@id\":\"https:\/\/www.sonoraenequipo.com.mx\/#organization\",\"name\":\"Sonoraenequipo.com.mx\",\"url\":\"https:\/\/www.sonoraenequipo.com.mx\/\",\"logo\":{\"@type\":\"ImageObject\",\"inLanguage\":\"es\",\"@id\":\"https:\/\/www.sonoraenequipo.com.mx\/#\/schema\/logo\/image\/\",\"url\":\"https:\/\/www.sonoraenequipo.com.mx\/storage\/2019\/01\/sonoraenequipo_opt.png\",\"contentUrl\":\"https:\/\/www.sonoraenequipo.com.mx\/storage\/2019\/01\/sonoraenequipo_opt.png\",\"width\":375,\"height\":125,\"caption\":\"Sonoraenequipo.com.mx\"},\"image\":{\"@id\":\"https:\/\/www.sonoraenequipo.com.mx\/#\/schema\/logo\/image\/\"},\"sameAs\":[\"https:\/\/www.facebook.com\/SonoraEE\/\",\"https:\/\/x.com\/sonoraenequipo\",\"https:\/\/www.youtube.com\/channel\/UC338nW-lPEYmJQs4ZABQ1SQ\"]},{\"@type\":\"Person\",\"@id\":\"https:\/\/www.sonoraenequipo.com.mx\/#\/schema\/person\/50102df0fb23a8fa9e8effad8fa81386\",\"name\":\"enequipo\",\"image\":{\"@type\":\"ImageObject\",\"inLanguage\":\"es\",\"@id\":\"https:\/\/www.sonoraenequipo.com.mx\/#\/schema\/person\/image\/\",\"url\":\"https:\/\/secure.gravatar.com\/avatar\/049821681b589dabc0bc20695993ccebb09f5b5d4d790cd9251b97faac7c652b?s=96&d=blank&r=g\",\"contentUrl\":\"https:\/\/secure.gravatar.com\/avatar\/049821681b589dabc0bc20695993ccebb09f5b5d4d790cd9251b97faac7c652b?s=96&d=blank&r=g\",\"caption\":\"enequipo\"},\"sameAs\":[\"https:\/\/www.facebook.com\/SonoraEE\"]}]}<\/script>\n ","yoast_head_json":{"title":"Sonora en Equipo. Incendio deja dos personas sin vida en SLRC, FGJES investiga causas Polic\u00edaca","description":"SAN LUIS R\u00cdO COLORADO, SONORA, MX. \u0336 \u0336\u00a0 La Fiscal\u00eda General de Justicia del Estado de Sonora (FGJES) informa que inici\u00f3 las investigaciones En Sonora en Equipo publicamos toda la informaci\u00f3n de Sonora, M\u00e9xico y el Mundo de manera oportuna y busca que la libertad de expresi\u00f3n sea real. Visita nuestro medio informativo publicado desde Hermosillo, Sonora. %","robots":{"index":"index","follow":"follow","max-snippet":"max-snippet:-1","max-image-preview":"max-image-preview:large","max-video-preview":"max-video-preview:-1"},"canonical":"https:\/\/www.sonoraenequipo.com.mx\/incendio-deja-dos-personas-sin-vida-en-slrc-fgjes-investiga-causas\/","og_locale":"es_ES","og_type":"article","og_title":"Sonora en Equipo. Incendio deja dos personas sin vida en SLRC, FGJES investiga causas Polic\u00edaca","og_description":"SAN LUIS R\u00cdO COLORADO, SONORA, MX. \u0336 \u0336\u00a0 La Fiscal\u00eda General de Justicia del Estado de Sonora (FGJES) informa que inici\u00f3 las investigaciones En Sonora en Equipo publicamos toda la informaci\u00f3n de Sonora, M\u00e9xico y el Mundo de manera oportuna y busca que la libertad de expresi\u00f3n sea real. Visita nuestro medio informativo publicado desde Hermosillo, Sonora. %","og_url":"https:\/\/www.sonoraenequipo.com.mx\/incendio-deja-dos-personas-sin-vida-en-slrc-fgjes-investiga-causas\/","og_site_name":"Sonora en Equipo.","article_publisher":"https:\/\/www.facebook.com\/SonoraEE\/","article_author":"https:\/\/www.facebook.com\/SonoraEE","article_published_time":"2026-01-25T20:01:29+00:00","article_modified_time":"2026-01-26T02:26:33+00:00","og_image":[{"width":900,"height":600,"url":"https:\/\/www.sonoraenequipo.com.mx\/storage\/2023\/11\/logo-fgjes.jpg","type":"image\/jpeg"}],"author":"enequipo","twitter_card":"summary_large_image","twitter_creator":"@sonoraenequipo","twitter_site":"@sonoraenequipo","twitter_misc":{"Escrito por":"enequipo","Tiempo de lectura":"1 minuto"},"schema":{"@context":"https:\/\/schema.org","@graph":[{"@type":"Article","@id":"https:\/\/www.sonoraenequipo.com.mx\/incendio-deja-dos-personas-sin-vida-en-slrc-fgjes-investiga-causas\/#article","isPartOf":{"@id":"https:\/\/www.sonoraenequipo.com.mx\/incendio-deja-dos-personas-sin-vida-en-slrc-fgjes-investiga-causas\/"},"author":{"name":"enequipo","@id":"https:\/\/www.sonoraenequipo.com.mx\/#\/schema\/person\/50102df0fb23a8fa9e8effad8fa81386"},"headline":"Incendio deja dos personas sin vida en SLRC, FGJES investiga causas","datePublished":"2026-01-25T20:01:29+00:00","dateModified":"2026-01-26T02:26:33+00:00","mainEntityOfPage":{"@id":"https:\/\/www.sonoraenequipo.com.mx\/incendio-deja-dos-personas-sin-vida-en-slrc-fgjes-investiga-causas\/"},"wordCount":220,"commentCount":0,"publisher":{"@id":"https:\/\/www.sonoraenequipo.com.mx\/#organization"},"image":{"@id":"https:\/\/www.sonoraenequipo.com.mx\/incendio-deja-dos-personas-sin-vida-en-slrc-fgjes-investiga-causas\/#primaryimage"},"thumbnailUrl":"https:\/\/www.sonoraenequipo.com.mx\/storage\/2023\/11\/logo-fgjes.jpg","keywords":["fgjes","INCENDIO","slrc"],"articleSection":["Polic\u00edaca"],"inLanguage":"es","potentialAction":[{"@type":"CommentAction","name":"Comment","target":["https:\/\/www.sonoraenequipo.com.mx\/incendio-deja-dos-personas-sin-vida-en-slrc-fgjes-investiga-causas\/#respond"]}]},{"@type":"WebPage","@id":"https:\/\/www.sonoraenequipo.com.mx\/incendio-deja-dos-personas-sin-vida-en-slrc-fgjes-investiga-causas\/","url":"https:\/\/www.sonoraenequipo.com.mx\/incendio-deja-dos-personas-sin-vida-en-slrc-fgjes-investiga-causas\/","name":"Sonora en Equipo. Incendio deja dos personas sin vida en SLRC, FGJES investiga causas Polic\u00edaca","isPartOf":{"@id":"https:\/\/www.sonoraenequipo.com.mx\/#website"},"primaryImageOfPage":{"@id":"https:\/\/www.sonoraenequipo.com.mx\/incendio-deja-dos-personas-sin-vida-en-slrc-fgjes-investiga-causas\/#primaryimage"},"image":{"@id":"https:\/\/www.sonoraenequipo.com.mx\/incendio-deja-dos-personas-sin-vida-en-slrc-fgjes-investiga-causas\/#primaryimage"},"thumbnailUrl":"https:\/\/www.sonoraenequipo.com.mx\/storage\/2023\/11\/logo-fgjes.jpg","datePublished":"2026-01-25T20:01:29+00:00","dateModified":"2026-01-26T02:26:33+00:00","description":"SAN LUIS R\u00cdO COLORADO, SONORA, MX. \u0336 \u0336\u00a0 La Fiscal\u00eda General de Justicia del Estado de Sonora (FGJES) informa que inici\u00f3 las investigaciones En Sonora en Equipo publicamos toda la informaci\u00f3n de Sonora, M\u00e9xico y el Mundo de manera oportuna y busca que la libertad de expresi\u00f3n sea real. Visita nuestro medio informativo publicado desde Hermosillo, Sonora. %","breadcrumb":{"@id":"https:\/\/www.sonoraenequipo.com.mx\/incendio-deja-dos-personas-sin-vida-en-slrc-fgjes-investiga-causas\/#breadcrumb"},"inLanguage":"es","potentialAction":[{"@type":"ReadAction","target":["https:\/\/www.sonoraenequipo.com.mx\/incendio-deja-dos-personas-sin-vida-en-slrc-fgjes-investiga-causas\/"]}]},{"@type":"ImageObject","inLanguage":"es","@id":"https:\/\/www.sonoraenequipo.com.mx\/incendio-deja-dos-personas-sin-vida-en-slrc-fgjes-investiga-causas\/#primaryimage","url":"https:\/\/www.sonoraenequipo.com.mx\/storage\/2023\/11\/logo-fgjes.jpg","contentUrl":"https:\/\/www.sonoraenequipo.com.mx\/storage\/2023\/11\/logo-fgjes.jpg","width":900,"height":600},{"@type":"BreadcrumbList","@id":"https:\/\/www.sonoraenequipo.com.mx\/incendio-deja-dos-personas-sin-vida-en-slrc-fgjes-investiga-causas\/#breadcrumb","itemListElement":[{"@type":"ListItem","position":1,"name":"Portada","item":"https:\/\/www.sonoraenequipo.com.mx\/"},{"@type":"ListItem","position":2,"name":"Incendio deja dos personas sin vida en SLRC, FGJES investiga causas"}]},{"@type":"WebSite","@id":"https:\/\/www.sonoraenequipo.com.mx\/#website","url":"https:\/\/www.sonoraenequipo.com.mx\/","name":"Sonora en Equipo.","description":"Diario en l\u00ednea con Noticias desde Hermosillo, Sonora","publisher":{"@id":"https:\/\/www.sonoraenequipo.com.mx\/#organization"},"potentialAction":[{"@type":"SearchAction","target":{"@type":"EntryPoint","urlTemplate":"https:\/\/www.sonoraenequipo.com.mx\/?s={search_term_string}"},"query-input":{"@type":"PropertyValueSpecification","valueRequired":true,"valueName":"search_term_string"}}],"inLanguage":"es"},{"@type":"Organization","@id":"https:\/\/www.sonoraenequipo.com.mx\/#organization","name":"Sonoraenequipo.com.mx","url":"https:\/\/www.sonoraenequipo.com.mx\/","logo":{"@type":"ImageObject","inLanguage":"es","@id":"https:\/\/www.sonoraenequipo.com.mx\/#\/schema\/logo\/image\/","url":"https:\/\/www.sonoraenequipo.com.mx\/storage\/2019\/01\/sonoraenequipo_opt.png","contentUrl":"https:\/\/www.sonoraenequipo.com.mx\/storage\/2019\/01\/sonoraenequipo_opt.png","width":375,"height":125,"caption":"Sonoraenequipo.com.mx"},"image":{"@id":"https:\/\/www.sonoraenequipo.com.mx\/#\/schema\/logo\/image\/"},"sameAs":["https:\/\/www.facebook.com\/SonoraEE\/","https:\/\/x.com\/sonoraenequipo","https:\/\/www.youtube.com\/channel\/UC338nW-lPEYmJQs4ZABQ1SQ"]},{"@type":"Person","@id":"https:\/\/www.sonoraenequipo.com.mx\/#\/schema\/person\/50102df0fb23a8fa9e8effad8fa81386","name":"enequipo","image":{"@type":"ImageObject","inLanguage":"es","@id":"https:\/\/www.sonoraenequipo.com.mx\/#\/schema\/person\/image\/","url":"https:\/\/secure.gravatar.com\/avatar\/049821681b589dabc0bc20695993ccebb09f5b5d4d790cd9251b97faac7c652b?s=96&d=blank&r=g","contentUrl":"https:\/\/secure.gravatar.com\/avatar\/049821681b589dabc0bc20695993ccebb09f5b5d4d790cd9251b97faac7c652b?s=96&d=blank&r=g","caption":"enequipo"},"sameAs":["https:\/\/www.facebook.com\/SonoraEE"]}]}},"jetpack_featured_media_url":"https:\/\/www.sonoraenequipo.com.mx\/storage\/2023\/11\/logo-fgjes.jpg","_links":{"self":[{"href":"https:\/\/www.sonoraenequipo.com.mx\/api\/wp\/v2\/posts\/233769","targetHints":{"allow":["GET"]}}],"collection":[{"href":"https:\/\/www.sonoraenequipo.com.mx\/api\/wp\/v2\/posts"}],"about":[{"href":"https:\/\/www.sonoraenequipo.com.mx\/api\/wp\/v2\/types\/post"}],"author":[{"embeddable":true,"href":"https:\/\/www.sonoraenequipo.com.mx\/api\/wp\/v2\/users\/1"}],"replies":[{"embeddable":true,"href":"https:\/\/www.sonoraenequipo.com.mx\/api\/wp\/v2\/comments?post=233769"}],"version-history":[{"count":1,"href":"https:\/\/www.sonoraenequipo.com.mx\/api\/wp\/v2\/posts\/233769\/revisions"}],"predecessor-version":[{"id":233770,"href":"https:\/\/www.sonoraenequipo.com.mx\/api\/wp\/v2\/posts\/233769\/revisions\/233770"}],"wp:featuredmedia":[{"embeddable":true,"href":"https:\/\/www.sonoraenequipo.com.mx\/api\/wp\/v2\/media\/178327"}],"wp:attachment":[{"href":"https:\/\/www.sonoraenequipo.com.mx\/api\/wp\/v2\/media?parent=233769"}],"wp:term":[{"taxonomy":"category","embeddable":true,"href":"https:\/\/www.sonoraenequipo.com.mx\/api\/wp\/v2\/categories?post=233769"},{"taxonomy":"post_tag","embeddable":true,"href":"https:\/\/www.sonoraenequipo.com.mx\/api\/wp\/v2\/tags?post=233769"}],"curies":[{"name":"wp","href":"https:\/\/api.w.org\/{rel}","templated":true}]}}