{"id":233774,"date":"2026-01-25T18:42:33","date_gmt":"2026-01-26T01:42:33","guid":{"rendered":"https:\/\/www.sonoraenequipo.com.mx\/?p=233774"},"modified":"2026-01-25T19:24:55","modified_gmt":"2026-01-26T02:24:55","slug":"ante-pronostico-de-bajas-temperaturas-modifican-horario-de-clases-del-26-al-29-en-toda-la-entidad","status":"publish","type":"post","link":"https:\/\/www.sonoraenequipo.com.mx\/ante-pronostico-de-bajas-temperaturas-modifican-horario-de-clases-del-26-al-29-en-toda-la-entidad\/","title":{"rendered":"Ante pron\u00f3stico de bajas temperaturas modifican horario de clases del 26 al 29 en toda la entidad"},"content":{"rendered":"<p><strong>HERMOSILLO, SONORA, MX.<\/strong> \u2014\u00a0 Con el objetivo de proteger la integridad de las y los estudiantes ante los pron\u00f3sticos de bajas temperaturas, el Gobierno de Sonora, a trav\u00e9s de la Secretar\u00eda de Educaci\u00f3n y Cultura (SEC) anunci\u00f3 la modificaci\u00f3n temporal del horario de clases en las escuelas p\u00fablicas y particulares de nivel b\u00e1sico de los 72 municipios.<\/p>\n<p>&nbsp;<\/p>\n<p>La dependencia educativa estatal detall\u00f3 que dicha medida ser\u00e1 efectiva del lunes 26 al jueves 29 de enero y consistir\u00e1 en la entrada a clases una hora m\u00e1s tarde en el turno matutino, mientras que en el turno vespertino la hora de salida se adelantar\u00e1 una hora.<\/p>\n<p>&nbsp;<\/p>\n<p>El titular de la SEC, Froyl\u00e1n G\u00e1mez Gamboa, se\u00f1al\u00f3 que de acuerdo con informaci\u00f3n de las autoridades de Protecci\u00f3n Civil, las condiciones clim\u00e1ticas pronosticadas para la siguiente semana representan un riesgo para la salud e integridad de las y los estudiantes, particularmente de los menores de edad qui\u00e9nes son m\u00e1s vulnerables a enfermedades respiratorias y otros padecimientos asociados a las bajas temperaturas.<\/p>\n<p>&nbsp;<\/p>\n<p>Dicha medida, abund\u00f3, permitir\u00e1 reducir la exposici\u00f3n de la comunidad estudiantil al fr\u00edo extremo, sin afectar de manera sustancial el desarrollo de las actividades acad\u00e9micas, priorizando en todo momento el bienestar f\u00edsico y emocional del alumnado.<\/p>\n<p>&nbsp;<\/p>\n<p>El funcionario estatal hizo un llamado a enviar bien abrigados a los estudiantes para cuidar su salud y exhort\u00f3 a la sociedad en general a permanecer atenta a cualquier aviso que emitan las autoridades correspondientes a trav\u00e9s de los medios oficiales de informaci\u00f3n.<\/p>\n<p><strong>Fecha de publicaci\u00f3n domingo 25 de enero de 2026<\/strong><\/p>\n","protected":false},"excerpt":{"rendered":"<p>HERMOSILLO, SONORA, MX. \u2014\u00a0 Con el objetivo de proteger la integridad de las y los&#8230;<\/p>\n","protected":false},"author":1,"featured_media":158851,"comment_status":"open","ping_status":"open","sticky":false,"template":"","format":"standard","meta":{"_monsterinsights_skip_tracking":false,"_monsterinsights_sitenote_active":false,"_monsterinsights_sitenote_note":"","_monsterinsights_sitenote_category":0,"footnotes":""},"categories":[22],"tags":[477,2978,15],"class_list":["post"],"yoast_head":" \n<title>Sonora en Equipo. Ante pron\u00f3stico de bajas temperaturas modifican horario de clases del 26 al 29 en toda la entidad Sonora<\/title>\n<meta name=\"description\" content=\"HERMOSILLO, SONORA, MX. \u2014\u00a0 Con el objetivo de proteger la integridad de las y los estudiantes ante los pron\u00f3sticos de bajas temperaturas, el Gobierno de En Sonora en Equipo publicamos toda la informaci\u00f3n de Sonora, M\u00e9xico y el Mundo de manera oportuna y busca que la libertad de expresi\u00f3n sea real. Visita nuestro medio informativo publicado desde Hermosillo, Sonora. %\" \/>\n<meta name=\"robots\" content=\"index, follow, max-snippet:-1, max-image-preview:large, max-video-preview:-1\" \/>\n<link rel=\"canonical\" href=\"https:\/\/www.sonoraenequipo.com.mx\/ante-pronostico-de-bajas-temperaturas-modifican-horario-de-clases-del-26-al-29-en-toda-la-entidad\/\" \/>\n<meta property=\"og:locale\" content=\"es_ES\" \/>\n<meta property=\"og:type\" content=\"article\" \/>\n<meta property=\"og:title\" content=\"Sonora en Equipo. Ante pron\u00f3stico de bajas temperaturas modifican horario de clases del 26 al 29 en toda la entidad Sonora\" \/>\n<meta property=\"og:description\" content=\"HERMOSILLO, SONORA, MX. \u2014\u00a0 Con el objetivo de proteger la integridad de las y los estudiantes ante los pron\u00f3sticos de bajas temperaturas, el Gobierno de En Sonora en Equipo publicamos toda la informaci\u00f3n de Sonora, M\u00e9xico y el Mundo de manera oportuna y busca que la libertad de expresi\u00f3n sea real. Visita nuestro medio informativo publicado desde Hermosillo, Sonora. %\" \/>\n<meta property=\"og:url\" content=\"https:\/\/www.sonoraenequipo.com.mx\/ante-pronostico-de-bajas-temperaturas-modifican-horario-de-clases-del-26-al-29-en-toda-la-entidad\/\" \/>\n<meta property=\"og:site_name\" content=\"Sonora en Equipo.\" \/>\n<meta property=\"article:publisher\" content=\"https:\/\/www.facebook.com\/SonoraEE\/\" \/>\n<meta property=\"article:author\" content=\"https:\/\/www.facebook.com\/SonoraEE\" \/>\n<meta property=\"article:published_time\" content=\"2026-01-26T01:42:33+00:00\" \/>\n<meta property=\"article:modified_time\" content=\"2026-01-26T02:24:55+00:00\" \/>\n<meta property=\"og:image\" content=\"https:\/\/www.sonoraenequipo.com.mx\/storage\/2023\/02\/horario-escuelas-frio-min.jpg\" \/>\n\t<meta property=\"og:image:width\" content=\"900\" \/>\n\t<meta property=\"og:image:height\" content=\"556\" \/>\n\t<meta property=\"og:image:type\" content=\"image\/jpeg\" \/>\n<meta name=\"author\" content=\"enequipo\" \/>\n<meta name=\"twitter:card\" content=\"summary_large_image\" \/>\n<meta name=\"twitter:creator\" content=\"@sonoraenequipo\" \/>\n<meta name=\"twitter:site\" content=\"@sonoraenequipo\" \/>\n<meta name=\"twitter:label1\" content=\"Escrito por\" \/>\n\t<meta name=\"twitter:data1\" content=\"enequipo\" \/>\n\t<meta name=\"twitter:label2\" content=\"Tiempo de lectura\" \/>\n\t<meta name=\"twitter:data2\" content=\"1 minuto\" \/>\n<script type=\"application\/ld+json\" class=\"yoast-schema-graph\">{\"@context\":\"https:\/\/schema.org\",\"@graph\":[{\"@type\":\"Article\",\"@id\":\"https:\/\/www.sonoraenequipo.com.mx\/ante-pronostico-de-bajas-temperaturas-modifican-horario-de-clases-del-26-al-29-en-toda-la-entidad\/#article\",\"isPartOf\":{\"@id\":\"https:\/\/www.sonoraenequipo.com.mx\/ante-pronostico-de-bajas-temperaturas-modifican-horario-de-clases-del-26-al-29-en-toda-la-entidad\/\"},\"author\":{\"name\":\"enequipo\",\"@id\":\"https:\/\/www.sonoraenequipo.com.mx\/#\/schema\/person\/50102df0fb23a8fa9e8effad8fa81386\"},\"headline\":\"Ante pron\u00f3stico de bajas temperaturas modifican horario de clases del 26 al 29 en toda la entidad\",\"datePublished\":\"2026-01-26T01:42:33+00:00\",\"dateModified\":\"2026-01-26T02:24:55+00:00\",\"mainEntityOfPage\":{\"@id\":\"https:\/\/www.sonoraenequipo.com.mx\/ante-pronostico-de-bajas-temperaturas-modifican-horario-de-clases-del-26-al-29-en-toda-la-entidad\/\"},\"wordCount\":291,\"commentCount\":0,\"publisher\":{\"@id\":\"https:\/\/www.sonoraenequipo.com.mx\/#organization\"},\"image\":{\"@id\":\"https:\/\/www.sonoraenequipo.com.mx\/ante-pronostico-de-bajas-temperaturas-modifican-horario-de-clases-del-26-al-29-en-toda-la-entidad\/#primaryimage\"},\"thumbnailUrl\":\"https:\/\/www.sonoraenequipo.com.mx\/storage\/2023\/02\/horario-escuelas-frio-min.jpg\",\"keywords\":[\"clases\",\"clima\",\"Sonora\"],\"articleSection\":[\"Sonora\"],\"inLanguage\":\"es\",\"potentialAction\":[{\"@type\":\"CommentAction\",\"name\":\"Comment\",\"target\":[\"https:\/\/www.sonoraenequipo.com.mx\/ante-pronostico-de-bajas-temperaturas-modifican-horario-de-clases-del-26-al-29-en-toda-la-entidad\/#respond\"]}]},{\"@type\":\"WebPage\",\"@id\":\"https:\/\/www.sonoraenequipo.com.mx\/ante-pronostico-de-bajas-temperaturas-modifican-horario-de-clases-del-26-al-29-en-toda-la-entidad\/\",\"url\":\"https:\/\/www.sonoraenequipo.com.mx\/ante-pronostico-de-bajas-temperaturas-modifican-horario-de-clases-del-26-al-29-en-toda-la-entidad\/\",\"name\":\"Sonora en Equipo. Ante pron\u00f3stico de bajas temperaturas modifican horario de clases del 26 al 29 en toda la entidad Sonora\",\"isPartOf\":{\"@id\":\"https:\/\/www.sonoraenequipo.com.mx\/#website\"},\"primaryImageOfPage\":{\"@id\":\"https:\/\/www.sonoraenequipo.com.mx\/ante-pronostico-de-bajas-temperaturas-modifican-horario-de-clases-del-26-al-29-en-toda-la-entidad\/#primaryimage\"},\"image\":{\"@id\":\"https:\/\/www.sonoraenequipo.com.mx\/ante-pronostico-de-bajas-temperaturas-modifican-horario-de-clases-del-26-al-29-en-toda-la-entidad\/#primaryimage\"},\"thumbnailUrl\":\"https:\/\/www.sonoraenequipo.com.mx\/storage\/2023\/02\/horario-escuelas-frio-min.jpg\",\"datePublished\":\"2026-01-26T01:42:33+00:00\",\"dateModified\":\"2026-01-26T02:24:55+00:00\",\"description\":\"HERMOSILLO, SONORA, MX. \u2014\u00a0 Con el objetivo de proteger la integridad de las y los estudiantes ante los pron\u00f3sticos de bajas temperaturas, el Gobierno de En Sonora en Equipo publicamos toda la informaci\u00f3n de Sonora, M\u00e9xico y el Mundo de manera oportuna y busca que la libertad de expresi\u00f3n sea real. Visita nuestro medio informativo publicado desde Hermosillo, Sonora. %\",\"breadcrumb\":{\"@id\":\"https:\/\/www.sonoraenequipo.com.mx\/ante-pronostico-de-bajas-temperaturas-modifican-horario-de-clases-del-26-al-29-en-toda-la-entidad\/#breadcrumb\"},\"inLanguage\":\"es\",\"potentialAction\":[{\"@type\":\"ReadAction\",\"target\":[\"https:\/\/www.sonoraenequipo.com.mx\/ante-pronostico-de-bajas-temperaturas-modifican-horario-de-clases-del-26-al-29-en-toda-la-entidad\/\"]}]},{\"@type\":\"ImageObject\",\"inLanguage\":\"es\",\"@id\":\"https:\/\/www.sonoraenequipo.com.mx\/ante-pronostico-de-bajas-temperaturas-modifican-horario-de-clases-del-26-al-29-en-toda-la-entidad\/#primaryimage\",\"url\":\"https:\/\/www.sonoraenequipo.com.mx\/storage\/2023\/02\/horario-escuelas-frio-min.jpg\",\"contentUrl\":\"https:\/\/www.sonoraenequipo.com.mx\/storage\/2023\/02\/horario-escuelas-frio-min.jpg\",\"width\":900,\"height\":556,\"caption\":\"imagen de archivo\"},{\"@type\":\"BreadcrumbList\",\"@id\":\"https:\/\/www.sonoraenequipo.com.mx\/ante-pronostico-de-bajas-temperaturas-modifican-horario-de-clases-del-26-al-29-en-toda-la-entidad\/#breadcrumb\",\"itemListElement\":[{\"@type\":\"ListItem\",\"position\":1,\"name\":\"Portada\",\"item\":\"https:\/\/www.sonoraenequipo.com.mx\/\"},{\"@type\":\"ListItem\",\"position\":2,\"name\":\"Ante pron\u00f3stico de bajas temperaturas modifican horario de clases del 26 al 29 en toda la entidad\"}]},{\"@type\":\"WebSite\",\"@id\":\"https:\/\/www.sonoraenequipo.com.mx\/#website\",\"url\":\"https:\/\/www.sonoraenequipo.com.mx\/\",\"name\":\"Sonora en Equipo.\",\"description\":\"Diario en l\u00ednea con Noticias desde Hermosillo, Sonora\",\"publisher\":{\"@id\":\"https:\/\/www.sonoraenequipo.com.mx\/#organization\"},\"potentialAction\":[{\"@type\":\"SearchAction\",\"target\":{\"@type\":\"EntryPoint\",\"urlTemplate\":\"https:\/\/www.sonoraenequipo.com.mx\/?s={search_term_string}\"},\"query-input\":{\"@type\":\"PropertyValueSpecification\",\"valueRequired\":true,\"valueName\":\"search_term_string\"}}],\"inLanguage\":\"es\"},{\"@type\":\"Organization\",\"@id\":\"https:\/\/www.sonoraenequipo.com.mx\/#organization\",\"name\":\"Sonoraenequipo.com.mx\",\"url\":\"https:\/\/www.sonoraenequipo.com.mx\/\",\"logo\":{\"@type\":\"ImageObject\",\"inLanguage\":\"es\",\"@id\":\"https:\/\/www.sonoraenequipo.com.mx\/#\/schema\/logo\/image\/\",\"url\":\"https:\/\/www.sonoraenequipo.com.mx\/storage\/2019\/01\/sonoraenequipo_opt.png\",\"contentUrl\":\"https:\/\/www.sonoraenequipo.com.mx\/storage\/2019\/01\/sonoraenequipo_opt.png\",\"width\":375,\"height\":125,\"caption\":\"Sonoraenequipo.com.mx\"},\"image\":{\"@id\":\"https:\/\/www.sonoraenequipo.com.mx\/#\/schema\/logo\/image\/\"},\"sameAs\":[\"https:\/\/www.facebook.com\/SonoraEE\/\",\"https:\/\/x.com\/sonoraenequipo\",\"https:\/\/www.youtube.com\/channel\/UC338nW-lPEYmJQs4ZABQ1SQ\"]},{\"@type\":\"Person\",\"@id\":\"https:\/\/www.sonoraenequipo.com.mx\/#\/schema\/person\/50102df0fb23a8fa9e8effad8fa81386\",\"name\":\"enequipo\",\"image\":{\"@type\":\"ImageObject\",\"inLanguage\":\"es\",\"@id\":\"https:\/\/www.sonoraenequipo.com.mx\/#\/schema\/person\/image\/\",\"url\":\"https:\/\/secure.gravatar.com\/avatar\/049821681b589dabc0bc20695993ccebb09f5b5d4d790cd9251b97faac7c652b?s=96&d=blank&r=g\",\"contentUrl\":\"https:\/\/secure.gravatar.com\/avatar\/049821681b589dabc0bc20695993ccebb09f5b5d4d790cd9251b97faac7c652b?s=96&d=blank&r=g\",\"caption\":\"enequipo\"},\"sameAs\":[\"https:\/\/www.facebook.com\/SonoraEE\"]}]}<\/script>\n ","yoast_head_json":{"title":"Sonora en Equipo. Ante pron\u00f3stico de bajas temperaturas modifican horario de clases del 26 al 29 en toda la entidad Sonora","description":"HERMOSILLO, SONORA, MX. \u2014\u00a0 Con el objetivo de proteger la integridad de las y los estudiantes ante los pron\u00f3sticos de bajas temperaturas, el Gobierno de En Sonora en Equipo publicamos toda la informaci\u00f3n de Sonora, M\u00e9xico y el Mundo de manera oportuna y busca que la libertad de expresi\u00f3n sea real. Visita nuestro medio informativo publicado desde Hermosillo, Sonora. %","robots":{"index":"index","follow":"follow","max-snippet":"max-snippet:-1","max-image-preview":"max-image-preview:large","max-video-preview":"max-video-preview:-1"},"canonical":"https:\/\/www.sonoraenequipo.com.mx\/ante-pronostico-de-bajas-temperaturas-modifican-horario-de-clases-del-26-al-29-en-toda-la-entidad\/","og_locale":"es_ES","og_type":"article","og_title":"Sonora en Equipo. Ante pron\u00f3stico de bajas temperaturas modifican horario de clases del 26 al 29 en toda la entidad Sonora","og_description":"HERMOSILLO, SONORA, MX. \u2014\u00a0 Con el objetivo de proteger la integridad de las y los estudiantes ante los pron\u00f3sticos de bajas temperaturas, el Gobierno de En Sonora en Equipo publicamos toda la informaci\u00f3n de Sonora, M\u00e9xico y el Mundo de manera oportuna y busca que la libertad de expresi\u00f3n sea real. Visita nuestro medio informativo publicado desde Hermosillo, Sonora. %","og_url":"https:\/\/www.sonoraenequipo.com.mx\/ante-pronostico-de-bajas-temperaturas-modifican-horario-de-clases-del-26-al-29-en-toda-la-entidad\/","og_site_name":"Sonora en Equipo.","article_publisher":"https:\/\/www.facebook.com\/SonoraEE\/","article_author":"https:\/\/www.facebook.com\/SonoraEE","article_published_time":"2026-01-26T01:42:33+00:00","article_modified_time":"2026-01-26T02:24:55+00:00","og_image":[{"width":900,"height":556,"url":"https:\/\/www.sonoraenequipo.com.mx\/storage\/2023\/02\/horario-escuelas-frio-min.jpg","type":"image\/jpeg"}],"author":"enequipo","twitter_card":"summary_large_image","twitter_creator":"@sonoraenequipo","twitter_site":"@sonoraenequipo","twitter_misc":{"Escrito por":"enequipo","Tiempo de lectura":"1 minuto"},"schema":{"@context":"https:\/\/schema.org","@graph":[{"@type":"Article","@id":"https:\/\/www.sonoraenequipo.com.mx\/ante-pronostico-de-bajas-temperaturas-modifican-horario-de-clases-del-26-al-29-en-toda-la-entidad\/#article","isPartOf":{"@id":"https:\/\/www.sonoraenequipo.com.mx\/ante-pronostico-de-bajas-temperaturas-modifican-horario-de-clases-del-26-al-29-en-toda-la-entidad\/"},"author":{"name":"enequipo","@id":"https:\/\/www.sonoraenequipo.com.mx\/#\/schema\/person\/50102df0fb23a8fa9e8effad8fa81386"},"headline":"Ante pron\u00f3stico de bajas temperaturas modifican horario de clases del 26 al 29 en toda la entidad","datePublished":"2026-01-26T01:42:33+00:00","dateModified":"2026-01-26T02:24:55+00:00","mainEntityOfPage":{"@id":"https:\/\/www.sonoraenequipo.com.mx\/ante-pronostico-de-bajas-temperaturas-modifican-horario-de-clases-del-26-al-29-en-toda-la-entidad\/"},"wordCount":291,"commentCount":0,"publisher":{"@id":"https:\/\/www.sonoraenequipo.com.mx\/#organization"},"image":{"@id":"https:\/\/www.sonoraenequipo.com.mx\/ante-pronostico-de-bajas-temperaturas-modifican-horario-de-clases-del-26-al-29-en-toda-la-entidad\/#primaryimage"},"thumbnailUrl":"https:\/\/www.sonoraenequipo.com.mx\/storage\/2023\/02\/horario-escuelas-frio-min.jpg","keywords":["clases","clima","Sonora"],"articleSection":["Sonora"],"inLanguage":"es","potentialAction":[{"@type":"CommentAction","name":"Comment","target":["https:\/\/www.sonoraenequipo.com.mx\/ante-pronostico-de-bajas-temperaturas-modifican-horario-de-clases-del-26-al-29-en-toda-la-entidad\/#respond"]}]},{"@type":"WebPage","@id":"https:\/\/www.sonoraenequipo.com.mx\/ante-pronostico-de-bajas-temperaturas-modifican-horario-de-clases-del-26-al-29-en-toda-la-entidad\/","url":"https:\/\/www.sonoraenequipo.com.mx\/ante-pronostico-de-bajas-temperaturas-modifican-horario-de-clases-del-26-al-29-en-toda-la-entidad\/","name":"Sonora en Equipo. Ante pron\u00f3stico de bajas temperaturas modifican horario de clases del 26 al 29 en toda la entidad Sonora","isPartOf":{"@id":"https:\/\/www.sonoraenequipo.com.mx\/#website"},"primaryImageOfPage":{"@id":"https:\/\/www.sonoraenequipo.com.mx\/ante-pronostico-de-bajas-temperaturas-modifican-horario-de-clases-del-26-al-29-en-toda-la-entidad\/#primaryimage"},"image":{"@id":"https:\/\/www.sonoraenequipo.com.mx\/ante-pronostico-de-bajas-temperaturas-modifican-horario-de-clases-del-26-al-29-en-toda-la-entidad\/#primaryimage"},"thumbnailUrl":"https:\/\/www.sonoraenequipo.com.mx\/storage\/2023\/02\/horario-escuelas-frio-min.jpg","datePublished":"2026-01-26T01:42:33+00:00","dateModified":"2026-01-26T02:24:55+00:00","description":"HERMOSILLO, SONORA, MX. \u2014\u00a0 Con el objetivo de proteger la integridad de las y los estudiantes ante los pron\u00f3sticos de bajas temperaturas, el Gobierno de En Sonora en Equipo publicamos toda la informaci\u00f3n de Sonora, M\u00e9xico y el Mundo de manera oportuna y busca que la libertad de expresi\u00f3n sea real. Visita nuestro medio informativo publicado desde Hermosillo, Sonora. %","breadcrumb":{"@id":"https:\/\/www.sonoraenequipo.com.mx\/ante-pronostico-de-bajas-temperaturas-modifican-horario-de-clases-del-26-al-29-en-toda-la-entidad\/#breadcrumb"},"inLanguage":"es","potentialAction":[{"@type":"ReadAction","target":["https:\/\/www.sonoraenequipo.com.mx\/ante-pronostico-de-bajas-temperaturas-modifican-horario-de-clases-del-26-al-29-en-toda-la-entidad\/"]}]},{"@type":"ImageObject","inLanguage":"es","@id":"https:\/\/www.sonoraenequipo.com.mx\/ante-pronostico-de-bajas-temperaturas-modifican-horario-de-clases-del-26-al-29-en-toda-la-entidad\/#primaryimage","url":"https:\/\/www.sonoraenequipo.com.mx\/storage\/2023\/02\/horario-escuelas-frio-min.jpg","contentUrl":"https:\/\/www.sonoraenequipo.com.mx\/storage\/2023\/02\/horario-escuelas-frio-min.jpg","width":900,"height":556,"caption":"imagen de archivo"},{"@type":"BreadcrumbList","@id":"https:\/\/www.sonoraenequipo.com.mx\/ante-pronostico-de-bajas-temperaturas-modifican-horario-de-clases-del-26-al-29-en-toda-la-entidad\/#breadcrumb","itemListElement":[{"@type":"ListItem","position":1,"name":"Portada","item":"https:\/\/www.sonoraenequipo.com.mx\/"},{"@type":"ListItem","position":2,"name":"Ante pron\u00f3stico de bajas temperaturas modifican horario de clases del 26 al 29 en toda la entidad"}]},{"@type":"WebSite","@id":"https:\/\/www.sonoraenequipo.com.mx\/#website","url":"https:\/\/www.sonoraenequipo.com.mx\/","name":"Sonora en Equipo.","description":"Diario en l\u00ednea con Noticias desde Hermosillo, Sonora","publisher":{"@id":"https:\/\/www.sonoraenequipo.com.mx\/#organization"},"potentialAction":[{"@type":"SearchAction","target":{"@type":"EntryPoint","urlTemplate":"https:\/\/www.sonoraenequipo.com.mx\/?s={search_term_string}"},"query-input":{"@type":"PropertyValueSpecification","valueRequired":true,"valueName":"search_term_string"}}],"inLanguage":"es"},{"@type":"Organization","@id":"https:\/\/www.sonoraenequipo.com.mx\/#organization","name":"Sonoraenequipo.com.mx","url":"https:\/\/www.sonoraenequipo.com.mx\/","logo":{"@type":"ImageObject","inLanguage":"es","@id":"https:\/\/www.sonoraenequipo.com.mx\/#\/schema\/logo\/image\/","url":"https:\/\/www.sonoraenequipo.com.mx\/storage\/2019\/01\/sonoraenequipo_opt.png","contentUrl":"https:\/\/www.sonoraenequipo.com.mx\/storage\/2019\/01\/sonoraenequipo_opt.png","width":375,"height":125,"caption":"Sonoraenequipo.com.mx"},"image":{"@id":"https:\/\/www.sonoraenequipo.com.mx\/#\/schema\/logo\/image\/"},"sameAs":["https:\/\/www.facebook.com\/SonoraEE\/","https:\/\/x.com\/sonoraenequipo","https:\/\/www.youtube.com\/channel\/UC338nW-lPEYmJQs4ZABQ1SQ"]},{"@type":"Person","@id":"https:\/\/www.sonoraenequipo.com.mx\/#\/schema\/person\/50102df0fb23a8fa9e8effad8fa81386","name":"enequipo","image":{"@type":"ImageObject","inLanguage":"es","@id":"https:\/\/www.sonoraenequipo.com.mx\/#\/schema\/person\/image\/","url":"https:\/\/secure.gravatar.com\/avatar\/049821681b589dabc0bc20695993ccebb09f5b5d4d790cd9251b97faac7c652b?s=96&d=blank&r=g","contentUrl":"https:\/\/secure.gravatar.com\/avatar\/049821681b589dabc0bc20695993ccebb09f5b5d4d790cd9251b97faac7c652b?s=96&d=blank&r=g","caption":"enequipo"},"sameAs":["https:\/\/www.facebook.com\/SonoraEE"]}]}},"jetpack_featured_media_url":"https:\/\/www.sonoraenequipo.com.mx\/storage\/2023\/02\/horario-escuelas-frio-min.jpg","_links":{"self":[{"href":"https:\/\/www.sonoraenequipo.com.mx\/api\/wp\/v2\/posts\/233774","targetHints":{"allow":["GET"]}}],"collection":[{"href":"https:\/\/www.sonoraenequipo.com.mx\/api\/wp\/v2\/posts"}],"about":[{"href":"https:\/\/www.sonoraenequipo.com.mx\/api\/wp\/v2\/types\/post"}],"author":[{"embeddable":true,"href":"https:\/\/www.sonoraenequipo.com.mx\/api\/wp\/v2\/users\/1"}],"replies":[{"embeddable":true,"href":"https:\/\/www.sonoraenequipo.com.mx\/api\/wp\/v2\/comments?post=233774"}],"version-history":[{"count":1,"href":"https:\/\/www.sonoraenequipo.com.mx\/api\/wp\/v2\/posts\/233774\/revisions"}],"predecessor-version":[{"id":233775,"href":"https:\/\/www.sonoraenequipo.com.mx\/api\/wp\/v2\/posts\/233774\/revisions\/233775"}],"wp:featuredmedia":[{"embeddable":true,"href":"https:\/\/www.sonoraenequipo.com.mx\/api\/wp\/v2\/media\/158851"}],"wp:attachment":[{"href":"https:\/\/www.sonoraenequipo.com.mx\/api\/wp\/v2\/media?parent=233774"}],"wp:term":[{"taxonomy":"category","embeddable":true,"href":"https:\/\/www.sonoraenequipo.com.mx\/api\/wp\/v2\/categories?post=233774"},{"taxonomy":"post_tag","embeddable":true,"href":"https:\/\/www.sonoraenequipo.com.mx\/api\/wp\/v2\/tags?post=233774"}],"curies":[{"name":"wp","href":"https:\/\/api.w.org\/{rel}","templated":true}]}}