{"id":233808,"date":"2026-01-25T17:00:16","date_gmt":"2026-01-26T00:00:16","guid":{"rendered":"https:\/\/www.sonoraenequipo.com.mx\/?p=233808"},"modified":"2026-01-25T20:28:23","modified_gmt":"2026-01-26T03:28:23","slug":"normalistas-de-ayotzinapa-protestan-en-acapulco-por-falta-de-avances-en-caso-iguala","status":"publish","type":"post","link":"https:\/\/www.sonoraenequipo.com.mx\/normalistas-de-ayotzinapa-protestan-en-acapulco-por-falta-de-avances-en-caso-iguala\/","title":{"rendered":"Normalistas de Ayotzinapa protestan en Acapulco por falta de avances en caso Iguala"},"content":{"rendered":"<p><strong>ACAPULCO, GUERRERO. MX. \u2014<\/strong> Estudiantes de la escuela normal rural Ra\u00fal Isidro Burgos de Ayotzinapa, se manifestaron como cada d\u00eda 25, para protestar por la falta de resultados del gobierno federal en la investigaci\u00f3n para dar con el paradero de sus 43 compa\u00f1eros, desaparecidos durante la Noche de Iguala, el 26 y 27 de septiembre de 2014.<\/p>\n<p>&nbsp;<\/p>\n<p>&nbsp;<\/p>\n<p>&nbsp;<\/p>\n<p> <\/p>\n<p>Los oradores de la actividad se\u00f1alaron que \u00abel actual gobierno solamente se han llenado la boca de promesas\u00bb, y acusaron \u00abya estuvo bueno de tantos a\u00f1os de este gobierno; han puesto distintas trabas para resolver el caso\u00bb.<\/p>\n<p>&nbsp;<\/p>\n<p>&nbsp;<\/p>\n<p>&nbsp;<\/p>\n<p>Los j\u00f3venes hicieron un llamado a la sociedad a tomar conciencia, al acusar que las autoridades solamente ven por su inter\u00e9s, al advertir que diariamente hay asesinatos y desapariciones, y \u00abno hay un d\u00eda en que la polic\u00eda no reprima a las personas que exigen justicia\u00bb.<\/p>\n<p>&nbsp;<\/p>\n<p>&nbsp;<\/p>\n<p>&nbsp;<\/p>\n<p>Agregaron que las autoridades cuando est\u00e1n en campa\u00f1a prometen que van a cambiar las cosas para bien y lograr beneficios para la poblaci\u00f3n, pero solamente es propaganda, pues llegando al poder se olvidan de las personas.<\/p>\n<p>&nbsp;<\/p>\n<p>&nbsp;<\/p>\n<p>El mitin comenz\u00f3 alrededor de las 11:40 horas del domingo, en el Antimonumento a los 43, en la esquina de la V\u00eda r\u00e1pida y la avenida Costera Miguel Alem\u00e1n, frente al Edificio Inteligente.<\/p>\n<p>&nbsp;<\/p>\n<p>&nbsp;<\/p>\n<p>Durante el acto, los normalista subrayaron que hay nombres de los involucrados pero las autoridades se niegan a investigar.<\/p>\n<p>&nbsp;<\/p>\n<p>&nbsp;<\/p>\n<p>Por ello, exigieron a la actual presidenta de la Rep\u00fablica, Claudia Sheinbaum Pardo, que se haga cargo y que apoye a los padres en las b\u00fasquedas.<\/p>\n<p>&nbsp;<\/p>\n<p>&nbsp;<\/p>\n<p>Cuestionaron: <strong><em>\u00abc\u00f3mo es posible que personas sin poder hayan hecho m\u00e1s que el propio gobierno\u00bb,<\/em> <\/strong>e insistieron en los resultados logrados mientras el Grupo Interdisciplinar de Expertos Independientes particip\u00f3 en las indagatorias para dar con los 43 desaparecidos.<\/p>\n<p>&nbsp;<\/p>\n<p>&nbsp;<\/p>\n<p>Al concluir, a las 12:15 del d\u00eda, los j\u00f3venes, quienes viajaron en tres autobuses de pasajeros, entonaron el himno Venceremos, y posteriormente exclamaron una serie de consignas e hicieron el pase de lista del 1 al 43.<\/p>\n<p>&nbsp;<\/p>\n<p>&nbsp;<\/p>\n<p><em><strong>\u00abVamos a seguir saliendo a las calles a levantar el pu\u00f1o y la voz\u00bb<\/strong><\/em>, manifestaron los normalistas, quienes recalcaron que \u00ab<em><strong>exigimos justicia\u00bb<\/strong><\/em>, al recordar que el expresidente Andr\u00e9s Manuel L\u00f3pez Obrador se comprometi\u00f3 a resolver el caso en su sexenio, pero no cumpli\u00f3 su promesa.<\/p>\n<p>&nbsp;<\/p>\n<p>&nbsp;<\/p>\n<p>PUBLICADO EL 25 ENERO DE 2026 Con informaci\u00f3n de H\u00e9ctor Brise\u00f1o \/La Jornada)<\/p>\n","protected":false},"excerpt":{"rendered":"<p>ACAPULCO, GUERRERO. MX. \u2014 Estudiantes de la escuela normal rural Ra\u00fal Isidro Burgos de Ayotzinapa,&#8230;<\/p>\n","protected":false},"author":1,"featured_media":233794,"comment_status":"open","ping_status":"open","sticky":false,"template":"","format":"standard","meta":{"_monsterinsights_skip_tracking":false,"_monsterinsights_sitenote_active":false,"_monsterinsights_sitenote_note":"","_monsterinsights_sitenote_category":0,"footnotes":""},"categories":[5],"tags":[],"class_list":["post"],"yoast_head":" \n<title>Sonora en Equipo. Normalistas de Ayotzinapa protestan en Acapulco por falta de avances en caso Iguala Rep\u00fablica<\/title>\n<meta name=\"description\" content=\"ACAPULCO, GUERRERO. MX. \u2014 Estudiantes de la escuela normal rural Ra\u00fal Isidro Burgos de Ayotzinapa, se manifestaron como cada d\u00eda 25, para protestar por la En Sonora en Equipo publicamos toda la informaci\u00f3n de Sonora, M\u00e9xico y el Mundo de manera oportuna y busca que la libertad de expresi\u00f3n sea real. Visita nuestro medio informativo publicado desde Hermosillo, Sonora. %\" \/>\n<meta name=\"robots\" content=\"index, follow, max-snippet:-1, max-image-preview:large, max-video-preview:-1\" \/>\n<link rel=\"canonical\" href=\"https:\/\/www.sonoraenequipo.com.mx\/normalistas-de-ayotzinapa-protestan-en-acapulco-por-falta-de-avances-en-caso-iguala\/\" \/>\n<meta property=\"og:locale\" content=\"es_ES\" \/>\n<meta property=\"og:type\" content=\"article\" \/>\n<meta property=\"og:title\" content=\"Sonora en Equipo. Normalistas de Ayotzinapa protestan en Acapulco por falta de avances en caso Iguala Rep\u00fablica\" \/>\n<meta property=\"og:description\" content=\"ACAPULCO, GUERRERO. MX. \u2014 Estudiantes de la escuela normal rural Ra\u00fal Isidro Burgos de Ayotzinapa, se manifestaron como cada d\u00eda 25, para protestar por la En Sonora en Equipo publicamos toda la informaci\u00f3n de Sonora, M\u00e9xico y el Mundo de manera oportuna y busca que la libertad de expresi\u00f3n sea real. Visita nuestro medio informativo publicado desde Hermosillo, Sonora. %\" \/>\n<meta property=\"og:url\" content=\"https:\/\/www.sonoraenequipo.com.mx\/normalistas-de-ayotzinapa-protestan-en-acapulco-por-falta-de-avances-en-caso-iguala\/\" \/>\n<meta property=\"og:site_name\" content=\"Sonora en Equipo.\" \/>\n<meta property=\"article:publisher\" content=\"https:\/\/www.facebook.com\/SonoraEE\/\" \/>\n<meta property=\"article:author\" content=\"https:\/\/www.facebook.com\/SonoraEE\" \/>\n<meta property=\"article:published_time\" content=\"2026-01-26T00:00:16+00:00\" \/>\n<meta property=\"article:modified_time\" content=\"2026-01-26T03:28:23+00:00\" \/>\n<meta property=\"og:image\" content=\"https:\/\/www.sonoraenequipo.com.mx\/storage\/2026\/01\/manifestacion-de-padres-de-los-43-desaparecidos-1.jpg\" \/>\n\t<meta property=\"og:image:width\" content=\"1000\" \/>\n\t<meta property=\"og:image:height\" content=\"666\" \/>\n\t<meta property=\"og:image:type\" content=\"image\/jpeg\" \/>\n<meta name=\"author\" content=\"enequipo\" \/>\n<meta name=\"twitter:card\" content=\"summary_large_image\" \/>\n<meta name=\"twitter:creator\" content=\"@sonoraenequipo\" \/>\n<meta name=\"twitter:site\" content=\"@sonoraenequipo\" \/>\n<meta name=\"twitter:label1\" content=\"Escrito por\" \/>\n\t<meta name=\"twitter:data1\" content=\"enequipo\" \/>\n\t<meta name=\"twitter:label2\" content=\"Tiempo de lectura\" \/>\n\t<meta name=\"twitter:data2\" content=\"2 minutos\" \/>\n<script type=\"application\/ld+json\" class=\"yoast-schema-graph\">{\"@context\":\"https:\/\/schema.org\",\"@graph\":[{\"@type\":\"Article\",\"@id\":\"https:\/\/www.sonoraenequipo.com.mx\/normalistas-de-ayotzinapa-protestan-en-acapulco-por-falta-de-avances-en-caso-iguala\/#article\",\"isPartOf\":{\"@id\":\"https:\/\/www.sonoraenequipo.com.mx\/normalistas-de-ayotzinapa-protestan-en-acapulco-por-falta-de-avances-en-caso-iguala\/\"},\"author\":{\"name\":\"enequipo\",\"@id\":\"https:\/\/www.sonoraenequipo.com.mx\/#\/schema\/person\/50102df0fb23a8fa9e8effad8fa81386\"},\"headline\":\"Normalistas de Ayotzinapa protestan en Acapulco por falta de avances en caso Iguala\",\"datePublished\":\"2026-01-26T00:00:16+00:00\",\"dateModified\":\"2026-01-26T03:28:23+00:00\",\"mainEntityOfPage\":{\"@id\":\"https:\/\/www.sonoraenequipo.com.mx\/normalistas-de-ayotzinapa-protestan-en-acapulco-por-falta-de-avances-en-caso-iguala\/\"},\"wordCount\":437,\"commentCount\":0,\"publisher\":{\"@id\":\"https:\/\/www.sonoraenequipo.com.mx\/#organization\"},\"image\":{\"@id\":\"https:\/\/www.sonoraenequipo.com.mx\/normalistas-de-ayotzinapa-protestan-en-acapulco-por-falta-de-avances-en-caso-iguala\/#primaryimage\"},\"thumbnailUrl\":\"https:\/\/www.sonoraenequipo.com.mx\/storage\/2026\/01\/manifestacion-de-padres-de-los-43-desaparecidos-1.jpg\",\"articleSection\":[\"Rep\u00fablica\"],\"inLanguage\":\"es\",\"potentialAction\":[{\"@type\":\"CommentAction\",\"name\":\"Comment\",\"target\":[\"https:\/\/www.sonoraenequipo.com.mx\/normalistas-de-ayotzinapa-protestan-en-acapulco-por-falta-de-avances-en-caso-iguala\/#respond\"]}]},{\"@type\":\"WebPage\",\"@id\":\"https:\/\/www.sonoraenequipo.com.mx\/normalistas-de-ayotzinapa-protestan-en-acapulco-por-falta-de-avances-en-caso-iguala\/\",\"url\":\"https:\/\/www.sonoraenequipo.com.mx\/normalistas-de-ayotzinapa-protestan-en-acapulco-por-falta-de-avances-en-caso-iguala\/\",\"name\":\"Sonora en Equipo. Normalistas de Ayotzinapa protestan en Acapulco por falta de avances en caso Iguala Rep\u00fablica\",\"isPartOf\":{\"@id\":\"https:\/\/www.sonoraenequipo.com.mx\/#website\"},\"primaryImageOfPage\":{\"@id\":\"https:\/\/www.sonoraenequipo.com.mx\/normalistas-de-ayotzinapa-protestan-en-acapulco-por-falta-de-avances-en-caso-iguala\/#primaryimage\"},\"image\":{\"@id\":\"https:\/\/www.sonoraenequipo.com.mx\/normalistas-de-ayotzinapa-protestan-en-acapulco-por-falta-de-avances-en-caso-iguala\/#primaryimage\"},\"thumbnailUrl\":\"https:\/\/www.sonoraenequipo.com.mx\/storage\/2026\/01\/manifestacion-de-padres-de-los-43-desaparecidos-1.jpg\",\"datePublished\":\"2026-01-26T00:00:16+00:00\",\"dateModified\":\"2026-01-26T03:28:23+00:00\",\"description\":\"ACAPULCO, GUERRERO. MX. \u2014 Estudiantes de la escuela normal rural Ra\u00fal Isidro Burgos de Ayotzinapa, se manifestaron como cada d\u00eda 25, para protestar por la En Sonora en Equipo publicamos toda la informaci\u00f3n de Sonora, M\u00e9xico y el Mundo de manera oportuna y busca que la libertad de expresi\u00f3n sea real. Visita nuestro medio informativo publicado desde Hermosillo, Sonora. %\",\"breadcrumb\":{\"@id\":\"https:\/\/www.sonoraenequipo.com.mx\/normalistas-de-ayotzinapa-protestan-en-acapulco-por-falta-de-avances-en-caso-iguala\/#breadcrumb\"},\"inLanguage\":\"es\",\"potentialAction\":[{\"@type\":\"ReadAction\",\"target\":[\"https:\/\/www.sonoraenequipo.com.mx\/normalistas-de-ayotzinapa-protestan-en-acapulco-por-falta-de-avances-en-caso-iguala\/\"]}]},{\"@type\":\"ImageObject\",\"inLanguage\":\"es\",\"@id\":\"https:\/\/www.sonoraenequipo.com.mx\/normalistas-de-ayotzinapa-protestan-en-acapulco-por-falta-de-avances-en-caso-iguala\/#primaryimage\",\"url\":\"https:\/\/www.sonoraenequipo.com.mx\/storage\/2026\/01\/manifestacion-de-padres-de-los-43-desaparecidos-1.jpg\",\"contentUrl\":\"https:\/\/www.sonoraenequipo.com.mx\/storage\/2026\/01\/manifestacion-de-padres-de-los-43-desaparecidos-1.jpg\",\"width\":1000,\"height\":666},{\"@type\":\"BreadcrumbList\",\"@id\":\"https:\/\/www.sonoraenequipo.com.mx\/normalistas-de-ayotzinapa-protestan-en-acapulco-por-falta-de-avances-en-caso-iguala\/#breadcrumb\",\"itemListElement\":[{\"@type\":\"ListItem\",\"position\":1,\"name\":\"Portada\",\"item\":\"https:\/\/www.sonoraenequipo.com.mx\/\"},{\"@type\":\"ListItem\",\"position\":2,\"name\":\"Normalistas de Ayotzinapa protestan en Acapulco por falta de avances en caso Iguala\"}]},{\"@type\":\"WebSite\",\"@id\":\"https:\/\/www.sonoraenequipo.com.mx\/#website\",\"url\":\"https:\/\/www.sonoraenequipo.com.mx\/\",\"name\":\"Sonora en Equipo.\",\"description\":\"Diario en l\u00ednea con Noticias desde Hermosillo, Sonora\",\"publisher\":{\"@id\":\"https:\/\/www.sonoraenequipo.com.mx\/#organization\"},\"potentialAction\":[{\"@type\":\"SearchAction\",\"target\":{\"@type\":\"EntryPoint\",\"urlTemplate\":\"https:\/\/www.sonoraenequipo.com.mx\/?s={search_term_string}\"},\"query-input\":{\"@type\":\"PropertyValueSpecification\",\"valueRequired\":true,\"valueName\":\"search_term_string\"}}],\"inLanguage\":\"es\"},{\"@type\":\"Organization\",\"@id\":\"https:\/\/www.sonoraenequipo.com.mx\/#organization\",\"name\":\"Sonoraenequipo.com.mx\",\"url\":\"https:\/\/www.sonoraenequipo.com.mx\/\",\"logo\":{\"@type\":\"ImageObject\",\"inLanguage\":\"es\",\"@id\":\"https:\/\/www.sonoraenequipo.com.mx\/#\/schema\/logo\/image\/\",\"url\":\"https:\/\/www.sonoraenequipo.com.mx\/storage\/2019\/01\/sonoraenequipo_opt.png\",\"contentUrl\":\"https:\/\/www.sonoraenequipo.com.mx\/storage\/2019\/01\/sonoraenequipo_opt.png\",\"width\":375,\"height\":125,\"caption\":\"Sonoraenequipo.com.mx\"},\"image\":{\"@id\":\"https:\/\/www.sonoraenequipo.com.mx\/#\/schema\/logo\/image\/\"},\"sameAs\":[\"https:\/\/www.facebook.com\/SonoraEE\/\",\"https:\/\/x.com\/sonoraenequipo\",\"https:\/\/www.youtube.com\/channel\/UC338nW-lPEYmJQs4ZABQ1SQ\"]},{\"@type\":\"Person\",\"@id\":\"https:\/\/www.sonoraenequipo.com.mx\/#\/schema\/person\/50102df0fb23a8fa9e8effad8fa81386\",\"name\":\"enequipo\",\"image\":{\"@type\":\"ImageObject\",\"inLanguage\":\"es\",\"@id\":\"https:\/\/www.sonoraenequipo.com.mx\/#\/schema\/person\/image\/\",\"url\":\"https:\/\/secure.gravatar.com\/avatar\/049821681b589dabc0bc20695993ccebb09f5b5d4d790cd9251b97faac7c652b?s=96&d=blank&r=g\",\"contentUrl\":\"https:\/\/secure.gravatar.com\/avatar\/049821681b589dabc0bc20695993ccebb09f5b5d4d790cd9251b97faac7c652b?s=96&d=blank&r=g\",\"caption\":\"enequipo\"},\"sameAs\":[\"https:\/\/www.facebook.com\/SonoraEE\"]}]}<\/script>\n ","yoast_head_json":{"title":"Sonora en Equipo. Normalistas de Ayotzinapa protestan en Acapulco por falta de avances en caso Iguala Rep\u00fablica","description":"ACAPULCO, GUERRERO. MX. \u2014 Estudiantes de la escuela normal rural Ra\u00fal Isidro Burgos de Ayotzinapa, se manifestaron como cada d\u00eda 25, para protestar por la En Sonora en Equipo publicamos toda la informaci\u00f3n de Sonora, M\u00e9xico y el Mundo de manera oportuna y busca que la libertad de expresi\u00f3n sea real. Visita nuestro medio informativo publicado desde Hermosillo, Sonora. %","robots":{"index":"index","follow":"follow","max-snippet":"max-snippet:-1","max-image-preview":"max-image-preview:large","max-video-preview":"max-video-preview:-1"},"canonical":"https:\/\/www.sonoraenequipo.com.mx\/normalistas-de-ayotzinapa-protestan-en-acapulco-por-falta-de-avances-en-caso-iguala\/","og_locale":"es_ES","og_type":"article","og_title":"Sonora en Equipo. Normalistas de Ayotzinapa protestan en Acapulco por falta de avances en caso Iguala Rep\u00fablica","og_description":"ACAPULCO, GUERRERO. MX. \u2014 Estudiantes de la escuela normal rural Ra\u00fal Isidro Burgos de Ayotzinapa, se manifestaron como cada d\u00eda 25, para protestar por la En Sonora en Equipo publicamos toda la informaci\u00f3n de Sonora, M\u00e9xico y el Mundo de manera oportuna y busca que la libertad de expresi\u00f3n sea real. Visita nuestro medio informativo publicado desde Hermosillo, Sonora. %","og_url":"https:\/\/www.sonoraenequipo.com.mx\/normalistas-de-ayotzinapa-protestan-en-acapulco-por-falta-de-avances-en-caso-iguala\/","og_site_name":"Sonora en Equipo.","article_publisher":"https:\/\/www.facebook.com\/SonoraEE\/","article_author":"https:\/\/www.facebook.com\/SonoraEE","article_published_time":"2026-01-26T00:00:16+00:00","article_modified_time":"2026-01-26T03:28:23+00:00","og_image":[{"width":1000,"height":666,"url":"https:\/\/www.sonoraenequipo.com.mx\/storage\/2026\/01\/manifestacion-de-padres-de-los-43-desaparecidos-1.jpg","type":"image\/jpeg"}],"author":"enequipo","twitter_card":"summary_large_image","twitter_creator":"@sonoraenequipo","twitter_site":"@sonoraenequipo","twitter_misc":{"Escrito por":"enequipo","Tiempo de lectura":"2 minutos"},"schema":{"@context":"https:\/\/schema.org","@graph":[{"@type":"Article","@id":"https:\/\/www.sonoraenequipo.com.mx\/normalistas-de-ayotzinapa-protestan-en-acapulco-por-falta-de-avances-en-caso-iguala\/#article","isPartOf":{"@id":"https:\/\/www.sonoraenequipo.com.mx\/normalistas-de-ayotzinapa-protestan-en-acapulco-por-falta-de-avances-en-caso-iguala\/"},"author":{"name":"enequipo","@id":"https:\/\/www.sonoraenequipo.com.mx\/#\/schema\/person\/50102df0fb23a8fa9e8effad8fa81386"},"headline":"Normalistas de Ayotzinapa protestan en Acapulco por falta de avances en caso Iguala","datePublished":"2026-01-26T00:00:16+00:00","dateModified":"2026-01-26T03:28:23+00:00","mainEntityOfPage":{"@id":"https:\/\/www.sonoraenequipo.com.mx\/normalistas-de-ayotzinapa-protestan-en-acapulco-por-falta-de-avances-en-caso-iguala\/"},"wordCount":437,"commentCount":0,"publisher":{"@id":"https:\/\/www.sonoraenequipo.com.mx\/#organization"},"image":{"@id":"https:\/\/www.sonoraenequipo.com.mx\/normalistas-de-ayotzinapa-protestan-en-acapulco-por-falta-de-avances-en-caso-iguala\/#primaryimage"},"thumbnailUrl":"https:\/\/www.sonoraenequipo.com.mx\/storage\/2026\/01\/manifestacion-de-padres-de-los-43-desaparecidos-1.jpg","articleSection":["Rep\u00fablica"],"inLanguage":"es","potentialAction":[{"@type":"CommentAction","name":"Comment","target":["https:\/\/www.sonoraenequipo.com.mx\/normalistas-de-ayotzinapa-protestan-en-acapulco-por-falta-de-avances-en-caso-iguala\/#respond"]}]},{"@type":"WebPage","@id":"https:\/\/www.sonoraenequipo.com.mx\/normalistas-de-ayotzinapa-protestan-en-acapulco-por-falta-de-avances-en-caso-iguala\/","url":"https:\/\/www.sonoraenequipo.com.mx\/normalistas-de-ayotzinapa-protestan-en-acapulco-por-falta-de-avances-en-caso-iguala\/","name":"Sonora en Equipo. Normalistas de Ayotzinapa protestan en Acapulco por falta de avances en caso Iguala Rep\u00fablica","isPartOf":{"@id":"https:\/\/www.sonoraenequipo.com.mx\/#website"},"primaryImageOfPage":{"@id":"https:\/\/www.sonoraenequipo.com.mx\/normalistas-de-ayotzinapa-protestan-en-acapulco-por-falta-de-avances-en-caso-iguala\/#primaryimage"},"image":{"@id":"https:\/\/www.sonoraenequipo.com.mx\/normalistas-de-ayotzinapa-protestan-en-acapulco-por-falta-de-avances-en-caso-iguala\/#primaryimage"},"thumbnailUrl":"https:\/\/www.sonoraenequipo.com.mx\/storage\/2026\/01\/manifestacion-de-padres-de-los-43-desaparecidos-1.jpg","datePublished":"2026-01-26T00:00:16+00:00","dateModified":"2026-01-26T03:28:23+00:00","description":"ACAPULCO, GUERRERO. MX. \u2014 Estudiantes de la escuela normal rural Ra\u00fal Isidro Burgos de Ayotzinapa, se manifestaron como cada d\u00eda 25, para protestar por la En Sonora en Equipo publicamos toda la informaci\u00f3n de Sonora, M\u00e9xico y el Mundo de manera oportuna y busca que la libertad de expresi\u00f3n sea real. Visita nuestro medio informativo publicado desde Hermosillo, Sonora. %","breadcrumb":{"@id":"https:\/\/www.sonoraenequipo.com.mx\/normalistas-de-ayotzinapa-protestan-en-acapulco-por-falta-de-avances-en-caso-iguala\/#breadcrumb"},"inLanguage":"es","potentialAction":[{"@type":"ReadAction","target":["https:\/\/www.sonoraenequipo.com.mx\/normalistas-de-ayotzinapa-protestan-en-acapulco-por-falta-de-avances-en-caso-iguala\/"]}]},{"@type":"ImageObject","inLanguage":"es","@id":"https:\/\/www.sonoraenequipo.com.mx\/normalistas-de-ayotzinapa-protestan-en-acapulco-por-falta-de-avances-en-caso-iguala\/#primaryimage","url":"https:\/\/www.sonoraenequipo.com.mx\/storage\/2026\/01\/manifestacion-de-padres-de-los-43-desaparecidos-1.jpg","contentUrl":"https:\/\/www.sonoraenequipo.com.mx\/storage\/2026\/01\/manifestacion-de-padres-de-los-43-desaparecidos-1.jpg","width":1000,"height":666},{"@type":"BreadcrumbList","@id":"https:\/\/www.sonoraenequipo.com.mx\/normalistas-de-ayotzinapa-protestan-en-acapulco-por-falta-de-avances-en-caso-iguala\/#breadcrumb","itemListElement":[{"@type":"ListItem","position":1,"name":"Portada","item":"https:\/\/www.sonoraenequipo.com.mx\/"},{"@type":"ListItem","position":2,"name":"Normalistas de Ayotzinapa protestan en Acapulco por falta de avances en caso Iguala"}]},{"@type":"WebSite","@id":"https:\/\/www.sonoraenequipo.com.mx\/#website","url":"https:\/\/www.sonoraenequipo.com.mx\/","name":"Sonora en Equipo.","description":"Diario en l\u00ednea con Noticias desde Hermosillo, Sonora","publisher":{"@id":"https:\/\/www.sonoraenequipo.com.mx\/#organization"},"potentialAction":[{"@type":"SearchAction","target":{"@type":"EntryPoint","urlTemplate":"https:\/\/www.sonoraenequipo.com.mx\/?s={search_term_string}"},"query-input":{"@type":"PropertyValueSpecification","valueRequired":true,"valueName":"search_term_string"}}],"inLanguage":"es"},{"@type":"Organization","@id":"https:\/\/www.sonoraenequipo.com.mx\/#organization","name":"Sonoraenequipo.com.mx","url":"https:\/\/www.sonoraenequipo.com.mx\/","logo":{"@type":"ImageObject","inLanguage":"es","@id":"https:\/\/www.sonoraenequipo.com.mx\/#\/schema\/logo\/image\/","url":"https:\/\/www.sonoraenequipo.com.mx\/storage\/2019\/01\/sonoraenequipo_opt.png","contentUrl":"https:\/\/www.sonoraenequipo.com.mx\/storage\/2019\/01\/sonoraenequipo_opt.png","width":375,"height":125,"caption":"Sonoraenequipo.com.mx"},"image":{"@id":"https:\/\/www.sonoraenequipo.com.mx\/#\/schema\/logo\/image\/"},"sameAs":["https:\/\/www.facebook.com\/SonoraEE\/","https:\/\/x.com\/sonoraenequipo","https:\/\/www.youtube.com\/channel\/UC338nW-lPEYmJQs4ZABQ1SQ"]},{"@type":"Person","@id":"https:\/\/www.sonoraenequipo.com.mx\/#\/schema\/person\/50102df0fb23a8fa9e8effad8fa81386","name":"enequipo","image":{"@type":"ImageObject","inLanguage":"es","@id":"https:\/\/www.sonoraenequipo.com.mx\/#\/schema\/person\/image\/","url":"https:\/\/secure.gravatar.com\/avatar\/049821681b589dabc0bc20695993ccebb09f5b5d4d790cd9251b97faac7c652b?s=96&d=blank&r=g","contentUrl":"https:\/\/secure.gravatar.com\/avatar\/049821681b589dabc0bc20695993ccebb09f5b5d4d790cd9251b97faac7c652b?s=96&d=blank&r=g","caption":"enequipo"},"sameAs":["https:\/\/www.facebook.com\/SonoraEE"]}]}},"jetpack_featured_media_url":"https:\/\/www.sonoraenequipo.com.mx\/storage\/2026\/01\/manifestacion-de-padres-de-los-43-desaparecidos-1.jpg","_links":{"self":[{"href":"https:\/\/www.sonoraenequipo.com.mx\/api\/wp\/v2\/posts\/233808","targetHints":{"allow":["GET"]}}],"collection":[{"href":"https:\/\/www.sonoraenequipo.com.mx\/api\/wp\/v2\/posts"}],"about":[{"href":"https:\/\/www.sonoraenequipo.com.mx\/api\/wp\/v2\/types\/post"}],"author":[{"embeddable":true,"href":"https:\/\/www.sonoraenequipo.com.mx\/api\/wp\/v2\/users\/1"}],"replies":[{"embeddable":true,"href":"https:\/\/www.sonoraenequipo.com.mx\/api\/wp\/v2\/comments?post=233808"}],"version-history":[{"count":1,"href":"https:\/\/www.sonoraenequipo.com.mx\/api\/wp\/v2\/posts\/233808\/revisions"}],"predecessor-version":[{"id":233809,"href":"https:\/\/www.sonoraenequipo.com.mx\/api\/wp\/v2\/posts\/233808\/revisions\/233809"}],"wp:featuredmedia":[{"embeddable":true,"href":"https:\/\/www.sonoraenequipo.com.mx\/api\/wp\/v2\/media\/233794"}],"wp:attachment":[{"href":"https:\/\/www.sonoraenequipo.com.mx\/api\/wp\/v2\/media?parent=233808"}],"wp:term":[{"taxonomy":"category","embeddable":true,"href":"https:\/\/www.sonoraenequipo.com.mx\/api\/wp\/v2\/categories?post=233808"},{"taxonomy":"post_tag","embeddable":true,"href":"https:\/\/www.sonoraenequipo.com.mx\/api\/wp\/v2\/tags?post=233808"}],"curies":[{"name":"wp","href":"https:\/\/api.w.org\/{rel}","templated":true}]}}