{"id":233810,"date":"2026-01-25T18:00:37","date_gmt":"2026-01-26T01:00:37","guid":{"rendered":"https:\/\/www.sonoraenequipo.com.mx\/?p=233810"},"modified":"2026-01-25T20:42:28","modified_gmt":"2026-01-26T03:42:28","slug":"crece-2-6-por-ciento-la-matricula-de-bachillerato-sep","status":"publish","type":"post","link":"https:\/\/www.sonoraenequipo.com.mx\/crece-2-6-por-ciento-la-matricula-de-bachillerato-sep\/","title":{"rendered":"Crece 2.6 por ciento la matr\u00edcula de bachillerato: SEP"},"content":{"rendered":"<p><strong>CIUDAD DE M\u00c9XICO. MX. \u2014 <\/strong>\u00a0Durante el ciclo escolar 2024-2025, la matr\u00edcula en bachillerato alcanz\u00f3 cerca de 5.5 millones de estudiantes, frente a 5.3 millones del 2020\u20132021, lo que representa un crecimiento de 2.6 por ciento, se\u00f1al\u00f3 la Secretar\u00eda de Educaci\u00f3n P\u00fablica (SEP).<\/p>\n<p>&nbsp;<\/p>\n<p>&nbsp;<\/p>\n<p>&nbsp;<\/p>\n<p> <\/p>\n<p>El secretario del ramo, Mario Delgado Carrillo, destac\u00f3 que la cobertura total del Bachillerato Nacional pas\u00f3 de 74.8 por ciento en el ciclo 2015\u20132016 a 80.6 por ciento en 2024\u20132025, lo que representa un incremento de 5.8 puntos porcentuales.<\/p>\n<p>&nbsp;<\/p>\n<p>&nbsp;<\/p>\n<p>El 93 por ciento del estudiantado cursa este nivel educativo en la modalidad escolarizada, distribuido en 17 mil 798 planteles a nivel nacional y atendido por m\u00e1s de 423 mil docentes.<\/p>\n<p>&nbsp;<\/p>\n<p>&nbsp;<\/p>\n<p>Por tipo de formaci\u00f3n, mencion\u00f3 que el 65 por ciento de la matr\u00edcula corresponde al bachillerato general y el 35 por ciento al bachillerato tecnol\u00f3gico.<\/p>\n<p>&nbsp;<\/p>\n<p>&nbsp;<\/p>\n<p>Record\u00f3 que, a trav\u00e9s de los programas sociales impulsados por el gobierno actual, 4 millones 94 mil 419 j\u00f3venes de bachillerato reciben la Beca Universal Benito Ju\u00e1rez, con una inversi\u00f3n social de 40 mil 131 millones 620 mil 475 pesos.<\/p>\n<p>&nbsp;<\/p>\n<p>&nbsp;<\/p>\n<p>Asimismo, mencion\u00f3 que mediante La Escuela es Nuestra (LEEN), con una inversi\u00f3n social de 4 mil 556 millones de pesos, se atender\u00e1n 6 mil 62 planteles, con el objetivo de que entre 2025 y 2026 se alcance la cobertura del 100 por ciento.<\/p>\n<p>&nbsp;<\/p>\n<p>&nbsp;<\/p>\n<p>&nbsp;<\/p>\n<p>Por su parte, la subsecretaria de Educaci\u00f3n Media Superior, Tania Rodr\u00edguez Mora, detall\u00f3 que, en materia de acceso, el indicador de absorci\u00f3n en bachillerato se mantiene por arriba del 100 por ciento, lo que evidencia la capacidad del sistema para incorporar a estudiantes que concluyeron la secundaria en ciclos anteriores y que hoy encuentran nuevas oportunidades para continuar sus estudios.<\/p>\n<p>&nbsp;<\/p>\n<p>&nbsp;<\/p>\n<p>Finalmente, reiter\u00f3 que el Bachillerato Nacional es una etapa estrat\u00e9gica para el desarrollo personal y social de las juventudes, y asegur\u00f3 que el Gobierno de M\u00e9xico continuar\u00e1 fortaleciendo este nivel educativo para que cada vez m\u00e1s estudiantes tengan un lugar asegurado y mejores condiciones para construir su futuro.<\/p>\n<p>&nbsp;<\/p>\n<p>&nbsp;<\/p>\n<p>PUBLICADO EL 25 ENERO DE 2026 Con informaci\u00f3n de La Jornada)<\/p>\n","protected":false},"excerpt":{"rendered":"<p>CIUDAD DE M\u00c9XICO. MX. \u2014 \u00a0Durante el ciclo escolar 2024-2025, la matr\u00edcula en bachillerato alcanz\u00f3&#8230;<\/p>\n","protected":false},"author":1,"featured_media":233790,"comment_status":"open","ping_status":"open","sticky":false,"template":"","format":"standard","meta":{"_monsterinsights_skip_tracking":false,"_monsterinsights_sitenote_active":false,"_monsterinsights_sitenote_note":"","_monsterinsights_sitenote_category":0,"footnotes":""},"categories":[5],"tags":[],"class_list":["post"],"yoast_head":" \n<title>Sonora en Equipo. Crece 2.6 por ciento la matr\u00edcula de bachillerato: SEP Rep\u00fablica<\/title>\n<meta name=\"description\" content=\"CIUDAD DE M\u00c9XICO. MX. \u2014 \u00a0Durante el ciclo escolar 2024-2025, la matr\u00edcula en bachillerato alcanz\u00f3 cerca de 5.5 millones de estudiantes, frente a 5.3 En Sonora en Equipo publicamos toda la informaci\u00f3n de Sonora, M\u00e9xico y el Mundo de manera oportuna y busca que la libertad de expresi\u00f3n sea real. Visita nuestro medio informativo publicado desde Hermosillo, Sonora. %\" \/>\n<meta name=\"robots\" content=\"index, follow, max-snippet:-1, max-image-preview:large, max-video-preview:-1\" \/>\n<link rel=\"canonical\" href=\"https:\/\/www.sonoraenequipo.com.mx\/crece-2-6-por-ciento-la-matricula-de-bachillerato-sep\/\" \/>\n<meta property=\"og:locale\" content=\"es_ES\" \/>\n<meta property=\"og:type\" content=\"article\" \/>\n<meta property=\"og:title\" content=\"Sonora en Equipo. Crece 2.6 por ciento la matr\u00edcula de bachillerato: SEP Rep\u00fablica\" \/>\n<meta property=\"og:description\" content=\"CIUDAD DE M\u00c9XICO. MX. \u2014 \u00a0Durante el ciclo escolar 2024-2025, la matr\u00edcula en bachillerato alcanz\u00f3 cerca de 5.5 millones de estudiantes, frente a 5.3 En Sonora en Equipo publicamos toda la informaci\u00f3n de Sonora, M\u00e9xico y el Mundo de manera oportuna y busca que la libertad de expresi\u00f3n sea real. Visita nuestro medio informativo publicado desde Hermosillo, Sonora. %\" \/>\n<meta property=\"og:url\" content=\"https:\/\/www.sonoraenequipo.com.mx\/crece-2-6-por-ciento-la-matricula-de-bachillerato-sep\/\" \/>\n<meta property=\"og:site_name\" content=\"Sonora en Equipo.\" \/>\n<meta property=\"article:publisher\" content=\"https:\/\/www.facebook.com\/SonoraEE\/\" \/>\n<meta property=\"article:author\" content=\"https:\/\/www.facebook.com\/SonoraEE\" \/>\n<meta property=\"article:published_time\" content=\"2026-01-26T01:00:37+00:00\" \/>\n<meta property=\"article:modified_time\" content=\"2026-01-26T03:42:28+00:00\" \/>\n<meta property=\"og:image\" content=\"https:\/\/www.sonoraenequipo.com.mx\/storage\/2026\/01\/aumenta-matricula-en-bachilleres-1.jpg\" \/>\n\t<meta property=\"og:image:width\" content=\"994\" \/>\n\t<meta property=\"og:image:height\" content=\"576\" \/>\n\t<meta property=\"og:image:type\" content=\"image\/jpeg\" \/>\n<meta name=\"author\" content=\"enequipo\" \/>\n<meta name=\"twitter:card\" content=\"summary_large_image\" \/>\n<meta name=\"twitter:creator\" content=\"@sonoraenequipo\" \/>\n<meta name=\"twitter:site\" content=\"@sonoraenequipo\" \/>\n<meta name=\"twitter:label1\" content=\"Escrito por\" \/>\n\t<meta name=\"twitter:data1\" content=\"enequipo\" \/>\n\t<meta name=\"twitter:label2\" content=\"Tiempo de lectura\" \/>\n\t<meta name=\"twitter:data2\" content=\"2 minutos\" \/>\n<script type=\"application\/ld+json\" class=\"yoast-schema-graph\">{\"@context\":\"https:\/\/schema.org\",\"@graph\":[{\"@type\":\"Article\",\"@id\":\"https:\/\/www.sonoraenequipo.com.mx\/crece-2-6-por-ciento-la-matricula-de-bachillerato-sep\/#article\",\"isPartOf\":{\"@id\":\"https:\/\/www.sonoraenequipo.com.mx\/crece-2-6-por-ciento-la-matricula-de-bachillerato-sep\/\"},\"author\":{\"name\":\"enequipo\",\"@id\":\"https:\/\/www.sonoraenequipo.com.mx\/#\/schema\/person\/50102df0fb23a8fa9e8effad8fa81386\"},\"headline\":\"Crece 2.6 por ciento la matr\u00edcula de bachillerato: SEP\",\"datePublished\":\"2026-01-26T01:00:37+00:00\",\"dateModified\":\"2026-01-26T03:42:28+00:00\",\"mainEntityOfPage\":{\"@id\":\"https:\/\/www.sonoraenequipo.com.mx\/crece-2-6-por-ciento-la-matricula-de-bachillerato-sep\/\"},\"wordCount\":357,\"commentCount\":0,\"publisher\":{\"@id\":\"https:\/\/www.sonoraenequipo.com.mx\/#organization\"},\"image\":{\"@id\":\"https:\/\/www.sonoraenequipo.com.mx\/crece-2-6-por-ciento-la-matricula-de-bachillerato-sep\/#primaryimage\"},\"thumbnailUrl\":\"https:\/\/www.sonoraenequipo.com.mx\/storage\/2026\/01\/aumenta-matricula-en-bachilleres-1.jpg\",\"articleSection\":[\"Rep\u00fablica\"],\"inLanguage\":\"es\",\"potentialAction\":[{\"@type\":\"CommentAction\",\"name\":\"Comment\",\"target\":[\"https:\/\/www.sonoraenequipo.com.mx\/crece-2-6-por-ciento-la-matricula-de-bachillerato-sep\/#respond\"]}]},{\"@type\":\"WebPage\",\"@id\":\"https:\/\/www.sonoraenequipo.com.mx\/crece-2-6-por-ciento-la-matricula-de-bachillerato-sep\/\",\"url\":\"https:\/\/www.sonoraenequipo.com.mx\/crece-2-6-por-ciento-la-matricula-de-bachillerato-sep\/\",\"name\":\"Sonora en Equipo. Crece 2.6 por ciento la matr\u00edcula de bachillerato: SEP Rep\u00fablica\",\"isPartOf\":{\"@id\":\"https:\/\/www.sonoraenequipo.com.mx\/#website\"},\"primaryImageOfPage\":{\"@id\":\"https:\/\/www.sonoraenequipo.com.mx\/crece-2-6-por-ciento-la-matricula-de-bachillerato-sep\/#primaryimage\"},\"image\":{\"@id\":\"https:\/\/www.sonoraenequipo.com.mx\/crece-2-6-por-ciento-la-matricula-de-bachillerato-sep\/#primaryimage\"},\"thumbnailUrl\":\"https:\/\/www.sonoraenequipo.com.mx\/storage\/2026\/01\/aumenta-matricula-en-bachilleres-1.jpg\",\"datePublished\":\"2026-01-26T01:00:37+00:00\",\"dateModified\":\"2026-01-26T03:42:28+00:00\",\"description\":\"CIUDAD DE M\u00c9XICO. MX. \u2014 \u00a0Durante el ciclo escolar 2024-2025, la matr\u00edcula en bachillerato alcanz\u00f3 cerca de 5.5 millones de estudiantes, frente a 5.3 En Sonora en Equipo publicamos toda la informaci\u00f3n de Sonora, M\u00e9xico y el Mundo de manera oportuna y busca que la libertad de expresi\u00f3n sea real. Visita nuestro medio informativo publicado desde Hermosillo, Sonora. %\",\"breadcrumb\":{\"@id\":\"https:\/\/www.sonoraenequipo.com.mx\/crece-2-6-por-ciento-la-matricula-de-bachillerato-sep\/#breadcrumb\"},\"inLanguage\":\"es\",\"potentialAction\":[{\"@type\":\"ReadAction\",\"target\":[\"https:\/\/www.sonoraenequipo.com.mx\/crece-2-6-por-ciento-la-matricula-de-bachillerato-sep\/\"]}]},{\"@type\":\"ImageObject\",\"inLanguage\":\"es\",\"@id\":\"https:\/\/www.sonoraenequipo.com.mx\/crece-2-6-por-ciento-la-matricula-de-bachillerato-sep\/#primaryimage\",\"url\":\"https:\/\/www.sonoraenequipo.com.mx\/storage\/2026\/01\/aumenta-matricula-en-bachilleres-1.jpg\",\"contentUrl\":\"https:\/\/www.sonoraenequipo.com.mx\/storage\/2026\/01\/aumenta-matricula-en-bachilleres-1.jpg\",\"width\":994,\"height\":576},{\"@type\":\"BreadcrumbList\",\"@id\":\"https:\/\/www.sonoraenequipo.com.mx\/crece-2-6-por-ciento-la-matricula-de-bachillerato-sep\/#breadcrumb\",\"itemListElement\":[{\"@type\":\"ListItem\",\"position\":1,\"name\":\"Portada\",\"item\":\"https:\/\/www.sonoraenequipo.com.mx\/\"},{\"@type\":\"ListItem\",\"position\":2,\"name\":\"Crece 2.6 por ciento la matr\u00edcula de bachillerato: SEP\"}]},{\"@type\":\"WebSite\",\"@id\":\"https:\/\/www.sonoraenequipo.com.mx\/#website\",\"url\":\"https:\/\/www.sonoraenequipo.com.mx\/\",\"name\":\"Sonora en Equipo.\",\"description\":\"Diario en l\u00ednea con Noticias desde Hermosillo, Sonora\",\"publisher\":{\"@id\":\"https:\/\/www.sonoraenequipo.com.mx\/#organization\"},\"potentialAction\":[{\"@type\":\"SearchAction\",\"target\":{\"@type\":\"EntryPoint\",\"urlTemplate\":\"https:\/\/www.sonoraenequipo.com.mx\/?s={search_term_string}\"},\"query-input\":{\"@type\":\"PropertyValueSpecification\",\"valueRequired\":true,\"valueName\":\"search_term_string\"}}],\"inLanguage\":\"es\"},{\"@type\":\"Organization\",\"@id\":\"https:\/\/www.sonoraenequipo.com.mx\/#organization\",\"name\":\"Sonoraenequipo.com.mx\",\"url\":\"https:\/\/www.sonoraenequipo.com.mx\/\",\"logo\":{\"@type\":\"ImageObject\",\"inLanguage\":\"es\",\"@id\":\"https:\/\/www.sonoraenequipo.com.mx\/#\/schema\/logo\/image\/\",\"url\":\"https:\/\/www.sonoraenequipo.com.mx\/storage\/2019\/01\/sonoraenequipo_opt.png\",\"contentUrl\":\"https:\/\/www.sonoraenequipo.com.mx\/storage\/2019\/01\/sonoraenequipo_opt.png\",\"width\":375,\"height\":125,\"caption\":\"Sonoraenequipo.com.mx\"},\"image\":{\"@id\":\"https:\/\/www.sonoraenequipo.com.mx\/#\/schema\/logo\/image\/\"},\"sameAs\":[\"https:\/\/www.facebook.com\/SonoraEE\/\",\"https:\/\/x.com\/sonoraenequipo\",\"https:\/\/www.youtube.com\/channel\/UC338nW-lPEYmJQs4ZABQ1SQ\"]},{\"@type\":\"Person\",\"@id\":\"https:\/\/www.sonoraenequipo.com.mx\/#\/schema\/person\/50102df0fb23a8fa9e8effad8fa81386\",\"name\":\"enequipo\",\"image\":{\"@type\":\"ImageObject\",\"inLanguage\":\"es\",\"@id\":\"https:\/\/www.sonoraenequipo.com.mx\/#\/schema\/person\/image\/\",\"url\":\"https:\/\/secure.gravatar.com\/avatar\/049821681b589dabc0bc20695993ccebb09f5b5d4d790cd9251b97faac7c652b?s=96&d=blank&r=g\",\"contentUrl\":\"https:\/\/secure.gravatar.com\/avatar\/049821681b589dabc0bc20695993ccebb09f5b5d4d790cd9251b97faac7c652b?s=96&d=blank&r=g\",\"caption\":\"enequipo\"},\"sameAs\":[\"https:\/\/www.facebook.com\/SonoraEE\"]}]}<\/script>\n ","yoast_head_json":{"title":"Sonora en Equipo. Crece 2.6 por ciento la matr\u00edcula de bachillerato: SEP Rep\u00fablica","description":"CIUDAD DE M\u00c9XICO. MX. \u2014 \u00a0Durante el ciclo escolar 2024-2025, la matr\u00edcula en bachillerato alcanz\u00f3 cerca de 5.5 millones de estudiantes, frente a 5.3 En Sonora en Equipo publicamos toda la informaci\u00f3n de Sonora, M\u00e9xico y el Mundo de manera oportuna y busca que la libertad de expresi\u00f3n sea real. Visita nuestro medio informativo publicado desde Hermosillo, Sonora. %","robots":{"index":"index","follow":"follow","max-snippet":"max-snippet:-1","max-image-preview":"max-image-preview:large","max-video-preview":"max-video-preview:-1"},"canonical":"https:\/\/www.sonoraenequipo.com.mx\/crece-2-6-por-ciento-la-matricula-de-bachillerato-sep\/","og_locale":"es_ES","og_type":"article","og_title":"Sonora en Equipo. Crece 2.6 por ciento la matr\u00edcula de bachillerato: SEP Rep\u00fablica","og_description":"CIUDAD DE M\u00c9XICO. MX. \u2014 \u00a0Durante el ciclo escolar 2024-2025, la matr\u00edcula en bachillerato alcanz\u00f3 cerca de 5.5 millones de estudiantes, frente a 5.3 En Sonora en Equipo publicamos toda la informaci\u00f3n de Sonora, M\u00e9xico y el Mundo de manera oportuna y busca que la libertad de expresi\u00f3n sea real. Visita nuestro medio informativo publicado desde Hermosillo, Sonora. %","og_url":"https:\/\/www.sonoraenequipo.com.mx\/crece-2-6-por-ciento-la-matricula-de-bachillerato-sep\/","og_site_name":"Sonora en Equipo.","article_publisher":"https:\/\/www.facebook.com\/SonoraEE\/","article_author":"https:\/\/www.facebook.com\/SonoraEE","article_published_time":"2026-01-26T01:00:37+00:00","article_modified_time":"2026-01-26T03:42:28+00:00","og_image":[{"width":994,"height":576,"url":"https:\/\/www.sonoraenequipo.com.mx\/storage\/2026\/01\/aumenta-matricula-en-bachilleres-1.jpg","type":"image\/jpeg"}],"author":"enequipo","twitter_card":"summary_large_image","twitter_creator":"@sonoraenequipo","twitter_site":"@sonoraenequipo","twitter_misc":{"Escrito por":"enequipo","Tiempo de lectura":"2 minutos"},"schema":{"@context":"https:\/\/schema.org","@graph":[{"@type":"Article","@id":"https:\/\/www.sonoraenequipo.com.mx\/crece-2-6-por-ciento-la-matricula-de-bachillerato-sep\/#article","isPartOf":{"@id":"https:\/\/www.sonoraenequipo.com.mx\/crece-2-6-por-ciento-la-matricula-de-bachillerato-sep\/"},"author":{"name":"enequipo","@id":"https:\/\/www.sonoraenequipo.com.mx\/#\/schema\/person\/50102df0fb23a8fa9e8effad8fa81386"},"headline":"Crece 2.6 por ciento la matr\u00edcula de bachillerato: SEP","datePublished":"2026-01-26T01:00:37+00:00","dateModified":"2026-01-26T03:42:28+00:00","mainEntityOfPage":{"@id":"https:\/\/www.sonoraenequipo.com.mx\/crece-2-6-por-ciento-la-matricula-de-bachillerato-sep\/"},"wordCount":357,"commentCount":0,"publisher":{"@id":"https:\/\/www.sonoraenequipo.com.mx\/#organization"},"image":{"@id":"https:\/\/www.sonoraenequipo.com.mx\/crece-2-6-por-ciento-la-matricula-de-bachillerato-sep\/#primaryimage"},"thumbnailUrl":"https:\/\/www.sonoraenequipo.com.mx\/storage\/2026\/01\/aumenta-matricula-en-bachilleres-1.jpg","articleSection":["Rep\u00fablica"],"inLanguage":"es","potentialAction":[{"@type":"CommentAction","name":"Comment","target":["https:\/\/www.sonoraenequipo.com.mx\/crece-2-6-por-ciento-la-matricula-de-bachillerato-sep\/#respond"]}]},{"@type":"WebPage","@id":"https:\/\/www.sonoraenequipo.com.mx\/crece-2-6-por-ciento-la-matricula-de-bachillerato-sep\/","url":"https:\/\/www.sonoraenequipo.com.mx\/crece-2-6-por-ciento-la-matricula-de-bachillerato-sep\/","name":"Sonora en Equipo. Crece 2.6 por ciento la matr\u00edcula de bachillerato: SEP Rep\u00fablica","isPartOf":{"@id":"https:\/\/www.sonoraenequipo.com.mx\/#website"},"primaryImageOfPage":{"@id":"https:\/\/www.sonoraenequipo.com.mx\/crece-2-6-por-ciento-la-matricula-de-bachillerato-sep\/#primaryimage"},"image":{"@id":"https:\/\/www.sonoraenequipo.com.mx\/crece-2-6-por-ciento-la-matricula-de-bachillerato-sep\/#primaryimage"},"thumbnailUrl":"https:\/\/www.sonoraenequipo.com.mx\/storage\/2026\/01\/aumenta-matricula-en-bachilleres-1.jpg","datePublished":"2026-01-26T01:00:37+00:00","dateModified":"2026-01-26T03:42:28+00:00","description":"CIUDAD DE M\u00c9XICO. MX. \u2014 \u00a0Durante el ciclo escolar 2024-2025, la matr\u00edcula en bachillerato alcanz\u00f3 cerca de 5.5 millones de estudiantes, frente a 5.3 En Sonora en Equipo publicamos toda la informaci\u00f3n de Sonora, M\u00e9xico y el Mundo de manera oportuna y busca que la libertad de expresi\u00f3n sea real. Visita nuestro medio informativo publicado desde Hermosillo, Sonora. %","breadcrumb":{"@id":"https:\/\/www.sonoraenequipo.com.mx\/crece-2-6-por-ciento-la-matricula-de-bachillerato-sep\/#breadcrumb"},"inLanguage":"es","potentialAction":[{"@type":"ReadAction","target":["https:\/\/www.sonoraenequipo.com.mx\/crece-2-6-por-ciento-la-matricula-de-bachillerato-sep\/"]}]},{"@type":"ImageObject","inLanguage":"es","@id":"https:\/\/www.sonoraenequipo.com.mx\/crece-2-6-por-ciento-la-matricula-de-bachillerato-sep\/#primaryimage","url":"https:\/\/www.sonoraenequipo.com.mx\/storage\/2026\/01\/aumenta-matricula-en-bachilleres-1.jpg","contentUrl":"https:\/\/www.sonoraenequipo.com.mx\/storage\/2026\/01\/aumenta-matricula-en-bachilleres-1.jpg","width":994,"height":576},{"@type":"BreadcrumbList","@id":"https:\/\/www.sonoraenequipo.com.mx\/crece-2-6-por-ciento-la-matricula-de-bachillerato-sep\/#breadcrumb","itemListElement":[{"@type":"ListItem","position":1,"name":"Portada","item":"https:\/\/www.sonoraenequipo.com.mx\/"},{"@type":"ListItem","position":2,"name":"Crece 2.6 por ciento la matr\u00edcula de bachillerato: SEP"}]},{"@type":"WebSite","@id":"https:\/\/www.sonoraenequipo.com.mx\/#website","url":"https:\/\/www.sonoraenequipo.com.mx\/","name":"Sonora en Equipo.","description":"Diario en l\u00ednea con Noticias desde Hermosillo, Sonora","publisher":{"@id":"https:\/\/www.sonoraenequipo.com.mx\/#organization"},"potentialAction":[{"@type":"SearchAction","target":{"@type":"EntryPoint","urlTemplate":"https:\/\/www.sonoraenequipo.com.mx\/?s={search_term_string}"},"query-input":{"@type":"PropertyValueSpecification","valueRequired":true,"valueName":"search_term_string"}}],"inLanguage":"es"},{"@type":"Organization","@id":"https:\/\/www.sonoraenequipo.com.mx\/#organization","name":"Sonoraenequipo.com.mx","url":"https:\/\/www.sonoraenequipo.com.mx\/","logo":{"@type":"ImageObject","inLanguage":"es","@id":"https:\/\/www.sonoraenequipo.com.mx\/#\/schema\/logo\/image\/","url":"https:\/\/www.sonoraenequipo.com.mx\/storage\/2019\/01\/sonoraenequipo_opt.png","contentUrl":"https:\/\/www.sonoraenequipo.com.mx\/storage\/2019\/01\/sonoraenequipo_opt.png","width":375,"height":125,"caption":"Sonoraenequipo.com.mx"},"image":{"@id":"https:\/\/www.sonoraenequipo.com.mx\/#\/schema\/logo\/image\/"},"sameAs":["https:\/\/www.facebook.com\/SonoraEE\/","https:\/\/x.com\/sonoraenequipo","https:\/\/www.youtube.com\/channel\/UC338nW-lPEYmJQs4ZABQ1SQ"]},{"@type":"Person","@id":"https:\/\/www.sonoraenequipo.com.mx\/#\/schema\/person\/50102df0fb23a8fa9e8effad8fa81386","name":"enequipo","image":{"@type":"ImageObject","inLanguage":"es","@id":"https:\/\/www.sonoraenequipo.com.mx\/#\/schema\/person\/image\/","url":"https:\/\/secure.gravatar.com\/avatar\/049821681b589dabc0bc20695993ccebb09f5b5d4d790cd9251b97faac7c652b?s=96&d=blank&r=g","contentUrl":"https:\/\/secure.gravatar.com\/avatar\/049821681b589dabc0bc20695993ccebb09f5b5d4d790cd9251b97faac7c652b?s=96&d=blank&r=g","caption":"enequipo"},"sameAs":["https:\/\/www.facebook.com\/SonoraEE"]}]}},"jetpack_featured_media_url":"https:\/\/www.sonoraenequipo.com.mx\/storage\/2026\/01\/aumenta-matricula-en-bachilleres-1.jpg","_links":{"self":[{"href":"https:\/\/www.sonoraenequipo.com.mx\/api\/wp\/v2\/posts\/233810","targetHints":{"allow":["GET"]}}],"collection":[{"href":"https:\/\/www.sonoraenequipo.com.mx\/api\/wp\/v2\/posts"}],"about":[{"href":"https:\/\/www.sonoraenequipo.com.mx\/api\/wp\/v2\/types\/post"}],"author":[{"embeddable":true,"href":"https:\/\/www.sonoraenequipo.com.mx\/api\/wp\/v2\/users\/1"}],"replies":[{"embeddable":true,"href":"https:\/\/www.sonoraenequipo.com.mx\/api\/wp\/v2\/comments?post=233810"}],"version-history":[{"count":1,"href":"https:\/\/www.sonoraenequipo.com.mx\/api\/wp\/v2\/posts\/233810\/revisions"}],"predecessor-version":[{"id":233811,"href":"https:\/\/www.sonoraenequipo.com.mx\/api\/wp\/v2\/posts\/233810\/revisions\/233811"}],"wp:featuredmedia":[{"embeddable":true,"href":"https:\/\/www.sonoraenequipo.com.mx\/api\/wp\/v2\/media\/233790"}],"wp:attachment":[{"href":"https:\/\/www.sonoraenequipo.com.mx\/api\/wp\/v2\/media?parent=233810"}],"wp:term":[{"taxonomy":"category","embeddable":true,"href":"https:\/\/www.sonoraenequipo.com.mx\/api\/wp\/v2\/categories?post=233810"},{"taxonomy":"post_tag","embeddable":true,"href":"https:\/\/www.sonoraenequipo.com.mx\/api\/wp\/v2\/tags?post=233810"}],"curies":[{"name":"wp","href":"https:\/\/api.w.org\/{rel}","templated":true}]}}