{"id":233812,"date":"2026-01-25T20:49:37","date_gmt":"2026-01-26T03:49:37","guid":{"rendered":"https:\/\/www.sonoraenequipo.com.mx\/?p=233812"},"modified":"2026-01-25T21:01:25","modified_gmt":"2026-01-26T04:01:25","slug":"trump-desata-el-terror-en-minneapolis-con-un-nuevo-asesinato-cometido-por-agentes-de-ice","status":"publish","type":"post","link":"https:\/\/www.sonoraenequipo.com.mx\/trump-desata-el-terror-en-minneapolis-con-un-nuevo-asesinato-cometido-por-agentes-de-ice\/","title":{"rendered":"Trump desata el terror en Minneapolis con un nuevo asesinato cometido por agentes de ICE"},"content":{"rendered":"<p><strong>MINNEAPOLIS, ESTADOS UNIDOS DEL NORTE DE AM\u00c9RICA. \u2014<\/strong> El asesinato de Alex Pretti, de 37 a\u00f1os, tiroteado por agentes de Aduanas y Protecci\u00f3n Fronteriza (Customs &amp; Border Protection, CBP), se produce 17 d\u00edas despu\u00e9s del cometido por un agente del ICE con Ren\u00e9e Good, tambi\u00e9n de 37 a\u00f1os, en otra calle de Minneapolis<\/p>\n<p>&nbsp;<\/p>\n<p>&nbsp;<\/p>\n<p>&nbsp;<\/p>\n<p> <br \/>\n<em><strong>\u201cEsto es el sur de Minneapolis, hace 30 minutos\u201d.<\/strong> <\/em>Eran las 9.33 de la ma\u00f1ana y el mensaje de Signal en el m\u00f3vil contiene un enlace a un reel de Facebook en el que un vecino de la ciudad estaba retransmitiendo en directo c\u00f3mo un grupo de agentes federales de Aduanas y Protecci\u00f3n Fronteriza (Customs &amp; Border Protection, CBP) agarraba a un hombre, lo tiraba al suelo y le tiroteaba a bocajarro hasta asesinarlo.<\/p>\n<p>&nbsp;<\/p>\n<p>&nbsp;<\/p>\n<p>El hombre se llamaba Alex Pretti, ten\u00eda 37 a\u00f1os y era enfermero en un hospital de Minnesota. Y simplemente se encontraba grabando a los agentes mientras realizaban una nueva redada contra migrantes en uno de los estados con menos porcentaje de migrantes irregulares (2,2%), muy lejos de estados republicanos, como Florida (6,9%) o Texas (6,6%), donde la Administraci\u00f3n Trump no est\u00e1 despleg\u00e1ndose con la voracidad autoritaria como s\u00ed lo est\u00e1 haciendo con los bastiones dem\u00f3cratas.<\/p>\n<p>&nbsp;<\/p>\n<p>Pretti y Ren\u00e9e Good, asesinada por el ICE el pasado 7 de enero, se est\u00e1n convirtiendo en dos s\u00edmbolos de la represi\u00f3n trumpista. A Good la acusaron de ser una \u201cterrorista\u201d, pero los an\u00e1lisis de los v\u00eddeos posteriormente demostraron que las autoridades federales ment\u00edan, y que Good muri\u00f3 por la violencia y la incompetencia del agente Jonathan Ross. Violencia por su gatillo f\u00e1cil y reiterativo, e incompetencia porque se coloc\u00f3 delante de un coche en plena maniobra, cosa que ense\u00f1an a no hacer en cualquier academia de polic\u00eda.<\/p>\n<p>&nbsp;<\/p>\n<p>&nbsp;<\/p>\n<p>Good dej\u00f3 tras de s\u00ed tres hijos y una ciudad movilizada para responder a las redadas masivas con un tejido asociativo comunitario basado en grupos de Signal de barrios para avisarse de la presencia de agentes y para socorrer las necesidades de los migrantes que tienen miedo de salir de su casa para llevar a los hijos al colegio, ir a trabajar, limpiar de nieve la puerta o llevar a sus mayores al m\u00e9dico.<\/p>\n<p>&nbsp;<\/p>\n<p>&nbsp;<\/p>\n<p>Si Ren\u00e9e Good fue calificada sin pruebas y falsamente de terrorista, Pretti ha querido ser dibujado como un lobo solitario a la caza de agentes federales porque llevaba un arma, algo legal en este pa\u00eds, entre otras cosas por el amor por las armas de los miembros y votantes del Partido Republicano.<\/p>\n<h3><\/h3>\n<h3>Y las autoridades federales vuelven a mentir.<\/h3>\n<p>&nbsp;<\/p>\n<p>&nbsp;<\/p>\n<p>En este caso, a Pretti se le ve filmando la redada de los agentes federales, que se dedican a empujar a las personas que les graban y protestan, hasta que lo cogen, lo reducen y, cuando est\u00e1 inmovilizado en el suelo, disparan contra \u00e9l y lo rematan. Eran seis contra uno, y lo ejecutaron a bocajarro a las nueve de la ma\u00f1ana de este s\u00e1bado, cuando a\u00fan resonaban en las calles de Minneapolis las voces que gritaban el viernes por la tarde contra el ICE, el autoritarismo de Trump y a favor de una ciudad y un estado definidos por su diversidad y, tambi\u00e9n, por ser un basti\u00f3n dem\u00f3crata.<\/p>\n<p>&nbsp;<\/p>\n<p>&nbsp;<\/p>\n<p>Y Trump no soporta a quien le lleva la contraria, a quien no le vota, a quien escribe contra \u00e9l o a quien le pone en evidencia, como el primer ministro de Canad\u00e1, Mark Carney, quien este s\u00e1bado se ha llevado la amenaza de aranceles del 100% por negociar un acuerdo con China.<\/p>\n<p>&nbsp;<\/p>\n<p>&nbsp;<\/p>\n<p><em><strong>\u201cEsta es el arma del pistolero, cargada (\u00a1con dos cargadores adicionales completos!) y lista para usar\u201d,<\/strong> <\/em>ha afirmado Trump:<strong><em> \u201c\u00bfQu\u00e9 significa todo esto? \u00bfD\u00f3nde est\u00e1 la polic\u00eda local? \u00bfPor qu\u00e9 no se les permiti\u00f3 proteger a los agentes de ICE? \u00bfEl alcalde y el gobernador les ordenaron retirarse? Se afirma que a muchos de estos polic\u00edas no se les permiti\u00f3 hacer su trabajo, que ICE tuvo que protegerse a s\u00ed misma, \u00a1lo cual no es nada f\u00e1cil! \u00a1El alcalde y el gobernador est\u00e1n incitando a la insurrecci\u00f3n con su ret\u00f3rica pomposa, peligrosa y arrogante!\u201d<\/em><\/strong><\/p>\n<p>&nbsp;<\/p>\n<p>&nbsp;<\/p>\n<p>Pero los v\u00eddeos demuestran lo contrario, que ni era un pistolero ni estaba apuntando a los agentes federales. Y que la violencia siempre fue iniciada por los propios agentes del Gobierno federal, no de los viandantes. Es m\u00e1s, seg\u00fan un an\u00e1lisis de CNN, se ve a un agente federal que parece estar retirando un arma, segundos antes de que comience el tiroteo: si el agente guard\u00f3 el arma antes de que comenzara el tiroteo, \u00bfpor qu\u00e9 Alex Prett est\u00e1 muerto? La realidad, tal como se puede ver en los diversos v\u00eddeos, contradice lo que las fuentes oficiales dicen que ha pasado.<\/p>\n<p>&nbsp;<\/p>\n<p>&nbsp;<\/p>\n<p>El asesinato se ha producido en un basti\u00f3n dem\u00f3crata donde nunca ganan los republicanos, en un estado que insulta diariamente Donald Trump, hasta el punto de pedir la c\u00e1rcel para la congresista Ilhan Omar sin ninguna prueba y de llamar \u201cbasura\u201d a los migrantes somal\u00edes que viven en Minnesota. Trump est\u00e1 obsesionado con Minnesota, y sus agentes ya llevan dos asesinatos en lo que va de a\u00f1o.<\/p>\n<p>&nbsp;<\/p>\n<p>&nbsp;<\/p>\n<p>&nbsp;<\/p>\n<p>En cuanto se produjo el tiroteo, se acordon\u00f3 la zona y se llen\u00f3 de ciudadanos que acudieron a protestar contra la situaci\u00f3n al grito de \u201c<em><strong>ICE, out, fuck, ICE\u201d<\/strong><\/em>, es decir, contra<em><strong> \u201cla ocupaci\u00f3n\u201d<\/strong><\/em> de la ciudad y el estado por unas fuerzas que aterrorizan a la ciudadan\u00eda por su ausencia de control en el uso de la violencia y por la sensaci\u00f3n de impunidad que les acompa\u00f1a: cada vez que ocurre una tragedia, la Administraci\u00f3n sale r\u00e1pidamente a criminalizar a la v\u00edctima y a evitar investigar al tirador.<\/p>\n<p>&nbsp;<\/p>\n<p>&nbsp;<\/p>\n<p>&nbsp;<\/p>\n<p>En este sentido, el gobernador de Minnesota, Tim Walz, ha argumentado este s\u00e1bado que no conf\u00eda en el Gobierno federal para comandar la investigaci\u00f3n sobre el asesinato de Pretti: <strong><em>\u201cEl estado debe tener la \u00faltima palabra, como le dije a la Casa Blanca esta ma\u00f1ana: no se puede confiar en que el Gobierno federal lidere esta investigaci\u00f3n, el estado se encargar\u00e1 de ello, punto\u201d.<\/em><\/strong><\/p>\n<p>&nbsp;<\/p>\n<p>&nbsp;<\/p>\n<p>Walz explic\u00f3 que mantuvo dos conversaciones con miembros de la Administraci\u00f3n Trump, despu\u00e9s del asesinato de Pretti. En la primera llamada, Walz le pidi\u00f3 a la jefa de Gabinete, Susie Wiles, que \u201csacara a su gente de all\u00ed, que retirara a esos agentes federales\u201d. Mientras que en la segunda llamada, Walz inform\u00f3 al Gobierno federal que el estado investigar\u00eda el tiroteo: \u201c<strong><em>No permitiremos que nos pongan obst\u00e1culos, como ya hemos visto, y ustedes lo vieron esta ma\u00f1ana. Antes de que se realice cualquier investigaci\u00f3n, las personas m\u00e1s poderosas del gobierno federal est\u00e1n inventando historias y publicando fotos de personas sin relaci\u00f3n con el caso, de quienes no sabemos nada, y una foto de un arma de fuego para intentar manipular la narrativa\u201d.<\/em><\/strong><\/p>\n<p>&nbsp;<\/p>\n<p>&nbsp;<\/p>\n<p>As\u00ed mismo, el alcalde de Minneapolis, Jacob Frey, ha se\u00f1alado: <em><strong>\u201cAcabo de ver un v\u00eddeo de m\u00e1s de seis agentes enmascarados golpeando brutalmente a uno de nuestros conciudadanos y dispar\u00e1ndole hasta matarlo. \u00bfCu\u00e1ntos residentes m\u00e1s? \u00bfCu\u00e1ntos estadounidenses m\u00e1s tienen que morir o resultar gravemente heridos para que termine esta operaci\u00f3n? \u00bfCu\u00e1ntas vidas m\u00e1s tienen que perderse antes de que esta administraci\u00f3n se d\u00e9 cuenta de que una narrativa pol\u00edtica y partidista no es tan importante como los valores estadounidenses?\u201d<\/strong><\/em><\/p>\n<p>&nbsp;<\/p>\n<p>&nbsp;<\/p>\n<p>el art\u00edculo contin\u00faa despu\u00e9s del siguiente mensaje<\/p>\n<p>&nbsp;<\/p>\n<p>&nbsp;<\/p>\n<p>PUBLICADO EL 25 ENERO DE 2026 Con informaci\u00f3n de Andr\u00e9s Gil)<\/p>\n","protected":false},"excerpt":{"rendered":"<p>MINNEAPOLIS, ESTADOS UNIDOS DEL NORTE DE AM\u00c9RICA. \u2014 El asesinato de Alex Pretti, de 37&#8230;<\/p>\n","protected":false},"author":1,"featured_media":233795,"comment_status":"open","ping_status":"open","sticky":false,"template":"","format":"standard","meta":{"_monsterinsights_skip_tracking":false,"_monsterinsights_sitenote_active":false,"_monsterinsights_sitenote_note":"","_monsterinsights_sitenote_category":0,"footnotes":""},"categories":[3],"tags":[],"class_list":["post"],"yoast_head":" \n<title>Sonora en Equipo. Trump desata el terror en Minneapolis con un nuevo asesinato cometido por agentes de ICE MUNDO<\/title>\n<meta name=\"description\" content=\"MINNEAPOLIS, ESTADOS UNIDOS DEL NORTE DE AM\u00c9RICA. \u2014 El asesinato de Alex Pretti, de 37 a\u00f1os, tiroteado por agentes de Aduanas y Protecci\u00f3n Fronteriza En Sonora en Equipo publicamos toda la informaci\u00f3n de Sonora, M\u00e9xico y el Mundo de manera oportuna y busca que la libertad de expresi\u00f3n sea real. Visita nuestro medio informativo publicado desde Hermosillo, Sonora. %\" \/>\n<meta name=\"robots\" content=\"index, follow, max-snippet:-1, max-image-preview:large, max-video-preview:-1\" \/>\n<link rel=\"canonical\" href=\"https:\/\/www.sonoraenequipo.com.mx\/trump-desata-el-terror-en-minneapolis-con-un-nuevo-asesinato-cometido-por-agentes-de-ice\/\" \/>\n<meta property=\"og:locale\" content=\"es_ES\" \/>\n<meta property=\"og:type\" content=\"article\" \/>\n<meta property=\"og:title\" content=\"Sonora en Equipo. Trump desata el terror en Minneapolis con un nuevo asesinato cometido por agentes de ICE MUNDO\" \/>\n<meta property=\"og:description\" content=\"MINNEAPOLIS, ESTADOS UNIDOS DEL NORTE DE AM\u00c9RICA. \u2014 El asesinato de Alex Pretti, de 37 a\u00f1os, tiroteado por agentes de Aduanas y Protecci\u00f3n Fronteriza En Sonora en Equipo publicamos toda la informaci\u00f3n de Sonora, M\u00e9xico y el Mundo de manera oportuna y busca que la libertad de expresi\u00f3n sea real. Visita nuestro medio informativo publicado desde Hermosillo, Sonora. %\" \/>\n<meta property=\"og:url\" content=\"https:\/\/www.sonoraenequipo.com.mx\/trump-desata-el-terror-en-minneapolis-con-un-nuevo-asesinato-cometido-por-agentes-de-ice\/\" \/>\n<meta property=\"og:site_name\" content=\"Sonora en Equipo.\" \/>\n<meta property=\"article:publisher\" content=\"https:\/\/www.facebook.com\/SonoraEE\/\" \/>\n<meta property=\"article:author\" content=\"https:\/\/www.facebook.com\/SonoraEE\" \/>\n<meta property=\"article:published_time\" content=\"2026-01-26T03:49:37+00:00\" \/>\n<meta property=\"article:modified_time\" content=\"2026-01-26T04:01:25+00:00\" \/>\n<meta property=\"og:image\" content=\"https:\/\/www.sonoraenequipo.com.mx\/storage\/2026\/01\/otro-asesinato-en-minessota-1.jpg\" \/>\n\t<meta property=\"og:image:width\" content=\"1000\" \/>\n\t<meta property=\"og:image:height\" content=\"562\" \/>\n\t<meta property=\"og:image:type\" content=\"image\/jpeg\" \/>\n<meta name=\"author\" content=\"enequipo\" \/>\n<meta name=\"twitter:card\" content=\"summary_large_image\" \/>\n<meta name=\"twitter:creator\" content=\"@sonoraenequipo\" \/>\n<meta name=\"twitter:site\" content=\"@sonoraenequipo\" \/>\n<meta name=\"twitter:label1\" content=\"Escrito por\" \/>\n\t<meta name=\"twitter:data1\" content=\"enequipo\" \/>\n\t<meta name=\"twitter:label2\" content=\"Tiempo de lectura\" \/>\n\t<meta name=\"twitter:data2\" content=\"7 minutos\" \/>\n<script type=\"application\/ld+json\" class=\"yoast-schema-graph\">{\"@context\":\"https:\/\/schema.org\",\"@graph\":[{\"@type\":\"Article\",\"@id\":\"https:\/\/www.sonoraenequipo.com.mx\/trump-desata-el-terror-en-minneapolis-con-un-nuevo-asesinato-cometido-por-agentes-de-ice\/#article\",\"isPartOf\":{\"@id\":\"https:\/\/www.sonoraenequipo.com.mx\/trump-desata-el-terror-en-minneapolis-con-un-nuevo-asesinato-cometido-por-agentes-de-ice\/\"},\"author\":{\"name\":\"enequipo\",\"@id\":\"https:\/\/www.sonoraenequipo.com.mx\/#\/schema\/person\/50102df0fb23a8fa9e8effad8fa81386\"},\"headline\":\"Trump desata el terror en Minneapolis con un nuevo asesinato cometido por agentes de ICE\",\"datePublished\":\"2026-01-26T03:49:37+00:00\",\"dateModified\":\"2026-01-26T04:01:25+00:00\",\"mainEntityOfPage\":{\"@id\":\"https:\/\/www.sonoraenequipo.com.mx\/trump-desata-el-terror-en-minneapolis-con-un-nuevo-asesinato-cometido-por-agentes-de-ice\/\"},\"wordCount\":1348,\"commentCount\":0,\"publisher\":{\"@id\":\"https:\/\/www.sonoraenequipo.com.mx\/#organization\"},\"image\":{\"@id\":\"https:\/\/www.sonoraenequipo.com.mx\/trump-desata-el-terror-en-minneapolis-con-un-nuevo-asesinato-cometido-por-agentes-de-ice\/#primaryimage\"},\"thumbnailUrl\":\"https:\/\/www.sonoraenequipo.com.mx\/storage\/2026\/01\/otro-asesinato-en-minessota-1.jpg\",\"articleSection\":[\"MUNDO\"],\"inLanguage\":\"es\",\"potentialAction\":[{\"@type\":\"CommentAction\",\"name\":\"Comment\",\"target\":[\"https:\/\/www.sonoraenequipo.com.mx\/trump-desata-el-terror-en-minneapolis-con-un-nuevo-asesinato-cometido-por-agentes-de-ice\/#respond\"]}]},{\"@type\":\"WebPage\",\"@id\":\"https:\/\/www.sonoraenequipo.com.mx\/trump-desata-el-terror-en-minneapolis-con-un-nuevo-asesinato-cometido-por-agentes-de-ice\/\",\"url\":\"https:\/\/www.sonoraenequipo.com.mx\/trump-desata-el-terror-en-minneapolis-con-un-nuevo-asesinato-cometido-por-agentes-de-ice\/\",\"name\":\"Sonora en Equipo. Trump desata el terror en Minneapolis con un nuevo asesinato cometido por agentes de ICE MUNDO\",\"isPartOf\":{\"@id\":\"https:\/\/www.sonoraenequipo.com.mx\/#website\"},\"primaryImageOfPage\":{\"@id\":\"https:\/\/www.sonoraenequipo.com.mx\/trump-desata-el-terror-en-minneapolis-con-un-nuevo-asesinato-cometido-por-agentes-de-ice\/#primaryimage\"},\"image\":{\"@id\":\"https:\/\/www.sonoraenequipo.com.mx\/trump-desata-el-terror-en-minneapolis-con-un-nuevo-asesinato-cometido-por-agentes-de-ice\/#primaryimage\"},\"thumbnailUrl\":\"https:\/\/www.sonoraenequipo.com.mx\/storage\/2026\/01\/otro-asesinato-en-minessota-1.jpg\",\"datePublished\":\"2026-01-26T03:49:37+00:00\",\"dateModified\":\"2026-01-26T04:01:25+00:00\",\"description\":\"MINNEAPOLIS, ESTADOS UNIDOS DEL NORTE DE AM\u00c9RICA. \u2014 El asesinato de Alex Pretti, de 37 a\u00f1os, tiroteado por agentes de Aduanas y Protecci\u00f3n Fronteriza En Sonora en Equipo publicamos toda la informaci\u00f3n de Sonora, M\u00e9xico y el Mundo de manera oportuna y busca que la libertad de expresi\u00f3n sea real. Visita nuestro medio informativo publicado desde Hermosillo, Sonora. %\",\"breadcrumb\":{\"@id\":\"https:\/\/www.sonoraenequipo.com.mx\/trump-desata-el-terror-en-minneapolis-con-un-nuevo-asesinato-cometido-por-agentes-de-ice\/#breadcrumb\"},\"inLanguage\":\"es\",\"potentialAction\":[{\"@type\":\"ReadAction\",\"target\":[\"https:\/\/www.sonoraenequipo.com.mx\/trump-desata-el-terror-en-minneapolis-con-un-nuevo-asesinato-cometido-por-agentes-de-ice\/\"]}]},{\"@type\":\"ImageObject\",\"inLanguage\":\"es\",\"@id\":\"https:\/\/www.sonoraenequipo.com.mx\/trump-desata-el-terror-en-minneapolis-con-un-nuevo-asesinato-cometido-por-agentes-de-ice\/#primaryimage\",\"url\":\"https:\/\/www.sonoraenequipo.com.mx\/storage\/2026\/01\/otro-asesinato-en-minessota-1.jpg\",\"contentUrl\":\"https:\/\/www.sonoraenequipo.com.mx\/storage\/2026\/01\/otro-asesinato-en-minessota-1.jpg\",\"width\":1000,\"height\":562},{\"@type\":\"BreadcrumbList\",\"@id\":\"https:\/\/www.sonoraenequipo.com.mx\/trump-desata-el-terror-en-minneapolis-con-un-nuevo-asesinato-cometido-por-agentes-de-ice\/#breadcrumb\",\"itemListElement\":[{\"@type\":\"ListItem\",\"position\":1,\"name\":\"Portada\",\"item\":\"https:\/\/www.sonoraenequipo.com.mx\/\"},{\"@type\":\"ListItem\",\"position\":2,\"name\":\"Trump desata el terror en Minneapolis con un nuevo asesinato cometido por agentes de ICE\"}]},{\"@type\":\"WebSite\",\"@id\":\"https:\/\/www.sonoraenequipo.com.mx\/#website\",\"url\":\"https:\/\/www.sonoraenequipo.com.mx\/\",\"name\":\"Sonora en Equipo.\",\"description\":\"Diario en l\u00ednea con Noticias desde Hermosillo, Sonora\",\"publisher\":{\"@id\":\"https:\/\/www.sonoraenequipo.com.mx\/#organization\"},\"potentialAction\":[{\"@type\":\"SearchAction\",\"target\":{\"@type\":\"EntryPoint\",\"urlTemplate\":\"https:\/\/www.sonoraenequipo.com.mx\/?s={search_term_string}\"},\"query-input\":{\"@type\":\"PropertyValueSpecification\",\"valueRequired\":true,\"valueName\":\"search_term_string\"}}],\"inLanguage\":\"es\"},{\"@type\":\"Organization\",\"@id\":\"https:\/\/www.sonoraenequipo.com.mx\/#organization\",\"name\":\"Sonoraenequipo.com.mx\",\"url\":\"https:\/\/www.sonoraenequipo.com.mx\/\",\"logo\":{\"@type\":\"ImageObject\",\"inLanguage\":\"es\",\"@id\":\"https:\/\/www.sonoraenequipo.com.mx\/#\/schema\/logo\/image\/\",\"url\":\"https:\/\/www.sonoraenequipo.com.mx\/storage\/2019\/01\/sonoraenequipo_opt.png\",\"contentUrl\":\"https:\/\/www.sonoraenequipo.com.mx\/storage\/2019\/01\/sonoraenequipo_opt.png\",\"width\":375,\"height\":125,\"caption\":\"Sonoraenequipo.com.mx\"},\"image\":{\"@id\":\"https:\/\/www.sonoraenequipo.com.mx\/#\/schema\/logo\/image\/\"},\"sameAs\":[\"https:\/\/www.facebook.com\/SonoraEE\/\",\"https:\/\/x.com\/sonoraenequipo\",\"https:\/\/www.youtube.com\/channel\/UC338nW-lPEYmJQs4ZABQ1SQ\"]},{\"@type\":\"Person\",\"@id\":\"https:\/\/www.sonoraenequipo.com.mx\/#\/schema\/person\/50102df0fb23a8fa9e8effad8fa81386\",\"name\":\"enequipo\",\"image\":{\"@type\":\"ImageObject\",\"inLanguage\":\"es\",\"@id\":\"https:\/\/www.sonoraenequipo.com.mx\/#\/schema\/person\/image\/\",\"url\":\"https:\/\/secure.gravatar.com\/avatar\/049821681b589dabc0bc20695993ccebb09f5b5d4d790cd9251b97faac7c652b?s=96&d=blank&r=g\",\"contentUrl\":\"https:\/\/secure.gravatar.com\/avatar\/049821681b589dabc0bc20695993ccebb09f5b5d4d790cd9251b97faac7c652b?s=96&d=blank&r=g\",\"caption\":\"enequipo\"},\"sameAs\":[\"https:\/\/www.facebook.com\/SonoraEE\"]}]}<\/script>\n ","yoast_head_json":{"title":"Sonora en Equipo. Trump desata el terror en Minneapolis con un nuevo asesinato cometido por agentes de ICE MUNDO","description":"MINNEAPOLIS, ESTADOS UNIDOS DEL NORTE DE AM\u00c9RICA. \u2014 El asesinato de Alex Pretti, de 37 a\u00f1os, tiroteado por agentes de Aduanas y Protecci\u00f3n Fronteriza En Sonora en Equipo publicamos toda la informaci\u00f3n de Sonora, M\u00e9xico y el Mundo de manera oportuna y busca que la libertad de expresi\u00f3n sea real. Visita nuestro medio informativo publicado desde Hermosillo, Sonora. %","robots":{"index":"index","follow":"follow","max-snippet":"max-snippet:-1","max-image-preview":"max-image-preview:large","max-video-preview":"max-video-preview:-1"},"canonical":"https:\/\/www.sonoraenequipo.com.mx\/trump-desata-el-terror-en-minneapolis-con-un-nuevo-asesinato-cometido-por-agentes-de-ice\/","og_locale":"es_ES","og_type":"article","og_title":"Sonora en Equipo. Trump desata el terror en Minneapolis con un nuevo asesinato cometido por agentes de ICE MUNDO","og_description":"MINNEAPOLIS, ESTADOS UNIDOS DEL NORTE DE AM\u00c9RICA. \u2014 El asesinato de Alex Pretti, de 37 a\u00f1os, tiroteado por agentes de Aduanas y Protecci\u00f3n Fronteriza En Sonora en Equipo publicamos toda la informaci\u00f3n de Sonora, M\u00e9xico y el Mundo de manera oportuna y busca que la libertad de expresi\u00f3n sea real. Visita nuestro medio informativo publicado desde Hermosillo, Sonora. %","og_url":"https:\/\/www.sonoraenequipo.com.mx\/trump-desata-el-terror-en-minneapolis-con-un-nuevo-asesinato-cometido-por-agentes-de-ice\/","og_site_name":"Sonora en Equipo.","article_publisher":"https:\/\/www.facebook.com\/SonoraEE\/","article_author":"https:\/\/www.facebook.com\/SonoraEE","article_published_time":"2026-01-26T03:49:37+00:00","article_modified_time":"2026-01-26T04:01:25+00:00","og_image":[{"width":1000,"height":562,"url":"https:\/\/www.sonoraenequipo.com.mx\/storage\/2026\/01\/otro-asesinato-en-minessota-1.jpg","type":"image\/jpeg"}],"author":"enequipo","twitter_card":"summary_large_image","twitter_creator":"@sonoraenequipo","twitter_site":"@sonoraenequipo","twitter_misc":{"Escrito por":"enequipo","Tiempo de lectura":"7 minutos"},"schema":{"@context":"https:\/\/schema.org","@graph":[{"@type":"Article","@id":"https:\/\/www.sonoraenequipo.com.mx\/trump-desata-el-terror-en-minneapolis-con-un-nuevo-asesinato-cometido-por-agentes-de-ice\/#article","isPartOf":{"@id":"https:\/\/www.sonoraenequipo.com.mx\/trump-desata-el-terror-en-minneapolis-con-un-nuevo-asesinato-cometido-por-agentes-de-ice\/"},"author":{"name":"enequipo","@id":"https:\/\/www.sonoraenequipo.com.mx\/#\/schema\/person\/50102df0fb23a8fa9e8effad8fa81386"},"headline":"Trump desata el terror en Minneapolis con un nuevo asesinato cometido por agentes de ICE","datePublished":"2026-01-26T03:49:37+00:00","dateModified":"2026-01-26T04:01:25+00:00","mainEntityOfPage":{"@id":"https:\/\/www.sonoraenequipo.com.mx\/trump-desata-el-terror-en-minneapolis-con-un-nuevo-asesinato-cometido-por-agentes-de-ice\/"},"wordCount":1348,"commentCount":0,"publisher":{"@id":"https:\/\/www.sonoraenequipo.com.mx\/#organization"},"image":{"@id":"https:\/\/www.sonoraenequipo.com.mx\/trump-desata-el-terror-en-minneapolis-con-un-nuevo-asesinato-cometido-por-agentes-de-ice\/#primaryimage"},"thumbnailUrl":"https:\/\/www.sonoraenequipo.com.mx\/storage\/2026\/01\/otro-asesinato-en-minessota-1.jpg","articleSection":["MUNDO"],"inLanguage":"es","potentialAction":[{"@type":"CommentAction","name":"Comment","target":["https:\/\/www.sonoraenequipo.com.mx\/trump-desata-el-terror-en-minneapolis-con-un-nuevo-asesinato-cometido-por-agentes-de-ice\/#respond"]}]},{"@type":"WebPage","@id":"https:\/\/www.sonoraenequipo.com.mx\/trump-desata-el-terror-en-minneapolis-con-un-nuevo-asesinato-cometido-por-agentes-de-ice\/","url":"https:\/\/www.sonoraenequipo.com.mx\/trump-desata-el-terror-en-minneapolis-con-un-nuevo-asesinato-cometido-por-agentes-de-ice\/","name":"Sonora en Equipo. Trump desata el terror en Minneapolis con un nuevo asesinato cometido por agentes de ICE MUNDO","isPartOf":{"@id":"https:\/\/www.sonoraenequipo.com.mx\/#website"},"primaryImageOfPage":{"@id":"https:\/\/www.sonoraenequipo.com.mx\/trump-desata-el-terror-en-minneapolis-con-un-nuevo-asesinato-cometido-por-agentes-de-ice\/#primaryimage"},"image":{"@id":"https:\/\/www.sonoraenequipo.com.mx\/trump-desata-el-terror-en-minneapolis-con-un-nuevo-asesinato-cometido-por-agentes-de-ice\/#primaryimage"},"thumbnailUrl":"https:\/\/www.sonoraenequipo.com.mx\/storage\/2026\/01\/otro-asesinato-en-minessota-1.jpg","datePublished":"2026-01-26T03:49:37+00:00","dateModified":"2026-01-26T04:01:25+00:00","description":"MINNEAPOLIS, ESTADOS UNIDOS DEL NORTE DE AM\u00c9RICA. \u2014 El asesinato de Alex Pretti, de 37 a\u00f1os, tiroteado por agentes de Aduanas y Protecci\u00f3n Fronteriza En Sonora en Equipo publicamos toda la informaci\u00f3n de Sonora, M\u00e9xico y el Mundo de manera oportuna y busca que la libertad de expresi\u00f3n sea real. Visita nuestro medio informativo publicado desde Hermosillo, Sonora. %","breadcrumb":{"@id":"https:\/\/www.sonoraenequipo.com.mx\/trump-desata-el-terror-en-minneapolis-con-un-nuevo-asesinato-cometido-por-agentes-de-ice\/#breadcrumb"},"inLanguage":"es","potentialAction":[{"@type":"ReadAction","target":["https:\/\/www.sonoraenequipo.com.mx\/trump-desata-el-terror-en-minneapolis-con-un-nuevo-asesinato-cometido-por-agentes-de-ice\/"]}]},{"@type":"ImageObject","inLanguage":"es","@id":"https:\/\/www.sonoraenequipo.com.mx\/trump-desata-el-terror-en-minneapolis-con-un-nuevo-asesinato-cometido-por-agentes-de-ice\/#primaryimage","url":"https:\/\/www.sonoraenequipo.com.mx\/storage\/2026\/01\/otro-asesinato-en-minessota-1.jpg","contentUrl":"https:\/\/www.sonoraenequipo.com.mx\/storage\/2026\/01\/otro-asesinato-en-minessota-1.jpg","width":1000,"height":562},{"@type":"BreadcrumbList","@id":"https:\/\/www.sonoraenequipo.com.mx\/trump-desata-el-terror-en-minneapolis-con-un-nuevo-asesinato-cometido-por-agentes-de-ice\/#breadcrumb","itemListElement":[{"@type":"ListItem","position":1,"name":"Portada","item":"https:\/\/www.sonoraenequipo.com.mx\/"},{"@type":"ListItem","position":2,"name":"Trump desata el terror en Minneapolis con un nuevo asesinato cometido por agentes de ICE"}]},{"@type":"WebSite","@id":"https:\/\/www.sonoraenequipo.com.mx\/#website","url":"https:\/\/www.sonoraenequipo.com.mx\/","name":"Sonora en Equipo.","description":"Diario en l\u00ednea con Noticias desde Hermosillo, Sonora","publisher":{"@id":"https:\/\/www.sonoraenequipo.com.mx\/#organization"},"potentialAction":[{"@type":"SearchAction","target":{"@type":"EntryPoint","urlTemplate":"https:\/\/www.sonoraenequipo.com.mx\/?s={search_term_string}"},"query-input":{"@type":"PropertyValueSpecification","valueRequired":true,"valueName":"search_term_string"}}],"inLanguage":"es"},{"@type":"Organization","@id":"https:\/\/www.sonoraenequipo.com.mx\/#organization","name":"Sonoraenequipo.com.mx","url":"https:\/\/www.sonoraenequipo.com.mx\/","logo":{"@type":"ImageObject","inLanguage":"es","@id":"https:\/\/www.sonoraenequipo.com.mx\/#\/schema\/logo\/image\/","url":"https:\/\/www.sonoraenequipo.com.mx\/storage\/2019\/01\/sonoraenequipo_opt.png","contentUrl":"https:\/\/www.sonoraenequipo.com.mx\/storage\/2019\/01\/sonoraenequipo_opt.png","width":375,"height":125,"caption":"Sonoraenequipo.com.mx"},"image":{"@id":"https:\/\/www.sonoraenequipo.com.mx\/#\/schema\/logo\/image\/"},"sameAs":["https:\/\/www.facebook.com\/SonoraEE\/","https:\/\/x.com\/sonoraenequipo","https:\/\/www.youtube.com\/channel\/UC338nW-lPEYmJQs4ZABQ1SQ"]},{"@type":"Person","@id":"https:\/\/www.sonoraenequipo.com.mx\/#\/schema\/person\/50102df0fb23a8fa9e8effad8fa81386","name":"enequipo","image":{"@type":"ImageObject","inLanguage":"es","@id":"https:\/\/www.sonoraenequipo.com.mx\/#\/schema\/person\/image\/","url":"https:\/\/secure.gravatar.com\/avatar\/049821681b589dabc0bc20695993ccebb09f5b5d4d790cd9251b97faac7c652b?s=96&d=blank&r=g","contentUrl":"https:\/\/secure.gravatar.com\/avatar\/049821681b589dabc0bc20695993ccebb09f5b5d4d790cd9251b97faac7c652b?s=96&d=blank&r=g","caption":"enequipo"},"sameAs":["https:\/\/www.facebook.com\/SonoraEE"]}]}},"jetpack_featured_media_url":"https:\/\/www.sonoraenequipo.com.mx\/storage\/2026\/01\/otro-asesinato-en-minessota-1.jpg","_links":{"self":[{"href":"https:\/\/www.sonoraenequipo.com.mx\/api\/wp\/v2\/posts\/233812","targetHints":{"allow":["GET"]}}],"collection":[{"href":"https:\/\/www.sonoraenequipo.com.mx\/api\/wp\/v2\/posts"}],"about":[{"href":"https:\/\/www.sonoraenequipo.com.mx\/api\/wp\/v2\/types\/post"}],"author":[{"embeddable":true,"href":"https:\/\/www.sonoraenequipo.com.mx\/api\/wp\/v2\/users\/1"}],"replies":[{"embeddable":true,"href":"https:\/\/www.sonoraenequipo.com.mx\/api\/wp\/v2\/comments?post=233812"}],"version-history":[{"count":2,"href":"https:\/\/www.sonoraenequipo.com.mx\/api\/wp\/v2\/posts\/233812\/revisions"}],"predecessor-version":[{"id":233814,"href":"https:\/\/www.sonoraenequipo.com.mx\/api\/wp\/v2\/posts\/233812\/revisions\/233814"}],"wp:featuredmedia":[{"embeddable":true,"href":"https:\/\/www.sonoraenequipo.com.mx\/api\/wp\/v2\/media\/233795"}],"wp:attachment":[{"href":"https:\/\/www.sonoraenequipo.com.mx\/api\/wp\/v2\/media?parent=233812"}],"wp:term":[{"taxonomy":"category","embeddable":true,"href":"https:\/\/www.sonoraenequipo.com.mx\/api\/wp\/v2\/categories?post=233812"},{"taxonomy":"post_tag","embeddable":true,"href":"https:\/\/www.sonoraenequipo.com.mx\/api\/wp\/v2\/tags?post=233812"}],"curies":[{"name":"wp","href":"https:\/\/api.w.org\/{rel}","templated":true}]}}