{"id":233816,"date":"2026-01-25T21:30:13","date_gmt":"2026-01-26T04:30:13","guid":{"rendered":"https:\/\/www.sonoraenequipo.com.mx\/?p=233816"},"modified":"2026-01-25T21:32:49","modified_gmt":"2026-01-26T04:32:49","slug":"nuevo-paso-a-desnivel-traza-el-futuro-de-hermosillo-tono-astiazaran","status":"publish","type":"post","link":"https:\/\/www.sonoraenequipo.com.mx\/nuevo-paso-a-desnivel-traza-el-futuro-de-hermosillo-tono-astiazaran\/","title":{"rendered":"Nuevo paso a desnivel traza el futuro de Hermosillo: To\u00f1o Astiazar\u00e1n"},"content":{"rendered":"<p><strong>HERMOSILLO, SONORA. MX. \u2014\u00a0<\/strong> El presidente municipal, Antonio Astiazar\u00e1n Guti\u00e9rrez, inaugur\u00f3 el Paso a Desnivel en el cruce de los bulevares Colosio y Solidaridad, una obra estrat\u00e9gica que fortalece la movilidad urbana y posiciona a Hermosillo como referente nacional en infraestructura vial sustentable.<\/p>\n<p>&nbsp;<\/p>\n<p>&nbsp;<\/p>\n<p>&nbsp;<\/p>\n<p> <\/p>\n<p>Acompa\u00f1ado de su esposa Patricia Ruibal y de sus hijos Mar\u00eda Paula y Astiazar\u00e1n \u00a0destac\u00f3 que con esta obra se empieza a trazar el mapa del Hermosillo 2055, con un proyecto ejecutado no s\u00f3lo para automovilistas, sino para ciclistas y peatones.<\/p>\n<p>&nbsp;<\/p>\n<p>&nbsp;<\/p>\n<p>&nbsp;<\/p>\n<p><em><strong>\u201cPor eso, adem\u00e1s de una soluci\u00f3n vial, este proyecto es nuestra apuesta por un futuro m\u00e1s verde, m\u00e1s humano y m\u00e1s seguro para las familias hermosillenses. <\/strong><\/em><\/p>\n<p><em><strong>Nunca un Ayuntamiento se hab\u00eda arriesgado a construir una obra de esta magnitud, porque no se contaba con recursos propios para hacerlo\u201d,<\/strong><\/em> coment\u00f3.<\/p>\n<p>&nbsp;<\/p>\n<p>&nbsp;<\/p>\n<p>Enfatiz\u00f3 que su administraci\u00f3n cuenta con la capacidad t\u00e9cnica para seguir impulsando la obra p\u00fablica municipal en Hermosillo.<\/p>\n<p>&nbsp;<\/p>\n<p>&nbsp;<\/p>\n<p><em><strong>\u201cCon esta innovadora manera de hacer las cosas es c\u00f3mo estamos impulsando la transformaci\u00f3n de Hermosillo\u201d,<\/strong><\/em> asegur\u00f3.<\/p>\n<p>&nbsp;<\/p>\n<p>&nbsp;<\/p>\n<p>El presidente municipal anunci\u00f3 que este lunes 26 de enero abrir\u00e1n la convocatoria para la creaci\u00f3n del mural del paso a desnivel Colosio y Solidaridad para fortalecer la identidad cultural destacando los valores de la comunidad, pertenencia y transformaci\u00f3n del espacio urbano as\u00ed como promover el talento de los artistas locales.<\/p>\n<p>&nbsp;<\/p>\n<p>&nbsp;<\/p>\n<p>Astart\u00e9 Corro Ruiz, directora de Desarrollo de Infraestructura, expuso que este d\u00eda cumplen una promesa de una obra terminada y en tiempo.<\/p>\n<p>&nbsp;<\/p>\n<p>&nbsp;<\/p>\n<p><em><strong>\u201cPorque con obras como esta estamos construyendo la ciudad donde van a transitar nuestros hijos y los hijos de nuestros hijos, y eso se llama a pensar en el futuro de las pr\u00f3ximas generaciones. Fueron m\u00e1s de 380 d\u00edas donde siempre hubo alguien aqu\u00ed trabajando y resolviendo. D\u00edas que tambi\u00e9n significaron empleo y derrame econ\u00f3mica en la cadena de proveedores locales\u201d<\/strong><\/em>, agreg\u00f3.<\/p>\n<p>&nbsp;<\/p>\n<p>&nbsp;<\/p>\n<p>La construcci\u00f3n inici\u00f3 en enero de 2025 con el objetivo de mejorar el flujo vehicular de m\u00e1s de 74 mil autom\u00f3viles que transitan diariamente por esta zona de alta demanda.<\/p>\n<p>&nbsp;<\/p>\n<p>&nbsp;<\/p>\n<p>El dise\u00f1o se bas\u00f3 en proyectos ejecutivos sustentados en estudios especializados, incluyendo antecedentes del comportamiento de lluvias, lo que garantiza que la infraestructura no genere inundaciones y brinda certeza a las y los hermosillenses.<\/p>\n<p>&nbsp;<\/p>\n<p>&nbsp;<\/p>\n<p>Se trata de la obra n\u00famero 14 de la ciudad entre puentes y pasos a desnivel y su ejecuci\u00f3n implic\u00f3 la instalaci\u00f3n de infraestructura subterr\u00e1nea, renovaci\u00f3n de tuber\u00eda sanitaria y de drenaje, colocaci\u00f3n de tuber\u00eda pluvial y pavimentaci\u00f3n con concreto hidr\u00e1ulico.<\/p>\n<p>&nbsp;<\/p>\n<p>&nbsp;<\/p>\n<p>La obra contempl\u00f3 la modernizaci\u00f3n de tres cruceros semaforizados, la instalaci\u00f3n de sem\u00e1foros peatonales, as\u00ed como la construcci\u00f3n de 3 mil metros lineales de ciclov\u00eda, con espacios dise\u00f1ados para mejorar la seguridad de peatones y ciclistas en el \u00e1rea del puente del bulevar Colosio.<\/p>\n<p>&nbsp;<\/p>\n<p>&nbsp;<\/p>\n<p>De los veh\u00edculos que circulan por la intersecci\u00f3n, 32 mil 500 utilizan el bulevar Colosio y 41 mil 500 el bulevar Solidaridad, logrando una reducci\u00f3n promedio del 70 por ciento en los tiempos de espera durante las horas de mayor demanda.<\/p>\n<p>&nbsp;<\/p>\n<p>&nbsp;<\/p>\n<p><img loading=\"lazy\" decoding=\"async\" class=\"x-left size-full \" src=\"https:\/\/www.sonoraenequipo.com.mx\/storage\/2026\/01\/colosio-y-solidaridad.-Obra-inaugurada-1.jpg\" alt=\"\" width=\"982\" height=\"600\" \/>Se construyeron ciclocarriles con anchos de entre 1.5 y 2 metros a lo largo del proyecto en ambos bulevares. De los 3 mil metros de ciclov\u00eda, mil seiscientos metros est\u00e1n confinados con confibicis. Los cruces peatonales cuentan con concreto estampado para mayor visibilidad y jerarqu\u00eda, y la intersecci\u00f3n dispone de 15 sem\u00e1foros peatonales en total.<\/p>\n<p>&nbsp;<\/p>\n<p>&nbsp;<\/p>\n<p>El proyecto incluye una importante intervenci\u00f3n ambiental y de imagen urbana, con la forestaci\u00f3n de m\u00e1s de 500 metros de camellones y arriates, la creaci\u00f3n de un parque lineal entre el bulevar Colosio y la avenida Pesqueira, y la plantaci\u00f3n de m\u00e1s de 3 mil individuos de 38 especies entre \u00e1rboles y arbustos nativos y adaptados al clima de la regi\u00f3n, adem\u00e1s de un sistema de riego para las \u00e1reas verdes.<\/p>\n<p>&nbsp;<\/p>\n<p>&nbsp;<\/p>\n<p>En cuanto al sistema pluvial, la obra cuenta con rasantes que evitan el ingreso de escurrimientos a las rampas, parrillas de captaci\u00f3n en zonas bajas y una tuber\u00eda de 102 pulgadas de di\u00e1metro y 195 metros de longitud, dise\u00f1ada para almacenar el agua de lluvia. Asimismo, se construy\u00f3 un pozo de absorci\u00f3n de 10 metros de profundidad y un c\u00e1rcamo de bombeo que permitir\u00e1 reutilizar el agua, por ejemplo, para riego de \u00e1reas verdes.<\/p>\n<p>&nbsp;<\/p>\n<p>&nbsp;<\/p>\n<p>Durante la obra se realizaron adecuaciones y reubicaciones de infraestructura existente de agua, drenaje, l\u00edneas el\u00e9ctricas, fibra \u00f3ptica, telefon\u00eda, cable y gas natural, garantizando la correcta operaci\u00f3n de todos los servicios. El bulevar Colosio es la vialidad que pasa por debajo del bulevar Solidaridad a trav\u00e9s de un caj\u00f3n de concreto armado, con dos claros de 90 y 150 metros, ambos con un g\u00e1libo m\u00ednimo de 4.50 metros, y pavimentos de concreto hidr\u00e1ulico con se\u00f1alizaci\u00f3n en pintura termopl\u00e1stica.<\/p>\n<p>&nbsp;<\/p>\n<p>&nbsp;<\/p>\n<p><img loading=\"lazy\" decoding=\"async\" class=\"x-left size-full \" src=\"https:\/\/www.sonoraenequipo.com.mx\/storage\/2026\/01\/puente-deprimido-de-la-colosio-1.jpg\" alt=\"\" width=\"1000\" height=\"750\" \/>El proyecto se complementa con alumbrado LED, mediante luminarias de 144 watts en postes de 12 metros para bulevares y laterales, as\u00ed como wallpacks de 38 watts instalados en las rampas, reforzando la seguridad y visibilidad en toda la zona.<\/p>\n<p>&nbsp;<\/p>\n<p>&nbsp;<\/p>\n<p>En la inauguraci\u00f3n estuvieron representantes de grupos ambientalistas y de ciclistas, presidentes de c\u00e1maras empresariales, comerciantes de la zona, integrantes del gabinete municipal, regidores y ciudadan\u00eda en general.<\/p>\n<p>&nbsp;<\/p>\n<p>&nbsp;<\/p>\n<h3>Numeralia | Paso a Desnivel Colosio\u2013Solidaridad<\/h3>\n<p>&nbsp;<\/p>\n<p>&nbsp;<\/p>\n<p><strong>\u2022 Veh\u00edculos que circular\u00e1n diariamente: 74 mil<\/strong><\/p>\n<p>&nbsp;<\/p>\n<p><strong>\u2022 Reducci\u00f3n de tiempos de espera de entre entre 15 y 20 minutos en horas pico<\/strong><\/p>\n<p>&nbsp;<\/p>\n<p><strong>\u2022 Movilidad incluyente: M\u00e1s de 3 mil metros lineales de ciclov\u00eda, amplios espacios peatonales con prioridad al peat\u00f3n y ciclista<\/strong><\/p>\n<p>&nbsp;<\/p>\n<p><strong>\u2022 Infraestructura verde: M\u00e1s de 3,000 \u00e1rboles y arbustos, 38 especies distintas plantadas<\/strong><\/p>\n<p>&nbsp;<\/p>\n<p><strong>\u2022 Infraestructura el\u00e9ctrica y urbana: 6 mil 900 metros lineales de cable retirado, 30 postes de luz retirados, 8 mil 650 metros lineales de cable instalado, 43 registros el\u00e9ctricos, 28 mil metros lineales de cable subterr\u00e1neo<\/strong><\/p>\n<p>&nbsp;<\/p>\n<p><strong>\u2022 Construcci\u00f3n: 91 mil 200 m\u00b3 de material excavado equivalente a 36 albercas ol\u00edmpicas \u00f3 13,000 dompes de tierra<\/strong><\/p>\n<p>&nbsp;<\/p>\n<p><strong>\u2022 Empleo y proveedur\u00eda local: 215 empleos directos, 95 empleos indirectos, m\u00e1s de 130 proveedores, obra ejecutada por empresa constructora local<\/strong><\/p>\n<p>&nbsp;<\/p>\n<p><strong>\u2022 Visi\u00f3n a futuro: Infraestructura con capacidad para sostener el crecimiento de Hermosillo por 30 a\u00f1os, proyecci\u00f3n urbana hacia el Hermosillo 2055<\/strong><\/p>\n<p>&nbsp;<\/p>\n<p>&nbsp;<\/p>\n<p>&nbsp;<\/p>\n<p>PUBLICADO EL 25 ENERO DE 2026 Con informaci\u00f3n de GOBHMO 1935\/2026)<\/p>\n","protected":false},"excerpt":{"rendered":"<p>HERMOSILLO, SONORA. MX. \u2014\u00a0 El presidente municipal, Antonio Astiazar\u00e1n Guti\u00e9rrez, inaugur\u00f3 el Paso a Desnivel&#8230;<\/p>\n","protected":false},"author":1,"featured_media":233818,"comment_status":"open","ping_status":"open","sticky":false,"template":"","format":"standard","meta":{"_monsterinsights_skip_tracking":false,"_monsterinsights_sitenote_active":false,"_monsterinsights_sitenote_note":"","_monsterinsights_sitenote_category":0,"footnotes":""},"categories":[4],"tags":[],"class_list":["post"],"yoast_head":" \n<title>Sonora en Equipo. Nuevo paso a desnivel traza el futuro de Hermosillo: To\u00f1o Astiazar\u00e1n Municipios<\/title>\n<meta name=\"description\" content=\"HERMOSILLO, SONORA. MX. \u2014\u00a0 El presidente municipal, Antonio Astiazar\u00e1n Guti\u00e9rrez, inaugur\u00f3 el Paso a Desnivel en el cruce de los bulevares Colosio y En Sonora en Equipo publicamos toda la informaci\u00f3n de Sonora, M\u00e9xico y el Mundo de manera oportuna y busca que la libertad de expresi\u00f3n sea real. Visita nuestro medio informativo publicado desde Hermosillo, Sonora. %\" \/>\n<meta name=\"robots\" content=\"index, follow, max-snippet:-1, max-image-preview:large, max-video-preview:-1\" \/>\n<link rel=\"canonical\" href=\"https:\/\/www.sonoraenequipo.com.mx\/nuevo-paso-a-desnivel-traza-el-futuro-de-hermosillo-tono-astiazaran\/\" \/>\n<meta property=\"og:locale\" content=\"es_ES\" \/>\n<meta property=\"og:type\" content=\"article\" \/>\n<meta property=\"og:title\" content=\"Sonora en Equipo. Nuevo paso a desnivel traza el futuro de Hermosillo: To\u00f1o Astiazar\u00e1n Municipios\" \/>\n<meta property=\"og:description\" content=\"HERMOSILLO, SONORA. MX. \u2014\u00a0 El presidente municipal, Antonio Astiazar\u00e1n Guti\u00e9rrez, inaugur\u00f3 el Paso a Desnivel en el cruce de los bulevares Colosio y En Sonora en Equipo publicamos toda la informaci\u00f3n de Sonora, M\u00e9xico y el Mundo de manera oportuna y busca que la libertad de expresi\u00f3n sea real. Visita nuestro medio informativo publicado desde Hermosillo, Sonora. %\" \/>\n<meta property=\"og:url\" content=\"https:\/\/www.sonoraenequipo.com.mx\/nuevo-paso-a-desnivel-traza-el-futuro-de-hermosillo-tono-astiazaran\/\" \/>\n<meta property=\"og:site_name\" content=\"Sonora en Equipo.\" \/>\n<meta property=\"article:publisher\" content=\"https:\/\/www.facebook.com\/SonoraEE\/\" \/>\n<meta property=\"article:author\" content=\"https:\/\/www.facebook.com\/SonoraEE\" \/>\n<meta property=\"article:published_time\" content=\"2026-01-26T04:30:13+00:00\" \/>\n<meta property=\"article:modified_time\" content=\"2026-01-26T04:32:49+00:00\" \/>\n<meta property=\"og:image\" content=\"https:\/\/www.sonoraenequipo.com.mx\/storage\/2026\/01\/inauguracion-de-puente-deprimido-de-Colosio-y-Solidaridad-1.jpg\" \/>\n\t<meta property=\"og:image:width\" content=\"1280\" \/>\n\t<meta property=\"og:image:height\" content=\"960\" \/>\n\t<meta property=\"og:image:type\" content=\"image\/jpeg\" \/>\n<meta name=\"author\" content=\"enequipo\" \/>\n<meta name=\"twitter:card\" content=\"summary_large_image\" \/>\n<meta name=\"twitter:creator\" content=\"@sonoraenequipo\" \/>\n<meta name=\"twitter:site\" content=\"@sonoraenequipo\" \/>\n<meta name=\"twitter:label1\" content=\"Escrito por\" \/>\n\t<meta name=\"twitter:data1\" content=\"enequipo\" \/>\n\t<meta name=\"twitter:label2\" content=\"Tiempo de lectura\" \/>\n\t<meta name=\"twitter:data2\" content=\"6 minutos\" \/>\n<script type=\"application\/ld+json\" class=\"yoast-schema-graph\">{\"@context\":\"https:\/\/schema.org\",\"@graph\":[{\"@type\":\"Article\",\"@id\":\"https:\/\/www.sonoraenequipo.com.mx\/nuevo-paso-a-desnivel-traza-el-futuro-de-hermosillo-tono-astiazaran\/#article\",\"isPartOf\":{\"@id\":\"https:\/\/www.sonoraenequipo.com.mx\/nuevo-paso-a-desnivel-traza-el-futuro-de-hermosillo-tono-astiazaran\/\"},\"author\":{\"name\":\"enequipo\",\"@id\":\"https:\/\/www.sonoraenequipo.com.mx\/#\/schema\/person\/50102df0fb23a8fa9e8effad8fa81386\"},\"headline\":\"Nuevo paso a desnivel traza el futuro de Hermosillo: To\u00f1o Astiazar\u00e1n\",\"datePublished\":\"2026-01-26T04:30:13+00:00\",\"dateModified\":\"2026-01-26T04:32:49+00:00\",\"mainEntityOfPage\":{\"@id\":\"https:\/\/www.sonoraenequipo.com.mx\/nuevo-paso-a-desnivel-traza-el-futuro-de-hermosillo-tono-astiazaran\/\"},\"wordCount\":1115,\"commentCount\":0,\"publisher\":{\"@id\":\"https:\/\/www.sonoraenequipo.com.mx\/#organization\"},\"image\":{\"@id\":\"https:\/\/www.sonoraenequipo.com.mx\/nuevo-paso-a-desnivel-traza-el-futuro-de-hermosillo-tono-astiazaran\/#primaryimage\"},\"thumbnailUrl\":\"https:\/\/www.sonoraenequipo.com.mx\/storage\/2026\/01\/inauguracion-de-puente-deprimido-de-Colosio-y-Solidaridad-1.jpg\",\"articleSection\":[\"Municipios\"],\"inLanguage\":\"es\",\"potentialAction\":[{\"@type\":\"CommentAction\",\"name\":\"Comment\",\"target\":[\"https:\/\/www.sonoraenequipo.com.mx\/nuevo-paso-a-desnivel-traza-el-futuro-de-hermosillo-tono-astiazaran\/#respond\"]}]},{\"@type\":\"WebPage\",\"@id\":\"https:\/\/www.sonoraenequipo.com.mx\/nuevo-paso-a-desnivel-traza-el-futuro-de-hermosillo-tono-astiazaran\/\",\"url\":\"https:\/\/www.sonoraenequipo.com.mx\/nuevo-paso-a-desnivel-traza-el-futuro-de-hermosillo-tono-astiazaran\/\",\"name\":\"Sonora en Equipo. Nuevo paso a desnivel traza el futuro de Hermosillo: To\u00f1o Astiazar\u00e1n Municipios\",\"isPartOf\":{\"@id\":\"https:\/\/www.sonoraenequipo.com.mx\/#website\"},\"primaryImageOfPage\":{\"@id\":\"https:\/\/www.sonoraenequipo.com.mx\/nuevo-paso-a-desnivel-traza-el-futuro-de-hermosillo-tono-astiazaran\/#primaryimage\"},\"image\":{\"@id\":\"https:\/\/www.sonoraenequipo.com.mx\/nuevo-paso-a-desnivel-traza-el-futuro-de-hermosillo-tono-astiazaran\/#primaryimage\"},\"thumbnailUrl\":\"https:\/\/www.sonoraenequipo.com.mx\/storage\/2026\/01\/inauguracion-de-puente-deprimido-de-Colosio-y-Solidaridad-1.jpg\",\"datePublished\":\"2026-01-26T04:30:13+00:00\",\"dateModified\":\"2026-01-26T04:32:49+00:00\",\"description\":\"HERMOSILLO, SONORA. MX. \u2014\u00a0 El presidente municipal, Antonio Astiazar\u00e1n Guti\u00e9rrez, inaugur\u00f3 el Paso a Desnivel en el cruce de los bulevares Colosio y En Sonora en Equipo publicamos toda la informaci\u00f3n de Sonora, M\u00e9xico y el Mundo de manera oportuna y busca que la libertad de expresi\u00f3n sea real. Visita nuestro medio informativo publicado desde Hermosillo, Sonora. %\",\"breadcrumb\":{\"@id\":\"https:\/\/www.sonoraenequipo.com.mx\/nuevo-paso-a-desnivel-traza-el-futuro-de-hermosillo-tono-astiazaran\/#breadcrumb\"},\"inLanguage\":\"es\",\"potentialAction\":[{\"@type\":\"ReadAction\",\"target\":[\"https:\/\/www.sonoraenequipo.com.mx\/nuevo-paso-a-desnivel-traza-el-futuro-de-hermosillo-tono-astiazaran\/\"]}]},{\"@type\":\"ImageObject\",\"inLanguage\":\"es\",\"@id\":\"https:\/\/www.sonoraenequipo.com.mx\/nuevo-paso-a-desnivel-traza-el-futuro-de-hermosillo-tono-astiazaran\/#primaryimage\",\"url\":\"https:\/\/www.sonoraenequipo.com.mx\/storage\/2026\/01\/inauguracion-de-puente-deprimido-de-Colosio-y-Solidaridad-1.jpg\",\"contentUrl\":\"https:\/\/www.sonoraenequipo.com.mx\/storage\/2026\/01\/inauguracion-de-puente-deprimido-de-Colosio-y-Solidaridad-1.jpg\",\"width\":1280,\"height\":960},{\"@type\":\"BreadcrumbList\",\"@id\":\"https:\/\/www.sonoraenequipo.com.mx\/nuevo-paso-a-desnivel-traza-el-futuro-de-hermosillo-tono-astiazaran\/#breadcrumb\",\"itemListElement\":[{\"@type\":\"ListItem\",\"position\":1,\"name\":\"Portada\",\"item\":\"https:\/\/www.sonoraenequipo.com.mx\/\"},{\"@type\":\"ListItem\",\"position\":2,\"name\":\"Nuevo paso a desnivel traza el futuro de Hermosillo: To\u00f1o Astiazar\u00e1n\"}]},{\"@type\":\"WebSite\",\"@id\":\"https:\/\/www.sonoraenequipo.com.mx\/#website\",\"url\":\"https:\/\/www.sonoraenequipo.com.mx\/\",\"name\":\"Sonora en Equipo.\",\"description\":\"Diario en l\u00ednea con Noticias desde Hermosillo, Sonora\",\"publisher\":{\"@id\":\"https:\/\/www.sonoraenequipo.com.mx\/#organization\"},\"potentialAction\":[{\"@type\":\"SearchAction\",\"target\":{\"@type\":\"EntryPoint\",\"urlTemplate\":\"https:\/\/www.sonoraenequipo.com.mx\/?s={search_term_string}\"},\"query-input\":{\"@type\":\"PropertyValueSpecification\",\"valueRequired\":true,\"valueName\":\"search_term_string\"}}],\"inLanguage\":\"es\"},{\"@type\":\"Organization\",\"@id\":\"https:\/\/www.sonoraenequipo.com.mx\/#organization\",\"name\":\"Sonoraenequipo.com.mx\",\"url\":\"https:\/\/www.sonoraenequipo.com.mx\/\",\"logo\":{\"@type\":\"ImageObject\",\"inLanguage\":\"es\",\"@id\":\"https:\/\/www.sonoraenequipo.com.mx\/#\/schema\/logo\/image\/\",\"url\":\"https:\/\/www.sonoraenequipo.com.mx\/storage\/2019\/01\/sonoraenequipo_opt.png\",\"contentUrl\":\"https:\/\/www.sonoraenequipo.com.mx\/storage\/2019\/01\/sonoraenequipo_opt.png\",\"width\":375,\"height\":125,\"caption\":\"Sonoraenequipo.com.mx\"},\"image\":{\"@id\":\"https:\/\/www.sonoraenequipo.com.mx\/#\/schema\/logo\/image\/\"},\"sameAs\":[\"https:\/\/www.facebook.com\/SonoraEE\/\",\"https:\/\/x.com\/sonoraenequipo\",\"https:\/\/www.youtube.com\/channel\/UC338nW-lPEYmJQs4ZABQ1SQ\"]},{\"@type\":\"Person\",\"@id\":\"https:\/\/www.sonoraenequipo.com.mx\/#\/schema\/person\/50102df0fb23a8fa9e8effad8fa81386\",\"name\":\"enequipo\",\"image\":{\"@type\":\"ImageObject\",\"inLanguage\":\"es\",\"@id\":\"https:\/\/www.sonoraenequipo.com.mx\/#\/schema\/person\/image\/\",\"url\":\"https:\/\/secure.gravatar.com\/avatar\/049821681b589dabc0bc20695993ccebb09f5b5d4d790cd9251b97faac7c652b?s=96&d=blank&r=g\",\"contentUrl\":\"https:\/\/secure.gravatar.com\/avatar\/049821681b589dabc0bc20695993ccebb09f5b5d4d790cd9251b97faac7c652b?s=96&d=blank&r=g\",\"caption\":\"enequipo\"},\"sameAs\":[\"https:\/\/www.facebook.com\/SonoraEE\"]}]}<\/script>\n ","yoast_head_json":{"title":"Sonora en Equipo. Nuevo paso a desnivel traza el futuro de Hermosillo: To\u00f1o Astiazar\u00e1n Municipios","description":"HERMOSILLO, SONORA. MX. \u2014\u00a0 El presidente municipal, Antonio Astiazar\u00e1n Guti\u00e9rrez, inaugur\u00f3 el Paso a Desnivel en el cruce de los bulevares Colosio y En Sonora en Equipo publicamos toda la informaci\u00f3n de Sonora, M\u00e9xico y el Mundo de manera oportuna y busca que la libertad de expresi\u00f3n sea real. Visita nuestro medio informativo publicado desde Hermosillo, Sonora. %","robots":{"index":"index","follow":"follow","max-snippet":"max-snippet:-1","max-image-preview":"max-image-preview:large","max-video-preview":"max-video-preview:-1"},"canonical":"https:\/\/www.sonoraenequipo.com.mx\/nuevo-paso-a-desnivel-traza-el-futuro-de-hermosillo-tono-astiazaran\/","og_locale":"es_ES","og_type":"article","og_title":"Sonora en Equipo. Nuevo paso a desnivel traza el futuro de Hermosillo: To\u00f1o Astiazar\u00e1n Municipios","og_description":"HERMOSILLO, SONORA. MX. \u2014\u00a0 El presidente municipal, Antonio Astiazar\u00e1n Guti\u00e9rrez, inaugur\u00f3 el Paso a Desnivel en el cruce de los bulevares Colosio y En Sonora en Equipo publicamos toda la informaci\u00f3n de Sonora, M\u00e9xico y el Mundo de manera oportuna y busca que la libertad de expresi\u00f3n sea real. Visita nuestro medio informativo publicado desde Hermosillo, Sonora. %","og_url":"https:\/\/www.sonoraenequipo.com.mx\/nuevo-paso-a-desnivel-traza-el-futuro-de-hermosillo-tono-astiazaran\/","og_site_name":"Sonora en Equipo.","article_publisher":"https:\/\/www.facebook.com\/SonoraEE\/","article_author":"https:\/\/www.facebook.com\/SonoraEE","article_published_time":"2026-01-26T04:30:13+00:00","article_modified_time":"2026-01-26T04:32:49+00:00","og_image":[{"width":1280,"height":960,"url":"https:\/\/www.sonoraenequipo.com.mx\/storage\/2026\/01\/inauguracion-de-puente-deprimido-de-Colosio-y-Solidaridad-1.jpg","type":"image\/jpeg"}],"author":"enequipo","twitter_card":"summary_large_image","twitter_creator":"@sonoraenequipo","twitter_site":"@sonoraenequipo","twitter_misc":{"Escrito por":"enequipo","Tiempo de lectura":"6 minutos"},"schema":{"@context":"https:\/\/schema.org","@graph":[{"@type":"Article","@id":"https:\/\/www.sonoraenequipo.com.mx\/nuevo-paso-a-desnivel-traza-el-futuro-de-hermosillo-tono-astiazaran\/#article","isPartOf":{"@id":"https:\/\/www.sonoraenequipo.com.mx\/nuevo-paso-a-desnivel-traza-el-futuro-de-hermosillo-tono-astiazaran\/"},"author":{"name":"enequipo","@id":"https:\/\/www.sonoraenequipo.com.mx\/#\/schema\/person\/50102df0fb23a8fa9e8effad8fa81386"},"headline":"Nuevo paso a desnivel traza el futuro de Hermosillo: To\u00f1o Astiazar\u00e1n","datePublished":"2026-01-26T04:30:13+00:00","dateModified":"2026-01-26T04:32:49+00:00","mainEntityOfPage":{"@id":"https:\/\/www.sonoraenequipo.com.mx\/nuevo-paso-a-desnivel-traza-el-futuro-de-hermosillo-tono-astiazaran\/"},"wordCount":1115,"commentCount":0,"publisher":{"@id":"https:\/\/www.sonoraenequipo.com.mx\/#organization"},"image":{"@id":"https:\/\/www.sonoraenequipo.com.mx\/nuevo-paso-a-desnivel-traza-el-futuro-de-hermosillo-tono-astiazaran\/#primaryimage"},"thumbnailUrl":"https:\/\/www.sonoraenequipo.com.mx\/storage\/2026\/01\/inauguracion-de-puente-deprimido-de-Colosio-y-Solidaridad-1.jpg","articleSection":["Municipios"],"inLanguage":"es","potentialAction":[{"@type":"CommentAction","name":"Comment","target":["https:\/\/www.sonoraenequipo.com.mx\/nuevo-paso-a-desnivel-traza-el-futuro-de-hermosillo-tono-astiazaran\/#respond"]}]},{"@type":"WebPage","@id":"https:\/\/www.sonoraenequipo.com.mx\/nuevo-paso-a-desnivel-traza-el-futuro-de-hermosillo-tono-astiazaran\/","url":"https:\/\/www.sonoraenequipo.com.mx\/nuevo-paso-a-desnivel-traza-el-futuro-de-hermosillo-tono-astiazaran\/","name":"Sonora en Equipo. Nuevo paso a desnivel traza el futuro de Hermosillo: To\u00f1o Astiazar\u00e1n Municipios","isPartOf":{"@id":"https:\/\/www.sonoraenequipo.com.mx\/#website"},"primaryImageOfPage":{"@id":"https:\/\/www.sonoraenequipo.com.mx\/nuevo-paso-a-desnivel-traza-el-futuro-de-hermosillo-tono-astiazaran\/#primaryimage"},"image":{"@id":"https:\/\/www.sonoraenequipo.com.mx\/nuevo-paso-a-desnivel-traza-el-futuro-de-hermosillo-tono-astiazaran\/#primaryimage"},"thumbnailUrl":"https:\/\/www.sonoraenequipo.com.mx\/storage\/2026\/01\/inauguracion-de-puente-deprimido-de-Colosio-y-Solidaridad-1.jpg","datePublished":"2026-01-26T04:30:13+00:00","dateModified":"2026-01-26T04:32:49+00:00","description":"HERMOSILLO, SONORA. MX. \u2014\u00a0 El presidente municipal, Antonio Astiazar\u00e1n Guti\u00e9rrez, inaugur\u00f3 el Paso a Desnivel en el cruce de los bulevares Colosio y En Sonora en Equipo publicamos toda la informaci\u00f3n de Sonora, M\u00e9xico y el Mundo de manera oportuna y busca que la libertad de expresi\u00f3n sea real. Visita nuestro medio informativo publicado desde Hermosillo, Sonora. %","breadcrumb":{"@id":"https:\/\/www.sonoraenequipo.com.mx\/nuevo-paso-a-desnivel-traza-el-futuro-de-hermosillo-tono-astiazaran\/#breadcrumb"},"inLanguage":"es","potentialAction":[{"@type":"ReadAction","target":["https:\/\/www.sonoraenequipo.com.mx\/nuevo-paso-a-desnivel-traza-el-futuro-de-hermosillo-tono-astiazaran\/"]}]},{"@type":"ImageObject","inLanguage":"es","@id":"https:\/\/www.sonoraenequipo.com.mx\/nuevo-paso-a-desnivel-traza-el-futuro-de-hermosillo-tono-astiazaran\/#primaryimage","url":"https:\/\/www.sonoraenequipo.com.mx\/storage\/2026\/01\/inauguracion-de-puente-deprimido-de-Colosio-y-Solidaridad-1.jpg","contentUrl":"https:\/\/www.sonoraenequipo.com.mx\/storage\/2026\/01\/inauguracion-de-puente-deprimido-de-Colosio-y-Solidaridad-1.jpg","width":1280,"height":960},{"@type":"BreadcrumbList","@id":"https:\/\/www.sonoraenequipo.com.mx\/nuevo-paso-a-desnivel-traza-el-futuro-de-hermosillo-tono-astiazaran\/#breadcrumb","itemListElement":[{"@type":"ListItem","position":1,"name":"Portada","item":"https:\/\/www.sonoraenequipo.com.mx\/"},{"@type":"ListItem","position":2,"name":"Nuevo paso a desnivel traza el futuro de Hermosillo: To\u00f1o Astiazar\u00e1n"}]},{"@type":"WebSite","@id":"https:\/\/www.sonoraenequipo.com.mx\/#website","url":"https:\/\/www.sonoraenequipo.com.mx\/","name":"Sonora en Equipo.","description":"Diario en l\u00ednea con Noticias desde Hermosillo, Sonora","publisher":{"@id":"https:\/\/www.sonoraenequipo.com.mx\/#organization"},"potentialAction":[{"@type":"SearchAction","target":{"@type":"EntryPoint","urlTemplate":"https:\/\/www.sonoraenequipo.com.mx\/?s={search_term_string}"},"query-input":{"@type":"PropertyValueSpecification","valueRequired":true,"valueName":"search_term_string"}}],"inLanguage":"es"},{"@type":"Organization","@id":"https:\/\/www.sonoraenequipo.com.mx\/#organization","name":"Sonoraenequipo.com.mx","url":"https:\/\/www.sonoraenequipo.com.mx\/","logo":{"@type":"ImageObject","inLanguage":"es","@id":"https:\/\/www.sonoraenequipo.com.mx\/#\/schema\/logo\/image\/","url":"https:\/\/www.sonoraenequipo.com.mx\/storage\/2019\/01\/sonoraenequipo_opt.png","contentUrl":"https:\/\/www.sonoraenequipo.com.mx\/storage\/2019\/01\/sonoraenequipo_opt.png","width":375,"height":125,"caption":"Sonoraenequipo.com.mx"},"image":{"@id":"https:\/\/www.sonoraenequipo.com.mx\/#\/schema\/logo\/image\/"},"sameAs":["https:\/\/www.facebook.com\/SonoraEE\/","https:\/\/x.com\/sonoraenequipo","https:\/\/www.youtube.com\/channel\/UC338nW-lPEYmJQs4ZABQ1SQ"]},{"@type":"Person","@id":"https:\/\/www.sonoraenequipo.com.mx\/#\/schema\/person\/50102df0fb23a8fa9e8effad8fa81386","name":"enequipo","image":{"@type":"ImageObject","inLanguage":"es","@id":"https:\/\/www.sonoraenequipo.com.mx\/#\/schema\/person\/image\/","url":"https:\/\/secure.gravatar.com\/avatar\/049821681b589dabc0bc20695993ccebb09f5b5d4d790cd9251b97faac7c652b?s=96&d=blank&r=g","contentUrl":"https:\/\/secure.gravatar.com\/avatar\/049821681b589dabc0bc20695993ccebb09f5b5d4d790cd9251b97faac7c652b?s=96&d=blank&r=g","caption":"enequipo"},"sameAs":["https:\/\/www.facebook.com\/SonoraEE"]}]}},"jetpack_featured_media_url":"https:\/\/www.sonoraenequipo.com.mx\/storage\/2026\/01\/inauguracion-de-puente-deprimido-de-Colosio-y-Solidaridad-1.jpg","_links":{"self":[{"href":"https:\/\/www.sonoraenequipo.com.mx\/api\/wp\/v2\/posts\/233816","targetHints":{"allow":["GET"]}}],"collection":[{"href":"https:\/\/www.sonoraenequipo.com.mx\/api\/wp\/v2\/posts"}],"about":[{"href":"https:\/\/www.sonoraenequipo.com.mx\/api\/wp\/v2\/types\/post"}],"author":[{"embeddable":true,"href":"https:\/\/www.sonoraenequipo.com.mx\/api\/wp\/v2\/users\/1"}],"replies":[{"embeddable":true,"href":"https:\/\/www.sonoraenequipo.com.mx\/api\/wp\/v2\/comments?post=233816"}],"version-history":[{"count":1,"href":"https:\/\/www.sonoraenequipo.com.mx\/api\/wp\/v2\/posts\/233816\/revisions"}],"predecessor-version":[{"id":233820,"href":"https:\/\/www.sonoraenequipo.com.mx\/api\/wp\/v2\/posts\/233816\/revisions\/233820"}],"wp:featuredmedia":[{"embeddable":true,"href":"https:\/\/www.sonoraenequipo.com.mx\/api\/wp\/v2\/media\/233818"}],"wp:attachment":[{"href":"https:\/\/www.sonoraenequipo.com.mx\/api\/wp\/v2\/media?parent=233816"}],"wp:term":[{"taxonomy":"category","embeddable":true,"href":"https:\/\/www.sonoraenequipo.com.mx\/api\/wp\/v2\/categories?post=233816"},{"taxonomy":"post_tag","embeddable":true,"href":"https:\/\/www.sonoraenequipo.com.mx\/api\/wp\/v2\/tags?post=233816"}],"curies":[{"name":"wp","href":"https:\/\/api.w.org\/{rel}","templated":true}]}}