{"id":233822,"date":"2026-01-25T21:32:28","date_gmt":"2026-01-26T04:32:28","guid":{"rendered":"https:\/\/www.sonoraenequipo.com.mx\/?p=233822"},"modified":"2026-01-26T12:30:51","modified_gmt":"2026-01-26T19:30:51","slug":"brigada-mexicana-continua-combate-de-incendios-forestales-en-chile-hay-85-activos","status":"publish","type":"post","link":"https:\/\/www.sonoraenequipo.com.mx\/brigada-mexicana-continua-combate-de-incendios-forestales-en-chile-hay-85-activos\/","title":{"rendered":"Brigada mexicana contin\u00faa combate de incendios forestales en Chile"},"content":{"rendered":"<p><strong>SAN PEDRO DE LA PAZ, CHILE. \u2014<\/strong> La brigada mexicana de 145 combatientes de incendios contin\u00faa con las labores de apoyo en Chile, ante los 85 siniestros activos que presenta el pa\u00eds sudamericano. Desde su llegada, el 22 de enero, han realizado la apertura de brechas con machete y motosierra, la detecci\u00f3n y liquidaci\u00f3n de puntos calientes, as\u00ed como evaluaci\u00f3n, vigilancia y rastreo en los per\u00edmetros de los incendios, inform\u00f3 la Comisi\u00f3n Nacional Forestal (Conafor).<\/p>\n<p>&nbsp;<\/p>\n<p>&nbsp;<\/p>\n<p>&nbsp;<\/p>\n<p> <\/p>\n<p>El contingente, que fue trasladado por la Fuerza A\u00e9rea chilena el 21 de enero, se instal\u00f3 en San Pedro de la Paz, en la regi\u00f3n del Biob\u00edo, donde iniciaron las labores de apoyo en el combate a los incendios forestales en coordinaci\u00f3n con la Corporaci\u00f3n Nacional Forestal de Chile (Conaf).<\/p>\n<p>&nbsp;<\/p>\n<p>&nbsp;<\/p>\n<p>El grupo est\u00e1 integrado por 141 hombres y cuatro mujeres de 24 entidades del pa\u00eds, con experiencia en combate y manejo integral del fuego, incluyendo dos jefas de brigada que liderar\u00e1n directamente las labores en campo. Se dividieron en siete brigadas, cuatro atender\u00e1n el incendio en la regi\u00f3n de Biob\u00edo y tres apoyar\u00e1n la regi\u00f3n de la Araucan\u00eda.<\/p>\n<p>&nbsp;<\/p>\n<p>&nbsp;<\/p>\n<p>Actualmente, Chile enfrenta 85 incendios forestales activos con una superficie estimada de 43 mil 401 hect\u00e1reas, principalmente en las regiones de Biob\u00edo, la Araucan\u00eda y \u00d1uble, favorecidos por altas temperaturas, baja humedad relativa y fuertes vientos, de acuerdo con la Conaf.<\/p>\n<p>&nbsp;<\/p>\n<p>&nbsp;<\/p>\n<p>Junto con los combatientes chilenos, se han intervenido varios kil\u00f3metros de l\u00edneas de control y se llev\u00f3 a cabo la atenci\u00f3n directa de puntos activos de fuego, acciones que contribuyen a contener la propagaci\u00f3n de los incendios y a proteger comunidades y ecosistemas en las zonas afectadas.<\/p>\n<p>&nbsp;<\/p>\n<p>&nbsp;<\/p>\n<p>El director ejecutivo de la Conaf, Rodrigo Illesca Rojas, visit\u00f3 el sitio de pernocta de las brigadas mexicanas, donde reconoci\u00f3 el apoyo brindado por M\u00e9xico y la coordinaci\u00f3n operativa entre ambos pa\u00edses.<\/p>\n<p>&nbsp;<\/p>\n<p>&nbsp;<\/p>\n<p>La Conafor indic\u00f3 que el env\u00edo de brigadistas se suma a las acciones de apoyo humanitario que M\u00e9xico ha brindado previamente a Chile: en 2017 se traslad\u00f3 un contingente de 58 personas combatientes y t\u00e9cnicas, y en 2023 se realiz\u00f3 un despliegue con 180 personas de la Conafor y 120 elementos de las Fuerzas Armadas Mexicanas.<\/p>\n<p>&nbsp;<\/p>\n<p>&nbsp;<\/p>\n<p>PUBLICADO EL 25 ENERO DE 2026 Con informaci\u00f3n de AFP)<\/p>\n","protected":false},"excerpt":{"rendered":"<p>SAN PEDRO DE LA PAZ, CHILE. \u2014 La brigada mexicana de 145 combatientes de incendios&#8230;<\/p>\n","protected":false},"author":1,"featured_media":233825,"comment_status":"open","ping_status":"open","sticky":false,"template":"","format":"standard","meta":{"_monsterinsights_skip_tracking":false,"_monsterinsights_sitenote_active":false,"_monsterinsights_sitenote_note":"","_monsterinsights_sitenote_category":0,"footnotes":""},"categories":[3],"tags":[],"class_list":["post"],"yoast_head":" \n<title>Sonora en Equipo. Brigada mexicana contin\u00faa combate de incendios forestales en Chile MUNDO<\/title>\n<meta name=\"description\" content=\"SAN PEDRO DE LA PAZ, CHILE. \u2014 La brigada mexicana de 145 combatientes de incendios contin\u00faa con las labores de apoyo en Chile, ante los 85 siniestros En Sonora en Equipo publicamos toda la informaci\u00f3n de Sonora, M\u00e9xico y el Mundo de manera oportuna y busca que la libertad de expresi\u00f3n sea real. Visita nuestro medio informativo publicado desde Hermosillo, Sonora. %\" \/>\n<meta name=\"robots\" content=\"index, follow, max-snippet:-1, max-image-preview:large, max-video-preview:-1\" \/>\n<link rel=\"canonical\" href=\"https:\/\/www.sonoraenequipo.com.mx\/brigada-mexicana-continua-combate-de-incendios-forestales-en-chile-hay-85-activos\/\" \/>\n<meta property=\"og:locale\" content=\"es_ES\" \/>\n<meta property=\"og:type\" content=\"article\" \/>\n<meta property=\"og:title\" content=\"Sonora en Equipo. Brigada mexicana contin\u00faa combate de incendios forestales en Chile MUNDO\" \/>\n<meta property=\"og:description\" content=\"SAN PEDRO DE LA PAZ, CHILE. \u2014 La brigada mexicana de 145 combatientes de incendios contin\u00faa con las labores de apoyo en Chile, ante los 85 siniestros En Sonora en Equipo publicamos toda la informaci\u00f3n de Sonora, M\u00e9xico y el Mundo de manera oportuna y busca que la libertad de expresi\u00f3n sea real. Visita nuestro medio informativo publicado desde Hermosillo, Sonora. %\" \/>\n<meta property=\"og:url\" content=\"https:\/\/www.sonoraenequipo.com.mx\/brigada-mexicana-continua-combate-de-incendios-forestales-en-chile-hay-85-activos\/\" \/>\n<meta property=\"og:site_name\" content=\"Sonora en Equipo.\" \/>\n<meta property=\"article:publisher\" content=\"https:\/\/www.facebook.com\/SonoraEE\/\" \/>\n<meta property=\"article:author\" content=\"https:\/\/www.facebook.com\/SonoraEE\" \/>\n<meta property=\"article:published_time\" content=\"2026-01-26T04:32:28+00:00\" \/>\n<meta property=\"article:modified_time\" content=\"2026-01-26T19:30:51+00:00\" \/>\n<meta property=\"og:image\" content=\"https:\/\/www.sonoraenequipo.com.mx\/storage\/2026\/01\/Brigada-mexicana-continua-combate-de-incendios-forestales-en-Chile-1.jpg\" \/>\n\t<meta property=\"og:image:width\" content=\"1000\" \/>\n\t<meta property=\"og:image:height\" content=\"665\" \/>\n\t<meta property=\"og:image:type\" content=\"image\/jpeg\" \/>\n<meta name=\"author\" content=\"enequipo\" \/>\n<meta name=\"twitter:card\" content=\"summary_large_image\" \/>\n<meta name=\"twitter:creator\" content=\"@sonoraenequipo\" \/>\n<meta name=\"twitter:site\" content=\"@sonoraenequipo\" \/>\n<meta name=\"twitter:label1\" content=\"Escrito por\" \/>\n\t<meta name=\"twitter:data1\" content=\"enequipo\" \/>\n\t<meta name=\"twitter:label2\" content=\"Tiempo de lectura\" \/>\n\t<meta name=\"twitter:data2\" content=\"2 minutos\" \/>\n<script type=\"application\/ld+json\" class=\"yoast-schema-graph\">{\"@context\":\"https:\/\/schema.org\",\"@graph\":[{\"@type\":\"Article\",\"@id\":\"https:\/\/www.sonoraenequipo.com.mx\/brigada-mexicana-continua-combate-de-incendios-forestales-en-chile-hay-85-activos\/#article\",\"isPartOf\":{\"@id\":\"https:\/\/www.sonoraenequipo.com.mx\/brigada-mexicana-continua-combate-de-incendios-forestales-en-chile-hay-85-activos\/\"},\"author\":{\"name\":\"enequipo\",\"@id\":\"https:\/\/www.sonoraenequipo.com.mx\/#\/schema\/person\/50102df0fb23a8fa9e8effad8fa81386\"},\"headline\":\"Brigada mexicana contin\u00faa combate de incendios forestales en Chile\",\"datePublished\":\"2026-01-26T04:32:28+00:00\",\"dateModified\":\"2026-01-26T19:30:51+00:00\",\"mainEntityOfPage\":{\"@id\":\"https:\/\/www.sonoraenequipo.com.mx\/brigada-mexicana-continua-combate-de-incendios-forestales-en-chile-hay-85-activos\/\"},\"wordCount\":411,\"commentCount\":0,\"publisher\":{\"@id\":\"https:\/\/www.sonoraenequipo.com.mx\/#organization\"},\"image\":{\"@id\":\"https:\/\/www.sonoraenequipo.com.mx\/brigada-mexicana-continua-combate-de-incendios-forestales-en-chile-hay-85-activos\/#primaryimage\"},\"thumbnailUrl\":\"https:\/\/www.sonoraenequipo.com.mx\/storage\/2026\/01\/Brigada-mexicana-continua-combate-de-incendios-forestales-en-Chile-1.jpg\",\"articleSection\":[\"MUNDO\"],\"inLanguage\":\"es\",\"potentialAction\":[{\"@type\":\"CommentAction\",\"name\":\"Comment\",\"target\":[\"https:\/\/www.sonoraenequipo.com.mx\/brigada-mexicana-continua-combate-de-incendios-forestales-en-chile-hay-85-activos\/#respond\"]}]},{\"@type\":\"WebPage\",\"@id\":\"https:\/\/www.sonoraenequipo.com.mx\/brigada-mexicana-continua-combate-de-incendios-forestales-en-chile-hay-85-activos\/\",\"url\":\"https:\/\/www.sonoraenequipo.com.mx\/brigada-mexicana-continua-combate-de-incendios-forestales-en-chile-hay-85-activos\/\",\"name\":\"Sonora en Equipo. Brigada mexicana contin\u00faa combate de incendios forestales en Chile MUNDO\",\"isPartOf\":{\"@id\":\"https:\/\/www.sonoraenequipo.com.mx\/#website\"},\"primaryImageOfPage\":{\"@id\":\"https:\/\/www.sonoraenequipo.com.mx\/brigada-mexicana-continua-combate-de-incendios-forestales-en-chile-hay-85-activos\/#primaryimage\"},\"image\":{\"@id\":\"https:\/\/www.sonoraenequipo.com.mx\/brigada-mexicana-continua-combate-de-incendios-forestales-en-chile-hay-85-activos\/#primaryimage\"},\"thumbnailUrl\":\"https:\/\/www.sonoraenequipo.com.mx\/storage\/2026\/01\/Brigada-mexicana-continua-combate-de-incendios-forestales-en-Chile-1.jpg\",\"datePublished\":\"2026-01-26T04:32:28+00:00\",\"dateModified\":\"2026-01-26T19:30:51+00:00\",\"description\":\"SAN PEDRO DE LA PAZ, CHILE. \u2014 La brigada mexicana de 145 combatientes de incendios contin\u00faa con las labores de apoyo en Chile, ante los 85 siniestros En Sonora en Equipo publicamos toda la informaci\u00f3n de Sonora, M\u00e9xico y el Mundo de manera oportuna y busca que la libertad de expresi\u00f3n sea real. Visita nuestro medio informativo publicado desde Hermosillo, Sonora. %\",\"breadcrumb\":{\"@id\":\"https:\/\/www.sonoraenequipo.com.mx\/brigada-mexicana-continua-combate-de-incendios-forestales-en-chile-hay-85-activos\/#breadcrumb\"},\"inLanguage\":\"es\",\"potentialAction\":[{\"@type\":\"ReadAction\",\"target\":[\"https:\/\/www.sonoraenequipo.com.mx\/brigada-mexicana-continua-combate-de-incendios-forestales-en-chile-hay-85-activos\/\"]}]},{\"@type\":\"ImageObject\",\"inLanguage\":\"es\",\"@id\":\"https:\/\/www.sonoraenequipo.com.mx\/brigada-mexicana-continua-combate-de-incendios-forestales-en-chile-hay-85-activos\/#primaryimage\",\"url\":\"https:\/\/www.sonoraenequipo.com.mx\/storage\/2026\/01\/Brigada-mexicana-continua-combate-de-incendios-forestales-en-Chile-1.jpg\",\"contentUrl\":\"https:\/\/www.sonoraenequipo.com.mx\/storage\/2026\/01\/Brigada-mexicana-continua-combate-de-incendios-forestales-en-Chile-1.jpg\",\"width\":1000,\"height\":665},{\"@type\":\"BreadcrumbList\",\"@id\":\"https:\/\/www.sonoraenequipo.com.mx\/brigada-mexicana-continua-combate-de-incendios-forestales-en-chile-hay-85-activos\/#breadcrumb\",\"itemListElement\":[{\"@type\":\"ListItem\",\"position\":1,\"name\":\"Portada\",\"item\":\"https:\/\/www.sonoraenequipo.com.mx\/\"},{\"@type\":\"ListItem\",\"position\":2,\"name\":\"Brigada mexicana contin\u00faa combate de incendios forestales en Chile\"}]},{\"@type\":\"WebSite\",\"@id\":\"https:\/\/www.sonoraenequipo.com.mx\/#website\",\"url\":\"https:\/\/www.sonoraenequipo.com.mx\/\",\"name\":\"Sonora en Equipo.\",\"description\":\"Diario en l\u00ednea con Noticias desde Hermosillo, Sonora\",\"publisher\":{\"@id\":\"https:\/\/www.sonoraenequipo.com.mx\/#organization\"},\"potentialAction\":[{\"@type\":\"SearchAction\",\"target\":{\"@type\":\"EntryPoint\",\"urlTemplate\":\"https:\/\/www.sonoraenequipo.com.mx\/?s={search_term_string}\"},\"query-input\":{\"@type\":\"PropertyValueSpecification\",\"valueRequired\":true,\"valueName\":\"search_term_string\"}}],\"inLanguage\":\"es\"},{\"@type\":\"Organization\",\"@id\":\"https:\/\/www.sonoraenequipo.com.mx\/#organization\",\"name\":\"Sonoraenequipo.com.mx\",\"url\":\"https:\/\/www.sonoraenequipo.com.mx\/\",\"logo\":{\"@type\":\"ImageObject\",\"inLanguage\":\"es\",\"@id\":\"https:\/\/www.sonoraenequipo.com.mx\/#\/schema\/logo\/image\/\",\"url\":\"https:\/\/www.sonoraenequipo.com.mx\/storage\/2019\/01\/sonoraenequipo_opt.png\",\"contentUrl\":\"https:\/\/www.sonoraenequipo.com.mx\/storage\/2019\/01\/sonoraenequipo_opt.png\",\"width\":375,\"height\":125,\"caption\":\"Sonoraenequipo.com.mx\"},\"image\":{\"@id\":\"https:\/\/www.sonoraenequipo.com.mx\/#\/schema\/logo\/image\/\"},\"sameAs\":[\"https:\/\/www.facebook.com\/SonoraEE\/\",\"https:\/\/x.com\/sonoraenequipo\",\"https:\/\/www.youtube.com\/channel\/UC338nW-lPEYmJQs4ZABQ1SQ\"]},{\"@type\":\"Person\",\"@id\":\"https:\/\/www.sonoraenequipo.com.mx\/#\/schema\/person\/50102df0fb23a8fa9e8effad8fa81386\",\"name\":\"enequipo\",\"image\":{\"@type\":\"ImageObject\",\"inLanguage\":\"es\",\"@id\":\"https:\/\/www.sonoraenequipo.com.mx\/#\/schema\/person\/image\/\",\"url\":\"https:\/\/secure.gravatar.com\/avatar\/049821681b589dabc0bc20695993ccebb09f5b5d4d790cd9251b97faac7c652b?s=96&d=blank&r=g\",\"contentUrl\":\"https:\/\/secure.gravatar.com\/avatar\/049821681b589dabc0bc20695993ccebb09f5b5d4d790cd9251b97faac7c652b?s=96&d=blank&r=g\",\"caption\":\"enequipo\"},\"sameAs\":[\"https:\/\/www.facebook.com\/SonoraEE\"]}]}<\/script>\n ","yoast_head_json":{"title":"Sonora en Equipo. Brigada mexicana contin\u00faa combate de incendios forestales en Chile MUNDO","description":"SAN PEDRO DE LA PAZ, CHILE. \u2014 La brigada mexicana de 145 combatientes de incendios contin\u00faa con las labores de apoyo en Chile, ante los 85 siniestros En Sonora en Equipo publicamos toda la informaci\u00f3n de Sonora, M\u00e9xico y el Mundo de manera oportuna y busca que la libertad de expresi\u00f3n sea real. Visita nuestro medio informativo publicado desde Hermosillo, Sonora. %","robots":{"index":"index","follow":"follow","max-snippet":"max-snippet:-1","max-image-preview":"max-image-preview:large","max-video-preview":"max-video-preview:-1"},"canonical":"https:\/\/www.sonoraenequipo.com.mx\/brigada-mexicana-continua-combate-de-incendios-forestales-en-chile-hay-85-activos\/","og_locale":"es_ES","og_type":"article","og_title":"Sonora en Equipo. Brigada mexicana contin\u00faa combate de incendios forestales en Chile MUNDO","og_description":"SAN PEDRO DE LA PAZ, CHILE. \u2014 La brigada mexicana de 145 combatientes de incendios contin\u00faa con las labores de apoyo en Chile, ante los 85 siniestros En Sonora en Equipo publicamos toda la informaci\u00f3n de Sonora, M\u00e9xico y el Mundo de manera oportuna y busca que la libertad de expresi\u00f3n sea real. Visita nuestro medio informativo publicado desde Hermosillo, Sonora. %","og_url":"https:\/\/www.sonoraenequipo.com.mx\/brigada-mexicana-continua-combate-de-incendios-forestales-en-chile-hay-85-activos\/","og_site_name":"Sonora en Equipo.","article_publisher":"https:\/\/www.facebook.com\/SonoraEE\/","article_author":"https:\/\/www.facebook.com\/SonoraEE","article_published_time":"2026-01-26T04:32:28+00:00","article_modified_time":"2026-01-26T19:30:51+00:00","og_image":[{"width":1000,"height":665,"url":"https:\/\/www.sonoraenequipo.com.mx\/storage\/2026\/01\/Brigada-mexicana-continua-combate-de-incendios-forestales-en-Chile-1.jpg","type":"image\/jpeg"}],"author":"enequipo","twitter_card":"summary_large_image","twitter_creator":"@sonoraenequipo","twitter_site":"@sonoraenequipo","twitter_misc":{"Escrito por":"enequipo","Tiempo de lectura":"2 minutos"},"schema":{"@context":"https:\/\/schema.org","@graph":[{"@type":"Article","@id":"https:\/\/www.sonoraenequipo.com.mx\/brigada-mexicana-continua-combate-de-incendios-forestales-en-chile-hay-85-activos\/#article","isPartOf":{"@id":"https:\/\/www.sonoraenequipo.com.mx\/brigada-mexicana-continua-combate-de-incendios-forestales-en-chile-hay-85-activos\/"},"author":{"name":"enequipo","@id":"https:\/\/www.sonoraenequipo.com.mx\/#\/schema\/person\/50102df0fb23a8fa9e8effad8fa81386"},"headline":"Brigada mexicana contin\u00faa combate de incendios forestales en Chile","datePublished":"2026-01-26T04:32:28+00:00","dateModified":"2026-01-26T19:30:51+00:00","mainEntityOfPage":{"@id":"https:\/\/www.sonoraenequipo.com.mx\/brigada-mexicana-continua-combate-de-incendios-forestales-en-chile-hay-85-activos\/"},"wordCount":411,"commentCount":0,"publisher":{"@id":"https:\/\/www.sonoraenequipo.com.mx\/#organization"},"image":{"@id":"https:\/\/www.sonoraenequipo.com.mx\/brigada-mexicana-continua-combate-de-incendios-forestales-en-chile-hay-85-activos\/#primaryimage"},"thumbnailUrl":"https:\/\/www.sonoraenequipo.com.mx\/storage\/2026\/01\/Brigada-mexicana-continua-combate-de-incendios-forestales-en-Chile-1.jpg","articleSection":["MUNDO"],"inLanguage":"es","potentialAction":[{"@type":"CommentAction","name":"Comment","target":["https:\/\/www.sonoraenequipo.com.mx\/brigada-mexicana-continua-combate-de-incendios-forestales-en-chile-hay-85-activos\/#respond"]}]},{"@type":"WebPage","@id":"https:\/\/www.sonoraenequipo.com.mx\/brigada-mexicana-continua-combate-de-incendios-forestales-en-chile-hay-85-activos\/","url":"https:\/\/www.sonoraenequipo.com.mx\/brigada-mexicana-continua-combate-de-incendios-forestales-en-chile-hay-85-activos\/","name":"Sonora en Equipo. Brigada mexicana contin\u00faa combate de incendios forestales en Chile MUNDO","isPartOf":{"@id":"https:\/\/www.sonoraenequipo.com.mx\/#website"},"primaryImageOfPage":{"@id":"https:\/\/www.sonoraenequipo.com.mx\/brigada-mexicana-continua-combate-de-incendios-forestales-en-chile-hay-85-activos\/#primaryimage"},"image":{"@id":"https:\/\/www.sonoraenequipo.com.mx\/brigada-mexicana-continua-combate-de-incendios-forestales-en-chile-hay-85-activos\/#primaryimage"},"thumbnailUrl":"https:\/\/www.sonoraenequipo.com.mx\/storage\/2026\/01\/Brigada-mexicana-continua-combate-de-incendios-forestales-en-Chile-1.jpg","datePublished":"2026-01-26T04:32:28+00:00","dateModified":"2026-01-26T19:30:51+00:00","description":"SAN PEDRO DE LA PAZ, CHILE. \u2014 La brigada mexicana de 145 combatientes de incendios contin\u00faa con las labores de apoyo en Chile, ante los 85 siniestros En Sonora en Equipo publicamos toda la informaci\u00f3n de Sonora, M\u00e9xico y el Mundo de manera oportuna y busca que la libertad de expresi\u00f3n sea real. Visita nuestro medio informativo publicado desde Hermosillo, Sonora. %","breadcrumb":{"@id":"https:\/\/www.sonoraenequipo.com.mx\/brigada-mexicana-continua-combate-de-incendios-forestales-en-chile-hay-85-activos\/#breadcrumb"},"inLanguage":"es","potentialAction":[{"@type":"ReadAction","target":["https:\/\/www.sonoraenequipo.com.mx\/brigada-mexicana-continua-combate-de-incendios-forestales-en-chile-hay-85-activos\/"]}]},{"@type":"ImageObject","inLanguage":"es","@id":"https:\/\/www.sonoraenequipo.com.mx\/brigada-mexicana-continua-combate-de-incendios-forestales-en-chile-hay-85-activos\/#primaryimage","url":"https:\/\/www.sonoraenequipo.com.mx\/storage\/2026\/01\/Brigada-mexicana-continua-combate-de-incendios-forestales-en-Chile-1.jpg","contentUrl":"https:\/\/www.sonoraenequipo.com.mx\/storage\/2026\/01\/Brigada-mexicana-continua-combate-de-incendios-forestales-en-Chile-1.jpg","width":1000,"height":665},{"@type":"BreadcrumbList","@id":"https:\/\/www.sonoraenequipo.com.mx\/brigada-mexicana-continua-combate-de-incendios-forestales-en-chile-hay-85-activos\/#breadcrumb","itemListElement":[{"@type":"ListItem","position":1,"name":"Portada","item":"https:\/\/www.sonoraenequipo.com.mx\/"},{"@type":"ListItem","position":2,"name":"Brigada mexicana contin\u00faa combate de incendios forestales en Chile"}]},{"@type":"WebSite","@id":"https:\/\/www.sonoraenequipo.com.mx\/#website","url":"https:\/\/www.sonoraenequipo.com.mx\/","name":"Sonora en Equipo.","description":"Diario en l\u00ednea con Noticias desde Hermosillo, Sonora","publisher":{"@id":"https:\/\/www.sonoraenequipo.com.mx\/#organization"},"potentialAction":[{"@type":"SearchAction","target":{"@type":"EntryPoint","urlTemplate":"https:\/\/www.sonoraenequipo.com.mx\/?s={search_term_string}"},"query-input":{"@type":"PropertyValueSpecification","valueRequired":true,"valueName":"search_term_string"}}],"inLanguage":"es"},{"@type":"Organization","@id":"https:\/\/www.sonoraenequipo.com.mx\/#organization","name":"Sonoraenequipo.com.mx","url":"https:\/\/www.sonoraenequipo.com.mx\/","logo":{"@type":"ImageObject","inLanguage":"es","@id":"https:\/\/www.sonoraenequipo.com.mx\/#\/schema\/logo\/image\/","url":"https:\/\/www.sonoraenequipo.com.mx\/storage\/2019\/01\/sonoraenequipo_opt.png","contentUrl":"https:\/\/www.sonoraenequipo.com.mx\/storage\/2019\/01\/sonoraenequipo_opt.png","width":375,"height":125,"caption":"Sonoraenequipo.com.mx"},"image":{"@id":"https:\/\/www.sonoraenequipo.com.mx\/#\/schema\/logo\/image\/"},"sameAs":["https:\/\/www.facebook.com\/SonoraEE\/","https:\/\/x.com\/sonoraenequipo","https:\/\/www.youtube.com\/channel\/UC338nW-lPEYmJQs4ZABQ1SQ"]},{"@type":"Person","@id":"https:\/\/www.sonoraenequipo.com.mx\/#\/schema\/person\/50102df0fb23a8fa9e8effad8fa81386","name":"enequipo","image":{"@type":"ImageObject","inLanguage":"es","@id":"https:\/\/www.sonoraenequipo.com.mx\/#\/schema\/person\/image\/","url":"https:\/\/secure.gravatar.com\/avatar\/049821681b589dabc0bc20695993ccebb09f5b5d4d790cd9251b97faac7c652b?s=96&d=blank&r=g","contentUrl":"https:\/\/secure.gravatar.com\/avatar\/049821681b589dabc0bc20695993ccebb09f5b5d4d790cd9251b97faac7c652b?s=96&d=blank&r=g","caption":"enequipo"},"sameAs":["https:\/\/www.facebook.com\/SonoraEE"]}]}},"jetpack_featured_media_url":"https:\/\/www.sonoraenequipo.com.mx\/storage\/2026\/01\/Brigada-mexicana-continua-combate-de-incendios-forestales-en-Chile-1.jpg","_links":{"self":[{"href":"https:\/\/www.sonoraenequipo.com.mx\/api\/wp\/v2\/posts\/233822","targetHints":{"allow":["GET"]}}],"collection":[{"href":"https:\/\/www.sonoraenequipo.com.mx\/api\/wp\/v2\/posts"}],"about":[{"href":"https:\/\/www.sonoraenequipo.com.mx\/api\/wp\/v2\/types\/post"}],"author":[{"embeddable":true,"href":"https:\/\/www.sonoraenequipo.com.mx\/api\/wp\/v2\/users\/1"}],"replies":[{"embeddable":true,"href":"https:\/\/www.sonoraenequipo.com.mx\/api\/wp\/v2\/comments?post=233822"}],"version-history":[{"count":3,"href":"https:\/\/www.sonoraenequipo.com.mx\/api\/wp\/v2\/posts\/233822\/revisions"}],"predecessor-version":[{"id":233829,"href":"https:\/\/www.sonoraenequipo.com.mx\/api\/wp\/v2\/posts\/233822\/revisions\/233829"}],"wp:featuredmedia":[{"embeddable":true,"href":"https:\/\/www.sonoraenequipo.com.mx\/api\/wp\/v2\/media\/233825"}],"wp:attachment":[{"href":"https:\/\/www.sonoraenequipo.com.mx\/api\/wp\/v2\/media?parent=233822"}],"wp:term":[{"taxonomy":"category","embeddable":true,"href":"https:\/\/www.sonoraenequipo.com.mx\/api\/wp\/v2\/categories?post=233822"},{"taxonomy":"post_tag","embeddable":true,"href":"https:\/\/www.sonoraenequipo.com.mx\/api\/wp\/v2\/tags?post=233822"}],"curies":[{"name":"wp","href":"https:\/\/api.w.org\/{rel}","templated":true}]}}