{"id":233830,"date":"2026-01-25T10:00:57","date_gmt":"2026-01-25T17:00:57","guid":{"rendered":"https:\/\/www.sonoraenequipo.com.mx\/?p=233830"},"modified":"2026-01-26T12:44:17","modified_gmt":"2026-01-26T19:44:17","slug":"sheinbaum-inaugura-la-aduana-de-nuevo-laredo-tamaulipas","status":"publish","type":"post","link":"https:\/\/www.sonoraenequipo.com.mx\/sheinbaum-inaugura-la-aduana-de-nuevo-laredo-tamaulipas\/","title":{"rendered":"Sheinbaum inaugura la Aduana de Nuevo Laredo, Tamaulipas"},"content":{"rendered":"<p><strong>NUEVO LAREDO, TAMAULIPAS. MX. \u2014<\/strong> Este domingo la presidenta Claudia Sheinbaum inaugur\u00f3 la Aduana de Nuevo Laredo, Tamaulipas en compa\u00f1\u00eda del gobernador del estado, Am\u00e9rico Villarreal, quien destac\u00f3 el apoyo recibido por la mandataria para impulsar el desarrollo de la entidad, la cual tambi\u00e9n describi\u00f3 como de gran importancia en su papel de frontera con Estados Unidos. El gobernador dio la bienvenida a la mandataria resaltando:<\/p>\n<p>&nbsp;<\/p>\n<p>&nbsp;<\/p>\n<p> <\/p>\n<p>Se escala la capacidad operativa y de movilidad de carga en este punto de nuestro territorio. Es un honor y un gusto estar hoy con ustedes y atestiguar este acto junto a las y los trabajadores de la agencia<\/p>\n<p>&nbsp;<\/p>\n<p>La presidenta, por su parte, resalt\u00f3 en el marco de la inauguraci\u00f3n de esta aduana el trabajo que se hizo durante los meses que dur\u00f3 la obra que hoy se inaugur\u00f3 en Tamaulipas. <strong><em>\u00abLas aduanas son instalaciones estrat\u00e9gicas del pa\u00eds, que representan seguridad, que garantizan la seguridad del pa\u00eds, seguridad nacional y seguridad p\u00fablica. Representan desarrollo con bienestar y representan soberan\u00eda tambi\u00e9n. Son instalaciones sumamente estrat\u00e9gicas y de seguridad del pa\u00eds. En su momento el presidente dise\u00f1o estas instalaciones junto con la Agencia Nacional de Aduanas. Antes depend\u00edan del SAT hasta que se constituy\u00f3 como una agencia por su importancia\u00bb,<\/em><\/strong> indic\u00f3.<\/p>\n<p>&nbsp;<\/p>\n<p>&nbsp;<\/p>\n<p>Rafael Fernando Mar\u00edn Mollinedo, titular de la Agencia Nacional de Aduanas de M\u00e9xico, tambi\u00e9n acompa\u00f1\u00f3 a la presidenta Sheinbaum en esta inauguraci\u00f3n y refiri\u00f3 que este acto es significativo no s\u00f3lo para Nuevo Laredo, sino tambi\u00e9n para el pa\u00eds. \u00ab<em><strong>La inauguraci\u00f3n de esta nueva sede representa un paso firme en el fortalecimiento institucional del estado mexicano. Las aduanas son mucho m\u00e1s que puntos de control, son espacios donde se protege la soberan\u00eda y se ordena el comercio exterior [&#8230;] esta obra es resultado de la visi\u00f3n y el impulso del gobierno de M\u00e9xico, encabezado por la presidenta Claudia Sheinbaum\u00bb<\/strong><\/em>, indic\u00f3 Mar\u00edn Mollinedo.<\/p>\n<p>&nbsp;<\/p>\n<p>&nbsp;<\/p>\n<p><em><strong>\u00abEsta ciudad es un punto clave en la relaci\u00f3n comercial de M\u00e9xico con el mundo\u00bb<\/strong><\/em>, sentenci\u00f3 el titular de la ANAM. <em><strong>\u00abReiteramos nuestro compromiso de seguir trabajando con honestidad, profesionalismo, para contribuir al desarrollo nacional. Esta nueva sede es un punto de partida para seguir construyendo un M\u00e9xico con instituciones fuertes\u00bb<\/strong><\/em>, agreg\u00f3.<\/p>\n<p>&nbsp;<\/p>\n<p>&nbsp;<\/p>\n<p>Por su parte, Ricardo Trevilla Trejo, titular de la Defensa Nacional, quien tambi\u00e9n acompa\u00f1\u00f3 a la presidenta en esta inauguraci\u00f3n, indic\u00f3 que <em><strong>\u00abnuestra frontera norte es estrat\u00e9gica en materia de seguridad nacional por su importancia para el desarrollo y la seguridad del estado mexicano [&#8230;] Nuevo Laredo genera el mayor porcentaje en recaudaci\u00f3n fiscal, con alrededor del 33 por ciento de todas las aduanas terrestres del pa\u00eds\u00bb.<\/strong><\/em><\/p>\n<p>&nbsp;<\/p>\n<p>&nbsp;<\/p>\n<p><em><strong>\u00abCumplimos con dos de nuestras misiones: defender la integridad, la independencia de la naci\u00f3n y realizar obras c\u00edvicas que ayuden al progreso de nuestro pa\u00eds\u00bb,<\/strong><\/em> afirm\u00f3.<\/p>\n<p>&nbsp;<\/p>\n<p>&nbsp;<\/p>\n<p>PUBLICADO EL 25 ENERO DE 2026 Con informaci\u00f3n de Laura Corona)<\/p>\n","protected":false},"excerpt":{"rendered":"<p>NUEVO LAREDO, TAMAULIPAS. MX. \u2014 Este domingo la presidenta Claudia Sheinbaum inaugur\u00f3 la Aduana de&#8230;<\/p>\n","protected":false},"author":1,"featured_media":233793,"comment_status":"open","ping_status":"open","sticky":false,"template":"","format":"standard","meta":{"_monsterinsights_skip_tracking":false,"_monsterinsights_sitenote_active":false,"_monsterinsights_sitenote_note":"","_monsterinsights_sitenote_category":0,"footnotes":""},"categories":[5],"tags":[],"class_list":["post"],"yoast_head":" \n<title>Sonora en Equipo. Sheinbaum inaugura la Aduana de Nuevo Laredo, Tamaulipas Rep\u00fablica<\/title>\n<meta name=\"description\" content=\"NUEVO LAREDO, TAMAULIPAS. MX. \u2014 Este domingo la presidenta Claudia Sheinbaum inaugur\u00f3 la Aduana de Nuevo Laredo, Tamaulipas en compa\u00f1\u00eda del gobernador del En Sonora en Equipo publicamos toda la informaci\u00f3n de Sonora, M\u00e9xico y el Mundo de manera oportuna y busca que la libertad de expresi\u00f3n sea real. Visita nuestro medio informativo publicado desde Hermosillo, Sonora. %\" \/>\n<meta name=\"robots\" content=\"index, follow, max-snippet:-1, max-image-preview:large, max-video-preview:-1\" \/>\n<link rel=\"canonical\" href=\"https:\/\/www.sonoraenequipo.com.mx\/sheinbaum-inaugura-la-aduana-de-nuevo-laredo-tamaulipas\/\" \/>\n<meta property=\"og:locale\" content=\"es_ES\" \/>\n<meta property=\"og:type\" content=\"article\" \/>\n<meta property=\"og:title\" content=\"Sonora en Equipo. Sheinbaum inaugura la Aduana de Nuevo Laredo, Tamaulipas Rep\u00fablica\" \/>\n<meta property=\"og:description\" content=\"NUEVO LAREDO, TAMAULIPAS. MX. \u2014 Este domingo la presidenta Claudia Sheinbaum inaugur\u00f3 la Aduana de Nuevo Laredo, Tamaulipas en compa\u00f1\u00eda del gobernador del En Sonora en Equipo publicamos toda la informaci\u00f3n de Sonora, M\u00e9xico y el Mundo de manera oportuna y busca que la libertad de expresi\u00f3n sea real. Visita nuestro medio informativo publicado desde Hermosillo, Sonora. %\" \/>\n<meta property=\"og:url\" content=\"https:\/\/www.sonoraenequipo.com.mx\/sheinbaum-inaugura-la-aduana-de-nuevo-laredo-tamaulipas\/\" \/>\n<meta property=\"og:site_name\" content=\"Sonora en Equipo.\" \/>\n<meta property=\"article:publisher\" content=\"https:\/\/www.facebook.com\/SonoraEE\/\" \/>\n<meta property=\"article:author\" content=\"https:\/\/www.facebook.com\/SonoraEE\" \/>\n<meta property=\"article:published_time\" content=\"2026-01-25T17:00:57+00:00\" \/>\n<meta property=\"article:modified_time\" content=\"2026-01-26T19:44:17+00:00\" \/>\n<meta property=\"og:image\" content=\"https:\/\/www.sonoraenequipo.com.mx\/storage\/2026\/01\/inauguran-aduana-en-Tamaulipas-1.jpg\" \/>\n\t<meta property=\"og:image:width\" content=\"1000\" \/>\n\t<meta property=\"og:image:height\" content=\"553\" \/>\n\t<meta property=\"og:image:type\" content=\"image\/jpeg\" \/>\n<meta name=\"author\" content=\"enequipo\" \/>\n<meta name=\"twitter:card\" content=\"summary_large_image\" \/>\n<meta name=\"twitter:creator\" content=\"@sonoraenequipo\" \/>\n<meta name=\"twitter:site\" content=\"@sonoraenequipo\" \/>\n<meta name=\"twitter:label1\" content=\"Escrito por\" \/>\n\t<meta name=\"twitter:data1\" content=\"enequipo\" \/>\n\t<meta name=\"twitter:label2\" content=\"Tiempo de lectura\" \/>\n\t<meta name=\"twitter:data2\" content=\"3 minutos\" \/>\n<script type=\"application\/ld+json\" class=\"yoast-schema-graph\">{\"@context\":\"https:\/\/schema.org\",\"@graph\":[{\"@type\":\"Article\",\"@id\":\"https:\/\/www.sonoraenequipo.com.mx\/sheinbaum-inaugura-la-aduana-de-nuevo-laredo-tamaulipas\/#article\",\"isPartOf\":{\"@id\":\"https:\/\/www.sonoraenequipo.com.mx\/sheinbaum-inaugura-la-aduana-de-nuevo-laredo-tamaulipas\/\"},\"author\":{\"name\":\"enequipo\",\"@id\":\"https:\/\/www.sonoraenequipo.com.mx\/#\/schema\/person\/50102df0fb23a8fa9e8effad8fa81386\"},\"headline\":\"Sheinbaum inaugura la Aduana de Nuevo Laredo, Tamaulipas\",\"datePublished\":\"2026-01-25T17:00:57+00:00\",\"dateModified\":\"2026-01-26T19:44:17+00:00\",\"mainEntityOfPage\":{\"@id\":\"https:\/\/www.sonoraenequipo.com.mx\/sheinbaum-inaugura-la-aduana-de-nuevo-laredo-tamaulipas\/\"},\"wordCount\":518,\"commentCount\":0,\"publisher\":{\"@id\":\"https:\/\/www.sonoraenequipo.com.mx\/#organization\"},\"image\":{\"@id\":\"https:\/\/www.sonoraenequipo.com.mx\/sheinbaum-inaugura-la-aduana-de-nuevo-laredo-tamaulipas\/#primaryimage\"},\"thumbnailUrl\":\"https:\/\/www.sonoraenequipo.com.mx\/storage\/2026\/01\/inauguran-aduana-en-Tamaulipas-1.jpg\",\"articleSection\":[\"Rep\u00fablica\"],\"inLanguage\":\"es\",\"potentialAction\":[{\"@type\":\"CommentAction\",\"name\":\"Comment\",\"target\":[\"https:\/\/www.sonoraenequipo.com.mx\/sheinbaum-inaugura-la-aduana-de-nuevo-laredo-tamaulipas\/#respond\"]}]},{\"@type\":\"WebPage\",\"@id\":\"https:\/\/www.sonoraenequipo.com.mx\/sheinbaum-inaugura-la-aduana-de-nuevo-laredo-tamaulipas\/\",\"url\":\"https:\/\/www.sonoraenequipo.com.mx\/sheinbaum-inaugura-la-aduana-de-nuevo-laredo-tamaulipas\/\",\"name\":\"Sonora en Equipo. Sheinbaum inaugura la Aduana de Nuevo Laredo, Tamaulipas Rep\u00fablica\",\"isPartOf\":{\"@id\":\"https:\/\/www.sonoraenequipo.com.mx\/#website\"},\"primaryImageOfPage\":{\"@id\":\"https:\/\/www.sonoraenequipo.com.mx\/sheinbaum-inaugura-la-aduana-de-nuevo-laredo-tamaulipas\/#primaryimage\"},\"image\":{\"@id\":\"https:\/\/www.sonoraenequipo.com.mx\/sheinbaum-inaugura-la-aduana-de-nuevo-laredo-tamaulipas\/#primaryimage\"},\"thumbnailUrl\":\"https:\/\/www.sonoraenequipo.com.mx\/storage\/2026\/01\/inauguran-aduana-en-Tamaulipas-1.jpg\",\"datePublished\":\"2026-01-25T17:00:57+00:00\",\"dateModified\":\"2026-01-26T19:44:17+00:00\",\"description\":\"NUEVO LAREDO, TAMAULIPAS. MX. \u2014 Este domingo la presidenta Claudia Sheinbaum inaugur\u00f3 la Aduana de Nuevo Laredo, Tamaulipas en compa\u00f1\u00eda del gobernador del En Sonora en Equipo publicamos toda la informaci\u00f3n de Sonora, M\u00e9xico y el Mundo de manera oportuna y busca que la libertad de expresi\u00f3n sea real. Visita nuestro medio informativo publicado desde Hermosillo, Sonora. %\",\"breadcrumb\":{\"@id\":\"https:\/\/www.sonoraenequipo.com.mx\/sheinbaum-inaugura-la-aduana-de-nuevo-laredo-tamaulipas\/#breadcrumb\"},\"inLanguage\":\"es\",\"potentialAction\":[{\"@type\":\"ReadAction\",\"target\":[\"https:\/\/www.sonoraenequipo.com.mx\/sheinbaum-inaugura-la-aduana-de-nuevo-laredo-tamaulipas\/\"]}]},{\"@type\":\"ImageObject\",\"inLanguage\":\"es\",\"@id\":\"https:\/\/www.sonoraenequipo.com.mx\/sheinbaum-inaugura-la-aduana-de-nuevo-laredo-tamaulipas\/#primaryimage\",\"url\":\"https:\/\/www.sonoraenequipo.com.mx\/storage\/2026\/01\/inauguran-aduana-en-Tamaulipas-1.jpg\",\"contentUrl\":\"https:\/\/www.sonoraenequipo.com.mx\/storage\/2026\/01\/inauguran-aduana-en-Tamaulipas-1.jpg\",\"width\":1000,\"height\":553},{\"@type\":\"BreadcrumbList\",\"@id\":\"https:\/\/www.sonoraenequipo.com.mx\/sheinbaum-inaugura-la-aduana-de-nuevo-laredo-tamaulipas\/#breadcrumb\",\"itemListElement\":[{\"@type\":\"ListItem\",\"position\":1,\"name\":\"Portada\",\"item\":\"https:\/\/www.sonoraenequipo.com.mx\/\"},{\"@type\":\"ListItem\",\"position\":2,\"name\":\"Sheinbaum inaugura la Aduana de Nuevo Laredo, Tamaulipas\"}]},{\"@type\":\"WebSite\",\"@id\":\"https:\/\/www.sonoraenequipo.com.mx\/#website\",\"url\":\"https:\/\/www.sonoraenequipo.com.mx\/\",\"name\":\"Sonora en Equipo.\",\"description\":\"Diario en l\u00ednea con Noticias desde Hermosillo, Sonora\",\"publisher\":{\"@id\":\"https:\/\/www.sonoraenequipo.com.mx\/#organization\"},\"potentialAction\":[{\"@type\":\"SearchAction\",\"target\":{\"@type\":\"EntryPoint\",\"urlTemplate\":\"https:\/\/www.sonoraenequipo.com.mx\/?s={search_term_string}\"},\"query-input\":{\"@type\":\"PropertyValueSpecification\",\"valueRequired\":true,\"valueName\":\"search_term_string\"}}],\"inLanguage\":\"es\"},{\"@type\":\"Organization\",\"@id\":\"https:\/\/www.sonoraenequipo.com.mx\/#organization\",\"name\":\"Sonoraenequipo.com.mx\",\"url\":\"https:\/\/www.sonoraenequipo.com.mx\/\",\"logo\":{\"@type\":\"ImageObject\",\"inLanguage\":\"es\",\"@id\":\"https:\/\/www.sonoraenequipo.com.mx\/#\/schema\/logo\/image\/\",\"url\":\"https:\/\/www.sonoraenequipo.com.mx\/storage\/2019\/01\/sonoraenequipo_opt.png\",\"contentUrl\":\"https:\/\/www.sonoraenequipo.com.mx\/storage\/2019\/01\/sonoraenequipo_opt.png\",\"width\":375,\"height\":125,\"caption\":\"Sonoraenequipo.com.mx\"},\"image\":{\"@id\":\"https:\/\/www.sonoraenequipo.com.mx\/#\/schema\/logo\/image\/\"},\"sameAs\":[\"https:\/\/www.facebook.com\/SonoraEE\/\",\"https:\/\/x.com\/sonoraenequipo\",\"https:\/\/www.youtube.com\/channel\/UC338nW-lPEYmJQs4ZABQ1SQ\"]},{\"@type\":\"Person\",\"@id\":\"https:\/\/www.sonoraenequipo.com.mx\/#\/schema\/person\/50102df0fb23a8fa9e8effad8fa81386\",\"name\":\"enequipo\",\"image\":{\"@type\":\"ImageObject\",\"inLanguage\":\"es\",\"@id\":\"https:\/\/www.sonoraenequipo.com.mx\/#\/schema\/person\/image\/\",\"url\":\"https:\/\/secure.gravatar.com\/avatar\/049821681b589dabc0bc20695993ccebb09f5b5d4d790cd9251b97faac7c652b?s=96&d=blank&r=g\",\"contentUrl\":\"https:\/\/secure.gravatar.com\/avatar\/049821681b589dabc0bc20695993ccebb09f5b5d4d790cd9251b97faac7c652b?s=96&d=blank&r=g\",\"caption\":\"enequipo\"},\"sameAs\":[\"https:\/\/www.facebook.com\/SonoraEE\"]}]}<\/script>\n ","yoast_head_json":{"title":"Sonora en Equipo. Sheinbaum inaugura la Aduana de Nuevo Laredo, Tamaulipas Rep\u00fablica","description":"NUEVO LAREDO, TAMAULIPAS. MX. \u2014 Este domingo la presidenta Claudia Sheinbaum inaugur\u00f3 la Aduana de Nuevo Laredo, Tamaulipas en compa\u00f1\u00eda del gobernador del En Sonora en Equipo publicamos toda la informaci\u00f3n de Sonora, M\u00e9xico y el Mundo de manera oportuna y busca que la libertad de expresi\u00f3n sea real. Visita nuestro medio informativo publicado desde Hermosillo, Sonora. %","robots":{"index":"index","follow":"follow","max-snippet":"max-snippet:-1","max-image-preview":"max-image-preview:large","max-video-preview":"max-video-preview:-1"},"canonical":"https:\/\/www.sonoraenequipo.com.mx\/sheinbaum-inaugura-la-aduana-de-nuevo-laredo-tamaulipas\/","og_locale":"es_ES","og_type":"article","og_title":"Sonora en Equipo. Sheinbaum inaugura la Aduana de Nuevo Laredo, Tamaulipas Rep\u00fablica","og_description":"NUEVO LAREDO, TAMAULIPAS. MX. \u2014 Este domingo la presidenta Claudia Sheinbaum inaugur\u00f3 la Aduana de Nuevo Laredo, Tamaulipas en compa\u00f1\u00eda del gobernador del En Sonora en Equipo publicamos toda la informaci\u00f3n de Sonora, M\u00e9xico y el Mundo de manera oportuna y busca que la libertad de expresi\u00f3n sea real. Visita nuestro medio informativo publicado desde Hermosillo, Sonora. %","og_url":"https:\/\/www.sonoraenequipo.com.mx\/sheinbaum-inaugura-la-aduana-de-nuevo-laredo-tamaulipas\/","og_site_name":"Sonora en Equipo.","article_publisher":"https:\/\/www.facebook.com\/SonoraEE\/","article_author":"https:\/\/www.facebook.com\/SonoraEE","article_published_time":"2026-01-25T17:00:57+00:00","article_modified_time":"2026-01-26T19:44:17+00:00","og_image":[{"width":1000,"height":553,"url":"https:\/\/www.sonoraenequipo.com.mx\/storage\/2026\/01\/inauguran-aduana-en-Tamaulipas-1.jpg","type":"image\/jpeg"}],"author":"enequipo","twitter_card":"summary_large_image","twitter_creator":"@sonoraenequipo","twitter_site":"@sonoraenequipo","twitter_misc":{"Escrito por":"enequipo","Tiempo de lectura":"3 minutos"},"schema":{"@context":"https:\/\/schema.org","@graph":[{"@type":"Article","@id":"https:\/\/www.sonoraenequipo.com.mx\/sheinbaum-inaugura-la-aduana-de-nuevo-laredo-tamaulipas\/#article","isPartOf":{"@id":"https:\/\/www.sonoraenequipo.com.mx\/sheinbaum-inaugura-la-aduana-de-nuevo-laredo-tamaulipas\/"},"author":{"name":"enequipo","@id":"https:\/\/www.sonoraenequipo.com.mx\/#\/schema\/person\/50102df0fb23a8fa9e8effad8fa81386"},"headline":"Sheinbaum inaugura la Aduana de Nuevo Laredo, Tamaulipas","datePublished":"2026-01-25T17:00:57+00:00","dateModified":"2026-01-26T19:44:17+00:00","mainEntityOfPage":{"@id":"https:\/\/www.sonoraenequipo.com.mx\/sheinbaum-inaugura-la-aduana-de-nuevo-laredo-tamaulipas\/"},"wordCount":518,"commentCount":0,"publisher":{"@id":"https:\/\/www.sonoraenequipo.com.mx\/#organization"},"image":{"@id":"https:\/\/www.sonoraenequipo.com.mx\/sheinbaum-inaugura-la-aduana-de-nuevo-laredo-tamaulipas\/#primaryimage"},"thumbnailUrl":"https:\/\/www.sonoraenequipo.com.mx\/storage\/2026\/01\/inauguran-aduana-en-Tamaulipas-1.jpg","articleSection":["Rep\u00fablica"],"inLanguage":"es","potentialAction":[{"@type":"CommentAction","name":"Comment","target":["https:\/\/www.sonoraenequipo.com.mx\/sheinbaum-inaugura-la-aduana-de-nuevo-laredo-tamaulipas\/#respond"]}]},{"@type":"WebPage","@id":"https:\/\/www.sonoraenequipo.com.mx\/sheinbaum-inaugura-la-aduana-de-nuevo-laredo-tamaulipas\/","url":"https:\/\/www.sonoraenequipo.com.mx\/sheinbaum-inaugura-la-aduana-de-nuevo-laredo-tamaulipas\/","name":"Sonora en Equipo. Sheinbaum inaugura la Aduana de Nuevo Laredo, Tamaulipas Rep\u00fablica","isPartOf":{"@id":"https:\/\/www.sonoraenequipo.com.mx\/#website"},"primaryImageOfPage":{"@id":"https:\/\/www.sonoraenequipo.com.mx\/sheinbaum-inaugura-la-aduana-de-nuevo-laredo-tamaulipas\/#primaryimage"},"image":{"@id":"https:\/\/www.sonoraenequipo.com.mx\/sheinbaum-inaugura-la-aduana-de-nuevo-laredo-tamaulipas\/#primaryimage"},"thumbnailUrl":"https:\/\/www.sonoraenequipo.com.mx\/storage\/2026\/01\/inauguran-aduana-en-Tamaulipas-1.jpg","datePublished":"2026-01-25T17:00:57+00:00","dateModified":"2026-01-26T19:44:17+00:00","description":"NUEVO LAREDO, TAMAULIPAS. MX. \u2014 Este domingo la presidenta Claudia Sheinbaum inaugur\u00f3 la Aduana de Nuevo Laredo, Tamaulipas en compa\u00f1\u00eda del gobernador del En Sonora en Equipo publicamos toda la informaci\u00f3n de Sonora, M\u00e9xico y el Mundo de manera oportuna y busca que la libertad de expresi\u00f3n sea real. Visita nuestro medio informativo publicado desde Hermosillo, Sonora. %","breadcrumb":{"@id":"https:\/\/www.sonoraenequipo.com.mx\/sheinbaum-inaugura-la-aduana-de-nuevo-laredo-tamaulipas\/#breadcrumb"},"inLanguage":"es","potentialAction":[{"@type":"ReadAction","target":["https:\/\/www.sonoraenequipo.com.mx\/sheinbaum-inaugura-la-aduana-de-nuevo-laredo-tamaulipas\/"]}]},{"@type":"ImageObject","inLanguage":"es","@id":"https:\/\/www.sonoraenequipo.com.mx\/sheinbaum-inaugura-la-aduana-de-nuevo-laredo-tamaulipas\/#primaryimage","url":"https:\/\/www.sonoraenequipo.com.mx\/storage\/2026\/01\/inauguran-aduana-en-Tamaulipas-1.jpg","contentUrl":"https:\/\/www.sonoraenequipo.com.mx\/storage\/2026\/01\/inauguran-aduana-en-Tamaulipas-1.jpg","width":1000,"height":553},{"@type":"BreadcrumbList","@id":"https:\/\/www.sonoraenequipo.com.mx\/sheinbaum-inaugura-la-aduana-de-nuevo-laredo-tamaulipas\/#breadcrumb","itemListElement":[{"@type":"ListItem","position":1,"name":"Portada","item":"https:\/\/www.sonoraenequipo.com.mx\/"},{"@type":"ListItem","position":2,"name":"Sheinbaum inaugura la Aduana de Nuevo Laredo, Tamaulipas"}]},{"@type":"WebSite","@id":"https:\/\/www.sonoraenequipo.com.mx\/#website","url":"https:\/\/www.sonoraenequipo.com.mx\/","name":"Sonora en Equipo.","description":"Diario en l\u00ednea con Noticias desde Hermosillo, Sonora","publisher":{"@id":"https:\/\/www.sonoraenequipo.com.mx\/#organization"},"potentialAction":[{"@type":"SearchAction","target":{"@type":"EntryPoint","urlTemplate":"https:\/\/www.sonoraenequipo.com.mx\/?s={search_term_string}"},"query-input":{"@type":"PropertyValueSpecification","valueRequired":true,"valueName":"search_term_string"}}],"inLanguage":"es"},{"@type":"Organization","@id":"https:\/\/www.sonoraenequipo.com.mx\/#organization","name":"Sonoraenequipo.com.mx","url":"https:\/\/www.sonoraenequipo.com.mx\/","logo":{"@type":"ImageObject","inLanguage":"es","@id":"https:\/\/www.sonoraenequipo.com.mx\/#\/schema\/logo\/image\/","url":"https:\/\/www.sonoraenequipo.com.mx\/storage\/2019\/01\/sonoraenequipo_opt.png","contentUrl":"https:\/\/www.sonoraenequipo.com.mx\/storage\/2019\/01\/sonoraenequipo_opt.png","width":375,"height":125,"caption":"Sonoraenequipo.com.mx"},"image":{"@id":"https:\/\/www.sonoraenequipo.com.mx\/#\/schema\/logo\/image\/"},"sameAs":["https:\/\/www.facebook.com\/SonoraEE\/","https:\/\/x.com\/sonoraenequipo","https:\/\/www.youtube.com\/channel\/UC338nW-lPEYmJQs4ZABQ1SQ"]},{"@type":"Person","@id":"https:\/\/www.sonoraenequipo.com.mx\/#\/schema\/person\/50102df0fb23a8fa9e8effad8fa81386","name":"enequipo","image":{"@type":"ImageObject","inLanguage":"es","@id":"https:\/\/www.sonoraenequipo.com.mx\/#\/schema\/person\/image\/","url":"https:\/\/secure.gravatar.com\/avatar\/049821681b589dabc0bc20695993ccebb09f5b5d4d790cd9251b97faac7c652b?s=96&d=blank&r=g","contentUrl":"https:\/\/secure.gravatar.com\/avatar\/049821681b589dabc0bc20695993ccebb09f5b5d4d790cd9251b97faac7c652b?s=96&d=blank&r=g","caption":"enequipo"},"sameAs":["https:\/\/www.facebook.com\/SonoraEE"]}]}},"jetpack_featured_media_url":"https:\/\/www.sonoraenequipo.com.mx\/storage\/2026\/01\/inauguran-aduana-en-Tamaulipas-1.jpg","_links":{"self":[{"href":"https:\/\/www.sonoraenequipo.com.mx\/api\/wp\/v2\/posts\/233830","targetHints":{"allow":["GET"]}}],"collection":[{"href":"https:\/\/www.sonoraenequipo.com.mx\/api\/wp\/v2\/posts"}],"about":[{"href":"https:\/\/www.sonoraenequipo.com.mx\/api\/wp\/v2\/types\/post"}],"author":[{"embeddable":true,"href":"https:\/\/www.sonoraenequipo.com.mx\/api\/wp\/v2\/users\/1"}],"replies":[{"embeddable":true,"href":"https:\/\/www.sonoraenequipo.com.mx\/api\/wp\/v2\/comments?post=233830"}],"version-history":[{"count":1,"href":"https:\/\/www.sonoraenequipo.com.mx\/api\/wp\/v2\/posts\/233830\/revisions"}],"predecessor-version":[{"id":233832,"href":"https:\/\/www.sonoraenequipo.com.mx\/api\/wp\/v2\/posts\/233830\/revisions\/233832"}],"wp:featuredmedia":[{"embeddable":true,"href":"https:\/\/www.sonoraenequipo.com.mx\/api\/wp\/v2\/media\/233793"}],"wp:attachment":[{"href":"https:\/\/www.sonoraenequipo.com.mx\/api\/wp\/v2\/media?parent=233830"}],"wp:term":[{"taxonomy":"category","embeddable":true,"href":"https:\/\/www.sonoraenequipo.com.mx\/api\/wp\/v2\/categories?post=233830"},{"taxonomy":"post_tag","embeddable":true,"href":"https:\/\/www.sonoraenequipo.com.mx\/api\/wp\/v2\/tags?post=233830"}],"curies":[{"name":"wp","href":"https:\/\/api.w.org\/{rel}","templated":true}]}}