{"id":233831,"date":"2026-01-26T13:03:37","date_gmt":"2026-01-26T20:03:37","guid":{"rendered":"https:\/\/www.sonoraenequipo.com.mx\/?p=233831"},"modified":"2026-01-26T13:03:37","modified_gmt":"2026-01-26T20:03:37","slug":"mujeres-del-bel-canto-destacan-en-la-41-edicion-del-faot","status":"publish","type":"post","link":"https:\/\/www.sonoraenequipo.com.mx\/mujeres-del-bel-canto-destacan-en-la-41-edicion-del-faot\/","title":{"rendered":"Mujeres del bel canto destacan en la 41 edici\u00f3n del FAOT"},"content":{"rendered":"<p><strong>\u00c1LAMOS, SONORA, MX.<\/strong><strong> \u0336 \u0336\u00a0 <\/strong>Mujeres j\u00f3venes encabezaron la tercera jornada del Festival Alfonso Ortiz Tirado, con \u00edntimas y potentes presentaciones que atrajeron y cautivaron la atenci\u00f3n de todas y todos los visitantes en \u00c1lamos.<\/p>\n<p>&nbsp;<\/p>\n<p>En el museo costumbrista de Sonora se present\u00f3 la soprano Jael Rubalcava junto al pianista Emmanuel Sab\u00e1s, quienes ofrecieron la presentaci\u00f3n In Crescendo, una celebraci\u00f3n de la voz como un veh\u00edculo de reencuentro personal y art\u00edstico.<\/p>\n<p>&nbsp;<\/p>\n<p>Jael Rubalcava, originaria de Hermosillo, y el pianista hidroc\u00e1lido Emmanuel Sab\u00e1s, ofrecieron un repertorio con arias de \u00f3pera, fragmentos de musicales, zarzuela, y m\u00fasica mexicana de concierto, con un viaje sonoro que va desde la tradici\u00f3n europea hasta las ra\u00edces nacionales.<\/p>\n<p>&nbsp;<\/p>\n<p>En el templo de la Pur\u00edsima Concepci\u00f3n tuvo su regreso al FAOT la soprano caborquense \u00a0Ariadna Montijo, flanqueada por el guitarrista David Garc\u00eda, quienes hicieron un recorrido musical que captura po\u00e9ticos momentos del siglo XX, con piezas de Espa\u00f1a y Latinoam\u00e9rica.<\/p>\n<p>&nbsp;<\/p>\n<p>Ariadne Montijo, originaria de Caborca, regres\u00f3 al FAOT, donde en 2017 fue galardonada como talento juvenil en Canto Oper\u00edstico, demostrando una potente voz que hac\u00eda retumbar cada uno de las paredes del templo de la Pur\u00edsima Concepci\u00f3n, y de toda la Ciudad de los Portales.<\/p>\n<p><strong>Fecha de publicaci\u00f3n lunes 26 de enero de 2026<\/strong><\/p>\n","protected":false},"excerpt":{"rendered":"<p>\u00c1LAMOS, SONORA, MX. \u0336 \u0336\u00a0 Mujeres j\u00f3venes encabezaron la tercera jornada del Festival Alfonso Ortiz&#8230;<\/p>\n","protected":false},"author":1,"featured_media":233834,"comment_status":"open","ping_status":"open","sticky":false,"template":"","format":"standard","meta":{"_monsterinsights_skip_tracking":false,"_monsterinsights_sitenote_active":false,"_monsterinsights_sitenote_note":"","_monsterinsights_sitenote_category":0,"footnotes":""},"categories":[2987],"tags":[],"class_list":["post"],"yoast_head":" \n<title>Sonora en Equipo. Mujeres del bel canto destacan en la 41 edici\u00f3n del FAOT Showbiz<\/title>\n<meta name=\"description\" content=\"\u00c1LAMOS, SONORA, MX. \u0336 \u0336\u00a0 Mujeres j\u00f3venes encabezaron la tercera jornada del Festival Alfonso Ortiz Tirado, con \u00edntimas y potentes presentaciones que En Sonora en Equipo publicamos toda la informaci\u00f3n de Sonora, M\u00e9xico y el Mundo de manera oportuna y busca que la libertad de expresi\u00f3n sea real. Visita nuestro medio informativo publicado desde Hermosillo, Sonora. %\" \/>\n<meta name=\"robots\" content=\"index, follow, max-snippet:-1, max-image-preview:large, max-video-preview:-1\" \/>\n<link rel=\"canonical\" href=\"https:\/\/www.sonoraenequipo.com.mx\/mujeres-del-bel-canto-destacan-en-la-41-edicion-del-faot\/\" \/>\n<meta property=\"og:locale\" content=\"es_ES\" \/>\n<meta property=\"og:type\" content=\"article\" \/>\n<meta property=\"og:title\" content=\"Sonora en Equipo. Mujeres del bel canto destacan en la 41 edici\u00f3n del FAOT Showbiz\" \/>\n<meta property=\"og:description\" content=\"\u00c1LAMOS, SONORA, MX. \u0336 \u0336\u00a0 Mujeres j\u00f3venes encabezaron la tercera jornada del Festival Alfonso Ortiz Tirado, con \u00edntimas y potentes presentaciones que En Sonora en Equipo publicamos toda la informaci\u00f3n de Sonora, M\u00e9xico y el Mundo de manera oportuna y busca que la libertad de expresi\u00f3n sea real. Visita nuestro medio informativo publicado desde Hermosillo, Sonora. %\" \/>\n<meta property=\"og:url\" content=\"https:\/\/www.sonoraenequipo.com.mx\/mujeres-del-bel-canto-destacan-en-la-41-edicion-del-faot\/\" \/>\n<meta property=\"og:site_name\" content=\"Sonora en Equipo.\" \/>\n<meta property=\"article:publisher\" content=\"https:\/\/www.facebook.com\/SonoraEE\/\" \/>\n<meta property=\"article:author\" content=\"https:\/\/www.facebook.com\/SonoraEE\" \/>\n<meta property=\"article:published_time\" content=\"2026-01-26T20:03:37+00:00\" \/>\n<meta property=\"og:image\" content=\"https:\/\/www.sonoraenequipo.com.mx\/storage\/2026\/01\/MUJERES-DEL-BEL-CANTO.jpg\" \/>\n\t<meta property=\"og:image:width\" content=\"1280\" \/>\n\t<meta property=\"og:image:height\" content=\"854\" \/>\n\t<meta property=\"og:image:type\" content=\"image\/jpeg\" \/>\n<meta name=\"author\" content=\"enequipo\" \/>\n<meta name=\"twitter:card\" content=\"summary_large_image\" \/>\n<meta name=\"twitter:creator\" content=\"@sonoraenequipo\" \/>\n<meta name=\"twitter:site\" content=\"@sonoraenequipo\" \/>\n<meta name=\"twitter:label1\" content=\"Escrito por\" \/>\n\t<meta name=\"twitter:data1\" content=\"enequipo\" \/>\n\t<meta name=\"twitter:label2\" content=\"Tiempo de lectura\" \/>\n\t<meta name=\"twitter:data2\" content=\"1 minuto\" \/>\n<script type=\"application\/ld+json\" class=\"yoast-schema-graph\">{\"@context\":\"https:\/\/schema.org\",\"@graph\":[{\"@type\":\"Article\",\"@id\":\"https:\/\/www.sonoraenequipo.com.mx\/mujeres-del-bel-canto-destacan-en-la-41-edicion-del-faot\/#article\",\"isPartOf\":{\"@id\":\"https:\/\/www.sonoraenequipo.com.mx\/mujeres-del-bel-canto-destacan-en-la-41-edicion-del-faot\/\"},\"author\":{\"name\":\"enequipo\",\"@id\":\"https:\/\/www.sonoraenequipo.com.mx\/#\/schema\/person\/50102df0fb23a8fa9e8effad8fa81386\"},\"headline\":\"Mujeres del bel canto destacan en la 41 edici\u00f3n del FAOT\",\"datePublished\":\"2026-01-26T20:03:37+00:00\",\"mainEntityOfPage\":{\"@id\":\"https:\/\/www.sonoraenequipo.com.mx\/mujeres-del-bel-canto-destacan-en-la-41-edicion-del-faot\/\"},\"wordCount\":240,\"commentCount\":0,\"publisher\":{\"@id\":\"https:\/\/www.sonoraenequipo.com.mx\/#organization\"},\"image\":{\"@id\":\"https:\/\/www.sonoraenequipo.com.mx\/mujeres-del-bel-canto-destacan-en-la-41-edicion-del-faot\/#primaryimage\"},\"thumbnailUrl\":\"https:\/\/www.sonoraenequipo.com.mx\/storage\/2026\/01\/MUJERES-DEL-BEL-CANTO.jpg\",\"articleSection\":[\"Showbiz\"],\"inLanguage\":\"es\",\"potentialAction\":[{\"@type\":\"CommentAction\",\"name\":\"Comment\",\"target\":[\"https:\/\/www.sonoraenequipo.com.mx\/mujeres-del-bel-canto-destacan-en-la-41-edicion-del-faot\/#respond\"]}]},{\"@type\":\"WebPage\",\"@id\":\"https:\/\/www.sonoraenequipo.com.mx\/mujeres-del-bel-canto-destacan-en-la-41-edicion-del-faot\/\",\"url\":\"https:\/\/www.sonoraenequipo.com.mx\/mujeres-del-bel-canto-destacan-en-la-41-edicion-del-faot\/\",\"name\":\"Sonora en Equipo. Mujeres del bel canto destacan en la 41 edici\u00f3n del FAOT Showbiz\",\"isPartOf\":{\"@id\":\"https:\/\/www.sonoraenequipo.com.mx\/#website\"},\"primaryImageOfPage\":{\"@id\":\"https:\/\/www.sonoraenequipo.com.mx\/mujeres-del-bel-canto-destacan-en-la-41-edicion-del-faot\/#primaryimage\"},\"image\":{\"@id\":\"https:\/\/www.sonoraenequipo.com.mx\/mujeres-del-bel-canto-destacan-en-la-41-edicion-del-faot\/#primaryimage\"},\"thumbnailUrl\":\"https:\/\/www.sonoraenequipo.com.mx\/storage\/2026\/01\/MUJERES-DEL-BEL-CANTO.jpg\",\"datePublished\":\"2026-01-26T20:03:37+00:00\",\"description\":\"\u00c1LAMOS, SONORA, MX. \u0336 \u0336\u00a0 Mujeres j\u00f3venes encabezaron la tercera jornada del Festival Alfonso Ortiz Tirado, con \u00edntimas y potentes presentaciones que En Sonora en Equipo publicamos toda la informaci\u00f3n de Sonora, M\u00e9xico y el Mundo de manera oportuna y busca que la libertad de expresi\u00f3n sea real. Visita nuestro medio informativo publicado desde Hermosillo, Sonora. %\",\"breadcrumb\":{\"@id\":\"https:\/\/www.sonoraenequipo.com.mx\/mujeres-del-bel-canto-destacan-en-la-41-edicion-del-faot\/#breadcrumb\"},\"inLanguage\":\"es\",\"potentialAction\":[{\"@type\":\"ReadAction\",\"target\":[\"https:\/\/www.sonoraenequipo.com.mx\/mujeres-del-bel-canto-destacan-en-la-41-edicion-del-faot\/\"]}]},{\"@type\":\"ImageObject\",\"inLanguage\":\"es\",\"@id\":\"https:\/\/www.sonoraenequipo.com.mx\/mujeres-del-bel-canto-destacan-en-la-41-edicion-del-faot\/#primaryimage\",\"url\":\"https:\/\/www.sonoraenequipo.com.mx\/storage\/2026\/01\/MUJERES-DEL-BEL-CANTO.jpg\",\"contentUrl\":\"https:\/\/www.sonoraenequipo.com.mx\/storage\/2026\/01\/MUJERES-DEL-BEL-CANTO.jpg\",\"width\":1280,\"height\":854,\"caption\":\"Ariadne Montijo de Caborca hizo vibrar las paredes del templo de la Pur\u00edsima Concepci\u00f3n\"},{\"@type\":\"BreadcrumbList\",\"@id\":\"https:\/\/www.sonoraenequipo.com.mx\/mujeres-del-bel-canto-destacan-en-la-41-edicion-del-faot\/#breadcrumb\",\"itemListElement\":[{\"@type\":\"ListItem\",\"position\":1,\"name\":\"Portada\",\"item\":\"https:\/\/www.sonoraenequipo.com.mx\/\"},{\"@type\":\"ListItem\",\"position\":2,\"name\":\"Mujeres del bel canto destacan en la 41 edici\u00f3n del FAOT\"}]},{\"@type\":\"WebSite\",\"@id\":\"https:\/\/www.sonoraenequipo.com.mx\/#website\",\"url\":\"https:\/\/www.sonoraenequipo.com.mx\/\",\"name\":\"Sonora en Equipo.\",\"description\":\"Diario en l\u00ednea con Noticias desde Hermosillo, Sonora\",\"publisher\":{\"@id\":\"https:\/\/www.sonoraenequipo.com.mx\/#organization\"},\"potentialAction\":[{\"@type\":\"SearchAction\",\"target\":{\"@type\":\"EntryPoint\",\"urlTemplate\":\"https:\/\/www.sonoraenequipo.com.mx\/?s={search_term_string}\"},\"query-input\":{\"@type\":\"PropertyValueSpecification\",\"valueRequired\":true,\"valueName\":\"search_term_string\"}}],\"inLanguage\":\"es\"},{\"@type\":\"Organization\",\"@id\":\"https:\/\/www.sonoraenequipo.com.mx\/#organization\",\"name\":\"Sonoraenequipo.com.mx\",\"url\":\"https:\/\/www.sonoraenequipo.com.mx\/\",\"logo\":{\"@type\":\"ImageObject\",\"inLanguage\":\"es\",\"@id\":\"https:\/\/www.sonoraenequipo.com.mx\/#\/schema\/logo\/image\/\",\"url\":\"https:\/\/www.sonoraenequipo.com.mx\/storage\/2019\/01\/sonoraenequipo_opt.png\",\"contentUrl\":\"https:\/\/www.sonoraenequipo.com.mx\/storage\/2019\/01\/sonoraenequipo_opt.png\",\"width\":375,\"height\":125,\"caption\":\"Sonoraenequipo.com.mx\"},\"image\":{\"@id\":\"https:\/\/www.sonoraenequipo.com.mx\/#\/schema\/logo\/image\/\"},\"sameAs\":[\"https:\/\/www.facebook.com\/SonoraEE\/\",\"https:\/\/x.com\/sonoraenequipo\",\"https:\/\/www.youtube.com\/channel\/UC338nW-lPEYmJQs4ZABQ1SQ\"]},{\"@type\":\"Person\",\"@id\":\"https:\/\/www.sonoraenequipo.com.mx\/#\/schema\/person\/50102df0fb23a8fa9e8effad8fa81386\",\"name\":\"enequipo\",\"image\":{\"@type\":\"ImageObject\",\"inLanguage\":\"es\",\"@id\":\"https:\/\/www.sonoraenequipo.com.mx\/#\/schema\/person\/image\/\",\"url\":\"https:\/\/secure.gravatar.com\/avatar\/049821681b589dabc0bc20695993ccebb09f5b5d4d790cd9251b97faac7c652b?s=96&d=blank&r=g\",\"contentUrl\":\"https:\/\/secure.gravatar.com\/avatar\/049821681b589dabc0bc20695993ccebb09f5b5d4d790cd9251b97faac7c652b?s=96&d=blank&r=g\",\"caption\":\"enequipo\"},\"sameAs\":[\"https:\/\/www.facebook.com\/SonoraEE\"]}]}<\/script>\n ","yoast_head_json":{"title":"Sonora en Equipo. Mujeres del bel canto destacan en la 41 edici\u00f3n del FAOT Showbiz","description":"\u00c1LAMOS, SONORA, MX. \u0336 \u0336\u00a0 Mujeres j\u00f3venes encabezaron la tercera jornada del Festival Alfonso Ortiz Tirado, con \u00edntimas y potentes presentaciones que En Sonora en Equipo publicamos toda la informaci\u00f3n de Sonora, M\u00e9xico y el Mundo de manera oportuna y busca que la libertad de expresi\u00f3n sea real. Visita nuestro medio informativo publicado desde Hermosillo, Sonora. %","robots":{"index":"index","follow":"follow","max-snippet":"max-snippet:-1","max-image-preview":"max-image-preview:large","max-video-preview":"max-video-preview:-1"},"canonical":"https:\/\/www.sonoraenequipo.com.mx\/mujeres-del-bel-canto-destacan-en-la-41-edicion-del-faot\/","og_locale":"es_ES","og_type":"article","og_title":"Sonora en Equipo. Mujeres del bel canto destacan en la 41 edici\u00f3n del FAOT Showbiz","og_description":"\u00c1LAMOS, SONORA, MX. \u0336 \u0336\u00a0 Mujeres j\u00f3venes encabezaron la tercera jornada del Festival Alfonso Ortiz Tirado, con \u00edntimas y potentes presentaciones que En Sonora en Equipo publicamos toda la informaci\u00f3n de Sonora, M\u00e9xico y el Mundo de manera oportuna y busca que la libertad de expresi\u00f3n sea real. Visita nuestro medio informativo publicado desde Hermosillo, Sonora. %","og_url":"https:\/\/www.sonoraenequipo.com.mx\/mujeres-del-bel-canto-destacan-en-la-41-edicion-del-faot\/","og_site_name":"Sonora en Equipo.","article_publisher":"https:\/\/www.facebook.com\/SonoraEE\/","article_author":"https:\/\/www.facebook.com\/SonoraEE","article_published_time":"2026-01-26T20:03:37+00:00","og_image":[{"width":1280,"height":854,"url":"https:\/\/www.sonoraenequipo.com.mx\/storage\/2026\/01\/MUJERES-DEL-BEL-CANTO.jpg","type":"image\/jpeg"}],"author":"enequipo","twitter_card":"summary_large_image","twitter_creator":"@sonoraenequipo","twitter_site":"@sonoraenequipo","twitter_misc":{"Escrito por":"enequipo","Tiempo de lectura":"1 minuto"},"schema":{"@context":"https:\/\/schema.org","@graph":[{"@type":"Article","@id":"https:\/\/www.sonoraenequipo.com.mx\/mujeres-del-bel-canto-destacan-en-la-41-edicion-del-faot\/#article","isPartOf":{"@id":"https:\/\/www.sonoraenequipo.com.mx\/mujeres-del-bel-canto-destacan-en-la-41-edicion-del-faot\/"},"author":{"name":"enequipo","@id":"https:\/\/www.sonoraenequipo.com.mx\/#\/schema\/person\/50102df0fb23a8fa9e8effad8fa81386"},"headline":"Mujeres del bel canto destacan en la 41 edici\u00f3n del FAOT","datePublished":"2026-01-26T20:03:37+00:00","mainEntityOfPage":{"@id":"https:\/\/www.sonoraenequipo.com.mx\/mujeres-del-bel-canto-destacan-en-la-41-edicion-del-faot\/"},"wordCount":240,"commentCount":0,"publisher":{"@id":"https:\/\/www.sonoraenequipo.com.mx\/#organization"},"image":{"@id":"https:\/\/www.sonoraenequipo.com.mx\/mujeres-del-bel-canto-destacan-en-la-41-edicion-del-faot\/#primaryimage"},"thumbnailUrl":"https:\/\/www.sonoraenequipo.com.mx\/storage\/2026\/01\/MUJERES-DEL-BEL-CANTO.jpg","articleSection":["Showbiz"],"inLanguage":"es","potentialAction":[{"@type":"CommentAction","name":"Comment","target":["https:\/\/www.sonoraenequipo.com.mx\/mujeres-del-bel-canto-destacan-en-la-41-edicion-del-faot\/#respond"]}]},{"@type":"WebPage","@id":"https:\/\/www.sonoraenequipo.com.mx\/mujeres-del-bel-canto-destacan-en-la-41-edicion-del-faot\/","url":"https:\/\/www.sonoraenequipo.com.mx\/mujeres-del-bel-canto-destacan-en-la-41-edicion-del-faot\/","name":"Sonora en Equipo. Mujeres del bel canto destacan en la 41 edici\u00f3n del FAOT Showbiz","isPartOf":{"@id":"https:\/\/www.sonoraenequipo.com.mx\/#website"},"primaryImageOfPage":{"@id":"https:\/\/www.sonoraenequipo.com.mx\/mujeres-del-bel-canto-destacan-en-la-41-edicion-del-faot\/#primaryimage"},"image":{"@id":"https:\/\/www.sonoraenequipo.com.mx\/mujeres-del-bel-canto-destacan-en-la-41-edicion-del-faot\/#primaryimage"},"thumbnailUrl":"https:\/\/www.sonoraenequipo.com.mx\/storage\/2026\/01\/MUJERES-DEL-BEL-CANTO.jpg","datePublished":"2026-01-26T20:03:37+00:00","description":"\u00c1LAMOS, SONORA, MX. \u0336 \u0336\u00a0 Mujeres j\u00f3venes encabezaron la tercera jornada del Festival Alfonso Ortiz Tirado, con \u00edntimas y potentes presentaciones que En Sonora en Equipo publicamos toda la informaci\u00f3n de Sonora, M\u00e9xico y el Mundo de manera oportuna y busca que la libertad de expresi\u00f3n sea real. Visita nuestro medio informativo publicado desde Hermosillo, Sonora. %","breadcrumb":{"@id":"https:\/\/www.sonoraenequipo.com.mx\/mujeres-del-bel-canto-destacan-en-la-41-edicion-del-faot\/#breadcrumb"},"inLanguage":"es","potentialAction":[{"@type":"ReadAction","target":["https:\/\/www.sonoraenequipo.com.mx\/mujeres-del-bel-canto-destacan-en-la-41-edicion-del-faot\/"]}]},{"@type":"ImageObject","inLanguage":"es","@id":"https:\/\/www.sonoraenequipo.com.mx\/mujeres-del-bel-canto-destacan-en-la-41-edicion-del-faot\/#primaryimage","url":"https:\/\/www.sonoraenequipo.com.mx\/storage\/2026\/01\/MUJERES-DEL-BEL-CANTO.jpg","contentUrl":"https:\/\/www.sonoraenequipo.com.mx\/storage\/2026\/01\/MUJERES-DEL-BEL-CANTO.jpg","width":1280,"height":854,"caption":"Ariadne Montijo de Caborca hizo vibrar las paredes del templo de la Pur\u00edsima Concepci\u00f3n"},{"@type":"BreadcrumbList","@id":"https:\/\/www.sonoraenequipo.com.mx\/mujeres-del-bel-canto-destacan-en-la-41-edicion-del-faot\/#breadcrumb","itemListElement":[{"@type":"ListItem","position":1,"name":"Portada","item":"https:\/\/www.sonoraenequipo.com.mx\/"},{"@type":"ListItem","position":2,"name":"Mujeres del bel canto destacan en la 41 edici\u00f3n del FAOT"}]},{"@type":"WebSite","@id":"https:\/\/www.sonoraenequipo.com.mx\/#website","url":"https:\/\/www.sonoraenequipo.com.mx\/","name":"Sonora en Equipo.","description":"Diario en l\u00ednea con Noticias desde Hermosillo, Sonora","publisher":{"@id":"https:\/\/www.sonoraenequipo.com.mx\/#organization"},"potentialAction":[{"@type":"SearchAction","target":{"@type":"EntryPoint","urlTemplate":"https:\/\/www.sonoraenequipo.com.mx\/?s={search_term_string}"},"query-input":{"@type":"PropertyValueSpecification","valueRequired":true,"valueName":"search_term_string"}}],"inLanguage":"es"},{"@type":"Organization","@id":"https:\/\/www.sonoraenequipo.com.mx\/#organization","name":"Sonoraenequipo.com.mx","url":"https:\/\/www.sonoraenequipo.com.mx\/","logo":{"@type":"ImageObject","inLanguage":"es","@id":"https:\/\/www.sonoraenequipo.com.mx\/#\/schema\/logo\/image\/","url":"https:\/\/www.sonoraenequipo.com.mx\/storage\/2019\/01\/sonoraenequipo_opt.png","contentUrl":"https:\/\/www.sonoraenequipo.com.mx\/storage\/2019\/01\/sonoraenequipo_opt.png","width":375,"height":125,"caption":"Sonoraenequipo.com.mx"},"image":{"@id":"https:\/\/www.sonoraenequipo.com.mx\/#\/schema\/logo\/image\/"},"sameAs":["https:\/\/www.facebook.com\/SonoraEE\/","https:\/\/x.com\/sonoraenequipo","https:\/\/www.youtube.com\/channel\/UC338nW-lPEYmJQs4ZABQ1SQ"]},{"@type":"Person","@id":"https:\/\/www.sonoraenequipo.com.mx\/#\/schema\/person\/50102df0fb23a8fa9e8effad8fa81386","name":"enequipo","image":{"@type":"ImageObject","inLanguage":"es","@id":"https:\/\/www.sonoraenequipo.com.mx\/#\/schema\/person\/image\/","url":"https:\/\/secure.gravatar.com\/avatar\/049821681b589dabc0bc20695993ccebb09f5b5d4d790cd9251b97faac7c652b?s=96&d=blank&r=g","contentUrl":"https:\/\/secure.gravatar.com\/avatar\/049821681b589dabc0bc20695993ccebb09f5b5d4d790cd9251b97faac7c652b?s=96&d=blank&r=g","caption":"enequipo"},"sameAs":["https:\/\/www.facebook.com\/SonoraEE"]}]}},"jetpack_featured_media_url":"https:\/\/www.sonoraenequipo.com.mx\/storage\/2026\/01\/MUJERES-DEL-BEL-CANTO.jpg","_links":{"self":[{"href":"https:\/\/www.sonoraenequipo.com.mx\/api\/wp\/v2\/posts\/233831","targetHints":{"allow":["GET"]}}],"collection":[{"href":"https:\/\/www.sonoraenequipo.com.mx\/api\/wp\/v2\/posts"}],"about":[{"href":"https:\/\/www.sonoraenequipo.com.mx\/api\/wp\/v2\/types\/post"}],"author":[{"embeddable":true,"href":"https:\/\/www.sonoraenequipo.com.mx\/api\/wp\/v2\/users\/1"}],"replies":[{"embeddable":true,"href":"https:\/\/www.sonoraenequipo.com.mx\/api\/wp\/v2\/comments?post=233831"}],"version-history":[{"count":1,"href":"https:\/\/www.sonoraenequipo.com.mx\/api\/wp\/v2\/posts\/233831\/revisions"}],"predecessor-version":[{"id":233835,"href":"https:\/\/www.sonoraenequipo.com.mx\/api\/wp\/v2\/posts\/233831\/revisions\/233835"}],"wp:featuredmedia":[{"embeddable":true,"href":"https:\/\/www.sonoraenequipo.com.mx\/api\/wp\/v2\/media\/233834"}],"wp:attachment":[{"href":"https:\/\/www.sonoraenequipo.com.mx\/api\/wp\/v2\/media?parent=233831"}],"wp:term":[{"taxonomy":"category","embeddable":true,"href":"https:\/\/www.sonoraenequipo.com.mx\/api\/wp\/v2\/categories?post=233831"},{"taxonomy":"post_tag","embeddable":true,"href":"https:\/\/www.sonoraenequipo.com.mx\/api\/wp\/v2\/tags?post=233831"}],"curies":[{"name":"wp","href":"https:\/\/api.w.org\/{rel}","templated":true}]}}