{"id":233838,"date":"2026-01-26T13:27:03","date_gmt":"2026-01-26T20:27:03","guid":{"rendered":"https:\/\/www.sonoraenequipo.com.mx\/?p=233838"},"modified":"2026-01-26T13:30:12","modified_gmt":"2026-01-26T20:30:12","slug":"ante-polemica-ministros-de-la-scjn-no-usaran-autos-blindados","status":"publish","type":"post","link":"https:\/\/www.sonoraenequipo.com.mx\/ante-polemica-ministros-de-la-scjn-no-usaran-autos-blindados\/","title":{"rendered":"Ante pol\u00e9mica ministros de la SCJN no usar\u00e1n autos blindados"},"content":{"rendered":"<p><strong>CIUDAD DE M\u00c9XICO.<\/strong><strong> \u0336 \u0336\u00a0 <\/strong>Tras la pol\u00e9mica de las camionetas de lujo para las y los ministros de la Suprema Corte de Justicia de la Naci\u00f3n (SCJN), este lunes en conferencia de prensa, Hugo Aguilar Ortiz, presidente de la, anunci\u00f3 tras primero asegurar que la austeridad no implica lujo, que no usar\u00e1n dichas unidades e incluso revel\u00f3 que se inici\u00f3 un proceso de desincorporaci\u00f3n para que otros juzgadores puedan utilizarlas y quedaran a mano del Poder Judicial.<\/p>\n<p>&nbsp;<\/p>\n<p>Seg\u00fan explic\u00f3, el motivo de la compra de las camionetas es debido a que en 2025 se adquirieron 43 veh\u00edculos blindados, de los cuales recibieron solo 39 veh\u00edculos cuando la nueva Corte tom\u00f3 funciones hace unos meses \u2013indic\u00f3 que los ministros pasados se llevaron cuatro de las unidades, que estaban en mejores condiciones, pero dijo por un m\u00e9todo de compra-venta de manera legal- y que por ende, hac\u00edan falta unidades.<\/p>\n<p>&nbsp;<\/p>\n<p>\u201cCuatro veh\u00edculos fueron adquiridos por la anterior integraci\u00f3n. Y ellos en anterior integraci\u00f3n tomaron el acuerdo en el Pleno que como parte de su haber de retiro pod\u00edan llevarse los veh\u00edculos que ten\u00edan asignados. Compradas, no se las robaron, hay que puntualizar. Est\u00e1 normado\u201d, puntualiz\u00f3 en la conferencia de este lunes, donde tambi\u00e9n acus\u00f3 que hab\u00eda fallas mec\u00e1nicas en varias de las camionetas que recibieron.<\/p>\n<p>Asimismo, critic\u00f3 que la decisi\u00f3n haya generado pol\u00e9mica en la opini\u00f3n p\u00fablica y aclar\u00f3 que cada veh\u00edculo tuvo un costo de 2.4 millones de pesos, contando el blindaje; esto sumar\u00eda un total de 22 millones de pesos por las nueve unidades, adem\u00e1s de informar que decidieron comprar las Jeep Grand Cherokee y no las suburbans por \u201costentosos\u201d.<\/p>\n<p>Resalt\u00f3 que, desde agosto de 2010 se decidi\u00f3 que los ministros y ministras cuenten con medidas de seguridad debido a sus responsabilidades, incluyendo el uso de autos blindados y por ello solo siguieron lo que ya estaba en los lineamientos, y tras el esc\u00e1ndalo destac\u00f3 que, todos los ministros decidieron no usar los veh\u00edculos adquiridos y se iniciar\u00e1 el proceso de desincorporaci\u00f3n de 21 unidades blindadas, con el objetivo de seguir ahorrando.<\/p>\n<p>&nbsp;<\/p>\n<p>Tambi\u00e9n desminti\u00f3 a Ar\u00edstides Guerrero, quien acus\u00f3 a los ministros de la anterior integraci\u00f3n de la Corte de haberse llevado obras de arte y cuatro camionetas: \u201cNo se los robaron, no se los llevaron, est\u00e1n normados. Por eso es importante se\u00f1alar esto\u201d, aclar\u00f3.<\/p>\n<p><strong>Fecha de publicaci\u00f3n lunes 26 de enero de 2026\/Milenio<\/strong><\/p>\n","protected":false},"excerpt":{"rendered":"<p>CIUDAD DE M\u00c9XICO. \u0336 \u0336\u00a0 Tras la pol\u00e9mica de las camionetas de lujo para las&#8230;<\/p>\n","protected":false},"author":1,"featured_media":204534,"comment_status":"open","ping_status":"open","sticky":false,"template":"","format":"standard","meta":{"_monsterinsights_skip_tracking":false,"_monsterinsights_sitenote_active":false,"_monsterinsights_sitenote_note":"","_monsterinsights_sitenote_category":0,"footnotes":""},"categories":[5],"tags":[125],"class_list":["post"],"yoast_head":" \n<title>Sonora en Equipo. Ante pol\u00e9mica ministros de la SCJN no usar\u00e1n autos blindados Rep\u00fablica<\/title>\n<meta name=\"description\" content=\"CIUDAD DE M\u00c9XICO. \u0336 \u0336\u00a0 Tras la pol\u00e9mica de las camionetas de lujo para las y los ministros de la Suprema Corte de Justicia de la Naci\u00f3n (SCJN), este lunes En Sonora en Equipo publicamos toda la informaci\u00f3n de Sonora, M\u00e9xico y el Mundo de manera oportuna y busca que la libertad de expresi\u00f3n sea real. Visita nuestro medio informativo publicado desde Hermosillo, Sonora. %\" \/>\n<meta name=\"robots\" content=\"index, follow, max-snippet:-1, max-image-preview:large, max-video-preview:-1\" \/>\n<link rel=\"canonical\" href=\"https:\/\/www.sonoraenequipo.com.mx\/ante-polemica-ministros-de-la-scjn-no-usaran-autos-blindados\/\" \/>\n<meta property=\"og:locale\" content=\"es_ES\" \/>\n<meta property=\"og:type\" content=\"article\" \/>\n<meta property=\"og:title\" content=\"Sonora en Equipo. Ante pol\u00e9mica ministros de la SCJN no usar\u00e1n autos blindados Rep\u00fablica\" \/>\n<meta property=\"og:description\" content=\"CIUDAD DE M\u00c9XICO. \u0336 \u0336\u00a0 Tras la pol\u00e9mica de las camionetas de lujo para las y los ministros de la Suprema Corte de Justicia de la Naci\u00f3n (SCJN), este lunes En Sonora en Equipo publicamos toda la informaci\u00f3n de Sonora, M\u00e9xico y el Mundo de manera oportuna y busca que la libertad de expresi\u00f3n sea real. Visita nuestro medio informativo publicado desde Hermosillo, Sonora. %\" \/>\n<meta property=\"og:url\" content=\"https:\/\/www.sonoraenequipo.com.mx\/ante-polemica-ministros-de-la-scjn-no-usaran-autos-blindados\/\" \/>\n<meta property=\"og:site_name\" content=\"Sonora en Equipo.\" \/>\n<meta property=\"article:publisher\" content=\"https:\/\/www.facebook.com\/SonoraEE\/\" \/>\n<meta property=\"article:author\" content=\"https:\/\/www.facebook.com\/SonoraEE\" \/>\n<meta property=\"article:published_time\" content=\"2026-01-26T20:27:03+00:00\" \/>\n<meta property=\"article:modified_time\" content=\"2026-01-26T20:30:12+00:00\" \/>\n<meta property=\"og:image\" content=\"https:\/\/www.sonoraenequipo.com.mx\/storage\/2024\/11\/poder-judicial-de-la-federacion-min.jpg\" \/>\n\t<meta property=\"og:image:width\" content=\"1280\" \/>\n\t<meta property=\"og:image:height\" content=\"720\" \/>\n\t<meta property=\"og:image:type\" content=\"image\/jpeg\" \/>\n<meta name=\"author\" content=\"enequipo\" \/>\n<meta name=\"twitter:card\" content=\"summary_large_image\" \/>\n<meta name=\"twitter:creator\" content=\"@sonoraenequipo\" \/>\n<meta name=\"twitter:site\" content=\"@sonoraenequipo\" \/>\n<meta name=\"twitter:label1\" content=\"Escrito por\" \/>\n\t<meta name=\"twitter:data1\" content=\"enequipo\" \/>\n\t<meta name=\"twitter:label2\" content=\"Tiempo de lectura\" \/>\n\t<meta name=\"twitter:data2\" content=\"2 minutos\" \/>\n<script type=\"application\/ld+json\" class=\"yoast-schema-graph\">{\"@context\":\"https:\/\/schema.org\",\"@graph\":[{\"@type\":\"Article\",\"@id\":\"https:\/\/www.sonoraenequipo.com.mx\/ante-polemica-ministros-de-la-scjn-no-usaran-autos-blindados\/#article\",\"isPartOf\":{\"@id\":\"https:\/\/www.sonoraenequipo.com.mx\/ante-polemica-ministros-de-la-scjn-no-usaran-autos-blindados\/\"},\"author\":{\"name\":\"enequipo\",\"@id\":\"https:\/\/www.sonoraenequipo.com.mx\/#\/schema\/person\/50102df0fb23a8fa9e8effad8fa81386\"},\"headline\":\"Ante pol\u00e9mica ministros de la SCJN no usar\u00e1n autos blindados\",\"datePublished\":\"2026-01-26T20:27:03+00:00\",\"dateModified\":\"2026-01-26T20:30:12+00:00\",\"mainEntityOfPage\":{\"@id\":\"https:\/\/www.sonoraenequipo.com.mx\/ante-polemica-ministros-de-la-scjn-no-usaran-autos-blindados\/\"},\"wordCount\":434,\"commentCount\":0,\"publisher\":{\"@id\":\"https:\/\/www.sonoraenequipo.com.mx\/#organization\"},\"image\":{\"@id\":\"https:\/\/www.sonoraenequipo.com.mx\/ante-polemica-ministros-de-la-scjn-no-usaran-autos-blindados\/#primaryimage\"},\"thumbnailUrl\":\"https:\/\/www.sonoraenequipo.com.mx\/storage\/2024\/11\/poder-judicial-de-la-federacion-min.jpg\",\"keywords\":[\"SCJN\"],\"articleSection\":[\"Rep\u00fablica\"],\"inLanguage\":\"es\",\"potentialAction\":[{\"@type\":\"CommentAction\",\"name\":\"Comment\",\"target\":[\"https:\/\/www.sonoraenequipo.com.mx\/ante-polemica-ministros-de-la-scjn-no-usaran-autos-blindados\/#respond\"]}]},{\"@type\":\"WebPage\",\"@id\":\"https:\/\/www.sonoraenequipo.com.mx\/ante-polemica-ministros-de-la-scjn-no-usaran-autos-blindados\/\",\"url\":\"https:\/\/www.sonoraenequipo.com.mx\/ante-polemica-ministros-de-la-scjn-no-usaran-autos-blindados\/\",\"name\":\"Sonora en Equipo. Ante pol\u00e9mica ministros de la SCJN no usar\u00e1n autos blindados Rep\u00fablica\",\"isPartOf\":{\"@id\":\"https:\/\/www.sonoraenequipo.com.mx\/#website\"},\"primaryImageOfPage\":{\"@id\":\"https:\/\/www.sonoraenequipo.com.mx\/ante-polemica-ministros-de-la-scjn-no-usaran-autos-blindados\/#primaryimage\"},\"image\":{\"@id\":\"https:\/\/www.sonoraenequipo.com.mx\/ante-polemica-ministros-de-la-scjn-no-usaran-autos-blindados\/#primaryimage\"},\"thumbnailUrl\":\"https:\/\/www.sonoraenequipo.com.mx\/storage\/2024\/11\/poder-judicial-de-la-federacion-min.jpg\",\"datePublished\":\"2026-01-26T20:27:03+00:00\",\"dateModified\":\"2026-01-26T20:30:12+00:00\",\"description\":\"CIUDAD DE M\u00c9XICO. \u0336 \u0336\u00a0 Tras la pol\u00e9mica de las camionetas de lujo para las y los ministros de la Suprema Corte de Justicia de la Naci\u00f3n (SCJN), este lunes En Sonora en Equipo publicamos toda la informaci\u00f3n de Sonora, M\u00e9xico y el Mundo de manera oportuna y busca que la libertad de expresi\u00f3n sea real. Visita nuestro medio informativo publicado desde Hermosillo, Sonora. %\",\"breadcrumb\":{\"@id\":\"https:\/\/www.sonoraenequipo.com.mx\/ante-polemica-ministros-de-la-scjn-no-usaran-autos-blindados\/#breadcrumb\"},\"inLanguage\":\"es\",\"potentialAction\":[{\"@type\":\"ReadAction\",\"target\":[\"https:\/\/www.sonoraenequipo.com.mx\/ante-polemica-ministros-de-la-scjn-no-usaran-autos-blindados\/\"]}]},{\"@type\":\"ImageObject\",\"inLanguage\":\"es\",\"@id\":\"https:\/\/www.sonoraenequipo.com.mx\/ante-polemica-ministros-de-la-scjn-no-usaran-autos-blindados\/#primaryimage\",\"url\":\"https:\/\/www.sonoraenequipo.com.mx\/storage\/2024\/11\/poder-judicial-de-la-federacion-min.jpg\",\"contentUrl\":\"https:\/\/www.sonoraenequipo.com.mx\/storage\/2024\/11\/poder-judicial-de-la-federacion-min.jpg\",\"width\":1280,\"height\":720},{\"@type\":\"BreadcrumbList\",\"@id\":\"https:\/\/www.sonoraenequipo.com.mx\/ante-polemica-ministros-de-la-scjn-no-usaran-autos-blindados\/#breadcrumb\",\"itemListElement\":[{\"@type\":\"ListItem\",\"position\":1,\"name\":\"Portada\",\"item\":\"https:\/\/www.sonoraenequipo.com.mx\/\"},{\"@type\":\"ListItem\",\"position\":2,\"name\":\"Ante pol\u00e9mica ministros de la SCJN no usar\u00e1n autos blindados\"}]},{\"@type\":\"WebSite\",\"@id\":\"https:\/\/www.sonoraenequipo.com.mx\/#website\",\"url\":\"https:\/\/www.sonoraenequipo.com.mx\/\",\"name\":\"Sonora en Equipo.\",\"description\":\"Diario en l\u00ednea con Noticias desde Hermosillo, Sonora\",\"publisher\":{\"@id\":\"https:\/\/www.sonoraenequipo.com.mx\/#organization\"},\"potentialAction\":[{\"@type\":\"SearchAction\",\"target\":{\"@type\":\"EntryPoint\",\"urlTemplate\":\"https:\/\/www.sonoraenequipo.com.mx\/?s={search_term_string}\"},\"query-input\":{\"@type\":\"PropertyValueSpecification\",\"valueRequired\":true,\"valueName\":\"search_term_string\"}}],\"inLanguage\":\"es\"},{\"@type\":\"Organization\",\"@id\":\"https:\/\/www.sonoraenequipo.com.mx\/#organization\",\"name\":\"Sonoraenequipo.com.mx\",\"url\":\"https:\/\/www.sonoraenequipo.com.mx\/\",\"logo\":{\"@type\":\"ImageObject\",\"inLanguage\":\"es\",\"@id\":\"https:\/\/www.sonoraenequipo.com.mx\/#\/schema\/logo\/image\/\",\"url\":\"https:\/\/www.sonoraenequipo.com.mx\/storage\/2019\/01\/sonoraenequipo_opt.png\",\"contentUrl\":\"https:\/\/www.sonoraenequipo.com.mx\/storage\/2019\/01\/sonoraenequipo_opt.png\",\"width\":375,\"height\":125,\"caption\":\"Sonoraenequipo.com.mx\"},\"image\":{\"@id\":\"https:\/\/www.sonoraenequipo.com.mx\/#\/schema\/logo\/image\/\"},\"sameAs\":[\"https:\/\/www.facebook.com\/SonoraEE\/\",\"https:\/\/x.com\/sonoraenequipo\",\"https:\/\/www.youtube.com\/channel\/UC338nW-lPEYmJQs4ZABQ1SQ\"]},{\"@type\":\"Person\",\"@id\":\"https:\/\/www.sonoraenequipo.com.mx\/#\/schema\/person\/50102df0fb23a8fa9e8effad8fa81386\",\"name\":\"enequipo\",\"image\":{\"@type\":\"ImageObject\",\"inLanguage\":\"es\",\"@id\":\"https:\/\/www.sonoraenequipo.com.mx\/#\/schema\/person\/image\/\",\"url\":\"https:\/\/secure.gravatar.com\/avatar\/049821681b589dabc0bc20695993ccebb09f5b5d4d790cd9251b97faac7c652b?s=96&d=blank&r=g\",\"contentUrl\":\"https:\/\/secure.gravatar.com\/avatar\/049821681b589dabc0bc20695993ccebb09f5b5d4d790cd9251b97faac7c652b?s=96&d=blank&r=g\",\"caption\":\"enequipo\"},\"sameAs\":[\"https:\/\/www.facebook.com\/SonoraEE\"]}]}<\/script>\n ","yoast_head_json":{"title":"Sonora en Equipo. Ante pol\u00e9mica ministros de la SCJN no usar\u00e1n autos blindados Rep\u00fablica","description":"CIUDAD DE M\u00c9XICO. \u0336 \u0336\u00a0 Tras la pol\u00e9mica de las camionetas de lujo para las y los ministros de la Suprema Corte de Justicia de la Naci\u00f3n (SCJN), este lunes En Sonora en Equipo publicamos toda la informaci\u00f3n de Sonora, M\u00e9xico y el Mundo de manera oportuna y busca que la libertad de expresi\u00f3n sea real. Visita nuestro medio informativo publicado desde Hermosillo, Sonora. %","robots":{"index":"index","follow":"follow","max-snippet":"max-snippet:-1","max-image-preview":"max-image-preview:large","max-video-preview":"max-video-preview:-1"},"canonical":"https:\/\/www.sonoraenequipo.com.mx\/ante-polemica-ministros-de-la-scjn-no-usaran-autos-blindados\/","og_locale":"es_ES","og_type":"article","og_title":"Sonora en Equipo. Ante pol\u00e9mica ministros de la SCJN no usar\u00e1n autos blindados Rep\u00fablica","og_description":"CIUDAD DE M\u00c9XICO. \u0336 \u0336\u00a0 Tras la pol\u00e9mica de las camionetas de lujo para las y los ministros de la Suprema Corte de Justicia de la Naci\u00f3n (SCJN), este lunes En Sonora en Equipo publicamos toda la informaci\u00f3n de Sonora, M\u00e9xico y el Mundo de manera oportuna y busca que la libertad de expresi\u00f3n sea real. Visita nuestro medio informativo publicado desde Hermosillo, Sonora. %","og_url":"https:\/\/www.sonoraenequipo.com.mx\/ante-polemica-ministros-de-la-scjn-no-usaran-autos-blindados\/","og_site_name":"Sonora en Equipo.","article_publisher":"https:\/\/www.facebook.com\/SonoraEE\/","article_author":"https:\/\/www.facebook.com\/SonoraEE","article_published_time":"2026-01-26T20:27:03+00:00","article_modified_time":"2026-01-26T20:30:12+00:00","og_image":[{"width":1280,"height":720,"url":"https:\/\/www.sonoraenequipo.com.mx\/storage\/2024\/11\/poder-judicial-de-la-federacion-min.jpg","type":"image\/jpeg"}],"author":"enequipo","twitter_card":"summary_large_image","twitter_creator":"@sonoraenequipo","twitter_site":"@sonoraenequipo","twitter_misc":{"Escrito por":"enequipo","Tiempo de lectura":"2 minutos"},"schema":{"@context":"https:\/\/schema.org","@graph":[{"@type":"Article","@id":"https:\/\/www.sonoraenequipo.com.mx\/ante-polemica-ministros-de-la-scjn-no-usaran-autos-blindados\/#article","isPartOf":{"@id":"https:\/\/www.sonoraenequipo.com.mx\/ante-polemica-ministros-de-la-scjn-no-usaran-autos-blindados\/"},"author":{"name":"enequipo","@id":"https:\/\/www.sonoraenequipo.com.mx\/#\/schema\/person\/50102df0fb23a8fa9e8effad8fa81386"},"headline":"Ante pol\u00e9mica ministros de la SCJN no usar\u00e1n autos blindados","datePublished":"2026-01-26T20:27:03+00:00","dateModified":"2026-01-26T20:30:12+00:00","mainEntityOfPage":{"@id":"https:\/\/www.sonoraenequipo.com.mx\/ante-polemica-ministros-de-la-scjn-no-usaran-autos-blindados\/"},"wordCount":434,"commentCount":0,"publisher":{"@id":"https:\/\/www.sonoraenequipo.com.mx\/#organization"},"image":{"@id":"https:\/\/www.sonoraenequipo.com.mx\/ante-polemica-ministros-de-la-scjn-no-usaran-autos-blindados\/#primaryimage"},"thumbnailUrl":"https:\/\/www.sonoraenequipo.com.mx\/storage\/2024\/11\/poder-judicial-de-la-federacion-min.jpg","keywords":["SCJN"],"articleSection":["Rep\u00fablica"],"inLanguage":"es","potentialAction":[{"@type":"CommentAction","name":"Comment","target":["https:\/\/www.sonoraenequipo.com.mx\/ante-polemica-ministros-de-la-scjn-no-usaran-autos-blindados\/#respond"]}]},{"@type":"WebPage","@id":"https:\/\/www.sonoraenequipo.com.mx\/ante-polemica-ministros-de-la-scjn-no-usaran-autos-blindados\/","url":"https:\/\/www.sonoraenequipo.com.mx\/ante-polemica-ministros-de-la-scjn-no-usaran-autos-blindados\/","name":"Sonora en Equipo. Ante pol\u00e9mica ministros de la SCJN no usar\u00e1n autos blindados Rep\u00fablica","isPartOf":{"@id":"https:\/\/www.sonoraenequipo.com.mx\/#website"},"primaryImageOfPage":{"@id":"https:\/\/www.sonoraenequipo.com.mx\/ante-polemica-ministros-de-la-scjn-no-usaran-autos-blindados\/#primaryimage"},"image":{"@id":"https:\/\/www.sonoraenequipo.com.mx\/ante-polemica-ministros-de-la-scjn-no-usaran-autos-blindados\/#primaryimage"},"thumbnailUrl":"https:\/\/www.sonoraenequipo.com.mx\/storage\/2024\/11\/poder-judicial-de-la-federacion-min.jpg","datePublished":"2026-01-26T20:27:03+00:00","dateModified":"2026-01-26T20:30:12+00:00","description":"CIUDAD DE M\u00c9XICO. \u0336 \u0336\u00a0 Tras la pol\u00e9mica de las camionetas de lujo para las y los ministros de la Suprema Corte de Justicia de la Naci\u00f3n (SCJN), este lunes En Sonora en Equipo publicamos toda la informaci\u00f3n de Sonora, M\u00e9xico y el Mundo de manera oportuna y busca que la libertad de expresi\u00f3n sea real. Visita nuestro medio informativo publicado desde Hermosillo, Sonora. %","breadcrumb":{"@id":"https:\/\/www.sonoraenequipo.com.mx\/ante-polemica-ministros-de-la-scjn-no-usaran-autos-blindados\/#breadcrumb"},"inLanguage":"es","potentialAction":[{"@type":"ReadAction","target":["https:\/\/www.sonoraenequipo.com.mx\/ante-polemica-ministros-de-la-scjn-no-usaran-autos-blindados\/"]}]},{"@type":"ImageObject","inLanguage":"es","@id":"https:\/\/www.sonoraenequipo.com.mx\/ante-polemica-ministros-de-la-scjn-no-usaran-autos-blindados\/#primaryimage","url":"https:\/\/www.sonoraenequipo.com.mx\/storage\/2024\/11\/poder-judicial-de-la-federacion-min.jpg","contentUrl":"https:\/\/www.sonoraenequipo.com.mx\/storage\/2024\/11\/poder-judicial-de-la-federacion-min.jpg","width":1280,"height":720},{"@type":"BreadcrumbList","@id":"https:\/\/www.sonoraenequipo.com.mx\/ante-polemica-ministros-de-la-scjn-no-usaran-autos-blindados\/#breadcrumb","itemListElement":[{"@type":"ListItem","position":1,"name":"Portada","item":"https:\/\/www.sonoraenequipo.com.mx\/"},{"@type":"ListItem","position":2,"name":"Ante pol\u00e9mica ministros de la SCJN no usar\u00e1n autos blindados"}]},{"@type":"WebSite","@id":"https:\/\/www.sonoraenequipo.com.mx\/#website","url":"https:\/\/www.sonoraenequipo.com.mx\/","name":"Sonora en Equipo.","description":"Diario en l\u00ednea con Noticias desde Hermosillo, Sonora","publisher":{"@id":"https:\/\/www.sonoraenequipo.com.mx\/#organization"},"potentialAction":[{"@type":"SearchAction","target":{"@type":"EntryPoint","urlTemplate":"https:\/\/www.sonoraenequipo.com.mx\/?s={search_term_string}"},"query-input":{"@type":"PropertyValueSpecification","valueRequired":true,"valueName":"search_term_string"}}],"inLanguage":"es"},{"@type":"Organization","@id":"https:\/\/www.sonoraenequipo.com.mx\/#organization","name":"Sonoraenequipo.com.mx","url":"https:\/\/www.sonoraenequipo.com.mx\/","logo":{"@type":"ImageObject","inLanguage":"es","@id":"https:\/\/www.sonoraenequipo.com.mx\/#\/schema\/logo\/image\/","url":"https:\/\/www.sonoraenequipo.com.mx\/storage\/2019\/01\/sonoraenequipo_opt.png","contentUrl":"https:\/\/www.sonoraenequipo.com.mx\/storage\/2019\/01\/sonoraenequipo_opt.png","width":375,"height":125,"caption":"Sonoraenequipo.com.mx"},"image":{"@id":"https:\/\/www.sonoraenequipo.com.mx\/#\/schema\/logo\/image\/"},"sameAs":["https:\/\/www.facebook.com\/SonoraEE\/","https:\/\/x.com\/sonoraenequipo","https:\/\/www.youtube.com\/channel\/UC338nW-lPEYmJQs4ZABQ1SQ"]},{"@type":"Person","@id":"https:\/\/www.sonoraenequipo.com.mx\/#\/schema\/person\/50102df0fb23a8fa9e8effad8fa81386","name":"enequipo","image":{"@type":"ImageObject","inLanguage":"es","@id":"https:\/\/www.sonoraenequipo.com.mx\/#\/schema\/person\/image\/","url":"https:\/\/secure.gravatar.com\/avatar\/049821681b589dabc0bc20695993ccebb09f5b5d4d790cd9251b97faac7c652b?s=96&d=blank&r=g","contentUrl":"https:\/\/secure.gravatar.com\/avatar\/049821681b589dabc0bc20695993ccebb09f5b5d4d790cd9251b97faac7c652b?s=96&d=blank&r=g","caption":"enequipo"},"sameAs":["https:\/\/www.facebook.com\/SonoraEE"]}]}},"jetpack_featured_media_url":"https:\/\/www.sonoraenequipo.com.mx\/storage\/2024\/11\/poder-judicial-de-la-federacion-min.jpg","_links":{"self":[{"href":"https:\/\/www.sonoraenequipo.com.mx\/api\/wp\/v2\/posts\/233838","targetHints":{"allow":["GET"]}}],"collection":[{"href":"https:\/\/www.sonoraenequipo.com.mx\/api\/wp\/v2\/posts"}],"about":[{"href":"https:\/\/www.sonoraenequipo.com.mx\/api\/wp\/v2\/types\/post"}],"author":[{"embeddable":true,"href":"https:\/\/www.sonoraenequipo.com.mx\/api\/wp\/v2\/users\/1"}],"replies":[{"embeddable":true,"href":"https:\/\/www.sonoraenequipo.com.mx\/api\/wp\/v2\/comments?post=233838"}],"version-history":[{"count":3,"href":"https:\/\/www.sonoraenequipo.com.mx\/api\/wp\/v2\/posts\/233838\/revisions"}],"predecessor-version":[{"id":233842,"href":"https:\/\/www.sonoraenequipo.com.mx\/api\/wp\/v2\/posts\/233838\/revisions\/233842"}],"wp:featuredmedia":[{"embeddable":true,"href":"https:\/\/www.sonoraenequipo.com.mx\/api\/wp\/v2\/media\/204534"}],"wp:attachment":[{"href":"https:\/\/www.sonoraenequipo.com.mx\/api\/wp\/v2\/media?parent=233838"}],"wp:term":[{"taxonomy":"category","embeddable":true,"href":"https:\/\/www.sonoraenequipo.com.mx\/api\/wp\/v2\/categories?post=233838"},{"taxonomy":"post_tag","embeddable":true,"href":"https:\/\/www.sonoraenequipo.com.mx\/api\/wp\/v2\/tags?post=233838"}],"curies":[{"name":"wp","href":"https:\/\/api.w.org\/{rel}","templated":true}]}}