{"id":233871,"date":"2026-01-26T18:34:09","date_gmt":"2026-01-27T01:34:09","guid":{"rendered":"https:\/\/www.sonoraenequipo.com.mx\/?p=233871"},"modified":"2026-01-26T23:19:27","modified_gmt":"2026-01-27T06:19:27","slug":"fabricante-brasilena-de-aviones-embraer-apuesta-a-crecimiento-en-region-asia-pacifico","status":"publish","type":"post","link":"https:\/\/www.sonoraenequipo.com.mx\/fabricante-brasilena-de-aviones-embraer-apuesta-a-crecimiento-en-region-asia-pacifico\/","title":{"rendered":"Fabricante brasile\u00f1a de aviones Embraer apuesta a crecimiento en regi\u00f3n Asia-Pac\u00edfico"},"content":{"rendered":"<p><strong>SAO PAULO, BRASIL. \u2014<\/strong>\u00a0 La fabricante brasile\u00f1a de aeronaves Embraer, la tercera mayor del mundo y l\u00edder global en el segmento de la aviaci\u00f3n ejecutiva, difundi\u00f3 hoy lunes que la regi\u00f3n de Asia-Pac\u00edfico se ha convertido en uno de sus principales motores de crecimiento, al destacar las oportunidades tanto en el sector aeroespacial como de defensa.<\/p>\n<p>&nbsp;<\/p>\n<p>&nbsp;<\/p>\n<p>&nbsp;<\/p>\n<p> <\/p>\n<p><em><strong>\u00abLa din\u00e1mica regi\u00f3n de Asia-Pac\u00edfico es un importante motor de crecimiento para Embraer y vemos oportunidades significativas en los sectores aeroespacial y de defensa\u00bb<\/strong><\/em>, dijo el presidente y director ejecutivo de la compa\u00f1\u00eda, Francisco Gomes Neto.<\/p>\n<p>&nbsp;<\/p>\n<p>&nbsp;<\/p>\n<p>El directivo destac\u00f3 en un comunicado que las aerol\u00edneas de la regi\u00f3n asi\u00e1tica consideran cada vez m\u00e1s a los E-Jets y al E2 como activos estrat\u00e9gicos para fortalecer la conectividad en todo Asia-Pac\u00edfico.<\/p>\n<p>&nbsp;<\/p>\n<p>&nbsp;<\/p>\n<p>Apunt\u00f3 que existe \u00abgran potencial\u00bb para el carguero KC-390 Millennium, <strong><em>\u00aba medida que la aeronave contin\u00faa ganando espacio a nivel global, demostrando su capacidad de misi\u00f3n m\u00faltiple, confiabilidad y eficiencia\u00bb.<\/em><\/strong><\/p>\n<p>&nbsp;<\/p>\n<p>&nbsp;<\/p>\n<p>La declaraci\u00f3n se efectu\u00f3 con motivo del anuncio de la participaci\u00f3n de Embraer en la d\u00e9cima edici\u00f3n del <em><strong>\u00abSingapore Airshow\u00bb<\/strong><\/em>, que se realizar\u00e1 del 3 al 8 de febrero venidero.<\/p>\n<p>&nbsp;<\/p>\n<p>&nbsp;<\/p>\n<p>La empresa presentar\u00e1 en ese marco el E195-E2, su aeronave comercial de nueva generaci\u00f3n con mayor eficiencia de combustible y menor nivel de ruido, as\u00ed como el KC-390 Millennium, su avi\u00f3n de transporte t\u00e1ctico de misi\u00f3n m\u00faltiple.<\/p>\n<p>&nbsp;<\/p>\n<p>&nbsp;<\/p>\n<p>En el segmento de defensa y seguridad, Embraer record\u00f3 la firma de un memorando de entendimiento con la Administraci\u00f3n del Programa de Adquisici\u00f3n de Defensa de la Rep\u00fablica de Corea, as\u00ed como un acuerdo de cooperaci\u00f3n estrat\u00e9gica con el Grupo Mahindra para el desarrollo de C-390 Millennium, en el marco del programa de Aeronaves de Transporte Medio de la Fuerza A\u00e9rea de India.<\/p>\n<p>&nbsp;<\/p>\n<p>&nbsp;<\/p>\n<p>La empresa anunci\u00f3 tambi\u00e9n la ampliaci\u00f3n de su red regional con la apertura de una oficina en Nueva Delhi, India, as\u00ed como la creaci\u00f3n en Singapur del primer simulador de vuelo completo para los E-Jets E2 en Asia-Pac\u00edfico, a trav\u00e9s de la empresa conjunta Embraer-CAE Training Services.<\/p>\n<p>&nbsp;<\/p>\n<p>&nbsp;<\/p>\n<p>Seg\u00fan la compa\u00f1\u00eda, estos avances consolidan su compromiso con la regi\u00f3n y refuerzan su presencia en todas sus unidades de negocio que abarcan la aviaci\u00f3n comercial, la defensa, los jets ejecutivos y los servicios y el soporte.<\/p>\n<p>&nbsp;<\/p>\n<p>&nbsp;<\/p>\n<p>&nbsp;<\/p>\n<p>PUBLICADO EL 26 ENERO DE 2026 Con informaci\u00f3n de Xinhua)<\/p>\n","protected":false},"excerpt":{"rendered":"<p>SAO PAULO, BRASIL. \u2014\u00a0 La fabricante brasile\u00f1a de aeronaves Embraer, la tercera mayor del mundo&#8230;<\/p>\n","protected":false},"author":1,"featured_media":233872,"comment_status":"open","ping_status":"open","sticky":false,"template":"","format":"standard","meta":{"_monsterinsights_skip_tracking":false,"_monsterinsights_sitenote_active":false,"_monsterinsights_sitenote_note":"","_monsterinsights_sitenote_category":0,"footnotes":""},"categories":[3],"tags":[],"class_list":["post"],"yoast_head":" \n<title>Sonora en Equipo. Fabricante brasile\u00f1a de aviones Embraer apuesta a crecimiento en regi\u00f3n Asia-Pac\u00edfico MUNDO<\/title>\n<meta name=\"description\" content=\"SAO PAULO, BRASIL. \u2014\u00a0 La fabricante brasile\u00f1a de aeronaves Embraer, la tercera mayor del mundo y l\u00edder global en el segmento de la aviaci\u00f3n ejecutiva, En Sonora en Equipo publicamos toda la informaci\u00f3n de Sonora, M\u00e9xico y el Mundo de manera oportuna y busca que la libertad de expresi\u00f3n sea real. Visita nuestro medio informativo publicado desde Hermosillo, Sonora. %\" \/>\n<meta name=\"robots\" content=\"index, follow, max-snippet:-1, max-image-preview:large, max-video-preview:-1\" \/>\n<link rel=\"canonical\" href=\"https:\/\/www.sonoraenequipo.com.mx\/fabricante-brasilena-de-aviones-embraer-apuesta-a-crecimiento-en-region-asia-pacifico\/\" \/>\n<meta property=\"og:locale\" content=\"es_ES\" \/>\n<meta property=\"og:type\" content=\"article\" \/>\n<meta property=\"og:title\" content=\"Sonora en Equipo. Fabricante brasile\u00f1a de aviones Embraer apuesta a crecimiento en regi\u00f3n Asia-Pac\u00edfico MUNDO\" \/>\n<meta property=\"og:description\" content=\"SAO PAULO, BRASIL. \u2014\u00a0 La fabricante brasile\u00f1a de aeronaves Embraer, la tercera mayor del mundo y l\u00edder global en el segmento de la aviaci\u00f3n ejecutiva, En Sonora en Equipo publicamos toda la informaci\u00f3n de Sonora, M\u00e9xico y el Mundo de manera oportuna y busca que la libertad de expresi\u00f3n sea real. Visita nuestro medio informativo publicado desde Hermosillo, Sonora. %\" \/>\n<meta property=\"og:url\" content=\"https:\/\/www.sonoraenequipo.com.mx\/fabricante-brasilena-de-aviones-embraer-apuesta-a-crecimiento-en-region-asia-pacifico\/\" \/>\n<meta property=\"og:site_name\" content=\"Sonora en Equipo.\" \/>\n<meta property=\"article:publisher\" content=\"https:\/\/www.facebook.com\/SonoraEE\/\" \/>\n<meta property=\"article:author\" content=\"https:\/\/www.facebook.com\/SonoraEE\" \/>\n<meta property=\"article:published_time\" content=\"2026-01-27T01:34:09+00:00\" \/>\n<meta property=\"article:modified_time\" content=\"2026-01-27T06:19:27+00:00\" \/>\n<meta property=\"og:image\" content=\"https:\/\/www.sonoraenequipo.com.mx\/storage\/2026\/01\/Fabricacion-de-Aviones-1.jpg\" \/>\n\t<meta property=\"og:image:width\" content=\"1000\" \/>\n\t<meta property=\"og:image:height\" content=\"523\" \/>\n\t<meta property=\"og:image:type\" content=\"image\/jpeg\" \/>\n<meta name=\"author\" content=\"enequipo\" \/>\n<meta name=\"twitter:card\" content=\"summary_large_image\" \/>\n<meta name=\"twitter:creator\" content=\"@sonoraenequipo\" \/>\n<meta name=\"twitter:site\" content=\"@sonoraenequipo\" \/>\n<meta name=\"twitter:label1\" content=\"Escrito por\" \/>\n\t<meta name=\"twitter:data1\" content=\"enequipo\" \/>\n\t<meta name=\"twitter:label2\" content=\"Tiempo de lectura\" \/>\n\t<meta name=\"twitter:data2\" content=\"2 minutos\" \/>\n<script type=\"application\/ld+json\" class=\"yoast-schema-graph\">{\"@context\":\"https:\/\/schema.org\",\"@graph\":[{\"@type\":\"Article\",\"@id\":\"https:\/\/www.sonoraenequipo.com.mx\/fabricante-brasilena-de-aviones-embraer-apuesta-a-crecimiento-en-region-asia-pacifico\/#article\",\"isPartOf\":{\"@id\":\"https:\/\/www.sonoraenequipo.com.mx\/fabricante-brasilena-de-aviones-embraer-apuesta-a-crecimiento-en-region-asia-pacifico\/\"},\"author\":{\"name\":\"enequipo\",\"@id\":\"https:\/\/www.sonoraenequipo.com.mx\/#\/schema\/person\/50102df0fb23a8fa9e8effad8fa81386\"},\"headline\":\"Fabricante brasile\u00f1a de aviones Embraer apuesta a crecimiento en regi\u00f3n Asia-Pac\u00edfico\",\"datePublished\":\"2026-01-27T01:34:09+00:00\",\"dateModified\":\"2026-01-27T06:19:27+00:00\",\"mainEntityOfPage\":{\"@id\":\"https:\/\/www.sonoraenequipo.com.mx\/fabricante-brasilena-de-aviones-embraer-apuesta-a-crecimiento-en-region-asia-pacifico\/\"},\"wordCount\":452,\"commentCount\":0,\"publisher\":{\"@id\":\"https:\/\/www.sonoraenequipo.com.mx\/#organization\"},\"image\":{\"@id\":\"https:\/\/www.sonoraenequipo.com.mx\/fabricante-brasilena-de-aviones-embraer-apuesta-a-crecimiento-en-region-asia-pacifico\/#primaryimage\"},\"thumbnailUrl\":\"https:\/\/www.sonoraenequipo.com.mx\/storage\/2026\/01\/Fabricacion-de-Aviones-1.jpg\",\"articleSection\":[\"MUNDO\"],\"inLanguage\":\"es\",\"potentialAction\":[{\"@type\":\"CommentAction\",\"name\":\"Comment\",\"target\":[\"https:\/\/www.sonoraenequipo.com.mx\/fabricante-brasilena-de-aviones-embraer-apuesta-a-crecimiento-en-region-asia-pacifico\/#respond\"]}]},{\"@type\":\"WebPage\",\"@id\":\"https:\/\/www.sonoraenequipo.com.mx\/fabricante-brasilena-de-aviones-embraer-apuesta-a-crecimiento-en-region-asia-pacifico\/\",\"url\":\"https:\/\/www.sonoraenequipo.com.mx\/fabricante-brasilena-de-aviones-embraer-apuesta-a-crecimiento-en-region-asia-pacifico\/\",\"name\":\"Sonora en Equipo. Fabricante brasile\u00f1a de aviones Embraer apuesta a crecimiento en regi\u00f3n Asia-Pac\u00edfico MUNDO\",\"isPartOf\":{\"@id\":\"https:\/\/www.sonoraenequipo.com.mx\/#website\"},\"primaryImageOfPage\":{\"@id\":\"https:\/\/www.sonoraenequipo.com.mx\/fabricante-brasilena-de-aviones-embraer-apuesta-a-crecimiento-en-region-asia-pacifico\/#primaryimage\"},\"image\":{\"@id\":\"https:\/\/www.sonoraenequipo.com.mx\/fabricante-brasilena-de-aviones-embraer-apuesta-a-crecimiento-en-region-asia-pacifico\/#primaryimage\"},\"thumbnailUrl\":\"https:\/\/www.sonoraenequipo.com.mx\/storage\/2026\/01\/Fabricacion-de-Aviones-1.jpg\",\"datePublished\":\"2026-01-27T01:34:09+00:00\",\"dateModified\":\"2026-01-27T06:19:27+00:00\",\"description\":\"SAO PAULO, BRASIL. \u2014\u00a0 La fabricante brasile\u00f1a de aeronaves Embraer, la tercera mayor del mundo y l\u00edder global en el segmento de la aviaci\u00f3n ejecutiva, En Sonora en Equipo publicamos toda la informaci\u00f3n de Sonora, M\u00e9xico y el Mundo de manera oportuna y busca que la libertad de expresi\u00f3n sea real. Visita nuestro medio informativo publicado desde Hermosillo, Sonora. %\",\"breadcrumb\":{\"@id\":\"https:\/\/www.sonoraenequipo.com.mx\/fabricante-brasilena-de-aviones-embraer-apuesta-a-crecimiento-en-region-asia-pacifico\/#breadcrumb\"},\"inLanguage\":\"es\",\"potentialAction\":[{\"@type\":\"ReadAction\",\"target\":[\"https:\/\/www.sonoraenequipo.com.mx\/fabricante-brasilena-de-aviones-embraer-apuesta-a-crecimiento-en-region-asia-pacifico\/\"]}]},{\"@type\":\"ImageObject\",\"inLanguage\":\"es\",\"@id\":\"https:\/\/www.sonoraenequipo.com.mx\/fabricante-brasilena-de-aviones-embraer-apuesta-a-crecimiento-en-region-asia-pacifico\/#primaryimage\",\"url\":\"https:\/\/www.sonoraenequipo.com.mx\/storage\/2026\/01\/Fabricacion-de-Aviones-1.jpg\",\"contentUrl\":\"https:\/\/www.sonoraenequipo.com.mx\/storage\/2026\/01\/Fabricacion-de-Aviones-1.jpg\",\"width\":1000,\"height\":523},{\"@type\":\"BreadcrumbList\",\"@id\":\"https:\/\/www.sonoraenequipo.com.mx\/fabricante-brasilena-de-aviones-embraer-apuesta-a-crecimiento-en-region-asia-pacifico\/#breadcrumb\",\"itemListElement\":[{\"@type\":\"ListItem\",\"position\":1,\"name\":\"Portada\",\"item\":\"https:\/\/www.sonoraenequipo.com.mx\/\"},{\"@type\":\"ListItem\",\"position\":2,\"name\":\"Fabricante brasile\u00f1a de aviones Embraer apuesta a crecimiento en regi\u00f3n Asia-Pac\u00edfico\"}]},{\"@type\":\"WebSite\",\"@id\":\"https:\/\/www.sonoraenequipo.com.mx\/#website\",\"url\":\"https:\/\/www.sonoraenequipo.com.mx\/\",\"name\":\"Sonora en Equipo.\",\"description\":\"Diario en l\u00ednea con Noticias desde Hermosillo, Sonora\",\"publisher\":{\"@id\":\"https:\/\/www.sonoraenequipo.com.mx\/#organization\"},\"potentialAction\":[{\"@type\":\"SearchAction\",\"target\":{\"@type\":\"EntryPoint\",\"urlTemplate\":\"https:\/\/www.sonoraenequipo.com.mx\/?s={search_term_string}\"},\"query-input\":{\"@type\":\"PropertyValueSpecification\",\"valueRequired\":true,\"valueName\":\"search_term_string\"}}],\"inLanguage\":\"es\"},{\"@type\":\"Organization\",\"@id\":\"https:\/\/www.sonoraenequipo.com.mx\/#organization\",\"name\":\"Sonoraenequipo.com.mx\",\"url\":\"https:\/\/www.sonoraenequipo.com.mx\/\",\"logo\":{\"@type\":\"ImageObject\",\"inLanguage\":\"es\",\"@id\":\"https:\/\/www.sonoraenequipo.com.mx\/#\/schema\/logo\/image\/\",\"url\":\"https:\/\/www.sonoraenequipo.com.mx\/storage\/2019\/01\/sonoraenequipo_opt.png\",\"contentUrl\":\"https:\/\/www.sonoraenequipo.com.mx\/storage\/2019\/01\/sonoraenequipo_opt.png\",\"width\":375,\"height\":125,\"caption\":\"Sonoraenequipo.com.mx\"},\"image\":{\"@id\":\"https:\/\/www.sonoraenequipo.com.mx\/#\/schema\/logo\/image\/\"},\"sameAs\":[\"https:\/\/www.facebook.com\/SonoraEE\/\",\"https:\/\/x.com\/sonoraenequipo\",\"https:\/\/www.youtube.com\/channel\/UC338nW-lPEYmJQs4ZABQ1SQ\"]},{\"@type\":\"Person\",\"@id\":\"https:\/\/www.sonoraenequipo.com.mx\/#\/schema\/person\/50102df0fb23a8fa9e8effad8fa81386\",\"name\":\"enequipo\",\"image\":{\"@type\":\"ImageObject\",\"inLanguage\":\"es\",\"@id\":\"https:\/\/www.sonoraenequipo.com.mx\/#\/schema\/person\/image\/\",\"url\":\"https:\/\/secure.gravatar.com\/avatar\/049821681b589dabc0bc20695993ccebb09f5b5d4d790cd9251b97faac7c652b?s=96&d=blank&r=g\",\"contentUrl\":\"https:\/\/secure.gravatar.com\/avatar\/049821681b589dabc0bc20695993ccebb09f5b5d4d790cd9251b97faac7c652b?s=96&d=blank&r=g\",\"caption\":\"enequipo\"},\"sameAs\":[\"https:\/\/www.facebook.com\/SonoraEE\"]}]}<\/script>\n ","yoast_head_json":{"title":"Sonora en Equipo. Fabricante brasile\u00f1a de aviones Embraer apuesta a crecimiento en regi\u00f3n Asia-Pac\u00edfico MUNDO","description":"SAO PAULO, BRASIL. \u2014\u00a0 La fabricante brasile\u00f1a de aeronaves Embraer, la tercera mayor del mundo y l\u00edder global en el segmento de la aviaci\u00f3n ejecutiva, En Sonora en Equipo publicamos toda la informaci\u00f3n de Sonora, M\u00e9xico y el Mundo de manera oportuna y busca que la libertad de expresi\u00f3n sea real. Visita nuestro medio informativo publicado desde Hermosillo, Sonora. %","robots":{"index":"index","follow":"follow","max-snippet":"max-snippet:-1","max-image-preview":"max-image-preview:large","max-video-preview":"max-video-preview:-1"},"canonical":"https:\/\/www.sonoraenequipo.com.mx\/fabricante-brasilena-de-aviones-embraer-apuesta-a-crecimiento-en-region-asia-pacifico\/","og_locale":"es_ES","og_type":"article","og_title":"Sonora en Equipo. Fabricante brasile\u00f1a de aviones Embraer apuesta a crecimiento en regi\u00f3n Asia-Pac\u00edfico MUNDO","og_description":"SAO PAULO, BRASIL. \u2014\u00a0 La fabricante brasile\u00f1a de aeronaves Embraer, la tercera mayor del mundo y l\u00edder global en el segmento de la aviaci\u00f3n ejecutiva, En Sonora en Equipo publicamos toda la informaci\u00f3n de Sonora, M\u00e9xico y el Mundo de manera oportuna y busca que la libertad de expresi\u00f3n sea real. Visita nuestro medio informativo publicado desde Hermosillo, Sonora. %","og_url":"https:\/\/www.sonoraenequipo.com.mx\/fabricante-brasilena-de-aviones-embraer-apuesta-a-crecimiento-en-region-asia-pacifico\/","og_site_name":"Sonora en Equipo.","article_publisher":"https:\/\/www.facebook.com\/SonoraEE\/","article_author":"https:\/\/www.facebook.com\/SonoraEE","article_published_time":"2026-01-27T01:34:09+00:00","article_modified_time":"2026-01-27T06:19:27+00:00","og_image":[{"width":1000,"height":523,"url":"https:\/\/www.sonoraenequipo.com.mx\/storage\/2026\/01\/Fabricacion-de-Aviones-1.jpg","type":"image\/jpeg"}],"author":"enequipo","twitter_card":"summary_large_image","twitter_creator":"@sonoraenequipo","twitter_site":"@sonoraenequipo","twitter_misc":{"Escrito por":"enequipo","Tiempo de lectura":"2 minutos"},"schema":{"@context":"https:\/\/schema.org","@graph":[{"@type":"Article","@id":"https:\/\/www.sonoraenequipo.com.mx\/fabricante-brasilena-de-aviones-embraer-apuesta-a-crecimiento-en-region-asia-pacifico\/#article","isPartOf":{"@id":"https:\/\/www.sonoraenequipo.com.mx\/fabricante-brasilena-de-aviones-embraer-apuesta-a-crecimiento-en-region-asia-pacifico\/"},"author":{"name":"enequipo","@id":"https:\/\/www.sonoraenequipo.com.mx\/#\/schema\/person\/50102df0fb23a8fa9e8effad8fa81386"},"headline":"Fabricante brasile\u00f1a de aviones Embraer apuesta a crecimiento en regi\u00f3n Asia-Pac\u00edfico","datePublished":"2026-01-27T01:34:09+00:00","dateModified":"2026-01-27T06:19:27+00:00","mainEntityOfPage":{"@id":"https:\/\/www.sonoraenequipo.com.mx\/fabricante-brasilena-de-aviones-embraer-apuesta-a-crecimiento-en-region-asia-pacifico\/"},"wordCount":452,"commentCount":0,"publisher":{"@id":"https:\/\/www.sonoraenequipo.com.mx\/#organization"},"image":{"@id":"https:\/\/www.sonoraenequipo.com.mx\/fabricante-brasilena-de-aviones-embraer-apuesta-a-crecimiento-en-region-asia-pacifico\/#primaryimage"},"thumbnailUrl":"https:\/\/www.sonoraenequipo.com.mx\/storage\/2026\/01\/Fabricacion-de-Aviones-1.jpg","articleSection":["MUNDO"],"inLanguage":"es","potentialAction":[{"@type":"CommentAction","name":"Comment","target":["https:\/\/www.sonoraenequipo.com.mx\/fabricante-brasilena-de-aviones-embraer-apuesta-a-crecimiento-en-region-asia-pacifico\/#respond"]}]},{"@type":"WebPage","@id":"https:\/\/www.sonoraenequipo.com.mx\/fabricante-brasilena-de-aviones-embraer-apuesta-a-crecimiento-en-region-asia-pacifico\/","url":"https:\/\/www.sonoraenequipo.com.mx\/fabricante-brasilena-de-aviones-embraer-apuesta-a-crecimiento-en-region-asia-pacifico\/","name":"Sonora en Equipo. Fabricante brasile\u00f1a de aviones Embraer apuesta a crecimiento en regi\u00f3n Asia-Pac\u00edfico MUNDO","isPartOf":{"@id":"https:\/\/www.sonoraenequipo.com.mx\/#website"},"primaryImageOfPage":{"@id":"https:\/\/www.sonoraenequipo.com.mx\/fabricante-brasilena-de-aviones-embraer-apuesta-a-crecimiento-en-region-asia-pacifico\/#primaryimage"},"image":{"@id":"https:\/\/www.sonoraenequipo.com.mx\/fabricante-brasilena-de-aviones-embraer-apuesta-a-crecimiento-en-region-asia-pacifico\/#primaryimage"},"thumbnailUrl":"https:\/\/www.sonoraenequipo.com.mx\/storage\/2026\/01\/Fabricacion-de-Aviones-1.jpg","datePublished":"2026-01-27T01:34:09+00:00","dateModified":"2026-01-27T06:19:27+00:00","description":"SAO PAULO, BRASIL. \u2014\u00a0 La fabricante brasile\u00f1a de aeronaves Embraer, la tercera mayor del mundo y l\u00edder global en el segmento de la aviaci\u00f3n ejecutiva, En Sonora en Equipo publicamos toda la informaci\u00f3n de Sonora, M\u00e9xico y el Mundo de manera oportuna y busca que la libertad de expresi\u00f3n sea real. Visita nuestro medio informativo publicado desde Hermosillo, Sonora. %","breadcrumb":{"@id":"https:\/\/www.sonoraenequipo.com.mx\/fabricante-brasilena-de-aviones-embraer-apuesta-a-crecimiento-en-region-asia-pacifico\/#breadcrumb"},"inLanguage":"es","potentialAction":[{"@type":"ReadAction","target":["https:\/\/www.sonoraenequipo.com.mx\/fabricante-brasilena-de-aviones-embraer-apuesta-a-crecimiento-en-region-asia-pacifico\/"]}]},{"@type":"ImageObject","inLanguage":"es","@id":"https:\/\/www.sonoraenequipo.com.mx\/fabricante-brasilena-de-aviones-embraer-apuesta-a-crecimiento-en-region-asia-pacifico\/#primaryimage","url":"https:\/\/www.sonoraenequipo.com.mx\/storage\/2026\/01\/Fabricacion-de-Aviones-1.jpg","contentUrl":"https:\/\/www.sonoraenequipo.com.mx\/storage\/2026\/01\/Fabricacion-de-Aviones-1.jpg","width":1000,"height":523},{"@type":"BreadcrumbList","@id":"https:\/\/www.sonoraenequipo.com.mx\/fabricante-brasilena-de-aviones-embraer-apuesta-a-crecimiento-en-region-asia-pacifico\/#breadcrumb","itemListElement":[{"@type":"ListItem","position":1,"name":"Portada","item":"https:\/\/www.sonoraenequipo.com.mx\/"},{"@type":"ListItem","position":2,"name":"Fabricante brasile\u00f1a de aviones Embraer apuesta a crecimiento en regi\u00f3n Asia-Pac\u00edfico"}]},{"@type":"WebSite","@id":"https:\/\/www.sonoraenequipo.com.mx\/#website","url":"https:\/\/www.sonoraenequipo.com.mx\/","name":"Sonora en Equipo.","description":"Diario en l\u00ednea con Noticias desde Hermosillo, Sonora","publisher":{"@id":"https:\/\/www.sonoraenequipo.com.mx\/#organization"},"potentialAction":[{"@type":"SearchAction","target":{"@type":"EntryPoint","urlTemplate":"https:\/\/www.sonoraenequipo.com.mx\/?s={search_term_string}"},"query-input":{"@type":"PropertyValueSpecification","valueRequired":true,"valueName":"search_term_string"}}],"inLanguage":"es"},{"@type":"Organization","@id":"https:\/\/www.sonoraenequipo.com.mx\/#organization","name":"Sonoraenequipo.com.mx","url":"https:\/\/www.sonoraenequipo.com.mx\/","logo":{"@type":"ImageObject","inLanguage":"es","@id":"https:\/\/www.sonoraenequipo.com.mx\/#\/schema\/logo\/image\/","url":"https:\/\/www.sonoraenequipo.com.mx\/storage\/2019\/01\/sonoraenequipo_opt.png","contentUrl":"https:\/\/www.sonoraenequipo.com.mx\/storage\/2019\/01\/sonoraenequipo_opt.png","width":375,"height":125,"caption":"Sonoraenequipo.com.mx"},"image":{"@id":"https:\/\/www.sonoraenequipo.com.mx\/#\/schema\/logo\/image\/"},"sameAs":["https:\/\/www.facebook.com\/SonoraEE\/","https:\/\/x.com\/sonoraenequipo","https:\/\/www.youtube.com\/channel\/UC338nW-lPEYmJQs4ZABQ1SQ"]},{"@type":"Person","@id":"https:\/\/www.sonoraenequipo.com.mx\/#\/schema\/person\/50102df0fb23a8fa9e8effad8fa81386","name":"enequipo","image":{"@type":"ImageObject","inLanguage":"es","@id":"https:\/\/www.sonoraenequipo.com.mx\/#\/schema\/person\/image\/","url":"https:\/\/secure.gravatar.com\/avatar\/049821681b589dabc0bc20695993ccebb09f5b5d4d790cd9251b97faac7c652b?s=96&d=blank&r=g","contentUrl":"https:\/\/secure.gravatar.com\/avatar\/049821681b589dabc0bc20695993ccebb09f5b5d4d790cd9251b97faac7c652b?s=96&d=blank&r=g","caption":"enequipo"},"sameAs":["https:\/\/www.facebook.com\/SonoraEE"]}]}},"jetpack_featured_media_url":"https:\/\/www.sonoraenequipo.com.mx\/storage\/2026\/01\/Fabricacion-de-Aviones-1.jpg","_links":{"self":[{"href":"https:\/\/www.sonoraenequipo.com.mx\/api\/wp\/v2\/posts\/233871","targetHints":{"allow":["GET"]}}],"collection":[{"href":"https:\/\/www.sonoraenequipo.com.mx\/api\/wp\/v2\/posts"}],"about":[{"href":"https:\/\/www.sonoraenequipo.com.mx\/api\/wp\/v2\/types\/post"}],"author":[{"embeddable":true,"href":"https:\/\/www.sonoraenequipo.com.mx\/api\/wp\/v2\/users\/1"}],"replies":[{"embeddable":true,"href":"https:\/\/www.sonoraenequipo.com.mx\/api\/wp\/v2\/comments?post=233871"}],"version-history":[{"count":1,"href":"https:\/\/www.sonoraenequipo.com.mx\/api\/wp\/v2\/posts\/233871\/revisions"}],"predecessor-version":[{"id":233873,"href":"https:\/\/www.sonoraenequipo.com.mx\/api\/wp\/v2\/posts\/233871\/revisions\/233873"}],"wp:featuredmedia":[{"embeddable":true,"href":"https:\/\/www.sonoraenequipo.com.mx\/api\/wp\/v2\/media\/233872"}],"wp:attachment":[{"href":"https:\/\/www.sonoraenequipo.com.mx\/api\/wp\/v2\/media?parent=233871"}],"wp:term":[{"taxonomy":"category","embeddable":true,"href":"https:\/\/www.sonoraenequipo.com.mx\/api\/wp\/v2\/categories?post=233871"},{"taxonomy":"post_tag","embeddable":true,"href":"https:\/\/www.sonoraenequipo.com.mx\/api\/wp\/v2\/tags?post=233871"}],"curies":[{"name":"wp","href":"https:\/\/api.w.org\/{rel}","templated":true}]}}