{"id":233898,"date":"2026-01-26T10:10:15","date_gmt":"2026-01-26T17:10:15","guid":{"rendered":"https:\/\/www.sonoraenequipo.com.mx\/?p=233898"},"modified":"2026-01-27T12:37:58","modified_gmt":"2026-01-27T19:37:58","slug":"grupo-salinas-asegura-que-pagara-adeudos-con-el-sat","status":"publish","type":"post","link":"https:\/\/www.sonoraenequipo.com.mx\/grupo-salinas-asegura-que-pagara-adeudos-con-el-sat\/","title":{"rendered":"Grupo Salinas asegura que pagar\u00e1 adeudos con el SAT."},"content":{"rendered":"<p><b>CIUDAD DE M\u00c9XICO. MX. \u2014 <\/b>La presidenta Claudia Sheinbaum confirm\u00f3 que, el jueves pasado, representantes de Grupo Salinas (del empresario Ricardo Salinas Pliego) se acercaron al Servicio de Administraci\u00f3n Tributaria (SAT) para mostrar su disposici\u00f3n a pagar 51 mil millones de pesos de los impuestos que adeudan. A partir de esta comunicaci\u00f3n, se abre un espacio de tiempo para determinar los t\u00e9rminos en que se realizar\u00e1 el pago y estim\u00f3 que en esta semana queden definidos.<\/p>\n<p>&nbsp;<\/p>\n<p>&nbsp;<\/p>\n<p> <\/p>\n<p>Plantearon su deseo de pagar y est\u00e1n en este momento en mesas. No de negociaci\u00f3n, sino del alcance de las disminuciones relacionadas con la ley, precis\u00f3 Sheinbaum<\/p>\n<p>&nbsp;<\/p>\n<p>&nbsp;<\/p>\n<p>En conferencia, record\u00f3 que en su momento, la Suprema Corte de Justicia de la Naci\u00f3n (SCJN) dispuso que eran improcedentes los amparos promovidos por las empresas de Grupo Salinas por lo que se ratificaba las resoluci\u00f3n de los Tribunales Colegiados, en consecuencia, proced\u00eda el cobro de los impuestos correspondientes.<\/p>\n<p>&nbsp;<\/p>\n<p>&nbsp;<\/p>\n<p>Sheinbaum inform\u00f3 que al expresar su intenci\u00f3n de pagar, Grupo Salinas se hace acreedor a diversos beneficios conforme a la ley, mismos que en su momento el SAT dar\u00e1 a conocer. Seg\u00fan lo ha dado a conocer el propio SAT, el ajuste del adeudo podr\u00eda alcanzar hasta el 39 por ciento, se\u00f1alando que en su momento, los representantes de las empresas podr\u00edan revisar los alcances de este ajuste si tiene deseos de pagar estos impuestos.<\/p>\n<p>&nbsp;<\/p>\n<p>&nbsp;<\/p>\n<p>La mandataria record\u00f3 que entre 2013 y 2016, el SAT determin\u00f3, a trav\u00e9s de resoluci\u00f3n administrativos los adeudos del Impuesto sobre la Renta de los ejercicios 2008, 2009, 2010, 2011, 2012 y 2013. Entre 2013 y 2023, el Tribunal Federal de Justicia Administrativa confirm\u00f3 las resoluciones del SAT y entre 2024 y 2025, los Tribunales Colegiados del Poder Judicial de la Federaci\u00f3n confirmaron las sentencias del TFJFA.<\/p>\n<p>&nbsp;<\/p>\n<p>&nbsp;<\/p>\n<p>Destac\u00f3 que en 2025, la SCJN confirm\u00f3 estas resoluciones por lo que a partir de enero de 2026, el SAT requerir\u00e1 el pago de 51 mil millones de pesos conforme al C\u00f3digo Fiscal de la Federaci\u00f3n.<\/p>\n<p>&nbsp;<\/p>\n<p>&nbsp;<\/p>\n<p>&nbsp;<\/p>\n<p>PUBLICADO EL 26 ENERO DE 2026 Con informaci\u00f3n de Alonso Urrutia y Emir Olivares)<\/p>\n","protected":false},"excerpt":{"rendered":"<p>CIUDAD DE M\u00c9XICO. MX. \u2014 La presidenta Claudia Sheinbaum confirm\u00f3 que, el jueves pasado, representantes&#8230;<\/p>\n","protected":false},"author":1,"featured_media":233899,"comment_status":"open","ping_status":"open","sticky":false,"template":"","format":"standard","meta":{"_monsterinsights_skip_tracking":false,"_monsterinsights_sitenote_active":false,"_monsterinsights_sitenote_note":"","_monsterinsights_sitenote_category":0,"footnotes":""},"categories":[5],"tags":[],"class_list":["post"],"yoast_head":" \n<title>Sonora en Equipo. Grupo Salinas asegura que pagar\u00e1 adeudos con el SAT. Rep\u00fablica<\/title>\n<meta name=\"description\" content=\"CIUDAD DE M\u00c9XICO. MX. \u2014 La presidenta Claudia Sheinbaum confirm\u00f3 que, el jueves pasado, representantes de Grupo Salinas (del empresario Ricardo Salinas En Sonora en Equipo publicamos toda la informaci\u00f3n de Sonora, M\u00e9xico y el Mundo de manera oportuna y busca que la libertad de expresi\u00f3n sea real. Visita nuestro medio informativo publicado desde Hermosillo, Sonora. %\" \/>\n<meta name=\"robots\" content=\"index, follow, max-snippet:-1, max-image-preview:large, max-video-preview:-1\" \/>\n<link rel=\"canonical\" href=\"https:\/\/www.sonoraenequipo.com.mx\/grupo-salinas-asegura-que-pagara-adeudos-con-el-sat\/\" \/>\n<meta property=\"og:locale\" content=\"es_ES\" \/>\n<meta property=\"og:type\" content=\"article\" \/>\n<meta property=\"og:title\" content=\"Sonora en Equipo. Grupo Salinas asegura que pagar\u00e1 adeudos con el SAT. Rep\u00fablica\" \/>\n<meta property=\"og:description\" content=\"CIUDAD DE M\u00c9XICO. MX. \u2014 La presidenta Claudia Sheinbaum confirm\u00f3 que, el jueves pasado, representantes de Grupo Salinas (del empresario Ricardo Salinas En Sonora en Equipo publicamos toda la informaci\u00f3n de Sonora, M\u00e9xico y el Mundo de manera oportuna y busca que la libertad de expresi\u00f3n sea real. Visita nuestro medio informativo publicado desde Hermosillo, Sonora. %\" \/>\n<meta property=\"og:url\" content=\"https:\/\/www.sonoraenequipo.com.mx\/grupo-salinas-asegura-que-pagara-adeudos-con-el-sat\/\" \/>\n<meta property=\"og:site_name\" content=\"Sonora en Equipo.\" \/>\n<meta property=\"article:publisher\" content=\"https:\/\/www.facebook.com\/SonoraEE\/\" \/>\n<meta property=\"article:author\" content=\"https:\/\/www.facebook.com\/SonoraEE\" \/>\n<meta property=\"article:published_time\" content=\"2026-01-26T17:10:15+00:00\" \/>\n<meta property=\"article:modified_time\" content=\"2026-01-27T19:37:58+00:00\" \/>\n<meta property=\"og:image\" content=\"https:\/\/www.sonoraenequipo.com.mx\/storage\/2026\/01\/ricardo-salinas-pago-sat-Claudia-sheinbaum-1.jpg\" \/>\n\t<meta property=\"og:image:width\" content=\"1000\" \/>\n\t<meta property=\"og:image:height\" content=\"600\" \/>\n\t<meta property=\"og:image:type\" content=\"image\/jpeg\" \/>\n<meta name=\"author\" content=\"enequipo\" \/>\n<meta name=\"twitter:card\" content=\"summary_large_image\" \/>\n<meta name=\"twitter:creator\" content=\"@sonoraenequipo\" \/>\n<meta name=\"twitter:site\" content=\"@sonoraenequipo\" \/>\n<meta name=\"twitter:label1\" content=\"Escrito por\" \/>\n\t<meta name=\"twitter:data1\" content=\"enequipo\" \/>\n\t<meta name=\"twitter:label2\" content=\"Tiempo de lectura\" \/>\n\t<meta name=\"twitter:data2\" content=\"2 minutos\" \/>\n<script type=\"application\/ld+json\" class=\"yoast-schema-graph\">{\"@context\":\"https:\/\/schema.org\",\"@graph\":[{\"@type\":\"Article\",\"@id\":\"https:\/\/www.sonoraenequipo.com.mx\/grupo-salinas-asegura-que-pagara-adeudos-con-el-sat\/#article\",\"isPartOf\":{\"@id\":\"https:\/\/www.sonoraenequipo.com.mx\/grupo-salinas-asegura-que-pagara-adeudos-con-el-sat\/\"},\"author\":{\"name\":\"enequipo\",\"@id\":\"https:\/\/www.sonoraenequipo.com.mx\/#\/schema\/person\/50102df0fb23a8fa9e8effad8fa81386\"},\"headline\":\"Grupo Salinas asegura que pagar\u00e1 adeudos con el SAT.\",\"datePublished\":\"2026-01-26T17:10:15+00:00\",\"dateModified\":\"2026-01-27T19:37:58+00:00\",\"mainEntityOfPage\":{\"@id\":\"https:\/\/www.sonoraenequipo.com.mx\/grupo-salinas-asegura-que-pagara-adeudos-con-el-sat\/\"},\"wordCount\":367,\"commentCount\":0,\"publisher\":{\"@id\":\"https:\/\/www.sonoraenequipo.com.mx\/#organization\"},\"image\":{\"@id\":\"https:\/\/www.sonoraenequipo.com.mx\/grupo-salinas-asegura-que-pagara-adeudos-con-el-sat\/#primaryimage\"},\"thumbnailUrl\":\"https:\/\/www.sonoraenequipo.com.mx\/storage\/2026\/01\/ricardo-salinas-pago-sat-Claudia-sheinbaum-1.jpg\",\"articleSection\":[\"Rep\u00fablica\"],\"inLanguage\":\"es\",\"potentialAction\":[{\"@type\":\"CommentAction\",\"name\":\"Comment\",\"target\":[\"https:\/\/www.sonoraenequipo.com.mx\/grupo-salinas-asegura-que-pagara-adeudos-con-el-sat\/#respond\"]}]},{\"@type\":\"WebPage\",\"@id\":\"https:\/\/www.sonoraenequipo.com.mx\/grupo-salinas-asegura-que-pagara-adeudos-con-el-sat\/\",\"url\":\"https:\/\/www.sonoraenequipo.com.mx\/grupo-salinas-asegura-que-pagara-adeudos-con-el-sat\/\",\"name\":\"Sonora en Equipo. Grupo Salinas asegura que pagar\u00e1 adeudos con el SAT. Rep\u00fablica\",\"isPartOf\":{\"@id\":\"https:\/\/www.sonoraenequipo.com.mx\/#website\"},\"primaryImageOfPage\":{\"@id\":\"https:\/\/www.sonoraenequipo.com.mx\/grupo-salinas-asegura-que-pagara-adeudos-con-el-sat\/#primaryimage\"},\"image\":{\"@id\":\"https:\/\/www.sonoraenequipo.com.mx\/grupo-salinas-asegura-que-pagara-adeudos-con-el-sat\/#primaryimage\"},\"thumbnailUrl\":\"https:\/\/www.sonoraenequipo.com.mx\/storage\/2026\/01\/ricardo-salinas-pago-sat-Claudia-sheinbaum-1.jpg\",\"datePublished\":\"2026-01-26T17:10:15+00:00\",\"dateModified\":\"2026-01-27T19:37:58+00:00\",\"description\":\"CIUDAD DE M\u00c9XICO. MX. \u2014 La presidenta Claudia Sheinbaum confirm\u00f3 que, el jueves pasado, representantes de Grupo Salinas (del empresario Ricardo Salinas En Sonora en Equipo publicamos toda la informaci\u00f3n de Sonora, M\u00e9xico y el Mundo de manera oportuna y busca que la libertad de expresi\u00f3n sea real. Visita nuestro medio informativo publicado desde Hermosillo, Sonora. %\",\"breadcrumb\":{\"@id\":\"https:\/\/www.sonoraenequipo.com.mx\/grupo-salinas-asegura-que-pagara-adeudos-con-el-sat\/#breadcrumb\"},\"inLanguage\":\"es\",\"potentialAction\":[{\"@type\":\"ReadAction\",\"target\":[\"https:\/\/www.sonoraenequipo.com.mx\/grupo-salinas-asegura-que-pagara-adeudos-con-el-sat\/\"]}]},{\"@type\":\"ImageObject\",\"inLanguage\":\"es\",\"@id\":\"https:\/\/www.sonoraenequipo.com.mx\/grupo-salinas-asegura-que-pagara-adeudos-con-el-sat\/#primaryimage\",\"url\":\"https:\/\/www.sonoraenequipo.com.mx\/storage\/2026\/01\/ricardo-salinas-pago-sat-Claudia-sheinbaum-1.jpg\",\"contentUrl\":\"https:\/\/www.sonoraenequipo.com.mx\/storage\/2026\/01\/ricardo-salinas-pago-sat-Claudia-sheinbaum-1.jpg\",\"width\":1000,\"height\":600},{\"@type\":\"BreadcrumbList\",\"@id\":\"https:\/\/www.sonoraenequipo.com.mx\/grupo-salinas-asegura-que-pagara-adeudos-con-el-sat\/#breadcrumb\",\"itemListElement\":[{\"@type\":\"ListItem\",\"position\":1,\"name\":\"Portada\",\"item\":\"https:\/\/www.sonoraenequipo.com.mx\/\"},{\"@type\":\"ListItem\",\"position\":2,\"name\":\"Grupo Salinas asegura que pagar\u00e1 adeudos con el SAT.\"}]},{\"@type\":\"WebSite\",\"@id\":\"https:\/\/www.sonoraenequipo.com.mx\/#website\",\"url\":\"https:\/\/www.sonoraenequipo.com.mx\/\",\"name\":\"Sonora en Equipo.\",\"description\":\"Diario en l\u00ednea con Noticias desde Hermosillo, Sonora\",\"publisher\":{\"@id\":\"https:\/\/www.sonoraenequipo.com.mx\/#organization\"},\"potentialAction\":[{\"@type\":\"SearchAction\",\"target\":{\"@type\":\"EntryPoint\",\"urlTemplate\":\"https:\/\/www.sonoraenequipo.com.mx\/?s={search_term_string}\"},\"query-input\":{\"@type\":\"PropertyValueSpecification\",\"valueRequired\":true,\"valueName\":\"search_term_string\"}}],\"inLanguage\":\"es\"},{\"@type\":\"Organization\",\"@id\":\"https:\/\/www.sonoraenequipo.com.mx\/#organization\",\"name\":\"Sonoraenequipo.com.mx\",\"url\":\"https:\/\/www.sonoraenequipo.com.mx\/\",\"logo\":{\"@type\":\"ImageObject\",\"inLanguage\":\"es\",\"@id\":\"https:\/\/www.sonoraenequipo.com.mx\/#\/schema\/logo\/image\/\",\"url\":\"https:\/\/www.sonoraenequipo.com.mx\/storage\/2019\/01\/sonoraenequipo_opt.png\",\"contentUrl\":\"https:\/\/www.sonoraenequipo.com.mx\/storage\/2019\/01\/sonoraenequipo_opt.png\",\"width\":375,\"height\":125,\"caption\":\"Sonoraenequipo.com.mx\"},\"image\":{\"@id\":\"https:\/\/www.sonoraenequipo.com.mx\/#\/schema\/logo\/image\/\"},\"sameAs\":[\"https:\/\/www.facebook.com\/SonoraEE\/\",\"https:\/\/x.com\/sonoraenequipo\",\"https:\/\/www.youtube.com\/channel\/UC338nW-lPEYmJQs4ZABQ1SQ\"]},{\"@type\":\"Person\",\"@id\":\"https:\/\/www.sonoraenequipo.com.mx\/#\/schema\/person\/50102df0fb23a8fa9e8effad8fa81386\",\"name\":\"enequipo\",\"image\":{\"@type\":\"ImageObject\",\"inLanguage\":\"es\",\"@id\":\"https:\/\/www.sonoraenequipo.com.mx\/#\/schema\/person\/image\/\",\"url\":\"https:\/\/secure.gravatar.com\/avatar\/049821681b589dabc0bc20695993ccebb09f5b5d4d790cd9251b97faac7c652b?s=96&d=blank&r=g\",\"contentUrl\":\"https:\/\/secure.gravatar.com\/avatar\/049821681b589dabc0bc20695993ccebb09f5b5d4d790cd9251b97faac7c652b?s=96&d=blank&r=g\",\"caption\":\"enequipo\"},\"sameAs\":[\"https:\/\/www.facebook.com\/SonoraEE\"]}]}<\/script>\n ","yoast_head_json":{"title":"Sonora en Equipo. Grupo Salinas asegura que pagar\u00e1 adeudos con el SAT. Rep\u00fablica","description":"CIUDAD DE M\u00c9XICO. MX. \u2014 La presidenta Claudia Sheinbaum confirm\u00f3 que, el jueves pasado, representantes de Grupo Salinas (del empresario Ricardo Salinas En Sonora en Equipo publicamos toda la informaci\u00f3n de Sonora, M\u00e9xico y el Mundo de manera oportuna y busca que la libertad de expresi\u00f3n sea real. Visita nuestro medio informativo publicado desde Hermosillo, Sonora. %","robots":{"index":"index","follow":"follow","max-snippet":"max-snippet:-1","max-image-preview":"max-image-preview:large","max-video-preview":"max-video-preview:-1"},"canonical":"https:\/\/www.sonoraenequipo.com.mx\/grupo-salinas-asegura-que-pagara-adeudos-con-el-sat\/","og_locale":"es_ES","og_type":"article","og_title":"Sonora en Equipo. Grupo Salinas asegura que pagar\u00e1 adeudos con el SAT. Rep\u00fablica","og_description":"CIUDAD DE M\u00c9XICO. MX. \u2014 La presidenta Claudia Sheinbaum confirm\u00f3 que, el jueves pasado, representantes de Grupo Salinas (del empresario Ricardo Salinas En Sonora en Equipo publicamos toda la informaci\u00f3n de Sonora, M\u00e9xico y el Mundo de manera oportuna y busca que la libertad de expresi\u00f3n sea real. Visita nuestro medio informativo publicado desde Hermosillo, Sonora. %","og_url":"https:\/\/www.sonoraenequipo.com.mx\/grupo-salinas-asegura-que-pagara-adeudos-con-el-sat\/","og_site_name":"Sonora en Equipo.","article_publisher":"https:\/\/www.facebook.com\/SonoraEE\/","article_author":"https:\/\/www.facebook.com\/SonoraEE","article_published_time":"2026-01-26T17:10:15+00:00","article_modified_time":"2026-01-27T19:37:58+00:00","og_image":[{"width":1000,"height":600,"url":"https:\/\/www.sonoraenequipo.com.mx\/storage\/2026\/01\/ricardo-salinas-pago-sat-Claudia-sheinbaum-1.jpg","type":"image\/jpeg"}],"author":"enequipo","twitter_card":"summary_large_image","twitter_creator":"@sonoraenequipo","twitter_site":"@sonoraenequipo","twitter_misc":{"Escrito por":"enequipo","Tiempo de lectura":"2 minutos"},"schema":{"@context":"https:\/\/schema.org","@graph":[{"@type":"Article","@id":"https:\/\/www.sonoraenequipo.com.mx\/grupo-salinas-asegura-que-pagara-adeudos-con-el-sat\/#article","isPartOf":{"@id":"https:\/\/www.sonoraenequipo.com.mx\/grupo-salinas-asegura-que-pagara-adeudos-con-el-sat\/"},"author":{"name":"enequipo","@id":"https:\/\/www.sonoraenequipo.com.mx\/#\/schema\/person\/50102df0fb23a8fa9e8effad8fa81386"},"headline":"Grupo Salinas asegura que pagar\u00e1 adeudos con el SAT.","datePublished":"2026-01-26T17:10:15+00:00","dateModified":"2026-01-27T19:37:58+00:00","mainEntityOfPage":{"@id":"https:\/\/www.sonoraenequipo.com.mx\/grupo-salinas-asegura-que-pagara-adeudos-con-el-sat\/"},"wordCount":367,"commentCount":0,"publisher":{"@id":"https:\/\/www.sonoraenequipo.com.mx\/#organization"},"image":{"@id":"https:\/\/www.sonoraenequipo.com.mx\/grupo-salinas-asegura-que-pagara-adeudos-con-el-sat\/#primaryimage"},"thumbnailUrl":"https:\/\/www.sonoraenequipo.com.mx\/storage\/2026\/01\/ricardo-salinas-pago-sat-Claudia-sheinbaum-1.jpg","articleSection":["Rep\u00fablica"],"inLanguage":"es","potentialAction":[{"@type":"CommentAction","name":"Comment","target":["https:\/\/www.sonoraenequipo.com.mx\/grupo-salinas-asegura-que-pagara-adeudos-con-el-sat\/#respond"]}]},{"@type":"WebPage","@id":"https:\/\/www.sonoraenequipo.com.mx\/grupo-salinas-asegura-que-pagara-adeudos-con-el-sat\/","url":"https:\/\/www.sonoraenequipo.com.mx\/grupo-salinas-asegura-que-pagara-adeudos-con-el-sat\/","name":"Sonora en Equipo. Grupo Salinas asegura que pagar\u00e1 adeudos con el SAT. Rep\u00fablica","isPartOf":{"@id":"https:\/\/www.sonoraenequipo.com.mx\/#website"},"primaryImageOfPage":{"@id":"https:\/\/www.sonoraenequipo.com.mx\/grupo-salinas-asegura-que-pagara-adeudos-con-el-sat\/#primaryimage"},"image":{"@id":"https:\/\/www.sonoraenequipo.com.mx\/grupo-salinas-asegura-que-pagara-adeudos-con-el-sat\/#primaryimage"},"thumbnailUrl":"https:\/\/www.sonoraenequipo.com.mx\/storage\/2026\/01\/ricardo-salinas-pago-sat-Claudia-sheinbaum-1.jpg","datePublished":"2026-01-26T17:10:15+00:00","dateModified":"2026-01-27T19:37:58+00:00","description":"CIUDAD DE M\u00c9XICO. MX. \u2014 La presidenta Claudia Sheinbaum confirm\u00f3 que, el jueves pasado, representantes de Grupo Salinas (del empresario Ricardo Salinas En Sonora en Equipo publicamos toda la informaci\u00f3n de Sonora, M\u00e9xico y el Mundo de manera oportuna y busca que la libertad de expresi\u00f3n sea real. Visita nuestro medio informativo publicado desde Hermosillo, Sonora. %","breadcrumb":{"@id":"https:\/\/www.sonoraenequipo.com.mx\/grupo-salinas-asegura-que-pagara-adeudos-con-el-sat\/#breadcrumb"},"inLanguage":"es","potentialAction":[{"@type":"ReadAction","target":["https:\/\/www.sonoraenequipo.com.mx\/grupo-salinas-asegura-que-pagara-adeudos-con-el-sat\/"]}]},{"@type":"ImageObject","inLanguage":"es","@id":"https:\/\/www.sonoraenequipo.com.mx\/grupo-salinas-asegura-que-pagara-adeudos-con-el-sat\/#primaryimage","url":"https:\/\/www.sonoraenequipo.com.mx\/storage\/2026\/01\/ricardo-salinas-pago-sat-Claudia-sheinbaum-1.jpg","contentUrl":"https:\/\/www.sonoraenequipo.com.mx\/storage\/2026\/01\/ricardo-salinas-pago-sat-Claudia-sheinbaum-1.jpg","width":1000,"height":600},{"@type":"BreadcrumbList","@id":"https:\/\/www.sonoraenequipo.com.mx\/grupo-salinas-asegura-que-pagara-adeudos-con-el-sat\/#breadcrumb","itemListElement":[{"@type":"ListItem","position":1,"name":"Portada","item":"https:\/\/www.sonoraenequipo.com.mx\/"},{"@type":"ListItem","position":2,"name":"Grupo Salinas asegura que pagar\u00e1 adeudos con el SAT."}]},{"@type":"WebSite","@id":"https:\/\/www.sonoraenequipo.com.mx\/#website","url":"https:\/\/www.sonoraenequipo.com.mx\/","name":"Sonora en Equipo.","description":"Diario en l\u00ednea con Noticias desde Hermosillo, Sonora","publisher":{"@id":"https:\/\/www.sonoraenequipo.com.mx\/#organization"},"potentialAction":[{"@type":"SearchAction","target":{"@type":"EntryPoint","urlTemplate":"https:\/\/www.sonoraenequipo.com.mx\/?s={search_term_string}"},"query-input":{"@type":"PropertyValueSpecification","valueRequired":true,"valueName":"search_term_string"}}],"inLanguage":"es"},{"@type":"Organization","@id":"https:\/\/www.sonoraenequipo.com.mx\/#organization","name":"Sonoraenequipo.com.mx","url":"https:\/\/www.sonoraenequipo.com.mx\/","logo":{"@type":"ImageObject","inLanguage":"es","@id":"https:\/\/www.sonoraenequipo.com.mx\/#\/schema\/logo\/image\/","url":"https:\/\/www.sonoraenequipo.com.mx\/storage\/2019\/01\/sonoraenequipo_opt.png","contentUrl":"https:\/\/www.sonoraenequipo.com.mx\/storage\/2019\/01\/sonoraenequipo_opt.png","width":375,"height":125,"caption":"Sonoraenequipo.com.mx"},"image":{"@id":"https:\/\/www.sonoraenequipo.com.mx\/#\/schema\/logo\/image\/"},"sameAs":["https:\/\/www.facebook.com\/SonoraEE\/","https:\/\/x.com\/sonoraenequipo","https:\/\/www.youtube.com\/channel\/UC338nW-lPEYmJQs4ZABQ1SQ"]},{"@type":"Person","@id":"https:\/\/www.sonoraenequipo.com.mx\/#\/schema\/person\/50102df0fb23a8fa9e8effad8fa81386","name":"enequipo","image":{"@type":"ImageObject","inLanguage":"es","@id":"https:\/\/www.sonoraenequipo.com.mx\/#\/schema\/person\/image\/","url":"https:\/\/secure.gravatar.com\/avatar\/049821681b589dabc0bc20695993ccebb09f5b5d4d790cd9251b97faac7c652b?s=96&d=blank&r=g","contentUrl":"https:\/\/secure.gravatar.com\/avatar\/049821681b589dabc0bc20695993ccebb09f5b5d4d790cd9251b97faac7c652b?s=96&d=blank&r=g","caption":"enequipo"},"sameAs":["https:\/\/www.facebook.com\/SonoraEE"]}]}},"jetpack_featured_media_url":"https:\/\/www.sonoraenequipo.com.mx\/storage\/2026\/01\/ricardo-salinas-pago-sat-Claudia-sheinbaum-1.jpg","_links":{"self":[{"href":"https:\/\/www.sonoraenequipo.com.mx\/api\/wp\/v2\/posts\/233898","targetHints":{"allow":["GET"]}}],"collection":[{"href":"https:\/\/www.sonoraenequipo.com.mx\/api\/wp\/v2\/posts"}],"about":[{"href":"https:\/\/www.sonoraenequipo.com.mx\/api\/wp\/v2\/types\/post"}],"author":[{"embeddable":true,"href":"https:\/\/www.sonoraenequipo.com.mx\/api\/wp\/v2\/users\/1"}],"replies":[{"embeddable":true,"href":"https:\/\/www.sonoraenequipo.com.mx\/api\/wp\/v2\/comments?post=233898"}],"version-history":[{"count":1,"href":"https:\/\/www.sonoraenequipo.com.mx\/api\/wp\/v2\/posts\/233898\/revisions"}],"predecessor-version":[{"id":233900,"href":"https:\/\/www.sonoraenequipo.com.mx\/api\/wp\/v2\/posts\/233898\/revisions\/233900"}],"wp:featuredmedia":[{"embeddable":true,"href":"https:\/\/www.sonoraenequipo.com.mx\/api\/wp\/v2\/media\/233899"}],"wp:attachment":[{"href":"https:\/\/www.sonoraenequipo.com.mx\/api\/wp\/v2\/media?parent=233898"}],"wp:term":[{"taxonomy":"category","embeddable":true,"href":"https:\/\/www.sonoraenequipo.com.mx\/api\/wp\/v2\/categories?post=233898"},{"taxonomy":"post_tag","embeddable":true,"href":"https:\/\/www.sonoraenequipo.com.mx\/api\/wp\/v2\/tags?post=233898"}],"curies":[{"name":"wp","href":"https:\/\/api.w.org\/{rel}","templated":true}]}}