{"id":233901,"date":"2026-01-26T11:35:09","date_gmt":"2026-01-26T18:35:09","guid":{"rendered":"https:\/\/www.sonoraenequipo.com.mx\/?p=233901"},"modified":"2026-01-27T13:14:32","modified_gmt":"2026-01-27T20:14:32","slug":"en-eu-crece-la-resistencia-contra-trump-mientras-surgen-disidentes-en-su-partido-por-la-violencia","status":"publish","type":"post","link":"https:\/\/www.sonoraenequipo.com.mx\/en-eu-crece-la-resistencia-contra-trump-mientras-surgen-disidentes-en-su-partido-por-la-violencia\/","title":{"rendered":"En EU crece la resistencia contra Trump mientras surgen disidentes en su partido por la violencia"},"content":{"rendered":"<p><strong>NUEVA YORK, ESTADOS UNIDOS DEL NORTE DE AM\u00c9RICA.<\/strong> \u2014 Lejos de silenciar la ola de repudio en Mine\u00e1polis y alrededor del pa\u00eds con el segundo asesinato de un opositor por agentes federales, la Casa Blanca fue obligada a cambiar algunas t\u00e1cticas mientras activistas -novatos y veteranos- participaron en talleres de capacitaci\u00f3n de resistencia civil pac\u00edfica alrededor del pa\u00eds para desarrollar su movimiento de oposici\u00f3n.<\/p>\n<p>&nbsp;<\/p>\n<p>&nbsp;<\/p>\n<p> <\/p>\n<p>Los videos comprobaron que varios agentes federales rociaron con gas pimienta y despu\u00e9s sujetaron a Alex Pretti -un enfermero de cuidado intensivo- y, una vez en el suelo, un agente de la Patrulla Fronteriza dispar\u00f3 a quemarropa. Casi todo fue videograbado y con ello se desat\u00f3 mayor ira en Mine\u00e1polis y un debate pol\u00edtico adverso al gobierno de Donald Trump en Washington. La Casa Blanca, el Departamento de Seguridad Interna y el jefe de la Patrulla Fronteriza primero repitieron el gui\u00f3n que emplearon hace tres semanas con el asesinato de Renee Good por un agente de ICE en la misma ciudad de Mineapolis, insistiendo en que la v\u00edctima era no solo una amenaza al orden p\u00fablico, sino hasta \u201cterrorista\u201d.<\/p>\n<p>&nbsp;<\/p>\n<p>&nbsp;<\/p>\n<p>&nbsp;<\/p>\n<p>La segunda v\u00edctima era, como Good, un ciudadano blanco sin historial criminal. Igual que en el primer caso, videos mostraron que no hubo ning\u00fan intento de amenaza contra los agentes. Sin embargo, la versi\u00f3n oficial insiste en que el sujeto se \u201c<strong><em>resisti\u00f3 violentamente\u201d<\/em> <\/strong>y que los disparos fueron en defensa de los agentes. Trump y otros no tardaron en circular im\u00e1genes de una pistola que llevaba la v\u00edctima -la cual, seg\u00fan el video, nunca sac\u00f3- y sin informar que \u00e9l ten\u00eda un permiso oficial para portar esa arma.<\/p>\n<p>&nbsp;<\/p>\n<p>&nbsp;<\/p>\n<p>En respuesta, cr\u00edticos circularon una frase famosa de George Orwell en su libro 1984: <em><strong>\u201cEl partido te dijo que rechaces la evidencia de tus ojos y tus o\u00eddos. Fue su orden final y m\u00e1s esencial\u201d.<\/strong><\/em><\/p>\n<p>&nbsp;<\/p>\n<p>&nbsp;<\/p>\n<p>&nbsp;<\/p>\n<p>Tal vez lo mas preocupante para la Casa Blanca es que est\u00e1 perdiendo el control de la narrativa nacional sobre lo ocurrido, y para este lunes dio marcha atr\u00e1s. Trump decidi\u00f3 enviar al llamado <strong>\u201czar\u201d<\/strong> fronterizo Tom Homan a Mineapolis, anunciando que le reportar\u00e1 directamente al presidente y que se encargar\u00e1 de la operaci\u00f3n migratoria ah\u00ed como tambi\u00e9n ser <em><strong>\u201cmediador\u201d<\/strong><\/em> con el gobernador de Minnesota Tim Walz y el alcalde de Mine\u00e1polis Jacob Frey. Trump inform\u00f3 que tuvo una llamada \u201cmuy buena\u201d tanto con el gobernador como con el alcalde, un cambio dram\u00e1tico de tono en torno al dem\u00f3crata.<\/p>\n<p>&nbsp;<\/p>\n<p>&nbsp;<\/p>\n<p>Ya en la noche del lunes se inform\u00f3 que el jefe de la Patrulla Fronteriza, Greg Bovino, quien ha estado a cargo de las redadas en Mineapolis, y algunos agentes federales se retirar\u00e1n de Mine\u00e1polis este martes, report\u00f3 CNN y AP.<\/p>\n<p>&nbsp;<\/p>\n<p>&nbsp;<\/p>\n<p>En Washington, el presidente del Comit\u00e9 de Seguridad Interna de la c\u00e1mara baja, el republicano Andrew Garbarino, est\u00e1 solicitando el testimonio de ICE y otras agencias sobre sus t\u00e1cticas, mientras otros senadores y diputados republicanos no s\u00f3lo ya no est\u00e1n justificando las t\u00e1cticas, sino llamando activamente por m\u00e1s informaci\u00f3n que la ofrecida hasta ahora por su hombre en la Casa Blanca.<\/p>\n<p>&nbsp;<\/p>\n<p>&nbsp;<\/p>\n<p>Los eventos tambi\u00e9n han nutrido la preocupaci\u00f3n dentro de las mismas agencias del ICE y Patrulla Fronteriza, con el New York Times reportando que <em><strong>\u201coficiales actuales y retirados describen una creciente frustraci\u00f3n y desilusi\u00f3n con la manera en que el gobierno de Trump esta procediendo, aun mientras aportan la meta de control migratorio\u201d.<\/strong><\/em><\/p>\n<p>&nbsp;<\/p>\n<p>&nbsp;<\/p>\n<p>Incluso Chris Madel, uno de los candidatos republicanos para gobernador en Minesota y abogado defensor del oficial que mat\u00f3 a Good, anunci\u00f3 que se retiraba de la contienda, criticando las t\u00e1cticas de las autoridades federales. En un mensaje p\u00fablico, Madel tambi\u00e9n denunci\u00f3 en lo que se ha convertido en <em><strong>\u201cuna represalia sobre los ciudadanos de nuestro estado, ni puedo incluirme como un miembro de un partido que har\u00eda tal cosa\u201d.<\/strong><\/em> M\u00e1s a\u00fan, acus\u00f3 que algunas de las t\u00e1cticas empleadas son inconstitucionales, sobre todo detener a personas latinas o asi\u00e1ticas s\u00f3lo <em><strong>\u201cpor el color de su piel\u201d.<\/strong><\/em><\/p>\n<p>&nbsp;<\/p>\n<p>&nbsp;<\/p>\n<p>Mientras tanto, el gobernador Walz y el alcalde Frey continuaron exigiendo el retiro de los aproximadamente 3 mil agentes federales que participan en la operaci\u00f3n antimigrante m\u00e1s grande hasta la fecha. Su demanda ha sido retomada por un amplio coro de alcaldes y gobernadores de otras ciudades, legisladores dem\u00f3cratas y, por fin, por el liderazgo legislativo de ese partido, que ahora est\u00e1 amenazando con frenar el presupuesto del Departamento de Seguridad Nacional dentro del cual est\u00e1 la agencia de control migratorio ICE como tambi\u00e9n la Patrulla Fronteriza. Adem\u00e1s, se llama por la destituci\u00f3n de la secretaria Noem.<\/p>\n<p>&nbsp;<\/p>\n<p>&nbsp;<\/p>\n<p>Mientras la c\u00fapula pol\u00edtica procede con sus juegos y maniobras, sigue creciendo la resistencia tanto dentro de Mineapolis como alrededor del pa\u00eds.<\/p>\n<p>&nbsp;<\/p>\n<p>&nbsp;<\/p>\n<p><em><strong>\u201cYa basta\u201d<\/strong><\/em> declar\u00f3 Mary Turner, enfermera de cuidado intensivo y presidenta del sindicato nacional de enfermeras National Nurses United, al denunciar el <em><strong>\u201casesinato\u201d<\/strong><\/em> del enfermero y miembro de ese gremio,<em><strong> \u201cquien estaba haciendo lo que toda enfermera hace, cuidar a la gente\u201d<\/strong><\/em> y <em><strong>\u201cahora tenemos que luchar\u2026 porque toda esta gente son nuestros pacientes, son todos los que cuidamos\u2026 tenemos que luchar contra el ICE y sacarlos de nuestras comunidades\u201d.<\/strong><\/em><\/p>\n<p>&nbsp;<\/p>\n<p>&nbsp;<\/p>\n<p>Ese sentimiento resuena por todo el pa\u00eds. En Maine, nuevo objetivo del ICE, estall\u00f3 la resistencia desde la gobernadora a las calles de la ciudad de Portland donde cientos corearon <em><strong>\u201cICE fuera de Maine\u201d.<\/strong><\/em><\/p>\n<p>&nbsp;<\/p>\n<p>&nbsp;<\/p>\n<p>&nbsp;<\/p>\n<p>La noche del lunes, en lo que se bautizado como <em><strong>\u201cD\u00eda Nacional de Capacitaci\u00f3n\u201d,<\/strong><\/em> varias organizaciones realizaron talleres de informaci\u00f3n y capacitaci\u00f3n para respuestas populares no violentas. Indivisible y algunos de los organizadores de <em><strong>\u201cNo a reyes\u201d<\/strong><\/em> realizaron un taller virtual nacional cuyo objetivo fue ofrecer informaci\u00f3n actualizada sobre las operaciones del ICE y otras agencias, como continuar documentando esas operaciones y otras acciones de defensa de derechos. Otro taller nacional se enfoc\u00f3 en t\u00e1cticas de<em><strong> \u201cacci\u00f3n directa no violenta\u201d,<\/strong><\/em> c\u00f3mo anular la violencia pol\u00edtica, c\u00f3mo se organizan esfuerzos de \u201cayuda mutua\u201d y lecciones del movimiento en Mineapolis que se pueden emplear en otras ciudades.<\/p>\n<p>&nbsp;<\/p>\n<p>&nbsp;<\/p>\n<p>Otras m\u00e1s, promovidas por varias coaliciones nacionales que han ayudado en las protestas, incluyendo 50501, May Day Strong, Rising Majority y Women\u2019s March, invitaron a su taller nacional sobre c\u00f3mo las lecciones de Mineapolis se pueden aplicar en otros lugares, c\u00f3mo presionar a actores pol\u00edticos y empresariales c\u00f3mplices con las acciones del ICE y el gobierno de Trump, y c\u00f3mo <em><strong>\u201ctomar acci\u00f3n y resistir el fascismo en nuestro pa\u00eds\u201d<\/strong><\/em>, al \u201cactuar juntos -con cuidados, disciplina y estrategia\u201d no violenta [<a href=\"http:\/\/iceoutforgood.org\/\"><strong>iceoutforgood.org\/<\/strong><\/a>].<\/p>\n<p>&nbsp;<\/p>\n<p>&nbsp;<\/p>\n<p>&nbsp;<\/p>\n<p>Organizaciones como Indivisible, Sunrise y a Red Nacional de Organizaci\u00f3n de Jornaleros <a href=\"http:\/\/(https:\/\/ndlon.org\/\"><strong>(https:\/\/ndlon.org\/<\/strong><\/a>) ofrecen talleres y comparten formas concretas de tomar acci\u00f3n solidaria y de apoyo a comunidades vulnerables, y a nivel local esto se sigue multiplicando cada d\u00eda.<\/p>\n<p>&nbsp;<\/p>\n<p>&nbsp;<\/p>\n<p>&nbsp;<\/p>\n<p>Ahora muchos recuerdan que la \u00faltima acci\u00f3n del enfermero Pretti fue defender a una mujer que fue agredida por ICE, y que sus \u00faltimas palabras fueron<em><strong> \u201c\u00bfest\u00e1s bien?\u201d.<\/strong><\/em><\/p>\n<p>&nbsp;<\/p>\n<p>&nbsp;<\/p>\n<p>PUBLICADO EL 26 ENERO DE 2026 Con informaci\u00f3n de David Brooks y Jim Cason)<\/p>\n","protected":false},"excerpt":{"rendered":"<p>NUEVA YORK, ESTADOS UNIDOS DEL NORTE DE AM\u00c9RICA. \u2014 Lejos de silenciar la ola de&#8230;<\/p>\n","protected":false},"author":1,"featured_media":233902,"comment_status":"open","ping_status":"open","sticky":false,"template":"","format":"standard","meta":{"_monsterinsights_skip_tracking":false,"_monsterinsights_sitenote_active":false,"_monsterinsights_sitenote_note":"","_monsterinsights_sitenote_category":0,"footnotes":""},"categories":[3],"tags":[],"class_list":["post"],"yoast_head":" \n<title>Sonora en Equipo. En EU crece la resistencia contra Trump mientras surgen disidentes en su partido por la violencia MUNDO<\/title>\n<meta name=\"description\" content=\"NUEVA YORK, ESTADOS UNIDOS DEL NORTE DE AM\u00c9RICA. \u2014 Lejos de silenciar la ola de repudio en Mine\u00e1polis y alrededor del pa\u00eds con el segundo asesinato de un En Sonora en Equipo publicamos toda la informaci\u00f3n de Sonora, M\u00e9xico y el Mundo de manera oportuna y busca que la libertad de expresi\u00f3n sea real. Visita nuestro medio informativo publicado desde Hermosillo, Sonora. %\" \/>\n<meta name=\"robots\" content=\"index, follow, max-snippet:-1, max-image-preview:large, max-video-preview:-1\" \/>\n<link rel=\"canonical\" href=\"https:\/\/www.sonoraenequipo.com.mx\/en-eu-crece-la-resistencia-contra-trump-mientras-surgen-disidentes-en-su-partido-por-la-violencia\/\" \/>\n<meta property=\"og:locale\" content=\"es_ES\" \/>\n<meta property=\"og:type\" content=\"article\" \/>\n<meta property=\"og:title\" content=\"Sonora en Equipo. En EU crece la resistencia contra Trump mientras surgen disidentes en su partido por la violencia MUNDO\" \/>\n<meta property=\"og:description\" content=\"NUEVA YORK, ESTADOS UNIDOS DEL NORTE DE AM\u00c9RICA. \u2014 Lejos de silenciar la ola de repudio en Mine\u00e1polis y alrededor del pa\u00eds con el segundo asesinato de un En Sonora en Equipo publicamos toda la informaci\u00f3n de Sonora, M\u00e9xico y el Mundo de manera oportuna y busca que la libertad de expresi\u00f3n sea real. Visita nuestro medio informativo publicado desde Hermosillo, Sonora. %\" \/>\n<meta property=\"og:url\" content=\"https:\/\/www.sonoraenequipo.com.mx\/en-eu-crece-la-resistencia-contra-trump-mientras-surgen-disidentes-en-su-partido-por-la-violencia\/\" \/>\n<meta property=\"og:site_name\" content=\"Sonora en Equipo.\" \/>\n<meta property=\"article:publisher\" content=\"https:\/\/www.facebook.com\/SonoraEE\/\" \/>\n<meta property=\"article:author\" content=\"https:\/\/www.facebook.com\/SonoraEE\" \/>\n<meta property=\"article:published_time\" content=\"2026-01-26T18:35:09+00:00\" \/>\n<meta property=\"article:modified_time\" content=\"2026-01-27T20:14:32+00:00\" \/>\n<meta property=\"og:image\" content=\"https:\/\/www.sonoraenequipo.com.mx\/storage\/2026\/01\/Donaldo-Trump27-1.jpg\" \/>\n\t<meta property=\"og:image:width\" content=\"1000\" \/>\n\t<meta property=\"og:image:height\" content=\"641\" \/>\n\t<meta property=\"og:image:type\" content=\"image\/jpeg\" \/>\n<meta name=\"author\" content=\"enequipo\" \/>\n<meta name=\"twitter:card\" content=\"summary_large_image\" \/>\n<meta name=\"twitter:creator\" content=\"@sonoraenequipo\" \/>\n<meta name=\"twitter:site\" content=\"@sonoraenequipo\" \/>\n<meta name=\"twitter:label1\" content=\"Escrito por\" \/>\n\t<meta name=\"twitter:data1\" content=\"enequipo\" \/>\n\t<meta name=\"twitter:label2\" content=\"Tiempo de lectura\" \/>\n\t<meta name=\"twitter:data2\" content=\"6 minutos\" \/>\n<script type=\"application\/ld+json\" class=\"yoast-schema-graph\">{\"@context\":\"https:\/\/schema.org\",\"@graph\":[{\"@type\":\"Article\",\"@id\":\"https:\/\/www.sonoraenequipo.com.mx\/en-eu-crece-la-resistencia-contra-trump-mientras-surgen-disidentes-en-su-partido-por-la-violencia\/#article\",\"isPartOf\":{\"@id\":\"https:\/\/www.sonoraenequipo.com.mx\/en-eu-crece-la-resistencia-contra-trump-mientras-surgen-disidentes-en-su-partido-por-la-violencia\/\"},\"author\":{\"name\":\"enequipo\",\"@id\":\"https:\/\/www.sonoraenequipo.com.mx\/#\/schema\/person\/50102df0fb23a8fa9e8effad8fa81386\"},\"headline\":\"En EU crece la resistencia contra Trump mientras surgen disidentes en su partido por la violencia\",\"datePublished\":\"2026-01-26T18:35:09+00:00\",\"dateModified\":\"2026-01-27T20:14:32+00:00\",\"mainEntityOfPage\":{\"@id\":\"https:\/\/www.sonoraenequipo.com.mx\/en-eu-crece-la-resistencia-contra-trump-mientras-surgen-disidentes-en-su-partido-por-la-violencia\/\"},\"wordCount\":1285,\"commentCount\":0,\"publisher\":{\"@id\":\"https:\/\/www.sonoraenequipo.com.mx\/#organization\"},\"image\":{\"@id\":\"https:\/\/www.sonoraenequipo.com.mx\/en-eu-crece-la-resistencia-contra-trump-mientras-surgen-disidentes-en-su-partido-por-la-violencia\/#primaryimage\"},\"thumbnailUrl\":\"https:\/\/www.sonoraenequipo.com.mx\/storage\/2026\/01\/Donaldo-Trump27-1.jpg\",\"articleSection\":[\"MUNDO\"],\"inLanguage\":\"es\",\"potentialAction\":[{\"@type\":\"CommentAction\",\"name\":\"Comment\",\"target\":[\"https:\/\/www.sonoraenequipo.com.mx\/en-eu-crece-la-resistencia-contra-trump-mientras-surgen-disidentes-en-su-partido-por-la-violencia\/#respond\"]}]},{\"@type\":\"WebPage\",\"@id\":\"https:\/\/www.sonoraenequipo.com.mx\/en-eu-crece-la-resistencia-contra-trump-mientras-surgen-disidentes-en-su-partido-por-la-violencia\/\",\"url\":\"https:\/\/www.sonoraenequipo.com.mx\/en-eu-crece-la-resistencia-contra-trump-mientras-surgen-disidentes-en-su-partido-por-la-violencia\/\",\"name\":\"Sonora en Equipo. En EU crece la resistencia contra Trump mientras surgen disidentes en su partido por la violencia MUNDO\",\"isPartOf\":{\"@id\":\"https:\/\/www.sonoraenequipo.com.mx\/#website\"},\"primaryImageOfPage\":{\"@id\":\"https:\/\/www.sonoraenequipo.com.mx\/en-eu-crece-la-resistencia-contra-trump-mientras-surgen-disidentes-en-su-partido-por-la-violencia\/#primaryimage\"},\"image\":{\"@id\":\"https:\/\/www.sonoraenequipo.com.mx\/en-eu-crece-la-resistencia-contra-trump-mientras-surgen-disidentes-en-su-partido-por-la-violencia\/#primaryimage\"},\"thumbnailUrl\":\"https:\/\/www.sonoraenequipo.com.mx\/storage\/2026\/01\/Donaldo-Trump27-1.jpg\",\"datePublished\":\"2026-01-26T18:35:09+00:00\",\"dateModified\":\"2026-01-27T20:14:32+00:00\",\"description\":\"NUEVA YORK, ESTADOS UNIDOS DEL NORTE DE AM\u00c9RICA. \u2014 Lejos de silenciar la ola de repudio en Mine\u00e1polis y alrededor del pa\u00eds con el segundo asesinato de un En Sonora en Equipo publicamos toda la informaci\u00f3n de Sonora, M\u00e9xico y el Mundo de manera oportuna y busca que la libertad de expresi\u00f3n sea real. Visita nuestro medio informativo publicado desde Hermosillo, Sonora. %\",\"breadcrumb\":{\"@id\":\"https:\/\/www.sonoraenequipo.com.mx\/en-eu-crece-la-resistencia-contra-trump-mientras-surgen-disidentes-en-su-partido-por-la-violencia\/#breadcrumb\"},\"inLanguage\":\"es\",\"potentialAction\":[{\"@type\":\"ReadAction\",\"target\":[\"https:\/\/www.sonoraenequipo.com.mx\/en-eu-crece-la-resistencia-contra-trump-mientras-surgen-disidentes-en-su-partido-por-la-violencia\/\"]}]},{\"@type\":\"ImageObject\",\"inLanguage\":\"es\",\"@id\":\"https:\/\/www.sonoraenequipo.com.mx\/en-eu-crece-la-resistencia-contra-trump-mientras-surgen-disidentes-en-su-partido-por-la-violencia\/#primaryimage\",\"url\":\"https:\/\/www.sonoraenequipo.com.mx\/storage\/2026\/01\/Donaldo-Trump27-1.jpg\",\"contentUrl\":\"https:\/\/www.sonoraenequipo.com.mx\/storage\/2026\/01\/Donaldo-Trump27-1.jpg\",\"width\":1000,\"height\":641},{\"@type\":\"BreadcrumbList\",\"@id\":\"https:\/\/www.sonoraenequipo.com.mx\/en-eu-crece-la-resistencia-contra-trump-mientras-surgen-disidentes-en-su-partido-por-la-violencia\/#breadcrumb\",\"itemListElement\":[{\"@type\":\"ListItem\",\"position\":1,\"name\":\"Portada\",\"item\":\"https:\/\/www.sonoraenequipo.com.mx\/\"},{\"@type\":\"ListItem\",\"position\":2,\"name\":\"En EU crece la resistencia contra Trump mientras surgen disidentes en su partido por la violencia\"}]},{\"@type\":\"WebSite\",\"@id\":\"https:\/\/www.sonoraenequipo.com.mx\/#website\",\"url\":\"https:\/\/www.sonoraenequipo.com.mx\/\",\"name\":\"Sonora en Equipo.\",\"description\":\"Diario en l\u00ednea con Noticias desde Hermosillo, Sonora\",\"publisher\":{\"@id\":\"https:\/\/www.sonoraenequipo.com.mx\/#organization\"},\"potentialAction\":[{\"@type\":\"SearchAction\",\"target\":{\"@type\":\"EntryPoint\",\"urlTemplate\":\"https:\/\/www.sonoraenequipo.com.mx\/?s={search_term_string}\"},\"query-input\":{\"@type\":\"PropertyValueSpecification\",\"valueRequired\":true,\"valueName\":\"search_term_string\"}}],\"inLanguage\":\"es\"},{\"@type\":\"Organization\",\"@id\":\"https:\/\/www.sonoraenequipo.com.mx\/#organization\",\"name\":\"Sonoraenequipo.com.mx\",\"url\":\"https:\/\/www.sonoraenequipo.com.mx\/\",\"logo\":{\"@type\":\"ImageObject\",\"inLanguage\":\"es\",\"@id\":\"https:\/\/www.sonoraenequipo.com.mx\/#\/schema\/logo\/image\/\",\"url\":\"https:\/\/www.sonoraenequipo.com.mx\/storage\/2019\/01\/sonoraenequipo_opt.png\",\"contentUrl\":\"https:\/\/www.sonoraenequipo.com.mx\/storage\/2019\/01\/sonoraenequipo_opt.png\",\"width\":375,\"height\":125,\"caption\":\"Sonoraenequipo.com.mx\"},\"image\":{\"@id\":\"https:\/\/www.sonoraenequipo.com.mx\/#\/schema\/logo\/image\/\"},\"sameAs\":[\"https:\/\/www.facebook.com\/SonoraEE\/\",\"https:\/\/x.com\/sonoraenequipo\",\"https:\/\/www.youtube.com\/channel\/UC338nW-lPEYmJQs4ZABQ1SQ\"]},{\"@type\":\"Person\",\"@id\":\"https:\/\/www.sonoraenequipo.com.mx\/#\/schema\/person\/50102df0fb23a8fa9e8effad8fa81386\",\"name\":\"enequipo\",\"image\":{\"@type\":\"ImageObject\",\"inLanguage\":\"es\",\"@id\":\"https:\/\/www.sonoraenequipo.com.mx\/#\/schema\/person\/image\/\",\"url\":\"https:\/\/secure.gravatar.com\/avatar\/049821681b589dabc0bc20695993ccebb09f5b5d4d790cd9251b97faac7c652b?s=96&d=blank&r=g\",\"contentUrl\":\"https:\/\/secure.gravatar.com\/avatar\/049821681b589dabc0bc20695993ccebb09f5b5d4d790cd9251b97faac7c652b?s=96&d=blank&r=g\",\"caption\":\"enequipo\"},\"sameAs\":[\"https:\/\/www.facebook.com\/SonoraEE\"]}]}<\/script>\n ","yoast_head_json":{"title":"Sonora en Equipo. En EU crece la resistencia contra Trump mientras surgen disidentes en su partido por la violencia MUNDO","description":"NUEVA YORK, ESTADOS UNIDOS DEL NORTE DE AM\u00c9RICA. \u2014 Lejos de silenciar la ola de repudio en Mine\u00e1polis y alrededor del pa\u00eds con el segundo asesinato de un En Sonora en Equipo publicamos toda la informaci\u00f3n de Sonora, M\u00e9xico y el Mundo de manera oportuna y busca que la libertad de expresi\u00f3n sea real. Visita nuestro medio informativo publicado desde Hermosillo, Sonora. %","robots":{"index":"index","follow":"follow","max-snippet":"max-snippet:-1","max-image-preview":"max-image-preview:large","max-video-preview":"max-video-preview:-1"},"canonical":"https:\/\/www.sonoraenequipo.com.mx\/en-eu-crece-la-resistencia-contra-trump-mientras-surgen-disidentes-en-su-partido-por-la-violencia\/","og_locale":"es_ES","og_type":"article","og_title":"Sonora en Equipo. En EU crece la resistencia contra Trump mientras surgen disidentes en su partido por la violencia MUNDO","og_description":"NUEVA YORK, ESTADOS UNIDOS DEL NORTE DE AM\u00c9RICA. \u2014 Lejos de silenciar la ola de repudio en Mine\u00e1polis y alrededor del pa\u00eds con el segundo asesinato de un En Sonora en Equipo publicamos toda la informaci\u00f3n de Sonora, M\u00e9xico y el Mundo de manera oportuna y busca que la libertad de expresi\u00f3n sea real. Visita nuestro medio informativo publicado desde Hermosillo, Sonora. %","og_url":"https:\/\/www.sonoraenequipo.com.mx\/en-eu-crece-la-resistencia-contra-trump-mientras-surgen-disidentes-en-su-partido-por-la-violencia\/","og_site_name":"Sonora en Equipo.","article_publisher":"https:\/\/www.facebook.com\/SonoraEE\/","article_author":"https:\/\/www.facebook.com\/SonoraEE","article_published_time":"2026-01-26T18:35:09+00:00","article_modified_time":"2026-01-27T20:14:32+00:00","og_image":[{"width":1000,"height":641,"url":"https:\/\/www.sonoraenequipo.com.mx\/storage\/2026\/01\/Donaldo-Trump27-1.jpg","type":"image\/jpeg"}],"author":"enequipo","twitter_card":"summary_large_image","twitter_creator":"@sonoraenequipo","twitter_site":"@sonoraenequipo","twitter_misc":{"Escrito por":"enequipo","Tiempo de lectura":"6 minutos"},"schema":{"@context":"https:\/\/schema.org","@graph":[{"@type":"Article","@id":"https:\/\/www.sonoraenequipo.com.mx\/en-eu-crece-la-resistencia-contra-trump-mientras-surgen-disidentes-en-su-partido-por-la-violencia\/#article","isPartOf":{"@id":"https:\/\/www.sonoraenequipo.com.mx\/en-eu-crece-la-resistencia-contra-trump-mientras-surgen-disidentes-en-su-partido-por-la-violencia\/"},"author":{"name":"enequipo","@id":"https:\/\/www.sonoraenequipo.com.mx\/#\/schema\/person\/50102df0fb23a8fa9e8effad8fa81386"},"headline":"En EU crece la resistencia contra Trump mientras surgen disidentes en su partido por la violencia","datePublished":"2026-01-26T18:35:09+00:00","dateModified":"2026-01-27T20:14:32+00:00","mainEntityOfPage":{"@id":"https:\/\/www.sonoraenequipo.com.mx\/en-eu-crece-la-resistencia-contra-trump-mientras-surgen-disidentes-en-su-partido-por-la-violencia\/"},"wordCount":1285,"commentCount":0,"publisher":{"@id":"https:\/\/www.sonoraenequipo.com.mx\/#organization"},"image":{"@id":"https:\/\/www.sonoraenequipo.com.mx\/en-eu-crece-la-resistencia-contra-trump-mientras-surgen-disidentes-en-su-partido-por-la-violencia\/#primaryimage"},"thumbnailUrl":"https:\/\/www.sonoraenequipo.com.mx\/storage\/2026\/01\/Donaldo-Trump27-1.jpg","articleSection":["MUNDO"],"inLanguage":"es","potentialAction":[{"@type":"CommentAction","name":"Comment","target":["https:\/\/www.sonoraenequipo.com.mx\/en-eu-crece-la-resistencia-contra-trump-mientras-surgen-disidentes-en-su-partido-por-la-violencia\/#respond"]}]},{"@type":"WebPage","@id":"https:\/\/www.sonoraenequipo.com.mx\/en-eu-crece-la-resistencia-contra-trump-mientras-surgen-disidentes-en-su-partido-por-la-violencia\/","url":"https:\/\/www.sonoraenequipo.com.mx\/en-eu-crece-la-resistencia-contra-trump-mientras-surgen-disidentes-en-su-partido-por-la-violencia\/","name":"Sonora en Equipo. En EU crece la resistencia contra Trump mientras surgen disidentes en su partido por la violencia MUNDO","isPartOf":{"@id":"https:\/\/www.sonoraenequipo.com.mx\/#website"},"primaryImageOfPage":{"@id":"https:\/\/www.sonoraenequipo.com.mx\/en-eu-crece-la-resistencia-contra-trump-mientras-surgen-disidentes-en-su-partido-por-la-violencia\/#primaryimage"},"image":{"@id":"https:\/\/www.sonoraenequipo.com.mx\/en-eu-crece-la-resistencia-contra-trump-mientras-surgen-disidentes-en-su-partido-por-la-violencia\/#primaryimage"},"thumbnailUrl":"https:\/\/www.sonoraenequipo.com.mx\/storage\/2026\/01\/Donaldo-Trump27-1.jpg","datePublished":"2026-01-26T18:35:09+00:00","dateModified":"2026-01-27T20:14:32+00:00","description":"NUEVA YORK, ESTADOS UNIDOS DEL NORTE DE AM\u00c9RICA. \u2014 Lejos de silenciar la ola de repudio en Mine\u00e1polis y alrededor del pa\u00eds con el segundo asesinato de un En Sonora en Equipo publicamos toda la informaci\u00f3n de Sonora, M\u00e9xico y el Mundo de manera oportuna y busca que la libertad de expresi\u00f3n sea real. Visita nuestro medio informativo publicado desde Hermosillo, Sonora. %","breadcrumb":{"@id":"https:\/\/www.sonoraenequipo.com.mx\/en-eu-crece-la-resistencia-contra-trump-mientras-surgen-disidentes-en-su-partido-por-la-violencia\/#breadcrumb"},"inLanguage":"es","potentialAction":[{"@type":"ReadAction","target":["https:\/\/www.sonoraenequipo.com.mx\/en-eu-crece-la-resistencia-contra-trump-mientras-surgen-disidentes-en-su-partido-por-la-violencia\/"]}]},{"@type":"ImageObject","inLanguage":"es","@id":"https:\/\/www.sonoraenequipo.com.mx\/en-eu-crece-la-resistencia-contra-trump-mientras-surgen-disidentes-en-su-partido-por-la-violencia\/#primaryimage","url":"https:\/\/www.sonoraenequipo.com.mx\/storage\/2026\/01\/Donaldo-Trump27-1.jpg","contentUrl":"https:\/\/www.sonoraenequipo.com.mx\/storage\/2026\/01\/Donaldo-Trump27-1.jpg","width":1000,"height":641},{"@type":"BreadcrumbList","@id":"https:\/\/www.sonoraenequipo.com.mx\/en-eu-crece-la-resistencia-contra-trump-mientras-surgen-disidentes-en-su-partido-por-la-violencia\/#breadcrumb","itemListElement":[{"@type":"ListItem","position":1,"name":"Portada","item":"https:\/\/www.sonoraenequipo.com.mx\/"},{"@type":"ListItem","position":2,"name":"En EU crece la resistencia contra Trump mientras surgen disidentes en su partido por la violencia"}]},{"@type":"WebSite","@id":"https:\/\/www.sonoraenequipo.com.mx\/#website","url":"https:\/\/www.sonoraenequipo.com.mx\/","name":"Sonora en Equipo.","description":"Diario en l\u00ednea con Noticias desde Hermosillo, Sonora","publisher":{"@id":"https:\/\/www.sonoraenequipo.com.mx\/#organization"},"potentialAction":[{"@type":"SearchAction","target":{"@type":"EntryPoint","urlTemplate":"https:\/\/www.sonoraenequipo.com.mx\/?s={search_term_string}"},"query-input":{"@type":"PropertyValueSpecification","valueRequired":true,"valueName":"search_term_string"}}],"inLanguage":"es"},{"@type":"Organization","@id":"https:\/\/www.sonoraenequipo.com.mx\/#organization","name":"Sonoraenequipo.com.mx","url":"https:\/\/www.sonoraenequipo.com.mx\/","logo":{"@type":"ImageObject","inLanguage":"es","@id":"https:\/\/www.sonoraenequipo.com.mx\/#\/schema\/logo\/image\/","url":"https:\/\/www.sonoraenequipo.com.mx\/storage\/2019\/01\/sonoraenequipo_opt.png","contentUrl":"https:\/\/www.sonoraenequipo.com.mx\/storage\/2019\/01\/sonoraenequipo_opt.png","width":375,"height":125,"caption":"Sonoraenequipo.com.mx"},"image":{"@id":"https:\/\/www.sonoraenequipo.com.mx\/#\/schema\/logo\/image\/"},"sameAs":["https:\/\/www.facebook.com\/SonoraEE\/","https:\/\/x.com\/sonoraenequipo","https:\/\/www.youtube.com\/channel\/UC338nW-lPEYmJQs4ZABQ1SQ"]},{"@type":"Person","@id":"https:\/\/www.sonoraenequipo.com.mx\/#\/schema\/person\/50102df0fb23a8fa9e8effad8fa81386","name":"enequipo","image":{"@type":"ImageObject","inLanguage":"es","@id":"https:\/\/www.sonoraenequipo.com.mx\/#\/schema\/person\/image\/","url":"https:\/\/secure.gravatar.com\/avatar\/049821681b589dabc0bc20695993ccebb09f5b5d4d790cd9251b97faac7c652b?s=96&d=blank&r=g","contentUrl":"https:\/\/secure.gravatar.com\/avatar\/049821681b589dabc0bc20695993ccebb09f5b5d4d790cd9251b97faac7c652b?s=96&d=blank&r=g","caption":"enequipo"},"sameAs":["https:\/\/www.facebook.com\/SonoraEE"]}]}},"jetpack_featured_media_url":"https:\/\/www.sonoraenequipo.com.mx\/storage\/2026\/01\/Donaldo-Trump27-1.jpg","_links":{"self":[{"href":"https:\/\/www.sonoraenequipo.com.mx\/api\/wp\/v2\/posts\/233901","targetHints":{"allow":["GET"]}}],"collection":[{"href":"https:\/\/www.sonoraenequipo.com.mx\/api\/wp\/v2\/posts"}],"about":[{"href":"https:\/\/www.sonoraenequipo.com.mx\/api\/wp\/v2\/types\/post"}],"author":[{"embeddable":true,"href":"https:\/\/www.sonoraenequipo.com.mx\/api\/wp\/v2\/users\/1"}],"replies":[{"embeddable":true,"href":"https:\/\/www.sonoraenequipo.com.mx\/api\/wp\/v2\/comments?post=233901"}],"version-history":[{"count":1,"href":"https:\/\/www.sonoraenequipo.com.mx\/api\/wp\/v2\/posts\/233901\/revisions"}],"predecessor-version":[{"id":233903,"href":"https:\/\/www.sonoraenequipo.com.mx\/api\/wp\/v2\/posts\/233901\/revisions\/233903"}],"wp:featuredmedia":[{"embeddable":true,"href":"https:\/\/www.sonoraenequipo.com.mx\/api\/wp\/v2\/media\/233902"}],"wp:attachment":[{"href":"https:\/\/www.sonoraenequipo.com.mx\/api\/wp\/v2\/media?parent=233901"}],"wp:term":[{"taxonomy":"category","embeddable":true,"href":"https:\/\/www.sonoraenequipo.com.mx\/api\/wp\/v2\/categories?post=233901"},{"taxonomy":"post_tag","embeddable":true,"href":"https:\/\/www.sonoraenequipo.com.mx\/api\/wp\/v2\/tags?post=233901"}],"curies":[{"name":"wp","href":"https:\/\/api.w.org\/{rel}","templated":true}]}}