{"id":233907,"date":"2026-01-26T10:14:38","date_gmt":"2026-01-26T17:14:38","guid":{"rendered":"https:\/\/www.sonoraenequipo.com.mx\/?p=233907"},"modified":"2026-02-11T12:17:36","modified_gmt":"2026-02-11T19:17:36","slug":"recibe-faot-2026-a-talento-operistico-de-la-universidad-de-sonora","status":"publish","type":"post","link":"https:\/\/www.sonoraenequipo.com.mx\/recibe-faot-2026-a-talento-operistico-de-la-universidad-de-sonora\/","title":{"rendered":"Recibe FAOT 2026 a talento oper\u00edstico de la Universidad de Sonora"},"content":{"rendered":"<p><strong>\u00c1LAMOS, SONORA. MX. \u2014\u00a0<\/strong> Como parte de las diferentes expresiones que ofrece la cuadrag\u00e9sima primera edici\u00f3n del Festival Alfonso Ortiz Tirado, en la cuarta jornada de actividades, en la noche de gala se cont\u00f3 con la participaci\u00f3n de talento oper\u00edstico de la Universidad de Sonora.<\/p>\n<p>&nbsp;<\/p>\n<p>&nbsp;<\/p>\n<p> <\/p>\n<p>En Palacio Municipal tuvieron su participaci\u00f3n las soprano Laura Figueroa y Fabiola P\u00e9rez P\u00e9rez, la mezzosoprano Beatriz Ang\u00e9lica Morales, y el bar\u00edtono Gerardo Sosa, quienes estuvieron acompa\u00f1adas del pianista H\u00e9ctor Acosta.<\/p>\n<p>&nbsp;<\/p>\n<p>&nbsp;<\/p>\n<p>Con casa llena, el talento universitario ofreci\u00f3 un recital que celebra el talento emergente y la formaci\u00f3n musical de excelencia de los egresados de la licenciatura en m\u00fasica del departamento de Bellas Artes de la m\u00e1xima casa de estudios sonorense.<\/p>\n<p>&nbsp;<\/p>\n<p>&nbsp;<\/p>\n<p>Los j\u00f3venes ofrecieron un recorrido musical por distintas \u00e9pocas y estilos, refrendando un compromiso por la formaci\u00f3n de m\u00fasicos de alto nivel, as\u00ed como la promoci\u00f3n del impulso de la vida cultural de la regi\u00f3n.<\/p>\n<p>&nbsp;<\/p>\n<p>&nbsp;<\/p>\n<p>PUBLICADO EL 27 DE ENERO DE 2026 Con informaci\u00f3n de GOBSON 0126202)<\/p>\n","protected":false},"excerpt":{"rendered":"<p>\u00c1LAMOS, SONORA. MX. \u2014\u00a0 Como parte de las diferentes expresiones que ofrece la cuadrag\u00e9sima primera&#8230;<\/p>\n","protected":false},"author":1,"featured_media":233909,"comment_status":"open","ping_status":"open","sticky":false,"template":"","format":"standard","meta":{"_monsterinsights_skip_tracking":false,"_monsterinsights_sitenote_active":false,"_monsterinsights_sitenote_note":"","_monsterinsights_sitenote_category":0,"footnotes":""},"categories":[22],"tags":[],"class_list":["post"],"yoast_head":" \n<title>Sonora en Equipo. Recibe FAOT 2026 a talento oper\u00edstico de la Universidad de Sonora Sonora<\/title>\n<meta name=\"description\" content=\"\u00c1LAMOS, SONORA. MX. \u2014\u00a0 Como parte de las diferentes expresiones que ofrece la cuadrag\u00e9sima primera edici\u00f3n del Festival Alfonso Ortiz Tirado, en la cuarta En Sonora en Equipo publicamos toda la informaci\u00f3n de Sonora, M\u00e9xico y el Mundo de manera oportuna y busca que la libertad de expresi\u00f3n sea real. Visita nuestro medio informativo publicado desde Hermosillo, Sonora. %\" \/>\n<meta name=\"robots\" content=\"index, follow, max-snippet:-1, max-image-preview:large, max-video-preview:-1\" \/>\n<link rel=\"canonical\" href=\"https:\/\/www.sonoraenequipo.com.mx\/recibe-faot-2026-a-talento-operistico-de-la-universidad-de-sonora\/\" \/>\n<meta property=\"og:locale\" content=\"es_ES\" \/>\n<meta property=\"og:type\" content=\"article\" \/>\n<meta property=\"og:title\" content=\"Sonora en Equipo. Recibe FAOT 2026 a talento oper\u00edstico de la Universidad de Sonora Sonora\" \/>\n<meta property=\"og:description\" content=\"\u00c1LAMOS, SONORA. MX. \u2014\u00a0 Como parte de las diferentes expresiones que ofrece la cuadrag\u00e9sima primera edici\u00f3n del Festival Alfonso Ortiz Tirado, en la cuarta En Sonora en Equipo publicamos toda la informaci\u00f3n de Sonora, M\u00e9xico y el Mundo de manera oportuna y busca que la libertad de expresi\u00f3n sea real. Visita nuestro medio informativo publicado desde Hermosillo, Sonora. %\" \/>\n<meta property=\"og:url\" content=\"https:\/\/www.sonoraenequipo.com.mx\/recibe-faot-2026-a-talento-operistico-de-la-universidad-de-sonora\/\" \/>\n<meta property=\"og:site_name\" content=\"Sonora en Equipo.\" \/>\n<meta property=\"article:publisher\" content=\"https:\/\/www.facebook.com\/SonoraEE\/\" \/>\n<meta property=\"article:author\" content=\"https:\/\/www.facebook.com\/SonoraEE\" \/>\n<meta property=\"article:published_time\" content=\"2026-01-26T17:14:38+00:00\" \/>\n<meta property=\"article:modified_time\" content=\"2026-02-11T19:17:36+00:00\" \/>\n<meta property=\"og:image\" content=\"https:\/\/www.sonoraenequipo.com.mx\/storage\/2026\/01\/Recibe-FAOT-2026-a-talento-operistico-de-la-Universidad-de-Sonora-1.jpg\" \/>\n\t<meta property=\"og:image:width\" content=\"1000\" \/>\n\t<meta property=\"og:image:height\" content=\"740\" \/>\n\t<meta property=\"og:image:type\" content=\"image\/jpeg\" \/>\n<meta name=\"author\" content=\"enequipo\" \/>\n<meta name=\"twitter:card\" content=\"summary_large_image\" \/>\n<meta name=\"twitter:creator\" content=\"@sonoraenequipo\" \/>\n<meta name=\"twitter:site\" content=\"@sonoraenequipo\" \/>\n<meta name=\"twitter:label1\" content=\"Escrito por\" \/>\n\t<meta name=\"twitter:data1\" content=\"enequipo\" \/>\n\t<meta name=\"twitter:label2\" content=\"Tiempo de lectura\" \/>\n\t<meta name=\"twitter:data2\" content=\"1 minuto\" \/>\n<script type=\"application\/ld+json\" class=\"yoast-schema-graph\">{\"@context\":\"https:\/\/schema.org\",\"@graph\":[{\"@type\":\"Article\",\"@id\":\"https:\/\/www.sonoraenequipo.com.mx\/recibe-faot-2026-a-talento-operistico-de-la-universidad-de-sonora\/#article\",\"isPartOf\":{\"@id\":\"https:\/\/www.sonoraenequipo.com.mx\/recibe-faot-2026-a-talento-operistico-de-la-universidad-de-sonora\/\"},\"author\":{\"name\":\"enequipo\",\"@id\":\"https:\/\/www.sonoraenequipo.com.mx\/#\/schema\/person\/50102df0fb23a8fa9e8effad8fa81386\"},\"headline\":\"Recibe FAOT 2026 a talento oper\u00edstico de la Universidad de Sonora\",\"datePublished\":\"2026-01-26T17:14:38+00:00\",\"dateModified\":\"2026-02-11T19:17:36+00:00\",\"mainEntityOfPage\":{\"@id\":\"https:\/\/www.sonoraenequipo.com.mx\/recibe-faot-2026-a-talento-operistico-de-la-universidad-de-sonora\/\"},\"wordCount\":198,\"commentCount\":0,\"publisher\":{\"@id\":\"https:\/\/www.sonoraenequipo.com.mx\/#organization\"},\"image\":{\"@id\":\"https:\/\/www.sonoraenequipo.com.mx\/recibe-faot-2026-a-talento-operistico-de-la-universidad-de-sonora\/#primaryimage\"},\"thumbnailUrl\":\"https:\/\/www.sonoraenequipo.com.mx\/storage\/2026\/01\/Recibe-FAOT-2026-a-talento-operistico-de-la-Universidad-de-Sonora-1.jpg\",\"articleSection\":[\"Sonora\"],\"inLanguage\":\"es\",\"potentialAction\":[{\"@type\":\"CommentAction\",\"name\":\"Comment\",\"target\":[\"https:\/\/www.sonoraenequipo.com.mx\/recibe-faot-2026-a-talento-operistico-de-la-universidad-de-sonora\/#respond\"]}]},{\"@type\":\"WebPage\",\"@id\":\"https:\/\/www.sonoraenequipo.com.mx\/recibe-faot-2026-a-talento-operistico-de-la-universidad-de-sonora\/\",\"url\":\"https:\/\/www.sonoraenequipo.com.mx\/recibe-faot-2026-a-talento-operistico-de-la-universidad-de-sonora\/\",\"name\":\"Sonora en Equipo. Recibe FAOT 2026 a talento oper\u00edstico de la Universidad de Sonora Sonora\",\"isPartOf\":{\"@id\":\"https:\/\/www.sonoraenequipo.com.mx\/#website\"},\"primaryImageOfPage\":{\"@id\":\"https:\/\/www.sonoraenequipo.com.mx\/recibe-faot-2026-a-talento-operistico-de-la-universidad-de-sonora\/#primaryimage\"},\"image\":{\"@id\":\"https:\/\/www.sonoraenequipo.com.mx\/recibe-faot-2026-a-talento-operistico-de-la-universidad-de-sonora\/#primaryimage\"},\"thumbnailUrl\":\"https:\/\/www.sonoraenequipo.com.mx\/storage\/2026\/01\/Recibe-FAOT-2026-a-talento-operistico-de-la-Universidad-de-Sonora-1.jpg\",\"datePublished\":\"2026-01-26T17:14:38+00:00\",\"dateModified\":\"2026-02-11T19:17:36+00:00\",\"description\":\"\u00c1LAMOS, SONORA. MX. \u2014\u00a0 Como parte de las diferentes expresiones que ofrece la cuadrag\u00e9sima primera edici\u00f3n del Festival Alfonso Ortiz Tirado, en la cuarta En Sonora en Equipo publicamos toda la informaci\u00f3n de Sonora, M\u00e9xico y el Mundo de manera oportuna y busca que la libertad de expresi\u00f3n sea real. Visita nuestro medio informativo publicado desde Hermosillo, Sonora. %\",\"breadcrumb\":{\"@id\":\"https:\/\/www.sonoraenequipo.com.mx\/recibe-faot-2026-a-talento-operistico-de-la-universidad-de-sonora\/#breadcrumb\"},\"inLanguage\":\"es\",\"potentialAction\":[{\"@type\":\"ReadAction\",\"target\":[\"https:\/\/www.sonoraenequipo.com.mx\/recibe-faot-2026-a-talento-operistico-de-la-universidad-de-sonora\/\"]}]},{\"@type\":\"ImageObject\",\"inLanguage\":\"es\",\"@id\":\"https:\/\/www.sonoraenequipo.com.mx\/recibe-faot-2026-a-talento-operistico-de-la-universidad-de-sonora\/#primaryimage\",\"url\":\"https:\/\/www.sonoraenequipo.com.mx\/storage\/2026\/01\/Recibe-FAOT-2026-a-talento-operistico-de-la-Universidad-de-Sonora-1.jpg\",\"contentUrl\":\"https:\/\/www.sonoraenequipo.com.mx\/storage\/2026\/01\/Recibe-FAOT-2026-a-talento-operistico-de-la-Universidad-de-Sonora-1.jpg\",\"width\":1000,\"height\":740},{\"@type\":\"BreadcrumbList\",\"@id\":\"https:\/\/www.sonoraenequipo.com.mx\/recibe-faot-2026-a-talento-operistico-de-la-universidad-de-sonora\/#breadcrumb\",\"itemListElement\":[{\"@type\":\"ListItem\",\"position\":1,\"name\":\"Portada\",\"item\":\"https:\/\/www.sonoraenequipo.com.mx\/\"},{\"@type\":\"ListItem\",\"position\":2,\"name\":\"Recibe FAOT 2026 a talento oper\u00edstico de la Universidad de Sonora\"}]},{\"@type\":\"WebSite\",\"@id\":\"https:\/\/www.sonoraenequipo.com.mx\/#website\",\"url\":\"https:\/\/www.sonoraenequipo.com.mx\/\",\"name\":\"Sonora en Equipo.\",\"description\":\"Diario en l\u00ednea con Noticias desde Hermosillo, Sonora\",\"publisher\":{\"@id\":\"https:\/\/www.sonoraenequipo.com.mx\/#organization\"},\"potentialAction\":[{\"@type\":\"SearchAction\",\"target\":{\"@type\":\"EntryPoint\",\"urlTemplate\":\"https:\/\/www.sonoraenequipo.com.mx\/?s={search_term_string}\"},\"query-input\":{\"@type\":\"PropertyValueSpecification\",\"valueRequired\":true,\"valueName\":\"search_term_string\"}}],\"inLanguage\":\"es\"},{\"@type\":\"Organization\",\"@id\":\"https:\/\/www.sonoraenequipo.com.mx\/#organization\",\"name\":\"Sonoraenequipo.com.mx\",\"url\":\"https:\/\/www.sonoraenequipo.com.mx\/\",\"logo\":{\"@type\":\"ImageObject\",\"inLanguage\":\"es\",\"@id\":\"https:\/\/www.sonoraenequipo.com.mx\/#\/schema\/logo\/image\/\",\"url\":\"https:\/\/www.sonoraenequipo.com.mx\/storage\/2019\/01\/sonoraenequipo_opt.png\",\"contentUrl\":\"https:\/\/www.sonoraenequipo.com.mx\/storage\/2019\/01\/sonoraenequipo_opt.png\",\"width\":375,\"height\":125,\"caption\":\"Sonoraenequipo.com.mx\"},\"image\":{\"@id\":\"https:\/\/www.sonoraenequipo.com.mx\/#\/schema\/logo\/image\/\"},\"sameAs\":[\"https:\/\/www.facebook.com\/SonoraEE\/\",\"https:\/\/x.com\/sonoraenequipo\",\"https:\/\/www.youtube.com\/channel\/UC338nW-lPEYmJQs4ZABQ1SQ\"]},{\"@type\":\"Person\",\"@id\":\"https:\/\/www.sonoraenequipo.com.mx\/#\/schema\/person\/50102df0fb23a8fa9e8effad8fa81386\",\"name\":\"enequipo\",\"image\":{\"@type\":\"ImageObject\",\"inLanguage\":\"es\",\"@id\":\"https:\/\/www.sonoraenequipo.com.mx\/#\/schema\/person\/image\/\",\"url\":\"https:\/\/secure.gravatar.com\/avatar\/049821681b589dabc0bc20695993ccebb09f5b5d4d790cd9251b97faac7c652b?s=96&d=blank&r=g\",\"contentUrl\":\"https:\/\/secure.gravatar.com\/avatar\/049821681b589dabc0bc20695993ccebb09f5b5d4d790cd9251b97faac7c652b?s=96&d=blank&r=g\",\"caption\":\"enequipo\"},\"sameAs\":[\"https:\/\/www.facebook.com\/SonoraEE\"]}]}<\/script>\n ","yoast_head_json":{"title":"Sonora en Equipo. Recibe FAOT 2026 a talento oper\u00edstico de la Universidad de Sonora Sonora","description":"\u00c1LAMOS, SONORA. MX. \u2014\u00a0 Como parte de las diferentes expresiones que ofrece la cuadrag\u00e9sima primera edici\u00f3n del Festival Alfonso Ortiz Tirado, en la cuarta En Sonora en Equipo publicamos toda la informaci\u00f3n de Sonora, M\u00e9xico y el Mundo de manera oportuna y busca que la libertad de expresi\u00f3n sea real. Visita nuestro medio informativo publicado desde Hermosillo, Sonora. %","robots":{"index":"index","follow":"follow","max-snippet":"max-snippet:-1","max-image-preview":"max-image-preview:large","max-video-preview":"max-video-preview:-1"},"canonical":"https:\/\/www.sonoraenequipo.com.mx\/recibe-faot-2026-a-talento-operistico-de-la-universidad-de-sonora\/","og_locale":"es_ES","og_type":"article","og_title":"Sonora en Equipo. Recibe FAOT 2026 a talento oper\u00edstico de la Universidad de Sonora Sonora","og_description":"\u00c1LAMOS, SONORA. MX. \u2014\u00a0 Como parte de las diferentes expresiones que ofrece la cuadrag\u00e9sima primera edici\u00f3n del Festival Alfonso Ortiz Tirado, en la cuarta En Sonora en Equipo publicamos toda la informaci\u00f3n de Sonora, M\u00e9xico y el Mundo de manera oportuna y busca que la libertad de expresi\u00f3n sea real. Visita nuestro medio informativo publicado desde Hermosillo, Sonora. %","og_url":"https:\/\/www.sonoraenequipo.com.mx\/recibe-faot-2026-a-talento-operistico-de-la-universidad-de-sonora\/","og_site_name":"Sonora en Equipo.","article_publisher":"https:\/\/www.facebook.com\/SonoraEE\/","article_author":"https:\/\/www.facebook.com\/SonoraEE","article_published_time":"2026-01-26T17:14:38+00:00","article_modified_time":"2026-02-11T19:17:36+00:00","og_image":[{"width":1000,"height":740,"url":"https:\/\/www.sonoraenequipo.com.mx\/storage\/2026\/01\/Recibe-FAOT-2026-a-talento-operistico-de-la-Universidad-de-Sonora-1.jpg","type":"image\/jpeg"}],"author":"enequipo","twitter_card":"summary_large_image","twitter_creator":"@sonoraenequipo","twitter_site":"@sonoraenequipo","twitter_misc":{"Escrito por":"enequipo","Tiempo de lectura":"1 minuto"},"schema":{"@context":"https:\/\/schema.org","@graph":[{"@type":"Article","@id":"https:\/\/www.sonoraenequipo.com.mx\/recibe-faot-2026-a-talento-operistico-de-la-universidad-de-sonora\/#article","isPartOf":{"@id":"https:\/\/www.sonoraenequipo.com.mx\/recibe-faot-2026-a-talento-operistico-de-la-universidad-de-sonora\/"},"author":{"name":"enequipo","@id":"https:\/\/www.sonoraenequipo.com.mx\/#\/schema\/person\/50102df0fb23a8fa9e8effad8fa81386"},"headline":"Recibe FAOT 2026 a talento oper\u00edstico de la Universidad de Sonora","datePublished":"2026-01-26T17:14:38+00:00","dateModified":"2026-02-11T19:17:36+00:00","mainEntityOfPage":{"@id":"https:\/\/www.sonoraenequipo.com.mx\/recibe-faot-2026-a-talento-operistico-de-la-universidad-de-sonora\/"},"wordCount":198,"commentCount":0,"publisher":{"@id":"https:\/\/www.sonoraenequipo.com.mx\/#organization"},"image":{"@id":"https:\/\/www.sonoraenequipo.com.mx\/recibe-faot-2026-a-talento-operistico-de-la-universidad-de-sonora\/#primaryimage"},"thumbnailUrl":"https:\/\/www.sonoraenequipo.com.mx\/storage\/2026\/01\/Recibe-FAOT-2026-a-talento-operistico-de-la-Universidad-de-Sonora-1.jpg","articleSection":["Sonora"],"inLanguage":"es","potentialAction":[{"@type":"CommentAction","name":"Comment","target":["https:\/\/www.sonoraenequipo.com.mx\/recibe-faot-2026-a-talento-operistico-de-la-universidad-de-sonora\/#respond"]}]},{"@type":"WebPage","@id":"https:\/\/www.sonoraenequipo.com.mx\/recibe-faot-2026-a-talento-operistico-de-la-universidad-de-sonora\/","url":"https:\/\/www.sonoraenequipo.com.mx\/recibe-faot-2026-a-talento-operistico-de-la-universidad-de-sonora\/","name":"Sonora en Equipo. Recibe FAOT 2026 a talento oper\u00edstico de la Universidad de Sonora Sonora","isPartOf":{"@id":"https:\/\/www.sonoraenequipo.com.mx\/#website"},"primaryImageOfPage":{"@id":"https:\/\/www.sonoraenequipo.com.mx\/recibe-faot-2026-a-talento-operistico-de-la-universidad-de-sonora\/#primaryimage"},"image":{"@id":"https:\/\/www.sonoraenequipo.com.mx\/recibe-faot-2026-a-talento-operistico-de-la-universidad-de-sonora\/#primaryimage"},"thumbnailUrl":"https:\/\/www.sonoraenequipo.com.mx\/storage\/2026\/01\/Recibe-FAOT-2026-a-talento-operistico-de-la-Universidad-de-Sonora-1.jpg","datePublished":"2026-01-26T17:14:38+00:00","dateModified":"2026-02-11T19:17:36+00:00","description":"\u00c1LAMOS, SONORA. MX. \u2014\u00a0 Como parte de las diferentes expresiones que ofrece la cuadrag\u00e9sima primera edici\u00f3n del Festival Alfonso Ortiz Tirado, en la cuarta En Sonora en Equipo publicamos toda la informaci\u00f3n de Sonora, M\u00e9xico y el Mundo de manera oportuna y busca que la libertad de expresi\u00f3n sea real. Visita nuestro medio informativo publicado desde Hermosillo, Sonora. %","breadcrumb":{"@id":"https:\/\/www.sonoraenequipo.com.mx\/recibe-faot-2026-a-talento-operistico-de-la-universidad-de-sonora\/#breadcrumb"},"inLanguage":"es","potentialAction":[{"@type":"ReadAction","target":["https:\/\/www.sonoraenequipo.com.mx\/recibe-faot-2026-a-talento-operistico-de-la-universidad-de-sonora\/"]}]},{"@type":"ImageObject","inLanguage":"es","@id":"https:\/\/www.sonoraenequipo.com.mx\/recibe-faot-2026-a-talento-operistico-de-la-universidad-de-sonora\/#primaryimage","url":"https:\/\/www.sonoraenequipo.com.mx\/storage\/2026\/01\/Recibe-FAOT-2026-a-talento-operistico-de-la-Universidad-de-Sonora-1.jpg","contentUrl":"https:\/\/www.sonoraenequipo.com.mx\/storage\/2026\/01\/Recibe-FAOT-2026-a-talento-operistico-de-la-Universidad-de-Sonora-1.jpg","width":1000,"height":740},{"@type":"BreadcrumbList","@id":"https:\/\/www.sonoraenequipo.com.mx\/recibe-faot-2026-a-talento-operistico-de-la-universidad-de-sonora\/#breadcrumb","itemListElement":[{"@type":"ListItem","position":1,"name":"Portada","item":"https:\/\/www.sonoraenequipo.com.mx\/"},{"@type":"ListItem","position":2,"name":"Recibe FAOT 2026 a talento oper\u00edstico de la Universidad de Sonora"}]},{"@type":"WebSite","@id":"https:\/\/www.sonoraenequipo.com.mx\/#website","url":"https:\/\/www.sonoraenequipo.com.mx\/","name":"Sonora en Equipo.","description":"Diario en l\u00ednea con Noticias desde Hermosillo, Sonora","publisher":{"@id":"https:\/\/www.sonoraenequipo.com.mx\/#organization"},"potentialAction":[{"@type":"SearchAction","target":{"@type":"EntryPoint","urlTemplate":"https:\/\/www.sonoraenequipo.com.mx\/?s={search_term_string}"},"query-input":{"@type":"PropertyValueSpecification","valueRequired":true,"valueName":"search_term_string"}}],"inLanguage":"es"},{"@type":"Organization","@id":"https:\/\/www.sonoraenequipo.com.mx\/#organization","name":"Sonoraenequipo.com.mx","url":"https:\/\/www.sonoraenequipo.com.mx\/","logo":{"@type":"ImageObject","inLanguage":"es","@id":"https:\/\/www.sonoraenequipo.com.mx\/#\/schema\/logo\/image\/","url":"https:\/\/www.sonoraenequipo.com.mx\/storage\/2019\/01\/sonoraenequipo_opt.png","contentUrl":"https:\/\/www.sonoraenequipo.com.mx\/storage\/2019\/01\/sonoraenequipo_opt.png","width":375,"height":125,"caption":"Sonoraenequipo.com.mx"},"image":{"@id":"https:\/\/www.sonoraenequipo.com.mx\/#\/schema\/logo\/image\/"},"sameAs":["https:\/\/www.facebook.com\/SonoraEE\/","https:\/\/x.com\/sonoraenequipo","https:\/\/www.youtube.com\/channel\/UC338nW-lPEYmJQs4ZABQ1SQ"]},{"@type":"Person","@id":"https:\/\/www.sonoraenequipo.com.mx\/#\/schema\/person\/50102df0fb23a8fa9e8effad8fa81386","name":"enequipo","image":{"@type":"ImageObject","inLanguage":"es","@id":"https:\/\/www.sonoraenequipo.com.mx\/#\/schema\/person\/image\/","url":"https:\/\/secure.gravatar.com\/avatar\/049821681b589dabc0bc20695993ccebb09f5b5d4d790cd9251b97faac7c652b?s=96&d=blank&r=g","contentUrl":"https:\/\/secure.gravatar.com\/avatar\/049821681b589dabc0bc20695993ccebb09f5b5d4d790cd9251b97faac7c652b?s=96&d=blank&r=g","caption":"enequipo"},"sameAs":["https:\/\/www.facebook.com\/SonoraEE"]}]}},"jetpack_featured_media_url":"https:\/\/www.sonoraenequipo.com.mx\/storage\/2026\/01\/Recibe-FAOT-2026-a-talento-operistico-de-la-Universidad-de-Sonora-1.jpg","_links":{"self":[{"href":"https:\/\/www.sonoraenequipo.com.mx\/api\/wp\/v2\/posts\/233907","targetHints":{"allow":["GET"]}}],"collection":[{"href":"https:\/\/www.sonoraenequipo.com.mx\/api\/wp\/v2\/posts"}],"about":[{"href":"https:\/\/www.sonoraenequipo.com.mx\/api\/wp\/v2\/types\/post"}],"author":[{"embeddable":true,"href":"https:\/\/www.sonoraenequipo.com.mx\/api\/wp\/v2\/users\/1"}],"replies":[{"embeddable":true,"href":"https:\/\/www.sonoraenequipo.com.mx\/api\/wp\/v2\/comments?post=233907"}],"version-history":[{"count":1,"href":"https:\/\/www.sonoraenequipo.com.mx\/api\/wp\/v2\/posts\/233907\/revisions"}],"predecessor-version":[{"id":233910,"href":"https:\/\/www.sonoraenequipo.com.mx\/api\/wp\/v2\/posts\/233907\/revisions\/233910"}],"wp:featuredmedia":[{"embeddable":true,"href":"https:\/\/www.sonoraenequipo.com.mx\/api\/wp\/v2\/media\/233909"}],"wp:attachment":[{"href":"https:\/\/www.sonoraenequipo.com.mx\/api\/wp\/v2\/media?parent=233907"}],"wp:term":[{"taxonomy":"category","embeddable":true,"href":"https:\/\/www.sonoraenequipo.com.mx\/api\/wp\/v2\/categories?post=233907"},{"taxonomy":"post_tag","embeddable":true,"href":"https:\/\/www.sonoraenequipo.com.mx\/api\/wp\/v2\/tags?post=233907"}],"curies":[{"name":"wp","href":"https:\/\/api.w.org\/{rel}","templated":true}]}}