{"id":234085,"date":"2026-01-29T16:50:23","date_gmt":"2026-01-29T23:50:23","guid":{"rendered":"https:\/\/www.sonoraenequipo.com.mx\/?p=234085"},"modified":"2026-01-29T16:51:21","modified_gmt":"2026-01-29T23:51:21","slug":"dip-independiente-alejandra-lopez-noriega-presidira-mesa-directiva-para-segundo-periodo-ordinario-y-extraordinario","status":"publish","type":"post","link":"https:\/\/www.sonoraenequipo.com.mx\/dip-independiente-alejandra-lopez-noriega-presidira-mesa-directiva-para-segundo-periodo-ordinario-y-extraordinario\/","title":{"rendered":"Dip. Alejandra L\u00f3pez Noriega presidir\u00e1 Mesa Directiva para segundo periodo ordinario y extraordinario"},"content":{"rendered":"<p><strong>HERMOSILLO, SONORA, MX. \u2014<\/strong> En sesi\u00f3n extraordinaria, el Pleno del Congreso del Estado de Sonora eligi\u00f3 a la Mesa Directiva que fungir\u00e1 durante el segundo periodo de sesiones ordinarias y extraordinarias del segundo a\u00f1o de ejercicio constitucional de la 64 Legislatura, adem\u00e1s de dar tr\u00e1mite a la correspondencia recibida.<\/p>\n<p>&nbsp;<\/p>\n<p>Los trabajos de la reuni\u00f3n estuvieron a cargo de la actual Diputaci\u00f3n Permanente, encabezada por la diputada Mar\u00eda Eduwiges Espinoza Tapia (Morena), en compa\u00f1\u00eda de la diputada Azalia Guevara Espinoza (PVEM) como vicepresidenta; el diputado Ren\u00e9 Edmundo Garc\u00eda Rojo (PT) como secretario; as\u00ed como la diputada Mar\u00eda Karina Olivares R\u00e1bago (PES) y el diputado Ra\u00fal Gonz\u00e1lez de la Vega (PVEM), en funciones de suplentes.<\/p>\n<p>&nbsp;<\/p>\n<p>A nombre de la Comisi\u00f3n de R\u00e9gimen Interno y Concertaci\u00f3n Pol\u00edtica (CRICP), la diputada Jazm\u00edn Guadalupe G\u00f3mez Liz\u00e1rraga (PT) present\u00f3 la propuesta de integraci\u00f3n de la Mesa Directiva que conducir\u00e1 los trabajos durante el segundo periodo de sesiones ordinarias y extraordinarias, misma que fue aprobada por el Pleno sin modificaciones.<\/p>\n<p>&nbsp;<\/p>\n<p>De esta forma, la Mesa Directiva qued\u00f3 integrada de la siguiente manera: la presidencia estar\u00e1 a cargo de la diputada Alejandra L\u00f3pez Noriega; la vicepresidencia, de la diputada Deni Gast\u00e9lum Barreras (Morena); como primer secretario, el diputado Ferm\u00edn Trujillo Fuentes (NAS); como segundo secretario, el diputado \u00d3scar Ortiz Arvayo (PT); y como suplente, la diputada Claudia Zulema Bours Corral (PVEM).<\/p>\n<p>&nbsp;<\/p>\n<p>Durante la sesi\u00f3n se dio tr\u00e1mite a la correspondencia recibida los d\u00edas 26 y 27 del presente mes, misma que fue turnada a las comisiones correspondientes para su conocimiento y atenci\u00f3n.<\/p>\n<p>&nbsp;<\/p>\n<p>Asimismo, se inform\u00f3 que en su momento se publicar\u00e1 en la Gaceta Parlamentaria el aviso para la celebraci\u00f3n de la pr\u00f3xima sesi\u00f3n del Pleno.<\/p>\n<p><strong>Fecha de publicaci\u00f3n jueves 29 de enero de 2026<\/strong><\/p>\n<p>&nbsp;<\/p>\n","protected":false},"excerpt":{"rendered":"<p>HERMOSILLO, SONORA, MX. \u2014 En sesi\u00f3n extraordinaria, el Pleno del Congreso del Estado de Sonora&#8230;<\/p>\n","protected":false},"author":1,"featured_media":234086,"comment_status":"open","ping_status":"open","sticky":false,"template":"","format":"standard","meta":{"_monsterinsights_skip_tracking":false,"_monsterinsights_sitenote_active":false,"_monsterinsights_sitenote_note":"","_monsterinsights_sitenote_category":0,"footnotes":""},"categories":[3281],"tags":[3132,1248],"class_list":["post"],"yoast_head":" \n<title>Sonora en Equipo. Dip. Alejandra L\u00f3pez Noriega presidir\u00e1 Mesa Directiva para segundo periodo ordinario y extraordinario Congreso<\/title>\n<meta name=\"description\" content=\"HERMOSILLO, SONORA, MX. \u2014 En sesi\u00f3n extraordinaria, el Pleno del Congreso del Estado de Sonora eligi\u00f3 a la Mesa Directiva que fungir\u00e1 durante el segundo En Sonora en Equipo publicamos toda la informaci\u00f3n de Sonora, M\u00e9xico y el Mundo de manera oportuna y busca que la libertad de expresi\u00f3n sea real. Visita nuestro medio informativo publicado desde Hermosillo, Sonora. %\" \/>\n<meta name=\"robots\" content=\"index, follow, max-snippet:-1, max-image-preview:large, max-video-preview:-1\" \/>\n<link rel=\"canonical\" href=\"https:\/\/www.sonoraenequipo.com.mx\/dip-independiente-alejandra-lopez-noriega-presidira-mesa-directiva-para-segundo-periodo-ordinario-y-extraordinario\/\" \/>\n<meta property=\"og:locale\" content=\"es_ES\" \/>\n<meta property=\"og:type\" content=\"article\" \/>\n<meta property=\"og:title\" content=\"Sonora en Equipo. Dip. Alejandra L\u00f3pez Noriega presidir\u00e1 Mesa Directiva para segundo periodo ordinario y extraordinario Congreso\" \/>\n<meta property=\"og:description\" content=\"HERMOSILLO, SONORA, MX. \u2014 En sesi\u00f3n extraordinaria, el Pleno del Congreso del Estado de Sonora eligi\u00f3 a la Mesa Directiva que fungir\u00e1 durante el segundo En Sonora en Equipo publicamos toda la informaci\u00f3n de Sonora, M\u00e9xico y el Mundo de manera oportuna y busca que la libertad de expresi\u00f3n sea real. Visita nuestro medio informativo publicado desde Hermosillo, Sonora. %\" \/>\n<meta property=\"og:url\" content=\"https:\/\/www.sonoraenequipo.com.mx\/dip-independiente-alejandra-lopez-noriega-presidira-mesa-directiva-para-segundo-periodo-ordinario-y-extraordinario\/\" \/>\n<meta property=\"og:site_name\" content=\"Sonora en Equipo.\" \/>\n<meta property=\"article:publisher\" content=\"https:\/\/www.facebook.com\/SonoraEE\/\" \/>\n<meta property=\"article:author\" content=\"https:\/\/www.facebook.com\/SonoraEE\" \/>\n<meta property=\"article:published_time\" content=\"2026-01-29T23:50:23+00:00\" \/>\n<meta property=\"article:modified_time\" content=\"2026-01-29T23:51:21+00:00\" \/>\n<meta property=\"og:image\" content=\"https:\/\/www.sonoraenequipo.com.mx\/storage\/2026\/01\/dip-ALN.jpg\" \/>\n\t<meta property=\"og:image:width\" content=\"600\" \/>\n\t<meta property=\"og:image:height\" content=\"408\" \/>\n\t<meta property=\"og:image:type\" content=\"image\/jpeg\" \/>\n<meta name=\"author\" content=\"enequipo\" \/>\n<meta name=\"twitter:card\" content=\"summary_large_image\" \/>\n<meta name=\"twitter:creator\" content=\"@sonoraenequipo\" \/>\n<meta name=\"twitter:site\" content=\"@sonoraenequipo\" \/>\n<meta name=\"twitter:label1\" content=\"Escrito por\" \/>\n\t<meta name=\"twitter:data1\" content=\"enequipo\" \/>\n\t<meta name=\"twitter:label2\" content=\"Tiempo de lectura\" \/>\n\t<meta name=\"twitter:data2\" content=\"2 minutos\" \/>\n<script type=\"application\/ld+json\" class=\"yoast-schema-graph\">{\"@context\":\"https:\/\/schema.org\",\"@graph\":[{\"@type\":\"Article\",\"@id\":\"https:\/\/www.sonoraenequipo.com.mx\/dip-independiente-alejandra-lopez-noriega-presidira-mesa-directiva-para-segundo-periodo-ordinario-y-extraordinario\/#article\",\"isPartOf\":{\"@id\":\"https:\/\/www.sonoraenequipo.com.mx\/dip-independiente-alejandra-lopez-noriega-presidira-mesa-directiva-para-segundo-periodo-ordinario-y-extraordinario\/\"},\"author\":{\"name\":\"enequipo\",\"@id\":\"https:\/\/www.sonoraenequipo.com.mx\/#\/schema\/person\/50102df0fb23a8fa9e8effad8fa81386\"},\"headline\":\"Dip. Alejandra L\u00f3pez Noriega presidir\u00e1 Mesa Directiva para segundo periodo ordinario y extraordinario\",\"datePublished\":\"2026-01-29T23:50:23+00:00\",\"dateModified\":\"2026-01-29T23:51:21+00:00\",\"mainEntityOfPage\":{\"@id\":\"https:\/\/www.sonoraenequipo.com.mx\/dip-independiente-alejandra-lopez-noriega-presidira-mesa-directiva-para-segundo-periodo-ordinario-y-extraordinario\/\"},\"wordCount\":333,\"commentCount\":0,\"publisher\":{\"@id\":\"https:\/\/www.sonoraenequipo.com.mx\/#organization\"},\"image\":{\"@id\":\"https:\/\/www.sonoraenequipo.com.mx\/dip-independiente-alejandra-lopez-noriega-presidira-mesa-directiva-para-segundo-periodo-ordinario-y-extraordinario\/#primaryimage\"},\"thumbnailUrl\":\"https:\/\/www.sonoraenequipo.com.mx\/storage\/2026\/01\/dip-ALN.jpg\",\"keywords\":[\"Alejandra L\u00f3pez Noriega\",\"CONGRESO\"],\"articleSection\":[\"Congreso\"],\"inLanguage\":\"es\",\"potentialAction\":[{\"@type\":\"CommentAction\",\"name\":\"Comment\",\"target\":[\"https:\/\/www.sonoraenequipo.com.mx\/dip-independiente-alejandra-lopez-noriega-presidira-mesa-directiva-para-segundo-periodo-ordinario-y-extraordinario\/#respond\"]}]},{\"@type\":\"WebPage\",\"@id\":\"https:\/\/www.sonoraenequipo.com.mx\/dip-independiente-alejandra-lopez-noriega-presidira-mesa-directiva-para-segundo-periodo-ordinario-y-extraordinario\/\",\"url\":\"https:\/\/www.sonoraenequipo.com.mx\/dip-independiente-alejandra-lopez-noriega-presidira-mesa-directiva-para-segundo-periodo-ordinario-y-extraordinario\/\",\"name\":\"Sonora en Equipo. Dip. Alejandra L\u00f3pez Noriega presidir\u00e1 Mesa Directiva para segundo periodo ordinario y extraordinario Congreso\",\"isPartOf\":{\"@id\":\"https:\/\/www.sonoraenequipo.com.mx\/#website\"},\"primaryImageOfPage\":{\"@id\":\"https:\/\/www.sonoraenequipo.com.mx\/dip-independiente-alejandra-lopez-noriega-presidira-mesa-directiva-para-segundo-periodo-ordinario-y-extraordinario\/#primaryimage\"},\"image\":{\"@id\":\"https:\/\/www.sonoraenequipo.com.mx\/dip-independiente-alejandra-lopez-noriega-presidira-mesa-directiva-para-segundo-periodo-ordinario-y-extraordinario\/#primaryimage\"},\"thumbnailUrl\":\"https:\/\/www.sonoraenequipo.com.mx\/storage\/2026\/01\/dip-ALN.jpg\",\"datePublished\":\"2026-01-29T23:50:23+00:00\",\"dateModified\":\"2026-01-29T23:51:21+00:00\",\"description\":\"HERMOSILLO, SONORA, MX. \u2014 En sesi\u00f3n extraordinaria, el Pleno del Congreso del Estado de Sonora eligi\u00f3 a la Mesa Directiva que fungir\u00e1 durante el segundo En Sonora en Equipo publicamos toda la informaci\u00f3n de Sonora, M\u00e9xico y el Mundo de manera oportuna y busca que la libertad de expresi\u00f3n sea real. Visita nuestro medio informativo publicado desde Hermosillo, Sonora. %\",\"breadcrumb\":{\"@id\":\"https:\/\/www.sonoraenequipo.com.mx\/dip-independiente-alejandra-lopez-noriega-presidira-mesa-directiva-para-segundo-periodo-ordinario-y-extraordinario\/#breadcrumb\"},\"inLanguage\":\"es\",\"potentialAction\":[{\"@type\":\"ReadAction\",\"target\":[\"https:\/\/www.sonoraenequipo.com.mx\/dip-independiente-alejandra-lopez-noriega-presidira-mesa-directiva-para-segundo-periodo-ordinario-y-extraordinario\/\"]}]},{\"@type\":\"ImageObject\",\"inLanguage\":\"es\",\"@id\":\"https:\/\/www.sonoraenequipo.com.mx\/dip-independiente-alejandra-lopez-noriega-presidira-mesa-directiva-para-segundo-periodo-ordinario-y-extraordinario\/#primaryimage\",\"url\":\"https:\/\/www.sonoraenequipo.com.mx\/storage\/2026\/01\/dip-ALN.jpg\",\"contentUrl\":\"https:\/\/www.sonoraenequipo.com.mx\/storage\/2026\/01\/dip-ALN.jpg\",\"width\":600,\"height\":408,\"caption\":\"La diputada L\u00f3pez Noriega abandon\u00f3 la Bancada del PAn en 2024 durante la discusi\u00f3n de la reforma judicial y vot\u00f3 con Morena a favor en la ratificaci\u00f3n del congreso estatal\"},{\"@type\":\"BreadcrumbList\",\"@id\":\"https:\/\/www.sonoraenequipo.com.mx\/dip-independiente-alejandra-lopez-noriega-presidira-mesa-directiva-para-segundo-periodo-ordinario-y-extraordinario\/#breadcrumb\",\"itemListElement\":[{\"@type\":\"ListItem\",\"position\":1,\"name\":\"Portada\",\"item\":\"https:\/\/www.sonoraenequipo.com.mx\/\"},{\"@type\":\"ListItem\",\"position\":2,\"name\":\"Dip. Alejandra L\u00f3pez Noriega presidir\u00e1 Mesa Directiva para segundo periodo ordinario y extraordinario\"}]},{\"@type\":\"WebSite\",\"@id\":\"https:\/\/www.sonoraenequipo.com.mx\/#website\",\"url\":\"https:\/\/www.sonoraenequipo.com.mx\/\",\"name\":\"Sonora en Equipo.\",\"description\":\"Diario en l\u00ednea con Noticias desde Hermosillo, Sonora\",\"publisher\":{\"@id\":\"https:\/\/www.sonoraenequipo.com.mx\/#organization\"},\"potentialAction\":[{\"@type\":\"SearchAction\",\"target\":{\"@type\":\"EntryPoint\",\"urlTemplate\":\"https:\/\/www.sonoraenequipo.com.mx\/?s={search_term_string}\"},\"query-input\":{\"@type\":\"PropertyValueSpecification\",\"valueRequired\":true,\"valueName\":\"search_term_string\"}}],\"inLanguage\":\"es\"},{\"@type\":\"Organization\",\"@id\":\"https:\/\/www.sonoraenequipo.com.mx\/#organization\",\"name\":\"Sonoraenequipo.com.mx\",\"url\":\"https:\/\/www.sonoraenequipo.com.mx\/\",\"logo\":{\"@type\":\"ImageObject\",\"inLanguage\":\"es\",\"@id\":\"https:\/\/www.sonoraenequipo.com.mx\/#\/schema\/logo\/image\/\",\"url\":\"https:\/\/www.sonoraenequipo.com.mx\/storage\/2019\/01\/sonoraenequipo_opt.png\",\"contentUrl\":\"https:\/\/www.sonoraenequipo.com.mx\/storage\/2019\/01\/sonoraenequipo_opt.png\",\"width\":375,\"height\":125,\"caption\":\"Sonoraenequipo.com.mx\"},\"image\":{\"@id\":\"https:\/\/www.sonoraenequipo.com.mx\/#\/schema\/logo\/image\/\"},\"sameAs\":[\"https:\/\/www.facebook.com\/SonoraEE\/\",\"https:\/\/x.com\/sonoraenequipo\",\"https:\/\/www.youtube.com\/channel\/UC338nW-lPEYmJQs4ZABQ1SQ\"]},{\"@type\":\"Person\",\"@id\":\"https:\/\/www.sonoraenequipo.com.mx\/#\/schema\/person\/50102df0fb23a8fa9e8effad8fa81386\",\"name\":\"enequipo\",\"image\":{\"@type\":\"ImageObject\",\"inLanguage\":\"es\",\"@id\":\"https:\/\/www.sonoraenequipo.com.mx\/#\/schema\/person\/image\/\",\"url\":\"https:\/\/secure.gravatar.com\/avatar\/049821681b589dabc0bc20695993ccebb09f5b5d4d790cd9251b97faac7c652b?s=96&d=blank&r=g\",\"contentUrl\":\"https:\/\/secure.gravatar.com\/avatar\/049821681b589dabc0bc20695993ccebb09f5b5d4d790cd9251b97faac7c652b?s=96&d=blank&r=g\",\"caption\":\"enequipo\"},\"sameAs\":[\"https:\/\/www.facebook.com\/SonoraEE\"]}]}<\/script>\n ","yoast_head_json":{"title":"Sonora en Equipo. Dip. Alejandra L\u00f3pez Noriega presidir\u00e1 Mesa Directiva para segundo periodo ordinario y extraordinario Congreso","description":"HERMOSILLO, SONORA, MX. \u2014 En sesi\u00f3n extraordinaria, el Pleno del Congreso del Estado de Sonora eligi\u00f3 a la Mesa Directiva que fungir\u00e1 durante el segundo En Sonora en Equipo publicamos toda la informaci\u00f3n de Sonora, M\u00e9xico y el Mundo de manera oportuna y busca que la libertad de expresi\u00f3n sea real. Visita nuestro medio informativo publicado desde Hermosillo, Sonora. %","robots":{"index":"index","follow":"follow","max-snippet":"max-snippet:-1","max-image-preview":"max-image-preview:large","max-video-preview":"max-video-preview:-1"},"canonical":"https:\/\/www.sonoraenequipo.com.mx\/dip-independiente-alejandra-lopez-noriega-presidira-mesa-directiva-para-segundo-periodo-ordinario-y-extraordinario\/","og_locale":"es_ES","og_type":"article","og_title":"Sonora en Equipo. Dip. Alejandra L\u00f3pez Noriega presidir\u00e1 Mesa Directiva para segundo periodo ordinario y extraordinario Congreso","og_description":"HERMOSILLO, SONORA, MX. \u2014 En sesi\u00f3n extraordinaria, el Pleno del Congreso del Estado de Sonora eligi\u00f3 a la Mesa Directiva que fungir\u00e1 durante el segundo En Sonora en Equipo publicamos toda la informaci\u00f3n de Sonora, M\u00e9xico y el Mundo de manera oportuna y busca que la libertad de expresi\u00f3n sea real. Visita nuestro medio informativo publicado desde Hermosillo, Sonora. %","og_url":"https:\/\/www.sonoraenequipo.com.mx\/dip-independiente-alejandra-lopez-noriega-presidira-mesa-directiva-para-segundo-periodo-ordinario-y-extraordinario\/","og_site_name":"Sonora en Equipo.","article_publisher":"https:\/\/www.facebook.com\/SonoraEE\/","article_author":"https:\/\/www.facebook.com\/SonoraEE","article_published_time":"2026-01-29T23:50:23+00:00","article_modified_time":"2026-01-29T23:51:21+00:00","og_image":[{"width":600,"height":408,"url":"https:\/\/www.sonoraenequipo.com.mx\/storage\/2026\/01\/dip-ALN.jpg","type":"image\/jpeg"}],"author":"enequipo","twitter_card":"summary_large_image","twitter_creator":"@sonoraenequipo","twitter_site":"@sonoraenequipo","twitter_misc":{"Escrito por":"enequipo","Tiempo de lectura":"2 minutos"},"schema":{"@context":"https:\/\/schema.org","@graph":[{"@type":"Article","@id":"https:\/\/www.sonoraenequipo.com.mx\/dip-independiente-alejandra-lopez-noriega-presidira-mesa-directiva-para-segundo-periodo-ordinario-y-extraordinario\/#article","isPartOf":{"@id":"https:\/\/www.sonoraenequipo.com.mx\/dip-independiente-alejandra-lopez-noriega-presidira-mesa-directiva-para-segundo-periodo-ordinario-y-extraordinario\/"},"author":{"name":"enequipo","@id":"https:\/\/www.sonoraenequipo.com.mx\/#\/schema\/person\/50102df0fb23a8fa9e8effad8fa81386"},"headline":"Dip. Alejandra L\u00f3pez Noriega presidir\u00e1 Mesa Directiva para segundo periodo ordinario y extraordinario","datePublished":"2026-01-29T23:50:23+00:00","dateModified":"2026-01-29T23:51:21+00:00","mainEntityOfPage":{"@id":"https:\/\/www.sonoraenequipo.com.mx\/dip-independiente-alejandra-lopez-noriega-presidira-mesa-directiva-para-segundo-periodo-ordinario-y-extraordinario\/"},"wordCount":333,"commentCount":0,"publisher":{"@id":"https:\/\/www.sonoraenequipo.com.mx\/#organization"},"image":{"@id":"https:\/\/www.sonoraenequipo.com.mx\/dip-independiente-alejandra-lopez-noriega-presidira-mesa-directiva-para-segundo-periodo-ordinario-y-extraordinario\/#primaryimage"},"thumbnailUrl":"https:\/\/www.sonoraenequipo.com.mx\/storage\/2026\/01\/dip-ALN.jpg","keywords":["Alejandra L\u00f3pez Noriega","CONGRESO"],"articleSection":["Congreso"],"inLanguage":"es","potentialAction":[{"@type":"CommentAction","name":"Comment","target":["https:\/\/www.sonoraenequipo.com.mx\/dip-independiente-alejandra-lopez-noriega-presidira-mesa-directiva-para-segundo-periodo-ordinario-y-extraordinario\/#respond"]}]},{"@type":"WebPage","@id":"https:\/\/www.sonoraenequipo.com.mx\/dip-independiente-alejandra-lopez-noriega-presidira-mesa-directiva-para-segundo-periodo-ordinario-y-extraordinario\/","url":"https:\/\/www.sonoraenequipo.com.mx\/dip-independiente-alejandra-lopez-noriega-presidira-mesa-directiva-para-segundo-periodo-ordinario-y-extraordinario\/","name":"Sonora en Equipo. Dip. Alejandra L\u00f3pez Noriega presidir\u00e1 Mesa Directiva para segundo periodo ordinario y extraordinario Congreso","isPartOf":{"@id":"https:\/\/www.sonoraenequipo.com.mx\/#website"},"primaryImageOfPage":{"@id":"https:\/\/www.sonoraenequipo.com.mx\/dip-independiente-alejandra-lopez-noriega-presidira-mesa-directiva-para-segundo-periodo-ordinario-y-extraordinario\/#primaryimage"},"image":{"@id":"https:\/\/www.sonoraenequipo.com.mx\/dip-independiente-alejandra-lopez-noriega-presidira-mesa-directiva-para-segundo-periodo-ordinario-y-extraordinario\/#primaryimage"},"thumbnailUrl":"https:\/\/www.sonoraenequipo.com.mx\/storage\/2026\/01\/dip-ALN.jpg","datePublished":"2026-01-29T23:50:23+00:00","dateModified":"2026-01-29T23:51:21+00:00","description":"HERMOSILLO, SONORA, MX. \u2014 En sesi\u00f3n extraordinaria, el Pleno del Congreso del Estado de Sonora eligi\u00f3 a la Mesa Directiva que fungir\u00e1 durante el segundo En Sonora en Equipo publicamos toda la informaci\u00f3n de Sonora, M\u00e9xico y el Mundo de manera oportuna y busca que la libertad de expresi\u00f3n sea real. Visita nuestro medio informativo publicado desde Hermosillo, Sonora. %","breadcrumb":{"@id":"https:\/\/www.sonoraenequipo.com.mx\/dip-independiente-alejandra-lopez-noriega-presidira-mesa-directiva-para-segundo-periodo-ordinario-y-extraordinario\/#breadcrumb"},"inLanguage":"es","potentialAction":[{"@type":"ReadAction","target":["https:\/\/www.sonoraenequipo.com.mx\/dip-independiente-alejandra-lopez-noriega-presidira-mesa-directiva-para-segundo-periodo-ordinario-y-extraordinario\/"]}]},{"@type":"ImageObject","inLanguage":"es","@id":"https:\/\/www.sonoraenequipo.com.mx\/dip-independiente-alejandra-lopez-noriega-presidira-mesa-directiva-para-segundo-periodo-ordinario-y-extraordinario\/#primaryimage","url":"https:\/\/www.sonoraenequipo.com.mx\/storage\/2026\/01\/dip-ALN.jpg","contentUrl":"https:\/\/www.sonoraenequipo.com.mx\/storage\/2026\/01\/dip-ALN.jpg","width":600,"height":408,"caption":"La diputada L\u00f3pez Noriega abandon\u00f3 la Bancada del PAn en 2024 durante la discusi\u00f3n de la reforma judicial y vot\u00f3 con Morena a favor en la ratificaci\u00f3n del congreso estatal"},{"@type":"BreadcrumbList","@id":"https:\/\/www.sonoraenequipo.com.mx\/dip-independiente-alejandra-lopez-noriega-presidira-mesa-directiva-para-segundo-periodo-ordinario-y-extraordinario\/#breadcrumb","itemListElement":[{"@type":"ListItem","position":1,"name":"Portada","item":"https:\/\/www.sonoraenequipo.com.mx\/"},{"@type":"ListItem","position":2,"name":"Dip. Alejandra L\u00f3pez Noriega presidir\u00e1 Mesa Directiva para segundo periodo ordinario y extraordinario"}]},{"@type":"WebSite","@id":"https:\/\/www.sonoraenequipo.com.mx\/#website","url":"https:\/\/www.sonoraenequipo.com.mx\/","name":"Sonora en Equipo.","description":"Diario en l\u00ednea con Noticias desde Hermosillo, Sonora","publisher":{"@id":"https:\/\/www.sonoraenequipo.com.mx\/#organization"},"potentialAction":[{"@type":"SearchAction","target":{"@type":"EntryPoint","urlTemplate":"https:\/\/www.sonoraenequipo.com.mx\/?s={search_term_string}"},"query-input":{"@type":"PropertyValueSpecification","valueRequired":true,"valueName":"search_term_string"}}],"inLanguage":"es"},{"@type":"Organization","@id":"https:\/\/www.sonoraenequipo.com.mx\/#organization","name":"Sonoraenequipo.com.mx","url":"https:\/\/www.sonoraenequipo.com.mx\/","logo":{"@type":"ImageObject","inLanguage":"es","@id":"https:\/\/www.sonoraenequipo.com.mx\/#\/schema\/logo\/image\/","url":"https:\/\/www.sonoraenequipo.com.mx\/storage\/2019\/01\/sonoraenequipo_opt.png","contentUrl":"https:\/\/www.sonoraenequipo.com.mx\/storage\/2019\/01\/sonoraenequipo_opt.png","width":375,"height":125,"caption":"Sonoraenequipo.com.mx"},"image":{"@id":"https:\/\/www.sonoraenequipo.com.mx\/#\/schema\/logo\/image\/"},"sameAs":["https:\/\/www.facebook.com\/SonoraEE\/","https:\/\/x.com\/sonoraenequipo","https:\/\/www.youtube.com\/channel\/UC338nW-lPEYmJQs4ZABQ1SQ"]},{"@type":"Person","@id":"https:\/\/www.sonoraenequipo.com.mx\/#\/schema\/person\/50102df0fb23a8fa9e8effad8fa81386","name":"enequipo","image":{"@type":"ImageObject","inLanguage":"es","@id":"https:\/\/www.sonoraenequipo.com.mx\/#\/schema\/person\/image\/","url":"https:\/\/secure.gravatar.com\/avatar\/049821681b589dabc0bc20695993ccebb09f5b5d4d790cd9251b97faac7c652b?s=96&d=blank&r=g","contentUrl":"https:\/\/secure.gravatar.com\/avatar\/049821681b589dabc0bc20695993ccebb09f5b5d4d790cd9251b97faac7c652b?s=96&d=blank&r=g","caption":"enequipo"},"sameAs":["https:\/\/www.facebook.com\/SonoraEE"]}]}},"jetpack_featured_media_url":"https:\/\/www.sonoraenequipo.com.mx\/storage\/2026\/01\/dip-ALN.jpg","_links":{"self":[{"href":"https:\/\/www.sonoraenequipo.com.mx\/api\/wp\/v2\/posts\/234085","targetHints":{"allow":["GET"]}}],"collection":[{"href":"https:\/\/www.sonoraenequipo.com.mx\/api\/wp\/v2\/posts"}],"about":[{"href":"https:\/\/www.sonoraenequipo.com.mx\/api\/wp\/v2\/types\/post"}],"author":[{"embeddable":true,"href":"https:\/\/www.sonoraenequipo.com.mx\/api\/wp\/v2\/users\/1"}],"replies":[{"embeddable":true,"href":"https:\/\/www.sonoraenequipo.com.mx\/api\/wp\/v2\/comments?post=234085"}],"version-history":[{"count":2,"href":"https:\/\/www.sonoraenequipo.com.mx\/api\/wp\/v2\/posts\/234085\/revisions"}],"predecessor-version":[{"id":234088,"href":"https:\/\/www.sonoraenequipo.com.mx\/api\/wp\/v2\/posts\/234085\/revisions\/234088"}],"wp:featuredmedia":[{"embeddable":true,"href":"https:\/\/www.sonoraenequipo.com.mx\/api\/wp\/v2\/media\/234086"}],"wp:attachment":[{"href":"https:\/\/www.sonoraenequipo.com.mx\/api\/wp\/v2\/media?parent=234085"}],"wp:term":[{"taxonomy":"category","embeddable":true,"href":"https:\/\/www.sonoraenequipo.com.mx\/api\/wp\/v2\/categories?post=234085"},{"taxonomy":"post_tag","embeddable":true,"href":"https:\/\/www.sonoraenequipo.com.mx\/api\/wp\/v2\/tags?post=234085"}],"curies":[{"name":"wp","href":"https:\/\/api.w.org\/{rel}","templated":true}]}}