{"id":234098,"date":"2026-01-29T22:23:40","date_gmt":"2026-01-30T05:23:40","guid":{"rendered":"https:\/\/www.sonoraenequipo.com.mx\/?p=234098"},"modified":"2026-01-30T13:03:33","modified_gmt":"2026-01-30T20:03:33","slug":"bazar-politico-kramer-vs-kramer-guelaguetza-style","status":"publish","type":"post","link":"https:\/\/www.sonoraenequipo.com.mx\/bazar-politico-kramer-vs-kramer-guelaguetza-style\/","title":{"rendered":"Bazar POL\u00cdTICO. Kramer vs Kramer guelaguetza style"},"content":{"rendered":"<p>&nbsp;<\/p>\n<p>\u201cNo hay m\u00e1s alianzas que las que trazan los intereses ni nunca las habr\u00e1.\u201d<\/p>\n<p>Pedro C\u00e1novas Del Castillo.Pol\u00edtico e historiador espa\u00f1ol<\/p>\n<p><strong>HERMOSILLO, SONORA, MX. \u2014<\/strong> No se puede defender lo indefendible pero la alianza Morena PT y PVEM cuando menos el PT parece comienza a presentar fisuras que al final pueden derrumbar la estructura, mientras los dirigentes nacionales de los tres partidos mencionados Luisa Mar\u00eda Alcalde Luj\u00e1n, Alberto Anaya Guti\u00e9rrez y Karen Castrej\u00f3n Trujillo, respectivamente, salieron el pasado mi\u00e9rcoles (28\/01\/2026)<\/p>\n<p>A desmentir que no hay divisi\u00f3n y aseguraron no habr\u00e1 ruptura y por el contrario la alianza para las elecciones intermedias de 2027 est\u00e1 firme<\/p>\n<p>Mientras a nivel nacional todo parece ser dulzura donde est\u00e1n de a peso las cachetadas es en Oaxaca luego de los resultados de la primera consulta estatal para revocar el mandato de un gobernador; entidad donde con el 58.8 por ciento se manifest\u00f3 a favor de que el gobernador morenista Salom\u00f3n Jara Cruz siga en el cargo mientras un 38.16 por ciento vot\u00f3 por revocarle el mandato. Cabe se\u00f1alar que en tierras oaxaque\u00f1as las diferencias entre petistas y morenistas parecen irreconciliables a grado tal que de acuerdo a medios locales los rojos operaron en contra de Jara Cruz\u00a0 durante el proceso y para amolarla de acabar el PT en voz de su dirigente estatal \u00a0Benjam\u00edn Robles Montoya hizo oficial que el partido\u00a0 impugnar\u00e1 los comicios adem\u00e1s calific\u00f3 a Jara Cruz de \u201cusurpador y villano\u201d.<\/p>\n<p>El dirigente\u00a0 asegur\u00f3 que hubo embarazo de urnas participaci\u00f3n at\u00edpica uso de programas sociales intervenci\u00f3n de funcionarios de gobierno que operaron a favor del mandatario estatal, as\u00ed como otras irregularidades.<\/p>\n<p>Tambi\u00e9n \u00a0el partido Movimiento Ciudadano en esa entidad impugnar\u00e1 los resultados alegando fraude electoral, argumentando que en\u00a0 algunos municipios la votaci\u00f3n super\u00f3 a la lista nominal. d\u00f3nde hab\u00eda escuchado eso. D\u00e9ja v\u00fa<\/p>\n<p>Veremos qui\u00e9n pone orden y si no escala el conflicto.<\/p>\n<p><strong>Fecha de publicaci\u00f3n viernes 30 de enero de 2026<\/strong><\/p>\n","protected":false},"excerpt":{"rendered":"<p>&nbsp; \u201cNo hay m\u00e1s alianzas que las que trazan los intereses ni nunca las habr\u00e1.\u201d&#8230;<\/p>\n","protected":false},"author":6,"featured_media":234102,"comment_status":"open","ping_status":"open","sticky":false,"template":"","format":"standard","meta":{"_monsterinsights_skip_tracking":false,"_monsterinsights_sitenote_active":false,"_monsterinsights_sitenote_note":"","_monsterinsights_sitenote_category":0,"footnotes":""},"categories":[14],"tags":[694,12300],"class_list":["post"],"yoast_head":" \n<title>Sonora en Equipo. Bazar POL\u00cdTICO. Kramer vs Kramer guelaguetza style Voces<\/title>\n<meta name=\"description\" content=\"&nbsp; \u201cNo hay m\u00e1s alianzas que las que trazan los intereses ni nunca las habr\u00e1.\u201d Pedro C\u00e1novas Del Castillo.Pol\u00edtico e historiador espa\u00f1ol HERMOSILLO, En Sonora en Equipo publicamos toda la informaci\u00f3n de Sonora, M\u00e9xico y el Mundo de manera oportuna y busca que la libertad de expresi\u00f3n sea real. Visita nuestro medio informativo publicado desde Hermosillo, Sonora. %\" \/>\n<meta name=\"robots\" content=\"index, follow, max-snippet:-1, max-image-preview:large, max-video-preview:-1\" \/>\n<link rel=\"canonical\" href=\"https:\/\/www.sonoraenequipo.com.mx\/bazar-politico-kramer-vs-kramer-guelaguetza-style\/\" \/>\n<meta property=\"og:locale\" content=\"es_ES\" \/>\n<meta property=\"og:type\" content=\"article\" \/>\n<meta property=\"og:title\" content=\"Sonora en Equipo. Bazar POL\u00cdTICO. Kramer vs Kramer guelaguetza style Voces\" \/>\n<meta property=\"og:description\" content=\"&nbsp; \u201cNo hay m\u00e1s alianzas que las que trazan los intereses ni nunca las habr\u00e1.\u201d Pedro C\u00e1novas Del Castillo.Pol\u00edtico e historiador espa\u00f1ol HERMOSILLO, En Sonora en Equipo publicamos toda la informaci\u00f3n de Sonora, M\u00e9xico y el Mundo de manera oportuna y busca que la libertad de expresi\u00f3n sea real. Visita nuestro medio informativo publicado desde Hermosillo, Sonora. %\" \/>\n<meta property=\"og:url\" content=\"https:\/\/www.sonoraenequipo.com.mx\/bazar-politico-kramer-vs-kramer-guelaguetza-style\/\" \/>\n<meta property=\"og:site_name\" content=\"Sonora en Equipo.\" \/>\n<meta property=\"article:publisher\" content=\"https:\/\/www.facebook.com\/SonoraEE\/\" \/>\n<meta property=\"article:published_time\" content=\"2026-01-30T05:23:40+00:00\" \/>\n<meta property=\"article:modified_time\" content=\"2026-01-30T20:03:33+00:00\" \/>\n<meta property=\"og:image\" content=\"https:\/\/www.sonoraenequipo.com.mx\/storage\/2026\/01\/alianza.jpg\" \/>\n\t<meta property=\"og:image:width\" content=\"600\" \/>\n\t<meta property=\"og:image:height\" content=\"400\" \/>\n\t<meta property=\"og:image:type\" content=\"image\/jpeg\" \/>\n<meta name=\"author\" content=\"Nacho Bandin\" \/>\n<meta name=\"twitter:card\" content=\"summary_large_image\" \/>\n<meta name=\"twitter:creator\" content=\"@sonoraenequipo\" \/>\n<meta name=\"twitter:site\" content=\"@sonoraenequipo\" \/>\n<meta name=\"twitter:label1\" content=\"Escrito por\" \/>\n\t<meta name=\"twitter:data1\" content=\"Nacho Bandin\" \/>\n\t<meta name=\"twitter:label2\" content=\"Tiempo de lectura\" \/>\n\t<meta name=\"twitter:data2\" content=\"2 minutos\" \/>\n<script type=\"application\/ld+json\" class=\"yoast-schema-graph\">{\"@context\":\"https:\/\/schema.org\",\"@graph\":[{\"@type\":\"Article\",\"@id\":\"https:\/\/www.sonoraenequipo.com.mx\/bazar-politico-kramer-vs-kramer-guelaguetza-style\/#article\",\"isPartOf\":{\"@id\":\"https:\/\/www.sonoraenequipo.com.mx\/bazar-politico-kramer-vs-kramer-guelaguetza-style\/\"},\"author\":{\"name\":\"Nacho Bandin\",\"@id\":\"https:\/\/www.sonoraenequipo.com.mx\/#\/schema\/person\/fbd9952aca28efec00f1fb7fa9428cad\"},\"headline\":\"Bazar POL\u00cdTICO. Kramer vs Kramer guelaguetza style\",\"datePublished\":\"2026-01-30T05:23:40+00:00\",\"dateModified\":\"2026-01-30T20:03:33+00:00\",\"mainEntityOfPage\":{\"@id\":\"https:\/\/www.sonoraenequipo.com.mx\/bazar-politico-kramer-vs-kramer-guelaguetza-style\/\"},\"wordCount\":349,\"commentCount\":0,\"publisher\":{\"@id\":\"https:\/\/www.sonoraenequipo.com.mx\/#organization\"},\"image\":{\"@id\":\"https:\/\/www.sonoraenequipo.com.mx\/bazar-politico-kramer-vs-kramer-guelaguetza-style\/#primaryimage\"},\"thumbnailUrl\":\"https:\/\/www.sonoraenequipo.com.mx\/storage\/2026\/01\/alianza.jpg\",\"keywords\":[\"Oaxaca\",\"pt contra morena\"],\"articleSection\":[\"Voces\"],\"inLanguage\":\"es\",\"potentialAction\":[{\"@type\":\"CommentAction\",\"name\":\"Comment\",\"target\":[\"https:\/\/www.sonoraenequipo.com.mx\/bazar-politico-kramer-vs-kramer-guelaguetza-style\/#respond\"]}]},{\"@type\":\"WebPage\",\"@id\":\"https:\/\/www.sonoraenequipo.com.mx\/bazar-politico-kramer-vs-kramer-guelaguetza-style\/\",\"url\":\"https:\/\/www.sonoraenequipo.com.mx\/bazar-politico-kramer-vs-kramer-guelaguetza-style\/\",\"name\":\"Sonora en Equipo. Bazar POL\u00cdTICO. Kramer vs Kramer guelaguetza style Voces\",\"isPartOf\":{\"@id\":\"https:\/\/www.sonoraenequipo.com.mx\/#website\"},\"primaryImageOfPage\":{\"@id\":\"https:\/\/www.sonoraenequipo.com.mx\/bazar-politico-kramer-vs-kramer-guelaguetza-style\/#primaryimage\"},\"image\":{\"@id\":\"https:\/\/www.sonoraenequipo.com.mx\/bazar-politico-kramer-vs-kramer-guelaguetza-style\/#primaryimage\"},\"thumbnailUrl\":\"https:\/\/www.sonoraenequipo.com.mx\/storage\/2026\/01\/alianza.jpg\",\"datePublished\":\"2026-01-30T05:23:40+00:00\",\"dateModified\":\"2026-01-30T20:03:33+00:00\",\"description\":\"&nbsp; \u201cNo hay m\u00e1s alianzas que las que trazan los intereses ni nunca las habr\u00e1.\u201d Pedro C\u00e1novas Del Castillo.Pol\u00edtico e historiador espa\u00f1ol HERMOSILLO, En Sonora en Equipo publicamos toda la informaci\u00f3n de Sonora, M\u00e9xico y el Mundo de manera oportuna y busca que la libertad de expresi\u00f3n sea real. Visita nuestro medio informativo publicado desde Hermosillo, Sonora. %\",\"breadcrumb\":{\"@id\":\"https:\/\/www.sonoraenequipo.com.mx\/bazar-politico-kramer-vs-kramer-guelaguetza-style\/#breadcrumb\"},\"inLanguage\":\"es\",\"potentialAction\":[{\"@type\":\"ReadAction\",\"target\":[\"https:\/\/www.sonoraenequipo.com.mx\/bazar-politico-kramer-vs-kramer-guelaguetza-style\/\"]}]},{\"@type\":\"ImageObject\",\"inLanguage\":\"es\",\"@id\":\"https:\/\/www.sonoraenequipo.com.mx\/bazar-politico-kramer-vs-kramer-guelaguetza-style\/#primaryimage\",\"url\":\"https:\/\/www.sonoraenequipo.com.mx\/storage\/2026\/01\/alianza.jpg\",\"contentUrl\":\"https:\/\/www.sonoraenequipo.com.mx\/storage\/2026\/01\/alianza.jpg\",\"width\":600,\"height\":400},{\"@type\":\"BreadcrumbList\",\"@id\":\"https:\/\/www.sonoraenequipo.com.mx\/bazar-politico-kramer-vs-kramer-guelaguetza-style\/#breadcrumb\",\"itemListElement\":[{\"@type\":\"ListItem\",\"position\":1,\"name\":\"Portada\",\"item\":\"https:\/\/www.sonoraenequipo.com.mx\/\"},{\"@type\":\"ListItem\",\"position\":2,\"name\":\"Bazar POL\u00cdTICO. Kramer vs Kramer guelaguetza style\"}]},{\"@type\":\"WebSite\",\"@id\":\"https:\/\/www.sonoraenequipo.com.mx\/#website\",\"url\":\"https:\/\/www.sonoraenequipo.com.mx\/\",\"name\":\"Sonora en Equipo.\",\"description\":\"Diario en l\u00ednea con Noticias desde Hermosillo, Sonora\",\"publisher\":{\"@id\":\"https:\/\/www.sonoraenequipo.com.mx\/#organization\"},\"potentialAction\":[{\"@type\":\"SearchAction\",\"target\":{\"@type\":\"EntryPoint\",\"urlTemplate\":\"https:\/\/www.sonoraenequipo.com.mx\/?s={search_term_string}\"},\"query-input\":{\"@type\":\"PropertyValueSpecification\",\"valueRequired\":true,\"valueName\":\"search_term_string\"}}],\"inLanguage\":\"es\"},{\"@type\":\"Organization\",\"@id\":\"https:\/\/www.sonoraenequipo.com.mx\/#organization\",\"name\":\"Sonoraenequipo.com.mx\",\"url\":\"https:\/\/www.sonoraenequipo.com.mx\/\",\"logo\":{\"@type\":\"ImageObject\",\"inLanguage\":\"es\",\"@id\":\"https:\/\/www.sonoraenequipo.com.mx\/#\/schema\/logo\/image\/\",\"url\":\"https:\/\/www.sonoraenequipo.com.mx\/storage\/2019\/01\/sonoraenequipo_opt.png\",\"contentUrl\":\"https:\/\/www.sonoraenequipo.com.mx\/storage\/2019\/01\/sonoraenequipo_opt.png\",\"width\":375,\"height\":125,\"caption\":\"Sonoraenequipo.com.mx\"},\"image\":{\"@id\":\"https:\/\/www.sonoraenequipo.com.mx\/#\/schema\/logo\/image\/\"},\"sameAs\":[\"https:\/\/www.facebook.com\/SonoraEE\/\",\"https:\/\/x.com\/sonoraenequipo\",\"https:\/\/www.youtube.com\/channel\/UC338nW-lPEYmJQs4ZABQ1SQ\"]},{\"@type\":\"Person\",\"@id\":\"https:\/\/www.sonoraenequipo.com.mx\/#\/schema\/person\/fbd9952aca28efec00f1fb7fa9428cad\",\"name\":\"Nacho Bandin\",\"image\":{\"@type\":\"ImageObject\",\"inLanguage\":\"es\",\"@id\":\"https:\/\/www.sonoraenequipo.com.mx\/#\/schema\/person\/image\/\",\"url\":\"https:\/\/secure.gravatar.com\/avatar\/aa8b9910cb9aca6bb907bea274a87d80d1290d00069310f251740e3ee0bf15f1?s=96&d=blank&r=g\",\"contentUrl\":\"https:\/\/secure.gravatar.com\/avatar\/aa8b9910cb9aca6bb907bea274a87d80d1290d00069310f251740e3ee0bf15f1?s=96&d=blank&r=g\",\"caption\":\"Nacho Bandin\"},\"sameAs\":[\"http:\/\/sonoraenequipo.com.mx\"]}]}<\/script>\n ","yoast_head_json":{"title":"Sonora en Equipo. Bazar POL\u00cdTICO. Kramer vs Kramer guelaguetza style Voces","description":"&nbsp; \u201cNo hay m\u00e1s alianzas que las que trazan los intereses ni nunca las habr\u00e1.\u201d Pedro C\u00e1novas Del Castillo.Pol\u00edtico e historiador espa\u00f1ol HERMOSILLO, En Sonora en Equipo publicamos toda la informaci\u00f3n de Sonora, M\u00e9xico y el Mundo de manera oportuna y busca que la libertad de expresi\u00f3n sea real. Visita nuestro medio informativo publicado desde Hermosillo, Sonora. %","robots":{"index":"index","follow":"follow","max-snippet":"max-snippet:-1","max-image-preview":"max-image-preview:large","max-video-preview":"max-video-preview:-1"},"canonical":"https:\/\/www.sonoraenequipo.com.mx\/bazar-politico-kramer-vs-kramer-guelaguetza-style\/","og_locale":"es_ES","og_type":"article","og_title":"Sonora en Equipo. Bazar POL\u00cdTICO. Kramer vs Kramer guelaguetza style Voces","og_description":"&nbsp; \u201cNo hay m\u00e1s alianzas que las que trazan los intereses ni nunca las habr\u00e1.\u201d Pedro C\u00e1novas Del Castillo.Pol\u00edtico e historiador espa\u00f1ol HERMOSILLO, En Sonora en Equipo publicamos toda la informaci\u00f3n de Sonora, M\u00e9xico y el Mundo de manera oportuna y busca que la libertad de expresi\u00f3n sea real. Visita nuestro medio informativo publicado desde Hermosillo, Sonora. %","og_url":"https:\/\/www.sonoraenequipo.com.mx\/bazar-politico-kramer-vs-kramer-guelaguetza-style\/","og_site_name":"Sonora en Equipo.","article_publisher":"https:\/\/www.facebook.com\/SonoraEE\/","article_published_time":"2026-01-30T05:23:40+00:00","article_modified_time":"2026-01-30T20:03:33+00:00","og_image":[{"width":600,"height":400,"url":"https:\/\/www.sonoraenequipo.com.mx\/storage\/2026\/01\/alianza.jpg","type":"image\/jpeg"}],"author":"Nacho Bandin","twitter_card":"summary_large_image","twitter_creator":"@sonoraenequipo","twitter_site":"@sonoraenequipo","twitter_misc":{"Escrito por":"Nacho Bandin","Tiempo de lectura":"2 minutos"},"schema":{"@context":"https:\/\/schema.org","@graph":[{"@type":"Article","@id":"https:\/\/www.sonoraenequipo.com.mx\/bazar-politico-kramer-vs-kramer-guelaguetza-style\/#article","isPartOf":{"@id":"https:\/\/www.sonoraenequipo.com.mx\/bazar-politico-kramer-vs-kramer-guelaguetza-style\/"},"author":{"name":"Nacho Bandin","@id":"https:\/\/www.sonoraenequipo.com.mx\/#\/schema\/person\/fbd9952aca28efec00f1fb7fa9428cad"},"headline":"Bazar POL\u00cdTICO. Kramer vs Kramer guelaguetza style","datePublished":"2026-01-30T05:23:40+00:00","dateModified":"2026-01-30T20:03:33+00:00","mainEntityOfPage":{"@id":"https:\/\/www.sonoraenequipo.com.mx\/bazar-politico-kramer-vs-kramer-guelaguetza-style\/"},"wordCount":349,"commentCount":0,"publisher":{"@id":"https:\/\/www.sonoraenequipo.com.mx\/#organization"},"image":{"@id":"https:\/\/www.sonoraenequipo.com.mx\/bazar-politico-kramer-vs-kramer-guelaguetza-style\/#primaryimage"},"thumbnailUrl":"https:\/\/www.sonoraenequipo.com.mx\/storage\/2026\/01\/alianza.jpg","keywords":["Oaxaca","pt contra morena"],"articleSection":["Voces"],"inLanguage":"es","potentialAction":[{"@type":"CommentAction","name":"Comment","target":["https:\/\/www.sonoraenequipo.com.mx\/bazar-politico-kramer-vs-kramer-guelaguetza-style\/#respond"]}]},{"@type":"WebPage","@id":"https:\/\/www.sonoraenequipo.com.mx\/bazar-politico-kramer-vs-kramer-guelaguetza-style\/","url":"https:\/\/www.sonoraenequipo.com.mx\/bazar-politico-kramer-vs-kramer-guelaguetza-style\/","name":"Sonora en Equipo. Bazar POL\u00cdTICO. Kramer vs Kramer guelaguetza style Voces","isPartOf":{"@id":"https:\/\/www.sonoraenequipo.com.mx\/#website"},"primaryImageOfPage":{"@id":"https:\/\/www.sonoraenequipo.com.mx\/bazar-politico-kramer-vs-kramer-guelaguetza-style\/#primaryimage"},"image":{"@id":"https:\/\/www.sonoraenequipo.com.mx\/bazar-politico-kramer-vs-kramer-guelaguetza-style\/#primaryimage"},"thumbnailUrl":"https:\/\/www.sonoraenequipo.com.mx\/storage\/2026\/01\/alianza.jpg","datePublished":"2026-01-30T05:23:40+00:00","dateModified":"2026-01-30T20:03:33+00:00","description":"&nbsp; \u201cNo hay m\u00e1s alianzas que las que trazan los intereses ni nunca las habr\u00e1.\u201d Pedro C\u00e1novas Del Castillo.Pol\u00edtico e historiador espa\u00f1ol HERMOSILLO, En Sonora en Equipo publicamos toda la informaci\u00f3n de Sonora, M\u00e9xico y el Mundo de manera oportuna y busca que la libertad de expresi\u00f3n sea real. Visita nuestro medio informativo publicado desde Hermosillo, Sonora. %","breadcrumb":{"@id":"https:\/\/www.sonoraenequipo.com.mx\/bazar-politico-kramer-vs-kramer-guelaguetza-style\/#breadcrumb"},"inLanguage":"es","potentialAction":[{"@type":"ReadAction","target":["https:\/\/www.sonoraenequipo.com.mx\/bazar-politico-kramer-vs-kramer-guelaguetza-style\/"]}]},{"@type":"ImageObject","inLanguage":"es","@id":"https:\/\/www.sonoraenequipo.com.mx\/bazar-politico-kramer-vs-kramer-guelaguetza-style\/#primaryimage","url":"https:\/\/www.sonoraenequipo.com.mx\/storage\/2026\/01\/alianza.jpg","contentUrl":"https:\/\/www.sonoraenequipo.com.mx\/storage\/2026\/01\/alianza.jpg","width":600,"height":400},{"@type":"BreadcrumbList","@id":"https:\/\/www.sonoraenequipo.com.mx\/bazar-politico-kramer-vs-kramer-guelaguetza-style\/#breadcrumb","itemListElement":[{"@type":"ListItem","position":1,"name":"Portada","item":"https:\/\/www.sonoraenequipo.com.mx\/"},{"@type":"ListItem","position":2,"name":"Bazar POL\u00cdTICO. Kramer vs Kramer guelaguetza style"}]},{"@type":"WebSite","@id":"https:\/\/www.sonoraenequipo.com.mx\/#website","url":"https:\/\/www.sonoraenequipo.com.mx\/","name":"Sonora en Equipo.","description":"Diario en l\u00ednea con Noticias desde Hermosillo, Sonora","publisher":{"@id":"https:\/\/www.sonoraenequipo.com.mx\/#organization"},"potentialAction":[{"@type":"SearchAction","target":{"@type":"EntryPoint","urlTemplate":"https:\/\/www.sonoraenequipo.com.mx\/?s={search_term_string}"},"query-input":{"@type":"PropertyValueSpecification","valueRequired":true,"valueName":"search_term_string"}}],"inLanguage":"es"},{"@type":"Organization","@id":"https:\/\/www.sonoraenequipo.com.mx\/#organization","name":"Sonoraenequipo.com.mx","url":"https:\/\/www.sonoraenequipo.com.mx\/","logo":{"@type":"ImageObject","inLanguage":"es","@id":"https:\/\/www.sonoraenequipo.com.mx\/#\/schema\/logo\/image\/","url":"https:\/\/www.sonoraenequipo.com.mx\/storage\/2019\/01\/sonoraenequipo_opt.png","contentUrl":"https:\/\/www.sonoraenequipo.com.mx\/storage\/2019\/01\/sonoraenequipo_opt.png","width":375,"height":125,"caption":"Sonoraenequipo.com.mx"},"image":{"@id":"https:\/\/www.sonoraenequipo.com.mx\/#\/schema\/logo\/image\/"},"sameAs":["https:\/\/www.facebook.com\/SonoraEE\/","https:\/\/x.com\/sonoraenequipo","https:\/\/www.youtube.com\/channel\/UC338nW-lPEYmJQs4ZABQ1SQ"]},{"@type":"Person","@id":"https:\/\/www.sonoraenequipo.com.mx\/#\/schema\/person\/fbd9952aca28efec00f1fb7fa9428cad","name":"Nacho Bandin","image":{"@type":"ImageObject","inLanguage":"es","@id":"https:\/\/www.sonoraenequipo.com.mx\/#\/schema\/person\/image\/","url":"https:\/\/secure.gravatar.com\/avatar\/aa8b9910cb9aca6bb907bea274a87d80d1290d00069310f251740e3ee0bf15f1?s=96&d=blank&r=g","contentUrl":"https:\/\/secure.gravatar.com\/avatar\/aa8b9910cb9aca6bb907bea274a87d80d1290d00069310f251740e3ee0bf15f1?s=96&d=blank&r=g","caption":"Nacho Bandin"},"sameAs":["http:\/\/sonoraenequipo.com.mx"]}]}},"jetpack_featured_media_url":"https:\/\/www.sonoraenequipo.com.mx\/storage\/2026\/01\/alianza.jpg","_links":{"self":[{"href":"https:\/\/www.sonoraenequipo.com.mx\/api\/wp\/v2\/posts\/234098","targetHints":{"allow":["GET"]}}],"collection":[{"href":"https:\/\/www.sonoraenequipo.com.mx\/api\/wp\/v2\/posts"}],"about":[{"href":"https:\/\/www.sonoraenequipo.com.mx\/api\/wp\/v2\/types\/post"}],"author":[{"embeddable":true,"href":"https:\/\/www.sonoraenequipo.com.mx\/api\/wp\/v2\/users\/6"}],"replies":[{"embeddable":true,"href":"https:\/\/www.sonoraenequipo.com.mx\/api\/wp\/v2\/comments?post=234098"}],"version-history":[{"count":4,"href":"https:\/\/www.sonoraenequipo.com.mx\/api\/wp\/v2\/posts\/234098\/revisions"}],"predecessor-version":[{"id":234127,"href":"https:\/\/www.sonoraenequipo.com.mx\/api\/wp\/v2\/posts\/234098\/revisions\/234127"}],"wp:featuredmedia":[{"embeddable":true,"href":"https:\/\/www.sonoraenequipo.com.mx\/api\/wp\/v2\/media\/234102"}],"wp:attachment":[{"href":"https:\/\/www.sonoraenequipo.com.mx\/api\/wp\/v2\/media?parent=234098"}],"wp:term":[{"taxonomy":"category","embeddable":true,"href":"https:\/\/www.sonoraenequipo.com.mx\/api\/wp\/v2\/categories?post=234098"},{"taxonomy":"post_tag","embeddable":true,"href":"https:\/\/www.sonoraenequipo.com.mx\/api\/wp\/v2\/tags?post=234098"}],"curies":[{"name":"wp","href":"https:\/\/api.w.org\/{rel}","templated":true}]}}