{"id":234107,"date":"2026-01-29T18:55:05","date_gmt":"2026-01-30T01:55:05","guid":{"rendered":"https:\/\/www.sonoraenequipo.com.mx\/?p=234107"},"modified":"2026-01-29T22:44:27","modified_gmt":"2026-01-30T05:44:27","slug":"fiesta-en-sonora-con-el-bacanora-hermosillo-sera-sede-de-la-primera-edicion","status":"publish","type":"post","link":"https:\/\/www.sonoraenequipo.com.mx\/fiesta-en-sonora-con-el-bacanora-hermosillo-sera-sede-de-la-primera-edicion\/","title":{"rendered":"Fiesta en Sonora con el Bacanora: Hermosillo ser\u00e1 sede de la primera edici\u00f3n"},"content":{"rendered":"<p><strong>HERMOSILLO, SONORA.MX. \u2014<\/strong> Hermosillo ser\u00e1 sede de la primera edici\u00f3n de Fiesta en Sonora con el Bacanora, un evento que busca posicionar esta bebida emblem\u00e1tica del estado y fortalecer su proyecci\u00f3n cultural y tur\u00edstica.<\/p>\n<p>&nbsp;<\/p>\n<p>&nbsp;<\/p>\n<p>&nbsp;<\/p>\n<p> <\/p>\n<p>Pavel Dennis Qui\u00f1ones y Benjam\u00edn Soto, integrantes del comit\u00e9 organizador, informaron que la celebraci\u00f3n se realizar\u00e1 los d\u00edas 13 y 14 de febrero en el Expo Forum, con la participaci\u00f3n de alrededor de 20 marcas de bacanora y m\u00faltiples actividades para el p\u00fablico.<\/p>\n<p>&nbsp;<\/p>\n<p>&nbsp;<\/p>\n<p>&nbsp;<\/p>\n<p><em><strong>\u201cSomos un equipo de productores y empresarios que estamos obviamente buscando posicionar el tema del Bacanora. Sin lugar a dudas este evento que es Fiesta en Sonora con el Bacanora es la primera edici\u00f3n que se va a hacer en Hermosillo Sonora y tenemos una colaboraci\u00f3n tambi\u00e9n con algunas empresas como Sonora Tours, que es un aliado estrat\u00e9gico en este evento\u201d,<\/strong><\/em> dijo.<\/p>\n<p>&nbsp;<\/p>\n<p>&nbsp;<\/p>\n<p>Detall\u00f3 que el programa incluye exposiciones, gastronom\u00eda regional, artesan\u00edas, concursos de mixolog\u00eda, competencia de campo y presentaciones musicales.<\/p>\n<p>&nbsp;<\/p>\n<p>&nbsp;<\/p>\n<p>Los organizadores destacaron que el objetivo principal es romper tab\u00faes sobre el consumo del bacanora, resaltar su car\u00e1cter artesanal y su historia de m\u00e1s de 300 a\u00f1os, adem\u00e1s de impulsar que Sonora sea reconocido por sus c\u00f3cteles y su \u00fanica denominaci\u00f3n de origen. El evento se desarrollar\u00e1 de 15:00 a 02:00 horas, con boletos a la venta en XTicket.mx.<\/p>\n<p>&nbsp;<\/p>\n<p>&nbsp;<\/p>\n<p>PUBLICADO EL 29 DE ENERO 2026 Con informaci\u00f3n de GOBSON)<\/p>\n","protected":false},"excerpt":{"rendered":"<p>HERMOSILLO, SONORA.MX. \u2014 Hermosillo ser\u00e1 sede de la primera edici\u00f3n de Fiesta en Sonora con&#8230;<\/p>\n","protected":false},"author":1,"featured_media":234111,"comment_status":"open","ping_status":"open","sticky":false,"template":"","format":"standard","meta":{"_monsterinsights_skip_tracking":false,"_monsterinsights_sitenote_active":false,"_monsterinsights_sitenote_note":"","_monsterinsights_sitenote_category":0,"footnotes":""},"categories":[4],"tags":[],"class_list":["post"],"yoast_head":" \n<title>Sonora en Equipo. Fiesta en Sonora con el Bacanora: Hermosillo ser\u00e1 sede de la primera edici\u00f3n Municipios<\/title>\n<meta name=\"description\" content=\"HERMOSILLO, SONORA.MX. \u2014 Hermosillo ser\u00e1 sede de la primera edici\u00f3n de Fiesta en Sonora con el Bacanora, un evento que busca posicionar esta bebida En Sonora en Equipo publicamos toda la informaci\u00f3n de Sonora, M\u00e9xico y el Mundo de manera oportuna y busca que la libertad de expresi\u00f3n sea real. Visita nuestro medio informativo publicado desde Hermosillo, Sonora. %\" \/>\n<meta name=\"robots\" content=\"index, follow, max-snippet:-1, max-image-preview:large, max-video-preview:-1\" \/>\n<link rel=\"canonical\" href=\"https:\/\/www.sonoraenequipo.com.mx\/fiesta-en-sonora-con-el-bacanora-hermosillo-sera-sede-de-la-primera-edicion\/\" \/>\n<meta property=\"og:locale\" content=\"es_ES\" \/>\n<meta property=\"og:type\" content=\"article\" \/>\n<meta property=\"og:title\" content=\"Sonora en Equipo. Fiesta en Sonora con el Bacanora: Hermosillo ser\u00e1 sede de la primera edici\u00f3n Municipios\" \/>\n<meta property=\"og:description\" content=\"HERMOSILLO, SONORA.MX. \u2014 Hermosillo ser\u00e1 sede de la primera edici\u00f3n de Fiesta en Sonora con el Bacanora, un evento que busca posicionar esta bebida En Sonora en Equipo publicamos toda la informaci\u00f3n de Sonora, M\u00e9xico y el Mundo de manera oportuna y busca que la libertad de expresi\u00f3n sea real. Visita nuestro medio informativo publicado desde Hermosillo, Sonora. %\" \/>\n<meta property=\"og:url\" content=\"https:\/\/www.sonoraenequipo.com.mx\/fiesta-en-sonora-con-el-bacanora-hermosillo-sera-sede-de-la-primera-edicion\/\" \/>\n<meta property=\"og:site_name\" content=\"Sonora en Equipo.\" \/>\n<meta property=\"article:publisher\" content=\"https:\/\/www.facebook.com\/SonoraEE\/\" \/>\n<meta property=\"article:author\" content=\"https:\/\/www.facebook.com\/SonoraEE\" \/>\n<meta property=\"article:published_time\" content=\"2026-01-30T01:55:05+00:00\" \/>\n<meta property=\"article:modified_time\" content=\"2026-01-30T05:44:27+00:00\" \/>\n<meta property=\"og:image\" content=\"https:\/\/www.sonoraenequipo.com.mx\/storage\/2026\/01\/Fiesta-en-Sonora-con-el-Bacanora.jpg\" \/>\n\t<meta property=\"og:image:width\" content=\"1000\" \/>\n\t<meta property=\"og:image:height\" content=\"664\" \/>\n\t<meta property=\"og:image:type\" content=\"image\/jpeg\" \/>\n<meta name=\"author\" content=\"enequipo\" \/>\n<meta name=\"twitter:card\" content=\"summary_large_image\" \/>\n<meta name=\"twitter:creator\" content=\"@sonoraenequipo\" \/>\n<meta name=\"twitter:site\" content=\"@sonoraenequipo\" \/>\n<meta name=\"twitter:label1\" content=\"Escrito por\" \/>\n\t<meta name=\"twitter:data1\" content=\"enequipo\" \/>\n\t<meta name=\"twitter:label2\" content=\"Tiempo de lectura\" \/>\n\t<meta name=\"twitter:data2\" content=\"1 minuto\" \/>\n<script type=\"application\/ld+json\" class=\"yoast-schema-graph\">{\"@context\":\"https:\/\/schema.org\",\"@graph\":[{\"@type\":\"Article\",\"@id\":\"https:\/\/www.sonoraenequipo.com.mx\/fiesta-en-sonora-con-el-bacanora-hermosillo-sera-sede-de-la-primera-edicion\/#article\",\"isPartOf\":{\"@id\":\"https:\/\/www.sonoraenequipo.com.mx\/fiesta-en-sonora-con-el-bacanora-hermosillo-sera-sede-de-la-primera-edicion\/\"},\"author\":{\"name\":\"enequipo\",\"@id\":\"https:\/\/www.sonoraenequipo.com.mx\/#\/schema\/person\/50102df0fb23a8fa9e8effad8fa81386\"},\"headline\":\"Fiesta en Sonora con el Bacanora: Hermosillo ser\u00e1 sede de la primera edici\u00f3n\",\"datePublished\":\"2026-01-30T01:55:05+00:00\",\"dateModified\":\"2026-01-30T05:44:27+00:00\",\"mainEntityOfPage\":{\"@id\":\"https:\/\/www.sonoraenequipo.com.mx\/fiesta-en-sonora-con-el-bacanora-hermosillo-sera-sede-de-la-primera-edicion\/\"},\"wordCount\":271,\"commentCount\":0,\"publisher\":{\"@id\":\"https:\/\/www.sonoraenequipo.com.mx\/#organization\"},\"image\":{\"@id\":\"https:\/\/www.sonoraenequipo.com.mx\/fiesta-en-sonora-con-el-bacanora-hermosillo-sera-sede-de-la-primera-edicion\/#primaryimage\"},\"thumbnailUrl\":\"https:\/\/www.sonoraenequipo.com.mx\/storage\/2026\/01\/Fiesta-en-Sonora-con-el-Bacanora.jpg\",\"articleSection\":[\"Municipios\"],\"inLanguage\":\"es\",\"potentialAction\":[{\"@type\":\"CommentAction\",\"name\":\"Comment\",\"target\":[\"https:\/\/www.sonoraenequipo.com.mx\/fiesta-en-sonora-con-el-bacanora-hermosillo-sera-sede-de-la-primera-edicion\/#respond\"]}]},{\"@type\":\"WebPage\",\"@id\":\"https:\/\/www.sonoraenequipo.com.mx\/fiesta-en-sonora-con-el-bacanora-hermosillo-sera-sede-de-la-primera-edicion\/\",\"url\":\"https:\/\/www.sonoraenequipo.com.mx\/fiesta-en-sonora-con-el-bacanora-hermosillo-sera-sede-de-la-primera-edicion\/\",\"name\":\"Sonora en Equipo. Fiesta en Sonora con el Bacanora: Hermosillo ser\u00e1 sede de la primera edici\u00f3n Municipios\",\"isPartOf\":{\"@id\":\"https:\/\/www.sonoraenequipo.com.mx\/#website\"},\"primaryImageOfPage\":{\"@id\":\"https:\/\/www.sonoraenequipo.com.mx\/fiesta-en-sonora-con-el-bacanora-hermosillo-sera-sede-de-la-primera-edicion\/#primaryimage\"},\"image\":{\"@id\":\"https:\/\/www.sonoraenequipo.com.mx\/fiesta-en-sonora-con-el-bacanora-hermosillo-sera-sede-de-la-primera-edicion\/#primaryimage\"},\"thumbnailUrl\":\"https:\/\/www.sonoraenequipo.com.mx\/storage\/2026\/01\/Fiesta-en-Sonora-con-el-Bacanora.jpg\",\"datePublished\":\"2026-01-30T01:55:05+00:00\",\"dateModified\":\"2026-01-30T05:44:27+00:00\",\"description\":\"HERMOSILLO, SONORA.MX. \u2014 Hermosillo ser\u00e1 sede de la primera edici\u00f3n de Fiesta en Sonora con el Bacanora, un evento que busca posicionar esta bebida En Sonora en Equipo publicamos toda la informaci\u00f3n de Sonora, M\u00e9xico y el Mundo de manera oportuna y busca que la libertad de expresi\u00f3n sea real. Visita nuestro medio informativo publicado desde Hermosillo, Sonora. %\",\"breadcrumb\":{\"@id\":\"https:\/\/www.sonoraenequipo.com.mx\/fiesta-en-sonora-con-el-bacanora-hermosillo-sera-sede-de-la-primera-edicion\/#breadcrumb\"},\"inLanguage\":\"es\",\"potentialAction\":[{\"@type\":\"ReadAction\",\"target\":[\"https:\/\/www.sonoraenequipo.com.mx\/fiesta-en-sonora-con-el-bacanora-hermosillo-sera-sede-de-la-primera-edicion\/\"]}]},{\"@type\":\"ImageObject\",\"inLanguage\":\"es\",\"@id\":\"https:\/\/www.sonoraenequipo.com.mx\/fiesta-en-sonora-con-el-bacanora-hermosillo-sera-sede-de-la-primera-edicion\/#primaryimage\",\"url\":\"https:\/\/www.sonoraenequipo.com.mx\/storage\/2026\/01\/Fiesta-en-Sonora-con-el-Bacanora.jpg\",\"contentUrl\":\"https:\/\/www.sonoraenequipo.com.mx\/storage\/2026\/01\/Fiesta-en-Sonora-con-el-Bacanora.jpg\",\"width\":1000,\"height\":664},{\"@type\":\"BreadcrumbList\",\"@id\":\"https:\/\/www.sonoraenequipo.com.mx\/fiesta-en-sonora-con-el-bacanora-hermosillo-sera-sede-de-la-primera-edicion\/#breadcrumb\",\"itemListElement\":[{\"@type\":\"ListItem\",\"position\":1,\"name\":\"Portada\",\"item\":\"https:\/\/www.sonoraenequipo.com.mx\/\"},{\"@type\":\"ListItem\",\"position\":2,\"name\":\"Fiesta en Sonora con el Bacanora: Hermosillo ser\u00e1 sede de la primera edici\u00f3n\"}]},{\"@type\":\"WebSite\",\"@id\":\"https:\/\/www.sonoraenequipo.com.mx\/#website\",\"url\":\"https:\/\/www.sonoraenequipo.com.mx\/\",\"name\":\"Sonora en Equipo.\",\"description\":\"Diario en l\u00ednea con Noticias desde Hermosillo, Sonora\",\"publisher\":{\"@id\":\"https:\/\/www.sonoraenequipo.com.mx\/#organization\"},\"potentialAction\":[{\"@type\":\"SearchAction\",\"target\":{\"@type\":\"EntryPoint\",\"urlTemplate\":\"https:\/\/www.sonoraenequipo.com.mx\/?s={search_term_string}\"},\"query-input\":{\"@type\":\"PropertyValueSpecification\",\"valueRequired\":true,\"valueName\":\"search_term_string\"}}],\"inLanguage\":\"es\"},{\"@type\":\"Organization\",\"@id\":\"https:\/\/www.sonoraenequipo.com.mx\/#organization\",\"name\":\"Sonoraenequipo.com.mx\",\"url\":\"https:\/\/www.sonoraenequipo.com.mx\/\",\"logo\":{\"@type\":\"ImageObject\",\"inLanguage\":\"es\",\"@id\":\"https:\/\/www.sonoraenequipo.com.mx\/#\/schema\/logo\/image\/\",\"url\":\"https:\/\/www.sonoraenequipo.com.mx\/storage\/2019\/01\/sonoraenequipo_opt.png\",\"contentUrl\":\"https:\/\/www.sonoraenequipo.com.mx\/storage\/2019\/01\/sonoraenequipo_opt.png\",\"width\":375,\"height\":125,\"caption\":\"Sonoraenequipo.com.mx\"},\"image\":{\"@id\":\"https:\/\/www.sonoraenequipo.com.mx\/#\/schema\/logo\/image\/\"},\"sameAs\":[\"https:\/\/www.facebook.com\/SonoraEE\/\",\"https:\/\/x.com\/sonoraenequipo\",\"https:\/\/www.youtube.com\/channel\/UC338nW-lPEYmJQs4ZABQ1SQ\"]},{\"@type\":\"Person\",\"@id\":\"https:\/\/www.sonoraenequipo.com.mx\/#\/schema\/person\/50102df0fb23a8fa9e8effad8fa81386\",\"name\":\"enequipo\",\"image\":{\"@type\":\"ImageObject\",\"inLanguage\":\"es\",\"@id\":\"https:\/\/www.sonoraenequipo.com.mx\/#\/schema\/person\/image\/\",\"url\":\"https:\/\/secure.gravatar.com\/avatar\/049821681b589dabc0bc20695993ccebb09f5b5d4d790cd9251b97faac7c652b?s=96&d=blank&r=g\",\"contentUrl\":\"https:\/\/secure.gravatar.com\/avatar\/049821681b589dabc0bc20695993ccebb09f5b5d4d790cd9251b97faac7c652b?s=96&d=blank&r=g\",\"caption\":\"enequipo\"},\"sameAs\":[\"https:\/\/www.facebook.com\/SonoraEE\"]}]}<\/script>\n ","yoast_head_json":{"title":"Sonora en Equipo. Fiesta en Sonora con el Bacanora: Hermosillo ser\u00e1 sede de la primera edici\u00f3n Municipios","description":"HERMOSILLO, SONORA.MX. \u2014 Hermosillo ser\u00e1 sede de la primera edici\u00f3n de Fiesta en Sonora con el Bacanora, un evento que busca posicionar esta bebida En Sonora en Equipo publicamos toda la informaci\u00f3n de Sonora, M\u00e9xico y el Mundo de manera oportuna y busca que la libertad de expresi\u00f3n sea real. Visita nuestro medio informativo publicado desde Hermosillo, Sonora. %","robots":{"index":"index","follow":"follow","max-snippet":"max-snippet:-1","max-image-preview":"max-image-preview:large","max-video-preview":"max-video-preview:-1"},"canonical":"https:\/\/www.sonoraenequipo.com.mx\/fiesta-en-sonora-con-el-bacanora-hermosillo-sera-sede-de-la-primera-edicion\/","og_locale":"es_ES","og_type":"article","og_title":"Sonora en Equipo. Fiesta en Sonora con el Bacanora: Hermosillo ser\u00e1 sede de la primera edici\u00f3n Municipios","og_description":"HERMOSILLO, SONORA.MX. \u2014 Hermosillo ser\u00e1 sede de la primera edici\u00f3n de Fiesta en Sonora con el Bacanora, un evento que busca posicionar esta bebida En Sonora en Equipo publicamos toda la informaci\u00f3n de Sonora, M\u00e9xico y el Mundo de manera oportuna y busca que la libertad de expresi\u00f3n sea real. Visita nuestro medio informativo publicado desde Hermosillo, Sonora. %","og_url":"https:\/\/www.sonoraenequipo.com.mx\/fiesta-en-sonora-con-el-bacanora-hermosillo-sera-sede-de-la-primera-edicion\/","og_site_name":"Sonora en Equipo.","article_publisher":"https:\/\/www.facebook.com\/SonoraEE\/","article_author":"https:\/\/www.facebook.com\/SonoraEE","article_published_time":"2026-01-30T01:55:05+00:00","article_modified_time":"2026-01-30T05:44:27+00:00","og_image":[{"width":1000,"height":664,"url":"https:\/\/www.sonoraenequipo.com.mx\/storage\/2026\/01\/Fiesta-en-Sonora-con-el-Bacanora.jpg","type":"image\/jpeg"}],"author":"enequipo","twitter_card":"summary_large_image","twitter_creator":"@sonoraenequipo","twitter_site":"@sonoraenequipo","twitter_misc":{"Escrito por":"enequipo","Tiempo de lectura":"1 minuto"},"schema":{"@context":"https:\/\/schema.org","@graph":[{"@type":"Article","@id":"https:\/\/www.sonoraenequipo.com.mx\/fiesta-en-sonora-con-el-bacanora-hermosillo-sera-sede-de-la-primera-edicion\/#article","isPartOf":{"@id":"https:\/\/www.sonoraenequipo.com.mx\/fiesta-en-sonora-con-el-bacanora-hermosillo-sera-sede-de-la-primera-edicion\/"},"author":{"name":"enequipo","@id":"https:\/\/www.sonoraenequipo.com.mx\/#\/schema\/person\/50102df0fb23a8fa9e8effad8fa81386"},"headline":"Fiesta en Sonora con el Bacanora: Hermosillo ser\u00e1 sede de la primera edici\u00f3n","datePublished":"2026-01-30T01:55:05+00:00","dateModified":"2026-01-30T05:44:27+00:00","mainEntityOfPage":{"@id":"https:\/\/www.sonoraenequipo.com.mx\/fiesta-en-sonora-con-el-bacanora-hermosillo-sera-sede-de-la-primera-edicion\/"},"wordCount":271,"commentCount":0,"publisher":{"@id":"https:\/\/www.sonoraenequipo.com.mx\/#organization"},"image":{"@id":"https:\/\/www.sonoraenequipo.com.mx\/fiesta-en-sonora-con-el-bacanora-hermosillo-sera-sede-de-la-primera-edicion\/#primaryimage"},"thumbnailUrl":"https:\/\/www.sonoraenequipo.com.mx\/storage\/2026\/01\/Fiesta-en-Sonora-con-el-Bacanora.jpg","articleSection":["Municipios"],"inLanguage":"es","potentialAction":[{"@type":"CommentAction","name":"Comment","target":["https:\/\/www.sonoraenequipo.com.mx\/fiesta-en-sonora-con-el-bacanora-hermosillo-sera-sede-de-la-primera-edicion\/#respond"]}]},{"@type":"WebPage","@id":"https:\/\/www.sonoraenequipo.com.mx\/fiesta-en-sonora-con-el-bacanora-hermosillo-sera-sede-de-la-primera-edicion\/","url":"https:\/\/www.sonoraenequipo.com.mx\/fiesta-en-sonora-con-el-bacanora-hermosillo-sera-sede-de-la-primera-edicion\/","name":"Sonora en Equipo. Fiesta en Sonora con el Bacanora: Hermosillo ser\u00e1 sede de la primera edici\u00f3n Municipios","isPartOf":{"@id":"https:\/\/www.sonoraenequipo.com.mx\/#website"},"primaryImageOfPage":{"@id":"https:\/\/www.sonoraenequipo.com.mx\/fiesta-en-sonora-con-el-bacanora-hermosillo-sera-sede-de-la-primera-edicion\/#primaryimage"},"image":{"@id":"https:\/\/www.sonoraenequipo.com.mx\/fiesta-en-sonora-con-el-bacanora-hermosillo-sera-sede-de-la-primera-edicion\/#primaryimage"},"thumbnailUrl":"https:\/\/www.sonoraenequipo.com.mx\/storage\/2026\/01\/Fiesta-en-Sonora-con-el-Bacanora.jpg","datePublished":"2026-01-30T01:55:05+00:00","dateModified":"2026-01-30T05:44:27+00:00","description":"HERMOSILLO, SONORA.MX. \u2014 Hermosillo ser\u00e1 sede de la primera edici\u00f3n de Fiesta en Sonora con el Bacanora, un evento que busca posicionar esta bebida En Sonora en Equipo publicamos toda la informaci\u00f3n de Sonora, M\u00e9xico y el Mundo de manera oportuna y busca que la libertad de expresi\u00f3n sea real. Visita nuestro medio informativo publicado desde Hermosillo, Sonora. %","breadcrumb":{"@id":"https:\/\/www.sonoraenequipo.com.mx\/fiesta-en-sonora-con-el-bacanora-hermosillo-sera-sede-de-la-primera-edicion\/#breadcrumb"},"inLanguage":"es","potentialAction":[{"@type":"ReadAction","target":["https:\/\/www.sonoraenequipo.com.mx\/fiesta-en-sonora-con-el-bacanora-hermosillo-sera-sede-de-la-primera-edicion\/"]}]},{"@type":"ImageObject","inLanguage":"es","@id":"https:\/\/www.sonoraenequipo.com.mx\/fiesta-en-sonora-con-el-bacanora-hermosillo-sera-sede-de-la-primera-edicion\/#primaryimage","url":"https:\/\/www.sonoraenequipo.com.mx\/storage\/2026\/01\/Fiesta-en-Sonora-con-el-Bacanora.jpg","contentUrl":"https:\/\/www.sonoraenequipo.com.mx\/storage\/2026\/01\/Fiesta-en-Sonora-con-el-Bacanora.jpg","width":1000,"height":664},{"@type":"BreadcrumbList","@id":"https:\/\/www.sonoraenequipo.com.mx\/fiesta-en-sonora-con-el-bacanora-hermosillo-sera-sede-de-la-primera-edicion\/#breadcrumb","itemListElement":[{"@type":"ListItem","position":1,"name":"Portada","item":"https:\/\/www.sonoraenequipo.com.mx\/"},{"@type":"ListItem","position":2,"name":"Fiesta en Sonora con el Bacanora: Hermosillo ser\u00e1 sede de la primera edici\u00f3n"}]},{"@type":"WebSite","@id":"https:\/\/www.sonoraenequipo.com.mx\/#website","url":"https:\/\/www.sonoraenequipo.com.mx\/","name":"Sonora en Equipo.","description":"Diario en l\u00ednea con Noticias desde Hermosillo, Sonora","publisher":{"@id":"https:\/\/www.sonoraenequipo.com.mx\/#organization"},"potentialAction":[{"@type":"SearchAction","target":{"@type":"EntryPoint","urlTemplate":"https:\/\/www.sonoraenequipo.com.mx\/?s={search_term_string}"},"query-input":{"@type":"PropertyValueSpecification","valueRequired":true,"valueName":"search_term_string"}}],"inLanguage":"es"},{"@type":"Organization","@id":"https:\/\/www.sonoraenequipo.com.mx\/#organization","name":"Sonoraenequipo.com.mx","url":"https:\/\/www.sonoraenequipo.com.mx\/","logo":{"@type":"ImageObject","inLanguage":"es","@id":"https:\/\/www.sonoraenequipo.com.mx\/#\/schema\/logo\/image\/","url":"https:\/\/www.sonoraenequipo.com.mx\/storage\/2019\/01\/sonoraenequipo_opt.png","contentUrl":"https:\/\/www.sonoraenequipo.com.mx\/storage\/2019\/01\/sonoraenequipo_opt.png","width":375,"height":125,"caption":"Sonoraenequipo.com.mx"},"image":{"@id":"https:\/\/www.sonoraenequipo.com.mx\/#\/schema\/logo\/image\/"},"sameAs":["https:\/\/www.facebook.com\/SonoraEE\/","https:\/\/x.com\/sonoraenequipo","https:\/\/www.youtube.com\/channel\/UC338nW-lPEYmJQs4ZABQ1SQ"]},{"@type":"Person","@id":"https:\/\/www.sonoraenequipo.com.mx\/#\/schema\/person\/50102df0fb23a8fa9e8effad8fa81386","name":"enequipo","image":{"@type":"ImageObject","inLanguage":"es","@id":"https:\/\/www.sonoraenequipo.com.mx\/#\/schema\/person\/image\/","url":"https:\/\/secure.gravatar.com\/avatar\/049821681b589dabc0bc20695993ccebb09f5b5d4d790cd9251b97faac7c652b?s=96&d=blank&r=g","contentUrl":"https:\/\/secure.gravatar.com\/avatar\/049821681b589dabc0bc20695993ccebb09f5b5d4d790cd9251b97faac7c652b?s=96&d=blank&r=g","caption":"enequipo"},"sameAs":["https:\/\/www.facebook.com\/SonoraEE"]}]}},"jetpack_featured_media_url":"https:\/\/www.sonoraenequipo.com.mx\/storage\/2026\/01\/Fiesta-en-Sonora-con-el-Bacanora.jpg","_links":{"self":[{"href":"https:\/\/www.sonoraenequipo.com.mx\/api\/wp\/v2\/posts\/234107","targetHints":{"allow":["GET"]}}],"collection":[{"href":"https:\/\/www.sonoraenequipo.com.mx\/api\/wp\/v2\/posts"}],"about":[{"href":"https:\/\/www.sonoraenequipo.com.mx\/api\/wp\/v2\/types\/post"}],"author":[{"embeddable":true,"href":"https:\/\/www.sonoraenequipo.com.mx\/api\/wp\/v2\/users\/1"}],"replies":[{"embeddable":true,"href":"https:\/\/www.sonoraenequipo.com.mx\/api\/wp\/v2\/comments?post=234107"}],"version-history":[{"count":2,"href":"https:\/\/www.sonoraenequipo.com.mx\/api\/wp\/v2\/posts\/234107\/revisions"}],"predecessor-version":[{"id":234113,"href":"https:\/\/www.sonoraenequipo.com.mx\/api\/wp\/v2\/posts\/234107\/revisions\/234113"}],"wp:featuredmedia":[{"embeddable":true,"href":"https:\/\/www.sonoraenequipo.com.mx\/api\/wp\/v2\/media\/234111"}],"wp:attachment":[{"href":"https:\/\/www.sonoraenequipo.com.mx\/api\/wp\/v2\/media?parent=234107"}],"wp:term":[{"taxonomy":"category","embeddable":true,"href":"https:\/\/www.sonoraenequipo.com.mx\/api\/wp\/v2\/categories?post=234107"},{"taxonomy":"post_tag","embeddable":true,"href":"https:\/\/www.sonoraenequipo.com.mx\/api\/wp\/v2\/tags?post=234107"}],"curies":[{"name":"wp","href":"https:\/\/api.w.org\/{rel}","templated":true}]}}