{"id":235882,"date":"2026-02-23T09:00:25","date_gmt":"2026-02-23T16:00:25","guid":{"rendered":"https:\/\/www.sonoraenequipo.com.mx\/?p=235882"},"modified":"2026-02-23T11:43:41","modified_gmt":"2026-02-23T18:43:41","slug":"fgr-confirmo-identidad-de-el-mencho-su-cuerpo-sigue-en-custodia-garcia-harfuch","status":"publish","type":"post","link":"https:\/\/www.sonoraenequipo.com.mx\/fgr-confirmo-identidad-de-el-mencho-su-cuerpo-sigue-en-custodia-garcia-harfuch\/","title":{"rendered":"FGR confirm\u00f3 identidad de \u2018El Mencho\u2019; su cuerpo sigue en custodia: Garc\u00eda Harfuch"},"content":{"rendered":"<p><strong>CIUDAD DE M\u00c9XICO. MX. \u2014<\/strong> El secretario de Seguridad y Protecci\u00f3n Ciudadana, Omar Garc\u00eda Harfuch, infrom\u00f3 este lunes que la Fiscal\u00eda General de la Rep\u00fablica (FGR) confirm\u00f3 oficialmente la identidad del cuerpo de Nemesio Oseguera Cervantes, alias El Mencho, quien fue abatido en un operativo federal en Jalisco.<\/p>\n<p>&nbsp;<\/p>\n<p>&nbsp;<\/p>\n<p> <\/p>\n<p>Los restos del capo contin\u00faan en las instalaciones de la FEMDO, lugar en el que se mantiene activo el operativo de seguridad por parte de elementos de Guardia Nacional que esguardan el per\u00edmetro.<\/p>\n<p>&nbsp;<\/p>\n<p>&nbsp;<\/p>\n<p>Adem\u00e1s, seg\u00fan Harfuch, fueron identificados los otros presuntos integrantes de la delincuencia organizada que fueron abatidos durante el enfrentamiento. El funcionario se\u00f1al\u00f3 que se trata de integrantes del c\u00edrculo de seguridad del l\u00edder criminal, y que uno de ellos ocupaba un cargo de mando dentro de la estructura criminal.<\/p>\n<p>&nbsp;<\/p>\n<p>&nbsp;<\/p>\n<p>Garc\u00eda Harfuch detall\u00f3 que la mayor\u00eda de los bloqueos ocurrido ayer domingo fueron \u201cretirados\u201d y que, por el momento, no hay \u201cnovedad\u201d de nuevos bloqueos carreteros en el d\u00eda de hoy.<\/p>\n<p>&nbsp;<\/p>\n<p>&nbsp;<\/p>\n<p><em><strong>\u201cLas vialidades principales fueron liberadas y los puntos que permanec\u00edan con afectaciones se encuentran bajo control operativo y en su liberaci\u00f3n total. Se registraron 85 bloqueos en carreteras federales de Baja California, Estado de M\u00e9xico, Michoac\u00e1n, Guanajuato, Guerrero, Jalisco, Oaxaca, Sinaloa, Tamaulipas, Veracruz y Zacatecas\u201c<\/strong><\/em>, se\u00f1al\u00f3 el titular de Seguridad.<\/p>\n<p>&nbsp;<\/p>\n<p>&nbsp;<\/p>\n<p>Estos sucesos fueron atendidos por efectivos de las fuerzas de seguridad en cooperaci\u00f3n con las autoridades locales, con el objetivo de \u201ccontener las acciones de los grupos criminales, proteger a la ciudadan\u00eda, liberar vialidades y restablecer la movilidad\u201d, agreg\u00f3 el funcionario.<\/p>\n<p>&nbsp;<\/p>\n<p>&nbsp;<\/p>\n<p>&nbsp;<\/p>\n<p>PUBLICADO EL 23 FEBRERO DE 2026 Con informaci\u00f3n de Conferencia matutina)<\/p>\n","protected":false},"excerpt":{"rendered":"<p>CIUDAD DE M\u00c9XICO. MX. \u2014 El secretario de Seguridad y Protecci\u00f3n Ciudadana, Omar Garc\u00eda Harfuch,&#8230;<\/p>\n","protected":false},"author":1,"featured_media":235890,"comment_status":"open","ping_status":"open","sticky":false,"template":"","format":"standard","meta":{"_monsterinsights_skip_tracking":false,"_monsterinsights_sitenote_active":false,"_monsterinsights_sitenote_note":"","_monsterinsights_sitenote_category":0,"footnotes":""},"categories":[5],"tags":[],"class_list":["post"],"yoast_head":" \n<title>Sonora en Equipo. FGR confirm\u00f3 identidad de \u2018El Mencho\u2019; su cuerpo sigue en custodia: Garc\u00eda Harfuch Rep\u00fablica<\/title>\n<meta name=\"description\" content=\"CIUDAD DE M\u00c9XICO. MX. \u2014 El secretario de Seguridad y Protecci\u00f3n Ciudadana, Omar Garc\u00eda Harfuch, infrom\u00f3 este lunes que la Fiscal\u00eda General de la Rep\u00fablica En Sonora en Equipo publicamos toda la informaci\u00f3n de Sonora, M\u00e9xico y el Mundo de manera oportuna y busca que la libertad de expresi\u00f3n sea real. Visita nuestro medio informativo publicado desde Hermosillo, Sonora. %\" \/>\n<meta name=\"robots\" content=\"index, follow, max-snippet:-1, max-image-preview:large, max-video-preview:-1\" \/>\n<link rel=\"canonical\" href=\"https:\/\/www.sonoraenequipo.com.mx\/fgr-confirmo-identidad-de-el-mencho-su-cuerpo-sigue-en-custodia-garcia-harfuch\/\" \/>\n<meta property=\"og:locale\" content=\"es_ES\" \/>\n<meta property=\"og:type\" content=\"article\" \/>\n<meta property=\"og:title\" content=\"Sonora en Equipo. FGR confirm\u00f3 identidad de \u2018El Mencho\u2019; su cuerpo sigue en custodia: Garc\u00eda Harfuch Rep\u00fablica\" \/>\n<meta property=\"og:description\" content=\"CIUDAD DE M\u00c9XICO. MX. \u2014 El secretario de Seguridad y Protecci\u00f3n Ciudadana, Omar Garc\u00eda Harfuch, infrom\u00f3 este lunes que la Fiscal\u00eda General de la Rep\u00fablica En Sonora en Equipo publicamos toda la informaci\u00f3n de Sonora, M\u00e9xico y el Mundo de manera oportuna y busca que la libertad de expresi\u00f3n sea real. Visita nuestro medio informativo publicado desde Hermosillo, Sonora. %\" \/>\n<meta property=\"og:url\" content=\"https:\/\/www.sonoraenequipo.com.mx\/fgr-confirmo-identidad-de-el-mencho-su-cuerpo-sigue-en-custodia-garcia-harfuch\/\" \/>\n<meta property=\"og:site_name\" content=\"Sonora en Equipo.\" \/>\n<meta property=\"article:publisher\" content=\"https:\/\/www.facebook.com\/SonoraEE\/\" \/>\n<meta property=\"article:author\" content=\"https:\/\/www.facebook.com\/SonoraEE\" \/>\n<meta property=\"article:published_time\" content=\"2026-02-23T16:00:25+00:00\" \/>\n<meta property=\"article:modified_time\" content=\"2026-02-23T18:43:41+00:00\" \/>\n<meta property=\"og:image\" content=\"https:\/\/www.sonoraenequipo.com.mx\/storage\/2026\/02\/garcia-Harfuch-1.jpg\" \/>\n\t<meta property=\"og:image:width\" content=\"993\" \/>\n\t<meta property=\"og:image:height\" content=\"593\" \/>\n\t<meta property=\"og:image:type\" content=\"image\/jpeg\" \/>\n<meta name=\"author\" content=\"enequipo\" \/>\n<meta name=\"twitter:card\" content=\"summary_large_image\" \/>\n<meta name=\"twitter:creator\" content=\"@sonoraenequipo\" \/>\n<meta name=\"twitter:site\" content=\"@sonoraenequipo\" \/>\n<meta name=\"twitter:label1\" content=\"Escrito por\" \/>\n\t<meta name=\"twitter:data1\" content=\"enequipo\" \/>\n\t<meta name=\"twitter:label2\" content=\"Tiempo de lectura\" \/>\n\t<meta name=\"twitter:data2\" content=\"1 minuto\" \/>\n<script type=\"application\/ld+json\" class=\"yoast-schema-graph\">{\"@context\":\"https:\/\/schema.org\",\"@graph\":[{\"@type\":\"Article\",\"@id\":\"https:\/\/www.sonoraenequipo.com.mx\/fgr-confirmo-identidad-de-el-mencho-su-cuerpo-sigue-en-custodia-garcia-harfuch\/#article\",\"isPartOf\":{\"@id\":\"https:\/\/www.sonoraenequipo.com.mx\/fgr-confirmo-identidad-de-el-mencho-su-cuerpo-sigue-en-custodia-garcia-harfuch\/\"},\"author\":{\"name\":\"enequipo\",\"@id\":\"https:\/\/www.sonoraenequipo.com.mx\/#\/schema\/person\/50102df0fb23a8fa9e8effad8fa81386\"},\"headline\":\"FGR confirm\u00f3 identidad de \u2018El Mencho\u2019; su cuerpo sigue en custodia: Garc\u00eda Harfuch\",\"datePublished\":\"2026-02-23T16:00:25+00:00\",\"dateModified\":\"2026-02-23T18:43:41+00:00\",\"mainEntityOfPage\":{\"@id\":\"https:\/\/www.sonoraenequipo.com.mx\/fgr-confirmo-identidad-de-el-mencho-su-cuerpo-sigue-en-custodia-garcia-harfuch\/\"},\"wordCount\":309,\"commentCount\":0,\"publisher\":{\"@id\":\"https:\/\/www.sonoraenequipo.com.mx\/#organization\"},\"image\":{\"@id\":\"https:\/\/www.sonoraenequipo.com.mx\/fgr-confirmo-identidad-de-el-mencho-su-cuerpo-sigue-en-custodia-garcia-harfuch\/#primaryimage\"},\"thumbnailUrl\":\"https:\/\/www.sonoraenequipo.com.mx\/storage\/2026\/02\/garcia-Harfuch-1.jpg\",\"articleSection\":[\"Rep\u00fablica\"],\"inLanguage\":\"es\",\"potentialAction\":[{\"@type\":\"CommentAction\",\"name\":\"Comment\",\"target\":[\"https:\/\/www.sonoraenequipo.com.mx\/fgr-confirmo-identidad-de-el-mencho-su-cuerpo-sigue-en-custodia-garcia-harfuch\/#respond\"]}]},{\"@type\":\"WebPage\",\"@id\":\"https:\/\/www.sonoraenequipo.com.mx\/fgr-confirmo-identidad-de-el-mencho-su-cuerpo-sigue-en-custodia-garcia-harfuch\/\",\"url\":\"https:\/\/www.sonoraenequipo.com.mx\/fgr-confirmo-identidad-de-el-mencho-su-cuerpo-sigue-en-custodia-garcia-harfuch\/\",\"name\":\"Sonora en Equipo. FGR confirm\u00f3 identidad de \u2018El Mencho\u2019; su cuerpo sigue en custodia: Garc\u00eda Harfuch Rep\u00fablica\",\"isPartOf\":{\"@id\":\"https:\/\/www.sonoraenequipo.com.mx\/#website\"},\"primaryImageOfPage\":{\"@id\":\"https:\/\/www.sonoraenequipo.com.mx\/fgr-confirmo-identidad-de-el-mencho-su-cuerpo-sigue-en-custodia-garcia-harfuch\/#primaryimage\"},\"image\":{\"@id\":\"https:\/\/www.sonoraenequipo.com.mx\/fgr-confirmo-identidad-de-el-mencho-su-cuerpo-sigue-en-custodia-garcia-harfuch\/#primaryimage\"},\"thumbnailUrl\":\"https:\/\/www.sonoraenequipo.com.mx\/storage\/2026\/02\/garcia-Harfuch-1.jpg\",\"datePublished\":\"2026-02-23T16:00:25+00:00\",\"dateModified\":\"2026-02-23T18:43:41+00:00\",\"description\":\"CIUDAD DE M\u00c9XICO. MX. \u2014 El secretario de Seguridad y Protecci\u00f3n Ciudadana, Omar Garc\u00eda Harfuch, infrom\u00f3 este lunes que la Fiscal\u00eda General de la Rep\u00fablica En Sonora en Equipo publicamos toda la informaci\u00f3n de Sonora, M\u00e9xico y el Mundo de manera oportuna y busca que la libertad de expresi\u00f3n sea real. Visita nuestro medio informativo publicado desde Hermosillo, Sonora. %\",\"breadcrumb\":{\"@id\":\"https:\/\/www.sonoraenequipo.com.mx\/fgr-confirmo-identidad-de-el-mencho-su-cuerpo-sigue-en-custodia-garcia-harfuch\/#breadcrumb\"},\"inLanguage\":\"es\",\"potentialAction\":[{\"@type\":\"ReadAction\",\"target\":[\"https:\/\/www.sonoraenequipo.com.mx\/fgr-confirmo-identidad-de-el-mencho-su-cuerpo-sigue-en-custodia-garcia-harfuch\/\"]}]},{\"@type\":\"ImageObject\",\"inLanguage\":\"es\",\"@id\":\"https:\/\/www.sonoraenequipo.com.mx\/fgr-confirmo-identidad-de-el-mencho-su-cuerpo-sigue-en-custodia-garcia-harfuch\/#primaryimage\",\"url\":\"https:\/\/www.sonoraenequipo.com.mx\/storage\/2026\/02\/garcia-Harfuch-1.jpg\",\"contentUrl\":\"https:\/\/www.sonoraenequipo.com.mx\/storage\/2026\/02\/garcia-Harfuch-1.jpg\",\"width\":993,\"height\":593},{\"@type\":\"BreadcrumbList\",\"@id\":\"https:\/\/www.sonoraenequipo.com.mx\/fgr-confirmo-identidad-de-el-mencho-su-cuerpo-sigue-en-custodia-garcia-harfuch\/#breadcrumb\",\"itemListElement\":[{\"@type\":\"ListItem\",\"position\":1,\"name\":\"Portada\",\"item\":\"https:\/\/www.sonoraenequipo.com.mx\/\"},{\"@type\":\"ListItem\",\"position\":2,\"name\":\"FGR confirm\u00f3 identidad de \u2018El Mencho\u2019; su cuerpo sigue en custodia: Garc\u00eda Harfuch\"}]},{\"@type\":\"WebSite\",\"@id\":\"https:\/\/www.sonoraenequipo.com.mx\/#website\",\"url\":\"https:\/\/www.sonoraenequipo.com.mx\/\",\"name\":\"Sonora en Equipo.\",\"description\":\"Diario en l\u00ednea con Noticias desde Hermosillo, Sonora\",\"publisher\":{\"@id\":\"https:\/\/www.sonoraenequipo.com.mx\/#organization\"},\"potentialAction\":[{\"@type\":\"SearchAction\",\"target\":{\"@type\":\"EntryPoint\",\"urlTemplate\":\"https:\/\/www.sonoraenequipo.com.mx\/?s={search_term_string}\"},\"query-input\":{\"@type\":\"PropertyValueSpecification\",\"valueRequired\":true,\"valueName\":\"search_term_string\"}}],\"inLanguage\":\"es\"},{\"@type\":\"Organization\",\"@id\":\"https:\/\/www.sonoraenequipo.com.mx\/#organization\",\"name\":\"Sonoraenequipo.com.mx\",\"url\":\"https:\/\/www.sonoraenequipo.com.mx\/\",\"logo\":{\"@type\":\"ImageObject\",\"inLanguage\":\"es\",\"@id\":\"https:\/\/www.sonoraenequipo.com.mx\/#\/schema\/logo\/image\/\",\"url\":\"https:\/\/www.sonoraenequipo.com.mx\/storage\/2019\/01\/sonoraenequipo_opt.png\",\"contentUrl\":\"https:\/\/www.sonoraenequipo.com.mx\/storage\/2019\/01\/sonoraenequipo_opt.png\",\"width\":375,\"height\":125,\"caption\":\"Sonoraenequipo.com.mx\"},\"image\":{\"@id\":\"https:\/\/www.sonoraenequipo.com.mx\/#\/schema\/logo\/image\/\"},\"sameAs\":[\"https:\/\/www.facebook.com\/SonoraEE\/\",\"https:\/\/x.com\/sonoraenequipo\",\"https:\/\/www.youtube.com\/channel\/UC338nW-lPEYmJQs4ZABQ1SQ\"]},{\"@type\":\"Person\",\"@id\":\"https:\/\/www.sonoraenequipo.com.mx\/#\/schema\/person\/50102df0fb23a8fa9e8effad8fa81386\",\"name\":\"enequipo\",\"image\":{\"@type\":\"ImageObject\",\"inLanguage\":\"es\",\"@id\":\"https:\/\/www.sonoraenequipo.com.mx\/#\/schema\/person\/image\/\",\"url\":\"https:\/\/secure.gravatar.com\/avatar\/049821681b589dabc0bc20695993ccebb09f5b5d4d790cd9251b97faac7c652b?s=96&d=blank&r=g\",\"contentUrl\":\"https:\/\/secure.gravatar.com\/avatar\/049821681b589dabc0bc20695993ccebb09f5b5d4d790cd9251b97faac7c652b?s=96&d=blank&r=g\",\"caption\":\"enequipo\"},\"sameAs\":[\"https:\/\/www.facebook.com\/SonoraEE\"]}]}<\/script>\n ","yoast_head_json":{"title":"Sonora en Equipo. FGR confirm\u00f3 identidad de \u2018El Mencho\u2019; su cuerpo sigue en custodia: Garc\u00eda Harfuch Rep\u00fablica","description":"CIUDAD DE M\u00c9XICO. MX. \u2014 El secretario de Seguridad y Protecci\u00f3n Ciudadana, Omar Garc\u00eda Harfuch, infrom\u00f3 este lunes que la Fiscal\u00eda General de la Rep\u00fablica En Sonora en Equipo publicamos toda la informaci\u00f3n de Sonora, M\u00e9xico y el Mundo de manera oportuna y busca que la libertad de expresi\u00f3n sea real. Visita nuestro medio informativo publicado desde Hermosillo, Sonora. %","robots":{"index":"index","follow":"follow","max-snippet":"max-snippet:-1","max-image-preview":"max-image-preview:large","max-video-preview":"max-video-preview:-1"},"canonical":"https:\/\/www.sonoraenequipo.com.mx\/fgr-confirmo-identidad-de-el-mencho-su-cuerpo-sigue-en-custodia-garcia-harfuch\/","og_locale":"es_ES","og_type":"article","og_title":"Sonora en Equipo. FGR confirm\u00f3 identidad de \u2018El Mencho\u2019; su cuerpo sigue en custodia: Garc\u00eda Harfuch Rep\u00fablica","og_description":"CIUDAD DE M\u00c9XICO. MX. \u2014 El secretario de Seguridad y Protecci\u00f3n Ciudadana, Omar Garc\u00eda Harfuch, infrom\u00f3 este lunes que la Fiscal\u00eda General de la Rep\u00fablica En Sonora en Equipo publicamos toda la informaci\u00f3n de Sonora, M\u00e9xico y el Mundo de manera oportuna y busca que la libertad de expresi\u00f3n sea real. Visita nuestro medio informativo publicado desde Hermosillo, Sonora. %","og_url":"https:\/\/www.sonoraenequipo.com.mx\/fgr-confirmo-identidad-de-el-mencho-su-cuerpo-sigue-en-custodia-garcia-harfuch\/","og_site_name":"Sonora en Equipo.","article_publisher":"https:\/\/www.facebook.com\/SonoraEE\/","article_author":"https:\/\/www.facebook.com\/SonoraEE","article_published_time":"2026-02-23T16:00:25+00:00","article_modified_time":"2026-02-23T18:43:41+00:00","og_image":[{"width":993,"height":593,"url":"https:\/\/www.sonoraenequipo.com.mx\/storage\/2026\/02\/garcia-Harfuch-1.jpg","type":"image\/jpeg"}],"author":"enequipo","twitter_card":"summary_large_image","twitter_creator":"@sonoraenequipo","twitter_site":"@sonoraenequipo","twitter_misc":{"Escrito por":"enequipo","Tiempo de lectura":"1 minuto"},"schema":{"@context":"https:\/\/schema.org","@graph":[{"@type":"Article","@id":"https:\/\/www.sonoraenequipo.com.mx\/fgr-confirmo-identidad-de-el-mencho-su-cuerpo-sigue-en-custodia-garcia-harfuch\/#article","isPartOf":{"@id":"https:\/\/www.sonoraenequipo.com.mx\/fgr-confirmo-identidad-de-el-mencho-su-cuerpo-sigue-en-custodia-garcia-harfuch\/"},"author":{"name":"enequipo","@id":"https:\/\/www.sonoraenequipo.com.mx\/#\/schema\/person\/50102df0fb23a8fa9e8effad8fa81386"},"headline":"FGR confirm\u00f3 identidad de \u2018El Mencho\u2019; su cuerpo sigue en custodia: Garc\u00eda Harfuch","datePublished":"2026-02-23T16:00:25+00:00","dateModified":"2026-02-23T18:43:41+00:00","mainEntityOfPage":{"@id":"https:\/\/www.sonoraenequipo.com.mx\/fgr-confirmo-identidad-de-el-mencho-su-cuerpo-sigue-en-custodia-garcia-harfuch\/"},"wordCount":309,"commentCount":0,"publisher":{"@id":"https:\/\/www.sonoraenequipo.com.mx\/#organization"},"image":{"@id":"https:\/\/www.sonoraenequipo.com.mx\/fgr-confirmo-identidad-de-el-mencho-su-cuerpo-sigue-en-custodia-garcia-harfuch\/#primaryimage"},"thumbnailUrl":"https:\/\/www.sonoraenequipo.com.mx\/storage\/2026\/02\/garcia-Harfuch-1.jpg","articleSection":["Rep\u00fablica"],"inLanguage":"es","potentialAction":[{"@type":"CommentAction","name":"Comment","target":["https:\/\/www.sonoraenequipo.com.mx\/fgr-confirmo-identidad-de-el-mencho-su-cuerpo-sigue-en-custodia-garcia-harfuch\/#respond"]}]},{"@type":"WebPage","@id":"https:\/\/www.sonoraenequipo.com.mx\/fgr-confirmo-identidad-de-el-mencho-su-cuerpo-sigue-en-custodia-garcia-harfuch\/","url":"https:\/\/www.sonoraenequipo.com.mx\/fgr-confirmo-identidad-de-el-mencho-su-cuerpo-sigue-en-custodia-garcia-harfuch\/","name":"Sonora en Equipo. FGR confirm\u00f3 identidad de \u2018El Mencho\u2019; su cuerpo sigue en custodia: Garc\u00eda Harfuch Rep\u00fablica","isPartOf":{"@id":"https:\/\/www.sonoraenequipo.com.mx\/#website"},"primaryImageOfPage":{"@id":"https:\/\/www.sonoraenequipo.com.mx\/fgr-confirmo-identidad-de-el-mencho-su-cuerpo-sigue-en-custodia-garcia-harfuch\/#primaryimage"},"image":{"@id":"https:\/\/www.sonoraenequipo.com.mx\/fgr-confirmo-identidad-de-el-mencho-su-cuerpo-sigue-en-custodia-garcia-harfuch\/#primaryimage"},"thumbnailUrl":"https:\/\/www.sonoraenequipo.com.mx\/storage\/2026\/02\/garcia-Harfuch-1.jpg","datePublished":"2026-02-23T16:00:25+00:00","dateModified":"2026-02-23T18:43:41+00:00","description":"CIUDAD DE M\u00c9XICO. MX. \u2014 El secretario de Seguridad y Protecci\u00f3n Ciudadana, Omar Garc\u00eda Harfuch, infrom\u00f3 este lunes que la Fiscal\u00eda General de la Rep\u00fablica En Sonora en Equipo publicamos toda la informaci\u00f3n de Sonora, M\u00e9xico y el Mundo de manera oportuna y busca que la libertad de expresi\u00f3n sea real. Visita nuestro medio informativo publicado desde Hermosillo, Sonora. %","breadcrumb":{"@id":"https:\/\/www.sonoraenequipo.com.mx\/fgr-confirmo-identidad-de-el-mencho-su-cuerpo-sigue-en-custodia-garcia-harfuch\/#breadcrumb"},"inLanguage":"es","potentialAction":[{"@type":"ReadAction","target":["https:\/\/www.sonoraenequipo.com.mx\/fgr-confirmo-identidad-de-el-mencho-su-cuerpo-sigue-en-custodia-garcia-harfuch\/"]}]},{"@type":"ImageObject","inLanguage":"es","@id":"https:\/\/www.sonoraenequipo.com.mx\/fgr-confirmo-identidad-de-el-mencho-su-cuerpo-sigue-en-custodia-garcia-harfuch\/#primaryimage","url":"https:\/\/www.sonoraenequipo.com.mx\/storage\/2026\/02\/garcia-Harfuch-1.jpg","contentUrl":"https:\/\/www.sonoraenequipo.com.mx\/storage\/2026\/02\/garcia-Harfuch-1.jpg","width":993,"height":593},{"@type":"BreadcrumbList","@id":"https:\/\/www.sonoraenequipo.com.mx\/fgr-confirmo-identidad-de-el-mencho-su-cuerpo-sigue-en-custodia-garcia-harfuch\/#breadcrumb","itemListElement":[{"@type":"ListItem","position":1,"name":"Portada","item":"https:\/\/www.sonoraenequipo.com.mx\/"},{"@type":"ListItem","position":2,"name":"FGR confirm\u00f3 identidad de \u2018El Mencho\u2019; su cuerpo sigue en custodia: Garc\u00eda Harfuch"}]},{"@type":"WebSite","@id":"https:\/\/www.sonoraenequipo.com.mx\/#website","url":"https:\/\/www.sonoraenequipo.com.mx\/","name":"Sonora en Equipo.","description":"Diario en l\u00ednea con Noticias desde Hermosillo, Sonora","publisher":{"@id":"https:\/\/www.sonoraenequipo.com.mx\/#organization"},"potentialAction":[{"@type":"SearchAction","target":{"@type":"EntryPoint","urlTemplate":"https:\/\/www.sonoraenequipo.com.mx\/?s={search_term_string}"},"query-input":{"@type":"PropertyValueSpecification","valueRequired":true,"valueName":"search_term_string"}}],"inLanguage":"es"},{"@type":"Organization","@id":"https:\/\/www.sonoraenequipo.com.mx\/#organization","name":"Sonoraenequipo.com.mx","url":"https:\/\/www.sonoraenequipo.com.mx\/","logo":{"@type":"ImageObject","inLanguage":"es","@id":"https:\/\/www.sonoraenequipo.com.mx\/#\/schema\/logo\/image\/","url":"https:\/\/www.sonoraenequipo.com.mx\/storage\/2019\/01\/sonoraenequipo_opt.png","contentUrl":"https:\/\/www.sonoraenequipo.com.mx\/storage\/2019\/01\/sonoraenequipo_opt.png","width":375,"height":125,"caption":"Sonoraenequipo.com.mx"},"image":{"@id":"https:\/\/www.sonoraenequipo.com.mx\/#\/schema\/logo\/image\/"},"sameAs":["https:\/\/www.facebook.com\/SonoraEE\/","https:\/\/x.com\/sonoraenequipo","https:\/\/www.youtube.com\/channel\/UC338nW-lPEYmJQs4ZABQ1SQ"]},{"@type":"Person","@id":"https:\/\/www.sonoraenequipo.com.mx\/#\/schema\/person\/50102df0fb23a8fa9e8effad8fa81386","name":"enequipo","image":{"@type":"ImageObject","inLanguage":"es","@id":"https:\/\/www.sonoraenequipo.com.mx\/#\/schema\/person\/image\/","url":"https:\/\/secure.gravatar.com\/avatar\/049821681b589dabc0bc20695993ccebb09f5b5d4d790cd9251b97faac7c652b?s=96&d=blank&r=g","contentUrl":"https:\/\/secure.gravatar.com\/avatar\/049821681b589dabc0bc20695993ccebb09f5b5d4d790cd9251b97faac7c652b?s=96&d=blank&r=g","caption":"enequipo"},"sameAs":["https:\/\/www.facebook.com\/SonoraEE"]}]}},"jetpack_featured_media_url":"https:\/\/www.sonoraenequipo.com.mx\/storage\/2026\/02\/garcia-Harfuch-1.jpg","_links":{"self":[{"href":"https:\/\/www.sonoraenequipo.com.mx\/api\/wp\/v2\/posts\/235882","targetHints":{"allow":["GET"]}}],"collection":[{"href":"https:\/\/www.sonoraenequipo.com.mx\/api\/wp\/v2\/posts"}],"about":[{"href":"https:\/\/www.sonoraenequipo.com.mx\/api\/wp\/v2\/types\/post"}],"author":[{"embeddable":true,"href":"https:\/\/www.sonoraenequipo.com.mx\/api\/wp\/v2\/users\/1"}],"replies":[{"embeddable":true,"href":"https:\/\/www.sonoraenequipo.com.mx\/api\/wp\/v2\/comments?post=235882"}],"version-history":[{"count":1,"href":"https:\/\/www.sonoraenequipo.com.mx\/api\/wp\/v2\/posts\/235882\/revisions"}],"predecessor-version":[{"id":235891,"href":"https:\/\/www.sonoraenequipo.com.mx\/api\/wp\/v2\/posts\/235882\/revisions\/235891"}],"wp:featuredmedia":[{"embeddable":true,"href":"https:\/\/www.sonoraenequipo.com.mx\/api\/wp\/v2\/media\/235890"}],"wp:attachment":[{"href":"https:\/\/www.sonoraenequipo.com.mx\/api\/wp\/v2\/media?parent=235882"}],"wp:term":[{"taxonomy":"category","embeddable":true,"href":"https:\/\/www.sonoraenequipo.com.mx\/api\/wp\/v2\/categories?post=235882"},{"taxonomy":"post_tag","embeddable":true,"href":"https:\/\/www.sonoraenequipo.com.mx\/api\/wp\/v2\/tags?post=235882"}],"curies":[{"name":"wp","href":"https:\/\/api.w.org\/{rel}","templated":true}]}}