{"id":235883,"date":"2026-02-23T10:52:29","date_gmt":"2026-02-23T17:52:29","guid":{"rendered":"https:\/\/www.sonoraenequipo.com.mx\/?p=235883"},"modified":"2026-02-23T10:52:29","modified_gmt":"2026-02-23T17:52:29","slug":"ine-toma-medidas-internas-para-evitar-brotes-de-sarampion-entre-el-personal","status":"publish","type":"post","link":"https:\/\/www.sonoraenequipo.com.mx\/ine-toma-medidas-internas-para-evitar-brotes-de-sarampion-entre-el-personal\/","title":{"rendered":"INE toma medidas internas para evitar brotes de sarampi\u00f3n entre el personal"},"content":{"rendered":"<p><strong>CIUDAD DE M\u00c9XICO. \u2014<\/strong> El Instituto Nacional Electoral (INE) se une al llamado y estrategia de prevenci\u00f3n hechos por las autoridades sanitarias local y nacional, contra los brotes de sarampi\u00f3n, con la finalidad de priorizar, como es la pol\u00edtica del Instituto, la seguridad de todo el personal que labora en sus instalaciones en todo el pa\u00eds.<\/p>\n<p>&nbsp;<\/p>\n<p>&nbsp;<\/p>\n<p>&nbsp;<\/p>\n<p>El INE retoma lo establecido en la Constituci\u00f3n Pol\u00edtica de los Estados Unidos Mexicanos, en su Art\u00edculo 1, p\u00e1rrafo tercero, donde dispone que todas las autoridades, en el \u00e1mbito de sus competencias, tienen la obligaci\u00f3n de promover, respetar, proteger y garantizar los Derechos Humanos de conformidad con los principios de universalidad, independencia, indivisibilidad y progresividad.<\/p>\n<p>&nbsp;<\/p>\n<p>&nbsp;<\/p>\n<p>&nbsp;<\/p>\n<p>El Instituto atiende las disposiciones oficiales y garantiza que sus centros de trabajo mantengan las condiciones necesarias de seguridad e higiene para proteger la salud y la vida del personal, prevenir riesgos y asegurar el adecuado desempe\u00f1o de sus funciones.<\/p>\n<p>&nbsp;<\/p>\n<p>&nbsp;<\/p>\n<p>&nbsp;<\/p>\n<p>Con base en ello se implementaron acciones institucionales orientadas a evitar el riesgo de contagio de sarampi\u00f3n en las instalaciones del INE, de manera coordinada, eficiente y en estricto cumplimiento de la normatividad aplicable, protegiendo en todo momento la salud del personal y la ciudadan\u00eda.<\/p>\n<p>&nbsp;<\/p>\n<p>&nbsp;<\/p>\n<p>&nbsp;<\/p>\n<p>Entre estas acciones est\u00e1n la de usar gel antibacterial en la entrada y salida de las instalaciones; una campa\u00f1a de difusi\u00f3n interna sobre la enfermedad y sus medidas de prevenci\u00f3n; evitar contacto f\u00edsico; uso de cubrebocas en \u00e1reas comunes; se intensificar\u00e1 una campa\u00f1a de vacunaci\u00f3n para el personal que no cuente con su esquema completo de inmunidad; y en caso de s\u00edntomas de la enfermedad o de haber estado en contacto con un enfermo, acudir de inmediato al servicio m\u00e9dico y reportarlo.<\/p>\n<p>&nbsp;<\/p>\n<p>&nbsp;<\/p>\n<p>&nbsp;<\/p>\n<p>Con base en la informaci\u00f3n proporcionada por las autoridades sanitarias, el sarampi\u00f3n es una enfermedad viral altamente contagiosa, con una tasa de trasmisi\u00f3n de entre el 90 % y 95 % en personas no vacunadas y una persona infectada puede trasmitir la enfermedad a m\u00e1s de una decena de hombres o mujeres susceptibles en ausencia de inmunidad.<\/p>\n<p>&nbsp;<\/p>\n<p>&nbsp;<\/p>\n<p>&nbsp;<\/p>\n<p>En atenci\u00f3n a esta circunstancia y de que en el Instituto se present\u00f3 un contagio aislado de esta enfermedad, el INE implement\u00f3, adem\u00e1s, desde el inicio del brote en 2025 diversas acciones encaminadas a prevenir riesgos de contagio de sarampi\u00f3n en su personal, entre las cuales se encuentra la instrumentaci\u00f3n de una campa\u00f1a de vacunaci\u00f3n en los estados de mayor riesgo de contagio, como es el caso de Chihuahua y Jalisco.<\/p>\n<p>&nbsp;<\/p>\n<p>&nbsp;<\/p>\n<p>&nbsp;<\/p>\n<p>Adem\u00e1s, como parte de sus medidas de prevenci\u00f3n, el Instituto determin\u00f3 escalar su nivel de prevenci\u00f3n y, en el caso de ser necesario, se adoptar\u00e1n otras medidas como:<\/p>\n","protected":false},"excerpt":{"rendered":"<p>CIUDAD DE M\u00c9XICO. \u2014 El Instituto Nacional Electoral (INE) se une al llamado y estrategia&#8230;<\/p>\n","protected":false},"author":1,"featured_media":131582,"comment_status":"open","ping_status":"open","sticky":false,"template":"","format":"standard","meta":{"_monsterinsights_skip_tracking":false,"_monsterinsights_sitenote_active":false,"_monsterinsights_sitenote_note":"","_monsterinsights_sitenote_category":0,"footnotes":""},"categories":[5],"tags":[1247,3032],"class_list":["post"],"yoast_head":" \n<title>Sonora en Equipo. INE toma medidas internas para evitar brotes de sarampi\u00f3n entre el personal Rep\u00fablica<\/title>\n<meta name=\"description\" content=\"CIUDAD DE M\u00c9XICO. \u2014 El Instituto Nacional Electoral (INE) se une al llamado y estrategia de prevenci\u00f3n hechos por las autoridades sanitarias local y En Sonora en Equipo publicamos toda la informaci\u00f3n de Sonora, M\u00e9xico y el Mundo de manera oportuna y busca que la libertad de expresi\u00f3n sea real. Visita nuestro medio informativo publicado desde Hermosillo, Sonora. %\" \/>\n<meta name=\"robots\" content=\"index, follow, max-snippet:-1, max-image-preview:large, max-video-preview:-1\" \/>\n<link rel=\"canonical\" href=\"https:\/\/www.sonoraenequipo.com.mx\/ine-toma-medidas-internas-para-evitar-brotes-de-sarampion-entre-el-personal\/\" \/>\n<meta property=\"og:locale\" content=\"es_ES\" \/>\n<meta property=\"og:type\" content=\"article\" \/>\n<meta property=\"og:title\" content=\"Sonora en Equipo. INE toma medidas internas para evitar brotes de sarampi\u00f3n entre el personal Rep\u00fablica\" \/>\n<meta property=\"og:description\" content=\"CIUDAD DE M\u00c9XICO. \u2014 El Instituto Nacional Electoral (INE) se une al llamado y estrategia de prevenci\u00f3n hechos por las autoridades sanitarias local y En Sonora en Equipo publicamos toda la informaci\u00f3n de Sonora, M\u00e9xico y el Mundo de manera oportuna y busca que la libertad de expresi\u00f3n sea real. Visita nuestro medio informativo publicado desde Hermosillo, Sonora. %\" \/>\n<meta property=\"og:url\" content=\"https:\/\/www.sonoraenequipo.com.mx\/ine-toma-medidas-internas-para-evitar-brotes-de-sarampion-entre-el-personal\/\" \/>\n<meta property=\"og:site_name\" content=\"Sonora en Equipo.\" \/>\n<meta property=\"article:publisher\" content=\"https:\/\/www.facebook.com\/SonoraEE\/\" \/>\n<meta property=\"article:author\" content=\"https:\/\/www.facebook.com\/SonoraEE\" \/>\n<meta property=\"article:published_time\" content=\"2026-02-23T17:52:29+00:00\" \/>\n<meta property=\"og:image\" content=\"https:\/\/www.sonoraenequipo.com.mx\/storage\/2022\/01\/ine-modulo700x400.jpg\" \/>\n\t<meta property=\"og:image:width\" content=\"700\" \/>\n\t<meta property=\"og:image:height\" content=\"400\" \/>\n\t<meta property=\"og:image:type\" content=\"image\/jpeg\" \/>\n<meta name=\"author\" content=\"enequipo\" \/>\n<meta name=\"twitter:card\" content=\"summary_large_image\" \/>\n<meta name=\"twitter:creator\" content=\"@sonoraenequipo\" \/>\n<meta name=\"twitter:site\" content=\"@sonoraenequipo\" \/>\n<meta name=\"twitter:label1\" content=\"Escrito por\" \/>\n\t<meta name=\"twitter:data1\" content=\"enequipo\" \/>\n\t<meta name=\"twitter:label2\" content=\"Tiempo de lectura\" \/>\n\t<meta name=\"twitter:data2\" content=\"2 minutos\" \/>\n<script type=\"application\/ld+json\" class=\"yoast-schema-graph\">{\"@context\":\"https:\/\/schema.org\",\"@graph\":[{\"@type\":\"Article\",\"@id\":\"https:\/\/www.sonoraenequipo.com.mx\/ine-toma-medidas-internas-para-evitar-brotes-de-sarampion-entre-el-personal\/#article\",\"isPartOf\":{\"@id\":\"https:\/\/www.sonoraenequipo.com.mx\/ine-toma-medidas-internas-para-evitar-brotes-de-sarampion-entre-el-personal\/\"},\"author\":{\"name\":\"enequipo\",\"@id\":\"https:\/\/www.sonoraenequipo.com.mx\/#\/schema\/person\/50102df0fb23a8fa9e8effad8fa81386\"},\"headline\":\"INE toma medidas internas para evitar brotes de sarampi\u00f3n entre el personal\",\"datePublished\":\"2026-02-23T17:52:29+00:00\",\"mainEntityOfPage\":{\"@id\":\"https:\/\/www.sonoraenequipo.com.mx\/ine-toma-medidas-internas-para-evitar-brotes-de-sarampion-entre-el-personal\/\"},\"wordCount\":497,\"commentCount\":0,\"publisher\":{\"@id\":\"https:\/\/www.sonoraenequipo.com.mx\/#organization\"},\"image\":{\"@id\":\"https:\/\/www.sonoraenequipo.com.mx\/ine-toma-medidas-internas-para-evitar-brotes-de-sarampion-entre-el-personal\/#primaryimage\"},\"thumbnailUrl\":\"https:\/\/www.sonoraenequipo.com.mx\/storage\/2022\/01\/ine-modulo700x400.jpg\",\"keywords\":[\"INE\",\"sarampion\"],\"articleSection\":[\"Rep\u00fablica\"],\"inLanguage\":\"es\",\"potentialAction\":[{\"@type\":\"CommentAction\",\"name\":\"Comment\",\"target\":[\"https:\/\/www.sonoraenequipo.com.mx\/ine-toma-medidas-internas-para-evitar-brotes-de-sarampion-entre-el-personal\/#respond\"]}]},{\"@type\":\"WebPage\",\"@id\":\"https:\/\/www.sonoraenequipo.com.mx\/ine-toma-medidas-internas-para-evitar-brotes-de-sarampion-entre-el-personal\/\",\"url\":\"https:\/\/www.sonoraenequipo.com.mx\/ine-toma-medidas-internas-para-evitar-brotes-de-sarampion-entre-el-personal\/\",\"name\":\"Sonora en Equipo. INE toma medidas internas para evitar brotes de sarampi\u00f3n entre el personal Rep\u00fablica\",\"isPartOf\":{\"@id\":\"https:\/\/www.sonoraenequipo.com.mx\/#website\"},\"primaryImageOfPage\":{\"@id\":\"https:\/\/www.sonoraenequipo.com.mx\/ine-toma-medidas-internas-para-evitar-brotes-de-sarampion-entre-el-personal\/#primaryimage\"},\"image\":{\"@id\":\"https:\/\/www.sonoraenequipo.com.mx\/ine-toma-medidas-internas-para-evitar-brotes-de-sarampion-entre-el-personal\/#primaryimage\"},\"thumbnailUrl\":\"https:\/\/www.sonoraenequipo.com.mx\/storage\/2022\/01\/ine-modulo700x400.jpg\",\"datePublished\":\"2026-02-23T17:52:29+00:00\",\"description\":\"CIUDAD DE M\u00c9XICO. \u2014 El Instituto Nacional Electoral (INE) se une al llamado y estrategia de prevenci\u00f3n hechos por las autoridades sanitarias local y En Sonora en Equipo publicamos toda la informaci\u00f3n de Sonora, M\u00e9xico y el Mundo de manera oportuna y busca que la libertad de expresi\u00f3n sea real. Visita nuestro medio informativo publicado desde Hermosillo, Sonora. %\",\"breadcrumb\":{\"@id\":\"https:\/\/www.sonoraenequipo.com.mx\/ine-toma-medidas-internas-para-evitar-brotes-de-sarampion-entre-el-personal\/#breadcrumb\"},\"inLanguage\":\"es\",\"potentialAction\":[{\"@type\":\"ReadAction\",\"target\":[\"https:\/\/www.sonoraenequipo.com.mx\/ine-toma-medidas-internas-para-evitar-brotes-de-sarampion-entre-el-personal\/\"]}]},{\"@type\":\"ImageObject\",\"inLanguage\":\"es\",\"@id\":\"https:\/\/www.sonoraenequipo.com.mx\/ine-toma-medidas-internas-para-evitar-brotes-de-sarampion-entre-el-personal\/#primaryimage\",\"url\":\"https:\/\/www.sonoraenequipo.com.mx\/storage\/2022\/01\/ine-modulo700x400.jpg\",\"contentUrl\":\"https:\/\/www.sonoraenequipo.com.mx\/storage\/2022\/01\/ine-modulo700x400.jpg\",\"width\":700,\"height\":400,\"caption\":\"M\u00f3dulo del INE durante la pandemia de covid-19. Imagen de archivo para ilustrar\"},{\"@type\":\"BreadcrumbList\",\"@id\":\"https:\/\/www.sonoraenequipo.com.mx\/ine-toma-medidas-internas-para-evitar-brotes-de-sarampion-entre-el-personal\/#breadcrumb\",\"itemListElement\":[{\"@type\":\"ListItem\",\"position\":1,\"name\":\"Portada\",\"item\":\"https:\/\/www.sonoraenequipo.com.mx\/\"},{\"@type\":\"ListItem\",\"position\":2,\"name\":\"INE toma medidas internas para evitar brotes de sarampi\u00f3n entre el personal\"}]},{\"@type\":\"WebSite\",\"@id\":\"https:\/\/www.sonoraenequipo.com.mx\/#website\",\"url\":\"https:\/\/www.sonoraenequipo.com.mx\/\",\"name\":\"Sonora en Equipo.\",\"description\":\"Diario en l\u00ednea con Noticias desde Hermosillo, Sonora\",\"publisher\":{\"@id\":\"https:\/\/www.sonoraenequipo.com.mx\/#organization\"},\"potentialAction\":[{\"@type\":\"SearchAction\",\"target\":{\"@type\":\"EntryPoint\",\"urlTemplate\":\"https:\/\/www.sonoraenequipo.com.mx\/?s={search_term_string}\"},\"query-input\":{\"@type\":\"PropertyValueSpecification\",\"valueRequired\":true,\"valueName\":\"search_term_string\"}}],\"inLanguage\":\"es\"},{\"@type\":\"Organization\",\"@id\":\"https:\/\/www.sonoraenequipo.com.mx\/#organization\",\"name\":\"Sonoraenequipo.com.mx\",\"url\":\"https:\/\/www.sonoraenequipo.com.mx\/\",\"logo\":{\"@type\":\"ImageObject\",\"inLanguage\":\"es\",\"@id\":\"https:\/\/www.sonoraenequipo.com.mx\/#\/schema\/logo\/image\/\",\"url\":\"https:\/\/www.sonoraenequipo.com.mx\/storage\/2019\/01\/sonoraenequipo_opt.png\",\"contentUrl\":\"https:\/\/www.sonoraenequipo.com.mx\/storage\/2019\/01\/sonoraenequipo_opt.png\",\"width\":375,\"height\":125,\"caption\":\"Sonoraenequipo.com.mx\"},\"image\":{\"@id\":\"https:\/\/www.sonoraenequipo.com.mx\/#\/schema\/logo\/image\/\"},\"sameAs\":[\"https:\/\/www.facebook.com\/SonoraEE\/\",\"https:\/\/x.com\/sonoraenequipo\",\"https:\/\/www.youtube.com\/channel\/UC338nW-lPEYmJQs4ZABQ1SQ\"]},{\"@type\":\"Person\",\"@id\":\"https:\/\/www.sonoraenequipo.com.mx\/#\/schema\/person\/50102df0fb23a8fa9e8effad8fa81386\",\"name\":\"enequipo\",\"image\":{\"@type\":\"ImageObject\",\"inLanguage\":\"es\",\"@id\":\"https:\/\/www.sonoraenequipo.com.mx\/#\/schema\/person\/image\/\",\"url\":\"https:\/\/secure.gravatar.com\/avatar\/049821681b589dabc0bc20695993ccebb09f5b5d4d790cd9251b97faac7c652b?s=96&d=blank&r=g\",\"contentUrl\":\"https:\/\/secure.gravatar.com\/avatar\/049821681b589dabc0bc20695993ccebb09f5b5d4d790cd9251b97faac7c652b?s=96&d=blank&r=g\",\"caption\":\"enequipo\"},\"sameAs\":[\"https:\/\/www.facebook.com\/SonoraEE\"]}]}<\/script>\n ","yoast_head_json":{"title":"Sonora en Equipo. INE toma medidas internas para evitar brotes de sarampi\u00f3n entre el personal Rep\u00fablica","description":"CIUDAD DE M\u00c9XICO. \u2014 El Instituto Nacional Electoral (INE) se une al llamado y estrategia de prevenci\u00f3n hechos por las autoridades sanitarias local y En Sonora en Equipo publicamos toda la informaci\u00f3n de Sonora, M\u00e9xico y el Mundo de manera oportuna y busca que la libertad de expresi\u00f3n sea real. Visita nuestro medio informativo publicado desde Hermosillo, Sonora. %","robots":{"index":"index","follow":"follow","max-snippet":"max-snippet:-1","max-image-preview":"max-image-preview:large","max-video-preview":"max-video-preview:-1"},"canonical":"https:\/\/www.sonoraenequipo.com.mx\/ine-toma-medidas-internas-para-evitar-brotes-de-sarampion-entre-el-personal\/","og_locale":"es_ES","og_type":"article","og_title":"Sonora en Equipo. INE toma medidas internas para evitar brotes de sarampi\u00f3n entre el personal Rep\u00fablica","og_description":"CIUDAD DE M\u00c9XICO. \u2014 El Instituto Nacional Electoral (INE) se une al llamado y estrategia de prevenci\u00f3n hechos por las autoridades sanitarias local y En Sonora en Equipo publicamos toda la informaci\u00f3n de Sonora, M\u00e9xico y el Mundo de manera oportuna y busca que la libertad de expresi\u00f3n sea real. Visita nuestro medio informativo publicado desde Hermosillo, Sonora. %","og_url":"https:\/\/www.sonoraenequipo.com.mx\/ine-toma-medidas-internas-para-evitar-brotes-de-sarampion-entre-el-personal\/","og_site_name":"Sonora en Equipo.","article_publisher":"https:\/\/www.facebook.com\/SonoraEE\/","article_author":"https:\/\/www.facebook.com\/SonoraEE","article_published_time":"2026-02-23T17:52:29+00:00","og_image":[{"width":700,"height":400,"url":"https:\/\/www.sonoraenequipo.com.mx\/storage\/2022\/01\/ine-modulo700x400.jpg","type":"image\/jpeg"}],"author":"enequipo","twitter_card":"summary_large_image","twitter_creator":"@sonoraenequipo","twitter_site":"@sonoraenequipo","twitter_misc":{"Escrito por":"enequipo","Tiempo de lectura":"2 minutos"},"schema":{"@context":"https:\/\/schema.org","@graph":[{"@type":"Article","@id":"https:\/\/www.sonoraenequipo.com.mx\/ine-toma-medidas-internas-para-evitar-brotes-de-sarampion-entre-el-personal\/#article","isPartOf":{"@id":"https:\/\/www.sonoraenequipo.com.mx\/ine-toma-medidas-internas-para-evitar-brotes-de-sarampion-entre-el-personal\/"},"author":{"name":"enequipo","@id":"https:\/\/www.sonoraenequipo.com.mx\/#\/schema\/person\/50102df0fb23a8fa9e8effad8fa81386"},"headline":"INE toma medidas internas para evitar brotes de sarampi\u00f3n entre el personal","datePublished":"2026-02-23T17:52:29+00:00","mainEntityOfPage":{"@id":"https:\/\/www.sonoraenequipo.com.mx\/ine-toma-medidas-internas-para-evitar-brotes-de-sarampion-entre-el-personal\/"},"wordCount":497,"commentCount":0,"publisher":{"@id":"https:\/\/www.sonoraenequipo.com.mx\/#organization"},"image":{"@id":"https:\/\/www.sonoraenequipo.com.mx\/ine-toma-medidas-internas-para-evitar-brotes-de-sarampion-entre-el-personal\/#primaryimage"},"thumbnailUrl":"https:\/\/www.sonoraenequipo.com.mx\/storage\/2022\/01\/ine-modulo700x400.jpg","keywords":["INE","sarampion"],"articleSection":["Rep\u00fablica"],"inLanguage":"es","potentialAction":[{"@type":"CommentAction","name":"Comment","target":["https:\/\/www.sonoraenequipo.com.mx\/ine-toma-medidas-internas-para-evitar-brotes-de-sarampion-entre-el-personal\/#respond"]}]},{"@type":"WebPage","@id":"https:\/\/www.sonoraenequipo.com.mx\/ine-toma-medidas-internas-para-evitar-brotes-de-sarampion-entre-el-personal\/","url":"https:\/\/www.sonoraenequipo.com.mx\/ine-toma-medidas-internas-para-evitar-brotes-de-sarampion-entre-el-personal\/","name":"Sonora en Equipo. INE toma medidas internas para evitar brotes de sarampi\u00f3n entre el personal Rep\u00fablica","isPartOf":{"@id":"https:\/\/www.sonoraenequipo.com.mx\/#website"},"primaryImageOfPage":{"@id":"https:\/\/www.sonoraenequipo.com.mx\/ine-toma-medidas-internas-para-evitar-brotes-de-sarampion-entre-el-personal\/#primaryimage"},"image":{"@id":"https:\/\/www.sonoraenequipo.com.mx\/ine-toma-medidas-internas-para-evitar-brotes-de-sarampion-entre-el-personal\/#primaryimage"},"thumbnailUrl":"https:\/\/www.sonoraenequipo.com.mx\/storage\/2022\/01\/ine-modulo700x400.jpg","datePublished":"2026-02-23T17:52:29+00:00","description":"CIUDAD DE M\u00c9XICO. \u2014 El Instituto Nacional Electoral (INE) se une al llamado y estrategia de prevenci\u00f3n hechos por las autoridades sanitarias local y En Sonora en Equipo publicamos toda la informaci\u00f3n de Sonora, M\u00e9xico y el Mundo de manera oportuna y busca que la libertad de expresi\u00f3n sea real. Visita nuestro medio informativo publicado desde Hermosillo, Sonora. %","breadcrumb":{"@id":"https:\/\/www.sonoraenequipo.com.mx\/ine-toma-medidas-internas-para-evitar-brotes-de-sarampion-entre-el-personal\/#breadcrumb"},"inLanguage":"es","potentialAction":[{"@type":"ReadAction","target":["https:\/\/www.sonoraenequipo.com.mx\/ine-toma-medidas-internas-para-evitar-brotes-de-sarampion-entre-el-personal\/"]}]},{"@type":"ImageObject","inLanguage":"es","@id":"https:\/\/www.sonoraenequipo.com.mx\/ine-toma-medidas-internas-para-evitar-brotes-de-sarampion-entre-el-personal\/#primaryimage","url":"https:\/\/www.sonoraenequipo.com.mx\/storage\/2022\/01\/ine-modulo700x400.jpg","contentUrl":"https:\/\/www.sonoraenequipo.com.mx\/storage\/2022\/01\/ine-modulo700x400.jpg","width":700,"height":400,"caption":"M\u00f3dulo del INE durante la pandemia de covid-19. Imagen de archivo para ilustrar"},{"@type":"BreadcrumbList","@id":"https:\/\/www.sonoraenequipo.com.mx\/ine-toma-medidas-internas-para-evitar-brotes-de-sarampion-entre-el-personal\/#breadcrumb","itemListElement":[{"@type":"ListItem","position":1,"name":"Portada","item":"https:\/\/www.sonoraenequipo.com.mx\/"},{"@type":"ListItem","position":2,"name":"INE toma medidas internas para evitar brotes de sarampi\u00f3n entre el personal"}]},{"@type":"WebSite","@id":"https:\/\/www.sonoraenequipo.com.mx\/#website","url":"https:\/\/www.sonoraenequipo.com.mx\/","name":"Sonora en Equipo.","description":"Diario en l\u00ednea con Noticias desde Hermosillo, Sonora","publisher":{"@id":"https:\/\/www.sonoraenequipo.com.mx\/#organization"},"potentialAction":[{"@type":"SearchAction","target":{"@type":"EntryPoint","urlTemplate":"https:\/\/www.sonoraenequipo.com.mx\/?s={search_term_string}"},"query-input":{"@type":"PropertyValueSpecification","valueRequired":true,"valueName":"search_term_string"}}],"inLanguage":"es"},{"@type":"Organization","@id":"https:\/\/www.sonoraenequipo.com.mx\/#organization","name":"Sonoraenequipo.com.mx","url":"https:\/\/www.sonoraenequipo.com.mx\/","logo":{"@type":"ImageObject","inLanguage":"es","@id":"https:\/\/www.sonoraenequipo.com.mx\/#\/schema\/logo\/image\/","url":"https:\/\/www.sonoraenequipo.com.mx\/storage\/2019\/01\/sonoraenequipo_opt.png","contentUrl":"https:\/\/www.sonoraenequipo.com.mx\/storage\/2019\/01\/sonoraenequipo_opt.png","width":375,"height":125,"caption":"Sonoraenequipo.com.mx"},"image":{"@id":"https:\/\/www.sonoraenequipo.com.mx\/#\/schema\/logo\/image\/"},"sameAs":["https:\/\/www.facebook.com\/SonoraEE\/","https:\/\/x.com\/sonoraenequipo","https:\/\/www.youtube.com\/channel\/UC338nW-lPEYmJQs4ZABQ1SQ"]},{"@type":"Person","@id":"https:\/\/www.sonoraenequipo.com.mx\/#\/schema\/person\/50102df0fb23a8fa9e8effad8fa81386","name":"enequipo","image":{"@type":"ImageObject","inLanguage":"es","@id":"https:\/\/www.sonoraenequipo.com.mx\/#\/schema\/person\/image\/","url":"https:\/\/secure.gravatar.com\/avatar\/049821681b589dabc0bc20695993ccebb09f5b5d4d790cd9251b97faac7c652b?s=96&d=blank&r=g","contentUrl":"https:\/\/secure.gravatar.com\/avatar\/049821681b589dabc0bc20695993ccebb09f5b5d4d790cd9251b97faac7c652b?s=96&d=blank&r=g","caption":"enequipo"},"sameAs":["https:\/\/www.facebook.com\/SonoraEE"]}]}},"jetpack_featured_media_url":"https:\/\/www.sonoraenequipo.com.mx\/storage\/2022\/01\/ine-modulo700x400.jpg","_links":{"self":[{"href":"https:\/\/www.sonoraenequipo.com.mx\/api\/wp\/v2\/posts\/235883","targetHints":{"allow":["GET"]}}],"collection":[{"href":"https:\/\/www.sonoraenequipo.com.mx\/api\/wp\/v2\/posts"}],"about":[{"href":"https:\/\/www.sonoraenequipo.com.mx\/api\/wp\/v2\/types\/post"}],"author":[{"embeddable":true,"href":"https:\/\/www.sonoraenequipo.com.mx\/api\/wp\/v2\/users\/1"}],"replies":[{"embeddable":true,"href":"https:\/\/www.sonoraenequipo.com.mx\/api\/wp\/v2\/comments?post=235883"}],"version-history":[{"count":1,"href":"https:\/\/www.sonoraenequipo.com.mx\/api\/wp\/v2\/posts\/235883\/revisions"}],"predecessor-version":[{"id":235884,"href":"https:\/\/www.sonoraenequipo.com.mx\/api\/wp\/v2\/posts\/235883\/revisions\/235884"}],"wp:featuredmedia":[{"embeddable":true,"href":"https:\/\/www.sonoraenequipo.com.mx\/api\/wp\/v2\/media\/131582"}],"wp:attachment":[{"href":"https:\/\/www.sonoraenequipo.com.mx\/api\/wp\/v2\/media?parent=235883"}],"wp:term":[{"taxonomy":"category","embeddable":true,"href":"https:\/\/www.sonoraenequipo.com.mx\/api\/wp\/v2\/categories?post=235883"},{"taxonomy":"post_tag","embeddable":true,"href":"https:\/\/www.sonoraenequipo.com.mx\/api\/wp\/v2\/tags?post=235883"}],"curies":[{"name":"wp","href":"https:\/\/api.w.org\/{rel}","templated":true}]}}