{"id":235941,"date":"2026-02-23T20:40:02","date_gmt":"2026-02-24T03:40:02","guid":{"rendered":"https:\/\/www.sonoraenequipo.com.mx\/?p=235941"},"modified":"2026-02-24T17:35:40","modified_gmt":"2026-02-25T00:35:40","slug":"instalan-grupo-en-san-lazaro-para-analizar-baja-de-iva-e-isr-en-islas-de-cuatro-estados","status":"publish","type":"post","link":"https:\/\/www.sonoraenequipo.com.mx\/instalan-grupo-en-san-lazaro-para-analizar-baja-de-iva-e-isr-en-islas-de-cuatro-estados\/","title":{"rendered":"Instalan grupo en San L\u00e1zaro para analizar baja de IVA e ISR en islas de cuatro estados"},"content":{"rendered":"<p><strong>CIUDAD DE M\u00c9XICO. MX. \u2014 <\/strong>Ciudad de M\u00e9xico. La Comisi\u00f3n de Hacienda de la C\u00e1mara de Diputados integr\u00f3 un grupo de trabajo que revisar\u00e1 la iniciativa para reducir el IVA de 16 a 8 por ciento y el ISR de 30 a 16 por ciento en las islas de Quintana Roo y otros tres estados con mayores costos log\u00edsticos derivados de su condici\u00f3n geogr\u00e1fica.<\/p>\n<p>&nbsp;<\/p>\n<p>&nbsp;<\/p>\n<p> <\/p>\n<p>La propuesta, que plantea constituir una Zona Estrat\u00e9gica Fronteriza Insular para Quintana Roo, Campeche, Nayarit y Baja California, fue revisada por la comisi\u00f3n, en un encuentro donde se acord\u00f3 que Marybel Villegas Canch\u00e9 (Morena) coordine el grupo de trabajo.<\/p>\n<p>&nbsp;<\/p>\n<p>&nbsp;<\/p>\n<p>La legisladora inform\u00f3 este lunes que su iniciativa ya fue revisada en un di\u00e1logo con representantes de c\u00e1maras empresariales, industriales, sindicatos y de los municipios de Quintana Roo.<\/p>\n<p>&nbsp;<\/p>\n<p>&nbsp;<\/p>\n<p>Insisti\u00f3 que la propuesta del reconocimiento insular como zona fronteriza permitir\u00e1 actualizar el r\u00e9gimen de est\u00edmulos para la frontera sur y norte, que actualmente se basa en un criterio estrictamente terrestre.<\/p>\n<p>&nbsp;<\/p>\n<p>&nbsp;<\/p>\n<p>Afirm\u00f3 que la incorporaci\u00f3n de la figura de Zona Estrat\u00e9gica Fronteriza Insular busca <em><strong>\u201creducir asimetr\u00edas competitivas en la frontera sur, e incentivar inversi\u00f3n y reinversi\u00f3n productiva, adem\u00e1s de ampliar la formalidad econ\u00f3mica y fortalecer la base gravable a trav\u00e9s del dinamismo regional, y principalmente, consolidar la soberan\u00eda econ\u00f3mica en territorios estrat\u00e9gicos de frontera\u201d.<\/strong><\/em><\/p>\n<p>&nbsp;<\/p>\n<p>&nbsp;<\/p>\n<p>Refiri\u00f3 que, adem\u00e1s de la reducci\u00f3n de las tasas del IVA y del ISR se plantean est\u00edmulos adicionales en materia del IEPS que ser\u00edan aplicables a combustibles en regiones fronterizas.<\/p>\n<p>&nbsp;<\/p>\n<p>&nbsp;<\/p>\n<p><em><strong>\u201cNo se trata de un privilegio, es una actualizaci\u00f3n necesaria que permitir\u00e1 un equilibrio Norte-Sur con la actualizaci\u00f3n del C\u00f3digo Fiscal, que beneficiar\u00e1 directamente a islas como Cozumel, Isla Mujeres y Holbox, en Quintana Roo\u201d<\/strong><\/em>, explic\u00f3.<\/p>\n<p>&nbsp;<\/p>\n<p>PUBLICADO EL 23 FEBRERO DE 2026 Con informaci\u00f3n de Enrique M\u00e9ndez)<\/p>\n","protected":false},"excerpt":{"rendered":"<p>CIUDAD DE M\u00c9XICO. MX. \u2014 Ciudad de M\u00e9xico. La Comisi\u00f3n de Hacienda de la C\u00e1mara&#8230;<\/p>\n","protected":false},"author":1,"featured_media":235942,"comment_status":"open","ping_status":"open","sticky":false,"template":"","format":"standard","meta":{"_monsterinsights_skip_tracking":false,"_monsterinsights_sitenote_active":false,"_monsterinsights_sitenote_note":"","_monsterinsights_sitenote_category":0,"footnotes":""},"categories":[5],"tags":[],"class_list":["post"],"yoast_head":" \n<title>Sonora en Equipo. Instalan grupo en San L\u00e1zaro para analizar baja de IVA e ISR en islas de cuatro estados Rep\u00fablica<\/title>\n<meta name=\"description\" content=\"CIUDAD DE M\u00c9XICO. MX. \u2014 Ciudad de M\u00e9xico. La Comisi\u00f3n de Hacienda de la C\u00e1mara de Diputados integr\u00f3 un grupo de trabajo que revisar\u00e1 la iniciativa para En Sonora en Equipo publicamos toda la informaci\u00f3n de Sonora, M\u00e9xico y el Mundo de manera oportuna y busca que la libertad de expresi\u00f3n sea real. Visita nuestro medio informativo publicado desde Hermosillo, Sonora. %\" \/>\n<meta name=\"robots\" content=\"index, follow, max-snippet:-1, max-image-preview:large, max-video-preview:-1\" \/>\n<link rel=\"canonical\" href=\"https:\/\/www.sonoraenequipo.com.mx\/instalan-grupo-en-san-lazaro-para-analizar-baja-de-iva-e-isr-en-islas-de-cuatro-estados\/\" \/>\n<meta property=\"og:locale\" content=\"es_ES\" \/>\n<meta property=\"og:type\" content=\"article\" \/>\n<meta property=\"og:title\" content=\"Sonora en Equipo. Instalan grupo en San L\u00e1zaro para analizar baja de IVA e ISR en islas de cuatro estados Rep\u00fablica\" \/>\n<meta property=\"og:description\" content=\"CIUDAD DE M\u00c9XICO. MX. \u2014 Ciudad de M\u00e9xico. La Comisi\u00f3n de Hacienda de la C\u00e1mara de Diputados integr\u00f3 un grupo de trabajo que revisar\u00e1 la iniciativa para En Sonora en Equipo publicamos toda la informaci\u00f3n de Sonora, M\u00e9xico y el Mundo de manera oportuna y busca que la libertad de expresi\u00f3n sea real. Visita nuestro medio informativo publicado desde Hermosillo, Sonora. %\" \/>\n<meta property=\"og:url\" content=\"https:\/\/www.sonoraenequipo.com.mx\/instalan-grupo-en-san-lazaro-para-analizar-baja-de-iva-e-isr-en-islas-de-cuatro-estados\/\" \/>\n<meta property=\"og:site_name\" content=\"Sonora en Equipo.\" \/>\n<meta property=\"article:publisher\" content=\"https:\/\/www.facebook.com\/SonoraEE\/\" \/>\n<meta property=\"article:author\" content=\"https:\/\/www.facebook.com\/SonoraEE\" \/>\n<meta property=\"article:published_time\" content=\"2026-02-24T03:40:02+00:00\" \/>\n<meta property=\"article:modified_time\" content=\"2026-02-25T00:35:40+00:00\" \/>\n<meta property=\"og:image\" content=\"https:\/\/www.sonoraenequipo.com.mx\/storage\/2026\/02\/instalan-grupo-en-san-lazaro-para-analizar-baja-de-iva-e-isr-en-islas-de-cuatro-estado.webp\" \/>\n\t<meta property=\"og:image:width\" content=\"1200\" \/>\n\t<meta property=\"og:image:height\" content=\"900\" \/>\n\t<meta property=\"og:image:type\" content=\"image\/webp\" \/>\n<meta name=\"author\" content=\"enequipo\" \/>\n<meta name=\"twitter:card\" content=\"summary_large_image\" \/>\n<meta name=\"twitter:creator\" content=\"@sonoraenequipo\" \/>\n<meta name=\"twitter:site\" content=\"@sonoraenequipo\" \/>\n<meta name=\"twitter:label1\" content=\"Escrito por\" \/>\n\t<meta name=\"twitter:data1\" content=\"enequipo\" \/>\n\t<meta name=\"twitter:label2\" content=\"Tiempo de lectura\" \/>\n\t<meta name=\"twitter:data2\" content=\"2 minutos\" \/>\n<script type=\"application\/ld+json\" class=\"yoast-schema-graph\">{\"@context\":\"https:\/\/schema.org\",\"@graph\":[{\"@type\":\"Article\",\"@id\":\"https:\/\/www.sonoraenequipo.com.mx\/instalan-grupo-en-san-lazaro-para-analizar-baja-de-iva-e-isr-en-islas-de-cuatro-estados\/#article\",\"isPartOf\":{\"@id\":\"https:\/\/www.sonoraenequipo.com.mx\/instalan-grupo-en-san-lazaro-para-analizar-baja-de-iva-e-isr-en-islas-de-cuatro-estados\/\"},\"author\":{\"name\":\"enequipo\",\"@id\":\"https:\/\/www.sonoraenequipo.com.mx\/#\/schema\/person\/50102df0fb23a8fa9e8effad8fa81386\"},\"headline\":\"Instalan grupo en San L\u00e1zaro para analizar baja de IVA e ISR en islas de cuatro estados\",\"datePublished\":\"2026-02-24T03:40:02+00:00\",\"dateModified\":\"2026-02-25T00:35:40+00:00\",\"mainEntityOfPage\":{\"@id\":\"https:\/\/www.sonoraenequipo.com.mx\/instalan-grupo-en-san-lazaro-para-analizar-baja-de-iva-e-isr-en-islas-de-cuatro-estados\/\"},\"wordCount\":349,\"commentCount\":0,\"publisher\":{\"@id\":\"https:\/\/www.sonoraenequipo.com.mx\/#organization\"},\"image\":{\"@id\":\"https:\/\/www.sonoraenequipo.com.mx\/instalan-grupo-en-san-lazaro-para-analizar-baja-de-iva-e-isr-en-islas-de-cuatro-estados\/#primaryimage\"},\"thumbnailUrl\":\"https:\/\/www.sonoraenequipo.com.mx\/storage\/2026\/02\/instalan-grupo-en-san-lazaro-para-analizar-baja-de-iva-e-isr-en-islas-de-cuatro-estado.webp\",\"articleSection\":[\"Rep\u00fablica\"],\"inLanguage\":\"es\",\"potentialAction\":[{\"@type\":\"CommentAction\",\"name\":\"Comment\",\"target\":[\"https:\/\/www.sonoraenequipo.com.mx\/instalan-grupo-en-san-lazaro-para-analizar-baja-de-iva-e-isr-en-islas-de-cuatro-estados\/#respond\"]}]},{\"@type\":\"WebPage\",\"@id\":\"https:\/\/www.sonoraenequipo.com.mx\/instalan-grupo-en-san-lazaro-para-analizar-baja-de-iva-e-isr-en-islas-de-cuatro-estados\/\",\"url\":\"https:\/\/www.sonoraenequipo.com.mx\/instalan-grupo-en-san-lazaro-para-analizar-baja-de-iva-e-isr-en-islas-de-cuatro-estados\/\",\"name\":\"Sonora en Equipo. Instalan grupo en San L\u00e1zaro para analizar baja de IVA e ISR en islas de cuatro estados Rep\u00fablica\",\"isPartOf\":{\"@id\":\"https:\/\/www.sonoraenequipo.com.mx\/#website\"},\"primaryImageOfPage\":{\"@id\":\"https:\/\/www.sonoraenequipo.com.mx\/instalan-grupo-en-san-lazaro-para-analizar-baja-de-iva-e-isr-en-islas-de-cuatro-estados\/#primaryimage\"},\"image\":{\"@id\":\"https:\/\/www.sonoraenequipo.com.mx\/instalan-grupo-en-san-lazaro-para-analizar-baja-de-iva-e-isr-en-islas-de-cuatro-estados\/#primaryimage\"},\"thumbnailUrl\":\"https:\/\/www.sonoraenequipo.com.mx\/storage\/2026\/02\/instalan-grupo-en-san-lazaro-para-analizar-baja-de-iva-e-isr-en-islas-de-cuatro-estado.webp\",\"datePublished\":\"2026-02-24T03:40:02+00:00\",\"dateModified\":\"2026-02-25T00:35:40+00:00\",\"description\":\"CIUDAD DE M\u00c9XICO. MX. \u2014 Ciudad de M\u00e9xico. La Comisi\u00f3n de Hacienda de la C\u00e1mara de Diputados integr\u00f3 un grupo de trabajo que revisar\u00e1 la iniciativa para En Sonora en Equipo publicamos toda la informaci\u00f3n de Sonora, M\u00e9xico y el Mundo de manera oportuna y busca que la libertad de expresi\u00f3n sea real. Visita nuestro medio informativo publicado desde Hermosillo, Sonora. %\",\"breadcrumb\":{\"@id\":\"https:\/\/www.sonoraenequipo.com.mx\/instalan-grupo-en-san-lazaro-para-analizar-baja-de-iva-e-isr-en-islas-de-cuatro-estados\/#breadcrumb\"},\"inLanguage\":\"es\",\"potentialAction\":[{\"@type\":\"ReadAction\",\"target\":[\"https:\/\/www.sonoraenequipo.com.mx\/instalan-grupo-en-san-lazaro-para-analizar-baja-de-iva-e-isr-en-islas-de-cuatro-estados\/\"]}]},{\"@type\":\"ImageObject\",\"inLanguage\":\"es\",\"@id\":\"https:\/\/www.sonoraenequipo.com.mx\/instalan-grupo-en-san-lazaro-para-analizar-baja-de-iva-e-isr-en-islas-de-cuatro-estados\/#primaryimage\",\"url\":\"https:\/\/www.sonoraenequipo.com.mx\/storage\/2026\/02\/instalan-grupo-en-san-lazaro-para-analizar-baja-de-iva-e-isr-en-islas-de-cuatro-estado.webp\",\"contentUrl\":\"https:\/\/www.sonoraenequipo.com.mx\/storage\/2026\/02\/instalan-grupo-en-san-lazaro-para-analizar-baja-de-iva-e-isr-en-islas-de-cuatro-estado.webp\",\"width\":1200,\"height\":900},{\"@type\":\"BreadcrumbList\",\"@id\":\"https:\/\/www.sonoraenequipo.com.mx\/instalan-grupo-en-san-lazaro-para-analizar-baja-de-iva-e-isr-en-islas-de-cuatro-estados\/#breadcrumb\",\"itemListElement\":[{\"@type\":\"ListItem\",\"position\":1,\"name\":\"Portada\",\"item\":\"https:\/\/www.sonoraenequipo.com.mx\/\"},{\"@type\":\"ListItem\",\"position\":2,\"name\":\"Instalan grupo en San L\u00e1zaro para analizar baja de IVA e ISR en islas de cuatro estados\"}]},{\"@type\":\"WebSite\",\"@id\":\"https:\/\/www.sonoraenequipo.com.mx\/#website\",\"url\":\"https:\/\/www.sonoraenequipo.com.mx\/\",\"name\":\"Sonora en Equipo.\",\"description\":\"Diario en l\u00ednea con Noticias desde Hermosillo, Sonora\",\"publisher\":{\"@id\":\"https:\/\/www.sonoraenequipo.com.mx\/#organization\"},\"potentialAction\":[{\"@type\":\"SearchAction\",\"target\":{\"@type\":\"EntryPoint\",\"urlTemplate\":\"https:\/\/www.sonoraenequipo.com.mx\/?s={search_term_string}\"},\"query-input\":{\"@type\":\"PropertyValueSpecification\",\"valueRequired\":true,\"valueName\":\"search_term_string\"}}],\"inLanguage\":\"es\"},{\"@type\":\"Organization\",\"@id\":\"https:\/\/www.sonoraenequipo.com.mx\/#organization\",\"name\":\"Sonoraenequipo.com.mx\",\"url\":\"https:\/\/www.sonoraenequipo.com.mx\/\",\"logo\":{\"@type\":\"ImageObject\",\"inLanguage\":\"es\",\"@id\":\"https:\/\/www.sonoraenequipo.com.mx\/#\/schema\/logo\/image\/\",\"url\":\"https:\/\/www.sonoraenequipo.com.mx\/storage\/2019\/01\/sonoraenequipo_opt.png\",\"contentUrl\":\"https:\/\/www.sonoraenequipo.com.mx\/storage\/2019\/01\/sonoraenequipo_opt.png\",\"width\":375,\"height\":125,\"caption\":\"Sonoraenequipo.com.mx\"},\"image\":{\"@id\":\"https:\/\/www.sonoraenequipo.com.mx\/#\/schema\/logo\/image\/\"},\"sameAs\":[\"https:\/\/www.facebook.com\/SonoraEE\/\",\"https:\/\/x.com\/sonoraenequipo\",\"https:\/\/www.youtube.com\/channel\/UC338nW-lPEYmJQs4ZABQ1SQ\"]},{\"@type\":\"Person\",\"@id\":\"https:\/\/www.sonoraenequipo.com.mx\/#\/schema\/person\/50102df0fb23a8fa9e8effad8fa81386\",\"name\":\"enequipo\",\"image\":{\"@type\":\"ImageObject\",\"inLanguage\":\"es\",\"@id\":\"https:\/\/www.sonoraenequipo.com.mx\/#\/schema\/person\/image\/\",\"url\":\"https:\/\/secure.gravatar.com\/avatar\/049821681b589dabc0bc20695993ccebb09f5b5d4d790cd9251b97faac7c652b?s=96&d=blank&r=g\",\"contentUrl\":\"https:\/\/secure.gravatar.com\/avatar\/049821681b589dabc0bc20695993ccebb09f5b5d4d790cd9251b97faac7c652b?s=96&d=blank&r=g\",\"caption\":\"enequipo\"},\"sameAs\":[\"https:\/\/www.facebook.com\/SonoraEE\"]}]}<\/script>\n ","yoast_head_json":{"title":"Sonora en Equipo. Instalan grupo en San L\u00e1zaro para analizar baja de IVA e ISR en islas de cuatro estados Rep\u00fablica","description":"CIUDAD DE M\u00c9XICO. MX. \u2014 Ciudad de M\u00e9xico. La Comisi\u00f3n de Hacienda de la C\u00e1mara de Diputados integr\u00f3 un grupo de trabajo que revisar\u00e1 la iniciativa para En Sonora en Equipo publicamos toda la informaci\u00f3n de Sonora, M\u00e9xico y el Mundo de manera oportuna y busca que la libertad de expresi\u00f3n sea real. Visita nuestro medio informativo publicado desde Hermosillo, Sonora. %","robots":{"index":"index","follow":"follow","max-snippet":"max-snippet:-1","max-image-preview":"max-image-preview:large","max-video-preview":"max-video-preview:-1"},"canonical":"https:\/\/www.sonoraenequipo.com.mx\/instalan-grupo-en-san-lazaro-para-analizar-baja-de-iva-e-isr-en-islas-de-cuatro-estados\/","og_locale":"es_ES","og_type":"article","og_title":"Sonora en Equipo. Instalan grupo en San L\u00e1zaro para analizar baja de IVA e ISR en islas de cuatro estados Rep\u00fablica","og_description":"CIUDAD DE M\u00c9XICO. MX. \u2014 Ciudad de M\u00e9xico. La Comisi\u00f3n de Hacienda de la C\u00e1mara de Diputados integr\u00f3 un grupo de trabajo que revisar\u00e1 la iniciativa para En Sonora en Equipo publicamos toda la informaci\u00f3n de Sonora, M\u00e9xico y el Mundo de manera oportuna y busca que la libertad de expresi\u00f3n sea real. Visita nuestro medio informativo publicado desde Hermosillo, Sonora. %","og_url":"https:\/\/www.sonoraenequipo.com.mx\/instalan-grupo-en-san-lazaro-para-analizar-baja-de-iva-e-isr-en-islas-de-cuatro-estados\/","og_site_name":"Sonora en Equipo.","article_publisher":"https:\/\/www.facebook.com\/SonoraEE\/","article_author":"https:\/\/www.facebook.com\/SonoraEE","article_published_time":"2026-02-24T03:40:02+00:00","article_modified_time":"2026-02-25T00:35:40+00:00","og_image":[{"width":1200,"height":900,"url":"https:\/\/www.sonoraenequipo.com.mx\/storage\/2026\/02\/instalan-grupo-en-san-lazaro-para-analizar-baja-de-iva-e-isr-en-islas-de-cuatro-estado.webp","type":"image\/webp"}],"author":"enequipo","twitter_card":"summary_large_image","twitter_creator":"@sonoraenequipo","twitter_site":"@sonoraenequipo","twitter_misc":{"Escrito por":"enequipo","Tiempo de lectura":"2 minutos"},"schema":{"@context":"https:\/\/schema.org","@graph":[{"@type":"Article","@id":"https:\/\/www.sonoraenequipo.com.mx\/instalan-grupo-en-san-lazaro-para-analizar-baja-de-iva-e-isr-en-islas-de-cuatro-estados\/#article","isPartOf":{"@id":"https:\/\/www.sonoraenequipo.com.mx\/instalan-grupo-en-san-lazaro-para-analizar-baja-de-iva-e-isr-en-islas-de-cuatro-estados\/"},"author":{"name":"enequipo","@id":"https:\/\/www.sonoraenequipo.com.mx\/#\/schema\/person\/50102df0fb23a8fa9e8effad8fa81386"},"headline":"Instalan grupo en San L\u00e1zaro para analizar baja de IVA e ISR en islas de cuatro estados","datePublished":"2026-02-24T03:40:02+00:00","dateModified":"2026-02-25T00:35:40+00:00","mainEntityOfPage":{"@id":"https:\/\/www.sonoraenequipo.com.mx\/instalan-grupo-en-san-lazaro-para-analizar-baja-de-iva-e-isr-en-islas-de-cuatro-estados\/"},"wordCount":349,"commentCount":0,"publisher":{"@id":"https:\/\/www.sonoraenequipo.com.mx\/#organization"},"image":{"@id":"https:\/\/www.sonoraenequipo.com.mx\/instalan-grupo-en-san-lazaro-para-analizar-baja-de-iva-e-isr-en-islas-de-cuatro-estados\/#primaryimage"},"thumbnailUrl":"https:\/\/www.sonoraenequipo.com.mx\/storage\/2026\/02\/instalan-grupo-en-san-lazaro-para-analizar-baja-de-iva-e-isr-en-islas-de-cuatro-estado.webp","articleSection":["Rep\u00fablica"],"inLanguage":"es","potentialAction":[{"@type":"CommentAction","name":"Comment","target":["https:\/\/www.sonoraenequipo.com.mx\/instalan-grupo-en-san-lazaro-para-analizar-baja-de-iva-e-isr-en-islas-de-cuatro-estados\/#respond"]}]},{"@type":"WebPage","@id":"https:\/\/www.sonoraenequipo.com.mx\/instalan-grupo-en-san-lazaro-para-analizar-baja-de-iva-e-isr-en-islas-de-cuatro-estados\/","url":"https:\/\/www.sonoraenequipo.com.mx\/instalan-grupo-en-san-lazaro-para-analizar-baja-de-iva-e-isr-en-islas-de-cuatro-estados\/","name":"Sonora en Equipo. Instalan grupo en San L\u00e1zaro para analizar baja de IVA e ISR en islas de cuatro estados Rep\u00fablica","isPartOf":{"@id":"https:\/\/www.sonoraenequipo.com.mx\/#website"},"primaryImageOfPage":{"@id":"https:\/\/www.sonoraenequipo.com.mx\/instalan-grupo-en-san-lazaro-para-analizar-baja-de-iva-e-isr-en-islas-de-cuatro-estados\/#primaryimage"},"image":{"@id":"https:\/\/www.sonoraenequipo.com.mx\/instalan-grupo-en-san-lazaro-para-analizar-baja-de-iva-e-isr-en-islas-de-cuatro-estados\/#primaryimage"},"thumbnailUrl":"https:\/\/www.sonoraenequipo.com.mx\/storage\/2026\/02\/instalan-grupo-en-san-lazaro-para-analizar-baja-de-iva-e-isr-en-islas-de-cuatro-estado.webp","datePublished":"2026-02-24T03:40:02+00:00","dateModified":"2026-02-25T00:35:40+00:00","description":"CIUDAD DE M\u00c9XICO. MX. \u2014 Ciudad de M\u00e9xico. La Comisi\u00f3n de Hacienda de la C\u00e1mara de Diputados integr\u00f3 un grupo de trabajo que revisar\u00e1 la iniciativa para En Sonora en Equipo publicamos toda la informaci\u00f3n de Sonora, M\u00e9xico y el Mundo de manera oportuna y busca que la libertad de expresi\u00f3n sea real. Visita nuestro medio informativo publicado desde Hermosillo, Sonora. %","breadcrumb":{"@id":"https:\/\/www.sonoraenequipo.com.mx\/instalan-grupo-en-san-lazaro-para-analizar-baja-de-iva-e-isr-en-islas-de-cuatro-estados\/#breadcrumb"},"inLanguage":"es","potentialAction":[{"@type":"ReadAction","target":["https:\/\/www.sonoraenequipo.com.mx\/instalan-grupo-en-san-lazaro-para-analizar-baja-de-iva-e-isr-en-islas-de-cuatro-estados\/"]}]},{"@type":"ImageObject","inLanguage":"es","@id":"https:\/\/www.sonoraenequipo.com.mx\/instalan-grupo-en-san-lazaro-para-analizar-baja-de-iva-e-isr-en-islas-de-cuatro-estados\/#primaryimage","url":"https:\/\/www.sonoraenequipo.com.mx\/storage\/2026\/02\/instalan-grupo-en-san-lazaro-para-analizar-baja-de-iva-e-isr-en-islas-de-cuatro-estado.webp","contentUrl":"https:\/\/www.sonoraenequipo.com.mx\/storage\/2026\/02\/instalan-grupo-en-san-lazaro-para-analizar-baja-de-iva-e-isr-en-islas-de-cuatro-estado.webp","width":1200,"height":900},{"@type":"BreadcrumbList","@id":"https:\/\/www.sonoraenequipo.com.mx\/instalan-grupo-en-san-lazaro-para-analizar-baja-de-iva-e-isr-en-islas-de-cuatro-estados\/#breadcrumb","itemListElement":[{"@type":"ListItem","position":1,"name":"Portada","item":"https:\/\/www.sonoraenequipo.com.mx\/"},{"@type":"ListItem","position":2,"name":"Instalan grupo en San L\u00e1zaro para analizar baja de IVA e ISR en islas de cuatro estados"}]},{"@type":"WebSite","@id":"https:\/\/www.sonoraenequipo.com.mx\/#website","url":"https:\/\/www.sonoraenequipo.com.mx\/","name":"Sonora en Equipo.","description":"Diario en l\u00ednea con Noticias desde Hermosillo, Sonora","publisher":{"@id":"https:\/\/www.sonoraenequipo.com.mx\/#organization"},"potentialAction":[{"@type":"SearchAction","target":{"@type":"EntryPoint","urlTemplate":"https:\/\/www.sonoraenequipo.com.mx\/?s={search_term_string}"},"query-input":{"@type":"PropertyValueSpecification","valueRequired":true,"valueName":"search_term_string"}}],"inLanguage":"es"},{"@type":"Organization","@id":"https:\/\/www.sonoraenequipo.com.mx\/#organization","name":"Sonoraenequipo.com.mx","url":"https:\/\/www.sonoraenequipo.com.mx\/","logo":{"@type":"ImageObject","inLanguage":"es","@id":"https:\/\/www.sonoraenequipo.com.mx\/#\/schema\/logo\/image\/","url":"https:\/\/www.sonoraenequipo.com.mx\/storage\/2019\/01\/sonoraenequipo_opt.png","contentUrl":"https:\/\/www.sonoraenequipo.com.mx\/storage\/2019\/01\/sonoraenequipo_opt.png","width":375,"height":125,"caption":"Sonoraenequipo.com.mx"},"image":{"@id":"https:\/\/www.sonoraenequipo.com.mx\/#\/schema\/logo\/image\/"},"sameAs":["https:\/\/www.facebook.com\/SonoraEE\/","https:\/\/x.com\/sonoraenequipo","https:\/\/www.youtube.com\/channel\/UC338nW-lPEYmJQs4ZABQ1SQ"]},{"@type":"Person","@id":"https:\/\/www.sonoraenequipo.com.mx\/#\/schema\/person\/50102df0fb23a8fa9e8effad8fa81386","name":"enequipo","image":{"@type":"ImageObject","inLanguage":"es","@id":"https:\/\/www.sonoraenequipo.com.mx\/#\/schema\/person\/image\/","url":"https:\/\/secure.gravatar.com\/avatar\/049821681b589dabc0bc20695993ccebb09f5b5d4d790cd9251b97faac7c652b?s=96&d=blank&r=g","contentUrl":"https:\/\/secure.gravatar.com\/avatar\/049821681b589dabc0bc20695993ccebb09f5b5d4d790cd9251b97faac7c652b?s=96&d=blank&r=g","caption":"enequipo"},"sameAs":["https:\/\/www.facebook.com\/SonoraEE"]}]}},"jetpack_featured_media_url":"https:\/\/www.sonoraenequipo.com.mx\/storage\/2026\/02\/instalan-grupo-en-san-lazaro-para-analizar-baja-de-iva-e-isr-en-islas-de-cuatro-estado.webp","_links":{"self":[{"href":"https:\/\/www.sonoraenequipo.com.mx\/api\/wp\/v2\/posts\/235941","targetHints":{"allow":["GET"]}}],"collection":[{"href":"https:\/\/www.sonoraenequipo.com.mx\/api\/wp\/v2\/posts"}],"about":[{"href":"https:\/\/www.sonoraenequipo.com.mx\/api\/wp\/v2\/types\/post"}],"author":[{"embeddable":true,"href":"https:\/\/www.sonoraenequipo.com.mx\/api\/wp\/v2\/users\/1"}],"replies":[{"embeddable":true,"href":"https:\/\/www.sonoraenequipo.com.mx\/api\/wp\/v2\/comments?post=235941"}],"version-history":[{"count":1,"href":"https:\/\/www.sonoraenequipo.com.mx\/api\/wp\/v2\/posts\/235941\/revisions"}],"predecessor-version":[{"id":235943,"href":"https:\/\/www.sonoraenequipo.com.mx\/api\/wp\/v2\/posts\/235941\/revisions\/235943"}],"wp:featuredmedia":[{"embeddable":true,"href":"https:\/\/www.sonoraenequipo.com.mx\/api\/wp\/v2\/media\/235942"}],"wp:attachment":[{"href":"https:\/\/www.sonoraenequipo.com.mx\/api\/wp\/v2\/media?parent=235941"}],"wp:term":[{"taxonomy":"category","embeddable":true,"href":"https:\/\/www.sonoraenequipo.com.mx\/api\/wp\/v2\/categories?post=235941"},{"taxonomy":"post_tag","embeddable":true,"href":"https:\/\/www.sonoraenequipo.com.mx\/api\/wp\/v2\/tags?post=235941"}],"curies":[{"name":"wp","href":"https:\/\/api.w.org\/{rel}","templated":true}]}}