{"id":235972,"date":"2026-02-23T22:52:53","date_gmt":"2026-02-24T05:52:53","guid":{"rendered":"https:\/\/www.sonoraenequipo.com.mx\/?p=235972"},"modified":"2026-02-24T18:43:15","modified_gmt":"2026-02-25T01:43:15","slug":"gobernador-durazo-alinea-plan-estatal-con-plan-nacional-de-desarrollo-para-reforzar-proyectos-clave-en-sonora","status":"publish","type":"post","link":"https:\/\/www.sonoraenequipo.com.mx\/gobernador-durazo-alinea-plan-estatal-con-plan-nacional-de-desarrollo-para-reforzar-proyectos-clave-en-sonora\/","title":{"rendered":"Gobernador Durazo alinea Plan Estatal con Plan Nacional de Desarrollo para reforzar proyectos clave en Sonora"},"content":{"rendered":"<p><strong>HERMOSILLO, SONORA. MX. \u2014\u00a0<\/strong> El gobernador Alfonso Durazo Monta\u00f1o encabez\u00f3 la presentaci\u00f3n de los resultados de la actualizaci\u00f3n del Plan Estatal de Desarrollo, un ejercicio que requiri\u00f3 la realizaci\u00f3n de foros de consulta con la participaci\u00f3n ciudadana para armonizar plenamente el proyecto estatal con el nacional, reforzando la congruencia en temas prioritarios como justicia social, transici\u00f3n energ\u00e9tica, soberan\u00eda alimentaria, gobernanza e innovaci\u00f3n p\u00fablica<\/p>\n<p>&nbsp;<\/p>\n<p>&nbsp;<\/p>\n<p>&nbsp;<\/p>\n<p> <\/p>\n<p>Ante integrantes del Consejo Consultivo del Sistema Estatal de Planeaci\u00f3n, presidentes de c\u00e1maras empresariales, sociedad civil, entre otros, el mandatario estatal destac\u00f3 que esta actualizaci\u00f3n permitir\u00e1 alinear las acciones prioritarias de Sonora con el Plan Nacional de Desarrollo 2025-2030, impulsado por la presidenta Claudia Sheinbaum Pardo, fortaleciendo la coordinaci\u00f3n entre los distintos \u00f3rdenes de gobierno.<\/p>\n<p>&nbsp;<\/p>\n<p>&nbsp;<\/p>\n<p><em><strong>\u201cAqu\u00ed debe estar contenida la esencia para definir el rumbo del gobierno, pero tambi\u00e9n si se le da seguimiento podemos marcar el ritmo del gobierno. Para m\u00ed es fundamental que mantengamos el rumbo y que no perdamos la din\u00e1mica del gobierno, particularmente en esta \u00faltima etapa donde por razones casi obligadas la distracci\u00f3n pol\u00edtica es una tentaci\u00f3n<\/strong><\/em>\u201d, expres\u00f3.<\/p>\n<p>&nbsp;<\/p>\n<p>&nbsp;<\/p>\n<p>&nbsp;<\/p>\n<p>El gobernador Durazo resalt\u00f3 que el verdadero valor de la planeaci\u00f3n no radica \u00fanicamente en la elaboraci\u00f3n de un buen documento, sino en su capacidad para definir el rumbo y marcar el ritmo del gobierno. Se\u00f1al\u00f3 la importancia de planear en tres vertientes: atenci\u00f3n inmediata; mediano plazo, correspondiente al periodo constitucional; y largo plazo, con soluciones proyectadas a 20 a\u00f1os en temas estrat\u00e9gicos como agua, carreteras y seguridad.<\/p>\n<p>&nbsp;<\/p>\n<p>&nbsp;<\/p>\n<p><img loading=\"lazy\" decoding=\"async\" class=\"size-full  x-center\" src=\"https:\/\/www.sonoraenequipo.com.mx\/storage\/2026\/02\/Durazo-alinea-Plan-Estatal-con-Plan-Nacional-de-Desarrollo.-2.jpg\" alt=\"\" width=\"1000\" height=\"666\" \/>Finalmente, hizo un llamado a mantener neutralidad pol\u00edtica aut\u00e9ntica en los espacios de planeaci\u00f3n de largo plazo, a fin de construir confianza y garantizar que las decisiones estrat\u00e9gicas respondan exclusivamente al bienestar de las y los sonorenses.<\/p>\n<p>&nbsp;<\/p>\n<p>&nbsp;<\/p>\n<p>&nbsp;<\/p>\n<p>Durante el evento, la jefa de la Oficina del Ejecutivo Estatal, Paulina Oca\u00f1a, explic\u00f3 que esta actualizaci\u00f3n se construy\u00f3 a trav\u00e9s de foros de consulta ciudadana realizados del 9 al 13 de junio de 2025 en Hermosillo, con cinco foros tem\u00e1ticos y 15 mesas de trabajo en las que participaron dependencias estatales, c\u00e1maras empresariales, asociaciones civiles y diversos sectores sociales. Como resultado, se integraron 90 propuestas ciudadanas que fueron sistematizadas e incorporadas al documento final.<\/p>\n<p>&nbsp;<\/p>\n<p>&nbsp;<\/p>\n<p>&nbsp;<\/p>\n<p>Asimismo, se actualizaron 16 programas sectoriales, 61 institucionales y dos especiales, garantizando que cada obra y acci\u00f3n de gobierno cuente con al menos una l\u00ednea de acci\u00f3n dentro del Plan Estatal de Desarrollo, alineando a toda la administraci\u00f3n bajo una misma ruta estrat\u00e9gica.<\/p>\n<p>&nbsp;<\/p>\n<p>&nbsp;<\/p>\n<p>&nbsp;<\/p>\n<p>PUBLICADO EL 23 FEBRERO DE 2026 Con informaci\u00f3n de GOBSON 0226\/239)<\/p>\n","protected":false},"excerpt":{"rendered":"<p>HERMOSILLO, SONORA. MX. \u2014\u00a0 El gobernador Alfonso Durazo Monta\u00f1o encabez\u00f3 la presentaci\u00f3n de los resultados&#8230;<\/p>\n","protected":false},"author":1,"featured_media":235974,"comment_status":"open","ping_status":"open","sticky":false,"template":"","format":"standard","meta":{"_monsterinsights_skip_tracking":false,"_monsterinsights_sitenote_active":false,"_monsterinsights_sitenote_note":"","_monsterinsights_sitenote_category":0,"footnotes":""},"categories":[22],"tags":[],"class_list":["post"],"yoast_head":" \n<title>Sonora en Equipo. Gobernador Durazo alinea Plan Estatal con Plan Nacional de Desarrollo para reforzar proyectos clave en Sonora Sonora<\/title>\n<meta name=\"description\" content=\"HERMOSILLO, SONORA. MX. \u2014\u00a0 El gobernador Alfonso Durazo Monta\u00f1o encabez\u00f3 la presentaci\u00f3n de los resultados de la actualizaci\u00f3n del Plan Estatal de En Sonora en Equipo publicamos toda la informaci\u00f3n de Sonora, M\u00e9xico y el Mundo de manera oportuna y busca que la libertad de expresi\u00f3n sea real. Visita nuestro medio informativo publicado desde Hermosillo, Sonora. %\" \/>\n<meta name=\"robots\" content=\"index, follow, max-snippet:-1, max-image-preview:large, max-video-preview:-1\" \/>\n<link rel=\"canonical\" href=\"https:\/\/www.sonoraenequipo.com.mx\/gobernador-durazo-alinea-plan-estatal-con-plan-nacional-de-desarrollo-para-reforzar-proyectos-clave-en-sonora\/\" \/>\n<meta property=\"og:locale\" content=\"es_ES\" \/>\n<meta property=\"og:type\" content=\"article\" \/>\n<meta property=\"og:title\" content=\"Sonora en Equipo. Gobernador Durazo alinea Plan Estatal con Plan Nacional de Desarrollo para reforzar proyectos clave en Sonora Sonora\" \/>\n<meta property=\"og:description\" content=\"HERMOSILLO, SONORA. MX. \u2014\u00a0 El gobernador Alfonso Durazo Monta\u00f1o encabez\u00f3 la presentaci\u00f3n de los resultados de la actualizaci\u00f3n del Plan Estatal de En Sonora en Equipo publicamos toda la informaci\u00f3n de Sonora, M\u00e9xico y el Mundo de manera oportuna y busca que la libertad de expresi\u00f3n sea real. Visita nuestro medio informativo publicado desde Hermosillo, Sonora. %\" \/>\n<meta property=\"og:url\" content=\"https:\/\/www.sonoraenequipo.com.mx\/gobernador-durazo-alinea-plan-estatal-con-plan-nacional-de-desarrollo-para-reforzar-proyectos-clave-en-sonora\/\" \/>\n<meta property=\"og:site_name\" content=\"Sonora en Equipo.\" \/>\n<meta property=\"article:publisher\" content=\"https:\/\/www.facebook.com\/SonoraEE\/\" \/>\n<meta property=\"article:author\" content=\"https:\/\/www.facebook.com\/SonoraEE\" \/>\n<meta property=\"article:published_time\" content=\"2026-02-24T05:52:53+00:00\" \/>\n<meta property=\"article:modified_time\" content=\"2026-02-25T01:43:15+00:00\" \/>\n<meta property=\"og:image\" content=\"https:\/\/www.sonoraenequipo.com.mx\/storage\/2026\/02\/Durazo-alinea-Plan-Estatal-con-Plan-Nacional-de-Desarrollo.-2-1.jpg\" \/>\n\t<meta property=\"og:image:width\" content=\"1000\" \/>\n\t<meta property=\"og:image:height\" content=\"666\" \/>\n\t<meta property=\"og:image:type\" content=\"image\/jpeg\" \/>\n<meta name=\"author\" content=\"enequipo\" \/>\n<meta name=\"twitter:card\" content=\"summary_large_image\" \/>\n<meta name=\"twitter:creator\" content=\"@sonoraenequipo\" \/>\n<meta name=\"twitter:site\" content=\"@sonoraenequipo\" \/>\n<meta name=\"twitter:label1\" content=\"Escrito por\" \/>\n\t<meta name=\"twitter:data1\" content=\"enequipo\" \/>\n\t<meta name=\"twitter:label2\" content=\"Tiempo de lectura\" \/>\n\t<meta name=\"twitter:data2\" content=\"2 minutos\" \/>\n<script type=\"application\/ld+json\" class=\"yoast-schema-graph\">{\"@context\":\"https:\/\/schema.org\",\"@graph\":[{\"@type\":\"Article\",\"@id\":\"https:\/\/www.sonoraenequipo.com.mx\/gobernador-durazo-alinea-plan-estatal-con-plan-nacional-de-desarrollo-para-reforzar-proyectos-clave-en-sonora\/#article\",\"isPartOf\":{\"@id\":\"https:\/\/www.sonoraenequipo.com.mx\/gobernador-durazo-alinea-plan-estatal-con-plan-nacional-de-desarrollo-para-reforzar-proyectos-clave-en-sonora\/\"},\"author\":{\"name\":\"enequipo\",\"@id\":\"https:\/\/www.sonoraenequipo.com.mx\/#\/schema\/person\/50102df0fb23a8fa9e8effad8fa81386\"},\"headline\":\"Gobernador Durazo alinea Plan Estatal con Plan Nacional de Desarrollo para reforzar proyectos clave en Sonora\",\"datePublished\":\"2026-02-24T05:52:53+00:00\",\"dateModified\":\"2026-02-25T01:43:15+00:00\",\"mainEntityOfPage\":{\"@id\":\"https:\/\/www.sonoraenequipo.com.mx\/gobernador-durazo-alinea-plan-estatal-con-plan-nacional-de-desarrollo-para-reforzar-proyectos-clave-en-sonora\/\"},\"wordCount\":473,\"commentCount\":0,\"publisher\":{\"@id\":\"https:\/\/www.sonoraenequipo.com.mx\/#organization\"},\"image\":{\"@id\":\"https:\/\/www.sonoraenequipo.com.mx\/gobernador-durazo-alinea-plan-estatal-con-plan-nacional-de-desarrollo-para-reforzar-proyectos-clave-en-sonora\/#primaryimage\"},\"thumbnailUrl\":\"https:\/\/www.sonoraenequipo.com.mx\/storage\/2026\/02\/Durazo-alinea-Plan-Estatal-con-Plan-Nacional-de-Desarrollo.-2-1.jpg\",\"articleSection\":[\"Sonora\"],\"inLanguage\":\"es\",\"potentialAction\":[{\"@type\":\"CommentAction\",\"name\":\"Comment\",\"target\":[\"https:\/\/www.sonoraenequipo.com.mx\/gobernador-durazo-alinea-plan-estatal-con-plan-nacional-de-desarrollo-para-reforzar-proyectos-clave-en-sonora\/#respond\"]}]},{\"@type\":\"WebPage\",\"@id\":\"https:\/\/www.sonoraenequipo.com.mx\/gobernador-durazo-alinea-plan-estatal-con-plan-nacional-de-desarrollo-para-reforzar-proyectos-clave-en-sonora\/\",\"url\":\"https:\/\/www.sonoraenequipo.com.mx\/gobernador-durazo-alinea-plan-estatal-con-plan-nacional-de-desarrollo-para-reforzar-proyectos-clave-en-sonora\/\",\"name\":\"Sonora en Equipo. Gobernador Durazo alinea Plan Estatal con Plan Nacional de Desarrollo para reforzar proyectos clave en Sonora Sonora\",\"isPartOf\":{\"@id\":\"https:\/\/www.sonoraenequipo.com.mx\/#website\"},\"primaryImageOfPage\":{\"@id\":\"https:\/\/www.sonoraenequipo.com.mx\/gobernador-durazo-alinea-plan-estatal-con-plan-nacional-de-desarrollo-para-reforzar-proyectos-clave-en-sonora\/#primaryimage\"},\"image\":{\"@id\":\"https:\/\/www.sonoraenequipo.com.mx\/gobernador-durazo-alinea-plan-estatal-con-plan-nacional-de-desarrollo-para-reforzar-proyectos-clave-en-sonora\/#primaryimage\"},\"thumbnailUrl\":\"https:\/\/www.sonoraenequipo.com.mx\/storage\/2026\/02\/Durazo-alinea-Plan-Estatal-con-Plan-Nacional-de-Desarrollo.-2-1.jpg\",\"datePublished\":\"2026-02-24T05:52:53+00:00\",\"dateModified\":\"2026-02-25T01:43:15+00:00\",\"description\":\"HERMOSILLO, SONORA. MX. \u2014\u00a0 El gobernador Alfonso Durazo Monta\u00f1o encabez\u00f3 la presentaci\u00f3n de los resultados de la actualizaci\u00f3n del Plan Estatal de En Sonora en Equipo publicamos toda la informaci\u00f3n de Sonora, M\u00e9xico y el Mundo de manera oportuna y busca que la libertad de expresi\u00f3n sea real. Visita nuestro medio informativo publicado desde Hermosillo, Sonora. %\",\"breadcrumb\":{\"@id\":\"https:\/\/www.sonoraenequipo.com.mx\/gobernador-durazo-alinea-plan-estatal-con-plan-nacional-de-desarrollo-para-reforzar-proyectos-clave-en-sonora\/#breadcrumb\"},\"inLanguage\":\"es\",\"potentialAction\":[{\"@type\":\"ReadAction\",\"target\":[\"https:\/\/www.sonoraenequipo.com.mx\/gobernador-durazo-alinea-plan-estatal-con-plan-nacional-de-desarrollo-para-reforzar-proyectos-clave-en-sonora\/\"]}]},{\"@type\":\"ImageObject\",\"inLanguage\":\"es\",\"@id\":\"https:\/\/www.sonoraenequipo.com.mx\/gobernador-durazo-alinea-plan-estatal-con-plan-nacional-de-desarrollo-para-reforzar-proyectos-clave-en-sonora\/#primaryimage\",\"url\":\"https:\/\/www.sonoraenequipo.com.mx\/storage\/2026\/02\/Durazo-alinea-Plan-Estatal-con-Plan-Nacional-de-Desarrollo.-2-1.jpg\",\"contentUrl\":\"https:\/\/www.sonoraenequipo.com.mx\/storage\/2026\/02\/Durazo-alinea-Plan-Estatal-con-Plan-Nacional-de-Desarrollo.-2-1.jpg\",\"width\":1000,\"height\":666},{\"@type\":\"BreadcrumbList\",\"@id\":\"https:\/\/www.sonoraenequipo.com.mx\/gobernador-durazo-alinea-plan-estatal-con-plan-nacional-de-desarrollo-para-reforzar-proyectos-clave-en-sonora\/#breadcrumb\",\"itemListElement\":[{\"@type\":\"ListItem\",\"position\":1,\"name\":\"Portada\",\"item\":\"https:\/\/www.sonoraenequipo.com.mx\/\"},{\"@type\":\"ListItem\",\"position\":2,\"name\":\"Gobernador Durazo alinea Plan Estatal con Plan Nacional de Desarrollo para reforzar proyectos clave en Sonora\"}]},{\"@type\":\"WebSite\",\"@id\":\"https:\/\/www.sonoraenequipo.com.mx\/#website\",\"url\":\"https:\/\/www.sonoraenequipo.com.mx\/\",\"name\":\"Sonora en Equipo.\",\"description\":\"Diario en l\u00ednea con Noticias desde Hermosillo, Sonora\",\"publisher\":{\"@id\":\"https:\/\/www.sonoraenequipo.com.mx\/#organization\"},\"potentialAction\":[{\"@type\":\"SearchAction\",\"target\":{\"@type\":\"EntryPoint\",\"urlTemplate\":\"https:\/\/www.sonoraenequipo.com.mx\/?s={search_term_string}\"},\"query-input\":{\"@type\":\"PropertyValueSpecification\",\"valueRequired\":true,\"valueName\":\"search_term_string\"}}],\"inLanguage\":\"es\"},{\"@type\":\"Organization\",\"@id\":\"https:\/\/www.sonoraenequipo.com.mx\/#organization\",\"name\":\"Sonoraenequipo.com.mx\",\"url\":\"https:\/\/www.sonoraenequipo.com.mx\/\",\"logo\":{\"@type\":\"ImageObject\",\"inLanguage\":\"es\",\"@id\":\"https:\/\/www.sonoraenequipo.com.mx\/#\/schema\/logo\/image\/\",\"url\":\"https:\/\/www.sonoraenequipo.com.mx\/storage\/2019\/01\/sonoraenequipo_opt.png\",\"contentUrl\":\"https:\/\/www.sonoraenequipo.com.mx\/storage\/2019\/01\/sonoraenequipo_opt.png\",\"width\":375,\"height\":125,\"caption\":\"Sonoraenequipo.com.mx\"},\"image\":{\"@id\":\"https:\/\/www.sonoraenequipo.com.mx\/#\/schema\/logo\/image\/\"},\"sameAs\":[\"https:\/\/www.facebook.com\/SonoraEE\/\",\"https:\/\/x.com\/sonoraenequipo\",\"https:\/\/www.youtube.com\/channel\/UC338nW-lPEYmJQs4ZABQ1SQ\"]},{\"@type\":\"Person\",\"@id\":\"https:\/\/www.sonoraenequipo.com.mx\/#\/schema\/person\/50102df0fb23a8fa9e8effad8fa81386\",\"name\":\"enequipo\",\"image\":{\"@type\":\"ImageObject\",\"inLanguage\":\"es\",\"@id\":\"https:\/\/www.sonoraenequipo.com.mx\/#\/schema\/person\/image\/\",\"url\":\"https:\/\/secure.gravatar.com\/avatar\/049821681b589dabc0bc20695993ccebb09f5b5d4d790cd9251b97faac7c652b?s=96&d=blank&r=g\",\"contentUrl\":\"https:\/\/secure.gravatar.com\/avatar\/049821681b589dabc0bc20695993ccebb09f5b5d4d790cd9251b97faac7c652b?s=96&d=blank&r=g\",\"caption\":\"enequipo\"},\"sameAs\":[\"https:\/\/www.facebook.com\/SonoraEE\"]}]}<\/script>\n ","yoast_head_json":{"title":"Sonora en Equipo. Gobernador Durazo alinea Plan Estatal con Plan Nacional de Desarrollo para reforzar proyectos clave en Sonora Sonora","description":"HERMOSILLO, SONORA. MX. \u2014\u00a0 El gobernador Alfonso Durazo Monta\u00f1o encabez\u00f3 la presentaci\u00f3n de los resultados de la actualizaci\u00f3n del Plan Estatal de En Sonora en Equipo publicamos toda la informaci\u00f3n de Sonora, M\u00e9xico y el Mundo de manera oportuna y busca que la libertad de expresi\u00f3n sea real. Visita nuestro medio informativo publicado desde Hermosillo, Sonora. %","robots":{"index":"index","follow":"follow","max-snippet":"max-snippet:-1","max-image-preview":"max-image-preview:large","max-video-preview":"max-video-preview:-1"},"canonical":"https:\/\/www.sonoraenequipo.com.mx\/gobernador-durazo-alinea-plan-estatal-con-plan-nacional-de-desarrollo-para-reforzar-proyectos-clave-en-sonora\/","og_locale":"es_ES","og_type":"article","og_title":"Sonora en Equipo. Gobernador Durazo alinea Plan Estatal con Plan Nacional de Desarrollo para reforzar proyectos clave en Sonora Sonora","og_description":"HERMOSILLO, SONORA. MX. \u2014\u00a0 El gobernador Alfonso Durazo Monta\u00f1o encabez\u00f3 la presentaci\u00f3n de los resultados de la actualizaci\u00f3n del Plan Estatal de En Sonora en Equipo publicamos toda la informaci\u00f3n de Sonora, M\u00e9xico y el Mundo de manera oportuna y busca que la libertad de expresi\u00f3n sea real. Visita nuestro medio informativo publicado desde Hermosillo, Sonora. %","og_url":"https:\/\/www.sonoraenequipo.com.mx\/gobernador-durazo-alinea-plan-estatal-con-plan-nacional-de-desarrollo-para-reforzar-proyectos-clave-en-sonora\/","og_site_name":"Sonora en Equipo.","article_publisher":"https:\/\/www.facebook.com\/SonoraEE\/","article_author":"https:\/\/www.facebook.com\/SonoraEE","article_published_time":"2026-02-24T05:52:53+00:00","article_modified_time":"2026-02-25T01:43:15+00:00","og_image":[{"width":1000,"height":666,"url":"https:\/\/www.sonoraenequipo.com.mx\/storage\/2026\/02\/Durazo-alinea-Plan-Estatal-con-Plan-Nacional-de-Desarrollo.-2-1.jpg","type":"image\/jpeg"}],"author":"enequipo","twitter_card":"summary_large_image","twitter_creator":"@sonoraenequipo","twitter_site":"@sonoraenequipo","twitter_misc":{"Escrito por":"enequipo","Tiempo de lectura":"2 minutos"},"schema":{"@context":"https:\/\/schema.org","@graph":[{"@type":"Article","@id":"https:\/\/www.sonoraenequipo.com.mx\/gobernador-durazo-alinea-plan-estatal-con-plan-nacional-de-desarrollo-para-reforzar-proyectos-clave-en-sonora\/#article","isPartOf":{"@id":"https:\/\/www.sonoraenequipo.com.mx\/gobernador-durazo-alinea-plan-estatal-con-plan-nacional-de-desarrollo-para-reforzar-proyectos-clave-en-sonora\/"},"author":{"name":"enequipo","@id":"https:\/\/www.sonoraenequipo.com.mx\/#\/schema\/person\/50102df0fb23a8fa9e8effad8fa81386"},"headline":"Gobernador Durazo alinea Plan Estatal con Plan Nacional de Desarrollo para reforzar proyectos clave en Sonora","datePublished":"2026-02-24T05:52:53+00:00","dateModified":"2026-02-25T01:43:15+00:00","mainEntityOfPage":{"@id":"https:\/\/www.sonoraenequipo.com.mx\/gobernador-durazo-alinea-plan-estatal-con-plan-nacional-de-desarrollo-para-reforzar-proyectos-clave-en-sonora\/"},"wordCount":473,"commentCount":0,"publisher":{"@id":"https:\/\/www.sonoraenequipo.com.mx\/#organization"},"image":{"@id":"https:\/\/www.sonoraenequipo.com.mx\/gobernador-durazo-alinea-plan-estatal-con-plan-nacional-de-desarrollo-para-reforzar-proyectos-clave-en-sonora\/#primaryimage"},"thumbnailUrl":"https:\/\/www.sonoraenequipo.com.mx\/storage\/2026\/02\/Durazo-alinea-Plan-Estatal-con-Plan-Nacional-de-Desarrollo.-2-1.jpg","articleSection":["Sonora"],"inLanguage":"es","potentialAction":[{"@type":"CommentAction","name":"Comment","target":["https:\/\/www.sonoraenequipo.com.mx\/gobernador-durazo-alinea-plan-estatal-con-plan-nacional-de-desarrollo-para-reforzar-proyectos-clave-en-sonora\/#respond"]}]},{"@type":"WebPage","@id":"https:\/\/www.sonoraenequipo.com.mx\/gobernador-durazo-alinea-plan-estatal-con-plan-nacional-de-desarrollo-para-reforzar-proyectos-clave-en-sonora\/","url":"https:\/\/www.sonoraenequipo.com.mx\/gobernador-durazo-alinea-plan-estatal-con-plan-nacional-de-desarrollo-para-reforzar-proyectos-clave-en-sonora\/","name":"Sonora en Equipo. Gobernador Durazo alinea Plan Estatal con Plan Nacional de Desarrollo para reforzar proyectos clave en Sonora Sonora","isPartOf":{"@id":"https:\/\/www.sonoraenequipo.com.mx\/#website"},"primaryImageOfPage":{"@id":"https:\/\/www.sonoraenequipo.com.mx\/gobernador-durazo-alinea-plan-estatal-con-plan-nacional-de-desarrollo-para-reforzar-proyectos-clave-en-sonora\/#primaryimage"},"image":{"@id":"https:\/\/www.sonoraenequipo.com.mx\/gobernador-durazo-alinea-plan-estatal-con-plan-nacional-de-desarrollo-para-reforzar-proyectos-clave-en-sonora\/#primaryimage"},"thumbnailUrl":"https:\/\/www.sonoraenequipo.com.mx\/storage\/2026\/02\/Durazo-alinea-Plan-Estatal-con-Plan-Nacional-de-Desarrollo.-2-1.jpg","datePublished":"2026-02-24T05:52:53+00:00","dateModified":"2026-02-25T01:43:15+00:00","description":"HERMOSILLO, SONORA. MX. \u2014\u00a0 El gobernador Alfonso Durazo Monta\u00f1o encabez\u00f3 la presentaci\u00f3n de los resultados de la actualizaci\u00f3n del Plan Estatal de En Sonora en Equipo publicamos toda la informaci\u00f3n de Sonora, M\u00e9xico y el Mundo de manera oportuna y busca que la libertad de expresi\u00f3n sea real. Visita nuestro medio informativo publicado desde Hermosillo, Sonora. %","breadcrumb":{"@id":"https:\/\/www.sonoraenequipo.com.mx\/gobernador-durazo-alinea-plan-estatal-con-plan-nacional-de-desarrollo-para-reforzar-proyectos-clave-en-sonora\/#breadcrumb"},"inLanguage":"es","potentialAction":[{"@type":"ReadAction","target":["https:\/\/www.sonoraenequipo.com.mx\/gobernador-durazo-alinea-plan-estatal-con-plan-nacional-de-desarrollo-para-reforzar-proyectos-clave-en-sonora\/"]}]},{"@type":"ImageObject","inLanguage":"es","@id":"https:\/\/www.sonoraenequipo.com.mx\/gobernador-durazo-alinea-plan-estatal-con-plan-nacional-de-desarrollo-para-reforzar-proyectos-clave-en-sonora\/#primaryimage","url":"https:\/\/www.sonoraenequipo.com.mx\/storage\/2026\/02\/Durazo-alinea-Plan-Estatal-con-Plan-Nacional-de-Desarrollo.-2-1.jpg","contentUrl":"https:\/\/www.sonoraenequipo.com.mx\/storage\/2026\/02\/Durazo-alinea-Plan-Estatal-con-Plan-Nacional-de-Desarrollo.-2-1.jpg","width":1000,"height":666},{"@type":"BreadcrumbList","@id":"https:\/\/www.sonoraenequipo.com.mx\/gobernador-durazo-alinea-plan-estatal-con-plan-nacional-de-desarrollo-para-reforzar-proyectos-clave-en-sonora\/#breadcrumb","itemListElement":[{"@type":"ListItem","position":1,"name":"Portada","item":"https:\/\/www.sonoraenequipo.com.mx\/"},{"@type":"ListItem","position":2,"name":"Gobernador Durazo alinea Plan Estatal con Plan Nacional de Desarrollo para reforzar proyectos clave en Sonora"}]},{"@type":"WebSite","@id":"https:\/\/www.sonoraenequipo.com.mx\/#website","url":"https:\/\/www.sonoraenequipo.com.mx\/","name":"Sonora en Equipo.","description":"Diario en l\u00ednea con Noticias desde Hermosillo, Sonora","publisher":{"@id":"https:\/\/www.sonoraenequipo.com.mx\/#organization"},"potentialAction":[{"@type":"SearchAction","target":{"@type":"EntryPoint","urlTemplate":"https:\/\/www.sonoraenequipo.com.mx\/?s={search_term_string}"},"query-input":{"@type":"PropertyValueSpecification","valueRequired":true,"valueName":"search_term_string"}}],"inLanguage":"es"},{"@type":"Organization","@id":"https:\/\/www.sonoraenequipo.com.mx\/#organization","name":"Sonoraenequipo.com.mx","url":"https:\/\/www.sonoraenequipo.com.mx\/","logo":{"@type":"ImageObject","inLanguage":"es","@id":"https:\/\/www.sonoraenequipo.com.mx\/#\/schema\/logo\/image\/","url":"https:\/\/www.sonoraenequipo.com.mx\/storage\/2019\/01\/sonoraenequipo_opt.png","contentUrl":"https:\/\/www.sonoraenequipo.com.mx\/storage\/2019\/01\/sonoraenequipo_opt.png","width":375,"height":125,"caption":"Sonoraenequipo.com.mx"},"image":{"@id":"https:\/\/www.sonoraenequipo.com.mx\/#\/schema\/logo\/image\/"},"sameAs":["https:\/\/www.facebook.com\/SonoraEE\/","https:\/\/x.com\/sonoraenequipo","https:\/\/www.youtube.com\/channel\/UC338nW-lPEYmJQs4ZABQ1SQ"]},{"@type":"Person","@id":"https:\/\/www.sonoraenequipo.com.mx\/#\/schema\/person\/50102df0fb23a8fa9e8effad8fa81386","name":"enequipo","image":{"@type":"ImageObject","inLanguage":"es","@id":"https:\/\/www.sonoraenequipo.com.mx\/#\/schema\/person\/image\/","url":"https:\/\/secure.gravatar.com\/avatar\/049821681b589dabc0bc20695993ccebb09f5b5d4d790cd9251b97faac7c652b?s=96&d=blank&r=g","contentUrl":"https:\/\/secure.gravatar.com\/avatar\/049821681b589dabc0bc20695993ccebb09f5b5d4d790cd9251b97faac7c652b?s=96&d=blank&r=g","caption":"enequipo"},"sameAs":["https:\/\/www.facebook.com\/SonoraEE"]}]}},"jetpack_featured_media_url":"https:\/\/www.sonoraenequipo.com.mx\/storage\/2026\/02\/Durazo-alinea-Plan-Estatal-con-Plan-Nacional-de-Desarrollo.-2-1.jpg","_links":{"self":[{"href":"https:\/\/www.sonoraenequipo.com.mx\/api\/wp\/v2\/posts\/235972","targetHints":{"allow":["GET"]}}],"collection":[{"href":"https:\/\/www.sonoraenequipo.com.mx\/api\/wp\/v2\/posts"}],"about":[{"href":"https:\/\/www.sonoraenequipo.com.mx\/api\/wp\/v2\/types\/post"}],"author":[{"embeddable":true,"href":"https:\/\/www.sonoraenequipo.com.mx\/api\/wp\/v2\/users\/1"}],"replies":[{"embeddable":true,"href":"https:\/\/www.sonoraenequipo.com.mx\/api\/wp\/v2\/comments?post=235972"}],"version-history":[{"count":2,"href":"https:\/\/www.sonoraenequipo.com.mx\/api\/wp\/v2\/posts\/235972\/revisions"}],"predecessor-version":[{"id":235976,"href":"https:\/\/www.sonoraenequipo.com.mx\/api\/wp\/v2\/posts\/235972\/revisions\/235976"}],"wp:featuredmedia":[{"embeddable":true,"href":"https:\/\/www.sonoraenequipo.com.mx\/api\/wp\/v2\/media\/235974"}],"wp:attachment":[{"href":"https:\/\/www.sonoraenequipo.com.mx\/api\/wp\/v2\/media?parent=235972"}],"wp:term":[{"taxonomy":"category","embeddable":true,"href":"https:\/\/www.sonoraenequipo.com.mx\/api\/wp\/v2\/categories?post=235972"},{"taxonomy":"post_tag","embeddable":true,"href":"https:\/\/www.sonoraenequipo.com.mx\/api\/wp\/v2\/tags?post=235972"}],"curies":[{"name":"wp","href":"https:\/\/api.w.org\/{rel}","templated":true}]}}