{"id":236407,"date":"2026-03-03T12:10:37","date_gmt":"2026-03-03T19:10:37","guid":{"rendered":"https:\/\/www.sonoraenequipo.com.mx\/?p=236407"},"modified":"2026-03-03T16:08:52","modified_gmt":"2026-03-03T23:08:52","slug":"participa-alumnado-de-cecyte-en-la-octava-feria-international-education-day","status":"publish","type":"post","link":"https:\/\/www.sonoraenequipo.com.mx\/participa-alumnado-de-cecyte-en-la-octava-feria-international-education-day\/","title":{"rendered":"Participa alumnado de Cecyte en la Octava Feria International Education Day"},"content":{"rendered":"<p><strong>HERMOSILLO, SONORA.MX.\u2014\u00a0\u00a0<\/strong> Para que estudiantes de bachillerato y universidades p\u00fablicas y privadas de Sonora conozcan la oferta educativa de nivel superior en Estados Unidos, alumnado del Colegio de Estudios Cient\u00edficos y Tecnol\u00f3gicos del Estado de Sonora (Cecyte) particip\u00f3 en la Octava Feria International Education Day.<\/p>\n<p>&nbsp;<\/p>\n<p>&nbsp;<\/p>\n<p>&nbsp;<\/p>\n<p> <\/p>\n<p>El evento congreg\u00f3 a m\u00e1s de 20 colegios comunitarios y universidades de diversas entidades de Estados Unidos, las cuales brindaron informaci\u00f3n sobre la oferta acad\u00e9mica, as\u00ed como esquemas de financiamiento a estudiantes sonorenses.<\/p>\n<p>&nbsp;<\/p>\n<p>&nbsp;<\/p>\n<p>La directora general de Cecyte Sonora, Blanca Aurelia Valenzuela, destac\u00f3 que esta iniciativa tiene como objetivo fortalecer el acercamiento entre las comunidades educativas de ambos pa\u00edses, brind\u00e1ndoles informaci\u00f3n sobre diversas oportunidades, as\u00ed como acceso a recursos y programas que impulsen y fortalezcan su desarrollo acad\u00e9mico.<\/p>\n<p>&nbsp;<\/p>\n<p>&nbsp;<\/p>\n<p>El c\u00f3nsul de Estados Unidos en Hermosillo, Drew Huster, resalt\u00f3 la importancia de la Feria por la relevancia de la educaci\u00f3n como herramienta transformadora, tanto a nivel individual como en lo colectivo, adem\u00e1s de desempe\u00f1ar un papel estrat\u00e9gico en las relaciones entre M\u00e9xico y la Uni\u00f3n Americana.<\/p>\n<p>&nbsp;<\/p>\n<p>&nbsp;<\/p>\n<p>Durante la Octava Feria International Education Day, los asistentes tambi\u00e9n recibieron informaci\u00f3n sobre temas de inter\u00e9s educativo, as\u00ed como l\u00edneas de investigaci\u00f3n en espec\u00edfico para estudiantes que deseen participar en alg\u00fan programa de movilidad internacional.<\/p>\n<p>&nbsp;<\/p>\n<p>&nbsp;<\/p>\n<p>Cecyte resalt\u00f3 el trabajo colaborativo entre el Gobierno de Sonora, el Consulado General de los Estados Unidos en Hermosillo e IMARC para el desarrollo de este tipo de actividades que fomentan el intercambio acad\u00e9mico y generan oportunidades de desarrollo para los j\u00f3venes sonorenses.<\/p>\n<p>&nbsp;<\/p>\n<p>&nbsp;<\/p>\n<p>&nbsp;<\/p>\n<p>PUBLICADO EL 02 MARZO DE 2026 Con informaci\u00f3n de GOBSON 0326\/024)<\/p>\n","protected":false},"excerpt":{"rendered":"<p>HERMOSILLO, SONORA.MX.\u2014\u00a0\u00a0 Para que estudiantes de bachillerato y universidades p\u00fablicas y privadas de Sonora conozcan&#8230;<\/p>\n","protected":false},"author":1,"featured_media":236391,"comment_status":"open","ping_status":"open","sticky":false,"template":"","format":"standard","meta":{"_monsterinsights_skip_tracking":false,"_monsterinsights_sitenote_active":false,"_monsterinsights_sitenote_note":"","_monsterinsights_sitenote_category":0,"footnotes":""},"categories":[22],"tags":[],"class_list":["post"],"yoast_head":" \n<title>Sonora en Equipo. Participa alumnado de Cecyte en la Octava Feria International Education Day Sonora<\/title>\n<meta name=\"description\" content=\"HERMOSILLO, SONORA.MX.\u2014\u00a0\u00a0 Para que estudiantes de bachillerato y universidades p\u00fablicas y privadas de Sonora conozcan la oferta educativa de nivel En Sonora en Equipo publicamos toda la informaci\u00f3n de Sonora, M\u00e9xico y el Mundo de manera oportuna y busca que la libertad de expresi\u00f3n sea real. Visita nuestro medio informativo publicado desde Hermosillo, Sonora. %\" \/>\n<meta name=\"robots\" content=\"index, follow, max-snippet:-1, max-image-preview:large, max-video-preview:-1\" \/>\n<link rel=\"canonical\" href=\"https:\/\/www.sonoraenequipo.com.mx\/participa-alumnado-de-cecyte-en-la-octava-feria-international-education-day\/\" \/>\n<meta property=\"og:locale\" content=\"es_ES\" \/>\n<meta property=\"og:type\" content=\"article\" \/>\n<meta property=\"og:title\" content=\"Sonora en Equipo. Participa alumnado de Cecyte en la Octava Feria International Education Day Sonora\" \/>\n<meta property=\"og:description\" content=\"HERMOSILLO, SONORA.MX.\u2014\u00a0\u00a0 Para que estudiantes de bachillerato y universidades p\u00fablicas y privadas de Sonora conozcan la oferta educativa de nivel En Sonora en Equipo publicamos toda la informaci\u00f3n de Sonora, M\u00e9xico y el Mundo de manera oportuna y busca que la libertad de expresi\u00f3n sea real. Visita nuestro medio informativo publicado desde Hermosillo, Sonora. %\" \/>\n<meta property=\"og:url\" content=\"https:\/\/www.sonoraenequipo.com.mx\/participa-alumnado-de-cecyte-en-la-octava-feria-international-education-day\/\" \/>\n<meta property=\"og:site_name\" content=\"Sonora en Equipo.\" \/>\n<meta property=\"article:publisher\" content=\"https:\/\/www.facebook.com\/SonoraEE\/\" \/>\n<meta property=\"article:author\" content=\"https:\/\/www.facebook.com\/SonoraEE\" \/>\n<meta property=\"article:published_time\" content=\"2026-03-03T19:10:37+00:00\" \/>\n<meta property=\"article:modified_time\" content=\"2026-03-03T23:08:52+00:00\" \/>\n<meta property=\"og:image\" content=\"https:\/\/www.sonoraenequipo.com.mx\/storage\/2026\/03\/Participa-alumnado-de-Cecyte-en-la-Octava-Feria-International-Education-Day.-1.jpg\" \/>\n\t<meta property=\"og:image:width\" content=\"1180\" \/>\n\t<meta property=\"og:image:height\" content=\"648\" \/>\n\t<meta property=\"og:image:type\" content=\"image\/jpeg\" \/>\n<meta name=\"author\" content=\"enequipo\" \/>\n<meta name=\"twitter:card\" content=\"summary_large_image\" \/>\n<meta name=\"twitter:creator\" content=\"@sonoraenequipo\" \/>\n<meta name=\"twitter:site\" content=\"@sonoraenequipo\" \/>\n<meta name=\"twitter:label1\" content=\"Escrito por\" \/>\n\t<meta name=\"twitter:data1\" content=\"enequipo\" \/>\n\t<meta name=\"twitter:label2\" content=\"Tiempo de lectura\" \/>\n\t<meta name=\"twitter:data2\" content=\"1 minuto\" \/>\n<script type=\"application\/ld+json\" class=\"yoast-schema-graph\">{\"@context\":\"https:\/\/schema.org\",\"@graph\":[{\"@type\":\"Article\",\"@id\":\"https:\/\/www.sonoraenequipo.com.mx\/participa-alumnado-de-cecyte-en-la-octava-feria-international-education-day\/#article\",\"isPartOf\":{\"@id\":\"https:\/\/www.sonoraenequipo.com.mx\/participa-alumnado-de-cecyte-en-la-octava-feria-international-education-day\/\"},\"author\":{\"name\":\"enequipo\",\"@id\":\"https:\/\/www.sonoraenequipo.com.mx\/#\/schema\/person\/50102df0fb23a8fa9e8effad8fa81386\"},\"headline\":\"Participa alumnado de Cecyte en la Octava Feria International Education Day\",\"datePublished\":\"2026-03-03T19:10:37+00:00\",\"dateModified\":\"2026-03-03T23:08:52+00:00\",\"mainEntityOfPage\":{\"@id\":\"https:\/\/www.sonoraenequipo.com.mx\/participa-alumnado-de-cecyte-en-la-octava-feria-international-education-day\/\"},\"wordCount\":308,\"commentCount\":0,\"publisher\":{\"@id\":\"https:\/\/www.sonoraenequipo.com.mx\/#organization\"},\"image\":{\"@id\":\"https:\/\/www.sonoraenequipo.com.mx\/participa-alumnado-de-cecyte-en-la-octava-feria-international-education-day\/#primaryimage\"},\"thumbnailUrl\":\"https:\/\/www.sonoraenequipo.com.mx\/storage\/2026\/03\/Participa-alumnado-de-Cecyte-en-la-Octava-Feria-International-Education-Day.-1.jpg\",\"articleSection\":[\"Sonora\"],\"inLanguage\":\"es\",\"potentialAction\":[{\"@type\":\"CommentAction\",\"name\":\"Comment\",\"target\":[\"https:\/\/www.sonoraenequipo.com.mx\/participa-alumnado-de-cecyte-en-la-octava-feria-international-education-day\/#respond\"]}]},{\"@type\":\"WebPage\",\"@id\":\"https:\/\/www.sonoraenequipo.com.mx\/participa-alumnado-de-cecyte-en-la-octava-feria-international-education-day\/\",\"url\":\"https:\/\/www.sonoraenequipo.com.mx\/participa-alumnado-de-cecyte-en-la-octava-feria-international-education-day\/\",\"name\":\"Sonora en Equipo. Participa alumnado de Cecyte en la Octava Feria International Education Day Sonora\",\"isPartOf\":{\"@id\":\"https:\/\/www.sonoraenequipo.com.mx\/#website\"},\"primaryImageOfPage\":{\"@id\":\"https:\/\/www.sonoraenequipo.com.mx\/participa-alumnado-de-cecyte-en-la-octava-feria-international-education-day\/#primaryimage\"},\"image\":{\"@id\":\"https:\/\/www.sonoraenequipo.com.mx\/participa-alumnado-de-cecyte-en-la-octava-feria-international-education-day\/#primaryimage\"},\"thumbnailUrl\":\"https:\/\/www.sonoraenequipo.com.mx\/storage\/2026\/03\/Participa-alumnado-de-Cecyte-en-la-Octava-Feria-International-Education-Day.-1.jpg\",\"datePublished\":\"2026-03-03T19:10:37+00:00\",\"dateModified\":\"2026-03-03T23:08:52+00:00\",\"description\":\"HERMOSILLO, SONORA.MX.\u2014\u00a0\u00a0 Para que estudiantes de bachillerato y universidades p\u00fablicas y privadas de Sonora conozcan la oferta educativa de nivel En Sonora en Equipo publicamos toda la informaci\u00f3n de Sonora, M\u00e9xico y el Mundo de manera oportuna y busca que la libertad de expresi\u00f3n sea real. Visita nuestro medio informativo publicado desde Hermosillo, Sonora. %\",\"breadcrumb\":{\"@id\":\"https:\/\/www.sonoraenequipo.com.mx\/participa-alumnado-de-cecyte-en-la-octava-feria-international-education-day\/#breadcrumb\"},\"inLanguage\":\"es\",\"potentialAction\":[{\"@type\":\"ReadAction\",\"target\":[\"https:\/\/www.sonoraenequipo.com.mx\/participa-alumnado-de-cecyte-en-la-octava-feria-international-education-day\/\"]}]},{\"@type\":\"ImageObject\",\"inLanguage\":\"es\",\"@id\":\"https:\/\/www.sonoraenequipo.com.mx\/participa-alumnado-de-cecyte-en-la-octava-feria-international-education-day\/#primaryimage\",\"url\":\"https:\/\/www.sonoraenequipo.com.mx\/storage\/2026\/03\/Participa-alumnado-de-Cecyte-en-la-Octava-Feria-International-Education-Day.-1.jpg\",\"contentUrl\":\"https:\/\/www.sonoraenequipo.com.mx\/storage\/2026\/03\/Participa-alumnado-de-Cecyte-en-la-Octava-Feria-International-Education-Day.-1.jpg\",\"width\":1180,\"height\":648},{\"@type\":\"BreadcrumbList\",\"@id\":\"https:\/\/www.sonoraenequipo.com.mx\/participa-alumnado-de-cecyte-en-la-octava-feria-international-education-day\/#breadcrumb\",\"itemListElement\":[{\"@type\":\"ListItem\",\"position\":1,\"name\":\"Portada\",\"item\":\"https:\/\/www.sonoraenequipo.com.mx\/\"},{\"@type\":\"ListItem\",\"position\":2,\"name\":\"Participa alumnado de Cecyte en la Octava Feria International Education Day\"}]},{\"@type\":\"WebSite\",\"@id\":\"https:\/\/www.sonoraenequipo.com.mx\/#website\",\"url\":\"https:\/\/www.sonoraenequipo.com.mx\/\",\"name\":\"Sonora en Equipo.\",\"description\":\"Diario en l\u00ednea con Noticias desde Hermosillo, Sonora\",\"publisher\":{\"@id\":\"https:\/\/www.sonoraenequipo.com.mx\/#organization\"},\"potentialAction\":[{\"@type\":\"SearchAction\",\"target\":{\"@type\":\"EntryPoint\",\"urlTemplate\":\"https:\/\/www.sonoraenequipo.com.mx\/?s={search_term_string}\"},\"query-input\":{\"@type\":\"PropertyValueSpecification\",\"valueRequired\":true,\"valueName\":\"search_term_string\"}}],\"inLanguage\":\"es\"},{\"@type\":\"Organization\",\"@id\":\"https:\/\/www.sonoraenequipo.com.mx\/#organization\",\"name\":\"Sonoraenequipo.com.mx\",\"url\":\"https:\/\/www.sonoraenequipo.com.mx\/\",\"logo\":{\"@type\":\"ImageObject\",\"inLanguage\":\"es\",\"@id\":\"https:\/\/www.sonoraenequipo.com.mx\/#\/schema\/logo\/image\/\",\"url\":\"https:\/\/www.sonoraenequipo.com.mx\/storage\/2019\/01\/sonoraenequipo_opt.png\",\"contentUrl\":\"https:\/\/www.sonoraenequipo.com.mx\/storage\/2019\/01\/sonoraenequipo_opt.png\",\"width\":375,\"height\":125,\"caption\":\"Sonoraenequipo.com.mx\"},\"image\":{\"@id\":\"https:\/\/www.sonoraenequipo.com.mx\/#\/schema\/logo\/image\/\"},\"sameAs\":[\"https:\/\/www.facebook.com\/SonoraEE\/\",\"https:\/\/x.com\/sonoraenequipo\",\"https:\/\/www.youtube.com\/channel\/UC338nW-lPEYmJQs4ZABQ1SQ\"]},{\"@type\":\"Person\",\"@id\":\"https:\/\/www.sonoraenequipo.com.mx\/#\/schema\/person\/50102df0fb23a8fa9e8effad8fa81386\",\"name\":\"enequipo\",\"image\":{\"@type\":\"ImageObject\",\"inLanguage\":\"es\",\"@id\":\"https:\/\/www.sonoraenequipo.com.mx\/#\/schema\/person\/image\/\",\"url\":\"https:\/\/secure.gravatar.com\/avatar\/049821681b589dabc0bc20695993ccebb09f5b5d4d790cd9251b97faac7c652b?s=96&d=blank&r=g\",\"contentUrl\":\"https:\/\/secure.gravatar.com\/avatar\/049821681b589dabc0bc20695993ccebb09f5b5d4d790cd9251b97faac7c652b?s=96&d=blank&r=g\",\"caption\":\"enequipo\"},\"sameAs\":[\"https:\/\/www.facebook.com\/SonoraEE\"]}]}<\/script>\n ","yoast_head_json":{"title":"Sonora en Equipo. Participa alumnado de Cecyte en la Octava Feria International Education Day Sonora","description":"HERMOSILLO, SONORA.MX.\u2014\u00a0\u00a0 Para que estudiantes de bachillerato y universidades p\u00fablicas y privadas de Sonora conozcan la oferta educativa de nivel En Sonora en Equipo publicamos toda la informaci\u00f3n de Sonora, M\u00e9xico y el Mundo de manera oportuna y busca que la libertad de expresi\u00f3n sea real. Visita nuestro medio informativo publicado desde Hermosillo, Sonora. %","robots":{"index":"index","follow":"follow","max-snippet":"max-snippet:-1","max-image-preview":"max-image-preview:large","max-video-preview":"max-video-preview:-1"},"canonical":"https:\/\/www.sonoraenequipo.com.mx\/participa-alumnado-de-cecyte-en-la-octava-feria-international-education-day\/","og_locale":"es_ES","og_type":"article","og_title":"Sonora en Equipo. Participa alumnado de Cecyte en la Octava Feria International Education Day Sonora","og_description":"HERMOSILLO, SONORA.MX.\u2014\u00a0\u00a0 Para que estudiantes de bachillerato y universidades p\u00fablicas y privadas de Sonora conozcan la oferta educativa de nivel En Sonora en Equipo publicamos toda la informaci\u00f3n de Sonora, M\u00e9xico y el Mundo de manera oportuna y busca que la libertad de expresi\u00f3n sea real. Visita nuestro medio informativo publicado desde Hermosillo, Sonora. %","og_url":"https:\/\/www.sonoraenequipo.com.mx\/participa-alumnado-de-cecyte-en-la-octava-feria-international-education-day\/","og_site_name":"Sonora en Equipo.","article_publisher":"https:\/\/www.facebook.com\/SonoraEE\/","article_author":"https:\/\/www.facebook.com\/SonoraEE","article_published_time":"2026-03-03T19:10:37+00:00","article_modified_time":"2026-03-03T23:08:52+00:00","og_image":[{"width":1180,"height":648,"url":"https:\/\/www.sonoraenequipo.com.mx\/storage\/2026\/03\/Participa-alumnado-de-Cecyte-en-la-Octava-Feria-International-Education-Day.-1.jpg","type":"image\/jpeg"}],"author":"enequipo","twitter_card":"summary_large_image","twitter_creator":"@sonoraenequipo","twitter_site":"@sonoraenequipo","twitter_misc":{"Escrito por":"enequipo","Tiempo de lectura":"1 minuto"},"schema":{"@context":"https:\/\/schema.org","@graph":[{"@type":"Article","@id":"https:\/\/www.sonoraenequipo.com.mx\/participa-alumnado-de-cecyte-en-la-octava-feria-international-education-day\/#article","isPartOf":{"@id":"https:\/\/www.sonoraenequipo.com.mx\/participa-alumnado-de-cecyte-en-la-octava-feria-international-education-day\/"},"author":{"name":"enequipo","@id":"https:\/\/www.sonoraenequipo.com.mx\/#\/schema\/person\/50102df0fb23a8fa9e8effad8fa81386"},"headline":"Participa alumnado de Cecyte en la Octava Feria International Education Day","datePublished":"2026-03-03T19:10:37+00:00","dateModified":"2026-03-03T23:08:52+00:00","mainEntityOfPage":{"@id":"https:\/\/www.sonoraenequipo.com.mx\/participa-alumnado-de-cecyte-en-la-octava-feria-international-education-day\/"},"wordCount":308,"commentCount":0,"publisher":{"@id":"https:\/\/www.sonoraenequipo.com.mx\/#organization"},"image":{"@id":"https:\/\/www.sonoraenequipo.com.mx\/participa-alumnado-de-cecyte-en-la-octava-feria-international-education-day\/#primaryimage"},"thumbnailUrl":"https:\/\/www.sonoraenequipo.com.mx\/storage\/2026\/03\/Participa-alumnado-de-Cecyte-en-la-Octava-Feria-International-Education-Day.-1.jpg","articleSection":["Sonora"],"inLanguage":"es","potentialAction":[{"@type":"CommentAction","name":"Comment","target":["https:\/\/www.sonoraenequipo.com.mx\/participa-alumnado-de-cecyte-en-la-octava-feria-international-education-day\/#respond"]}]},{"@type":"WebPage","@id":"https:\/\/www.sonoraenequipo.com.mx\/participa-alumnado-de-cecyte-en-la-octava-feria-international-education-day\/","url":"https:\/\/www.sonoraenequipo.com.mx\/participa-alumnado-de-cecyte-en-la-octava-feria-international-education-day\/","name":"Sonora en Equipo. Participa alumnado de Cecyte en la Octava Feria International Education Day Sonora","isPartOf":{"@id":"https:\/\/www.sonoraenequipo.com.mx\/#website"},"primaryImageOfPage":{"@id":"https:\/\/www.sonoraenequipo.com.mx\/participa-alumnado-de-cecyte-en-la-octava-feria-international-education-day\/#primaryimage"},"image":{"@id":"https:\/\/www.sonoraenequipo.com.mx\/participa-alumnado-de-cecyte-en-la-octava-feria-international-education-day\/#primaryimage"},"thumbnailUrl":"https:\/\/www.sonoraenequipo.com.mx\/storage\/2026\/03\/Participa-alumnado-de-Cecyte-en-la-Octava-Feria-International-Education-Day.-1.jpg","datePublished":"2026-03-03T19:10:37+00:00","dateModified":"2026-03-03T23:08:52+00:00","description":"HERMOSILLO, SONORA.MX.\u2014\u00a0\u00a0 Para que estudiantes de bachillerato y universidades p\u00fablicas y privadas de Sonora conozcan la oferta educativa de nivel En Sonora en Equipo publicamos toda la informaci\u00f3n de Sonora, M\u00e9xico y el Mundo de manera oportuna y busca que la libertad de expresi\u00f3n sea real. Visita nuestro medio informativo publicado desde Hermosillo, Sonora. %","breadcrumb":{"@id":"https:\/\/www.sonoraenequipo.com.mx\/participa-alumnado-de-cecyte-en-la-octava-feria-international-education-day\/#breadcrumb"},"inLanguage":"es","potentialAction":[{"@type":"ReadAction","target":["https:\/\/www.sonoraenequipo.com.mx\/participa-alumnado-de-cecyte-en-la-octava-feria-international-education-day\/"]}]},{"@type":"ImageObject","inLanguage":"es","@id":"https:\/\/www.sonoraenequipo.com.mx\/participa-alumnado-de-cecyte-en-la-octava-feria-international-education-day\/#primaryimage","url":"https:\/\/www.sonoraenequipo.com.mx\/storage\/2026\/03\/Participa-alumnado-de-Cecyte-en-la-Octava-Feria-International-Education-Day.-1.jpg","contentUrl":"https:\/\/www.sonoraenequipo.com.mx\/storage\/2026\/03\/Participa-alumnado-de-Cecyte-en-la-Octava-Feria-International-Education-Day.-1.jpg","width":1180,"height":648},{"@type":"BreadcrumbList","@id":"https:\/\/www.sonoraenequipo.com.mx\/participa-alumnado-de-cecyte-en-la-octava-feria-international-education-day\/#breadcrumb","itemListElement":[{"@type":"ListItem","position":1,"name":"Portada","item":"https:\/\/www.sonoraenequipo.com.mx\/"},{"@type":"ListItem","position":2,"name":"Participa alumnado de Cecyte en la Octava Feria International Education Day"}]},{"@type":"WebSite","@id":"https:\/\/www.sonoraenequipo.com.mx\/#website","url":"https:\/\/www.sonoraenequipo.com.mx\/","name":"Sonora en Equipo.","description":"Diario en l\u00ednea con Noticias desde Hermosillo, Sonora","publisher":{"@id":"https:\/\/www.sonoraenequipo.com.mx\/#organization"},"potentialAction":[{"@type":"SearchAction","target":{"@type":"EntryPoint","urlTemplate":"https:\/\/www.sonoraenequipo.com.mx\/?s={search_term_string}"},"query-input":{"@type":"PropertyValueSpecification","valueRequired":true,"valueName":"search_term_string"}}],"inLanguage":"es"},{"@type":"Organization","@id":"https:\/\/www.sonoraenequipo.com.mx\/#organization","name":"Sonoraenequipo.com.mx","url":"https:\/\/www.sonoraenequipo.com.mx\/","logo":{"@type":"ImageObject","inLanguage":"es","@id":"https:\/\/www.sonoraenequipo.com.mx\/#\/schema\/logo\/image\/","url":"https:\/\/www.sonoraenequipo.com.mx\/storage\/2019\/01\/sonoraenequipo_opt.png","contentUrl":"https:\/\/www.sonoraenequipo.com.mx\/storage\/2019\/01\/sonoraenequipo_opt.png","width":375,"height":125,"caption":"Sonoraenequipo.com.mx"},"image":{"@id":"https:\/\/www.sonoraenequipo.com.mx\/#\/schema\/logo\/image\/"},"sameAs":["https:\/\/www.facebook.com\/SonoraEE\/","https:\/\/x.com\/sonoraenequipo","https:\/\/www.youtube.com\/channel\/UC338nW-lPEYmJQs4ZABQ1SQ"]},{"@type":"Person","@id":"https:\/\/www.sonoraenequipo.com.mx\/#\/schema\/person\/50102df0fb23a8fa9e8effad8fa81386","name":"enequipo","image":{"@type":"ImageObject","inLanguage":"es","@id":"https:\/\/www.sonoraenequipo.com.mx\/#\/schema\/person\/image\/","url":"https:\/\/secure.gravatar.com\/avatar\/049821681b589dabc0bc20695993ccebb09f5b5d4d790cd9251b97faac7c652b?s=96&d=blank&r=g","contentUrl":"https:\/\/secure.gravatar.com\/avatar\/049821681b589dabc0bc20695993ccebb09f5b5d4d790cd9251b97faac7c652b?s=96&d=blank&r=g","caption":"enequipo"},"sameAs":["https:\/\/www.facebook.com\/SonoraEE"]}]}},"jetpack_featured_media_url":"https:\/\/www.sonoraenequipo.com.mx\/storage\/2026\/03\/Participa-alumnado-de-Cecyte-en-la-Octava-Feria-International-Education-Day.-1.jpg","_links":{"self":[{"href":"https:\/\/www.sonoraenequipo.com.mx\/api\/wp\/v2\/posts\/236407","targetHints":{"allow":["GET"]}}],"collection":[{"href":"https:\/\/www.sonoraenequipo.com.mx\/api\/wp\/v2\/posts"}],"about":[{"href":"https:\/\/www.sonoraenequipo.com.mx\/api\/wp\/v2\/types\/post"}],"author":[{"embeddable":true,"href":"https:\/\/www.sonoraenequipo.com.mx\/api\/wp\/v2\/users\/1"}],"replies":[{"embeddable":true,"href":"https:\/\/www.sonoraenequipo.com.mx\/api\/wp\/v2\/comments?post=236407"}],"version-history":[{"count":1,"href":"https:\/\/www.sonoraenequipo.com.mx\/api\/wp\/v2\/posts\/236407\/revisions"}],"predecessor-version":[{"id":236408,"href":"https:\/\/www.sonoraenequipo.com.mx\/api\/wp\/v2\/posts\/236407\/revisions\/236408"}],"wp:featuredmedia":[{"embeddable":true,"href":"https:\/\/www.sonoraenequipo.com.mx\/api\/wp\/v2\/media\/236391"}],"wp:attachment":[{"href":"https:\/\/www.sonoraenequipo.com.mx\/api\/wp\/v2\/media?parent=236407"}],"wp:term":[{"taxonomy":"category","embeddable":true,"href":"https:\/\/www.sonoraenequipo.com.mx\/api\/wp\/v2\/categories?post=236407"},{"taxonomy":"post_tag","embeddable":true,"href":"https:\/\/www.sonoraenequipo.com.mx\/api\/wp\/v2\/tags?post=236407"}],"curies":[{"name":"wp","href":"https:\/\/api.w.org\/{rel}","templated":true}]}}