{"id":236457,"date":"2026-03-03T21:08:11","date_gmt":"2026-03-04T04:08:11","guid":{"rendered":"https:\/\/www.sonoraenequipo.com.mx\/?p=236457"},"modified":"2026-03-03T21:09:55","modified_gmt":"2026-03-04T04:09:55","slug":"sanofi-anuncia-nuevo-director-regional-de-pharma-para-latam","status":"publish","type":"post","link":"https:\/\/www.sonoraenequipo.com.mx\/sanofi-anuncia-nuevo-director-regional-de-pharma-para-latam\/","title":{"rendered":"Sanofi anuncia nuevo director regional de Pharma \u00a0para Latam"},"content":{"rendered":"<p>Sanofi anuncia nuevo director regional de Farma \u00a0para Latam<\/p>\n<p>&nbsp;<\/p>\n<ul>\n<li>Inversi\u00f3n de 14,000 millones de pesos entre 2025 y 2030 para fortalecer producci\u00f3n y cadena de suministro nacional.<\/li>\n<\/ul>\n<p>&nbsp;<\/p>\n<ul>\n<li>M\u00e1s de 100 millones de unidades distribuidas al a\u00f1o; 82% se produce en el pa\u00eds.<\/li>\n<\/ul>\n<p>&nbsp;<\/p>\n<ul>\n<li>M\u00e9xico, entre los 15 pa\u00edses con mayor contribuci\u00f3n a investigaci\u00f3n cl\u00ednica global.<\/li>\n<\/ul>\n<p>&nbsp;<\/p>\n<p><strong>CIUDAD DE M\u00c9XICO. \u2014<\/strong> Sanofi conmemora 97 a\u00f1os de reafirmar su presencia y liderazgo en M\u00e9xico a trav\u00e9s de una estrategia integral que combina impacto social, inversi\u00f3n, producci\u00f3n local, investigaci\u00f3n cl\u00ednica y programas de salud comunitaria. En el marco de esta celebraci\u00f3n anuncia el nombramiento de Ignacio S\u00e1ez-Torres como director general de Farma para Am\u00e9rica Latina (Latam, cargo que asumi\u00f3 el 1 de marzo de 2026.<\/p>\n<p>&nbsp;<\/p>\n<p>El nombramiento se da en un momento clave para la compa\u00f1\u00eda, que fortalece su apuesta por la regi\u00f3n, donde se ha consolidado como un actor estrat\u00e9gico para la salud p\u00fablica. En su nuevo rol, S\u00e1ez-Torres reportar\u00e1 a Christelle Saghbini, Head of International Pharma, General Medicines, y tendr\u00e1 la misi\u00f3n de acelerar el rendimiento del negocio, impulsar la innovaci\u00f3n y fortalecer la colaboraci\u00f3n regional.<\/p>\n<p>&nbsp;<\/p>\n<p>\u201cMe entusiasma asumir este nuevo reto en una regi\u00f3n con enorme potencial y un papel estrat\u00e9gico para la compa\u00f1\u00eda. Am\u00e9rica Latina representa una oportunidad para acelerar el acceso a soluciones terap\u00e9uticas innovadoras, fortalecer la colaboraci\u00f3n con los sistemas de salud y generar un impacto social positivo y sostenible en la vida de los pacientes\u201d, se\u00f1al\u00f3 S\u00e1ez-Torres.<\/p>\n<p>&nbsp;<\/p>\n<p>Con m\u00e1s de 20 a\u00f1os de experiencia profesional, Ignacio ha construido una trayectoria s\u00f3lida en posiciones comerciales y de direcci\u00f3n general. Desde su incorporaci\u00f3n a Sanofi en 2013, ha desarrollado un recorrido ascendente dentro de la organizaci\u00f3n en Espa\u00f1a, asumiendo responsabilidades en distintas unidades de negocio. Su formaci\u00f3n en Ciencias F\u00edsicas aporta un enfoque anal\u00edtico y riguroso a su gesti\u00f3n, fortaleciendo la toma de decisiones basada en datos.<\/p>\n<p>&nbsp;<\/p>\n<p>Su experiencia en transformaci\u00f3n de negocios y lanzamientos estrat\u00e9gicos ser\u00e1 clave para acompa\u00f1ar la siguiente etapa de crecimiento de la compa\u00f1\u00eda en Am\u00e9rica Latina, en un contexto donde M\u00e9xico desempe\u00f1a un papel central dentro de la estrategia de inversi\u00f3n, producci\u00f3n e innovaci\u00f3n de Sanofi.<\/p>\n<p>&nbsp;<\/p>\n<p>Actualmente, la biofarmac\u00e9utica genera 2,364 empleos en M\u00e9xico, de los cuales 864 son directos y 1,500 indirectos, con una fuerza laboral integrada en un 47.8% por mujeres. Adem\u00e1s, ha anunciado una inversi\u00f3n adicional de 14,000 millones de pesos entre 2025 y 2030, destinada a robustecer la econom\u00eda local y la cadena de suministro nacional.<\/p>\n<p>&nbsp;<\/p>\n<p>En materia de producci\u00f3n, distribuye m\u00e1s de 100 millones de unidades de medicamentos al a\u00f1o, de los cuales el 83% se destina al mercado p\u00fablico y el 82% se produce en territorio nacional. Como parte de su contribuci\u00f3n a la soberan\u00eda sanitaria, certific\u00f3 la primera vacuna antiinfluenza 100% hecha en el pa\u00eds. Actualmente, el 90% de sus proveedores son empresas mexicanas y el 10% son Micro, Peque\u00f1as y Medianas Empresas, con una contrataci\u00f3n de insumos y servicios que asciende a los 1,600 millones de pesos.<\/p>\n<p>&nbsp;<\/p>\n<p>En l\u00ednea con su visi\u00f3n de innovaci\u00f3n, Sanofi destina 850 millones de pesos anuales a investigaci\u00f3n cl\u00ednica, con 54 estudios activos en \u00e1reas como inmunolog\u00eda, oncolog\u00eda, neurolog\u00eda y enfermedades raras. M\u00e1s de 12,500 voluntarios mexicanos participan en estos proyectos, posicionando a M\u00e9xico entre los 15 pa\u00edses con mayor contribuci\u00f3n a la investigaci\u00f3n global y consolid\u00e1ndolo como un lugar estrat\u00e9gico para el desarrollo cient\u00edfico.<\/p>\n<p>&nbsp;<\/p>\n<p>Este compromiso con la innovaci\u00f3n se complementa con una agenda social orientada a ampliar el acceso y acompa\u00f1amiento a pacientes. Anualmente invierte 9.5 millones de pesos en programas de salud comunitaria, beneficiando a m\u00e1s de 10,500 personas inscritas en programas de soporte gratuitos y operando 49 Centros de Atenci\u00f3n a Pacientes en todo el pa\u00eds. Tan solo en 2025 se realizaron 2,800 atenciones m\u00e9dicas gratuitas en jornadas comunitarias especializadas.<\/p>\n<p>&nbsp;<\/p>\n<p>En esta nueva etapa, el liderazgo regional de Ignacio S\u00e1ez-Torres buscar\u00e1 potenciar estos esfuerzos, integrando innovaci\u00f3n cient\u00edfica y colaboraci\u00f3n estrat\u00e9gica, para acelerar el acceso a soluciones terap\u00e9uticas y fortalecer el impacto de Sanofi en M\u00e9xico y Am\u00e9rica Latina.<\/p>\n<p><strong>Fecha de publicaci\u00f3n martes 3 de marzo de 2026<\/strong><\/p>\n","protected":false},"excerpt":{"rendered":"<p>Sanofi anuncia nuevo director regional de Farma \u00a0para Latam &nbsp; Inversi\u00f3n de 14,000 millones de&#8230;<\/p>\n","protected":false},"author":1,"featured_media":236458,"comment_status":"open","ping_status":"open","sticky":false,"template":"","format":"standard","meta":{"_monsterinsights_skip_tracking":false,"_monsterinsights_sitenote_active":false,"_monsterinsights_sitenote_note":"","_monsterinsights_sitenote_category":0,"footnotes":""},"categories":[6493],"tags":[12429,12428],"class_list":["post"],"yoast_head":" \n<title>Sonora en Equipo. Sanofi anuncia nuevo director regional de Pharma \u00a0para Latam PALABRAS Y N\u00daMEROS<\/title>\n<meta name=\"description\" content=\"Sanofi anuncia nuevo director regional de Farma \u00a0para Latam &nbsp; Inversi\u00f3n de 14,000 millones de pesos entre 2025 y 2030 para fortalecer producci\u00f3n y En Sonora en Equipo publicamos toda la informaci\u00f3n de Sonora, M\u00e9xico y el Mundo de manera oportuna y busca que la libertad de expresi\u00f3n sea real. Visita nuestro medio informativo publicado desde Hermosillo, Sonora. %\" \/>\n<meta name=\"robots\" content=\"index, follow, max-snippet:-1, max-image-preview:large, max-video-preview:-1\" \/>\n<link rel=\"canonical\" href=\"https:\/\/www.sonoraenequipo.com.mx\/sanofi-anuncia-nuevo-director-regional-de-pharma-para-latam\/\" \/>\n<meta property=\"og:locale\" content=\"es_ES\" \/>\n<meta property=\"og:type\" content=\"article\" \/>\n<meta property=\"og:title\" content=\"Sonora en Equipo. Sanofi anuncia nuevo director regional de Pharma \u00a0para Latam PALABRAS Y N\u00daMEROS\" \/>\n<meta property=\"og:description\" content=\"Sanofi anuncia nuevo director regional de Farma \u00a0para Latam &nbsp; Inversi\u00f3n de 14,000 millones de pesos entre 2025 y 2030 para fortalecer producci\u00f3n y En Sonora en Equipo publicamos toda la informaci\u00f3n de Sonora, M\u00e9xico y el Mundo de manera oportuna y busca que la libertad de expresi\u00f3n sea real. Visita nuestro medio informativo publicado desde Hermosillo, Sonora. %\" \/>\n<meta property=\"og:url\" content=\"https:\/\/www.sonoraenequipo.com.mx\/sanofi-anuncia-nuevo-director-regional-de-pharma-para-latam\/\" \/>\n<meta property=\"og:site_name\" content=\"Sonora en Equipo.\" \/>\n<meta property=\"article:publisher\" content=\"https:\/\/www.facebook.com\/SonoraEE\/\" \/>\n<meta property=\"article:author\" content=\"https:\/\/www.facebook.com\/SonoraEE\" \/>\n<meta property=\"article:published_time\" content=\"2026-03-04T04:08:11+00:00\" \/>\n<meta property=\"article:modified_time\" content=\"2026-03-04T04:09:55+00:00\" \/>\n<meta property=\"og:image\" content=\"https:\/\/www.sonoraenequipo.com.mx\/storage\/2026\/03\/ignacio-zaes.jpg\" \/>\n\t<meta property=\"og:image:width\" content=\"600\" \/>\n\t<meta property=\"og:image:height\" content=\"400\" \/>\n\t<meta property=\"og:image:type\" content=\"image\/jpeg\" \/>\n<meta name=\"author\" content=\"enequipo\" \/>\n<meta name=\"twitter:card\" content=\"summary_large_image\" \/>\n<meta name=\"twitter:creator\" content=\"@sonoraenequipo\" \/>\n<meta name=\"twitter:site\" content=\"@sonoraenequipo\" \/>\n<meta name=\"twitter:label1\" content=\"Escrito por\" \/>\n\t<meta name=\"twitter:data1\" content=\"enequipo\" \/>\n\t<meta name=\"twitter:label2\" content=\"Tiempo de lectura\" \/>\n\t<meta name=\"twitter:data2\" content=\"4 minutos\" \/>\n<script type=\"application\/ld+json\" class=\"yoast-schema-graph\">{\"@context\":\"https:\/\/schema.org\",\"@graph\":[{\"@type\":\"Article\",\"@id\":\"https:\/\/www.sonoraenequipo.com.mx\/sanofi-anuncia-nuevo-director-regional-de-pharma-para-latam\/#article\",\"isPartOf\":{\"@id\":\"https:\/\/www.sonoraenequipo.com.mx\/sanofi-anuncia-nuevo-director-regional-de-pharma-para-latam\/\"},\"author\":{\"name\":\"enequipo\",\"@id\":\"https:\/\/www.sonoraenequipo.com.mx\/#\/schema\/person\/50102df0fb23a8fa9e8effad8fa81386\"},\"headline\":\"Sanofi anuncia nuevo director regional de Pharma \u00a0para Latam\",\"datePublished\":\"2026-03-04T04:08:11+00:00\",\"dateModified\":\"2026-03-04T04:09:55+00:00\",\"mainEntityOfPage\":{\"@id\":\"https:\/\/www.sonoraenequipo.com.mx\/sanofi-anuncia-nuevo-director-regional-de-pharma-para-latam\/\"},\"wordCount\":757,\"commentCount\":0,\"publisher\":{\"@id\":\"https:\/\/www.sonoraenequipo.com.mx\/#organization\"},\"image\":{\"@id\":\"https:\/\/www.sonoraenequipo.com.mx\/sanofi-anuncia-nuevo-director-regional-de-pharma-para-latam\/#primaryimage\"},\"thumbnailUrl\":\"https:\/\/www.sonoraenequipo.com.mx\/storage\/2026\/03\/ignacio-zaes.jpg\",\"keywords\":[\"pharma\",\"sanofi\"],\"articleSection\":[\"PALABRAS Y N\u00daMEROS\"],\"inLanguage\":\"es\",\"potentialAction\":[{\"@type\":\"CommentAction\",\"name\":\"Comment\",\"target\":[\"https:\/\/www.sonoraenequipo.com.mx\/sanofi-anuncia-nuevo-director-regional-de-pharma-para-latam\/#respond\"]}]},{\"@type\":\"WebPage\",\"@id\":\"https:\/\/www.sonoraenequipo.com.mx\/sanofi-anuncia-nuevo-director-regional-de-pharma-para-latam\/\",\"url\":\"https:\/\/www.sonoraenequipo.com.mx\/sanofi-anuncia-nuevo-director-regional-de-pharma-para-latam\/\",\"name\":\"Sonora en Equipo. Sanofi anuncia nuevo director regional de Pharma \u00a0para Latam PALABRAS Y N\u00daMEROS\",\"isPartOf\":{\"@id\":\"https:\/\/www.sonoraenequipo.com.mx\/#website\"},\"primaryImageOfPage\":{\"@id\":\"https:\/\/www.sonoraenequipo.com.mx\/sanofi-anuncia-nuevo-director-regional-de-pharma-para-latam\/#primaryimage\"},\"image\":{\"@id\":\"https:\/\/www.sonoraenequipo.com.mx\/sanofi-anuncia-nuevo-director-regional-de-pharma-para-latam\/#primaryimage\"},\"thumbnailUrl\":\"https:\/\/www.sonoraenequipo.com.mx\/storage\/2026\/03\/ignacio-zaes.jpg\",\"datePublished\":\"2026-03-04T04:08:11+00:00\",\"dateModified\":\"2026-03-04T04:09:55+00:00\",\"description\":\"Sanofi anuncia nuevo director regional de Farma \u00a0para Latam &nbsp; Inversi\u00f3n de 14,000 millones de pesos entre 2025 y 2030 para fortalecer producci\u00f3n y En Sonora en Equipo publicamos toda la informaci\u00f3n de Sonora, M\u00e9xico y el Mundo de manera oportuna y busca que la libertad de expresi\u00f3n sea real. Visita nuestro medio informativo publicado desde Hermosillo, Sonora. %\",\"breadcrumb\":{\"@id\":\"https:\/\/www.sonoraenequipo.com.mx\/sanofi-anuncia-nuevo-director-regional-de-pharma-para-latam\/#breadcrumb\"},\"inLanguage\":\"es\",\"potentialAction\":[{\"@type\":\"ReadAction\",\"target\":[\"https:\/\/www.sonoraenequipo.com.mx\/sanofi-anuncia-nuevo-director-regional-de-pharma-para-latam\/\"]}]},{\"@type\":\"ImageObject\",\"inLanguage\":\"es\",\"@id\":\"https:\/\/www.sonoraenequipo.com.mx\/sanofi-anuncia-nuevo-director-regional-de-pharma-para-latam\/#primaryimage\",\"url\":\"https:\/\/www.sonoraenequipo.com.mx\/storage\/2026\/03\/ignacio-zaes.jpg\",\"contentUrl\":\"https:\/\/www.sonoraenequipo.com.mx\/storage\/2026\/03\/ignacio-zaes.jpg\",\"width\":600,\"height\":400,\"caption\":\"Ignacio S\u00e1ez-Torres\"},{\"@type\":\"BreadcrumbList\",\"@id\":\"https:\/\/www.sonoraenequipo.com.mx\/sanofi-anuncia-nuevo-director-regional-de-pharma-para-latam\/#breadcrumb\",\"itemListElement\":[{\"@type\":\"ListItem\",\"position\":1,\"name\":\"Portada\",\"item\":\"https:\/\/www.sonoraenequipo.com.mx\/\"},{\"@type\":\"ListItem\",\"position\":2,\"name\":\"Sanofi anuncia nuevo director regional de Pharma \u00a0para Latam\"}]},{\"@type\":\"WebSite\",\"@id\":\"https:\/\/www.sonoraenequipo.com.mx\/#website\",\"url\":\"https:\/\/www.sonoraenequipo.com.mx\/\",\"name\":\"Sonora en Equipo.\",\"description\":\"Diario en l\u00ednea con Noticias desde Hermosillo, Sonora\",\"publisher\":{\"@id\":\"https:\/\/www.sonoraenequipo.com.mx\/#organization\"},\"potentialAction\":[{\"@type\":\"SearchAction\",\"target\":{\"@type\":\"EntryPoint\",\"urlTemplate\":\"https:\/\/www.sonoraenequipo.com.mx\/?s={search_term_string}\"},\"query-input\":{\"@type\":\"PropertyValueSpecification\",\"valueRequired\":true,\"valueName\":\"search_term_string\"}}],\"inLanguage\":\"es\"},{\"@type\":\"Organization\",\"@id\":\"https:\/\/www.sonoraenequipo.com.mx\/#organization\",\"name\":\"Sonoraenequipo.com.mx\",\"url\":\"https:\/\/www.sonoraenequipo.com.mx\/\",\"logo\":{\"@type\":\"ImageObject\",\"inLanguage\":\"es\",\"@id\":\"https:\/\/www.sonoraenequipo.com.mx\/#\/schema\/logo\/image\/\",\"url\":\"https:\/\/www.sonoraenequipo.com.mx\/storage\/2019\/01\/sonoraenequipo_opt.png\",\"contentUrl\":\"https:\/\/www.sonoraenequipo.com.mx\/storage\/2019\/01\/sonoraenequipo_opt.png\",\"width\":375,\"height\":125,\"caption\":\"Sonoraenequipo.com.mx\"},\"image\":{\"@id\":\"https:\/\/www.sonoraenequipo.com.mx\/#\/schema\/logo\/image\/\"},\"sameAs\":[\"https:\/\/www.facebook.com\/SonoraEE\/\",\"https:\/\/x.com\/sonoraenequipo\",\"https:\/\/www.youtube.com\/channel\/UC338nW-lPEYmJQs4ZABQ1SQ\"]},{\"@type\":\"Person\",\"@id\":\"https:\/\/www.sonoraenequipo.com.mx\/#\/schema\/person\/50102df0fb23a8fa9e8effad8fa81386\",\"name\":\"enequipo\",\"image\":{\"@type\":\"ImageObject\",\"inLanguage\":\"es\",\"@id\":\"https:\/\/www.sonoraenequipo.com.mx\/#\/schema\/person\/image\/\",\"url\":\"https:\/\/secure.gravatar.com\/avatar\/049821681b589dabc0bc20695993ccebb09f5b5d4d790cd9251b97faac7c652b?s=96&d=blank&r=g\",\"contentUrl\":\"https:\/\/secure.gravatar.com\/avatar\/049821681b589dabc0bc20695993ccebb09f5b5d4d790cd9251b97faac7c652b?s=96&d=blank&r=g\",\"caption\":\"enequipo\"},\"sameAs\":[\"https:\/\/www.facebook.com\/SonoraEE\"]}]}<\/script>\n ","yoast_head_json":{"title":"Sonora en Equipo. Sanofi anuncia nuevo director regional de Pharma \u00a0para Latam PALABRAS Y N\u00daMEROS","description":"Sanofi anuncia nuevo director regional de Farma \u00a0para Latam &nbsp; Inversi\u00f3n de 14,000 millones de pesos entre 2025 y 2030 para fortalecer producci\u00f3n y En Sonora en Equipo publicamos toda la informaci\u00f3n de Sonora, M\u00e9xico y el Mundo de manera oportuna y busca que la libertad de expresi\u00f3n sea real. Visita nuestro medio informativo publicado desde Hermosillo, Sonora. %","robots":{"index":"index","follow":"follow","max-snippet":"max-snippet:-1","max-image-preview":"max-image-preview:large","max-video-preview":"max-video-preview:-1"},"canonical":"https:\/\/www.sonoraenequipo.com.mx\/sanofi-anuncia-nuevo-director-regional-de-pharma-para-latam\/","og_locale":"es_ES","og_type":"article","og_title":"Sonora en Equipo. Sanofi anuncia nuevo director regional de Pharma \u00a0para Latam PALABRAS Y N\u00daMEROS","og_description":"Sanofi anuncia nuevo director regional de Farma \u00a0para Latam &nbsp; Inversi\u00f3n de 14,000 millones de pesos entre 2025 y 2030 para fortalecer producci\u00f3n y En Sonora en Equipo publicamos toda la informaci\u00f3n de Sonora, M\u00e9xico y el Mundo de manera oportuna y busca que la libertad de expresi\u00f3n sea real. Visita nuestro medio informativo publicado desde Hermosillo, Sonora. %","og_url":"https:\/\/www.sonoraenequipo.com.mx\/sanofi-anuncia-nuevo-director-regional-de-pharma-para-latam\/","og_site_name":"Sonora en Equipo.","article_publisher":"https:\/\/www.facebook.com\/SonoraEE\/","article_author":"https:\/\/www.facebook.com\/SonoraEE","article_published_time":"2026-03-04T04:08:11+00:00","article_modified_time":"2026-03-04T04:09:55+00:00","og_image":[{"width":600,"height":400,"url":"https:\/\/www.sonoraenequipo.com.mx\/storage\/2026\/03\/ignacio-zaes.jpg","type":"image\/jpeg"}],"author":"enequipo","twitter_card":"summary_large_image","twitter_creator":"@sonoraenequipo","twitter_site":"@sonoraenequipo","twitter_misc":{"Escrito por":"enequipo","Tiempo de lectura":"4 minutos"},"schema":{"@context":"https:\/\/schema.org","@graph":[{"@type":"Article","@id":"https:\/\/www.sonoraenequipo.com.mx\/sanofi-anuncia-nuevo-director-regional-de-pharma-para-latam\/#article","isPartOf":{"@id":"https:\/\/www.sonoraenequipo.com.mx\/sanofi-anuncia-nuevo-director-regional-de-pharma-para-latam\/"},"author":{"name":"enequipo","@id":"https:\/\/www.sonoraenequipo.com.mx\/#\/schema\/person\/50102df0fb23a8fa9e8effad8fa81386"},"headline":"Sanofi anuncia nuevo director regional de Pharma \u00a0para Latam","datePublished":"2026-03-04T04:08:11+00:00","dateModified":"2026-03-04T04:09:55+00:00","mainEntityOfPage":{"@id":"https:\/\/www.sonoraenequipo.com.mx\/sanofi-anuncia-nuevo-director-regional-de-pharma-para-latam\/"},"wordCount":757,"commentCount":0,"publisher":{"@id":"https:\/\/www.sonoraenequipo.com.mx\/#organization"},"image":{"@id":"https:\/\/www.sonoraenequipo.com.mx\/sanofi-anuncia-nuevo-director-regional-de-pharma-para-latam\/#primaryimage"},"thumbnailUrl":"https:\/\/www.sonoraenequipo.com.mx\/storage\/2026\/03\/ignacio-zaes.jpg","keywords":["pharma","sanofi"],"articleSection":["PALABRAS Y N\u00daMEROS"],"inLanguage":"es","potentialAction":[{"@type":"CommentAction","name":"Comment","target":["https:\/\/www.sonoraenequipo.com.mx\/sanofi-anuncia-nuevo-director-regional-de-pharma-para-latam\/#respond"]}]},{"@type":"WebPage","@id":"https:\/\/www.sonoraenequipo.com.mx\/sanofi-anuncia-nuevo-director-regional-de-pharma-para-latam\/","url":"https:\/\/www.sonoraenequipo.com.mx\/sanofi-anuncia-nuevo-director-regional-de-pharma-para-latam\/","name":"Sonora en Equipo. Sanofi anuncia nuevo director regional de Pharma \u00a0para Latam PALABRAS Y N\u00daMEROS","isPartOf":{"@id":"https:\/\/www.sonoraenequipo.com.mx\/#website"},"primaryImageOfPage":{"@id":"https:\/\/www.sonoraenequipo.com.mx\/sanofi-anuncia-nuevo-director-regional-de-pharma-para-latam\/#primaryimage"},"image":{"@id":"https:\/\/www.sonoraenequipo.com.mx\/sanofi-anuncia-nuevo-director-regional-de-pharma-para-latam\/#primaryimage"},"thumbnailUrl":"https:\/\/www.sonoraenequipo.com.mx\/storage\/2026\/03\/ignacio-zaes.jpg","datePublished":"2026-03-04T04:08:11+00:00","dateModified":"2026-03-04T04:09:55+00:00","description":"Sanofi anuncia nuevo director regional de Farma \u00a0para Latam &nbsp; Inversi\u00f3n de 14,000 millones de pesos entre 2025 y 2030 para fortalecer producci\u00f3n y En Sonora en Equipo publicamos toda la informaci\u00f3n de Sonora, M\u00e9xico y el Mundo de manera oportuna y busca que la libertad de expresi\u00f3n sea real. Visita nuestro medio informativo publicado desde Hermosillo, Sonora. %","breadcrumb":{"@id":"https:\/\/www.sonoraenequipo.com.mx\/sanofi-anuncia-nuevo-director-regional-de-pharma-para-latam\/#breadcrumb"},"inLanguage":"es","potentialAction":[{"@type":"ReadAction","target":["https:\/\/www.sonoraenequipo.com.mx\/sanofi-anuncia-nuevo-director-regional-de-pharma-para-latam\/"]}]},{"@type":"ImageObject","inLanguage":"es","@id":"https:\/\/www.sonoraenequipo.com.mx\/sanofi-anuncia-nuevo-director-regional-de-pharma-para-latam\/#primaryimage","url":"https:\/\/www.sonoraenequipo.com.mx\/storage\/2026\/03\/ignacio-zaes.jpg","contentUrl":"https:\/\/www.sonoraenequipo.com.mx\/storage\/2026\/03\/ignacio-zaes.jpg","width":600,"height":400,"caption":"Ignacio S\u00e1ez-Torres"},{"@type":"BreadcrumbList","@id":"https:\/\/www.sonoraenequipo.com.mx\/sanofi-anuncia-nuevo-director-regional-de-pharma-para-latam\/#breadcrumb","itemListElement":[{"@type":"ListItem","position":1,"name":"Portada","item":"https:\/\/www.sonoraenequipo.com.mx\/"},{"@type":"ListItem","position":2,"name":"Sanofi anuncia nuevo director regional de Pharma \u00a0para Latam"}]},{"@type":"WebSite","@id":"https:\/\/www.sonoraenequipo.com.mx\/#website","url":"https:\/\/www.sonoraenequipo.com.mx\/","name":"Sonora en Equipo.","description":"Diario en l\u00ednea con Noticias desde Hermosillo, Sonora","publisher":{"@id":"https:\/\/www.sonoraenequipo.com.mx\/#organization"},"potentialAction":[{"@type":"SearchAction","target":{"@type":"EntryPoint","urlTemplate":"https:\/\/www.sonoraenequipo.com.mx\/?s={search_term_string}"},"query-input":{"@type":"PropertyValueSpecification","valueRequired":true,"valueName":"search_term_string"}}],"inLanguage":"es"},{"@type":"Organization","@id":"https:\/\/www.sonoraenequipo.com.mx\/#organization","name":"Sonoraenequipo.com.mx","url":"https:\/\/www.sonoraenequipo.com.mx\/","logo":{"@type":"ImageObject","inLanguage":"es","@id":"https:\/\/www.sonoraenequipo.com.mx\/#\/schema\/logo\/image\/","url":"https:\/\/www.sonoraenequipo.com.mx\/storage\/2019\/01\/sonoraenequipo_opt.png","contentUrl":"https:\/\/www.sonoraenequipo.com.mx\/storage\/2019\/01\/sonoraenequipo_opt.png","width":375,"height":125,"caption":"Sonoraenequipo.com.mx"},"image":{"@id":"https:\/\/www.sonoraenequipo.com.mx\/#\/schema\/logo\/image\/"},"sameAs":["https:\/\/www.facebook.com\/SonoraEE\/","https:\/\/x.com\/sonoraenequipo","https:\/\/www.youtube.com\/channel\/UC338nW-lPEYmJQs4ZABQ1SQ"]},{"@type":"Person","@id":"https:\/\/www.sonoraenequipo.com.mx\/#\/schema\/person\/50102df0fb23a8fa9e8effad8fa81386","name":"enequipo","image":{"@type":"ImageObject","inLanguage":"es","@id":"https:\/\/www.sonoraenequipo.com.mx\/#\/schema\/person\/image\/","url":"https:\/\/secure.gravatar.com\/avatar\/049821681b589dabc0bc20695993ccebb09f5b5d4d790cd9251b97faac7c652b?s=96&d=blank&r=g","contentUrl":"https:\/\/secure.gravatar.com\/avatar\/049821681b589dabc0bc20695993ccebb09f5b5d4d790cd9251b97faac7c652b?s=96&d=blank&r=g","caption":"enequipo"},"sameAs":["https:\/\/www.facebook.com\/SonoraEE"]}]}},"jetpack_featured_media_url":"https:\/\/www.sonoraenequipo.com.mx\/storage\/2026\/03\/ignacio-zaes.jpg","_links":{"self":[{"href":"https:\/\/www.sonoraenequipo.com.mx\/api\/wp\/v2\/posts\/236457","targetHints":{"allow":["GET"]}}],"collection":[{"href":"https:\/\/www.sonoraenequipo.com.mx\/api\/wp\/v2\/posts"}],"about":[{"href":"https:\/\/www.sonoraenequipo.com.mx\/api\/wp\/v2\/types\/post"}],"author":[{"embeddable":true,"href":"https:\/\/www.sonoraenequipo.com.mx\/api\/wp\/v2\/users\/1"}],"replies":[{"embeddable":true,"href":"https:\/\/www.sonoraenequipo.com.mx\/api\/wp\/v2\/comments?post=236457"}],"version-history":[{"count":1,"href":"https:\/\/www.sonoraenequipo.com.mx\/api\/wp\/v2\/posts\/236457\/revisions"}],"predecessor-version":[{"id":236459,"href":"https:\/\/www.sonoraenequipo.com.mx\/api\/wp\/v2\/posts\/236457\/revisions\/236459"}],"wp:featuredmedia":[{"embeddable":true,"href":"https:\/\/www.sonoraenequipo.com.mx\/api\/wp\/v2\/media\/236458"}],"wp:attachment":[{"href":"https:\/\/www.sonoraenequipo.com.mx\/api\/wp\/v2\/media?parent=236457"}],"wp:term":[{"taxonomy":"category","embeddable":true,"href":"https:\/\/www.sonoraenequipo.com.mx\/api\/wp\/v2\/categories?post=236457"},{"taxonomy":"post_tag","embeddable":true,"href":"https:\/\/www.sonoraenequipo.com.mx\/api\/wp\/v2\/tags?post=236457"}],"curies":[{"name":"wp","href":"https:\/\/api.w.org\/{rel}","templated":true}]}}