{"id":236460,"date":"2026-03-03T21:25:31","date_gmt":"2026-03-04T04:25:31","guid":{"rendered":"https:\/\/www.sonoraenequipo.com.mx\/?p=236460"},"modified":"2026-03-03T21:27:03","modified_gmt":"2026-03-04T04:27:03","slug":"hermosillo-invita-comuna-de-sumarse-a-actividades-por-dia-internacional-de-la-mujer","status":"publish","type":"post","link":"https:\/\/www.sonoraenequipo.com.mx\/hermosillo-invita-comuna-de-sumarse-a-actividades-por-dia-internacional-de-la-mujer\/","title":{"rendered":"Hermosillo. Invita comuna  sumarse a actividades por D\u00eda Internacional de la Mujer"},"content":{"rendered":"<p><strong>HERMOSILLO, SONORA, MX. \u2014<\/strong> En reconocimiento a la lucha hist\u00f3rica de las mujeres por la igualdad de derechos, la justicia y su participaci\u00f3n plena en la sociedad, el Ayuntamiento de Hermosillo en coordinaci\u00f3n con organizaciones civiles llevar\u00e1 a cabo diversas actividades del 2 al 27 de marzo en el marco del D\u00eda Internacional de la Mujer que se conmemora cada 8 de marzo.<\/p>\n<p>&nbsp;<\/p>\n<p>&nbsp;<\/p>\n<p>&nbsp;<\/p>\n<p>Zulma Galaz Angulo, directora de Atenci\u00f3n a la Mujer, present\u00f3 el calendario que inici\u00f3 con una exposici\u00f3n de art\u00edculos reciclados elaborados por mujeres que reciben atenci\u00f3n en esta instancia municipal y culminar\u00e1 el 27 de marzo con la conferencia magistral \u201cSer feliz para vivir en igualdad\u201d, impartida por la maestra Aurora Aguilar a las 9:00 horas en Quinta de Anza.<\/p>\n<p>&nbsp;<\/p>\n<p>&nbsp;<\/p>\n<p>&nbsp;<\/p>\n<p>Acompa\u00f1ada por Alma Dolores Estrada Duarte, secretaria de Acci\u00f3n Femenil de la CTM Sonora; Alma Angelina Guti\u00e9rrez Mill\u00e1n, Alcaldesa de la Bicicleta; Vania Salido L\u00f3pez, coordinadora del Centro de Atenci\u00f3n a la Mujer; y la regidora Cassandra L\u00f3pez, comparti\u00f3 los detalles del programa que incluye talleres, rodada en bicicleta, la 8va Feria de las Mujeres y pl\u00e1ticas orientadas al fortalecimiento del crecimiento personal.<\/p>\n<p>&nbsp;<\/p>\n<p>&nbsp;<\/p>\n<p>&nbsp;<\/p>\n<p>\u201cEn el marco del 8 de marzo, D\u00eda Internacional de la Mujer, reconocemos su lucha hist\u00f3rica y reafirmamos nuestro compromiso con sus derechos, dignidad y bienestar. Para la Direcci\u00f3n de Atenci\u00f3n a la Mujer esta fecha no es solo una conmemoraci\u00f3n simb\u00f3lica, sino un recordatorio permanente del trabajo que realizamos para acompa\u00f1ar, proteger y empoderar a cada mujer que acude a nuestra direcci\u00f3n, al Centro de Atenci\u00f3n a la Mujer y a la Unidad Minitas\u201d, expres\u00f3.<\/p>\n<p>&nbsp;<\/p>\n<p>&nbsp;<\/p>\n<p>&nbsp;<\/p>\n<p>Por segundo a\u00f1o consecutivo, este 6 de marzo, en colaboraci\u00f3n con la Secretar\u00eda de Acci\u00f3n Femenil de la CTM se impartir\u00e1n las pl\u00e1ticas \u201cEl verdadero empoderamiento femenino\u201d y \u201cEl poder y avances de las mujeres\u201d para alrededor de 400 asistentes.<\/p>\n<p>&nbsp;<\/p>\n<p>&nbsp;<\/p>\n<p>&nbsp;<\/p>\n<p>Adem\u00e1s, el 8 de marzo a partir de las 9:00 horas, desde la Plaza de los 100 A\u00f1os, iniciar\u00e1 la Rodada por las Mujeres como una acci\u00f3n simb\u00f3lica y colectiva que resignifica el espacio p\u00fablico y donde podr\u00e1n participar mujeres y hombres de todas las edades, se recomienda portar una prenda color morado.<\/p>\n<p>&nbsp;<\/p>\n<p>&nbsp;<\/p>\n<p>&nbsp;<\/p>\n<p>Con una amplia oferta de productos y servicios, el 13 de marzo se llevar\u00e1 a cabo la 8va Feria de las Mujeres en la Plaza Alonso Vidal, con la participaci\u00f3n de m\u00e1s de 120 expositoras. Este espacio permite a ciudadanas promover sus art\u00edculos y servicios, muchos de ellos resultado de habilidades adquiridas en los talleres impartidos por la Direcci\u00f3n.<\/p>\n<p>&nbsp;<\/p>\n<p>&nbsp;<\/p>\n<p>&nbsp;<\/p>\n<p>Durante la rueda de prensa se extendi\u00f3 la invitaci\u00f3n a sumarse a estas actividades, as\u00ed como al taller de velas y jabones artesanales que se realizar\u00e1 el mi\u00e9rcoles 4 de marzo a las 11:00 horas en la Biblioteca Rafael Meneses de la colonia Modelo, en colaboraci\u00f3n con el Instituto Municipal de Cultura y Arte (IMCA).<\/p>\n<p>&nbsp;<\/p>\n<p>&nbsp;<\/p>\n<p>&nbsp;<\/p>\n<p>Para m\u00e1s detalles pueden consultarse las redes sociales @hermosillogob en X e Instagram, as\u00ed como Gobierno de Hermosillo en Facebook. El Gobierno Municipal y colectivos invita a la ciudadan\u00eda a sumarse a estas actividades que conmemoran la lucha de las mujeres por la igualdad de derechos, justicia y participaci\u00f3n plena en la sociedad.<\/p>\n<p><strong>Fecha de publicaci\u00f3n martes 3 de marzo de 2026<\/strong><\/p>\n","protected":false},"excerpt":{"rendered":"<p>HERMOSILLO, SONORA, MX. \u2014 En reconocimiento a la lucha hist\u00f3rica de las mujeres por la&#8230;<\/p>\n","protected":false},"author":1,"featured_media":236461,"comment_status":"open","ping_status":"open","sticky":false,"template":"","format":"standard","meta":{"_monsterinsights_skip_tracking":false,"_monsterinsights_sitenote_active":false,"_monsterinsights_sitenote_note":"","_monsterinsights_sitenote_category":0,"footnotes":""},"categories":[4],"tags":[8304],"class_list":["post"],"yoast_head":" \n<title>Sonora en Equipo. Hermosillo. Invita comuna sumarse a actividades por D\u00eda Internacional de la Mujer Municipios<\/title>\n<meta name=\"description\" content=\"HERMOSILLO, SONORA, MX. \u2014 En reconocimiento a la lucha hist\u00f3rica de las mujeres por la igualdad de derechos, la justicia y su participaci\u00f3n plena en la En Sonora en Equipo publicamos toda la informaci\u00f3n de Sonora, M\u00e9xico y el Mundo de manera oportuna y busca que la libertad de expresi\u00f3n sea real. Visita nuestro medio informativo publicado desde Hermosillo, Sonora. %\" \/>\n<meta name=\"robots\" content=\"index, follow, max-snippet:-1, max-image-preview:large, max-video-preview:-1\" \/>\n<link rel=\"canonical\" href=\"https:\/\/www.sonoraenequipo.com.mx\/hermosillo-invita-comuna-de-sumarse-a-actividades-por-dia-internacional-de-la-mujer\/\" \/>\n<meta property=\"og:locale\" content=\"es_ES\" \/>\n<meta property=\"og:type\" content=\"article\" \/>\n<meta property=\"og:title\" content=\"Sonora en Equipo. Hermosillo. Invita comuna sumarse a actividades por D\u00eda Internacional de la Mujer Municipios\" \/>\n<meta property=\"og:description\" content=\"HERMOSILLO, SONORA, MX. \u2014 En reconocimiento a la lucha hist\u00f3rica de las mujeres por la igualdad de derechos, la justicia y su participaci\u00f3n plena en la En Sonora en Equipo publicamos toda la informaci\u00f3n de Sonora, M\u00e9xico y el Mundo de manera oportuna y busca que la libertad de expresi\u00f3n sea real. Visita nuestro medio informativo publicado desde Hermosillo, Sonora. %\" \/>\n<meta property=\"og:url\" content=\"https:\/\/www.sonoraenequipo.com.mx\/hermosillo-invita-comuna-de-sumarse-a-actividades-por-dia-internacional-de-la-mujer\/\" \/>\n<meta property=\"og:site_name\" content=\"Sonora en Equipo.\" \/>\n<meta property=\"article:publisher\" content=\"https:\/\/www.facebook.com\/SonoraEE\/\" \/>\n<meta property=\"article:author\" content=\"https:\/\/www.facebook.com\/SonoraEE\" \/>\n<meta property=\"article:published_time\" content=\"2026-03-04T04:25:31+00:00\" \/>\n<meta property=\"article:modified_time\" content=\"2026-03-04T04:27:03+00:00\" \/>\n<meta property=\"og:image\" content=\"https:\/\/www.sonoraenequipo.com.mx\/storage\/2026\/03\/feria-mujer.jpg\" \/>\n\t<meta property=\"og:image:width\" content=\"600\" \/>\n\t<meta property=\"og:image:height\" content=\"400\" \/>\n\t<meta property=\"og:image:type\" content=\"image\/jpeg\" \/>\n<meta name=\"author\" content=\"enequipo\" \/>\n<meta name=\"twitter:card\" content=\"summary_large_image\" \/>\n<meta name=\"twitter:creator\" content=\"@sonoraenequipo\" \/>\n<meta name=\"twitter:site\" content=\"@sonoraenequipo\" \/>\n<meta name=\"twitter:label1\" content=\"Escrito por\" \/>\n\t<meta name=\"twitter:data1\" content=\"enequipo\" \/>\n\t<meta name=\"twitter:label2\" content=\"Tiempo de lectura\" \/>\n\t<meta name=\"twitter:data2\" content=\"3 minutos\" \/>\n<script type=\"application\/ld+json\" class=\"yoast-schema-graph\">{\"@context\":\"https:\/\/schema.org\",\"@graph\":[{\"@type\":\"Article\",\"@id\":\"https:\/\/www.sonoraenequipo.com.mx\/hermosillo-invita-comuna-de-sumarse-a-actividades-por-dia-internacional-de-la-mujer\/#article\",\"isPartOf\":{\"@id\":\"https:\/\/www.sonoraenequipo.com.mx\/hermosillo-invita-comuna-de-sumarse-a-actividades-por-dia-internacional-de-la-mujer\/\"},\"author\":{\"name\":\"enequipo\",\"@id\":\"https:\/\/www.sonoraenequipo.com.mx\/#\/schema\/person\/50102df0fb23a8fa9e8effad8fa81386\"},\"headline\":\"Hermosillo. Invita comuna sumarse a actividades por D\u00eda Internacional de la Mujer\",\"datePublished\":\"2026-03-04T04:25:31+00:00\",\"dateModified\":\"2026-03-04T04:27:03+00:00\",\"mainEntityOfPage\":{\"@id\":\"https:\/\/www.sonoraenequipo.com.mx\/hermosillo-invita-comuna-de-sumarse-a-actividades-por-dia-internacional-de-la-mujer\/\"},\"wordCount\":598,\"commentCount\":0,\"publisher\":{\"@id\":\"https:\/\/www.sonoraenequipo.com.mx\/#organization\"},\"image\":{\"@id\":\"https:\/\/www.sonoraenequipo.com.mx\/hermosillo-invita-comuna-de-sumarse-a-actividades-por-dia-internacional-de-la-mujer\/#primaryimage\"},\"thumbnailUrl\":\"https:\/\/www.sonoraenequipo.com.mx\/storage\/2026\/03\/feria-mujer.jpg\",\"keywords\":[\"d\u00eda mujer\"],\"articleSection\":[\"Municipios\"],\"inLanguage\":\"es\",\"potentialAction\":[{\"@type\":\"CommentAction\",\"name\":\"Comment\",\"target\":[\"https:\/\/www.sonoraenequipo.com.mx\/hermosillo-invita-comuna-de-sumarse-a-actividades-por-dia-internacional-de-la-mujer\/#respond\"]}]},{\"@type\":\"WebPage\",\"@id\":\"https:\/\/www.sonoraenequipo.com.mx\/hermosillo-invita-comuna-de-sumarse-a-actividades-por-dia-internacional-de-la-mujer\/\",\"url\":\"https:\/\/www.sonoraenequipo.com.mx\/hermosillo-invita-comuna-de-sumarse-a-actividades-por-dia-internacional-de-la-mujer\/\",\"name\":\"Sonora en Equipo. Hermosillo. Invita comuna sumarse a actividades por D\u00eda Internacional de la Mujer Municipios\",\"isPartOf\":{\"@id\":\"https:\/\/www.sonoraenequipo.com.mx\/#website\"},\"primaryImageOfPage\":{\"@id\":\"https:\/\/www.sonoraenequipo.com.mx\/hermosillo-invita-comuna-de-sumarse-a-actividades-por-dia-internacional-de-la-mujer\/#primaryimage\"},\"image\":{\"@id\":\"https:\/\/www.sonoraenequipo.com.mx\/hermosillo-invita-comuna-de-sumarse-a-actividades-por-dia-internacional-de-la-mujer\/#primaryimage\"},\"thumbnailUrl\":\"https:\/\/www.sonoraenequipo.com.mx\/storage\/2026\/03\/feria-mujer.jpg\",\"datePublished\":\"2026-03-04T04:25:31+00:00\",\"dateModified\":\"2026-03-04T04:27:03+00:00\",\"description\":\"HERMOSILLO, SONORA, MX. \u2014 En reconocimiento a la lucha hist\u00f3rica de las mujeres por la igualdad de derechos, la justicia y su participaci\u00f3n plena en la En Sonora en Equipo publicamos toda la informaci\u00f3n de Sonora, M\u00e9xico y el Mundo de manera oportuna y busca que la libertad de expresi\u00f3n sea real. Visita nuestro medio informativo publicado desde Hermosillo, Sonora. %\",\"breadcrumb\":{\"@id\":\"https:\/\/www.sonoraenequipo.com.mx\/hermosillo-invita-comuna-de-sumarse-a-actividades-por-dia-internacional-de-la-mujer\/#breadcrumb\"},\"inLanguage\":\"es\",\"potentialAction\":[{\"@type\":\"ReadAction\",\"target\":[\"https:\/\/www.sonoraenequipo.com.mx\/hermosillo-invita-comuna-de-sumarse-a-actividades-por-dia-internacional-de-la-mujer\/\"]}]},{\"@type\":\"ImageObject\",\"inLanguage\":\"es\",\"@id\":\"https:\/\/www.sonoraenequipo.com.mx\/hermosillo-invita-comuna-de-sumarse-a-actividades-por-dia-internacional-de-la-mujer\/#primaryimage\",\"url\":\"https:\/\/www.sonoraenequipo.com.mx\/storage\/2026\/03\/feria-mujer.jpg\",\"contentUrl\":\"https:\/\/www.sonoraenequipo.com.mx\/storage\/2026\/03\/feria-mujer.jpg\",\"width\":600,\"height\":400},{\"@type\":\"BreadcrumbList\",\"@id\":\"https:\/\/www.sonoraenequipo.com.mx\/hermosillo-invita-comuna-de-sumarse-a-actividades-por-dia-internacional-de-la-mujer\/#breadcrumb\",\"itemListElement\":[{\"@type\":\"ListItem\",\"position\":1,\"name\":\"Portada\",\"item\":\"https:\/\/www.sonoraenequipo.com.mx\/\"},{\"@type\":\"ListItem\",\"position\":2,\"name\":\"Hermosillo. Invita comuna sumarse a actividades por D\u00eda Internacional de la Mujer\"}]},{\"@type\":\"WebSite\",\"@id\":\"https:\/\/www.sonoraenequipo.com.mx\/#website\",\"url\":\"https:\/\/www.sonoraenequipo.com.mx\/\",\"name\":\"Sonora en Equipo.\",\"description\":\"Diario en l\u00ednea con Noticias desde Hermosillo, Sonora\",\"publisher\":{\"@id\":\"https:\/\/www.sonoraenequipo.com.mx\/#organization\"},\"potentialAction\":[{\"@type\":\"SearchAction\",\"target\":{\"@type\":\"EntryPoint\",\"urlTemplate\":\"https:\/\/www.sonoraenequipo.com.mx\/?s={search_term_string}\"},\"query-input\":{\"@type\":\"PropertyValueSpecification\",\"valueRequired\":true,\"valueName\":\"search_term_string\"}}],\"inLanguage\":\"es\"},{\"@type\":\"Organization\",\"@id\":\"https:\/\/www.sonoraenequipo.com.mx\/#organization\",\"name\":\"Sonoraenequipo.com.mx\",\"url\":\"https:\/\/www.sonoraenequipo.com.mx\/\",\"logo\":{\"@type\":\"ImageObject\",\"inLanguage\":\"es\",\"@id\":\"https:\/\/www.sonoraenequipo.com.mx\/#\/schema\/logo\/image\/\",\"url\":\"https:\/\/www.sonoraenequipo.com.mx\/storage\/2019\/01\/sonoraenequipo_opt.png\",\"contentUrl\":\"https:\/\/www.sonoraenequipo.com.mx\/storage\/2019\/01\/sonoraenequipo_opt.png\",\"width\":375,\"height\":125,\"caption\":\"Sonoraenequipo.com.mx\"},\"image\":{\"@id\":\"https:\/\/www.sonoraenequipo.com.mx\/#\/schema\/logo\/image\/\"},\"sameAs\":[\"https:\/\/www.facebook.com\/SonoraEE\/\",\"https:\/\/x.com\/sonoraenequipo\",\"https:\/\/www.youtube.com\/channel\/UC338nW-lPEYmJQs4ZABQ1SQ\"]},{\"@type\":\"Person\",\"@id\":\"https:\/\/www.sonoraenequipo.com.mx\/#\/schema\/person\/50102df0fb23a8fa9e8effad8fa81386\",\"name\":\"enequipo\",\"image\":{\"@type\":\"ImageObject\",\"inLanguage\":\"es\",\"@id\":\"https:\/\/www.sonoraenequipo.com.mx\/#\/schema\/person\/image\/\",\"url\":\"https:\/\/secure.gravatar.com\/avatar\/049821681b589dabc0bc20695993ccebb09f5b5d4d790cd9251b97faac7c652b?s=96&d=blank&r=g\",\"contentUrl\":\"https:\/\/secure.gravatar.com\/avatar\/049821681b589dabc0bc20695993ccebb09f5b5d4d790cd9251b97faac7c652b?s=96&d=blank&r=g\",\"caption\":\"enequipo\"},\"sameAs\":[\"https:\/\/www.facebook.com\/SonoraEE\"]}]}<\/script>\n ","yoast_head_json":{"title":"Sonora en Equipo. Hermosillo. Invita comuna sumarse a actividades por D\u00eda Internacional de la Mujer Municipios","description":"HERMOSILLO, SONORA, MX. \u2014 En reconocimiento a la lucha hist\u00f3rica de las mujeres por la igualdad de derechos, la justicia y su participaci\u00f3n plena en la En Sonora en Equipo publicamos toda la informaci\u00f3n de Sonora, M\u00e9xico y el Mundo de manera oportuna y busca que la libertad de expresi\u00f3n sea real. Visita nuestro medio informativo publicado desde Hermosillo, Sonora. %","robots":{"index":"index","follow":"follow","max-snippet":"max-snippet:-1","max-image-preview":"max-image-preview:large","max-video-preview":"max-video-preview:-1"},"canonical":"https:\/\/www.sonoraenequipo.com.mx\/hermosillo-invita-comuna-de-sumarse-a-actividades-por-dia-internacional-de-la-mujer\/","og_locale":"es_ES","og_type":"article","og_title":"Sonora en Equipo. Hermosillo. Invita comuna sumarse a actividades por D\u00eda Internacional de la Mujer Municipios","og_description":"HERMOSILLO, SONORA, MX. \u2014 En reconocimiento a la lucha hist\u00f3rica de las mujeres por la igualdad de derechos, la justicia y su participaci\u00f3n plena en la En Sonora en Equipo publicamos toda la informaci\u00f3n de Sonora, M\u00e9xico y el Mundo de manera oportuna y busca que la libertad de expresi\u00f3n sea real. Visita nuestro medio informativo publicado desde Hermosillo, Sonora. %","og_url":"https:\/\/www.sonoraenequipo.com.mx\/hermosillo-invita-comuna-de-sumarse-a-actividades-por-dia-internacional-de-la-mujer\/","og_site_name":"Sonora en Equipo.","article_publisher":"https:\/\/www.facebook.com\/SonoraEE\/","article_author":"https:\/\/www.facebook.com\/SonoraEE","article_published_time":"2026-03-04T04:25:31+00:00","article_modified_time":"2026-03-04T04:27:03+00:00","og_image":[{"width":600,"height":400,"url":"https:\/\/www.sonoraenequipo.com.mx\/storage\/2026\/03\/feria-mujer.jpg","type":"image\/jpeg"}],"author":"enequipo","twitter_card":"summary_large_image","twitter_creator":"@sonoraenequipo","twitter_site":"@sonoraenequipo","twitter_misc":{"Escrito por":"enequipo","Tiempo de lectura":"3 minutos"},"schema":{"@context":"https:\/\/schema.org","@graph":[{"@type":"Article","@id":"https:\/\/www.sonoraenequipo.com.mx\/hermosillo-invita-comuna-de-sumarse-a-actividades-por-dia-internacional-de-la-mujer\/#article","isPartOf":{"@id":"https:\/\/www.sonoraenequipo.com.mx\/hermosillo-invita-comuna-de-sumarse-a-actividades-por-dia-internacional-de-la-mujer\/"},"author":{"name":"enequipo","@id":"https:\/\/www.sonoraenequipo.com.mx\/#\/schema\/person\/50102df0fb23a8fa9e8effad8fa81386"},"headline":"Hermosillo. Invita comuna sumarse a actividades por D\u00eda Internacional de la Mujer","datePublished":"2026-03-04T04:25:31+00:00","dateModified":"2026-03-04T04:27:03+00:00","mainEntityOfPage":{"@id":"https:\/\/www.sonoraenequipo.com.mx\/hermosillo-invita-comuna-de-sumarse-a-actividades-por-dia-internacional-de-la-mujer\/"},"wordCount":598,"commentCount":0,"publisher":{"@id":"https:\/\/www.sonoraenequipo.com.mx\/#organization"},"image":{"@id":"https:\/\/www.sonoraenequipo.com.mx\/hermosillo-invita-comuna-de-sumarse-a-actividades-por-dia-internacional-de-la-mujer\/#primaryimage"},"thumbnailUrl":"https:\/\/www.sonoraenequipo.com.mx\/storage\/2026\/03\/feria-mujer.jpg","keywords":["d\u00eda mujer"],"articleSection":["Municipios"],"inLanguage":"es","potentialAction":[{"@type":"CommentAction","name":"Comment","target":["https:\/\/www.sonoraenequipo.com.mx\/hermosillo-invita-comuna-de-sumarse-a-actividades-por-dia-internacional-de-la-mujer\/#respond"]}]},{"@type":"WebPage","@id":"https:\/\/www.sonoraenequipo.com.mx\/hermosillo-invita-comuna-de-sumarse-a-actividades-por-dia-internacional-de-la-mujer\/","url":"https:\/\/www.sonoraenequipo.com.mx\/hermosillo-invita-comuna-de-sumarse-a-actividades-por-dia-internacional-de-la-mujer\/","name":"Sonora en Equipo. Hermosillo. Invita comuna sumarse a actividades por D\u00eda Internacional de la Mujer Municipios","isPartOf":{"@id":"https:\/\/www.sonoraenequipo.com.mx\/#website"},"primaryImageOfPage":{"@id":"https:\/\/www.sonoraenequipo.com.mx\/hermosillo-invita-comuna-de-sumarse-a-actividades-por-dia-internacional-de-la-mujer\/#primaryimage"},"image":{"@id":"https:\/\/www.sonoraenequipo.com.mx\/hermosillo-invita-comuna-de-sumarse-a-actividades-por-dia-internacional-de-la-mujer\/#primaryimage"},"thumbnailUrl":"https:\/\/www.sonoraenequipo.com.mx\/storage\/2026\/03\/feria-mujer.jpg","datePublished":"2026-03-04T04:25:31+00:00","dateModified":"2026-03-04T04:27:03+00:00","description":"HERMOSILLO, SONORA, MX. \u2014 En reconocimiento a la lucha hist\u00f3rica de las mujeres por la igualdad de derechos, la justicia y su participaci\u00f3n plena en la En Sonora en Equipo publicamos toda la informaci\u00f3n de Sonora, M\u00e9xico y el Mundo de manera oportuna y busca que la libertad de expresi\u00f3n sea real. Visita nuestro medio informativo publicado desde Hermosillo, Sonora. %","breadcrumb":{"@id":"https:\/\/www.sonoraenequipo.com.mx\/hermosillo-invita-comuna-de-sumarse-a-actividades-por-dia-internacional-de-la-mujer\/#breadcrumb"},"inLanguage":"es","potentialAction":[{"@type":"ReadAction","target":["https:\/\/www.sonoraenequipo.com.mx\/hermosillo-invita-comuna-de-sumarse-a-actividades-por-dia-internacional-de-la-mujer\/"]}]},{"@type":"ImageObject","inLanguage":"es","@id":"https:\/\/www.sonoraenequipo.com.mx\/hermosillo-invita-comuna-de-sumarse-a-actividades-por-dia-internacional-de-la-mujer\/#primaryimage","url":"https:\/\/www.sonoraenequipo.com.mx\/storage\/2026\/03\/feria-mujer.jpg","contentUrl":"https:\/\/www.sonoraenequipo.com.mx\/storage\/2026\/03\/feria-mujer.jpg","width":600,"height":400},{"@type":"BreadcrumbList","@id":"https:\/\/www.sonoraenequipo.com.mx\/hermosillo-invita-comuna-de-sumarse-a-actividades-por-dia-internacional-de-la-mujer\/#breadcrumb","itemListElement":[{"@type":"ListItem","position":1,"name":"Portada","item":"https:\/\/www.sonoraenequipo.com.mx\/"},{"@type":"ListItem","position":2,"name":"Hermosillo. Invita comuna sumarse a actividades por D\u00eda Internacional de la Mujer"}]},{"@type":"WebSite","@id":"https:\/\/www.sonoraenequipo.com.mx\/#website","url":"https:\/\/www.sonoraenequipo.com.mx\/","name":"Sonora en Equipo.","description":"Diario en l\u00ednea con Noticias desde Hermosillo, Sonora","publisher":{"@id":"https:\/\/www.sonoraenequipo.com.mx\/#organization"},"potentialAction":[{"@type":"SearchAction","target":{"@type":"EntryPoint","urlTemplate":"https:\/\/www.sonoraenequipo.com.mx\/?s={search_term_string}"},"query-input":{"@type":"PropertyValueSpecification","valueRequired":true,"valueName":"search_term_string"}}],"inLanguage":"es"},{"@type":"Organization","@id":"https:\/\/www.sonoraenequipo.com.mx\/#organization","name":"Sonoraenequipo.com.mx","url":"https:\/\/www.sonoraenequipo.com.mx\/","logo":{"@type":"ImageObject","inLanguage":"es","@id":"https:\/\/www.sonoraenequipo.com.mx\/#\/schema\/logo\/image\/","url":"https:\/\/www.sonoraenequipo.com.mx\/storage\/2019\/01\/sonoraenequipo_opt.png","contentUrl":"https:\/\/www.sonoraenequipo.com.mx\/storage\/2019\/01\/sonoraenequipo_opt.png","width":375,"height":125,"caption":"Sonoraenequipo.com.mx"},"image":{"@id":"https:\/\/www.sonoraenequipo.com.mx\/#\/schema\/logo\/image\/"},"sameAs":["https:\/\/www.facebook.com\/SonoraEE\/","https:\/\/x.com\/sonoraenequipo","https:\/\/www.youtube.com\/channel\/UC338nW-lPEYmJQs4ZABQ1SQ"]},{"@type":"Person","@id":"https:\/\/www.sonoraenequipo.com.mx\/#\/schema\/person\/50102df0fb23a8fa9e8effad8fa81386","name":"enequipo","image":{"@type":"ImageObject","inLanguage":"es","@id":"https:\/\/www.sonoraenequipo.com.mx\/#\/schema\/person\/image\/","url":"https:\/\/secure.gravatar.com\/avatar\/049821681b589dabc0bc20695993ccebb09f5b5d4d790cd9251b97faac7c652b?s=96&d=blank&r=g","contentUrl":"https:\/\/secure.gravatar.com\/avatar\/049821681b589dabc0bc20695993ccebb09f5b5d4d790cd9251b97faac7c652b?s=96&d=blank&r=g","caption":"enequipo"},"sameAs":["https:\/\/www.facebook.com\/SonoraEE"]}]}},"jetpack_featured_media_url":"https:\/\/www.sonoraenequipo.com.mx\/storage\/2026\/03\/feria-mujer.jpg","_links":{"self":[{"href":"https:\/\/www.sonoraenequipo.com.mx\/api\/wp\/v2\/posts\/236460","targetHints":{"allow":["GET"]}}],"collection":[{"href":"https:\/\/www.sonoraenequipo.com.mx\/api\/wp\/v2\/posts"}],"about":[{"href":"https:\/\/www.sonoraenequipo.com.mx\/api\/wp\/v2\/types\/post"}],"author":[{"embeddable":true,"href":"https:\/\/www.sonoraenequipo.com.mx\/api\/wp\/v2\/users\/1"}],"replies":[{"embeddable":true,"href":"https:\/\/www.sonoraenequipo.com.mx\/api\/wp\/v2\/comments?post=236460"}],"version-history":[{"count":2,"href":"https:\/\/www.sonoraenequipo.com.mx\/api\/wp\/v2\/posts\/236460\/revisions"}],"predecessor-version":[{"id":236463,"href":"https:\/\/www.sonoraenequipo.com.mx\/api\/wp\/v2\/posts\/236460\/revisions\/236463"}],"wp:featuredmedia":[{"embeddable":true,"href":"https:\/\/www.sonoraenequipo.com.mx\/api\/wp\/v2\/media\/236461"}],"wp:attachment":[{"href":"https:\/\/www.sonoraenequipo.com.mx\/api\/wp\/v2\/media?parent=236460"}],"wp:term":[{"taxonomy":"category","embeddable":true,"href":"https:\/\/www.sonoraenequipo.com.mx\/api\/wp\/v2\/categories?post=236460"},{"taxonomy":"post_tag","embeddable":true,"href":"https:\/\/www.sonoraenequipo.com.mx\/api\/wp\/v2\/tags?post=236460"}],"curies":[{"name":"wp","href":"https:\/\/api.w.org\/{rel}","templated":true}]}}