{"id":236468,"date":"2026-03-03T21:57:17","date_gmt":"2026-03-04T04:57:17","guid":{"rendered":"https:\/\/www.sonoraenequipo.com.mx\/?p=236468"},"modified":"2026-03-03T21:57:17","modified_gmt":"2026-03-04T04:57:17","slug":"cajeme-reconocen-comerciantes-de-autos-usados-respaldo-del-gobierno-municipal","status":"publish","type":"post","link":"https:\/\/www.sonoraenequipo.com.mx\/cajeme-reconocen-comerciantes-de-autos-usados-respaldo-del-gobierno-municipal\/","title":{"rendered":"Cajeme. Reconocen comerciantes de autos usados respaldo del gobierno municipal"},"content":{"rendered":"<p><strong>CAJEME, SONORA, MX. \u2014<\/strong> La Asociaci\u00f3n de Comerciantes de Autos Usados de Cajeme entreg\u00f3 un reconocimiento al Presidente Municipal, Javier Lamarque, por el apoyo brindado para fortalecer su actividad empresarial y contribuir al desarrollo econ\u00f3mico del municipio.<\/p>\n<p>&nbsp;<\/p>\n<p>Efr\u00e9n Rosas, representante de dicha asociaci\u00f3n, se\u00f1al\u00f3 que el respaldo institucional y las herramientas facilitadas por el Ayuntamiento han permitido dar mayor certeza y orden a su actividad como Asociaci\u00f3n de Autos Usados de Cajeme generando cientos de empleos directos e indirectos en el municipio.<\/p>\n<p>&nbsp;<\/p>\n<p>\u201cLa Asociaci\u00f3n de Comerciantes de Autos Usados de Ciudad Obreg\u00f3n se complace en hacer entrega al Presidente Municipal de un reconocimiento por el gran apoyo brindado para el desarrollo de nuestra actividad empresarial\u201d, expresaron.<\/p>\n<p>&nbsp;<\/p>\n<p>Durante el encuentro, integrantes de la agrupaci\u00f3n conformada por empresarios dedicados a la compra y venta de veh\u00edculos, destacaron que este sector impulsa la movilidad en Cajeme, adem\u00e1s de generar cientos de empleos directos bien remunerados y m\u00faltiples fuentes de trabajo indirectas, lo que impacta de manera positiva en la econom\u00eda local.<\/p>\n<p>&nbsp;<\/p>\n<p>Por su parte, Javier Lamarque agradeci\u00f3 la distinci\u00f3n y afirm\u00f3 que la atenci\u00f3n y el trabajo en equipo continuar\u00e1n, ahora con la llegada del nuevo Secretario de la SSPM, Capit\u00e1n Tenango, reiterando su compromiso de seguir trabajando por el bienestar de las y los cajemenses.<\/p>\n<p>&nbsp;<\/p>\n<p>Asimismo, durante el evento se hizo entrega de un reconocimiento al Contralmirante Claudio Cruz Hern\u00e1ndez, por su disposici\u00f3n y colaboraci\u00f3n en favor del sector.<\/p>\n<p><strong>Fecha de publicaci\u00f3n martes 3 de marzo de 2026<\/strong><\/p>\n","protected":false},"excerpt":{"rendered":"<p>CAJEME, SONORA, MX. \u2014 La Asociaci\u00f3n de Comerciantes de Autos Usados de Cajeme entreg\u00f3 un&#8230;<\/p>\n","protected":false},"author":1,"featured_media":236469,"comment_status":"open","ping_status":"open","sticky":false,"template":"","format":"standard","meta":{"_monsterinsights_skip_tracking":false,"_monsterinsights_sitenote_active":false,"_monsterinsights_sitenote_note":"","_monsterinsights_sitenote_category":0,"footnotes":""},"categories":[4],"tags":[3759,476,6511,12431,12430],"class_list":["post"],"yoast_head":" \n<title>Sonora en Equipo. Cajeme. Reconocen comerciantes de autos usados respaldo del gobierno municipal Municipios<\/title>\n<meta name=\"description\" content=\"CAJEME, SONORA, MX. \u2014 La Asociaci\u00f3n de Comerciantes de Autos Usados de Cajeme entreg\u00f3 un reconocimiento al Presidente Municipal, Javier Lamarque, por el En Sonora en Equipo publicamos toda la informaci\u00f3n de Sonora, M\u00e9xico y el Mundo de manera oportuna y busca que la libertad de expresi\u00f3n sea real. Visita nuestro medio informativo publicado desde Hermosillo, Sonora. %\" \/>\n<meta name=\"robots\" content=\"index, follow, max-snippet:-1, max-image-preview:large, max-video-preview:-1\" \/>\n<link rel=\"canonical\" href=\"https:\/\/www.sonoraenequipo.com.mx\/cajeme-reconocen-comerciantes-de-autos-usados-respaldo-del-gobierno-municipal\/\" \/>\n<meta property=\"og:locale\" content=\"es_ES\" \/>\n<meta property=\"og:type\" content=\"article\" \/>\n<meta property=\"og:title\" content=\"Sonora en Equipo. Cajeme. Reconocen comerciantes de autos usados respaldo del gobierno municipal Municipios\" \/>\n<meta property=\"og:description\" content=\"CAJEME, SONORA, MX. \u2014 La Asociaci\u00f3n de Comerciantes de Autos Usados de Cajeme entreg\u00f3 un reconocimiento al Presidente Municipal, Javier Lamarque, por el En Sonora en Equipo publicamos toda la informaci\u00f3n de Sonora, M\u00e9xico y el Mundo de manera oportuna y busca que la libertad de expresi\u00f3n sea real. Visita nuestro medio informativo publicado desde Hermosillo, Sonora. %\" \/>\n<meta property=\"og:url\" content=\"https:\/\/www.sonoraenequipo.com.mx\/cajeme-reconocen-comerciantes-de-autos-usados-respaldo-del-gobierno-municipal\/\" \/>\n<meta property=\"og:site_name\" content=\"Sonora en Equipo.\" \/>\n<meta property=\"article:publisher\" content=\"https:\/\/www.facebook.com\/SonoraEE\/\" \/>\n<meta property=\"article:author\" content=\"https:\/\/www.facebook.com\/SonoraEE\" \/>\n<meta property=\"article:published_time\" content=\"2026-03-04T04:57:17+00:00\" \/>\n<meta property=\"og:image\" content=\"https:\/\/www.sonoraenequipo.com.mx\/storage\/2026\/03\/lamarque-reconocimiento-autos.jpg\" \/>\n\t<meta property=\"og:image:width\" content=\"600\" \/>\n\t<meta property=\"og:image:height\" content=\"400\" \/>\n\t<meta property=\"og:image:type\" content=\"image\/jpeg\" \/>\n<meta name=\"author\" content=\"enequipo\" \/>\n<meta name=\"twitter:card\" content=\"summary_large_image\" \/>\n<meta name=\"twitter:creator\" content=\"@sonoraenequipo\" \/>\n<meta name=\"twitter:site\" content=\"@sonoraenequipo\" \/>\n<meta name=\"twitter:label1\" content=\"Escrito por\" \/>\n\t<meta name=\"twitter:data1\" content=\"enequipo\" \/>\n\t<meta name=\"twitter:label2\" content=\"Tiempo de lectura\" \/>\n\t<meta name=\"twitter:data2\" content=\"1 minuto\" \/>\n<script type=\"application\/ld+json\" class=\"yoast-schema-graph\">{\"@context\":\"https:\/\/schema.org\",\"@graph\":[{\"@type\":\"Article\",\"@id\":\"https:\/\/www.sonoraenequipo.com.mx\/cajeme-reconocen-comerciantes-de-autos-usados-respaldo-del-gobierno-municipal\/#article\",\"isPartOf\":{\"@id\":\"https:\/\/www.sonoraenequipo.com.mx\/cajeme-reconocen-comerciantes-de-autos-usados-respaldo-del-gobierno-municipal\/\"},\"author\":{\"name\":\"enequipo\",\"@id\":\"https:\/\/www.sonoraenequipo.com.mx\/#\/schema\/person\/50102df0fb23a8fa9e8effad8fa81386\"},\"headline\":\"Cajeme. Reconocen comerciantes de autos usados respaldo del gobierno municipal\",\"datePublished\":\"2026-03-04T04:57:17+00:00\",\"mainEntityOfPage\":{\"@id\":\"https:\/\/www.sonoraenequipo.com.mx\/cajeme-reconocen-comerciantes-de-autos-usados-respaldo-del-gobierno-municipal\/\"},\"wordCount\":279,\"commentCount\":0,\"publisher\":{\"@id\":\"https:\/\/www.sonoraenequipo.com.mx\/#organization\"},\"image\":{\"@id\":\"https:\/\/www.sonoraenequipo.com.mx\/cajeme-reconocen-comerciantes-de-autos-usados-respaldo-del-gobierno-municipal\/#primaryimage\"},\"thumbnailUrl\":\"https:\/\/www.sonoraenequipo.com.mx\/storage\/2026\/03\/lamarque-reconocimiento-autos.jpg\",\"keywords\":[\"autos\",\"Cajeme\",\"lamarque\",\"usados\",\"vendedores\"],\"articleSection\":[\"Municipios\"],\"inLanguage\":\"es\",\"potentialAction\":[{\"@type\":\"CommentAction\",\"name\":\"Comment\",\"target\":[\"https:\/\/www.sonoraenequipo.com.mx\/cajeme-reconocen-comerciantes-de-autos-usados-respaldo-del-gobierno-municipal\/#respond\"]}]},{\"@type\":\"WebPage\",\"@id\":\"https:\/\/www.sonoraenequipo.com.mx\/cajeme-reconocen-comerciantes-de-autos-usados-respaldo-del-gobierno-municipal\/\",\"url\":\"https:\/\/www.sonoraenequipo.com.mx\/cajeme-reconocen-comerciantes-de-autos-usados-respaldo-del-gobierno-municipal\/\",\"name\":\"Sonora en Equipo. Cajeme. Reconocen comerciantes de autos usados respaldo del gobierno municipal Municipios\",\"isPartOf\":{\"@id\":\"https:\/\/www.sonoraenequipo.com.mx\/#website\"},\"primaryImageOfPage\":{\"@id\":\"https:\/\/www.sonoraenequipo.com.mx\/cajeme-reconocen-comerciantes-de-autos-usados-respaldo-del-gobierno-municipal\/#primaryimage\"},\"image\":{\"@id\":\"https:\/\/www.sonoraenequipo.com.mx\/cajeme-reconocen-comerciantes-de-autos-usados-respaldo-del-gobierno-municipal\/#primaryimage\"},\"thumbnailUrl\":\"https:\/\/www.sonoraenequipo.com.mx\/storage\/2026\/03\/lamarque-reconocimiento-autos.jpg\",\"datePublished\":\"2026-03-04T04:57:17+00:00\",\"description\":\"CAJEME, SONORA, MX. \u2014 La Asociaci\u00f3n de Comerciantes de Autos Usados de Cajeme entreg\u00f3 un reconocimiento al Presidente Municipal, Javier Lamarque, por el En Sonora en Equipo publicamos toda la informaci\u00f3n de Sonora, M\u00e9xico y el Mundo de manera oportuna y busca que la libertad de expresi\u00f3n sea real. Visita nuestro medio informativo publicado desde Hermosillo, Sonora. %\",\"breadcrumb\":{\"@id\":\"https:\/\/www.sonoraenequipo.com.mx\/cajeme-reconocen-comerciantes-de-autos-usados-respaldo-del-gobierno-municipal\/#breadcrumb\"},\"inLanguage\":\"es\",\"potentialAction\":[{\"@type\":\"ReadAction\",\"target\":[\"https:\/\/www.sonoraenequipo.com.mx\/cajeme-reconocen-comerciantes-de-autos-usados-respaldo-del-gobierno-municipal\/\"]}]},{\"@type\":\"ImageObject\",\"inLanguage\":\"es\",\"@id\":\"https:\/\/www.sonoraenequipo.com.mx\/cajeme-reconocen-comerciantes-de-autos-usados-respaldo-del-gobierno-municipal\/#primaryimage\",\"url\":\"https:\/\/www.sonoraenequipo.com.mx\/storage\/2026\/03\/lamarque-reconocimiento-autos.jpg\",\"contentUrl\":\"https:\/\/www.sonoraenequipo.com.mx\/storage\/2026\/03\/lamarque-reconocimiento-autos.jpg\",\"width\":600,\"height\":400},{\"@type\":\"BreadcrumbList\",\"@id\":\"https:\/\/www.sonoraenequipo.com.mx\/cajeme-reconocen-comerciantes-de-autos-usados-respaldo-del-gobierno-municipal\/#breadcrumb\",\"itemListElement\":[{\"@type\":\"ListItem\",\"position\":1,\"name\":\"Portada\",\"item\":\"https:\/\/www.sonoraenequipo.com.mx\/\"},{\"@type\":\"ListItem\",\"position\":2,\"name\":\"Cajeme. Reconocen comerciantes de autos usados respaldo del gobierno municipal\"}]},{\"@type\":\"WebSite\",\"@id\":\"https:\/\/www.sonoraenequipo.com.mx\/#website\",\"url\":\"https:\/\/www.sonoraenequipo.com.mx\/\",\"name\":\"Sonora en Equipo.\",\"description\":\"Diario en l\u00ednea con Noticias desde Hermosillo, Sonora\",\"publisher\":{\"@id\":\"https:\/\/www.sonoraenequipo.com.mx\/#organization\"},\"potentialAction\":[{\"@type\":\"SearchAction\",\"target\":{\"@type\":\"EntryPoint\",\"urlTemplate\":\"https:\/\/www.sonoraenequipo.com.mx\/?s={search_term_string}\"},\"query-input\":{\"@type\":\"PropertyValueSpecification\",\"valueRequired\":true,\"valueName\":\"search_term_string\"}}],\"inLanguage\":\"es\"},{\"@type\":\"Organization\",\"@id\":\"https:\/\/www.sonoraenequipo.com.mx\/#organization\",\"name\":\"Sonoraenequipo.com.mx\",\"url\":\"https:\/\/www.sonoraenequipo.com.mx\/\",\"logo\":{\"@type\":\"ImageObject\",\"inLanguage\":\"es\",\"@id\":\"https:\/\/www.sonoraenequipo.com.mx\/#\/schema\/logo\/image\/\",\"url\":\"https:\/\/www.sonoraenequipo.com.mx\/storage\/2019\/01\/sonoraenequipo_opt.png\",\"contentUrl\":\"https:\/\/www.sonoraenequipo.com.mx\/storage\/2019\/01\/sonoraenequipo_opt.png\",\"width\":375,\"height\":125,\"caption\":\"Sonoraenequipo.com.mx\"},\"image\":{\"@id\":\"https:\/\/www.sonoraenequipo.com.mx\/#\/schema\/logo\/image\/\"},\"sameAs\":[\"https:\/\/www.facebook.com\/SonoraEE\/\",\"https:\/\/x.com\/sonoraenequipo\",\"https:\/\/www.youtube.com\/channel\/UC338nW-lPEYmJQs4ZABQ1SQ\"]},{\"@type\":\"Person\",\"@id\":\"https:\/\/www.sonoraenequipo.com.mx\/#\/schema\/person\/50102df0fb23a8fa9e8effad8fa81386\",\"name\":\"enequipo\",\"image\":{\"@type\":\"ImageObject\",\"inLanguage\":\"es\",\"@id\":\"https:\/\/www.sonoraenequipo.com.mx\/#\/schema\/person\/image\/\",\"url\":\"https:\/\/secure.gravatar.com\/avatar\/049821681b589dabc0bc20695993ccebb09f5b5d4d790cd9251b97faac7c652b?s=96&d=blank&r=g\",\"contentUrl\":\"https:\/\/secure.gravatar.com\/avatar\/049821681b589dabc0bc20695993ccebb09f5b5d4d790cd9251b97faac7c652b?s=96&d=blank&r=g\",\"caption\":\"enequipo\"},\"sameAs\":[\"https:\/\/www.facebook.com\/SonoraEE\"]}]}<\/script>\n ","yoast_head_json":{"title":"Sonora en Equipo. Cajeme. Reconocen comerciantes de autos usados respaldo del gobierno municipal Municipios","description":"CAJEME, SONORA, MX. \u2014 La Asociaci\u00f3n de Comerciantes de Autos Usados de Cajeme entreg\u00f3 un reconocimiento al Presidente Municipal, Javier Lamarque, por el En Sonora en Equipo publicamos toda la informaci\u00f3n de Sonora, M\u00e9xico y el Mundo de manera oportuna y busca que la libertad de expresi\u00f3n sea real. Visita nuestro medio informativo publicado desde Hermosillo, Sonora. %","robots":{"index":"index","follow":"follow","max-snippet":"max-snippet:-1","max-image-preview":"max-image-preview:large","max-video-preview":"max-video-preview:-1"},"canonical":"https:\/\/www.sonoraenequipo.com.mx\/cajeme-reconocen-comerciantes-de-autos-usados-respaldo-del-gobierno-municipal\/","og_locale":"es_ES","og_type":"article","og_title":"Sonora en Equipo. Cajeme. Reconocen comerciantes de autos usados respaldo del gobierno municipal Municipios","og_description":"CAJEME, SONORA, MX. \u2014 La Asociaci\u00f3n de Comerciantes de Autos Usados de Cajeme entreg\u00f3 un reconocimiento al Presidente Municipal, Javier Lamarque, por el En Sonora en Equipo publicamos toda la informaci\u00f3n de Sonora, M\u00e9xico y el Mundo de manera oportuna y busca que la libertad de expresi\u00f3n sea real. Visita nuestro medio informativo publicado desde Hermosillo, Sonora. %","og_url":"https:\/\/www.sonoraenequipo.com.mx\/cajeme-reconocen-comerciantes-de-autos-usados-respaldo-del-gobierno-municipal\/","og_site_name":"Sonora en Equipo.","article_publisher":"https:\/\/www.facebook.com\/SonoraEE\/","article_author":"https:\/\/www.facebook.com\/SonoraEE","article_published_time":"2026-03-04T04:57:17+00:00","og_image":[{"width":600,"height":400,"url":"https:\/\/www.sonoraenequipo.com.mx\/storage\/2026\/03\/lamarque-reconocimiento-autos.jpg","type":"image\/jpeg"}],"author":"enequipo","twitter_card":"summary_large_image","twitter_creator":"@sonoraenequipo","twitter_site":"@sonoraenequipo","twitter_misc":{"Escrito por":"enequipo","Tiempo de lectura":"1 minuto"},"schema":{"@context":"https:\/\/schema.org","@graph":[{"@type":"Article","@id":"https:\/\/www.sonoraenequipo.com.mx\/cajeme-reconocen-comerciantes-de-autos-usados-respaldo-del-gobierno-municipal\/#article","isPartOf":{"@id":"https:\/\/www.sonoraenequipo.com.mx\/cajeme-reconocen-comerciantes-de-autos-usados-respaldo-del-gobierno-municipal\/"},"author":{"name":"enequipo","@id":"https:\/\/www.sonoraenequipo.com.mx\/#\/schema\/person\/50102df0fb23a8fa9e8effad8fa81386"},"headline":"Cajeme. Reconocen comerciantes de autos usados respaldo del gobierno municipal","datePublished":"2026-03-04T04:57:17+00:00","mainEntityOfPage":{"@id":"https:\/\/www.sonoraenequipo.com.mx\/cajeme-reconocen-comerciantes-de-autos-usados-respaldo-del-gobierno-municipal\/"},"wordCount":279,"commentCount":0,"publisher":{"@id":"https:\/\/www.sonoraenequipo.com.mx\/#organization"},"image":{"@id":"https:\/\/www.sonoraenequipo.com.mx\/cajeme-reconocen-comerciantes-de-autos-usados-respaldo-del-gobierno-municipal\/#primaryimage"},"thumbnailUrl":"https:\/\/www.sonoraenequipo.com.mx\/storage\/2026\/03\/lamarque-reconocimiento-autos.jpg","keywords":["autos","Cajeme","lamarque","usados","vendedores"],"articleSection":["Municipios"],"inLanguage":"es","potentialAction":[{"@type":"CommentAction","name":"Comment","target":["https:\/\/www.sonoraenequipo.com.mx\/cajeme-reconocen-comerciantes-de-autos-usados-respaldo-del-gobierno-municipal\/#respond"]}]},{"@type":"WebPage","@id":"https:\/\/www.sonoraenequipo.com.mx\/cajeme-reconocen-comerciantes-de-autos-usados-respaldo-del-gobierno-municipal\/","url":"https:\/\/www.sonoraenequipo.com.mx\/cajeme-reconocen-comerciantes-de-autos-usados-respaldo-del-gobierno-municipal\/","name":"Sonora en Equipo. Cajeme. Reconocen comerciantes de autos usados respaldo del gobierno municipal Municipios","isPartOf":{"@id":"https:\/\/www.sonoraenequipo.com.mx\/#website"},"primaryImageOfPage":{"@id":"https:\/\/www.sonoraenequipo.com.mx\/cajeme-reconocen-comerciantes-de-autos-usados-respaldo-del-gobierno-municipal\/#primaryimage"},"image":{"@id":"https:\/\/www.sonoraenequipo.com.mx\/cajeme-reconocen-comerciantes-de-autos-usados-respaldo-del-gobierno-municipal\/#primaryimage"},"thumbnailUrl":"https:\/\/www.sonoraenequipo.com.mx\/storage\/2026\/03\/lamarque-reconocimiento-autos.jpg","datePublished":"2026-03-04T04:57:17+00:00","description":"CAJEME, SONORA, MX. \u2014 La Asociaci\u00f3n de Comerciantes de Autos Usados de Cajeme entreg\u00f3 un reconocimiento al Presidente Municipal, Javier Lamarque, por el En Sonora en Equipo publicamos toda la informaci\u00f3n de Sonora, M\u00e9xico y el Mundo de manera oportuna y busca que la libertad de expresi\u00f3n sea real. Visita nuestro medio informativo publicado desde Hermosillo, Sonora. %","breadcrumb":{"@id":"https:\/\/www.sonoraenequipo.com.mx\/cajeme-reconocen-comerciantes-de-autos-usados-respaldo-del-gobierno-municipal\/#breadcrumb"},"inLanguage":"es","potentialAction":[{"@type":"ReadAction","target":["https:\/\/www.sonoraenequipo.com.mx\/cajeme-reconocen-comerciantes-de-autos-usados-respaldo-del-gobierno-municipal\/"]}]},{"@type":"ImageObject","inLanguage":"es","@id":"https:\/\/www.sonoraenequipo.com.mx\/cajeme-reconocen-comerciantes-de-autos-usados-respaldo-del-gobierno-municipal\/#primaryimage","url":"https:\/\/www.sonoraenequipo.com.mx\/storage\/2026\/03\/lamarque-reconocimiento-autos.jpg","contentUrl":"https:\/\/www.sonoraenequipo.com.mx\/storage\/2026\/03\/lamarque-reconocimiento-autos.jpg","width":600,"height":400},{"@type":"BreadcrumbList","@id":"https:\/\/www.sonoraenequipo.com.mx\/cajeme-reconocen-comerciantes-de-autos-usados-respaldo-del-gobierno-municipal\/#breadcrumb","itemListElement":[{"@type":"ListItem","position":1,"name":"Portada","item":"https:\/\/www.sonoraenequipo.com.mx\/"},{"@type":"ListItem","position":2,"name":"Cajeme. Reconocen comerciantes de autos usados respaldo del gobierno municipal"}]},{"@type":"WebSite","@id":"https:\/\/www.sonoraenequipo.com.mx\/#website","url":"https:\/\/www.sonoraenequipo.com.mx\/","name":"Sonora en Equipo.","description":"Diario en l\u00ednea con Noticias desde Hermosillo, Sonora","publisher":{"@id":"https:\/\/www.sonoraenequipo.com.mx\/#organization"},"potentialAction":[{"@type":"SearchAction","target":{"@type":"EntryPoint","urlTemplate":"https:\/\/www.sonoraenequipo.com.mx\/?s={search_term_string}"},"query-input":{"@type":"PropertyValueSpecification","valueRequired":true,"valueName":"search_term_string"}}],"inLanguage":"es"},{"@type":"Organization","@id":"https:\/\/www.sonoraenequipo.com.mx\/#organization","name":"Sonoraenequipo.com.mx","url":"https:\/\/www.sonoraenequipo.com.mx\/","logo":{"@type":"ImageObject","inLanguage":"es","@id":"https:\/\/www.sonoraenequipo.com.mx\/#\/schema\/logo\/image\/","url":"https:\/\/www.sonoraenequipo.com.mx\/storage\/2019\/01\/sonoraenequipo_opt.png","contentUrl":"https:\/\/www.sonoraenequipo.com.mx\/storage\/2019\/01\/sonoraenequipo_opt.png","width":375,"height":125,"caption":"Sonoraenequipo.com.mx"},"image":{"@id":"https:\/\/www.sonoraenequipo.com.mx\/#\/schema\/logo\/image\/"},"sameAs":["https:\/\/www.facebook.com\/SonoraEE\/","https:\/\/x.com\/sonoraenequipo","https:\/\/www.youtube.com\/channel\/UC338nW-lPEYmJQs4ZABQ1SQ"]},{"@type":"Person","@id":"https:\/\/www.sonoraenequipo.com.mx\/#\/schema\/person\/50102df0fb23a8fa9e8effad8fa81386","name":"enequipo","image":{"@type":"ImageObject","inLanguage":"es","@id":"https:\/\/www.sonoraenequipo.com.mx\/#\/schema\/person\/image\/","url":"https:\/\/secure.gravatar.com\/avatar\/049821681b589dabc0bc20695993ccebb09f5b5d4d790cd9251b97faac7c652b?s=96&d=blank&r=g","contentUrl":"https:\/\/secure.gravatar.com\/avatar\/049821681b589dabc0bc20695993ccebb09f5b5d4d790cd9251b97faac7c652b?s=96&d=blank&r=g","caption":"enequipo"},"sameAs":["https:\/\/www.facebook.com\/SonoraEE"]}]}},"jetpack_featured_media_url":"https:\/\/www.sonoraenequipo.com.mx\/storage\/2026\/03\/lamarque-reconocimiento-autos.jpg","_links":{"self":[{"href":"https:\/\/www.sonoraenequipo.com.mx\/api\/wp\/v2\/posts\/236468","targetHints":{"allow":["GET"]}}],"collection":[{"href":"https:\/\/www.sonoraenequipo.com.mx\/api\/wp\/v2\/posts"}],"about":[{"href":"https:\/\/www.sonoraenequipo.com.mx\/api\/wp\/v2\/types\/post"}],"author":[{"embeddable":true,"href":"https:\/\/www.sonoraenequipo.com.mx\/api\/wp\/v2\/users\/1"}],"replies":[{"embeddable":true,"href":"https:\/\/www.sonoraenequipo.com.mx\/api\/wp\/v2\/comments?post=236468"}],"version-history":[{"count":1,"href":"https:\/\/www.sonoraenequipo.com.mx\/api\/wp\/v2\/posts\/236468\/revisions"}],"predecessor-version":[{"id":236470,"href":"https:\/\/www.sonoraenequipo.com.mx\/api\/wp\/v2\/posts\/236468\/revisions\/236470"}],"wp:featuredmedia":[{"embeddable":true,"href":"https:\/\/www.sonoraenequipo.com.mx\/api\/wp\/v2\/media\/236469"}],"wp:attachment":[{"href":"https:\/\/www.sonoraenequipo.com.mx\/api\/wp\/v2\/media?parent=236468"}],"wp:term":[{"taxonomy":"category","embeddable":true,"href":"https:\/\/www.sonoraenequipo.com.mx\/api\/wp\/v2\/categories?post=236468"},{"taxonomy":"post_tag","embeddable":true,"href":"https:\/\/www.sonoraenequipo.com.mx\/api\/wp\/v2\/tags?post=236468"}],"curies":[{"name":"wp","href":"https:\/\/api.w.org\/{rel}","templated":true}]}}