{"id":236475,"date":"2026-03-04T08:00:48","date_gmt":"2026-03-04T15:00:48","guid":{"rendered":"https:\/\/www.sonoraenequipo.com.mx\/?p=236475"},"modified":"2026-03-04T09:18:12","modified_gmt":"2026-03-04T16:18:12","slug":"gobierno-de-sonora-invita-al-festival-biocultural-por-el-primer-aniversario-del-bosque-urbano-la-sauceda","status":"publish","type":"post","link":"https:\/\/www.sonoraenequipo.com.mx\/gobierno-de-sonora-invita-al-festival-biocultural-por-el-primer-aniversario-del-bosque-urbano-la-sauceda\/","title":{"rendered":"Gobierno de Sonora invita al Festival Biocultural por el Primer Aniversario del Bosque Urbano La Sauceda"},"content":{"rendered":"<p><strong>HERMOSILLO, SONORA. MX. \u2014\u00a0<\/strong> El Gobierno de Sonora invita a la ciudadan\u00eda a celebrar el primer aniversario del Bosque Urbano La Sauceda con el Festival Biocultural, que se llevar\u00e1 a cabo los d\u00edas 20, 21 y 22 de marzo de 2026, como una gran celebraci\u00f3n comunitaria que integra arte, naturaleza, deporte y participaci\u00f3n ciudadana.<\/p>\n<p>&nbsp;<\/p>\n<p>&nbsp;<\/p>\n<p> <\/p>\n<p>El viernes 20 de marzo las actividades iniciar\u00e1n a partir de las 16:00 horas; el s\u00e1bado 21 y domingo 22 la programaci\u00f3n comenzar\u00e1 desde temprano y se extender\u00e1 hasta las 21:00 horas, ofreciendo tres d\u00edas de experiencias culturales, ambientales y recreativas para toda la familia.<\/p>\n<p>&nbsp;<\/p>\n<p>&nbsp;<\/p>\n<h3>Durante el festival, el Bosque Urbano La Sauceda se transformar\u00e1 en un gran punto de encuentro con actividades distribuidas en distintos espacios:<\/h3>\n<p>&nbsp;<\/p>\n<p>&nbsp;<\/p>\n<p><strong>* Foro al Aire Libre: escenario principal donde el talento local y estatal llenar\u00e1 el ambiente de m\u00fasica y presentaciones art\u00edsticas, generando momentos de convivencia y celebraci\u00f3n en comunidad.<\/strong><\/p>\n<p>&nbsp;<\/p>\n<p><strong>* Forito: espacio dedicado a las infancias, con talleres, teatro infantil y cuentacuentos que promueven la creatividad, el aprendizaje y la diversi\u00f3n en un entorno seguro y familiar.<\/strong><\/p>\n<p>&nbsp;<\/p>\n<p><strong>* Pabell\u00f3n Kin\u00e9tico: sede de presentaciones de libros y charlas culturales que invitan al di\u00e1logo, la reflexi\u00f3n y el intercambio de ideas.<\/strong><\/p>\n<p>&nbsp;<\/p>\n<p><strong>* Laboratorio de Educaci\u00f3n Ambiental: espacio de \u201cEconversando\u201d, donde se abordar\u00e1n distintos temas medioambientales, adem\u00e1s de realizar donaci\u00f3n de plantas, charlas y actividades enfocadas en fortalecer la conciencia ecol\u00f3gica.<\/strong><\/p>\n<p>&nbsp;<\/p>\n<p><strong>* Palapas de Carrizo: que ser\u00e1n inauguradas el viernes, y a partir de ese momento funcionar\u00e1n como sede de talleres ambientales y diversas actividades formativas durante los tres d\u00edas del festival.<\/strong><\/p>\n<p>&nbsp;<\/p>\n<p><strong>* Kiosco Central: punto de encuentro para talleres y charlas abiertas al p\u00fablico.<\/strong><\/p>\n<p>&nbsp;<\/p>\n<p><strong>* Andador: donde se instalar\u00e1 un bazar cultural con emprendedores locales, as\u00ed como stands informativos y educativos de asociaciones, clubs e instituciones.<\/strong><\/p>\n<p>&nbsp;<\/p>\n<p><img loading=\"lazy\" decoding=\"async\" class=\"x-left size-full \" src=\"https:\/\/www.sonoraenequipo.com.mx\/storage\/2026\/03\/Siembra-y-germinacion-de-plantas-nativs-el-21.jpg\" alt=\"\" width=\"1000\" height=\"1250\" \/>El programa tambi\u00e9n contempla recorridos guiados por el Bosque Urbano La Sauceda y un recorrido especial por el Cerro de la Cementera, promoviendo el conocimiento del entorno natural y la apropiaci\u00f3n responsable de este espacio.<\/p>\n<p>&nbsp;<\/p>\n<p>&nbsp;<\/p>\n<p>Asimismo, durante el festival se inaugurar\u00e1 la nueva trotapista del Bosque Urbano La Sauceda, la cual albergar\u00e1 su primera carrera: el 14\u00ba Medio Marat\u00f3n de Hermosillo, integrando el deporte a esta celebraci\u00f3n que une bienestar, comunidad y naturaleza.<\/p>\n<p>&nbsp;<\/p>\n<p>&nbsp;<\/p>\n<p>&nbsp;<\/p>\n<p><img loading=\"lazy\" decoding=\"async\" class=\"size-full  x-center\" src=\"https:\/\/www.sonoraenequipo.com.mx\/storage\/2026\/03\/BANDA-SINFONICA.EL-21.jpg\" alt=\"\" width=\"1000\" height=\"1250\" \/>El Gobierno de Sonora invita a las familias sonorenses a ser parte de esta gran fiesta ciudadana, un espacio de sana convivencia donde el arte, la cultura y el respeto por el medio ambiente fortalecen el tejido social y consolidan al Bosque Urbano La Sauceda como un espacio vivo, incluyente y para todas y todos.<\/p>\n<p>&nbsp;<\/p>\n<p>&nbsp;<\/p>\n<p>PUBLICADO EL 03 MARZO DE 2026 Con informaci\u00f3n de GOBSON 0326\/031)<\/p>\n","protected":false},"excerpt":{"rendered":"<p>HERMOSILLO, SONORA. MX. \u2014\u00a0 El Gobierno de Sonora invita a la ciudadan\u00eda a celebrar el&#8230;<\/p>\n","protected":false},"author":1,"featured_media":236477,"comment_status":"open","ping_status":"open","sticky":false,"template":"","format":"standard","meta":{"_monsterinsights_skip_tracking":false,"_monsterinsights_sitenote_active":false,"_monsterinsights_sitenote_note":"","_monsterinsights_sitenote_category":0,"footnotes":""},"categories":[22],"tags":[],"class_list":["post"],"yoast_head":" \n<title>Sonora en Equipo. Gobierno de Sonora invita al Festival Biocultural por el Primer Aniversario del Bosque Urbano La Sauceda Sonora<\/title>\n<meta name=\"description\" content=\"HERMOSILLO, SONORA. MX. \u2014\u00a0 El Gobierno de Sonora invita a la ciudadan\u00eda a celebrar el primer aniversario del Bosque Urbano La Sauceda con el Festival En Sonora en Equipo publicamos toda la informaci\u00f3n de Sonora, M\u00e9xico y el Mundo de manera oportuna y busca que la libertad de expresi\u00f3n sea real. Visita nuestro medio informativo publicado desde Hermosillo, Sonora. %\" \/>\n<meta name=\"robots\" content=\"index, follow, max-snippet:-1, max-image-preview:large, max-video-preview:-1\" \/>\n<link rel=\"canonical\" href=\"https:\/\/www.sonoraenequipo.com.mx\/gobierno-de-sonora-invita-al-festival-biocultural-por-el-primer-aniversario-del-bosque-urbano-la-sauceda\/\" \/>\n<meta property=\"og:locale\" content=\"es_ES\" \/>\n<meta property=\"og:type\" content=\"article\" \/>\n<meta property=\"og:title\" content=\"Sonora en Equipo. Gobierno de Sonora invita al Festival Biocultural por el Primer Aniversario del Bosque Urbano La Sauceda Sonora\" \/>\n<meta property=\"og:description\" content=\"HERMOSILLO, SONORA. MX. \u2014\u00a0 El Gobierno de Sonora invita a la ciudadan\u00eda a celebrar el primer aniversario del Bosque Urbano La Sauceda con el Festival En Sonora en Equipo publicamos toda la informaci\u00f3n de Sonora, M\u00e9xico y el Mundo de manera oportuna y busca que la libertad de expresi\u00f3n sea real. Visita nuestro medio informativo publicado desde Hermosillo, Sonora. %\" \/>\n<meta property=\"og:url\" content=\"https:\/\/www.sonoraenequipo.com.mx\/gobierno-de-sonora-invita-al-festival-biocultural-por-el-primer-aniversario-del-bosque-urbano-la-sauceda\/\" \/>\n<meta property=\"og:site_name\" content=\"Sonora en Equipo.\" \/>\n<meta property=\"article:publisher\" content=\"https:\/\/www.facebook.com\/SonoraEE\/\" \/>\n<meta property=\"article:author\" content=\"https:\/\/www.facebook.com\/SonoraEE\" \/>\n<meta property=\"article:published_time\" content=\"2026-03-04T15:00:48+00:00\" \/>\n<meta property=\"article:modified_time\" content=\"2026-03-04T16:18:12+00:00\" \/>\n<meta property=\"og:image\" content=\"https:\/\/www.sonoraenequipo.com.mx\/storage\/2026\/03\/festival-cultural-del-20-al-22-de-marzo.jpg\" \/>\n\t<meta property=\"og:image:width\" content=\"1000\" \/>\n\t<meta property=\"og:image:height\" content=\"1250\" \/>\n\t<meta property=\"og:image:type\" content=\"image\/jpeg\" \/>\n<meta name=\"author\" content=\"enequipo\" \/>\n<meta name=\"twitter:card\" content=\"summary_large_image\" \/>\n<meta name=\"twitter:creator\" content=\"@sonoraenequipo\" \/>\n<meta name=\"twitter:site\" content=\"@sonoraenequipo\" \/>\n<meta name=\"twitter:label1\" content=\"Escrito por\" \/>\n\t<meta name=\"twitter:data1\" content=\"enequipo\" \/>\n\t<meta name=\"twitter:label2\" content=\"Tiempo de lectura\" \/>\n\t<meta name=\"twitter:data2\" content=\"2 minutos\" \/>\n<script type=\"application\/ld+json\" class=\"yoast-schema-graph\">{\"@context\":\"https:\/\/schema.org\",\"@graph\":[{\"@type\":\"Article\",\"@id\":\"https:\/\/www.sonoraenequipo.com.mx\/gobierno-de-sonora-invita-al-festival-biocultural-por-el-primer-aniversario-del-bosque-urbano-la-sauceda\/#article\",\"isPartOf\":{\"@id\":\"https:\/\/www.sonoraenequipo.com.mx\/gobierno-de-sonora-invita-al-festival-biocultural-por-el-primer-aniversario-del-bosque-urbano-la-sauceda\/\"},\"author\":{\"name\":\"enequipo\",\"@id\":\"https:\/\/www.sonoraenequipo.com.mx\/#\/schema\/person\/50102df0fb23a8fa9e8effad8fa81386\"},\"headline\":\"Gobierno de Sonora invita al Festival Biocultural por el Primer Aniversario del Bosque Urbano La Sauceda\",\"datePublished\":\"2026-03-04T15:00:48+00:00\",\"dateModified\":\"2026-03-04T16:18:12+00:00\",\"mainEntityOfPage\":{\"@id\":\"https:\/\/www.sonoraenequipo.com.mx\/gobierno-de-sonora-invita-al-festival-biocultural-por-el-primer-aniversario-del-bosque-urbano-la-sauceda\/\"},\"wordCount\":479,\"commentCount\":0,\"publisher\":{\"@id\":\"https:\/\/www.sonoraenequipo.com.mx\/#organization\"},\"image\":{\"@id\":\"https:\/\/www.sonoraenequipo.com.mx\/gobierno-de-sonora-invita-al-festival-biocultural-por-el-primer-aniversario-del-bosque-urbano-la-sauceda\/#primaryimage\"},\"thumbnailUrl\":\"https:\/\/www.sonoraenequipo.com.mx\/storage\/2026\/03\/festival-cultural-del-20-al-22-de-marzo.jpg\",\"articleSection\":[\"Sonora\"],\"inLanguage\":\"es\",\"potentialAction\":[{\"@type\":\"CommentAction\",\"name\":\"Comment\",\"target\":[\"https:\/\/www.sonoraenequipo.com.mx\/gobierno-de-sonora-invita-al-festival-biocultural-por-el-primer-aniversario-del-bosque-urbano-la-sauceda\/#respond\"]}]},{\"@type\":\"WebPage\",\"@id\":\"https:\/\/www.sonoraenequipo.com.mx\/gobierno-de-sonora-invita-al-festival-biocultural-por-el-primer-aniversario-del-bosque-urbano-la-sauceda\/\",\"url\":\"https:\/\/www.sonoraenequipo.com.mx\/gobierno-de-sonora-invita-al-festival-biocultural-por-el-primer-aniversario-del-bosque-urbano-la-sauceda\/\",\"name\":\"Sonora en Equipo. Gobierno de Sonora invita al Festival Biocultural por el Primer Aniversario del Bosque Urbano La Sauceda Sonora\",\"isPartOf\":{\"@id\":\"https:\/\/www.sonoraenequipo.com.mx\/#website\"},\"primaryImageOfPage\":{\"@id\":\"https:\/\/www.sonoraenequipo.com.mx\/gobierno-de-sonora-invita-al-festival-biocultural-por-el-primer-aniversario-del-bosque-urbano-la-sauceda\/#primaryimage\"},\"image\":{\"@id\":\"https:\/\/www.sonoraenequipo.com.mx\/gobierno-de-sonora-invita-al-festival-biocultural-por-el-primer-aniversario-del-bosque-urbano-la-sauceda\/#primaryimage\"},\"thumbnailUrl\":\"https:\/\/www.sonoraenequipo.com.mx\/storage\/2026\/03\/festival-cultural-del-20-al-22-de-marzo.jpg\",\"datePublished\":\"2026-03-04T15:00:48+00:00\",\"dateModified\":\"2026-03-04T16:18:12+00:00\",\"description\":\"HERMOSILLO, SONORA. MX. \u2014\u00a0 El Gobierno de Sonora invita a la ciudadan\u00eda a celebrar el primer aniversario del Bosque Urbano La Sauceda con el Festival En Sonora en Equipo publicamos toda la informaci\u00f3n de Sonora, M\u00e9xico y el Mundo de manera oportuna y busca que la libertad de expresi\u00f3n sea real. Visita nuestro medio informativo publicado desde Hermosillo, Sonora. %\",\"breadcrumb\":{\"@id\":\"https:\/\/www.sonoraenequipo.com.mx\/gobierno-de-sonora-invita-al-festival-biocultural-por-el-primer-aniversario-del-bosque-urbano-la-sauceda\/#breadcrumb\"},\"inLanguage\":\"es\",\"potentialAction\":[{\"@type\":\"ReadAction\",\"target\":[\"https:\/\/www.sonoraenequipo.com.mx\/gobierno-de-sonora-invita-al-festival-biocultural-por-el-primer-aniversario-del-bosque-urbano-la-sauceda\/\"]}]},{\"@type\":\"ImageObject\",\"inLanguage\":\"es\",\"@id\":\"https:\/\/www.sonoraenequipo.com.mx\/gobierno-de-sonora-invita-al-festival-biocultural-por-el-primer-aniversario-del-bosque-urbano-la-sauceda\/#primaryimage\",\"url\":\"https:\/\/www.sonoraenequipo.com.mx\/storage\/2026\/03\/festival-cultural-del-20-al-22-de-marzo.jpg\",\"contentUrl\":\"https:\/\/www.sonoraenequipo.com.mx\/storage\/2026\/03\/festival-cultural-del-20-al-22-de-marzo.jpg\",\"width\":1000,\"height\":1250},{\"@type\":\"BreadcrumbList\",\"@id\":\"https:\/\/www.sonoraenequipo.com.mx\/gobierno-de-sonora-invita-al-festival-biocultural-por-el-primer-aniversario-del-bosque-urbano-la-sauceda\/#breadcrumb\",\"itemListElement\":[{\"@type\":\"ListItem\",\"position\":1,\"name\":\"Portada\",\"item\":\"https:\/\/www.sonoraenequipo.com.mx\/\"},{\"@type\":\"ListItem\",\"position\":2,\"name\":\"Gobierno de Sonora invita al Festival Biocultural por el Primer Aniversario del Bosque Urbano La Sauceda\"}]},{\"@type\":\"WebSite\",\"@id\":\"https:\/\/www.sonoraenequipo.com.mx\/#website\",\"url\":\"https:\/\/www.sonoraenequipo.com.mx\/\",\"name\":\"Sonora en Equipo.\",\"description\":\"Diario en l\u00ednea con Noticias desde Hermosillo, Sonora\",\"publisher\":{\"@id\":\"https:\/\/www.sonoraenequipo.com.mx\/#organization\"},\"potentialAction\":[{\"@type\":\"SearchAction\",\"target\":{\"@type\":\"EntryPoint\",\"urlTemplate\":\"https:\/\/www.sonoraenequipo.com.mx\/?s={search_term_string}\"},\"query-input\":{\"@type\":\"PropertyValueSpecification\",\"valueRequired\":true,\"valueName\":\"search_term_string\"}}],\"inLanguage\":\"es\"},{\"@type\":\"Organization\",\"@id\":\"https:\/\/www.sonoraenequipo.com.mx\/#organization\",\"name\":\"Sonoraenequipo.com.mx\",\"url\":\"https:\/\/www.sonoraenequipo.com.mx\/\",\"logo\":{\"@type\":\"ImageObject\",\"inLanguage\":\"es\",\"@id\":\"https:\/\/www.sonoraenequipo.com.mx\/#\/schema\/logo\/image\/\",\"url\":\"https:\/\/www.sonoraenequipo.com.mx\/storage\/2019\/01\/sonoraenequipo_opt.png\",\"contentUrl\":\"https:\/\/www.sonoraenequipo.com.mx\/storage\/2019\/01\/sonoraenequipo_opt.png\",\"width\":375,\"height\":125,\"caption\":\"Sonoraenequipo.com.mx\"},\"image\":{\"@id\":\"https:\/\/www.sonoraenequipo.com.mx\/#\/schema\/logo\/image\/\"},\"sameAs\":[\"https:\/\/www.facebook.com\/SonoraEE\/\",\"https:\/\/x.com\/sonoraenequipo\",\"https:\/\/www.youtube.com\/channel\/UC338nW-lPEYmJQs4ZABQ1SQ\"]},{\"@type\":\"Person\",\"@id\":\"https:\/\/www.sonoraenequipo.com.mx\/#\/schema\/person\/50102df0fb23a8fa9e8effad8fa81386\",\"name\":\"enequipo\",\"image\":{\"@type\":\"ImageObject\",\"inLanguage\":\"es\",\"@id\":\"https:\/\/www.sonoraenequipo.com.mx\/#\/schema\/person\/image\/\",\"url\":\"https:\/\/secure.gravatar.com\/avatar\/049821681b589dabc0bc20695993ccebb09f5b5d4d790cd9251b97faac7c652b?s=96&d=blank&r=g\",\"contentUrl\":\"https:\/\/secure.gravatar.com\/avatar\/049821681b589dabc0bc20695993ccebb09f5b5d4d790cd9251b97faac7c652b?s=96&d=blank&r=g\",\"caption\":\"enequipo\"},\"sameAs\":[\"https:\/\/www.facebook.com\/SonoraEE\"]}]}<\/script>\n ","yoast_head_json":{"title":"Sonora en Equipo. Gobierno de Sonora invita al Festival Biocultural por el Primer Aniversario del Bosque Urbano La Sauceda Sonora","description":"HERMOSILLO, SONORA. MX. \u2014\u00a0 El Gobierno de Sonora invita a la ciudadan\u00eda a celebrar el primer aniversario del Bosque Urbano La Sauceda con el Festival En Sonora en Equipo publicamos toda la informaci\u00f3n de Sonora, M\u00e9xico y el Mundo de manera oportuna y busca que la libertad de expresi\u00f3n sea real. Visita nuestro medio informativo publicado desde Hermosillo, Sonora. %","robots":{"index":"index","follow":"follow","max-snippet":"max-snippet:-1","max-image-preview":"max-image-preview:large","max-video-preview":"max-video-preview:-1"},"canonical":"https:\/\/www.sonoraenequipo.com.mx\/gobierno-de-sonora-invita-al-festival-biocultural-por-el-primer-aniversario-del-bosque-urbano-la-sauceda\/","og_locale":"es_ES","og_type":"article","og_title":"Sonora en Equipo. Gobierno de Sonora invita al Festival Biocultural por el Primer Aniversario del Bosque Urbano La Sauceda Sonora","og_description":"HERMOSILLO, SONORA. MX. \u2014\u00a0 El Gobierno de Sonora invita a la ciudadan\u00eda a celebrar el primer aniversario del Bosque Urbano La Sauceda con el Festival En Sonora en Equipo publicamos toda la informaci\u00f3n de Sonora, M\u00e9xico y el Mundo de manera oportuna y busca que la libertad de expresi\u00f3n sea real. Visita nuestro medio informativo publicado desde Hermosillo, Sonora. %","og_url":"https:\/\/www.sonoraenequipo.com.mx\/gobierno-de-sonora-invita-al-festival-biocultural-por-el-primer-aniversario-del-bosque-urbano-la-sauceda\/","og_site_name":"Sonora en Equipo.","article_publisher":"https:\/\/www.facebook.com\/SonoraEE\/","article_author":"https:\/\/www.facebook.com\/SonoraEE","article_published_time":"2026-03-04T15:00:48+00:00","article_modified_time":"2026-03-04T16:18:12+00:00","og_image":[{"width":1000,"height":1250,"url":"https:\/\/www.sonoraenequipo.com.mx\/storage\/2026\/03\/festival-cultural-del-20-al-22-de-marzo.jpg","type":"image\/jpeg"}],"author":"enequipo","twitter_card":"summary_large_image","twitter_creator":"@sonoraenequipo","twitter_site":"@sonoraenequipo","twitter_misc":{"Escrito por":"enequipo","Tiempo de lectura":"2 minutos"},"schema":{"@context":"https:\/\/schema.org","@graph":[{"@type":"Article","@id":"https:\/\/www.sonoraenequipo.com.mx\/gobierno-de-sonora-invita-al-festival-biocultural-por-el-primer-aniversario-del-bosque-urbano-la-sauceda\/#article","isPartOf":{"@id":"https:\/\/www.sonoraenequipo.com.mx\/gobierno-de-sonora-invita-al-festival-biocultural-por-el-primer-aniversario-del-bosque-urbano-la-sauceda\/"},"author":{"name":"enequipo","@id":"https:\/\/www.sonoraenequipo.com.mx\/#\/schema\/person\/50102df0fb23a8fa9e8effad8fa81386"},"headline":"Gobierno de Sonora invita al Festival Biocultural por el Primer Aniversario del Bosque Urbano La Sauceda","datePublished":"2026-03-04T15:00:48+00:00","dateModified":"2026-03-04T16:18:12+00:00","mainEntityOfPage":{"@id":"https:\/\/www.sonoraenequipo.com.mx\/gobierno-de-sonora-invita-al-festival-biocultural-por-el-primer-aniversario-del-bosque-urbano-la-sauceda\/"},"wordCount":479,"commentCount":0,"publisher":{"@id":"https:\/\/www.sonoraenequipo.com.mx\/#organization"},"image":{"@id":"https:\/\/www.sonoraenequipo.com.mx\/gobierno-de-sonora-invita-al-festival-biocultural-por-el-primer-aniversario-del-bosque-urbano-la-sauceda\/#primaryimage"},"thumbnailUrl":"https:\/\/www.sonoraenequipo.com.mx\/storage\/2026\/03\/festival-cultural-del-20-al-22-de-marzo.jpg","articleSection":["Sonora"],"inLanguage":"es","potentialAction":[{"@type":"CommentAction","name":"Comment","target":["https:\/\/www.sonoraenequipo.com.mx\/gobierno-de-sonora-invita-al-festival-biocultural-por-el-primer-aniversario-del-bosque-urbano-la-sauceda\/#respond"]}]},{"@type":"WebPage","@id":"https:\/\/www.sonoraenequipo.com.mx\/gobierno-de-sonora-invita-al-festival-biocultural-por-el-primer-aniversario-del-bosque-urbano-la-sauceda\/","url":"https:\/\/www.sonoraenequipo.com.mx\/gobierno-de-sonora-invita-al-festival-biocultural-por-el-primer-aniversario-del-bosque-urbano-la-sauceda\/","name":"Sonora en Equipo. Gobierno de Sonora invita al Festival Biocultural por el Primer Aniversario del Bosque Urbano La Sauceda Sonora","isPartOf":{"@id":"https:\/\/www.sonoraenequipo.com.mx\/#website"},"primaryImageOfPage":{"@id":"https:\/\/www.sonoraenequipo.com.mx\/gobierno-de-sonora-invita-al-festival-biocultural-por-el-primer-aniversario-del-bosque-urbano-la-sauceda\/#primaryimage"},"image":{"@id":"https:\/\/www.sonoraenequipo.com.mx\/gobierno-de-sonora-invita-al-festival-biocultural-por-el-primer-aniversario-del-bosque-urbano-la-sauceda\/#primaryimage"},"thumbnailUrl":"https:\/\/www.sonoraenequipo.com.mx\/storage\/2026\/03\/festival-cultural-del-20-al-22-de-marzo.jpg","datePublished":"2026-03-04T15:00:48+00:00","dateModified":"2026-03-04T16:18:12+00:00","description":"HERMOSILLO, SONORA. MX. \u2014\u00a0 El Gobierno de Sonora invita a la ciudadan\u00eda a celebrar el primer aniversario del Bosque Urbano La Sauceda con el Festival En Sonora en Equipo publicamos toda la informaci\u00f3n de Sonora, M\u00e9xico y el Mundo de manera oportuna y busca que la libertad de expresi\u00f3n sea real. Visita nuestro medio informativo publicado desde Hermosillo, Sonora. %","breadcrumb":{"@id":"https:\/\/www.sonoraenequipo.com.mx\/gobierno-de-sonora-invita-al-festival-biocultural-por-el-primer-aniversario-del-bosque-urbano-la-sauceda\/#breadcrumb"},"inLanguage":"es","potentialAction":[{"@type":"ReadAction","target":["https:\/\/www.sonoraenequipo.com.mx\/gobierno-de-sonora-invita-al-festival-biocultural-por-el-primer-aniversario-del-bosque-urbano-la-sauceda\/"]}]},{"@type":"ImageObject","inLanguage":"es","@id":"https:\/\/www.sonoraenequipo.com.mx\/gobierno-de-sonora-invita-al-festival-biocultural-por-el-primer-aniversario-del-bosque-urbano-la-sauceda\/#primaryimage","url":"https:\/\/www.sonoraenequipo.com.mx\/storage\/2026\/03\/festival-cultural-del-20-al-22-de-marzo.jpg","contentUrl":"https:\/\/www.sonoraenequipo.com.mx\/storage\/2026\/03\/festival-cultural-del-20-al-22-de-marzo.jpg","width":1000,"height":1250},{"@type":"BreadcrumbList","@id":"https:\/\/www.sonoraenequipo.com.mx\/gobierno-de-sonora-invita-al-festival-biocultural-por-el-primer-aniversario-del-bosque-urbano-la-sauceda\/#breadcrumb","itemListElement":[{"@type":"ListItem","position":1,"name":"Portada","item":"https:\/\/www.sonoraenequipo.com.mx\/"},{"@type":"ListItem","position":2,"name":"Gobierno de Sonora invita al Festival Biocultural por el Primer Aniversario del Bosque Urbano La Sauceda"}]},{"@type":"WebSite","@id":"https:\/\/www.sonoraenequipo.com.mx\/#website","url":"https:\/\/www.sonoraenequipo.com.mx\/","name":"Sonora en Equipo.","description":"Diario en l\u00ednea con Noticias desde Hermosillo, Sonora","publisher":{"@id":"https:\/\/www.sonoraenequipo.com.mx\/#organization"},"potentialAction":[{"@type":"SearchAction","target":{"@type":"EntryPoint","urlTemplate":"https:\/\/www.sonoraenequipo.com.mx\/?s={search_term_string}"},"query-input":{"@type":"PropertyValueSpecification","valueRequired":true,"valueName":"search_term_string"}}],"inLanguage":"es"},{"@type":"Organization","@id":"https:\/\/www.sonoraenequipo.com.mx\/#organization","name":"Sonoraenequipo.com.mx","url":"https:\/\/www.sonoraenequipo.com.mx\/","logo":{"@type":"ImageObject","inLanguage":"es","@id":"https:\/\/www.sonoraenequipo.com.mx\/#\/schema\/logo\/image\/","url":"https:\/\/www.sonoraenequipo.com.mx\/storage\/2019\/01\/sonoraenequipo_opt.png","contentUrl":"https:\/\/www.sonoraenequipo.com.mx\/storage\/2019\/01\/sonoraenequipo_opt.png","width":375,"height":125,"caption":"Sonoraenequipo.com.mx"},"image":{"@id":"https:\/\/www.sonoraenequipo.com.mx\/#\/schema\/logo\/image\/"},"sameAs":["https:\/\/www.facebook.com\/SonoraEE\/","https:\/\/x.com\/sonoraenequipo","https:\/\/www.youtube.com\/channel\/UC338nW-lPEYmJQs4ZABQ1SQ"]},{"@type":"Person","@id":"https:\/\/www.sonoraenequipo.com.mx\/#\/schema\/person\/50102df0fb23a8fa9e8effad8fa81386","name":"enequipo","image":{"@type":"ImageObject","inLanguage":"es","@id":"https:\/\/www.sonoraenequipo.com.mx\/#\/schema\/person\/image\/","url":"https:\/\/secure.gravatar.com\/avatar\/049821681b589dabc0bc20695993ccebb09f5b5d4d790cd9251b97faac7c652b?s=96&d=blank&r=g","contentUrl":"https:\/\/secure.gravatar.com\/avatar\/049821681b589dabc0bc20695993ccebb09f5b5d4d790cd9251b97faac7c652b?s=96&d=blank&r=g","caption":"enequipo"},"sameAs":["https:\/\/www.facebook.com\/SonoraEE"]}]}},"jetpack_featured_media_url":"https:\/\/www.sonoraenequipo.com.mx\/storage\/2026\/03\/festival-cultural-del-20-al-22-de-marzo.jpg","_links":{"self":[{"href":"https:\/\/www.sonoraenequipo.com.mx\/api\/wp\/v2\/posts\/236475","targetHints":{"allow":["GET"]}}],"collection":[{"href":"https:\/\/www.sonoraenequipo.com.mx\/api\/wp\/v2\/posts"}],"about":[{"href":"https:\/\/www.sonoraenequipo.com.mx\/api\/wp\/v2\/types\/post"}],"author":[{"embeddable":true,"href":"https:\/\/www.sonoraenequipo.com.mx\/api\/wp\/v2\/users\/1"}],"replies":[{"embeddable":true,"href":"https:\/\/www.sonoraenequipo.com.mx\/api\/wp\/v2\/comments?post=236475"}],"version-history":[{"count":2,"href":"https:\/\/www.sonoraenequipo.com.mx\/api\/wp\/v2\/posts\/236475\/revisions"}],"predecessor-version":[{"id":236485,"href":"https:\/\/www.sonoraenequipo.com.mx\/api\/wp\/v2\/posts\/236475\/revisions\/236485"}],"wp:featuredmedia":[{"embeddable":true,"href":"https:\/\/www.sonoraenequipo.com.mx\/api\/wp\/v2\/media\/236477"}],"wp:attachment":[{"href":"https:\/\/www.sonoraenequipo.com.mx\/api\/wp\/v2\/media?parent=236475"}],"wp:term":[{"taxonomy":"category","embeddable":true,"href":"https:\/\/www.sonoraenequipo.com.mx\/api\/wp\/v2\/categories?post=236475"},{"taxonomy":"post_tag","embeddable":true,"href":"https:\/\/www.sonoraenequipo.com.mx\/api\/wp\/v2\/tags?post=236475"}],"curies":[{"name":"wp","href":"https:\/\/api.w.org\/{rel}","templated":true}]}}