{"id":236486,"date":"2026-03-04T09:00:23","date_gmt":"2026-03-04T16:00:23","guid":{"rendered":"https:\/\/www.sonoraenequipo.com.mx\/?p=236486"},"modified":"2026-03-04T09:28:21","modified_gmt":"2026-03-04T16:28:21","slug":"gobierno-de-sonora-impulsa-la-carrera-por-la-cultura-del-agua-2026-organizada-por-la-cea","status":"publish","type":"post","link":"https:\/\/www.sonoraenequipo.com.mx\/gobierno-de-sonora-impulsa-la-carrera-por-la-cultura-del-agua-2026-organizada-por-la-cea\/","title":{"rendered":"Gobierno de Sonora impulsa la carrera por la Cultura del Agua 2026 organizada por la CEA"},"content":{"rendered":"<p><strong>HERMOSILLO, SONORA. MX. \u2014 <\/strong>\u00a0Para fortalecer la conciencia ciudadana sobre el uso responsable del agua, el Gobierno de Sonora, a trav\u00e9s de la Comisi\u00f3n Estatal del Agua (CEA), realizar\u00e1 el pr\u00f3ximo 14 de marzo la Carrera por la Cultura del Agua 2026, la cual registra un notable \u00e9xito en la inscripci\u00f3n de participantes.<\/p>\n<p>&nbsp;<\/p>\n<p>&nbsp;<\/p>\n<p> <\/p>\n<p>El Gobierno de Sonora promueve esta actividad como parte de su compromiso con la cultura del cuidado del recurso h\u00eddrico, integrando el deporte, la educaci\u00f3n ambiental y la participaci\u00f3n social como herramientas clave para consolidar una ciudadan\u00eda m\u00e1s consciente y comprometida.<\/p>\n<p>&nbsp;<\/p>\n<p>&nbsp;<\/p>\n<p>Ariel Monge Mart\u00ednez, vocal Ejecutivo de la CEA, expres\u00f3 que la carrera contempla distintas categor\u00edas y distancias para fomentar la participaci\u00f3n de ni\u00f1as, ni\u00f1os, j\u00f3venes y adultos, consolid\u00e1ndose como un evento familiar que impulsa estilos de vida saludables y refuerza el mensaje sobre la importancia del agua para el desarrollo de Sonora.<\/p>\n<p>&nbsp;<\/p>\n<p>&nbsp;<\/p>\n<p>El titular del organismo operador destac\u00f3 que la respuesta de la ciudadan\u00eda ha sido positiva, al registrarse una alta demanda de inscripciones semanas antes del evento, reflejando el inter\u00e9s de la poblaci\u00f3n por sumarse a esta causa que trasciende lo deportivo.<\/p>\n<p>&nbsp;<\/p>\n<p>&nbsp;<\/p>\n<p>Indic\u00f3 que la actividad no solo representa una competencia atl\u00e9tica, sino un espacio para reflexionar sobre el uso eficiente del agua en los hogares, en las escuelas, en el sector productivo y en cada acci\u00f3n cotidiana que contribuya a preservar este recurso vital.<\/p>\n<p>&nbsp;<\/p>\n<p>&nbsp;<\/p>\n<p>Se\u00f1al\u00f3 que durante la jornada tambi\u00e9n se instalar\u00e1n m\u00f3dulos informativos y actividades educativas orientadas a fortalecer la cultura del agua, reforzando el mensaje de que la responsabilidad h\u00eddrica es compartida entre gobierno y sociedad.<\/p>\n<p>&nbsp;<\/p>\n<p>&nbsp;<\/p>\n<p>Con la Carrera por la Cultura del Agua 2026, dijo, la CEA en concordancia con el gobernador Alfonso Durazo reafirma su compromiso de seguir impulsando estrategias que promuevan la sustentabilidad y garanticen el cuidado del agua para las presentes y futuras generaciones de sonorenses.<\/p>\n<p>&nbsp;<\/p>\n<p>&nbsp;<\/p>\n<p>&nbsp;<\/p>\n<p>PUBLICADO EL 04 DE MARZO 2026 Con informaci\u00f3n de GOBSON 0326\/026)<\/p>\n","protected":false},"excerpt":{"rendered":"<p>HERMOSILLO, SONORA. MX. \u2014 \u00a0Para fortalecer la conciencia ciudadana sobre el uso responsable del agua,&#8230;<\/p>\n","protected":false},"author":1,"featured_media":236480,"comment_status":"open","ping_status":"open","sticky":false,"template":"","format":"standard","meta":{"_monsterinsights_skip_tracking":false,"_monsterinsights_sitenote_active":false,"_monsterinsights_sitenote_note":"","_monsterinsights_sitenote_category":0,"footnotes":""},"categories":[10],"tags":[],"class_list":["post"],"yoast_head":" \n<title>Sonora en Equipo. Gobierno de Sonora impulsa la carrera por la Cultura del Agua 2026 organizada por la CEA Deportes<\/title>\n<meta name=\"description\" content=\"HERMOSILLO, SONORA. MX. \u2014 \u00a0Para fortalecer la conciencia ciudadana sobre el uso responsable del agua, el Gobierno de Sonora, a trav\u00e9s de la Comisi\u00f3n En Sonora en Equipo publicamos toda la informaci\u00f3n de Sonora, M\u00e9xico y el Mundo de manera oportuna y busca que la libertad de expresi\u00f3n sea real. Visita nuestro medio informativo publicado desde Hermosillo, Sonora. %\" \/>\n<meta name=\"robots\" content=\"index, follow, max-snippet:-1, max-image-preview:large, max-video-preview:-1\" \/>\n<link rel=\"canonical\" href=\"https:\/\/www.sonoraenequipo.com.mx\/gobierno-de-sonora-impulsa-la-carrera-por-la-cultura-del-agua-2026-organizada-por-la-cea\/\" \/>\n<meta property=\"og:locale\" content=\"es_ES\" \/>\n<meta property=\"og:type\" content=\"article\" \/>\n<meta property=\"og:title\" content=\"Sonora en Equipo. Gobierno de Sonora impulsa la carrera por la Cultura del Agua 2026 organizada por la CEA Deportes\" \/>\n<meta property=\"og:description\" content=\"HERMOSILLO, SONORA. MX. \u2014 \u00a0Para fortalecer la conciencia ciudadana sobre el uso responsable del agua, el Gobierno de Sonora, a trav\u00e9s de la Comisi\u00f3n En Sonora en Equipo publicamos toda la informaci\u00f3n de Sonora, M\u00e9xico y el Mundo de manera oportuna y busca que la libertad de expresi\u00f3n sea real. Visita nuestro medio informativo publicado desde Hermosillo, Sonora. %\" \/>\n<meta property=\"og:url\" content=\"https:\/\/www.sonoraenequipo.com.mx\/gobierno-de-sonora-impulsa-la-carrera-por-la-cultura-del-agua-2026-organizada-por-la-cea\/\" \/>\n<meta property=\"og:site_name\" content=\"Sonora en Equipo.\" \/>\n<meta property=\"article:publisher\" content=\"https:\/\/www.facebook.com\/SonoraEE\/\" \/>\n<meta property=\"article:author\" content=\"https:\/\/www.facebook.com\/SonoraEE\" \/>\n<meta property=\"article:published_time\" content=\"2026-03-04T16:00:23+00:00\" \/>\n<meta property=\"article:modified_time\" content=\"2026-03-04T16:28:21+00:00\" \/>\n<meta property=\"og:image\" content=\"https:\/\/www.sonoraenequipo.com.mx\/storage\/2026\/03\/gobierno-impulsa-carrera-por-la-cultura-del-agua-2026-1.jpg\" \/>\n\t<meta property=\"og:image:width\" content=\"1000\" \/>\n\t<meta property=\"og:image:height\" content=\"662\" \/>\n\t<meta property=\"og:image:type\" content=\"image\/jpeg\" \/>\n<meta name=\"author\" content=\"enequipo\" \/>\n<meta name=\"twitter:card\" content=\"summary_large_image\" \/>\n<meta name=\"twitter:creator\" content=\"@sonoraenequipo\" \/>\n<meta name=\"twitter:site\" content=\"@sonoraenequipo\" \/>\n<meta name=\"twitter:label1\" content=\"Escrito por\" \/>\n\t<meta name=\"twitter:data1\" content=\"enequipo\" \/>\n\t<meta name=\"twitter:label2\" content=\"Tiempo de lectura\" \/>\n\t<meta name=\"twitter:data2\" content=\"2 minutos\" \/>\n<script type=\"application\/ld+json\" class=\"yoast-schema-graph\">{\"@context\":\"https:\/\/schema.org\",\"@graph\":[{\"@type\":\"Article\",\"@id\":\"https:\/\/www.sonoraenequipo.com.mx\/gobierno-de-sonora-impulsa-la-carrera-por-la-cultura-del-agua-2026-organizada-por-la-cea\/#article\",\"isPartOf\":{\"@id\":\"https:\/\/www.sonoraenequipo.com.mx\/gobierno-de-sonora-impulsa-la-carrera-por-la-cultura-del-agua-2026-organizada-por-la-cea\/\"},\"author\":{\"name\":\"enequipo\",\"@id\":\"https:\/\/www.sonoraenequipo.com.mx\/#\/schema\/person\/50102df0fb23a8fa9e8effad8fa81386\"},\"headline\":\"Gobierno de Sonora impulsa la carrera por la Cultura del Agua 2026 organizada por la CEA\",\"datePublished\":\"2026-03-04T16:00:23+00:00\",\"dateModified\":\"2026-03-04T16:28:21+00:00\",\"mainEntityOfPage\":{\"@id\":\"https:\/\/www.sonoraenequipo.com.mx\/gobierno-de-sonora-impulsa-la-carrera-por-la-cultura-del-agua-2026-organizada-por-la-cea\/\"},\"wordCount\":369,\"commentCount\":0,\"publisher\":{\"@id\":\"https:\/\/www.sonoraenequipo.com.mx\/#organization\"},\"image\":{\"@id\":\"https:\/\/www.sonoraenequipo.com.mx\/gobierno-de-sonora-impulsa-la-carrera-por-la-cultura-del-agua-2026-organizada-por-la-cea\/#primaryimage\"},\"thumbnailUrl\":\"https:\/\/www.sonoraenequipo.com.mx\/storage\/2026\/03\/gobierno-impulsa-carrera-por-la-cultura-del-agua-2026-1.jpg\",\"articleSection\":[\"Deportes\"],\"inLanguage\":\"es\",\"potentialAction\":[{\"@type\":\"CommentAction\",\"name\":\"Comment\",\"target\":[\"https:\/\/www.sonoraenequipo.com.mx\/gobierno-de-sonora-impulsa-la-carrera-por-la-cultura-del-agua-2026-organizada-por-la-cea\/#respond\"]}]},{\"@type\":\"WebPage\",\"@id\":\"https:\/\/www.sonoraenequipo.com.mx\/gobierno-de-sonora-impulsa-la-carrera-por-la-cultura-del-agua-2026-organizada-por-la-cea\/\",\"url\":\"https:\/\/www.sonoraenequipo.com.mx\/gobierno-de-sonora-impulsa-la-carrera-por-la-cultura-del-agua-2026-organizada-por-la-cea\/\",\"name\":\"Sonora en Equipo. Gobierno de Sonora impulsa la carrera por la Cultura del Agua 2026 organizada por la CEA Deportes\",\"isPartOf\":{\"@id\":\"https:\/\/www.sonoraenequipo.com.mx\/#website\"},\"primaryImageOfPage\":{\"@id\":\"https:\/\/www.sonoraenequipo.com.mx\/gobierno-de-sonora-impulsa-la-carrera-por-la-cultura-del-agua-2026-organizada-por-la-cea\/#primaryimage\"},\"image\":{\"@id\":\"https:\/\/www.sonoraenequipo.com.mx\/gobierno-de-sonora-impulsa-la-carrera-por-la-cultura-del-agua-2026-organizada-por-la-cea\/#primaryimage\"},\"thumbnailUrl\":\"https:\/\/www.sonoraenequipo.com.mx\/storage\/2026\/03\/gobierno-impulsa-carrera-por-la-cultura-del-agua-2026-1.jpg\",\"datePublished\":\"2026-03-04T16:00:23+00:00\",\"dateModified\":\"2026-03-04T16:28:21+00:00\",\"description\":\"HERMOSILLO, SONORA. MX. \u2014 \u00a0Para fortalecer la conciencia ciudadana sobre el uso responsable del agua, el Gobierno de Sonora, a trav\u00e9s de la Comisi\u00f3n En Sonora en Equipo publicamos toda la informaci\u00f3n de Sonora, M\u00e9xico y el Mundo de manera oportuna y busca que la libertad de expresi\u00f3n sea real. Visita nuestro medio informativo publicado desde Hermosillo, Sonora. %\",\"breadcrumb\":{\"@id\":\"https:\/\/www.sonoraenequipo.com.mx\/gobierno-de-sonora-impulsa-la-carrera-por-la-cultura-del-agua-2026-organizada-por-la-cea\/#breadcrumb\"},\"inLanguage\":\"es\",\"potentialAction\":[{\"@type\":\"ReadAction\",\"target\":[\"https:\/\/www.sonoraenequipo.com.mx\/gobierno-de-sonora-impulsa-la-carrera-por-la-cultura-del-agua-2026-organizada-por-la-cea\/\"]}]},{\"@type\":\"ImageObject\",\"inLanguage\":\"es\",\"@id\":\"https:\/\/www.sonoraenequipo.com.mx\/gobierno-de-sonora-impulsa-la-carrera-por-la-cultura-del-agua-2026-organizada-por-la-cea\/#primaryimage\",\"url\":\"https:\/\/www.sonoraenequipo.com.mx\/storage\/2026\/03\/gobierno-impulsa-carrera-por-la-cultura-del-agua-2026-1.jpg\",\"contentUrl\":\"https:\/\/www.sonoraenequipo.com.mx\/storage\/2026\/03\/gobierno-impulsa-carrera-por-la-cultura-del-agua-2026-1.jpg\",\"width\":1000,\"height\":662},{\"@type\":\"BreadcrumbList\",\"@id\":\"https:\/\/www.sonoraenequipo.com.mx\/gobierno-de-sonora-impulsa-la-carrera-por-la-cultura-del-agua-2026-organizada-por-la-cea\/#breadcrumb\",\"itemListElement\":[{\"@type\":\"ListItem\",\"position\":1,\"name\":\"Portada\",\"item\":\"https:\/\/www.sonoraenequipo.com.mx\/\"},{\"@type\":\"ListItem\",\"position\":2,\"name\":\"Gobierno de Sonora impulsa la carrera por la Cultura del Agua 2026 organizada por la CEA\"}]},{\"@type\":\"WebSite\",\"@id\":\"https:\/\/www.sonoraenequipo.com.mx\/#website\",\"url\":\"https:\/\/www.sonoraenequipo.com.mx\/\",\"name\":\"Sonora en Equipo.\",\"description\":\"Diario en l\u00ednea con Noticias desde Hermosillo, Sonora\",\"publisher\":{\"@id\":\"https:\/\/www.sonoraenequipo.com.mx\/#organization\"},\"potentialAction\":[{\"@type\":\"SearchAction\",\"target\":{\"@type\":\"EntryPoint\",\"urlTemplate\":\"https:\/\/www.sonoraenequipo.com.mx\/?s={search_term_string}\"},\"query-input\":{\"@type\":\"PropertyValueSpecification\",\"valueRequired\":true,\"valueName\":\"search_term_string\"}}],\"inLanguage\":\"es\"},{\"@type\":\"Organization\",\"@id\":\"https:\/\/www.sonoraenequipo.com.mx\/#organization\",\"name\":\"Sonoraenequipo.com.mx\",\"url\":\"https:\/\/www.sonoraenequipo.com.mx\/\",\"logo\":{\"@type\":\"ImageObject\",\"inLanguage\":\"es\",\"@id\":\"https:\/\/www.sonoraenequipo.com.mx\/#\/schema\/logo\/image\/\",\"url\":\"https:\/\/www.sonoraenequipo.com.mx\/storage\/2019\/01\/sonoraenequipo_opt.png\",\"contentUrl\":\"https:\/\/www.sonoraenequipo.com.mx\/storage\/2019\/01\/sonoraenequipo_opt.png\",\"width\":375,\"height\":125,\"caption\":\"Sonoraenequipo.com.mx\"},\"image\":{\"@id\":\"https:\/\/www.sonoraenequipo.com.mx\/#\/schema\/logo\/image\/\"},\"sameAs\":[\"https:\/\/www.facebook.com\/SonoraEE\/\",\"https:\/\/x.com\/sonoraenequipo\",\"https:\/\/www.youtube.com\/channel\/UC338nW-lPEYmJQs4ZABQ1SQ\"]},{\"@type\":\"Person\",\"@id\":\"https:\/\/www.sonoraenequipo.com.mx\/#\/schema\/person\/50102df0fb23a8fa9e8effad8fa81386\",\"name\":\"enequipo\",\"image\":{\"@type\":\"ImageObject\",\"inLanguage\":\"es\",\"@id\":\"https:\/\/www.sonoraenequipo.com.mx\/#\/schema\/person\/image\/\",\"url\":\"https:\/\/secure.gravatar.com\/avatar\/049821681b589dabc0bc20695993ccebb09f5b5d4d790cd9251b97faac7c652b?s=96&d=blank&r=g\",\"contentUrl\":\"https:\/\/secure.gravatar.com\/avatar\/049821681b589dabc0bc20695993ccebb09f5b5d4d790cd9251b97faac7c652b?s=96&d=blank&r=g\",\"caption\":\"enequipo\"},\"sameAs\":[\"https:\/\/www.facebook.com\/SonoraEE\"]}]}<\/script>\n ","yoast_head_json":{"title":"Sonora en Equipo. Gobierno de Sonora impulsa la carrera por la Cultura del Agua 2026 organizada por la CEA Deportes","description":"HERMOSILLO, SONORA. MX. \u2014 \u00a0Para fortalecer la conciencia ciudadana sobre el uso responsable del agua, el Gobierno de Sonora, a trav\u00e9s de la Comisi\u00f3n En Sonora en Equipo publicamos toda la informaci\u00f3n de Sonora, M\u00e9xico y el Mundo de manera oportuna y busca que la libertad de expresi\u00f3n sea real. Visita nuestro medio informativo publicado desde Hermosillo, Sonora. %","robots":{"index":"index","follow":"follow","max-snippet":"max-snippet:-1","max-image-preview":"max-image-preview:large","max-video-preview":"max-video-preview:-1"},"canonical":"https:\/\/www.sonoraenequipo.com.mx\/gobierno-de-sonora-impulsa-la-carrera-por-la-cultura-del-agua-2026-organizada-por-la-cea\/","og_locale":"es_ES","og_type":"article","og_title":"Sonora en Equipo. Gobierno de Sonora impulsa la carrera por la Cultura del Agua 2026 organizada por la CEA Deportes","og_description":"HERMOSILLO, SONORA. MX. \u2014 \u00a0Para fortalecer la conciencia ciudadana sobre el uso responsable del agua, el Gobierno de Sonora, a trav\u00e9s de la Comisi\u00f3n En Sonora en Equipo publicamos toda la informaci\u00f3n de Sonora, M\u00e9xico y el Mundo de manera oportuna y busca que la libertad de expresi\u00f3n sea real. Visita nuestro medio informativo publicado desde Hermosillo, Sonora. %","og_url":"https:\/\/www.sonoraenequipo.com.mx\/gobierno-de-sonora-impulsa-la-carrera-por-la-cultura-del-agua-2026-organizada-por-la-cea\/","og_site_name":"Sonora en Equipo.","article_publisher":"https:\/\/www.facebook.com\/SonoraEE\/","article_author":"https:\/\/www.facebook.com\/SonoraEE","article_published_time":"2026-03-04T16:00:23+00:00","article_modified_time":"2026-03-04T16:28:21+00:00","og_image":[{"width":1000,"height":662,"url":"https:\/\/www.sonoraenequipo.com.mx\/storage\/2026\/03\/gobierno-impulsa-carrera-por-la-cultura-del-agua-2026-1.jpg","type":"image\/jpeg"}],"author":"enequipo","twitter_card":"summary_large_image","twitter_creator":"@sonoraenequipo","twitter_site":"@sonoraenequipo","twitter_misc":{"Escrito por":"enequipo","Tiempo de lectura":"2 minutos"},"schema":{"@context":"https:\/\/schema.org","@graph":[{"@type":"Article","@id":"https:\/\/www.sonoraenequipo.com.mx\/gobierno-de-sonora-impulsa-la-carrera-por-la-cultura-del-agua-2026-organizada-por-la-cea\/#article","isPartOf":{"@id":"https:\/\/www.sonoraenequipo.com.mx\/gobierno-de-sonora-impulsa-la-carrera-por-la-cultura-del-agua-2026-organizada-por-la-cea\/"},"author":{"name":"enequipo","@id":"https:\/\/www.sonoraenequipo.com.mx\/#\/schema\/person\/50102df0fb23a8fa9e8effad8fa81386"},"headline":"Gobierno de Sonora impulsa la carrera por la Cultura del Agua 2026 organizada por la CEA","datePublished":"2026-03-04T16:00:23+00:00","dateModified":"2026-03-04T16:28:21+00:00","mainEntityOfPage":{"@id":"https:\/\/www.sonoraenequipo.com.mx\/gobierno-de-sonora-impulsa-la-carrera-por-la-cultura-del-agua-2026-organizada-por-la-cea\/"},"wordCount":369,"commentCount":0,"publisher":{"@id":"https:\/\/www.sonoraenequipo.com.mx\/#organization"},"image":{"@id":"https:\/\/www.sonoraenequipo.com.mx\/gobierno-de-sonora-impulsa-la-carrera-por-la-cultura-del-agua-2026-organizada-por-la-cea\/#primaryimage"},"thumbnailUrl":"https:\/\/www.sonoraenequipo.com.mx\/storage\/2026\/03\/gobierno-impulsa-carrera-por-la-cultura-del-agua-2026-1.jpg","articleSection":["Deportes"],"inLanguage":"es","potentialAction":[{"@type":"CommentAction","name":"Comment","target":["https:\/\/www.sonoraenequipo.com.mx\/gobierno-de-sonora-impulsa-la-carrera-por-la-cultura-del-agua-2026-organizada-por-la-cea\/#respond"]}]},{"@type":"WebPage","@id":"https:\/\/www.sonoraenequipo.com.mx\/gobierno-de-sonora-impulsa-la-carrera-por-la-cultura-del-agua-2026-organizada-por-la-cea\/","url":"https:\/\/www.sonoraenequipo.com.mx\/gobierno-de-sonora-impulsa-la-carrera-por-la-cultura-del-agua-2026-organizada-por-la-cea\/","name":"Sonora en Equipo. Gobierno de Sonora impulsa la carrera por la Cultura del Agua 2026 organizada por la CEA Deportes","isPartOf":{"@id":"https:\/\/www.sonoraenequipo.com.mx\/#website"},"primaryImageOfPage":{"@id":"https:\/\/www.sonoraenequipo.com.mx\/gobierno-de-sonora-impulsa-la-carrera-por-la-cultura-del-agua-2026-organizada-por-la-cea\/#primaryimage"},"image":{"@id":"https:\/\/www.sonoraenequipo.com.mx\/gobierno-de-sonora-impulsa-la-carrera-por-la-cultura-del-agua-2026-organizada-por-la-cea\/#primaryimage"},"thumbnailUrl":"https:\/\/www.sonoraenequipo.com.mx\/storage\/2026\/03\/gobierno-impulsa-carrera-por-la-cultura-del-agua-2026-1.jpg","datePublished":"2026-03-04T16:00:23+00:00","dateModified":"2026-03-04T16:28:21+00:00","description":"HERMOSILLO, SONORA. MX. \u2014 \u00a0Para fortalecer la conciencia ciudadana sobre el uso responsable del agua, el Gobierno de Sonora, a trav\u00e9s de la Comisi\u00f3n En Sonora en Equipo publicamos toda la informaci\u00f3n de Sonora, M\u00e9xico y el Mundo de manera oportuna y busca que la libertad de expresi\u00f3n sea real. Visita nuestro medio informativo publicado desde Hermosillo, Sonora. %","breadcrumb":{"@id":"https:\/\/www.sonoraenequipo.com.mx\/gobierno-de-sonora-impulsa-la-carrera-por-la-cultura-del-agua-2026-organizada-por-la-cea\/#breadcrumb"},"inLanguage":"es","potentialAction":[{"@type":"ReadAction","target":["https:\/\/www.sonoraenequipo.com.mx\/gobierno-de-sonora-impulsa-la-carrera-por-la-cultura-del-agua-2026-organizada-por-la-cea\/"]}]},{"@type":"ImageObject","inLanguage":"es","@id":"https:\/\/www.sonoraenequipo.com.mx\/gobierno-de-sonora-impulsa-la-carrera-por-la-cultura-del-agua-2026-organizada-por-la-cea\/#primaryimage","url":"https:\/\/www.sonoraenequipo.com.mx\/storage\/2026\/03\/gobierno-impulsa-carrera-por-la-cultura-del-agua-2026-1.jpg","contentUrl":"https:\/\/www.sonoraenequipo.com.mx\/storage\/2026\/03\/gobierno-impulsa-carrera-por-la-cultura-del-agua-2026-1.jpg","width":1000,"height":662},{"@type":"BreadcrumbList","@id":"https:\/\/www.sonoraenequipo.com.mx\/gobierno-de-sonora-impulsa-la-carrera-por-la-cultura-del-agua-2026-organizada-por-la-cea\/#breadcrumb","itemListElement":[{"@type":"ListItem","position":1,"name":"Portada","item":"https:\/\/www.sonoraenequipo.com.mx\/"},{"@type":"ListItem","position":2,"name":"Gobierno de Sonora impulsa la carrera por la Cultura del Agua 2026 organizada por la CEA"}]},{"@type":"WebSite","@id":"https:\/\/www.sonoraenequipo.com.mx\/#website","url":"https:\/\/www.sonoraenequipo.com.mx\/","name":"Sonora en Equipo.","description":"Diario en l\u00ednea con Noticias desde Hermosillo, Sonora","publisher":{"@id":"https:\/\/www.sonoraenequipo.com.mx\/#organization"},"potentialAction":[{"@type":"SearchAction","target":{"@type":"EntryPoint","urlTemplate":"https:\/\/www.sonoraenequipo.com.mx\/?s={search_term_string}"},"query-input":{"@type":"PropertyValueSpecification","valueRequired":true,"valueName":"search_term_string"}}],"inLanguage":"es"},{"@type":"Organization","@id":"https:\/\/www.sonoraenequipo.com.mx\/#organization","name":"Sonoraenequipo.com.mx","url":"https:\/\/www.sonoraenequipo.com.mx\/","logo":{"@type":"ImageObject","inLanguage":"es","@id":"https:\/\/www.sonoraenequipo.com.mx\/#\/schema\/logo\/image\/","url":"https:\/\/www.sonoraenequipo.com.mx\/storage\/2019\/01\/sonoraenequipo_opt.png","contentUrl":"https:\/\/www.sonoraenequipo.com.mx\/storage\/2019\/01\/sonoraenequipo_opt.png","width":375,"height":125,"caption":"Sonoraenequipo.com.mx"},"image":{"@id":"https:\/\/www.sonoraenequipo.com.mx\/#\/schema\/logo\/image\/"},"sameAs":["https:\/\/www.facebook.com\/SonoraEE\/","https:\/\/x.com\/sonoraenequipo","https:\/\/www.youtube.com\/channel\/UC338nW-lPEYmJQs4ZABQ1SQ"]},{"@type":"Person","@id":"https:\/\/www.sonoraenequipo.com.mx\/#\/schema\/person\/50102df0fb23a8fa9e8effad8fa81386","name":"enequipo","image":{"@type":"ImageObject","inLanguage":"es","@id":"https:\/\/www.sonoraenequipo.com.mx\/#\/schema\/person\/image\/","url":"https:\/\/secure.gravatar.com\/avatar\/049821681b589dabc0bc20695993ccebb09f5b5d4d790cd9251b97faac7c652b?s=96&d=blank&r=g","contentUrl":"https:\/\/secure.gravatar.com\/avatar\/049821681b589dabc0bc20695993ccebb09f5b5d4d790cd9251b97faac7c652b?s=96&d=blank&r=g","caption":"enequipo"},"sameAs":["https:\/\/www.facebook.com\/SonoraEE"]}]}},"jetpack_featured_media_url":"https:\/\/www.sonoraenequipo.com.mx\/storage\/2026\/03\/gobierno-impulsa-carrera-por-la-cultura-del-agua-2026-1.jpg","_links":{"self":[{"href":"https:\/\/www.sonoraenequipo.com.mx\/api\/wp\/v2\/posts\/236486","targetHints":{"allow":["GET"]}}],"collection":[{"href":"https:\/\/www.sonoraenequipo.com.mx\/api\/wp\/v2\/posts"}],"about":[{"href":"https:\/\/www.sonoraenequipo.com.mx\/api\/wp\/v2\/types\/post"}],"author":[{"embeddable":true,"href":"https:\/\/www.sonoraenequipo.com.mx\/api\/wp\/v2\/users\/1"}],"replies":[{"embeddable":true,"href":"https:\/\/www.sonoraenequipo.com.mx\/api\/wp\/v2\/comments?post=236486"}],"version-history":[{"count":1,"href":"https:\/\/www.sonoraenequipo.com.mx\/api\/wp\/v2\/posts\/236486\/revisions"}],"predecessor-version":[{"id":236487,"href":"https:\/\/www.sonoraenequipo.com.mx\/api\/wp\/v2\/posts\/236486\/revisions\/236487"}],"wp:featuredmedia":[{"embeddable":true,"href":"https:\/\/www.sonoraenequipo.com.mx\/api\/wp\/v2\/media\/236480"}],"wp:attachment":[{"href":"https:\/\/www.sonoraenequipo.com.mx\/api\/wp\/v2\/media?parent=236486"}],"wp:term":[{"taxonomy":"category","embeddable":true,"href":"https:\/\/www.sonoraenequipo.com.mx\/api\/wp\/v2\/categories?post=236486"},{"taxonomy":"post_tag","embeddable":true,"href":"https:\/\/www.sonoraenequipo.com.mx\/api\/wp\/v2\/tags?post=236486"}],"curies":[{"name":"wp","href":"https:\/\/api.w.org\/{rel}","templated":true}]}}