{"id":236491,"date":"2026-03-04T10:00:57","date_gmt":"2026-03-04T17:00:57","guid":{"rendered":"https:\/\/www.sonoraenequipo.com.mx\/?p=236491"},"modified":"2026-03-04T09:45:30","modified_gmt":"2026-03-04T16:45:30","slug":"refuerza-secretaria-de-salud-llamado-a-prevenir-el-dengue-ante-temporada-invernal-atipica","status":"publish","type":"post","link":"https:\/\/www.sonoraenequipo.com.mx\/refuerza-secretaria-de-salud-llamado-a-prevenir-el-dengue-ante-temporada-invernal-atipica\/","title":{"rendered":"Refuerza Secretar\u00eda de Salud llamado a prevenir el dengue ante temporada invernal at\u00edpica"},"content":{"rendered":"<p><strong>HERMOSILLO, SONORA.MX.\u2014\u00a0\u00a0<\/strong> El Gobierno de Sonora, a trav\u00e9s de la Secretar\u00eda de Salud P\u00fablica (SSP), exhorta a la poblaci\u00f3n a fortalecer las medidas de prevenci\u00f3n contra el dengue, debido a que la temporada invernal no registr\u00f3 temperaturas suficientemente bajas para frenar de manera importante la reproducci\u00f3n del mosquito transmisor.<\/p>\n<p>&nbsp;<\/p>\n<p>&nbsp;<\/p>\n<p>&nbsp;<\/p>\n<p> <\/p>\n<p>Al no presentarse fr\u00edo intenso, el ciclo de vida del mosquito se vio poco afectado, lo que permite que contin\u00fae activo por m\u00e1s tiempo. Por ello, es fundamental no bajar la guardia y mantener acciones preventivas desde el hogar.<\/p>\n<p>&nbsp;<\/p>\n<p>&nbsp;<\/p>\n<p>Se recomienda revisar patios y azoteas para eliminar cualquier recipiente que acumule agua, como cubetas, llantas, macetas, botellas o tinacos destapados. Incluso peque\u00f1as cantidades pueden convertirse en criaderos.<\/p>\n<p>&nbsp;<\/p>\n<p>&nbsp;<\/p>\n<p>Mantener los espacios limpios, lavar y voltear recipientes, as\u00ed como cambiar frecuentemente el agua de floreros y bebederos de mascotas, son acciones sencillas que ayudan a cortar el ciclo de reproducci\u00f3n del mosquito.<\/p>\n<p>&nbsp;<\/p>\n<p>&nbsp;<\/p>\n<p>Al mismo tiempo, contin\u00faan las acciones de fumigaci\u00f3n en distintas colonias del estado como parte de la estrategia de control vectorial. Estas labores se realizan de forma programada y complementan la eliminaci\u00f3n de criaderos, por lo que se invita a la poblaci\u00f3n a permitir el acceso al personal debidamente identificado.<\/p>\n<p>&nbsp;<\/p>\n<p>&nbsp;<\/p>\n<p>&nbsp;<\/p>\n<p>La SSP reiter\u00f3 que la prevenci\u00f3n es una tarea compartida y que, con peque\u00f1as acciones constantes, es posible proteger la salud de las familias y reducir el riesgo de dengue en la comunidad.<\/p>\n<p>&nbsp;<\/p>\n<p>&nbsp;<\/p>\n<p>&nbsp;<\/p>\n<p>PUBLICADO EL 04 DE MARZO 2026 Con informaci\u00f3n de GOBSON 0326\/030)<\/p>\n","protected":false},"excerpt":{"rendered":"<p>HERMOSILLO, SONORA.MX.\u2014\u00a0\u00a0 El Gobierno de Sonora, a trav\u00e9s de la Secretar\u00eda de Salud P\u00fablica (SSP),&#8230;<\/p>\n","protected":false},"author":1,"featured_media":236483,"comment_status":"open","ping_status":"open","sticky":false,"template":"","format":"standard","meta":{"_monsterinsights_skip_tracking":false,"_monsterinsights_sitenote_active":false,"_monsterinsights_sitenote_note":"","_monsterinsights_sitenote_category":0,"footnotes":""},"categories":[22],"tags":[],"class_list":["post"],"yoast_head":" \n<title>Sonora en Equipo. Refuerza Secretar\u00eda de Salud llamado a prevenir el dengue ante temporada invernal at\u00edpica Sonora<\/title>\n<meta name=\"description\" content=\"HERMOSILLO, SONORA.MX.\u2014\u00a0\u00a0 El Gobierno de Sonora, a trav\u00e9s de la Secretar\u00eda de Salud P\u00fablica (SSP), exhorta a la poblaci\u00f3n a fortalecer las medidas de En Sonora en Equipo publicamos toda la informaci\u00f3n de Sonora, M\u00e9xico y el Mundo de manera oportuna y busca que la libertad de expresi\u00f3n sea real. Visita nuestro medio informativo publicado desde Hermosillo, Sonora. %\" \/>\n<meta name=\"robots\" content=\"index, follow, max-snippet:-1, max-image-preview:large, max-video-preview:-1\" \/>\n<link rel=\"canonical\" href=\"https:\/\/www.sonoraenequipo.com.mx\/refuerza-secretaria-de-salud-llamado-a-prevenir-el-dengue-ante-temporada-invernal-atipica\/\" \/>\n<meta property=\"og:locale\" content=\"es_ES\" \/>\n<meta property=\"og:type\" content=\"article\" \/>\n<meta property=\"og:title\" content=\"Sonora en Equipo. Refuerza Secretar\u00eda de Salud llamado a prevenir el dengue ante temporada invernal at\u00edpica Sonora\" \/>\n<meta property=\"og:description\" content=\"HERMOSILLO, SONORA.MX.\u2014\u00a0\u00a0 El Gobierno de Sonora, a trav\u00e9s de la Secretar\u00eda de Salud P\u00fablica (SSP), exhorta a la poblaci\u00f3n a fortalecer las medidas de En Sonora en Equipo publicamos toda la informaci\u00f3n de Sonora, M\u00e9xico y el Mundo de manera oportuna y busca que la libertad de expresi\u00f3n sea real. Visita nuestro medio informativo publicado desde Hermosillo, Sonora. %\" \/>\n<meta property=\"og:url\" content=\"https:\/\/www.sonoraenequipo.com.mx\/refuerza-secretaria-de-salud-llamado-a-prevenir-el-dengue-ante-temporada-invernal-atipica\/\" \/>\n<meta property=\"og:site_name\" content=\"Sonora en Equipo.\" \/>\n<meta property=\"article:publisher\" content=\"https:\/\/www.facebook.com\/SonoraEE\/\" \/>\n<meta property=\"article:author\" content=\"https:\/\/www.facebook.com\/SonoraEE\" \/>\n<meta property=\"article:published_time\" content=\"2026-03-04T17:00:57+00:00\" \/>\n<meta property=\"og:image\" content=\"https:\/\/www.sonoraenequipo.com.mx\/storage\/2026\/03\/SSalud-refueza-campana-1.jpg\" \/>\n\t<meta property=\"og:image:width\" content=\"989\" \/>\n\t<meta property=\"og:image:height\" content=\"670\" \/>\n\t<meta property=\"og:image:type\" content=\"image\/jpeg\" \/>\n<meta name=\"author\" content=\"enequipo\" \/>\n<meta name=\"twitter:card\" content=\"summary_large_image\" \/>\n<meta name=\"twitter:creator\" content=\"@sonoraenequipo\" \/>\n<meta name=\"twitter:site\" content=\"@sonoraenequipo\" \/>\n<meta name=\"twitter:label1\" content=\"Escrito por\" \/>\n\t<meta name=\"twitter:data1\" content=\"enequipo\" \/>\n\t<meta name=\"twitter:label2\" content=\"Tiempo de lectura\" \/>\n\t<meta name=\"twitter:data2\" content=\"1 minuto\" \/>\n<script type=\"application\/ld+json\" class=\"yoast-schema-graph\">{\"@context\":\"https:\/\/schema.org\",\"@graph\":[{\"@type\":\"Article\",\"@id\":\"https:\/\/www.sonoraenequipo.com.mx\/refuerza-secretaria-de-salud-llamado-a-prevenir-el-dengue-ante-temporada-invernal-atipica\/#article\",\"isPartOf\":{\"@id\":\"https:\/\/www.sonoraenequipo.com.mx\/refuerza-secretaria-de-salud-llamado-a-prevenir-el-dengue-ante-temporada-invernal-atipica\/\"},\"author\":{\"name\":\"enequipo\",\"@id\":\"https:\/\/www.sonoraenequipo.com.mx\/#\/schema\/person\/50102df0fb23a8fa9e8effad8fa81386\"},\"headline\":\"Refuerza Secretar\u00eda de Salud llamado a prevenir el dengue ante temporada invernal at\u00edpica\",\"datePublished\":\"2026-03-04T17:00:57+00:00\",\"mainEntityOfPage\":{\"@id\":\"https:\/\/www.sonoraenequipo.com.mx\/refuerza-secretaria-de-salud-llamado-a-prevenir-el-dengue-ante-temporada-invernal-atipica\/\"},\"wordCount\":289,\"commentCount\":0,\"publisher\":{\"@id\":\"https:\/\/www.sonoraenequipo.com.mx\/#organization\"},\"image\":{\"@id\":\"https:\/\/www.sonoraenequipo.com.mx\/refuerza-secretaria-de-salud-llamado-a-prevenir-el-dengue-ante-temporada-invernal-atipica\/#primaryimage\"},\"thumbnailUrl\":\"https:\/\/www.sonoraenequipo.com.mx\/storage\/2026\/03\/SSalud-refueza-campana-1.jpg\",\"articleSection\":[\"Sonora\"],\"inLanguage\":\"es\",\"potentialAction\":[{\"@type\":\"CommentAction\",\"name\":\"Comment\",\"target\":[\"https:\/\/www.sonoraenequipo.com.mx\/refuerza-secretaria-de-salud-llamado-a-prevenir-el-dengue-ante-temporada-invernal-atipica\/#respond\"]}]},{\"@type\":\"WebPage\",\"@id\":\"https:\/\/www.sonoraenequipo.com.mx\/refuerza-secretaria-de-salud-llamado-a-prevenir-el-dengue-ante-temporada-invernal-atipica\/\",\"url\":\"https:\/\/www.sonoraenequipo.com.mx\/refuerza-secretaria-de-salud-llamado-a-prevenir-el-dengue-ante-temporada-invernal-atipica\/\",\"name\":\"Sonora en Equipo. Refuerza Secretar\u00eda de Salud llamado a prevenir el dengue ante temporada invernal at\u00edpica Sonora\",\"isPartOf\":{\"@id\":\"https:\/\/www.sonoraenequipo.com.mx\/#website\"},\"primaryImageOfPage\":{\"@id\":\"https:\/\/www.sonoraenequipo.com.mx\/refuerza-secretaria-de-salud-llamado-a-prevenir-el-dengue-ante-temporada-invernal-atipica\/#primaryimage\"},\"image\":{\"@id\":\"https:\/\/www.sonoraenequipo.com.mx\/refuerza-secretaria-de-salud-llamado-a-prevenir-el-dengue-ante-temporada-invernal-atipica\/#primaryimage\"},\"thumbnailUrl\":\"https:\/\/www.sonoraenequipo.com.mx\/storage\/2026\/03\/SSalud-refueza-campana-1.jpg\",\"datePublished\":\"2026-03-04T17:00:57+00:00\",\"description\":\"HERMOSILLO, SONORA.MX.\u2014\u00a0\u00a0 El Gobierno de Sonora, a trav\u00e9s de la Secretar\u00eda de Salud P\u00fablica (SSP), exhorta a la poblaci\u00f3n a fortalecer las medidas de En Sonora en Equipo publicamos toda la informaci\u00f3n de Sonora, M\u00e9xico y el Mundo de manera oportuna y busca que la libertad de expresi\u00f3n sea real. Visita nuestro medio informativo publicado desde Hermosillo, Sonora. %\",\"breadcrumb\":{\"@id\":\"https:\/\/www.sonoraenequipo.com.mx\/refuerza-secretaria-de-salud-llamado-a-prevenir-el-dengue-ante-temporada-invernal-atipica\/#breadcrumb\"},\"inLanguage\":\"es\",\"potentialAction\":[{\"@type\":\"ReadAction\",\"target\":[\"https:\/\/www.sonoraenequipo.com.mx\/refuerza-secretaria-de-salud-llamado-a-prevenir-el-dengue-ante-temporada-invernal-atipica\/\"]}]},{\"@type\":\"ImageObject\",\"inLanguage\":\"es\",\"@id\":\"https:\/\/www.sonoraenequipo.com.mx\/refuerza-secretaria-de-salud-llamado-a-prevenir-el-dengue-ante-temporada-invernal-atipica\/#primaryimage\",\"url\":\"https:\/\/www.sonoraenequipo.com.mx\/storage\/2026\/03\/SSalud-refueza-campana-1.jpg\",\"contentUrl\":\"https:\/\/www.sonoraenequipo.com.mx\/storage\/2026\/03\/SSalud-refueza-campana-1.jpg\",\"width\":989,\"height\":670},{\"@type\":\"BreadcrumbList\",\"@id\":\"https:\/\/www.sonoraenequipo.com.mx\/refuerza-secretaria-de-salud-llamado-a-prevenir-el-dengue-ante-temporada-invernal-atipica\/#breadcrumb\",\"itemListElement\":[{\"@type\":\"ListItem\",\"position\":1,\"name\":\"Portada\",\"item\":\"https:\/\/www.sonoraenequipo.com.mx\/\"},{\"@type\":\"ListItem\",\"position\":2,\"name\":\"Refuerza Secretar\u00eda de Salud llamado a prevenir el dengue ante temporada invernal at\u00edpica\"}]},{\"@type\":\"WebSite\",\"@id\":\"https:\/\/www.sonoraenequipo.com.mx\/#website\",\"url\":\"https:\/\/www.sonoraenequipo.com.mx\/\",\"name\":\"Sonora en Equipo.\",\"description\":\"Diario en l\u00ednea con Noticias desde Hermosillo, Sonora\",\"publisher\":{\"@id\":\"https:\/\/www.sonoraenequipo.com.mx\/#organization\"},\"potentialAction\":[{\"@type\":\"SearchAction\",\"target\":{\"@type\":\"EntryPoint\",\"urlTemplate\":\"https:\/\/www.sonoraenequipo.com.mx\/?s={search_term_string}\"},\"query-input\":{\"@type\":\"PropertyValueSpecification\",\"valueRequired\":true,\"valueName\":\"search_term_string\"}}],\"inLanguage\":\"es\"},{\"@type\":\"Organization\",\"@id\":\"https:\/\/www.sonoraenequipo.com.mx\/#organization\",\"name\":\"Sonoraenequipo.com.mx\",\"url\":\"https:\/\/www.sonoraenequipo.com.mx\/\",\"logo\":{\"@type\":\"ImageObject\",\"inLanguage\":\"es\",\"@id\":\"https:\/\/www.sonoraenequipo.com.mx\/#\/schema\/logo\/image\/\",\"url\":\"https:\/\/www.sonoraenequipo.com.mx\/storage\/2019\/01\/sonoraenequipo_opt.png\",\"contentUrl\":\"https:\/\/www.sonoraenequipo.com.mx\/storage\/2019\/01\/sonoraenequipo_opt.png\",\"width\":375,\"height\":125,\"caption\":\"Sonoraenequipo.com.mx\"},\"image\":{\"@id\":\"https:\/\/www.sonoraenequipo.com.mx\/#\/schema\/logo\/image\/\"},\"sameAs\":[\"https:\/\/www.facebook.com\/SonoraEE\/\",\"https:\/\/x.com\/sonoraenequipo\",\"https:\/\/www.youtube.com\/channel\/UC338nW-lPEYmJQs4ZABQ1SQ\"]},{\"@type\":\"Person\",\"@id\":\"https:\/\/www.sonoraenequipo.com.mx\/#\/schema\/person\/50102df0fb23a8fa9e8effad8fa81386\",\"name\":\"enequipo\",\"image\":{\"@type\":\"ImageObject\",\"inLanguage\":\"es\",\"@id\":\"https:\/\/www.sonoraenequipo.com.mx\/#\/schema\/person\/image\/\",\"url\":\"https:\/\/secure.gravatar.com\/avatar\/049821681b589dabc0bc20695993ccebb09f5b5d4d790cd9251b97faac7c652b?s=96&d=blank&r=g\",\"contentUrl\":\"https:\/\/secure.gravatar.com\/avatar\/049821681b589dabc0bc20695993ccebb09f5b5d4d790cd9251b97faac7c652b?s=96&d=blank&r=g\",\"caption\":\"enequipo\"},\"sameAs\":[\"https:\/\/www.facebook.com\/SonoraEE\"]}]}<\/script>\n ","yoast_head_json":{"title":"Sonora en Equipo. Refuerza Secretar\u00eda de Salud llamado a prevenir el dengue ante temporada invernal at\u00edpica Sonora","description":"HERMOSILLO, SONORA.MX.\u2014\u00a0\u00a0 El Gobierno de Sonora, a trav\u00e9s de la Secretar\u00eda de Salud P\u00fablica (SSP), exhorta a la poblaci\u00f3n a fortalecer las medidas de En Sonora en Equipo publicamos toda la informaci\u00f3n de Sonora, M\u00e9xico y el Mundo de manera oportuna y busca que la libertad de expresi\u00f3n sea real. Visita nuestro medio informativo publicado desde Hermosillo, Sonora. %","robots":{"index":"index","follow":"follow","max-snippet":"max-snippet:-1","max-image-preview":"max-image-preview:large","max-video-preview":"max-video-preview:-1"},"canonical":"https:\/\/www.sonoraenequipo.com.mx\/refuerza-secretaria-de-salud-llamado-a-prevenir-el-dengue-ante-temporada-invernal-atipica\/","og_locale":"es_ES","og_type":"article","og_title":"Sonora en Equipo. Refuerza Secretar\u00eda de Salud llamado a prevenir el dengue ante temporada invernal at\u00edpica Sonora","og_description":"HERMOSILLO, SONORA.MX.\u2014\u00a0\u00a0 El Gobierno de Sonora, a trav\u00e9s de la Secretar\u00eda de Salud P\u00fablica (SSP), exhorta a la poblaci\u00f3n a fortalecer las medidas de En Sonora en Equipo publicamos toda la informaci\u00f3n de Sonora, M\u00e9xico y el Mundo de manera oportuna y busca que la libertad de expresi\u00f3n sea real. Visita nuestro medio informativo publicado desde Hermosillo, Sonora. %","og_url":"https:\/\/www.sonoraenequipo.com.mx\/refuerza-secretaria-de-salud-llamado-a-prevenir-el-dengue-ante-temporada-invernal-atipica\/","og_site_name":"Sonora en Equipo.","article_publisher":"https:\/\/www.facebook.com\/SonoraEE\/","article_author":"https:\/\/www.facebook.com\/SonoraEE","article_published_time":"2026-03-04T17:00:57+00:00","og_image":[{"width":989,"height":670,"url":"https:\/\/www.sonoraenequipo.com.mx\/storage\/2026\/03\/SSalud-refueza-campana-1.jpg","type":"image\/jpeg"}],"author":"enequipo","twitter_card":"summary_large_image","twitter_creator":"@sonoraenequipo","twitter_site":"@sonoraenequipo","twitter_misc":{"Escrito por":"enequipo","Tiempo de lectura":"1 minuto"},"schema":{"@context":"https:\/\/schema.org","@graph":[{"@type":"Article","@id":"https:\/\/www.sonoraenequipo.com.mx\/refuerza-secretaria-de-salud-llamado-a-prevenir-el-dengue-ante-temporada-invernal-atipica\/#article","isPartOf":{"@id":"https:\/\/www.sonoraenequipo.com.mx\/refuerza-secretaria-de-salud-llamado-a-prevenir-el-dengue-ante-temporada-invernal-atipica\/"},"author":{"name":"enequipo","@id":"https:\/\/www.sonoraenequipo.com.mx\/#\/schema\/person\/50102df0fb23a8fa9e8effad8fa81386"},"headline":"Refuerza Secretar\u00eda de Salud llamado a prevenir el dengue ante temporada invernal at\u00edpica","datePublished":"2026-03-04T17:00:57+00:00","mainEntityOfPage":{"@id":"https:\/\/www.sonoraenequipo.com.mx\/refuerza-secretaria-de-salud-llamado-a-prevenir-el-dengue-ante-temporada-invernal-atipica\/"},"wordCount":289,"commentCount":0,"publisher":{"@id":"https:\/\/www.sonoraenequipo.com.mx\/#organization"},"image":{"@id":"https:\/\/www.sonoraenequipo.com.mx\/refuerza-secretaria-de-salud-llamado-a-prevenir-el-dengue-ante-temporada-invernal-atipica\/#primaryimage"},"thumbnailUrl":"https:\/\/www.sonoraenequipo.com.mx\/storage\/2026\/03\/SSalud-refueza-campana-1.jpg","articleSection":["Sonora"],"inLanguage":"es","potentialAction":[{"@type":"CommentAction","name":"Comment","target":["https:\/\/www.sonoraenequipo.com.mx\/refuerza-secretaria-de-salud-llamado-a-prevenir-el-dengue-ante-temporada-invernal-atipica\/#respond"]}]},{"@type":"WebPage","@id":"https:\/\/www.sonoraenequipo.com.mx\/refuerza-secretaria-de-salud-llamado-a-prevenir-el-dengue-ante-temporada-invernal-atipica\/","url":"https:\/\/www.sonoraenequipo.com.mx\/refuerza-secretaria-de-salud-llamado-a-prevenir-el-dengue-ante-temporada-invernal-atipica\/","name":"Sonora en Equipo. Refuerza Secretar\u00eda de Salud llamado a prevenir el dengue ante temporada invernal at\u00edpica Sonora","isPartOf":{"@id":"https:\/\/www.sonoraenequipo.com.mx\/#website"},"primaryImageOfPage":{"@id":"https:\/\/www.sonoraenequipo.com.mx\/refuerza-secretaria-de-salud-llamado-a-prevenir-el-dengue-ante-temporada-invernal-atipica\/#primaryimage"},"image":{"@id":"https:\/\/www.sonoraenequipo.com.mx\/refuerza-secretaria-de-salud-llamado-a-prevenir-el-dengue-ante-temporada-invernal-atipica\/#primaryimage"},"thumbnailUrl":"https:\/\/www.sonoraenequipo.com.mx\/storage\/2026\/03\/SSalud-refueza-campana-1.jpg","datePublished":"2026-03-04T17:00:57+00:00","description":"HERMOSILLO, SONORA.MX.\u2014\u00a0\u00a0 El Gobierno de Sonora, a trav\u00e9s de la Secretar\u00eda de Salud P\u00fablica (SSP), exhorta a la poblaci\u00f3n a fortalecer las medidas de En Sonora en Equipo publicamos toda la informaci\u00f3n de Sonora, M\u00e9xico y el Mundo de manera oportuna y busca que la libertad de expresi\u00f3n sea real. Visita nuestro medio informativo publicado desde Hermosillo, Sonora. %","breadcrumb":{"@id":"https:\/\/www.sonoraenequipo.com.mx\/refuerza-secretaria-de-salud-llamado-a-prevenir-el-dengue-ante-temporada-invernal-atipica\/#breadcrumb"},"inLanguage":"es","potentialAction":[{"@type":"ReadAction","target":["https:\/\/www.sonoraenequipo.com.mx\/refuerza-secretaria-de-salud-llamado-a-prevenir-el-dengue-ante-temporada-invernal-atipica\/"]}]},{"@type":"ImageObject","inLanguage":"es","@id":"https:\/\/www.sonoraenequipo.com.mx\/refuerza-secretaria-de-salud-llamado-a-prevenir-el-dengue-ante-temporada-invernal-atipica\/#primaryimage","url":"https:\/\/www.sonoraenequipo.com.mx\/storage\/2026\/03\/SSalud-refueza-campana-1.jpg","contentUrl":"https:\/\/www.sonoraenequipo.com.mx\/storage\/2026\/03\/SSalud-refueza-campana-1.jpg","width":989,"height":670},{"@type":"BreadcrumbList","@id":"https:\/\/www.sonoraenequipo.com.mx\/refuerza-secretaria-de-salud-llamado-a-prevenir-el-dengue-ante-temporada-invernal-atipica\/#breadcrumb","itemListElement":[{"@type":"ListItem","position":1,"name":"Portada","item":"https:\/\/www.sonoraenequipo.com.mx\/"},{"@type":"ListItem","position":2,"name":"Refuerza Secretar\u00eda de Salud llamado a prevenir el dengue ante temporada invernal at\u00edpica"}]},{"@type":"WebSite","@id":"https:\/\/www.sonoraenequipo.com.mx\/#website","url":"https:\/\/www.sonoraenequipo.com.mx\/","name":"Sonora en Equipo.","description":"Diario en l\u00ednea con Noticias desde Hermosillo, Sonora","publisher":{"@id":"https:\/\/www.sonoraenequipo.com.mx\/#organization"},"potentialAction":[{"@type":"SearchAction","target":{"@type":"EntryPoint","urlTemplate":"https:\/\/www.sonoraenequipo.com.mx\/?s={search_term_string}"},"query-input":{"@type":"PropertyValueSpecification","valueRequired":true,"valueName":"search_term_string"}}],"inLanguage":"es"},{"@type":"Organization","@id":"https:\/\/www.sonoraenequipo.com.mx\/#organization","name":"Sonoraenequipo.com.mx","url":"https:\/\/www.sonoraenequipo.com.mx\/","logo":{"@type":"ImageObject","inLanguage":"es","@id":"https:\/\/www.sonoraenequipo.com.mx\/#\/schema\/logo\/image\/","url":"https:\/\/www.sonoraenequipo.com.mx\/storage\/2019\/01\/sonoraenequipo_opt.png","contentUrl":"https:\/\/www.sonoraenequipo.com.mx\/storage\/2019\/01\/sonoraenequipo_opt.png","width":375,"height":125,"caption":"Sonoraenequipo.com.mx"},"image":{"@id":"https:\/\/www.sonoraenequipo.com.mx\/#\/schema\/logo\/image\/"},"sameAs":["https:\/\/www.facebook.com\/SonoraEE\/","https:\/\/x.com\/sonoraenequipo","https:\/\/www.youtube.com\/channel\/UC338nW-lPEYmJQs4ZABQ1SQ"]},{"@type":"Person","@id":"https:\/\/www.sonoraenequipo.com.mx\/#\/schema\/person\/50102df0fb23a8fa9e8effad8fa81386","name":"enequipo","image":{"@type":"ImageObject","inLanguage":"es","@id":"https:\/\/www.sonoraenequipo.com.mx\/#\/schema\/person\/image\/","url":"https:\/\/secure.gravatar.com\/avatar\/049821681b589dabc0bc20695993ccebb09f5b5d4d790cd9251b97faac7c652b?s=96&d=blank&r=g","contentUrl":"https:\/\/secure.gravatar.com\/avatar\/049821681b589dabc0bc20695993ccebb09f5b5d4d790cd9251b97faac7c652b?s=96&d=blank&r=g","caption":"enequipo"},"sameAs":["https:\/\/www.facebook.com\/SonoraEE"]}]}},"jetpack_featured_media_url":"https:\/\/www.sonoraenequipo.com.mx\/storage\/2026\/03\/SSalud-refueza-campana-1.jpg","_links":{"self":[{"href":"https:\/\/www.sonoraenequipo.com.mx\/api\/wp\/v2\/posts\/236491","targetHints":{"allow":["GET"]}}],"collection":[{"href":"https:\/\/www.sonoraenequipo.com.mx\/api\/wp\/v2\/posts"}],"about":[{"href":"https:\/\/www.sonoraenequipo.com.mx\/api\/wp\/v2\/types\/post"}],"author":[{"embeddable":true,"href":"https:\/\/www.sonoraenequipo.com.mx\/api\/wp\/v2\/users\/1"}],"replies":[{"embeddable":true,"href":"https:\/\/www.sonoraenequipo.com.mx\/api\/wp\/v2\/comments?post=236491"}],"version-history":[{"count":1,"href":"https:\/\/www.sonoraenequipo.com.mx\/api\/wp\/v2\/posts\/236491\/revisions"}],"predecessor-version":[{"id":236492,"href":"https:\/\/www.sonoraenequipo.com.mx\/api\/wp\/v2\/posts\/236491\/revisions\/236492"}],"wp:featuredmedia":[{"embeddable":true,"href":"https:\/\/www.sonoraenequipo.com.mx\/api\/wp\/v2\/media\/236483"}],"wp:attachment":[{"href":"https:\/\/www.sonoraenequipo.com.mx\/api\/wp\/v2\/media?parent=236491"}],"wp:term":[{"taxonomy":"category","embeddable":true,"href":"https:\/\/www.sonoraenequipo.com.mx\/api\/wp\/v2\/categories?post=236491"},{"taxonomy":"post_tag","embeddable":true,"href":"https:\/\/www.sonoraenequipo.com.mx\/api\/wp\/v2\/tags?post=236491"}],"curies":[{"name":"wp","href":"https:\/\/api.w.org\/{rel}","templated":true}]}}