{"id":236507,"date":"2026-03-04T12:19:34","date_gmt":"2026-03-04T19:19:34","guid":{"rendered":"https:\/\/www.sonoraenequipo.com.mx\/?p=236507"},"modified":"2026-03-04T12:27:47","modified_gmt":"2026-03-04T19:27:47","slug":"grupo-bimbo-y-semarnat-firman-convenio-para-fortalecer-conservacion-del-oso-negro-mexicano","status":"publish","type":"post","link":"https:\/\/www.sonoraenequipo.com.mx\/grupo-bimbo-y-semarnat-firman-convenio-para-fortalecer-conservacion-del-oso-negro-mexicano\/","title":{"rendered":"Grupo Bimbo y \u00a0SEMARNAT firman convenio para fortalecer \u00a0conservaci\u00f3n del oso negro mexicano"},"content":{"rendered":"<p><strong>CIUDAD DE M\u00c9XICO. \u2014<\/strong> En el marco de la celebraci\u00f3n del D\u00eda Mundial de la Vida Silvestre, Grupo Bimbo, la empresa l\u00edder en la industria de la panificaci\u00f3n, y la Secretar\u00eda de Medio Ambiente y Recursos Naturales (SEMARNAT) firmaron un convenio de colaboraci\u00f3n para implementar acciones de conservaci\u00f3n, monitoreo y educaci\u00f3n ambiental vinculadas al oso negro mexicano (Ursus americanus eremicus).<\/p>\n<p>El convenio establece que la Secretar\u00eda y Grupo Bimbo unir\u00e1n esfuerzos en torno al proyecto \u201cDel conflicto a la coexistencia: salvaguardando corredores de vida silvestre en M\u00e9xico para el desarrollo sustentable\u201d, con el objetivo de fortalecer las acciones de conservaci\u00f3n del oso negro mexicano en su h\u00e1bitat natural.<\/p>\n<p>&nbsp;<\/p>\n<p>&nbsp;<\/p>\n<p>&nbsp;<\/p>\n<p>La Secretaria de Medio Ambiente y Recursos Naturales, Alicia B\u00e1rcena, se\u00f1al\u00f3 durante la apertura del Museo Interactivo Bimbo (MiBIMBO) el pasado 2 de diciembre: \u201cAgradezco a Grupo Bimbo porque est\u00e1n comprometidos con esta causa del cuidado del oso negro. Es un proyecto de gran importancia, ya que se trata de una especie en peligro de extinci\u00f3n. Lo que tenemos que hacer juntos es cambiar la percepci\u00f3n que existe sobre el oso negro. Les agradezco much\u00edsimo porque s\u00e9 que est\u00e1n comprometidos con la causa; necesitamos m\u00e1s empresas como Bimbo y su conciencia ambiental.\u201d<\/p>\n<p>&nbsp;<\/p>\n<p>&nbsp;<\/p>\n<p>&nbsp;<\/p>\n<p>Desde sus or\u00edgenes, Grupo Bimbo ha llevado en su identidad la imagen de un \u201cosito\u201d, que conecta de forma natural con el oso negro mexicano, una especie emblem\u00e1tica y vulnerable de M\u00e9xico. Hoy, esa conexi\u00f3n simb\u00f3lica se traduce en una iniciativa estructurada que busca contribuir activamente a su preservaci\u00f3n.<\/p>\n<p>&nbsp;<\/p>\n<p>&nbsp;<\/p>\n<p>&nbsp;<\/p>\n<p>Este convenio marca el inicio de una etapa clave dentro del Programa Huellas, una iniciativa integral impulsada por el Museo Interactivo Bimbo (MiBIMBO), que articula esfuerzos cient\u00edficos, educativos y de colaboraci\u00f3n multisectorial a trav\u00e9s de la participaci\u00f3n del sector p\u00fablico e instituciones para contribuir a la preservaci\u00f3n del oso negro y otras especies emblem\u00e1ticas del pa\u00eds.<\/p>\n<p>&nbsp;<\/p>\n<p>&nbsp;<\/p>\n<p>&nbsp;<\/p>\n<p>Los esfuerzos del Programa se concentrar\u00e1n principalmente en los estados de Nuevo Le\u00f3n, Coahuila y Sonora, donde las poblaciones del oso negro mexicano enfrentan mayores retos derivados de la expansi\u00f3n humana y de los efectos del cambio clim\u00e1tico.<\/p>\n<p>&nbsp;<\/p>\n<p>&nbsp;<\/p>\n<p>&nbsp;<\/p>\n<p>El Programa Huellas contempla:<\/p>\n<p>&nbsp;<\/p>\n<p>&nbsp;<\/p>\n<p>&nbsp;<\/p>\n<p>Rescate, recuperaci\u00f3n y translocaci\u00f3n de ejemplares en riesgo.<\/p>\n<p>Recuperaci\u00f3n de ecosistemas completos para restaurar el equilibrio de la biodiversidad.<\/p>\n<p>Conservaci\u00f3n y ampliaci\u00f3n de h\u00e1bitats naturales.<\/p>\n<p>Programas de educaci\u00f3n y concientizaci\u00f3n en comunidades donde la vida humana se cruza con la del oso negro.<\/p>\n<p>Apoyo a la investigaci\u00f3n, divulgaci\u00f3n y monitoreo cient\u00edfico del oso negro mexicano, as\u00ed como al estudio de su comportamiento.<\/p>\n<p>&nbsp;<\/p>\n<p>&nbsp;<\/p>\n<p>La Directora de MiBIMBO, Karina Fogel, dijo que: \u201cLa firma de este convenio con SEMARNAT representa un paso fundamental dentro de una iniciativa m\u00e1s amplia que articula ciencia, educaci\u00f3n y colaboraci\u00f3n entre distintos sectores para proteger al oso negro y promover una cultura de coexistencia. Este es un esfuerzo que solo es posible gracias al trabajo conjunto de aliados comprometidos con la conservaci\u00f3n. Desde el Museo Interactivo Bimbo queremos que cada visitante entienda que la protecci\u00f3n de nuestra biodiversidad tambi\u00e9n se construye desde la conciencia y la participaci\u00f3n.\u201d<\/p>\n<p>&nbsp;<\/p>\n<p>&nbsp;<\/p>\n<p>&nbsp;<\/p>\n<p>Como parte del modelo de sostenibilidad de esta iniciativa, parte de los ingresos generados por la taquilla de MiBIMBO se destinar\u00e1 al Programa Huellas, convirtiendo cada visita en una contribuci\u00f3n activa a la preservaci\u00f3n del oso negro en M\u00e9xico.<\/p>\n<p>&nbsp;<\/p>\n<p>&nbsp;<\/p>\n<p>&nbsp;<\/p>\n<p>&nbsp;<\/p>\n<p>Con esto, Grupo Bimbo renueva su compromiso con M\u00e9xico, con su biodiversidad y con las generaciones futuras, impulsando soluciones de largo plazo que promuevan la coexistencia entre las comunidades y la vida silvestre.<\/p>\n<p><strong>Fecha de publicaci\u00f3n mi\u00e9rcoles 4 de marzo de 2026<\/strong><\/p>\n<p>&nbsp;<\/p>\n","protected":false},"excerpt":{"rendered":"<p>CIUDAD DE M\u00c9XICO. \u2014 En el marco de la celebraci\u00f3n del D\u00eda Mundial de la&#8230;<\/p>\n","protected":false},"author":1,"featured_media":236508,"comment_status":"open","ping_status":"open","sticky":false,"template":"","format":"standard","meta":{"_monsterinsights_skip_tracking":false,"_monsterinsights_sitenote_active":false,"_monsterinsights_sitenote_note":"","_monsterinsights_sitenote_category":0,"footnotes":""},"categories":[2216],"tags":[1705,12432,1704],"class_list":["post"],"yoast_head":" \n<title>Sonora en Equipo. Grupo Bimbo y \u00a0SEMARNAT firman convenio para fortalecer \u00a0conservaci\u00f3n del oso negro mexicano Ciencia y Tecnolog\u00eda<\/title>\n<meta name=\"description\" content=\"CIUDAD DE M\u00c9XICO. \u2014 En el marco de la celebraci\u00f3n del D\u00eda Mundial de la Vida Silvestre, Grupo Bimbo, la empresa l\u00edder en la industria de la panificaci\u00f3n, En Sonora en Equipo publicamos toda la informaci\u00f3n de Sonora, M\u00e9xico y el Mundo de manera oportuna y busca que la libertad de expresi\u00f3n sea real. Visita nuestro medio informativo publicado desde Hermosillo, Sonora. %\" \/>\n<meta name=\"robots\" content=\"index, follow, max-snippet:-1, max-image-preview:large, max-video-preview:-1\" \/>\n<link rel=\"canonical\" href=\"https:\/\/www.sonoraenequipo.com.mx\/grupo-bimbo-y-semarnat-firman-convenio-para-fortalecer-conservacion-del-oso-negro-mexicano\/\" \/>\n<meta property=\"og:locale\" content=\"es_ES\" \/>\n<meta property=\"og:type\" content=\"article\" \/>\n<meta property=\"og:title\" content=\"Sonora en Equipo. Grupo Bimbo y \u00a0SEMARNAT firman convenio para fortalecer \u00a0conservaci\u00f3n del oso negro mexicano Ciencia y Tecnolog\u00eda\" \/>\n<meta property=\"og:description\" content=\"CIUDAD DE M\u00c9XICO. \u2014 En el marco de la celebraci\u00f3n del D\u00eda Mundial de la Vida Silvestre, Grupo Bimbo, la empresa l\u00edder en la industria de la panificaci\u00f3n, En Sonora en Equipo publicamos toda la informaci\u00f3n de Sonora, M\u00e9xico y el Mundo de manera oportuna y busca que la libertad de expresi\u00f3n sea real. Visita nuestro medio informativo publicado desde Hermosillo, Sonora. %\" \/>\n<meta property=\"og:url\" content=\"https:\/\/www.sonoraenequipo.com.mx\/grupo-bimbo-y-semarnat-firman-convenio-para-fortalecer-conservacion-del-oso-negro-mexicano\/\" \/>\n<meta property=\"og:site_name\" content=\"Sonora en Equipo.\" \/>\n<meta property=\"article:publisher\" content=\"https:\/\/www.facebook.com\/SonoraEE\/\" \/>\n<meta property=\"article:author\" content=\"https:\/\/www.facebook.com\/SonoraEE\" \/>\n<meta property=\"article:published_time\" content=\"2026-03-04T19:19:34+00:00\" \/>\n<meta property=\"article:modified_time\" content=\"2026-03-04T19:27:47+00:00\" \/>\n<meta property=\"og:image\" content=\"https:\/\/www.sonoraenequipo.com.mx\/storage\/2026\/03\/oso-negro.jpg\" \/>\n\t<meta property=\"og:image:width\" content=\"600\" \/>\n\t<meta property=\"og:image:height\" content=\"400\" \/>\n\t<meta property=\"og:image:type\" content=\"image\/jpeg\" \/>\n<meta name=\"author\" content=\"enequipo\" \/>\n<meta name=\"twitter:card\" content=\"summary_large_image\" \/>\n<meta name=\"twitter:creator\" content=\"@sonoraenequipo\" \/>\n<meta name=\"twitter:site\" content=\"@sonoraenequipo\" \/>\n<meta name=\"twitter:label1\" content=\"Escrito por\" \/>\n\t<meta name=\"twitter:data1\" content=\"enequipo\" \/>\n\t<meta name=\"twitter:label2\" content=\"Tiempo de lectura\" \/>\n\t<meta name=\"twitter:data2\" content=\"3 minutos\" \/>\n<script type=\"application\/ld+json\" class=\"yoast-schema-graph\">{\"@context\":\"https:\/\/schema.org\",\"@graph\":[{\"@type\":\"Article\",\"@id\":\"https:\/\/www.sonoraenequipo.com.mx\/grupo-bimbo-y-semarnat-firman-convenio-para-fortalecer-conservacion-del-oso-negro-mexicano\/#article\",\"isPartOf\":{\"@id\":\"https:\/\/www.sonoraenequipo.com.mx\/grupo-bimbo-y-semarnat-firman-convenio-para-fortalecer-conservacion-del-oso-negro-mexicano\/\"},\"author\":{\"name\":\"enequipo\",\"@id\":\"https:\/\/www.sonoraenequipo.com.mx\/#\/schema\/person\/50102df0fb23a8fa9e8effad8fa81386\"},\"headline\":\"Grupo Bimbo y \u00a0SEMARNAT firman convenio para fortalecer \u00a0conservaci\u00f3n del oso negro mexicano\",\"datePublished\":\"2026-03-04T19:19:34+00:00\",\"dateModified\":\"2026-03-04T19:27:47+00:00\",\"mainEntityOfPage\":{\"@id\":\"https:\/\/www.sonoraenequipo.com.mx\/grupo-bimbo-y-semarnat-firman-convenio-para-fortalecer-conservacion-del-oso-negro-mexicano\/\"},\"wordCount\":680,\"commentCount\":0,\"publisher\":{\"@id\":\"https:\/\/www.sonoraenequipo.com.mx\/#organization\"},\"image\":{\"@id\":\"https:\/\/www.sonoraenequipo.com.mx\/grupo-bimbo-y-semarnat-firman-convenio-para-fortalecer-conservacion-del-oso-negro-mexicano\/#primaryimage\"},\"thumbnailUrl\":\"https:\/\/www.sonoraenequipo.com.mx\/storage\/2026\/03\/oso-negro.jpg\",\"keywords\":[\"BIMBO\",\"oso negro\",\"SEMARNAT\"],\"articleSection\":[\"Ciencia y Tecnolog\u00eda\"],\"inLanguage\":\"es\",\"potentialAction\":[{\"@type\":\"CommentAction\",\"name\":\"Comment\",\"target\":[\"https:\/\/www.sonoraenequipo.com.mx\/grupo-bimbo-y-semarnat-firman-convenio-para-fortalecer-conservacion-del-oso-negro-mexicano\/#respond\"]}]},{\"@type\":\"WebPage\",\"@id\":\"https:\/\/www.sonoraenequipo.com.mx\/grupo-bimbo-y-semarnat-firman-convenio-para-fortalecer-conservacion-del-oso-negro-mexicano\/\",\"url\":\"https:\/\/www.sonoraenequipo.com.mx\/grupo-bimbo-y-semarnat-firman-convenio-para-fortalecer-conservacion-del-oso-negro-mexicano\/\",\"name\":\"Sonora en Equipo. Grupo Bimbo y \u00a0SEMARNAT firman convenio para fortalecer \u00a0conservaci\u00f3n del oso negro mexicano Ciencia y Tecnolog\u00eda\",\"isPartOf\":{\"@id\":\"https:\/\/www.sonoraenequipo.com.mx\/#website\"},\"primaryImageOfPage\":{\"@id\":\"https:\/\/www.sonoraenequipo.com.mx\/grupo-bimbo-y-semarnat-firman-convenio-para-fortalecer-conservacion-del-oso-negro-mexicano\/#primaryimage\"},\"image\":{\"@id\":\"https:\/\/www.sonoraenequipo.com.mx\/grupo-bimbo-y-semarnat-firman-convenio-para-fortalecer-conservacion-del-oso-negro-mexicano\/#primaryimage\"},\"thumbnailUrl\":\"https:\/\/www.sonoraenequipo.com.mx\/storage\/2026\/03\/oso-negro.jpg\",\"datePublished\":\"2026-03-04T19:19:34+00:00\",\"dateModified\":\"2026-03-04T19:27:47+00:00\",\"description\":\"CIUDAD DE M\u00c9XICO. \u2014 En el marco de la celebraci\u00f3n del D\u00eda Mundial de la Vida Silvestre, Grupo Bimbo, la empresa l\u00edder en la industria de la panificaci\u00f3n, En Sonora en Equipo publicamos toda la informaci\u00f3n de Sonora, M\u00e9xico y el Mundo de manera oportuna y busca que la libertad de expresi\u00f3n sea real. Visita nuestro medio informativo publicado desde Hermosillo, Sonora. %\",\"breadcrumb\":{\"@id\":\"https:\/\/www.sonoraenequipo.com.mx\/grupo-bimbo-y-semarnat-firman-convenio-para-fortalecer-conservacion-del-oso-negro-mexicano\/#breadcrumb\"},\"inLanguage\":\"es\",\"potentialAction\":[{\"@type\":\"ReadAction\",\"target\":[\"https:\/\/www.sonoraenequipo.com.mx\/grupo-bimbo-y-semarnat-firman-convenio-para-fortalecer-conservacion-del-oso-negro-mexicano\/\"]}]},{\"@type\":\"ImageObject\",\"inLanguage\":\"es\",\"@id\":\"https:\/\/www.sonoraenequipo.com.mx\/grupo-bimbo-y-semarnat-firman-convenio-para-fortalecer-conservacion-del-oso-negro-mexicano\/#primaryimage\",\"url\":\"https:\/\/www.sonoraenequipo.com.mx\/storage\/2026\/03\/oso-negro.jpg\",\"contentUrl\":\"https:\/\/www.sonoraenequipo.com.mx\/storage\/2026\/03\/oso-negro.jpg\",\"width\":600,\"height\":400},{\"@type\":\"BreadcrumbList\",\"@id\":\"https:\/\/www.sonoraenequipo.com.mx\/grupo-bimbo-y-semarnat-firman-convenio-para-fortalecer-conservacion-del-oso-negro-mexicano\/#breadcrumb\",\"itemListElement\":[{\"@type\":\"ListItem\",\"position\":1,\"name\":\"Portada\",\"item\":\"https:\/\/www.sonoraenequipo.com.mx\/\"},{\"@type\":\"ListItem\",\"position\":2,\"name\":\"Grupo Bimbo y \u00a0SEMARNAT firman convenio para fortalecer \u00a0conservaci\u00f3n del oso negro mexicano\"}]},{\"@type\":\"WebSite\",\"@id\":\"https:\/\/www.sonoraenequipo.com.mx\/#website\",\"url\":\"https:\/\/www.sonoraenequipo.com.mx\/\",\"name\":\"Sonora en Equipo.\",\"description\":\"Diario en l\u00ednea con Noticias desde Hermosillo, Sonora\",\"publisher\":{\"@id\":\"https:\/\/www.sonoraenequipo.com.mx\/#organization\"},\"potentialAction\":[{\"@type\":\"SearchAction\",\"target\":{\"@type\":\"EntryPoint\",\"urlTemplate\":\"https:\/\/www.sonoraenequipo.com.mx\/?s={search_term_string}\"},\"query-input\":{\"@type\":\"PropertyValueSpecification\",\"valueRequired\":true,\"valueName\":\"search_term_string\"}}],\"inLanguage\":\"es\"},{\"@type\":\"Organization\",\"@id\":\"https:\/\/www.sonoraenequipo.com.mx\/#organization\",\"name\":\"Sonoraenequipo.com.mx\",\"url\":\"https:\/\/www.sonoraenequipo.com.mx\/\",\"logo\":{\"@type\":\"ImageObject\",\"inLanguage\":\"es\",\"@id\":\"https:\/\/www.sonoraenequipo.com.mx\/#\/schema\/logo\/image\/\",\"url\":\"https:\/\/www.sonoraenequipo.com.mx\/storage\/2019\/01\/sonoraenequipo_opt.png\",\"contentUrl\":\"https:\/\/www.sonoraenequipo.com.mx\/storage\/2019\/01\/sonoraenequipo_opt.png\",\"width\":375,\"height\":125,\"caption\":\"Sonoraenequipo.com.mx\"},\"image\":{\"@id\":\"https:\/\/www.sonoraenequipo.com.mx\/#\/schema\/logo\/image\/\"},\"sameAs\":[\"https:\/\/www.facebook.com\/SonoraEE\/\",\"https:\/\/x.com\/sonoraenequipo\",\"https:\/\/www.youtube.com\/channel\/UC338nW-lPEYmJQs4ZABQ1SQ\"]},{\"@type\":\"Person\",\"@id\":\"https:\/\/www.sonoraenequipo.com.mx\/#\/schema\/person\/50102df0fb23a8fa9e8effad8fa81386\",\"name\":\"enequipo\",\"image\":{\"@type\":\"ImageObject\",\"inLanguage\":\"es\",\"@id\":\"https:\/\/www.sonoraenequipo.com.mx\/#\/schema\/person\/image\/\",\"url\":\"https:\/\/secure.gravatar.com\/avatar\/049821681b589dabc0bc20695993ccebb09f5b5d4d790cd9251b97faac7c652b?s=96&d=blank&r=g\",\"contentUrl\":\"https:\/\/secure.gravatar.com\/avatar\/049821681b589dabc0bc20695993ccebb09f5b5d4d790cd9251b97faac7c652b?s=96&d=blank&r=g\",\"caption\":\"enequipo\"},\"sameAs\":[\"https:\/\/www.facebook.com\/SonoraEE\"]}]}<\/script>\n ","yoast_head_json":{"title":"Sonora en Equipo. Grupo Bimbo y \u00a0SEMARNAT firman convenio para fortalecer \u00a0conservaci\u00f3n del oso negro mexicano Ciencia y Tecnolog\u00eda","description":"CIUDAD DE M\u00c9XICO. \u2014 En el marco de la celebraci\u00f3n del D\u00eda Mundial de la Vida Silvestre, Grupo Bimbo, la empresa l\u00edder en la industria de la panificaci\u00f3n, En Sonora en Equipo publicamos toda la informaci\u00f3n de Sonora, M\u00e9xico y el Mundo de manera oportuna y busca que la libertad de expresi\u00f3n sea real. Visita nuestro medio informativo publicado desde Hermosillo, Sonora. %","robots":{"index":"index","follow":"follow","max-snippet":"max-snippet:-1","max-image-preview":"max-image-preview:large","max-video-preview":"max-video-preview:-1"},"canonical":"https:\/\/www.sonoraenequipo.com.mx\/grupo-bimbo-y-semarnat-firman-convenio-para-fortalecer-conservacion-del-oso-negro-mexicano\/","og_locale":"es_ES","og_type":"article","og_title":"Sonora en Equipo. Grupo Bimbo y \u00a0SEMARNAT firman convenio para fortalecer \u00a0conservaci\u00f3n del oso negro mexicano Ciencia y Tecnolog\u00eda","og_description":"CIUDAD DE M\u00c9XICO. \u2014 En el marco de la celebraci\u00f3n del D\u00eda Mundial de la Vida Silvestre, Grupo Bimbo, la empresa l\u00edder en la industria de la panificaci\u00f3n, En Sonora en Equipo publicamos toda la informaci\u00f3n de Sonora, M\u00e9xico y el Mundo de manera oportuna y busca que la libertad de expresi\u00f3n sea real. Visita nuestro medio informativo publicado desde Hermosillo, Sonora. %","og_url":"https:\/\/www.sonoraenequipo.com.mx\/grupo-bimbo-y-semarnat-firman-convenio-para-fortalecer-conservacion-del-oso-negro-mexicano\/","og_site_name":"Sonora en Equipo.","article_publisher":"https:\/\/www.facebook.com\/SonoraEE\/","article_author":"https:\/\/www.facebook.com\/SonoraEE","article_published_time":"2026-03-04T19:19:34+00:00","article_modified_time":"2026-03-04T19:27:47+00:00","og_image":[{"width":600,"height":400,"url":"https:\/\/www.sonoraenequipo.com.mx\/storage\/2026\/03\/oso-negro.jpg","type":"image\/jpeg"}],"author":"enequipo","twitter_card":"summary_large_image","twitter_creator":"@sonoraenequipo","twitter_site":"@sonoraenequipo","twitter_misc":{"Escrito por":"enequipo","Tiempo de lectura":"3 minutos"},"schema":{"@context":"https:\/\/schema.org","@graph":[{"@type":"Article","@id":"https:\/\/www.sonoraenequipo.com.mx\/grupo-bimbo-y-semarnat-firman-convenio-para-fortalecer-conservacion-del-oso-negro-mexicano\/#article","isPartOf":{"@id":"https:\/\/www.sonoraenequipo.com.mx\/grupo-bimbo-y-semarnat-firman-convenio-para-fortalecer-conservacion-del-oso-negro-mexicano\/"},"author":{"name":"enequipo","@id":"https:\/\/www.sonoraenequipo.com.mx\/#\/schema\/person\/50102df0fb23a8fa9e8effad8fa81386"},"headline":"Grupo Bimbo y \u00a0SEMARNAT firman convenio para fortalecer \u00a0conservaci\u00f3n del oso negro mexicano","datePublished":"2026-03-04T19:19:34+00:00","dateModified":"2026-03-04T19:27:47+00:00","mainEntityOfPage":{"@id":"https:\/\/www.sonoraenequipo.com.mx\/grupo-bimbo-y-semarnat-firman-convenio-para-fortalecer-conservacion-del-oso-negro-mexicano\/"},"wordCount":680,"commentCount":0,"publisher":{"@id":"https:\/\/www.sonoraenequipo.com.mx\/#organization"},"image":{"@id":"https:\/\/www.sonoraenequipo.com.mx\/grupo-bimbo-y-semarnat-firman-convenio-para-fortalecer-conservacion-del-oso-negro-mexicano\/#primaryimage"},"thumbnailUrl":"https:\/\/www.sonoraenequipo.com.mx\/storage\/2026\/03\/oso-negro.jpg","keywords":["BIMBO","oso negro","SEMARNAT"],"articleSection":["Ciencia y Tecnolog\u00eda"],"inLanguage":"es","potentialAction":[{"@type":"CommentAction","name":"Comment","target":["https:\/\/www.sonoraenequipo.com.mx\/grupo-bimbo-y-semarnat-firman-convenio-para-fortalecer-conservacion-del-oso-negro-mexicano\/#respond"]}]},{"@type":"WebPage","@id":"https:\/\/www.sonoraenequipo.com.mx\/grupo-bimbo-y-semarnat-firman-convenio-para-fortalecer-conservacion-del-oso-negro-mexicano\/","url":"https:\/\/www.sonoraenequipo.com.mx\/grupo-bimbo-y-semarnat-firman-convenio-para-fortalecer-conservacion-del-oso-negro-mexicano\/","name":"Sonora en Equipo. Grupo Bimbo y \u00a0SEMARNAT firman convenio para fortalecer \u00a0conservaci\u00f3n del oso negro mexicano Ciencia y Tecnolog\u00eda","isPartOf":{"@id":"https:\/\/www.sonoraenequipo.com.mx\/#website"},"primaryImageOfPage":{"@id":"https:\/\/www.sonoraenequipo.com.mx\/grupo-bimbo-y-semarnat-firman-convenio-para-fortalecer-conservacion-del-oso-negro-mexicano\/#primaryimage"},"image":{"@id":"https:\/\/www.sonoraenequipo.com.mx\/grupo-bimbo-y-semarnat-firman-convenio-para-fortalecer-conservacion-del-oso-negro-mexicano\/#primaryimage"},"thumbnailUrl":"https:\/\/www.sonoraenequipo.com.mx\/storage\/2026\/03\/oso-negro.jpg","datePublished":"2026-03-04T19:19:34+00:00","dateModified":"2026-03-04T19:27:47+00:00","description":"CIUDAD DE M\u00c9XICO. \u2014 En el marco de la celebraci\u00f3n del D\u00eda Mundial de la Vida Silvestre, Grupo Bimbo, la empresa l\u00edder en la industria de la panificaci\u00f3n, En Sonora en Equipo publicamos toda la informaci\u00f3n de Sonora, M\u00e9xico y el Mundo de manera oportuna y busca que la libertad de expresi\u00f3n sea real. Visita nuestro medio informativo publicado desde Hermosillo, Sonora. %","breadcrumb":{"@id":"https:\/\/www.sonoraenequipo.com.mx\/grupo-bimbo-y-semarnat-firman-convenio-para-fortalecer-conservacion-del-oso-negro-mexicano\/#breadcrumb"},"inLanguage":"es","potentialAction":[{"@type":"ReadAction","target":["https:\/\/www.sonoraenequipo.com.mx\/grupo-bimbo-y-semarnat-firman-convenio-para-fortalecer-conservacion-del-oso-negro-mexicano\/"]}]},{"@type":"ImageObject","inLanguage":"es","@id":"https:\/\/www.sonoraenequipo.com.mx\/grupo-bimbo-y-semarnat-firman-convenio-para-fortalecer-conservacion-del-oso-negro-mexicano\/#primaryimage","url":"https:\/\/www.sonoraenequipo.com.mx\/storage\/2026\/03\/oso-negro.jpg","contentUrl":"https:\/\/www.sonoraenequipo.com.mx\/storage\/2026\/03\/oso-negro.jpg","width":600,"height":400},{"@type":"BreadcrumbList","@id":"https:\/\/www.sonoraenequipo.com.mx\/grupo-bimbo-y-semarnat-firman-convenio-para-fortalecer-conservacion-del-oso-negro-mexicano\/#breadcrumb","itemListElement":[{"@type":"ListItem","position":1,"name":"Portada","item":"https:\/\/www.sonoraenequipo.com.mx\/"},{"@type":"ListItem","position":2,"name":"Grupo Bimbo y \u00a0SEMARNAT firman convenio para fortalecer \u00a0conservaci\u00f3n del oso negro mexicano"}]},{"@type":"WebSite","@id":"https:\/\/www.sonoraenequipo.com.mx\/#website","url":"https:\/\/www.sonoraenequipo.com.mx\/","name":"Sonora en Equipo.","description":"Diario en l\u00ednea con Noticias desde Hermosillo, Sonora","publisher":{"@id":"https:\/\/www.sonoraenequipo.com.mx\/#organization"},"potentialAction":[{"@type":"SearchAction","target":{"@type":"EntryPoint","urlTemplate":"https:\/\/www.sonoraenequipo.com.mx\/?s={search_term_string}"},"query-input":{"@type":"PropertyValueSpecification","valueRequired":true,"valueName":"search_term_string"}}],"inLanguage":"es"},{"@type":"Organization","@id":"https:\/\/www.sonoraenequipo.com.mx\/#organization","name":"Sonoraenequipo.com.mx","url":"https:\/\/www.sonoraenequipo.com.mx\/","logo":{"@type":"ImageObject","inLanguage":"es","@id":"https:\/\/www.sonoraenequipo.com.mx\/#\/schema\/logo\/image\/","url":"https:\/\/www.sonoraenequipo.com.mx\/storage\/2019\/01\/sonoraenequipo_opt.png","contentUrl":"https:\/\/www.sonoraenequipo.com.mx\/storage\/2019\/01\/sonoraenequipo_opt.png","width":375,"height":125,"caption":"Sonoraenequipo.com.mx"},"image":{"@id":"https:\/\/www.sonoraenequipo.com.mx\/#\/schema\/logo\/image\/"},"sameAs":["https:\/\/www.facebook.com\/SonoraEE\/","https:\/\/x.com\/sonoraenequipo","https:\/\/www.youtube.com\/channel\/UC338nW-lPEYmJQs4ZABQ1SQ"]},{"@type":"Person","@id":"https:\/\/www.sonoraenequipo.com.mx\/#\/schema\/person\/50102df0fb23a8fa9e8effad8fa81386","name":"enequipo","image":{"@type":"ImageObject","inLanguage":"es","@id":"https:\/\/www.sonoraenequipo.com.mx\/#\/schema\/person\/image\/","url":"https:\/\/secure.gravatar.com\/avatar\/049821681b589dabc0bc20695993ccebb09f5b5d4d790cd9251b97faac7c652b?s=96&d=blank&r=g","contentUrl":"https:\/\/secure.gravatar.com\/avatar\/049821681b589dabc0bc20695993ccebb09f5b5d4d790cd9251b97faac7c652b?s=96&d=blank&r=g","caption":"enequipo"},"sameAs":["https:\/\/www.facebook.com\/SonoraEE"]}]}},"jetpack_featured_media_url":"https:\/\/www.sonoraenequipo.com.mx\/storage\/2026\/03\/oso-negro.jpg","_links":{"self":[{"href":"https:\/\/www.sonoraenequipo.com.mx\/api\/wp\/v2\/posts\/236507","targetHints":{"allow":["GET"]}}],"collection":[{"href":"https:\/\/www.sonoraenequipo.com.mx\/api\/wp\/v2\/posts"}],"about":[{"href":"https:\/\/www.sonoraenequipo.com.mx\/api\/wp\/v2\/types\/post"}],"author":[{"embeddable":true,"href":"https:\/\/www.sonoraenequipo.com.mx\/api\/wp\/v2\/users\/1"}],"replies":[{"embeddable":true,"href":"https:\/\/www.sonoraenequipo.com.mx\/api\/wp\/v2\/comments?post=236507"}],"version-history":[{"count":1,"href":"https:\/\/www.sonoraenequipo.com.mx\/api\/wp\/v2\/posts\/236507\/revisions"}],"predecessor-version":[{"id":236509,"href":"https:\/\/www.sonoraenequipo.com.mx\/api\/wp\/v2\/posts\/236507\/revisions\/236509"}],"wp:featuredmedia":[{"embeddable":true,"href":"https:\/\/www.sonoraenequipo.com.mx\/api\/wp\/v2\/media\/236508"}],"wp:attachment":[{"href":"https:\/\/www.sonoraenequipo.com.mx\/api\/wp\/v2\/media?parent=236507"}],"wp:term":[{"taxonomy":"category","embeddable":true,"href":"https:\/\/www.sonoraenequipo.com.mx\/api\/wp\/v2\/categories?post=236507"},{"taxonomy":"post_tag","embeddable":true,"href":"https:\/\/www.sonoraenequipo.com.mx\/api\/wp\/v2\/tags?post=236507"}],"curies":[{"name":"wp","href":"https:\/\/api.w.org\/{rel}","templated":true}]}}