{"id":236533,"date":"2026-03-04T13:23:36","date_gmt":"2026-03-04T20:23:36","guid":{"rendered":"https:\/\/www.sonoraenequipo.com.mx\/?p=236533"},"modified":"2026-03-04T13:26:28","modified_gmt":"2026-03-04T20:26:28","slug":"calendario-de-pagos-de-marzo-2026-para-recibir-la-pension-del-bienestar","status":"publish","type":"post","link":"https:\/\/www.sonoraenequipo.com.mx\/calendario-de-pagos-de-marzo-2026-para-recibir-la-pension-del-bienestar\/","title":{"rendered":"Calendario de pagos de marzo 2026 para recibir la Pensi\u00f3n del Bienestar"},"content":{"rendered":"<p><strong>CIUDAD DE M\u00c9XICO. MX\u2014<\/strong> La Secretar\u00eda del Bienestar dio a conocer el calendario oficial de pagos de la Pensi\u00f3n del Bienestar correspondiente al bimestre marzo-abril 2026, uno de los apoyos sociales m\u00e1s esperados para millones de familias en M\u00e9xico .<\/p>\n<p>&nbsp;<\/p>\n<p>&nbsp;<\/p>\n<p>&nbsp;<\/p>\n<p> <\/p>\n<p>La titular de la dependencia, Ariadna Montiel Reyes, confirm\u00f3 que la dispersi\u00f3n bancaria iniciar\u00e1 el lunes 2 de marzo de 2026 y concluir\u00e1 el jueves 26 de marzo, bajo el esquema alfab\u00e9tico que el Gobierno federal aplica desde hace varios a\u00f1os para evitar saturaciones en sucursales y cajeros.<\/p>\n<p>&nbsp;<\/p>\n<p>&nbsp;<\/p>\n<p>Si eres beneficiario o tienes alg\u00fan familiar inscrito en el programa, te explicamos cu\u00e1ndo depositan la Pensi\u00f3n Bienestar marzo 2026, cu\u00e1nto dinero corresponde y c\u00f3mo retirar el apoyo sin contratiempos.<\/p>\n<p>&nbsp;<\/p>\n<p>&nbsp;<\/p>\n<h3>\u00bfCu\u00e1ndo pagan la Pensi\u00f3n Bienestar marzo 2026?<\/h3>\n<p>&nbsp;<\/p>\n<p>Como mencionamos anteriormente, el calendario de pagos Bienestar marzo 2026 establece fechas espec\u00edficas de dep\u00f3sito de acuerdo con la primera letra del apellido paterno del beneficiario.<\/p>\n<p>&nbsp;<\/p>\n<p>&nbsp;<\/p>\n<p>La dispersi\u00f3n se realiza directamente en la Tarjeta del Bienestar, por lo que no es necesario acudir antes ni realizar tr\u00e1mites adicionales. El dinero se deposita autom\u00e1ticamente en la fecha asignada.<\/p>\n<p>&nbsp;<\/p>\n<p>&nbsp;<\/p>\n<h3>Lista oficial por letra:<\/h3>\n<p>&nbsp;<\/p>\n<p><strong>A: Lunes 2 de marzo<\/strong><\/p>\n<p><strong>B: Martes 3 de marzo<\/strong><\/p>\n<p><strong>C: Mi\u00e9rcoles 4 y jueves 5 de marzo<\/strong><\/p>\n<p><strong>D, E, F: Viernes 6 de marzo<\/strong><\/p>\n<p><strong>G: Lunes 9 y martes 10 de marzo<\/strong><\/p>\n<p><strong>H, I, J, K: Mi\u00e9rcoles 11 de marzo<\/strong><\/p>\n<p><strong>L: Jueves 12 de marzo<\/strong><\/p>\n<p><strong>M: Viernes 13 y martes 17 de marzo<\/strong><\/p>\n<p><strong>N, \u00d1, O: Mi\u00e9rcoles 18 de marzo<\/strong><\/p>\n<p><strong>P, Q: Jueves 19 de marzo<\/strong><\/p>\n<p><strong>R: Viernes 20 y lunes 23 de marzo<\/strong><\/p>\n<p><strong>S: Martes 24 de marzo<\/strong><\/p>\n<p><strong>T, U, V: Mi\u00e9rcoles 25 de marzo<\/strong><\/p>\n<p><strong>W, X, Y, Z: Jueves 26 de marzo<\/strong><\/p>\n<p>&nbsp;<\/p>\n<p>&nbsp;<\/p>\n<h3>\u00bfQui\u00e9nes reciben 6,400 y qui\u00e9nes 3,100 pesos?<\/h3>\n<p>&nbsp;<\/p>\n<p>Durante el bimestre marzo-abril 2026, los montos se distribuyen de la siguiente manera:<\/p>\n<p>&nbsp;<\/p>\n<p>&nbsp;<\/p>\n<p>6,400 pesos para personas inscritas en la Pensi\u00f3n para el Bienestar de las Personas Adultas Mayores (65 a\u00f1os o m\u00e1s).<\/p>\n<p>&nbsp;<\/p>\n<p>3,100 pesos para beneficiarias del programa Mujeres Bienestar de 60 a 64 a\u00f1os.<\/p>\n<p>&nbsp;<\/p>\n<p>Ambos apoyos forman parte de la pol\u00edtica social federal, pero cuentan con reglas de operaci\u00f3n distintas. \u00bfConoces las diferencias?<\/p>\n<p>&nbsp;<\/p>\n<p>&nbsp;<\/p>\n<p>La pensi\u00f3n para adultos mayores es un derecho constitucional, mientras que el programa Mujeres Bienestar funciona como un respaldo previo a la pensi\u00f3n universal, enfocado en reducir brechas econ\u00f3micas antes de cumplir los 65 a\u00f1os.<\/p>\n<p>&nbsp;<\/p>\n<p>&nbsp;<\/p>\n<p>Para evitar confusiones, se recomienda verificar en cu\u00e1l padr\u00f3n est\u00e1s registrado y confirmar el monto correspondiente.<\/p>\n<p>&nbsp;<\/p>\n<p>&nbsp;<\/p>\n<h3>\u00bfPor qu\u00e9 el pago de la Pensi\u00f3n del Bienestar se hace por orden alfab\u00e9tico?<\/h3>\n<p>&nbsp;<\/p>\n<p>El esquema de fechas de dep\u00f3sito por letra marzo 2026 tiene como objetivo organizar la dispersi\u00f3n de recursos a nivel nacional. Cada bimestre, millones de personas reciben este apoyo. Si todos intentaran acudir al banco el mismo d\u00eda, podr\u00edan generarse largas filas y saturaci\u00f3n en cajeros autom\u00e1ticos.<\/p>\n<p>&nbsp;<\/p>\n<p>&nbsp;<\/p>\n<p>&nbsp;<\/p>\n<h3><strong>Dividir el calendario por letra permite:<\/strong><\/h3>\n<p>&nbsp;<\/p>\n<p>Reducir la concentraci\u00f3n de personas en sucursales.<\/p>\n<p>Agilizar retiros.<\/p>\n<p>Evitar fallas en el sistema bancario en fechas espec\u00edficas.<\/p>\n<p>&nbsp;<\/p>\n<h3>\u00bfD\u00f3nde puedo retirar la Pensi\u00f3n del Bienestar?<\/h3>\n<p>&nbsp;<\/p>\n<h3>El dep\u00f3sito se realiza en la Tarjeta del Bienestar, que funciona como cualquier tarjeta bancaria. Los beneficiarios pueden:<\/h3>\n<p>&nbsp;<\/p>\n<p><strong>Retirar efectivo en cajeros del Banco del Bienestar sin comisi\u00f3n.<\/strong><\/p>\n<p><strong>Pagar directamente en establecimientos.<\/strong><\/p>\n<p><strong>Consultar saldo en cajeros o ventanillas.<\/strong><\/p>\n<p>&nbsp;<\/p>\n<p>Si se retira dinero en otros bancos, pueden aplicarse comisiones dependiendo de la instituci\u00f3n financiera. Por ello, la recomendaci\u00f3n oficial es utilizar el Banco del Bienestar siempre que sea posible.<\/p>\n<p>&nbsp;<\/p>\n<p>&nbsp;<\/p>\n<h3>\u00bfSe pierde el dinero de mi pensi\u00f3n si no lo retiro ese d\u00eda?<\/h3>\n<p>&nbsp;<\/p>\n<p>No. Una de las dudas m\u00e1s frecuentes es si el apoyo se pierde en caso de no acudir el d\u00eda asignado. Recuerda que no es obligatorio retirar el dinero el mismo d\u00eda del dep\u00f3sito. El saldo permanecer\u00e1 disponible en la cuenta hasta que el beneficiario decida utilizarlo.<\/p>\n<p>&nbsp;<\/p>\n<p>&nbsp;<\/p>\n<p>Esto permite acudir d\u00edas despu\u00e9s, cuando haya menos filas o cuando resulte m\u00e1s conveniente. \u00bfQu\u00e9 te parece? Si esperas este dep\u00f3sito, apunta la fecha y ubica tu Banco del Bienestar m\u00e1s cercano.<\/p>\n<p>&nbsp;<\/p>\n<p>&nbsp;<\/p>\n<p>PUBLICADO EL 04 DE MARZO 2026 Con informaci\u00f3n de<\/p>\n","protected":false},"excerpt":{"rendered":"<p>CIUDAD DE M\u00c9XICO. MX\u2014 La Secretar\u00eda del Bienestar dio a conocer el calendario oficial de&#8230;<\/p>\n","protected":false},"author":1,"featured_media":236541,"comment_status":"open","ping_status":"open","sticky":false,"template":"","format":"standard","meta":{"_monsterinsights_skip_tracking":false,"_monsterinsights_sitenote_active":false,"_monsterinsights_sitenote_note":"","_monsterinsights_sitenote_category":0,"footnotes":""},"categories":[5],"tags":[],"class_list":["post"],"yoast_head":" \n<title>Sonora en Equipo. Calendario de pagos de marzo 2026 para recibir la Pensi\u00f3n del Bienestar Rep\u00fablica<\/title>\n<meta name=\"description\" content=\"CIUDAD DE M\u00c9XICO. MX\u2014 La Secretar\u00eda del Bienestar dio a conocer el calendario oficial de pagos de la Pensi\u00f3n del Bienestar correspondiente al bimestre En Sonora en Equipo publicamos toda la informaci\u00f3n de Sonora, M\u00e9xico y el Mundo de manera oportuna y busca que la libertad de expresi\u00f3n sea real. Visita nuestro medio informativo publicado desde Hermosillo, Sonora. %\" \/>\n<meta name=\"robots\" content=\"index, follow, max-snippet:-1, max-image-preview:large, max-video-preview:-1\" \/>\n<link rel=\"canonical\" href=\"https:\/\/www.sonoraenequipo.com.mx\/calendario-de-pagos-de-marzo-2026-para-recibir-la-pension-del-bienestar\/\" \/>\n<meta property=\"og:locale\" content=\"es_ES\" \/>\n<meta property=\"og:type\" content=\"article\" \/>\n<meta property=\"og:title\" content=\"Sonora en Equipo. Calendario de pagos de marzo 2026 para recibir la Pensi\u00f3n del Bienestar Rep\u00fablica\" \/>\n<meta property=\"og:description\" content=\"CIUDAD DE M\u00c9XICO. MX\u2014 La Secretar\u00eda del Bienestar dio a conocer el calendario oficial de pagos de la Pensi\u00f3n del Bienestar correspondiente al bimestre En Sonora en Equipo publicamos toda la informaci\u00f3n de Sonora, M\u00e9xico y el Mundo de manera oportuna y busca que la libertad de expresi\u00f3n sea real. Visita nuestro medio informativo publicado desde Hermosillo, Sonora. %\" \/>\n<meta property=\"og:url\" content=\"https:\/\/www.sonoraenequipo.com.mx\/calendario-de-pagos-de-marzo-2026-para-recibir-la-pension-del-bienestar\/\" \/>\n<meta property=\"og:site_name\" content=\"Sonora en Equipo.\" \/>\n<meta property=\"article:publisher\" content=\"https:\/\/www.facebook.com\/SonoraEE\/\" \/>\n<meta property=\"article:author\" content=\"https:\/\/www.facebook.com\/SonoraEE\" \/>\n<meta property=\"article:published_time\" content=\"2026-03-04T20:23:36+00:00\" \/>\n<meta property=\"article:modified_time\" content=\"2026-03-04T20:26:28+00:00\" \/>\n<meta property=\"og:image\" content=\"https:\/\/www.sonoraenequipo.com.mx\/storage\/2026\/03\/calendario-pagos-pension-bienestar.jpg\" \/>\n\t<meta property=\"og:image:width\" content=\"1000\" \/>\n\t<meta property=\"og:image:height\" content=\"684\" \/>\n\t<meta property=\"og:image:type\" content=\"image\/jpeg\" \/>\n<meta name=\"author\" content=\"enequipo\" \/>\n<meta name=\"twitter:card\" content=\"summary_large_image\" \/>\n<meta name=\"twitter:creator\" content=\"@sonoraenequipo\" \/>\n<meta name=\"twitter:site\" content=\"@sonoraenequipo\" \/>\n<meta name=\"twitter:label1\" content=\"Escrito por\" \/>\n\t<meta name=\"twitter:data1\" content=\"enequipo\" \/>\n\t<meta name=\"twitter:label2\" content=\"Tiempo de lectura\" \/>\n\t<meta name=\"twitter:data2\" content=\"4 minutos\" \/>\n<script type=\"application\/ld+json\" class=\"yoast-schema-graph\">{\"@context\":\"https:\/\/schema.org\",\"@graph\":[{\"@type\":\"Article\",\"@id\":\"https:\/\/www.sonoraenequipo.com.mx\/calendario-de-pagos-de-marzo-2026-para-recibir-la-pension-del-bienestar\/#article\",\"isPartOf\":{\"@id\":\"https:\/\/www.sonoraenequipo.com.mx\/calendario-de-pagos-de-marzo-2026-para-recibir-la-pension-del-bienestar\/\"},\"author\":{\"name\":\"enequipo\",\"@id\":\"https:\/\/www.sonoraenequipo.com.mx\/#\/schema\/person\/50102df0fb23a8fa9e8effad8fa81386\"},\"headline\":\"Calendario de pagos de marzo 2026 para recibir la Pensi\u00f3n del Bienestar\",\"datePublished\":\"2026-03-04T20:23:36+00:00\",\"dateModified\":\"2026-03-04T20:26:28+00:00\",\"mainEntityOfPage\":{\"@id\":\"https:\/\/www.sonoraenequipo.com.mx\/calendario-de-pagos-de-marzo-2026-para-recibir-la-pension-del-bienestar\/\"},\"wordCount\":747,\"commentCount\":0,\"publisher\":{\"@id\":\"https:\/\/www.sonoraenequipo.com.mx\/#organization\"},\"image\":{\"@id\":\"https:\/\/www.sonoraenequipo.com.mx\/calendario-de-pagos-de-marzo-2026-para-recibir-la-pension-del-bienestar\/#primaryimage\"},\"thumbnailUrl\":\"https:\/\/www.sonoraenequipo.com.mx\/storage\/2026\/03\/calendario-pagos-pension-bienestar.jpg\",\"articleSection\":[\"Rep\u00fablica\"],\"inLanguage\":\"es\",\"potentialAction\":[{\"@type\":\"CommentAction\",\"name\":\"Comment\",\"target\":[\"https:\/\/www.sonoraenequipo.com.mx\/calendario-de-pagos-de-marzo-2026-para-recibir-la-pension-del-bienestar\/#respond\"]}]},{\"@type\":\"WebPage\",\"@id\":\"https:\/\/www.sonoraenequipo.com.mx\/calendario-de-pagos-de-marzo-2026-para-recibir-la-pension-del-bienestar\/\",\"url\":\"https:\/\/www.sonoraenequipo.com.mx\/calendario-de-pagos-de-marzo-2026-para-recibir-la-pension-del-bienestar\/\",\"name\":\"Sonora en Equipo. Calendario de pagos de marzo 2026 para recibir la Pensi\u00f3n del Bienestar Rep\u00fablica\",\"isPartOf\":{\"@id\":\"https:\/\/www.sonoraenequipo.com.mx\/#website\"},\"primaryImageOfPage\":{\"@id\":\"https:\/\/www.sonoraenequipo.com.mx\/calendario-de-pagos-de-marzo-2026-para-recibir-la-pension-del-bienestar\/#primaryimage\"},\"image\":{\"@id\":\"https:\/\/www.sonoraenequipo.com.mx\/calendario-de-pagos-de-marzo-2026-para-recibir-la-pension-del-bienestar\/#primaryimage\"},\"thumbnailUrl\":\"https:\/\/www.sonoraenequipo.com.mx\/storage\/2026\/03\/calendario-pagos-pension-bienestar.jpg\",\"datePublished\":\"2026-03-04T20:23:36+00:00\",\"dateModified\":\"2026-03-04T20:26:28+00:00\",\"description\":\"CIUDAD DE M\u00c9XICO. MX\u2014 La Secretar\u00eda del Bienestar dio a conocer el calendario oficial de pagos de la Pensi\u00f3n del Bienestar correspondiente al bimestre En Sonora en Equipo publicamos toda la informaci\u00f3n de Sonora, M\u00e9xico y el Mundo de manera oportuna y busca que la libertad de expresi\u00f3n sea real. Visita nuestro medio informativo publicado desde Hermosillo, Sonora. %\",\"breadcrumb\":{\"@id\":\"https:\/\/www.sonoraenequipo.com.mx\/calendario-de-pagos-de-marzo-2026-para-recibir-la-pension-del-bienestar\/#breadcrumb\"},\"inLanguage\":\"es\",\"potentialAction\":[{\"@type\":\"ReadAction\",\"target\":[\"https:\/\/www.sonoraenequipo.com.mx\/calendario-de-pagos-de-marzo-2026-para-recibir-la-pension-del-bienestar\/\"]}]},{\"@type\":\"ImageObject\",\"inLanguage\":\"es\",\"@id\":\"https:\/\/www.sonoraenequipo.com.mx\/calendario-de-pagos-de-marzo-2026-para-recibir-la-pension-del-bienestar\/#primaryimage\",\"url\":\"https:\/\/www.sonoraenequipo.com.mx\/storage\/2026\/03\/calendario-pagos-pension-bienestar.jpg\",\"contentUrl\":\"https:\/\/www.sonoraenequipo.com.mx\/storage\/2026\/03\/calendario-pagos-pension-bienestar.jpg\",\"width\":1000,\"height\":684},{\"@type\":\"BreadcrumbList\",\"@id\":\"https:\/\/www.sonoraenequipo.com.mx\/calendario-de-pagos-de-marzo-2026-para-recibir-la-pension-del-bienestar\/#breadcrumb\",\"itemListElement\":[{\"@type\":\"ListItem\",\"position\":1,\"name\":\"Portada\",\"item\":\"https:\/\/www.sonoraenequipo.com.mx\/\"},{\"@type\":\"ListItem\",\"position\":2,\"name\":\"Calendario de pagos de marzo 2026 para recibir la Pensi\u00f3n del Bienestar\"}]},{\"@type\":\"WebSite\",\"@id\":\"https:\/\/www.sonoraenequipo.com.mx\/#website\",\"url\":\"https:\/\/www.sonoraenequipo.com.mx\/\",\"name\":\"Sonora en Equipo.\",\"description\":\"Diario en l\u00ednea con Noticias desde Hermosillo, Sonora\",\"publisher\":{\"@id\":\"https:\/\/www.sonoraenequipo.com.mx\/#organization\"},\"potentialAction\":[{\"@type\":\"SearchAction\",\"target\":{\"@type\":\"EntryPoint\",\"urlTemplate\":\"https:\/\/www.sonoraenequipo.com.mx\/?s={search_term_string}\"},\"query-input\":{\"@type\":\"PropertyValueSpecification\",\"valueRequired\":true,\"valueName\":\"search_term_string\"}}],\"inLanguage\":\"es\"},{\"@type\":\"Organization\",\"@id\":\"https:\/\/www.sonoraenequipo.com.mx\/#organization\",\"name\":\"Sonoraenequipo.com.mx\",\"url\":\"https:\/\/www.sonoraenequipo.com.mx\/\",\"logo\":{\"@type\":\"ImageObject\",\"inLanguage\":\"es\",\"@id\":\"https:\/\/www.sonoraenequipo.com.mx\/#\/schema\/logo\/image\/\",\"url\":\"https:\/\/www.sonoraenequipo.com.mx\/storage\/2019\/01\/sonoraenequipo_opt.png\",\"contentUrl\":\"https:\/\/www.sonoraenequipo.com.mx\/storage\/2019\/01\/sonoraenequipo_opt.png\",\"width\":375,\"height\":125,\"caption\":\"Sonoraenequipo.com.mx\"},\"image\":{\"@id\":\"https:\/\/www.sonoraenequipo.com.mx\/#\/schema\/logo\/image\/\"},\"sameAs\":[\"https:\/\/www.facebook.com\/SonoraEE\/\",\"https:\/\/x.com\/sonoraenequipo\",\"https:\/\/www.youtube.com\/channel\/UC338nW-lPEYmJQs4ZABQ1SQ\"]},{\"@type\":\"Person\",\"@id\":\"https:\/\/www.sonoraenequipo.com.mx\/#\/schema\/person\/50102df0fb23a8fa9e8effad8fa81386\",\"name\":\"enequipo\",\"image\":{\"@type\":\"ImageObject\",\"inLanguage\":\"es\",\"@id\":\"https:\/\/www.sonoraenequipo.com.mx\/#\/schema\/person\/image\/\",\"url\":\"https:\/\/secure.gravatar.com\/avatar\/049821681b589dabc0bc20695993ccebb09f5b5d4d790cd9251b97faac7c652b?s=96&d=blank&r=g\",\"contentUrl\":\"https:\/\/secure.gravatar.com\/avatar\/049821681b589dabc0bc20695993ccebb09f5b5d4d790cd9251b97faac7c652b?s=96&d=blank&r=g\",\"caption\":\"enequipo\"},\"sameAs\":[\"https:\/\/www.facebook.com\/SonoraEE\"]}]}<\/script>\n ","yoast_head_json":{"title":"Sonora en Equipo. Calendario de pagos de marzo 2026 para recibir la Pensi\u00f3n del Bienestar Rep\u00fablica","description":"CIUDAD DE M\u00c9XICO. MX\u2014 La Secretar\u00eda del Bienestar dio a conocer el calendario oficial de pagos de la Pensi\u00f3n del Bienestar correspondiente al bimestre En Sonora en Equipo publicamos toda la informaci\u00f3n de Sonora, M\u00e9xico y el Mundo de manera oportuna y busca que la libertad de expresi\u00f3n sea real. Visita nuestro medio informativo publicado desde Hermosillo, Sonora. %","robots":{"index":"index","follow":"follow","max-snippet":"max-snippet:-1","max-image-preview":"max-image-preview:large","max-video-preview":"max-video-preview:-1"},"canonical":"https:\/\/www.sonoraenequipo.com.mx\/calendario-de-pagos-de-marzo-2026-para-recibir-la-pension-del-bienestar\/","og_locale":"es_ES","og_type":"article","og_title":"Sonora en Equipo. Calendario de pagos de marzo 2026 para recibir la Pensi\u00f3n del Bienestar Rep\u00fablica","og_description":"CIUDAD DE M\u00c9XICO. MX\u2014 La Secretar\u00eda del Bienestar dio a conocer el calendario oficial de pagos de la Pensi\u00f3n del Bienestar correspondiente al bimestre En Sonora en Equipo publicamos toda la informaci\u00f3n de Sonora, M\u00e9xico y el Mundo de manera oportuna y busca que la libertad de expresi\u00f3n sea real. Visita nuestro medio informativo publicado desde Hermosillo, Sonora. %","og_url":"https:\/\/www.sonoraenequipo.com.mx\/calendario-de-pagos-de-marzo-2026-para-recibir-la-pension-del-bienestar\/","og_site_name":"Sonora en Equipo.","article_publisher":"https:\/\/www.facebook.com\/SonoraEE\/","article_author":"https:\/\/www.facebook.com\/SonoraEE","article_published_time":"2026-03-04T20:23:36+00:00","article_modified_time":"2026-03-04T20:26:28+00:00","og_image":[{"width":1000,"height":684,"url":"https:\/\/www.sonoraenequipo.com.mx\/storage\/2026\/03\/calendario-pagos-pension-bienestar.jpg","type":"image\/jpeg"}],"author":"enequipo","twitter_card":"summary_large_image","twitter_creator":"@sonoraenequipo","twitter_site":"@sonoraenequipo","twitter_misc":{"Escrito por":"enequipo","Tiempo de lectura":"4 minutos"},"schema":{"@context":"https:\/\/schema.org","@graph":[{"@type":"Article","@id":"https:\/\/www.sonoraenequipo.com.mx\/calendario-de-pagos-de-marzo-2026-para-recibir-la-pension-del-bienestar\/#article","isPartOf":{"@id":"https:\/\/www.sonoraenequipo.com.mx\/calendario-de-pagos-de-marzo-2026-para-recibir-la-pension-del-bienestar\/"},"author":{"name":"enequipo","@id":"https:\/\/www.sonoraenequipo.com.mx\/#\/schema\/person\/50102df0fb23a8fa9e8effad8fa81386"},"headline":"Calendario de pagos de marzo 2026 para recibir la Pensi\u00f3n del Bienestar","datePublished":"2026-03-04T20:23:36+00:00","dateModified":"2026-03-04T20:26:28+00:00","mainEntityOfPage":{"@id":"https:\/\/www.sonoraenequipo.com.mx\/calendario-de-pagos-de-marzo-2026-para-recibir-la-pension-del-bienestar\/"},"wordCount":747,"commentCount":0,"publisher":{"@id":"https:\/\/www.sonoraenequipo.com.mx\/#organization"},"image":{"@id":"https:\/\/www.sonoraenequipo.com.mx\/calendario-de-pagos-de-marzo-2026-para-recibir-la-pension-del-bienestar\/#primaryimage"},"thumbnailUrl":"https:\/\/www.sonoraenequipo.com.mx\/storage\/2026\/03\/calendario-pagos-pension-bienestar.jpg","articleSection":["Rep\u00fablica"],"inLanguage":"es","potentialAction":[{"@type":"CommentAction","name":"Comment","target":["https:\/\/www.sonoraenequipo.com.mx\/calendario-de-pagos-de-marzo-2026-para-recibir-la-pension-del-bienestar\/#respond"]}]},{"@type":"WebPage","@id":"https:\/\/www.sonoraenequipo.com.mx\/calendario-de-pagos-de-marzo-2026-para-recibir-la-pension-del-bienestar\/","url":"https:\/\/www.sonoraenequipo.com.mx\/calendario-de-pagos-de-marzo-2026-para-recibir-la-pension-del-bienestar\/","name":"Sonora en Equipo. Calendario de pagos de marzo 2026 para recibir la Pensi\u00f3n del Bienestar Rep\u00fablica","isPartOf":{"@id":"https:\/\/www.sonoraenequipo.com.mx\/#website"},"primaryImageOfPage":{"@id":"https:\/\/www.sonoraenequipo.com.mx\/calendario-de-pagos-de-marzo-2026-para-recibir-la-pension-del-bienestar\/#primaryimage"},"image":{"@id":"https:\/\/www.sonoraenequipo.com.mx\/calendario-de-pagos-de-marzo-2026-para-recibir-la-pension-del-bienestar\/#primaryimage"},"thumbnailUrl":"https:\/\/www.sonoraenequipo.com.mx\/storage\/2026\/03\/calendario-pagos-pension-bienestar.jpg","datePublished":"2026-03-04T20:23:36+00:00","dateModified":"2026-03-04T20:26:28+00:00","description":"CIUDAD DE M\u00c9XICO. MX\u2014 La Secretar\u00eda del Bienestar dio a conocer el calendario oficial de pagos de la Pensi\u00f3n del Bienestar correspondiente al bimestre En Sonora en Equipo publicamos toda la informaci\u00f3n de Sonora, M\u00e9xico y el Mundo de manera oportuna y busca que la libertad de expresi\u00f3n sea real. Visita nuestro medio informativo publicado desde Hermosillo, Sonora. %","breadcrumb":{"@id":"https:\/\/www.sonoraenequipo.com.mx\/calendario-de-pagos-de-marzo-2026-para-recibir-la-pension-del-bienestar\/#breadcrumb"},"inLanguage":"es","potentialAction":[{"@type":"ReadAction","target":["https:\/\/www.sonoraenequipo.com.mx\/calendario-de-pagos-de-marzo-2026-para-recibir-la-pension-del-bienestar\/"]}]},{"@type":"ImageObject","inLanguage":"es","@id":"https:\/\/www.sonoraenequipo.com.mx\/calendario-de-pagos-de-marzo-2026-para-recibir-la-pension-del-bienestar\/#primaryimage","url":"https:\/\/www.sonoraenequipo.com.mx\/storage\/2026\/03\/calendario-pagos-pension-bienestar.jpg","contentUrl":"https:\/\/www.sonoraenequipo.com.mx\/storage\/2026\/03\/calendario-pagos-pension-bienestar.jpg","width":1000,"height":684},{"@type":"BreadcrumbList","@id":"https:\/\/www.sonoraenequipo.com.mx\/calendario-de-pagos-de-marzo-2026-para-recibir-la-pension-del-bienestar\/#breadcrumb","itemListElement":[{"@type":"ListItem","position":1,"name":"Portada","item":"https:\/\/www.sonoraenequipo.com.mx\/"},{"@type":"ListItem","position":2,"name":"Calendario de pagos de marzo 2026 para recibir la Pensi\u00f3n del Bienestar"}]},{"@type":"WebSite","@id":"https:\/\/www.sonoraenequipo.com.mx\/#website","url":"https:\/\/www.sonoraenequipo.com.mx\/","name":"Sonora en Equipo.","description":"Diario en l\u00ednea con Noticias desde Hermosillo, Sonora","publisher":{"@id":"https:\/\/www.sonoraenequipo.com.mx\/#organization"},"potentialAction":[{"@type":"SearchAction","target":{"@type":"EntryPoint","urlTemplate":"https:\/\/www.sonoraenequipo.com.mx\/?s={search_term_string}"},"query-input":{"@type":"PropertyValueSpecification","valueRequired":true,"valueName":"search_term_string"}}],"inLanguage":"es"},{"@type":"Organization","@id":"https:\/\/www.sonoraenequipo.com.mx\/#organization","name":"Sonoraenequipo.com.mx","url":"https:\/\/www.sonoraenequipo.com.mx\/","logo":{"@type":"ImageObject","inLanguage":"es","@id":"https:\/\/www.sonoraenequipo.com.mx\/#\/schema\/logo\/image\/","url":"https:\/\/www.sonoraenequipo.com.mx\/storage\/2019\/01\/sonoraenequipo_opt.png","contentUrl":"https:\/\/www.sonoraenequipo.com.mx\/storage\/2019\/01\/sonoraenequipo_opt.png","width":375,"height":125,"caption":"Sonoraenequipo.com.mx"},"image":{"@id":"https:\/\/www.sonoraenequipo.com.mx\/#\/schema\/logo\/image\/"},"sameAs":["https:\/\/www.facebook.com\/SonoraEE\/","https:\/\/x.com\/sonoraenequipo","https:\/\/www.youtube.com\/channel\/UC338nW-lPEYmJQs4ZABQ1SQ"]},{"@type":"Person","@id":"https:\/\/www.sonoraenequipo.com.mx\/#\/schema\/person\/50102df0fb23a8fa9e8effad8fa81386","name":"enequipo","image":{"@type":"ImageObject","inLanguage":"es","@id":"https:\/\/www.sonoraenequipo.com.mx\/#\/schema\/person\/image\/","url":"https:\/\/secure.gravatar.com\/avatar\/049821681b589dabc0bc20695993ccebb09f5b5d4d790cd9251b97faac7c652b?s=96&d=blank&r=g","contentUrl":"https:\/\/secure.gravatar.com\/avatar\/049821681b589dabc0bc20695993ccebb09f5b5d4d790cd9251b97faac7c652b?s=96&d=blank&r=g","caption":"enequipo"},"sameAs":["https:\/\/www.facebook.com\/SonoraEE"]}]}},"jetpack_featured_media_url":"https:\/\/www.sonoraenequipo.com.mx\/storage\/2026\/03\/calendario-pagos-pension-bienestar.jpg","_links":{"self":[{"href":"https:\/\/www.sonoraenequipo.com.mx\/api\/wp\/v2\/posts\/236533","targetHints":{"allow":["GET"]}}],"collection":[{"href":"https:\/\/www.sonoraenequipo.com.mx\/api\/wp\/v2\/posts"}],"about":[{"href":"https:\/\/www.sonoraenequipo.com.mx\/api\/wp\/v2\/types\/post"}],"author":[{"embeddable":true,"href":"https:\/\/www.sonoraenequipo.com.mx\/api\/wp\/v2\/users\/1"}],"replies":[{"embeddable":true,"href":"https:\/\/www.sonoraenequipo.com.mx\/api\/wp\/v2\/comments?post=236533"}],"version-history":[{"count":2,"href":"https:\/\/www.sonoraenequipo.com.mx\/api\/wp\/v2\/posts\/236533\/revisions"}],"predecessor-version":[{"id":236545,"href":"https:\/\/www.sonoraenequipo.com.mx\/api\/wp\/v2\/posts\/236533\/revisions\/236545"}],"wp:featuredmedia":[{"embeddable":true,"href":"https:\/\/www.sonoraenequipo.com.mx\/api\/wp\/v2\/media\/236541"}],"wp:attachment":[{"href":"https:\/\/www.sonoraenequipo.com.mx\/api\/wp\/v2\/media?parent=236533"}],"wp:term":[{"taxonomy":"category","embeddable":true,"href":"https:\/\/www.sonoraenequipo.com.mx\/api\/wp\/v2\/categories?post=236533"},{"taxonomy":"post_tag","embeddable":true,"href":"https:\/\/www.sonoraenequipo.com.mx\/api\/wp\/v2\/tags?post=236533"}],"curies":[{"name":"wp","href":"https:\/\/api.w.org\/{rel}","templated":true}]}}