{"id":236534,"date":"2026-03-04T13:04:51","date_gmt":"2026-03-04T20:04:51","guid":{"rendered":"https:\/\/www.sonoraenequipo.com.mx\/?p=236534"},"modified":"2026-03-04T13:04:51","modified_gmt":"2026-03-04T20:04:51","slug":"iran-podria-no-asistir-al-mundial-su-sede-es-los-angeles-ee-uu","status":"publish","type":"post","link":"https:\/\/www.sonoraenequipo.com.mx\/iran-podria-no-asistir-al-mundial-su-sede-es-los-angeles-ee-uu\/","title":{"rendered":"Ir\u00e1n podr\u00eda no asistir al mundial su sede es Los Angeles EE.UU."},"content":{"rendered":"<p>A 100 d\u00edas para el inicio de la Copa Mundial de F\u00fatbol de 2026, una serie de eliminatorias que se disputar\u00e1n este mes de marzo determinar\u00e1n los \u00faltimos seis equipos que completar\u00e1n el torneo, ampliado a 48 equipos.<\/p>\n<p>&nbsp;<\/p>\n<p>Pero con los ataques de Estados Unidos e Israel contra Ir\u00e1n y las represalias de Ir\u00e1n en Oriente Medio, uno de los contendientes de las eliminatorias -probablemente Irak, vecino de Ir\u00e1n- podr\u00eda sustituir a Ir\u00e1n, que se clasific\u00f3 hace un a\u00f1o.<\/p>\n<p>&nbsp;<\/p>\n<p>\u00abNo es posible decirlo con exactitud, pero sin duda habr\u00e1 una respuesta\u00bb, declar\u00f3 el lunes 2 de marzo el presidente de la Federaci\u00f3n Iran\u00ed de F\u00fatbol, Mehdi Taj, en el canal 3 de la IRIB iran\u00ed. \u00abSeguramente esto ser\u00e1 estudiado por los altos cargos deportivos del pa\u00eds y se tomar\u00e1 una decisi\u00f3n sobre lo que va a pasar. Pero lo que podemos decir ahora es que, debido a este ataque y a su crueldad, est\u00e1 lejos de nuestras expectativas poder mirar el Mundial con esperanza\u00bb.<\/p>\n<p>&nbsp;<\/p>\n<p>La selecci\u00f3n masculina de Ir\u00e1n jugar\u00e1 sus tres partidos de la fase de grupos del Mundial en Estados Unidos. Primero contra Nueva Zelanda y B\u00e9lgica en Los \u00c1ngeles, ciudad sede de los Juegos Ol\u00edmpicos de 2028, y luego contra Egipto en Seattle.<\/p>\n<p>&nbsp;<\/p>\n<p><strong>\u00bfUn Mundial para todos?<\/strong><\/p>\n<p>La FIFA, que organiza el torneo, dice que est\u00e1 observando la situaci\u00f3n y su secretario general, Mattias Grafstrom, ha a\u00f1adido que \u00abnuestro objetivo es celebrar un Mundial seguro en el que participen todos\u00bb.<\/p>\n<p>&nbsp;<\/p>\n<p>Sin embargo, los aficionados iran\u00edes tendr\u00e1n prohibido viajar a Estados Unidos para asistir al torneo, ya que, al igual que otros pa\u00edses clasificados como Costa de Marfil, Senegal y Hait\u00ed, figuran en la lista de prohibici\u00f3n de viaje de Estados Unidos, aunque a jugadores y funcionarios autorizados no les afecta el veto.<\/p>\n<p>&nbsp;<\/p>\n<p>Aun as\u00ed, las prohibiciones de viajar impuestas por Trump y el ambiente general de hostilidad hacia los extranjeros que se percibe por parte de los agentes del ICE tambi\u00e9n suscita preocupaciones en materia de seguridad entre los posibles visitantes.<\/p>\n<p>&nbsp;<\/p>\n<p>Aunque los rumores sobre un boicot europeo al torneo se han calmado ligeramente desde que Trump retir\u00f3 sus amenazas de anexionar Groenlandia por la fuerza a principios de este a\u00f1o, la volatilidad del presidente estadounidense dificulta las predicciones.<\/p>\n<p>&nbsp;<\/p>\n<p>La estrecha relaci\u00f3n de Trump con el presidente de la FIFA, Gianni Infantino, complica a\u00fan m\u00e1s las cosas. Infantino asisti\u00f3 a la presentaci\u00f3n de la Junta de Paz de Trump poco m\u00e1s de una semana antes de los ataques a Ir\u00e1n y luci\u00f3 una gorra al estilo MAGA en el evento.<\/p>\n<p><strong>Fecha de publicaci\u00f3n martes 3 de marzo de 2026\/ DW<\/strong><\/p>\n","protected":false},"excerpt":{"rendered":"<p>A 100 d\u00edas para el inicio de la Copa Mundial de F\u00fatbol de 2026, una&#8230;<\/p>\n","protected":false},"author":1,"featured_media":236535,"comment_status":"open","ping_status":"open","sticky":false,"template":"","format":"standard","meta":{"_monsterinsights_skip_tracking":false,"_monsterinsights_sitenote_active":false,"_monsterinsights_sitenote_note":"","_monsterinsights_sitenote_category":0,"footnotes":""},"categories":[10],"tags":[10966,5408],"class_list":["post"],"yoast_head":" \n<title>Sonora en Equipo. Ir\u00e1n podr\u00eda no asistir al mundial su sede es Los Angeles EE.UU. Deportes<\/title>\n<meta name=\"description\" content=\"A 100 d\u00edas para el inicio de la Copa Mundial de F\u00fatbol de 2026, una serie de eliminatorias que se disputar\u00e1n este mes de marzo determinar\u00e1n los \u00faltimos En Sonora en Equipo publicamos toda la informaci\u00f3n de Sonora, M\u00e9xico y el Mundo de manera oportuna y busca que la libertad de expresi\u00f3n sea real. Visita nuestro medio informativo publicado desde Hermosillo, Sonora. %\" \/>\n<meta name=\"robots\" content=\"index, follow, max-snippet:-1, max-image-preview:large, max-video-preview:-1\" \/>\n<link rel=\"canonical\" href=\"https:\/\/www.sonoraenequipo.com.mx\/iran-podria-no-asistir-al-mundial-su-sede-es-los-angeles-ee-uu\/\" \/>\n<meta property=\"og:locale\" content=\"es_ES\" \/>\n<meta property=\"og:type\" content=\"article\" \/>\n<meta property=\"og:title\" content=\"Sonora en Equipo. Ir\u00e1n podr\u00eda no asistir al mundial su sede es Los Angeles EE.UU. Deportes\" \/>\n<meta property=\"og:description\" content=\"A 100 d\u00edas para el inicio de la Copa Mundial de F\u00fatbol de 2026, una serie de eliminatorias que se disputar\u00e1n este mes de marzo determinar\u00e1n los \u00faltimos En Sonora en Equipo publicamos toda la informaci\u00f3n de Sonora, M\u00e9xico y el Mundo de manera oportuna y busca que la libertad de expresi\u00f3n sea real. Visita nuestro medio informativo publicado desde Hermosillo, Sonora. %\" \/>\n<meta property=\"og:url\" content=\"https:\/\/www.sonoraenequipo.com.mx\/iran-podria-no-asistir-al-mundial-su-sede-es-los-angeles-ee-uu\/\" \/>\n<meta property=\"og:site_name\" content=\"Sonora en Equipo.\" \/>\n<meta property=\"article:publisher\" content=\"https:\/\/www.facebook.com\/SonoraEE\/\" \/>\n<meta property=\"article:author\" content=\"https:\/\/www.facebook.com\/SonoraEE\" \/>\n<meta property=\"article:published_time\" content=\"2026-03-04T20:04:51+00:00\" \/>\n<meta property=\"og:image\" content=\"https:\/\/www.sonoraenequipo.com.mx\/storage\/2026\/03\/iran-futbol.jpg\" \/>\n\t<meta property=\"og:image:width\" content=\"600\" \/>\n\t<meta property=\"og:image:height\" content=\"400\" \/>\n\t<meta property=\"og:image:type\" content=\"image\/jpeg\" \/>\n<meta name=\"author\" content=\"enequipo\" \/>\n<meta name=\"twitter:card\" content=\"summary_large_image\" \/>\n<meta name=\"twitter:creator\" content=\"@sonoraenequipo\" \/>\n<meta name=\"twitter:site\" content=\"@sonoraenequipo\" \/>\n<meta name=\"twitter:label1\" content=\"Escrito por\" \/>\n\t<meta name=\"twitter:data1\" content=\"enequipo\" \/>\n\t<meta name=\"twitter:label2\" content=\"Tiempo de lectura\" \/>\n\t<meta name=\"twitter:data2\" content=\"2 minutos\" \/>\n<script type=\"application\/ld+json\" class=\"yoast-schema-graph\">{\"@context\":\"https:\/\/schema.org\",\"@graph\":[{\"@type\":\"Article\",\"@id\":\"https:\/\/www.sonoraenequipo.com.mx\/iran-podria-no-asistir-al-mundial-su-sede-es-los-angeles-ee-uu\/#article\",\"isPartOf\":{\"@id\":\"https:\/\/www.sonoraenequipo.com.mx\/iran-podria-no-asistir-al-mundial-su-sede-es-los-angeles-ee-uu\/\"},\"author\":{\"name\":\"enequipo\",\"@id\":\"https:\/\/www.sonoraenequipo.com.mx\/#\/schema\/person\/50102df0fb23a8fa9e8effad8fa81386\"},\"headline\":\"Ir\u00e1n podr\u00eda no asistir al mundial su sede es Los Angeles EE.UU.\",\"datePublished\":\"2026-03-04T20:04:51+00:00\",\"mainEntityOfPage\":{\"@id\":\"https:\/\/www.sonoraenequipo.com.mx\/iran-podria-no-asistir-al-mundial-su-sede-es-los-angeles-ee-uu\/\"},\"wordCount\":482,\"commentCount\":0,\"publisher\":{\"@id\":\"https:\/\/www.sonoraenequipo.com.mx\/#organization\"},\"image\":{\"@id\":\"https:\/\/www.sonoraenequipo.com.mx\/iran-podria-no-asistir-al-mundial-su-sede-es-los-angeles-ee-uu\/#primaryimage\"},\"thumbnailUrl\":\"https:\/\/www.sonoraenequipo.com.mx\/storage\/2026\/03\/iran-futbol.jpg\",\"keywords\":[\"2026\",\"mundial\"],\"articleSection\":[\"Deportes\"],\"inLanguage\":\"es\",\"potentialAction\":[{\"@type\":\"CommentAction\",\"name\":\"Comment\",\"target\":[\"https:\/\/www.sonoraenequipo.com.mx\/iran-podria-no-asistir-al-mundial-su-sede-es-los-angeles-ee-uu\/#respond\"]}]},{\"@type\":\"WebPage\",\"@id\":\"https:\/\/www.sonoraenequipo.com.mx\/iran-podria-no-asistir-al-mundial-su-sede-es-los-angeles-ee-uu\/\",\"url\":\"https:\/\/www.sonoraenequipo.com.mx\/iran-podria-no-asistir-al-mundial-su-sede-es-los-angeles-ee-uu\/\",\"name\":\"Sonora en Equipo. Ir\u00e1n podr\u00eda no asistir al mundial su sede es Los Angeles EE.UU. Deportes\",\"isPartOf\":{\"@id\":\"https:\/\/www.sonoraenequipo.com.mx\/#website\"},\"primaryImageOfPage\":{\"@id\":\"https:\/\/www.sonoraenequipo.com.mx\/iran-podria-no-asistir-al-mundial-su-sede-es-los-angeles-ee-uu\/#primaryimage\"},\"image\":{\"@id\":\"https:\/\/www.sonoraenequipo.com.mx\/iran-podria-no-asistir-al-mundial-su-sede-es-los-angeles-ee-uu\/#primaryimage\"},\"thumbnailUrl\":\"https:\/\/www.sonoraenequipo.com.mx\/storage\/2026\/03\/iran-futbol.jpg\",\"datePublished\":\"2026-03-04T20:04:51+00:00\",\"description\":\"A 100 d\u00edas para el inicio de la Copa Mundial de F\u00fatbol de 2026, una serie de eliminatorias que se disputar\u00e1n este mes de marzo determinar\u00e1n los \u00faltimos En Sonora en Equipo publicamos toda la informaci\u00f3n de Sonora, M\u00e9xico y el Mundo de manera oportuna y busca que la libertad de expresi\u00f3n sea real. Visita nuestro medio informativo publicado desde Hermosillo, Sonora. %\",\"breadcrumb\":{\"@id\":\"https:\/\/www.sonoraenequipo.com.mx\/iran-podria-no-asistir-al-mundial-su-sede-es-los-angeles-ee-uu\/#breadcrumb\"},\"inLanguage\":\"es\",\"potentialAction\":[{\"@type\":\"ReadAction\",\"target\":[\"https:\/\/www.sonoraenequipo.com.mx\/iran-podria-no-asistir-al-mundial-su-sede-es-los-angeles-ee-uu\/\"]}]},{\"@type\":\"ImageObject\",\"inLanguage\":\"es\",\"@id\":\"https:\/\/www.sonoraenequipo.com.mx\/iran-podria-no-asistir-al-mundial-su-sede-es-los-angeles-ee-uu\/#primaryimage\",\"url\":\"https:\/\/www.sonoraenequipo.com.mx\/storage\/2026\/03\/iran-futbol.jpg\",\"contentUrl\":\"https:\/\/www.sonoraenequipo.com.mx\/storage\/2026\/03\/iran-futbol.jpg\",\"width\":600,\"height\":400,\"caption\":\"r\u00e1n se ha clasificado para las \u00faltimas cuatro Copas del Mundo, pero es posible que no compita en 2026.Imagen: Sebastian Frej\/IMAGO\"},{\"@type\":\"BreadcrumbList\",\"@id\":\"https:\/\/www.sonoraenequipo.com.mx\/iran-podria-no-asistir-al-mundial-su-sede-es-los-angeles-ee-uu\/#breadcrumb\",\"itemListElement\":[{\"@type\":\"ListItem\",\"position\":1,\"name\":\"Portada\",\"item\":\"https:\/\/www.sonoraenequipo.com.mx\/\"},{\"@type\":\"ListItem\",\"position\":2,\"name\":\"Ir\u00e1n podr\u00eda no asistir al mundial su sede es Los Angeles EE.UU.\"}]},{\"@type\":\"WebSite\",\"@id\":\"https:\/\/www.sonoraenequipo.com.mx\/#website\",\"url\":\"https:\/\/www.sonoraenequipo.com.mx\/\",\"name\":\"Sonora en Equipo.\",\"description\":\"Diario en l\u00ednea con Noticias desde Hermosillo, Sonora\",\"publisher\":{\"@id\":\"https:\/\/www.sonoraenequipo.com.mx\/#organization\"},\"potentialAction\":[{\"@type\":\"SearchAction\",\"target\":{\"@type\":\"EntryPoint\",\"urlTemplate\":\"https:\/\/www.sonoraenequipo.com.mx\/?s={search_term_string}\"},\"query-input\":{\"@type\":\"PropertyValueSpecification\",\"valueRequired\":true,\"valueName\":\"search_term_string\"}}],\"inLanguage\":\"es\"},{\"@type\":\"Organization\",\"@id\":\"https:\/\/www.sonoraenequipo.com.mx\/#organization\",\"name\":\"Sonoraenequipo.com.mx\",\"url\":\"https:\/\/www.sonoraenequipo.com.mx\/\",\"logo\":{\"@type\":\"ImageObject\",\"inLanguage\":\"es\",\"@id\":\"https:\/\/www.sonoraenequipo.com.mx\/#\/schema\/logo\/image\/\",\"url\":\"https:\/\/www.sonoraenequipo.com.mx\/storage\/2019\/01\/sonoraenequipo_opt.png\",\"contentUrl\":\"https:\/\/www.sonoraenequipo.com.mx\/storage\/2019\/01\/sonoraenequipo_opt.png\",\"width\":375,\"height\":125,\"caption\":\"Sonoraenequipo.com.mx\"},\"image\":{\"@id\":\"https:\/\/www.sonoraenequipo.com.mx\/#\/schema\/logo\/image\/\"},\"sameAs\":[\"https:\/\/www.facebook.com\/SonoraEE\/\",\"https:\/\/x.com\/sonoraenequipo\",\"https:\/\/www.youtube.com\/channel\/UC338nW-lPEYmJQs4ZABQ1SQ\"]},{\"@type\":\"Person\",\"@id\":\"https:\/\/www.sonoraenequipo.com.mx\/#\/schema\/person\/50102df0fb23a8fa9e8effad8fa81386\",\"name\":\"enequipo\",\"image\":{\"@type\":\"ImageObject\",\"inLanguage\":\"es\",\"@id\":\"https:\/\/www.sonoraenequipo.com.mx\/#\/schema\/person\/image\/\",\"url\":\"https:\/\/secure.gravatar.com\/avatar\/049821681b589dabc0bc20695993ccebb09f5b5d4d790cd9251b97faac7c652b?s=96&d=blank&r=g\",\"contentUrl\":\"https:\/\/secure.gravatar.com\/avatar\/049821681b589dabc0bc20695993ccebb09f5b5d4d790cd9251b97faac7c652b?s=96&d=blank&r=g\",\"caption\":\"enequipo\"},\"sameAs\":[\"https:\/\/www.facebook.com\/SonoraEE\"]}]}<\/script>\n ","yoast_head_json":{"title":"Sonora en Equipo. Ir\u00e1n podr\u00eda no asistir al mundial su sede es Los Angeles EE.UU. Deportes","description":"A 100 d\u00edas para el inicio de la Copa Mundial de F\u00fatbol de 2026, una serie de eliminatorias que se disputar\u00e1n este mes de marzo determinar\u00e1n los \u00faltimos En Sonora en Equipo publicamos toda la informaci\u00f3n de Sonora, M\u00e9xico y el Mundo de manera oportuna y busca que la libertad de expresi\u00f3n sea real. Visita nuestro medio informativo publicado desde Hermosillo, Sonora. %","robots":{"index":"index","follow":"follow","max-snippet":"max-snippet:-1","max-image-preview":"max-image-preview:large","max-video-preview":"max-video-preview:-1"},"canonical":"https:\/\/www.sonoraenequipo.com.mx\/iran-podria-no-asistir-al-mundial-su-sede-es-los-angeles-ee-uu\/","og_locale":"es_ES","og_type":"article","og_title":"Sonora en Equipo. Ir\u00e1n podr\u00eda no asistir al mundial su sede es Los Angeles EE.UU. Deportes","og_description":"A 100 d\u00edas para el inicio de la Copa Mundial de F\u00fatbol de 2026, una serie de eliminatorias que se disputar\u00e1n este mes de marzo determinar\u00e1n los \u00faltimos En Sonora en Equipo publicamos toda la informaci\u00f3n de Sonora, M\u00e9xico y el Mundo de manera oportuna y busca que la libertad de expresi\u00f3n sea real. Visita nuestro medio informativo publicado desde Hermosillo, Sonora. %","og_url":"https:\/\/www.sonoraenequipo.com.mx\/iran-podria-no-asistir-al-mundial-su-sede-es-los-angeles-ee-uu\/","og_site_name":"Sonora en Equipo.","article_publisher":"https:\/\/www.facebook.com\/SonoraEE\/","article_author":"https:\/\/www.facebook.com\/SonoraEE","article_published_time":"2026-03-04T20:04:51+00:00","og_image":[{"width":600,"height":400,"url":"https:\/\/www.sonoraenequipo.com.mx\/storage\/2026\/03\/iran-futbol.jpg","type":"image\/jpeg"}],"author":"enequipo","twitter_card":"summary_large_image","twitter_creator":"@sonoraenequipo","twitter_site":"@sonoraenequipo","twitter_misc":{"Escrito por":"enequipo","Tiempo de lectura":"2 minutos"},"schema":{"@context":"https:\/\/schema.org","@graph":[{"@type":"Article","@id":"https:\/\/www.sonoraenequipo.com.mx\/iran-podria-no-asistir-al-mundial-su-sede-es-los-angeles-ee-uu\/#article","isPartOf":{"@id":"https:\/\/www.sonoraenequipo.com.mx\/iran-podria-no-asistir-al-mundial-su-sede-es-los-angeles-ee-uu\/"},"author":{"name":"enequipo","@id":"https:\/\/www.sonoraenequipo.com.mx\/#\/schema\/person\/50102df0fb23a8fa9e8effad8fa81386"},"headline":"Ir\u00e1n podr\u00eda no asistir al mundial su sede es Los Angeles EE.UU.","datePublished":"2026-03-04T20:04:51+00:00","mainEntityOfPage":{"@id":"https:\/\/www.sonoraenequipo.com.mx\/iran-podria-no-asistir-al-mundial-su-sede-es-los-angeles-ee-uu\/"},"wordCount":482,"commentCount":0,"publisher":{"@id":"https:\/\/www.sonoraenequipo.com.mx\/#organization"},"image":{"@id":"https:\/\/www.sonoraenequipo.com.mx\/iran-podria-no-asistir-al-mundial-su-sede-es-los-angeles-ee-uu\/#primaryimage"},"thumbnailUrl":"https:\/\/www.sonoraenequipo.com.mx\/storage\/2026\/03\/iran-futbol.jpg","keywords":["2026","mundial"],"articleSection":["Deportes"],"inLanguage":"es","potentialAction":[{"@type":"CommentAction","name":"Comment","target":["https:\/\/www.sonoraenequipo.com.mx\/iran-podria-no-asistir-al-mundial-su-sede-es-los-angeles-ee-uu\/#respond"]}]},{"@type":"WebPage","@id":"https:\/\/www.sonoraenequipo.com.mx\/iran-podria-no-asistir-al-mundial-su-sede-es-los-angeles-ee-uu\/","url":"https:\/\/www.sonoraenequipo.com.mx\/iran-podria-no-asistir-al-mundial-su-sede-es-los-angeles-ee-uu\/","name":"Sonora en Equipo. Ir\u00e1n podr\u00eda no asistir al mundial su sede es Los Angeles EE.UU. Deportes","isPartOf":{"@id":"https:\/\/www.sonoraenequipo.com.mx\/#website"},"primaryImageOfPage":{"@id":"https:\/\/www.sonoraenequipo.com.mx\/iran-podria-no-asistir-al-mundial-su-sede-es-los-angeles-ee-uu\/#primaryimage"},"image":{"@id":"https:\/\/www.sonoraenequipo.com.mx\/iran-podria-no-asistir-al-mundial-su-sede-es-los-angeles-ee-uu\/#primaryimage"},"thumbnailUrl":"https:\/\/www.sonoraenequipo.com.mx\/storage\/2026\/03\/iran-futbol.jpg","datePublished":"2026-03-04T20:04:51+00:00","description":"A 100 d\u00edas para el inicio de la Copa Mundial de F\u00fatbol de 2026, una serie de eliminatorias que se disputar\u00e1n este mes de marzo determinar\u00e1n los \u00faltimos En Sonora en Equipo publicamos toda la informaci\u00f3n de Sonora, M\u00e9xico y el Mundo de manera oportuna y busca que la libertad de expresi\u00f3n sea real. Visita nuestro medio informativo publicado desde Hermosillo, Sonora. %","breadcrumb":{"@id":"https:\/\/www.sonoraenequipo.com.mx\/iran-podria-no-asistir-al-mundial-su-sede-es-los-angeles-ee-uu\/#breadcrumb"},"inLanguage":"es","potentialAction":[{"@type":"ReadAction","target":["https:\/\/www.sonoraenequipo.com.mx\/iran-podria-no-asistir-al-mundial-su-sede-es-los-angeles-ee-uu\/"]}]},{"@type":"ImageObject","inLanguage":"es","@id":"https:\/\/www.sonoraenequipo.com.mx\/iran-podria-no-asistir-al-mundial-su-sede-es-los-angeles-ee-uu\/#primaryimage","url":"https:\/\/www.sonoraenequipo.com.mx\/storage\/2026\/03\/iran-futbol.jpg","contentUrl":"https:\/\/www.sonoraenequipo.com.mx\/storage\/2026\/03\/iran-futbol.jpg","width":600,"height":400,"caption":"r\u00e1n se ha clasificado para las \u00faltimas cuatro Copas del Mundo, pero es posible que no compita en 2026.Imagen: Sebastian Frej\/IMAGO"},{"@type":"BreadcrumbList","@id":"https:\/\/www.sonoraenequipo.com.mx\/iran-podria-no-asistir-al-mundial-su-sede-es-los-angeles-ee-uu\/#breadcrumb","itemListElement":[{"@type":"ListItem","position":1,"name":"Portada","item":"https:\/\/www.sonoraenequipo.com.mx\/"},{"@type":"ListItem","position":2,"name":"Ir\u00e1n podr\u00eda no asistir al mundial su sede es Los Angeles EE.UU."}]},{"@type":"WebSite","@id":"https:\/\/www.sonoraenequipo.com.mx\/#website","url":"https:\/\/www.sonoraenequipo.com.mx\/","name":"Sonora en Equipo.","description":"Diario en l\u00ednea con Noticias desde Hermosillo, Sonora","publisher":{"@id":"https:\/\/www.sonoraenequipo.com.mx\/#organization"},"potentialAction":[{"@type":"SearchAction","target":{"@type":"EntryPoint","urlTemplate":"https:\/\/www.sonoraenequipo.com.mx\/?s={search_term_string}"},"query-input":{"@type":"PropertyValueSpecification","valueRequired":true,"valueName":"search_term_string"}}],"inLanguage":"es"},{"@type":"Organization","@id":"https:\/\/www.sonoraenequipo.com.mx\/#organization","name":"Sonoraenequipo.com.mx","url":"https:\/\/www.sonoraenequipo.com.mx\/","logo":{"@type":"ImageObject","inLanguage":"es","@id":"https:\/\/www.sonoraenequipo.com.mx\/#\/schema\/logo\/image\/","url":"https:\/\/www.sonoraenequipo.com.mx\/storage\/2019\/01\/sonoraenequipo_opt.png","contentUrl":"https:\/\/www.sonoraenequipo.com.mx\/storage\/2019\/01\/sonoraenequipo_opt.png","width":375,"height":125,"caption":"Sonoraenequipo.com.mx"},"image":{"@id":"https:\/\/www.sonoraenequipo.com.mx\/#\/schema\/logo\/image\/"},"sameAs":["https:\/\/www.facebook.com\/SonoraEE\/","https:\/\/x.com\/sonoraenequipo","https:\/\/www.youtube.com\/channel\/UC338nW-lPEYmJQs4ZABQ1SQ"]},{"@type":"Person","@id":"https:\/\/www.sonoraenequipo.com.mx\/#\/schema\/person\/50102df0fb23a8fa9e8effad8fa81386","name":"enequipo","image":{"@type":"ImageObject","inLanguage":"es","@id":"https:\/\/www.sonoraenequipo.com.mx\/#\/schema\/person\/image\/","url":"https:\/\/secure.gravatar.com\/avatar\/049821681b589dabc0bc20695993ccebb09f5b5d4d790cd9251b97faac7c652b?s=96&d=blank&r=g","contentUrl":"https:\/\/secure.gravatar.com\/avatar\/049821681b589dabc0bc20695993ccebb09f5b5d4d790cd9251b97faac7c652b?s=96&d=blank&r=g","caption":"enequipo"},"sameAs":["https:\/\/www.facebook.com\/SonoraEE"]}]}},"jetpack_featured_media_url":"https:\/\/www.sonoraenequipo.com.mx\/storage\/2026\/03\/iran-futbol.jpg","_links":{"self":[{"href":"https:\/\/www.sonoraenequipo.com.mx\/api\/wp\/v2\/posts\/236534","targetHints":{"allow":["GET"]}}],"collection":[{"href":"https:\/\/www.sonoraenequipo.com.mx\/api\/wp\/v2\/posts"}],"about":[{"href":"https:\/\/www.sonoraenequipo.com.mx\/api\/wp\/v2\/types\/post"}],"author":[{"embeddable":true,"href":"https:\/\/www.sonoraenequipo.com.mx\/api\/wp\/v2\/users\/1"}],"replies":[{"embeddable":true,"href":"https:\/\/www.sonoraenequipo.com.mx\/api\/wp\/v2\/comments?post=236534"}],"version-history":[{"count":1,"href":"https:\/\/www.sonoraenequipo.com.mx\/api\/wp\/v2\/posts\/236534\/revisions"}],"predecessor-version":[{"id":236536,"href":"https:\/\/www.sonoraenequipo.com.mx\/api\/wp\/v2\/posts\/236534\/revisions\/236536"}],"wp:featuredmedia":[{"embeddable":true,"href":"https:\/\/www.sonoraenequipo.com.mx\/api\/wp\/v2\/media\/236535"}],"wp:attachment":[{"href":"https:\/\/www.sonoraenequipo.com.mx\/api\/wp\/v2\/media?parent=236534"}],"wp:term":[{"taxonomy":"category","embeddable":true,"href":"https:\/\/www.sonoraenequipo.com.mx\/api\/wp\/v2\/categories?post=236534"},{"taxonomy":"post_tag","embeddable":true,"href":"https:\/\/www.sonoraenequipo.com.mx\/api\/wp\/v2\/tags?post=236534"}],"curies":[{"name":"wp","href":"https:\/\/api.w.org\/{rel}","templated":true}]}}