{"id":236557,"date":"2026-03-04T15:25:27","date_gmt":"2026-03-04T22:25:27","guid":{"rendered":"https:\/\/www.sonoraenequipo.com.mx\/?p=236557"},"modified":"2026-03-04T16:22:48","modified_gmt":"2026-03-04T23:22:48","slug":"rescatara-durazo-parque-ostimuri-de-obregon-llegaran-dos-modernas-gruas-para-el-puerto-de-guaymas","status":"publish","type":"post","link":"https:\/\/www.sonoraenequipo.com.mx\/rescatara-durazo-parque-ostimuri-de-obregon-llegaran-dos-modernas-gruas-para-el-puerto-de-guaymas\/","title":{"rendered":"Rescatar\u00e1 Durazo parque Ostimuri de Obreg\u00f3n; llegar\u00e1n dos modernas gr\u00faas para el puerto de Guaymas"},"content":{"rendered":"<p><strong>HERMOSILLO, SONORA, MX. \u2014<\/strong> El Parque Ostimuri son 78 hect\u00e1reas en el coraz\u00f3n de la ciudad, como le sucedi\u00f3 a La Sauceda, lo que era centro de esparcimiento para Cajemenses, qued\u00f3 en el abandono, salvo la Laguna del Nainari.<\/p>\n<p>&nbsp;<\/p>\n<p>-Estamos invirtiendo en una primera etapa 80 millones de pesos(mdp).<\/p>\n<p>&nbsp;<\/p>\n<p>-Iniciamos con obras en la laguna y en Parque Ostimuri, esperamos ponerla en funcionamiento a mediados de a\u00f1o.<\/p>\n<p>&nbsp;<\/p>\n<p>-Vamos a inaugurar la segunda etapa de La Sauceda, que ya nos deja, el aniversario ser\u00e1 20, 21, y 22 de marzo, habr\u00e1 transporte, vamos a facilitar el transporte del centro de la ciudad, vamos a inaugurar la trotapista, lanchitas, se han sembrado m\u00e1s de diez mil \u00e1rboles.<\/p>\n<p>&nbsp;<\/p>\n<p>-La trotapista se convertir\u00e1 en punto de ejercicio y esparcimiento para las y los hermosillenses.<\/p>\n<p>&nbsp;<\/p>\n<p>-Arbolitos eran realmente peque\u00f1os, eran de la regi\u00f3n para que no sean demandantes de agua.<\/p>\n<p>&nbsp;<\/p>\n<p>-En unos a\u00f1os esto ser\u00e1 un Chapultepec, el equivalente a un Chapultepec para Hermosillo.<\/p>\n<p>&nbsp;<\/p>\n<p>-El lunes se firmar\u00e1 un convenio en la CDMX junto a Bosque de Chapultepec<\/p>\n<p>&nbsp;<\/p>\n<p>-La gente puede ir a pasar el fin de semana sin grandes gastos, cualquiera tiene acceso a las oportunidades de esparcimiento que tiene La Sauceda.<\/p>\n<p>&nbsp;<\/p>\n<p>-Son eventos con un aforo de 10 a 12 mil asistentes.<\/p>\n<p>&nbsp;<\/p>\n<p>-Respecto al puerto de Guaymas, ya vienen dos gr\u00faas en trayecto, ya se van a instalar, son las m\u00e1s modernas del mercado, esto dar\u00e1 capacidad para exportar e importar carga, esto ocurrir\u00e1 a mediados del a\u00f1o.<\/p>\n<p>Respecto a obra en carretera a Bah\u00eda de Kino, es un compromiso que se hizo en campa\u00f1a.<\/p>\n<p>&nbsp;<\/p>\n<p>-Ya se tienen 500 mdp disponibles que permitir\u00e1n llegar hasta el kil\u00f3metro 38.5 con carretera de cuatro carriles renovada, eventualmente en alguna curva pronunciada.<\/p>\n<p>&nbsp;<\/p>\n<p>-Lo que explica parte de los accidentes es el intenso tr\u00e1fico y la condici\u00f3n de deterioro.<\/p>\n<p>&nbsp;<\/p>\n<p>-La ampliaci\u00f3n a cuatro carriles permitir\u00e1 reducir el n\u00famero de accidentes.<\/p>\n<p>&nbsp;<\/p>\n<p>-Nada sustituye la prudencia en el manejo, hay que observar recomendaciones de seguridad carretera que se da en cada uno de los se\u00f1alamientos.<\/p>\n<p>&nbsp;<\/p>\n<p>-Permitir\u00e1 eficientar el tr\u00e1nsito de personas.<\/p>\n<p>&nbsp;<\/p>\n<p>-Esta carretera tendr\u00e1 cuatro carriles, 3.5 metros de ancho de cada uno de los carriles, la incorporaci\u00f3n de una franja central de dos metros, esto ayudar\u00e1 a incrementar la seguridad.<\/p>\n<p>Respecto a obra en carretera a Bah\u00eda de Kino, es un compromiso que se hizo en campa\u00f1a.<\/p>\n<p>&nbsp;<\/p>\n<p>-Ya se tienen 500 mdp disponibles que permitir\u00e1n llegar hasta el kil\u00f3metro 38.5 con carretera de cuatro carriles renovada, eventualmente en alguna curva pronunciada.<\/p>\n<p>&nbsp;<\/p>\n<p>-Lo que explica parte de los accidentes es el intenso tr\u00e1fico y la condici\u00f3n de deterioro.<\/p>\n<p>&nbsp;<\/p>\n<p>-La ampliaci\u00f3n a cuatro carriles permitir\u00e1 reducir el n\u00famero de accidentes.<\/p>\n<p>&nbsp;<\/p>\n<p>-Nada sustituye la prudencia en el manejo, hay que observar recomendaciones de seguridad carretera que se da en cada uno de los se\u00f1alamientos.<\/p>\n<p>&nbsp;<\/p>\n<p>-Permitir\u00e1 eficientar el tr\u00e1nsito de personas.<\/p>\n<p>&nbsp;<\/p>\n<p>-Esta carretera tendr\u00e1 cuatro carriles, 3.5 metros de ancho de cada uno de los carriles, la incorporaci\u00f3n de una franja central de dos metros, esto ayudar\u00e1 a incrementar la seguridad.<\/p>\n<p>-El tema del Libramiento Navojoa, se ha hablado de infraestructura concesionado, es necesario que el estado cuente con ella.<\/p>\n<p>&nbsp;<\/p>\n<p>-Hay que recurrir a esta infraestructura.<\/p>\n<p>&nbsp;<\/p>\n<p>-La carretera S\u00e1sabe-Altar no tiene tr\u00e1fico, una vez que exista carretera el tr\u00e1fico del \u00e1rea de Tucson ir\u00e1 a las playas de esa carretera.<\/p>\n<p>&nbsp;<\/p>\n<p>-Anunciamos el Libramiento Navojoa, tiene 12.5 kil\u00f3metros, es una inversi\u00f3n privada de mil 500 mdp.<\/p>\n<p>&nbsp;<\/p>\n<p>-Va a ahorrar entre 30 y 40 minutos al tomar el libramiento, se reducir\u00e1 en media hora el cruce de la ciudad.<\/p>\n<p>&nbsp;<\/p>\n<p>-Se va a construir un nuevo polo tur\u00edstico en playas de Caborca similar en Puerto Pe\u00f1asco, una vez se construya la carretera S\u00e1sabe-Altar.<\/p>\n<p>&nbsp;<\/p>\n<p>-El de Navojoa es el primero de seis en curso.<\/p>\n<p>&nbsp;<\/p>\n<p>-Es importante del de \u00cdmuris-Cananea, ser\u00eda de 24.5 kil\u00f3metros.<\/p>\n<p>&nbsp;<\/p>\n<p>-Se presentar\u00e1 programa de mejoramiento carretero en el estado la pr\u00f3xima semana.<\/p>\n<p>En el tema de seguridad, Durazo expuso que:Pasamos de tener hasta 36 homicidios a tener solo 9 en febrero, hay una gran coordinaci\u00f3n entre todas las instancias responsables de la seguridad en la capital del estado.<\/p>\n<p>&nbsp;<\/p>\n<p>-Quisiera destacar, las \u00f3rdenes de aprehensi\u00f3n que ha ejecutado la AMIC, en Hermosillo, comparando de febrero a enero hubo incremento en 115% de homicidas detenidos.<\/p>\n<p>&nbsp;<\/p>\n<p>-En materia de seguridad, recibimos en una condici\u00f3n dif\u00edcil, hemos ido avanzando.<\/p>\n<p>&nbsp;<\/p>\n<p>-Caborca dej\u00f3 de ser noticia en materia de inseguridad, significa que han dejado de ser generalizados los problemas.<\/p>\n<p>&nbsp;<\/p>\n<p>-Tenemos baja del 60% a nivel estatal, en el caso de Caborca pasan meses sin que registremos ning\u00fan homicidio.<\/p>\n<p>&nbsp;<\/p>\n<p>-Hemos recuperado todos los ranchos del desierto que estban tomados por grupos criminales.<\/p>\n<p>&nbsp;<\/p>\n<p>-Regresaron nuestros paisanos que trabajan en Estados Unidos, vienen a disfrutar de sus ranchos, hemos recuperado dos minas que estaban en posesi\u00f3n de grupos criminales, mantenemos la presencia.<\/p>\n<p>&nbsp;<\/p>\n<p>-Con cargo a Ficoseg se construir\u00e1n instalaciones permanentes en esa regi\u00f3n, con el objetivo de tener presencia permanente.<\/p>\n<p>El mandatario estatal tambi\u00e9n abord\u00f3 el tema del clima. El calor regresa m\u00e1s tarde que en a\u00f1os anteriores indic\u00f3, hay un \u00a0frente fr\u00edo que se espera para este fin de semana, advirti\u00f3.<\/p>\n<p>Respecto al subsidio a las tarifas de energ\u00eda el\u00e9ctrica, el gobernador aclar\u00f3 que el acuerdo del \u00a0ex presidente L\u00f3pez Obrador garantiza certidumbre en el subsidio, ya no se gestiona a\u00f1o con a\u00f1o \u00a0de acuerdo con CFE.<\/p>\n<p>&nbsp;<\/p>\n<p>-1750 mdp este a\u00f1o para subsidio de tarifa el\u00e9ctrica, proviene de los ingresos que genera la planta de energ\u00eda limpia.<\/p>\n<p>&nbsp;<\/p>\n<p>-Es una obra digna prodigio de ingenier\u00eda, se traduce para los sonorenses en un respaldo y certidumbre.<\/p>\n<p>&nbsp;<\/p>\n<p>-Pronto iniciar\u00e1 construcci\u00f3n de planta de licuefacci\u00f3n en Guaymas LNG.<\/p>\n<p>&nbsp;<\/p>\n<p>-Debemos incorporar el derecho a la electricidad, en nuestro estado \u00e9ramos deficitarios en energ\u00eda, pero la intensidad solar ha representado una bendici\u00f3n porque gracias al avance tecnol\u00f3gico se puede convertir en energ\u00eda fotovoltaica.<\/p>\n<p>Sobre la industria del bacanora Alfonso Durazo record\u00f3 que se reactiv\u00f3 la denominaci\u00f3n de origen, era algo que se hab\u00eda perdido, no se le hab\u00eda dado seguimiento, inauguramos una planta de primer mundo.<\/p>\n<p>-Produce mil litros diarios, 365 mil al a\u00f1o, representar\u00e1 muy pronto una vertiente fundamental de la econom\u00eda del estado.<\/p>\n<p>&nbsp;<\/p>\n<p>-En el caso del estadio de Navojoa se va apoyar, es un pueblo aficionado al beisbol, el hecho de que el estado recupere las instalaciones, ese costo no se le va cargar al boleto de acceso, el tema del beisbol no se ve como negocio, se ve como oportunidad de esparcimiento.<\/p>\n<p>&nbsp;<\/p>\n<p>-Se necesitan 120 mdp, se har\u00e1n las gestiones para llevarlo a cabo.<\/p>\n<p>&nbsp;<\/p>\n<p><strong>Fecha de publicaci\u00f3n mi\u00e9rcoles 4 de marzo de 2026<\/strong><\/p>\n<p>&nbsp;<\/p>\n","protected":false},"excerpt":{"rendered":"<p>HERMOSILLO, SONORA, MX. \u2014 El Parque Ostimuri son 78 hect\u00e1reas en el coraz\u00f3n de la&#8230;<\/p>\n","protected":false},"author":1,"featured_media":193584,"comment_status":"open","ping_status":"open","sticky":false,"template":"","format":"standard","meta":{"_monsterinsights_skip_tracking":false,"_monsterinsights_sitenote_active":false,"_monsterinsights_sitenote_note":"","_monsterinsights_sitenote_category":0,"footnotes":""},"categories":[22],"tags":[2200],"class_list":["post"],"yoast_head":" \n<title>Sonora en Equipo. Rescatar\u00e1 Durazo parque Ostimuri de Obreg\u00f3n; llegar\u00e1n dos modernas gr\u00faas para el puerto de Guaymas Sonora<\/title>\n<meta name=\"description\" content=\"HERMOSILLO, SONORA, MX. \u2014 El Parque Ostimuri son 78 hect\u00e1reas en el coraz\u00f3n de la ciudad, como le sucedi\u00f3 a La Sauceda, lo que era centro de esparcimiento En Sonora en Equipo publicamos toda la informaci\u00f3n de Sonora, M\u00e9xico y el Mundo de manera oportuna y busca que la libertad de expresi\u00f3n sea real. Visita nuestro medio informativo publicado desde Hermosillo, Sonora. %\" \/>\n<meta name=\"robots\" content=\"index, follow, max-snippet:-1, max-image-preview:large, max-video-preview:-1\" \/>\n<link rel=\"canonical\" href=\"https:\/\/www.sonoraenequipo.com.mx\/rescatara-durazo-parque-ostimuri-de-obregon-llegaran-dos-modernas-gruas-para-el-puerto-de-guaymas\/\" \/>\n<meta property=\"og:locale\" content=\"es_ES\" \/>\n<meta property=\"og:type\" content=\"article\" \/>\n<meta property=\"og:title\" content=\"Sonora en Equipo. Rescatar\u00e1 Durazo parque Ostimuri de Obreg\u00f3n; llegar\u00e1n dos modernas gr\u00faas para el puerto de Guaymas Sonora\" \/>\n<meta property=\"og:description\" content=\"HERMOSILLO, SONORA, MX. \u2014 El Parque Ostimuri son 78 hect\u00e1reas en el coraz\u00f3n de la ciudad, como le sucedi\u00f3 a La Sauceda, lo que era centro de esparcimiento En Sonora en Equipo publicamos toda la informaci\u00f3n de Sonora, M\u00e9xico y el Mundo de manera oportuna y busca que la libertad de expresi\u00f3n sea real. Visita nuestro medio informativo publicado desde Hermosillo, Sonora. %\" \/>\n<meta property=\"og:url\" content=\"https:\/\/www.sonoraenequipo.com.mx\/rescatara-durazo-parque-ostimuri-de-obregon-llegaran-dos-modernas-gruas-para-el-puerto-de-guaymas\/\" \/>\n<meta property=\"og:site_name\" content=\"Sonora en Equipo.\" \/>\n<meta property=\"article:publisher\" content=\"https:\/\/www.facebook.com\/SonoraEE\/\" \/>\n<meta property=\"article:author\" content=\"https:\/\/www.facebook.com\/SonoraEE\" \/>\n<meta property=\"article:published_time\" content=\"2026-03-04T22:25:27+00:00\" \/>\n<meta property=\"article:modified_time\" content=\"2026-03-04T23:22:48+00:00\" \/>\n<meta property=\"og:image\" content=\"https:\/\/www.sonoraenequipo.com.mx\/storage\/2024\/07\/adm-rp.jpg\" \/>\n\t<meta property=\"og:image:width\" content=\"800\" \/>\n\t<meta property=\"og:image:height\" content=\"533\" \/>\n\t<meta property=\"og:image:type\" content=\"image\/jpeg\" \/>\n<meta name=\"author\" content=\"enequipo\" \/>\n<meta name=\"twitter:card\" content=\"summary_large_image\" \/>\n<meta name=\"twitter:creator\" content=\"@sonoraenequipo\" \/>\n<meta name=\"twitter:site\" content=\"@sonoraenequipo\" \/>\n<meta name=\"twitter:label1\" content=\"Escrito por\" \/>\n\t<meta name=\"twitter:data1\" content=\"enequipo\" \/>\n\t<meta name=\"twitter:label2\" content=\"Tiempo de lectura\" \/>\n\t<meta name=\"twitter:data2\" content=\"6 minutos\" \/>\n<script type=\"application\/ld+json\" class=\"yoast-schema-graph\">{\"@context\":\"https:\/\/schema.org\",\"@graph\":[{\"@type\":\"Article\",\"@id\":\"https:\/\/www.sonoraenequipo.com.mx\/rescatara-durazo-parque-ostimuri-de-obregon-llegaran-dos-modernas-gruas-para-el-puerto-de-guaymas\/#article\",\"isPartOf\":{\"@id\":\"https:\/\/www.sonoraenequipo.com.mx\/rescatara-durazo-parque-ostimuri-de-obregon-llegaran-dos-modernas-gruas-para-el-puerto-de-guaymas\/\"},\"author\":{\"name\":\"enequipo\",\"@id\":\"https:\/\/www.sonoraenequipo.com.mx\/#\/schema\/person\/50102df0fb23a8fa9e8effad8fa81386\"},\"headline\":\"Rescatar\u00e1 Durazo parque Ostimuri de Obreg\u00f3n; llegar\u00e1n dos modernas gr\u00faas para el puerto de Guaymas\",\"datePublished\":\"2026-03-04T22:25:27+00:00\",\"dateModified\":\"2026-03-04T23:22:48+00:00\",\"mainEntityOfPage\":{\"@id\":\"https:\/\/www.sonoraenequipo.com.mx\/rescatara-durazo-parque-ostimuri-de-obregon-llegaran-dos-modernas-gruas-para-el-puerto-de-guaymas\/\"},\"wordCount\":1196,\"commentCount\":0,\"publisher\":{\"@id\":\"https:\/\/www.sonoraenequipo.com.mx\/#organization\"},\"image\":{\"@id\":\"https:\/\/www.sonoraenequipo.com.mx\/rescatara-durazo-parque-ostimuri-de-obregon-llegaran-dos-modernas-gruas-para-el-puerto-de-guaymas\/#primaryimage\"},\"thumbnailUrl\":\"https:\/\/www.sonoraenequipo.com.mx\/storage\/2024\/07\/adm-rp.jpg\",\"keywords\":[\"Alfonso Durazo\"],\"articleSection\":[\"Sonora\"],\"inLanguage\":\"es\",\"potentialAction\":[{\"@type\":\"CommentAction\",\"name\":\"Comment\",\"target\":[\"https:\/\/www.sonoraenequipo.com.mx\/rescatara-durazo-parque-ostimuri-de-obregon-llegaran-dos-modernas-gruas-para-el-puerto-de-guaymas\/#respond\"]}]},{\"@type\":\"WebPage\",\"@id\":\"https:\/\/www.sonoraenequipo.com.mx\/rescatara-durazo-parque-ostimuri-de-obregon-llegaran-dos-modernas-gruas-para-el-puerto-de-guaymas\/\",\"url\":\"https:\/\/www.sonoraenequipo.com.mx\/rescatara-durazo-parque-ostimuri-de-obregon-llegaran-dos-modernas-gruas-para-el-puerto-de-guaymas\/\",\"name\":\"Sonora en Equipo. Rescatar\u00e1 Durazo parque Ostimuri de Obreg\u00f3n; llegar\u00e1n dos modernas gr\u00faas para el puerto de Guaymas Sonora\",\"isPartOf\":{\"@id\":\"https:\/\/www.sonoraenequipo.com.mx\/#website\"},\"primaryImageOfPage\":{\"@id\":\"https:\/\/www.sonoraenequipo.com.mx\/rescatara-durazo-parque-ostimuri-de-obregon-llegaran-dos-modernas-gruas-para-el-puerto-de-guaymas\/#primaryimage\"},\"image\":{\"@id\":\"https:\/\/www.sonoraenequipo.com.mx\/rescatara-durazo-parque-ostimuri-de-obregon-llegaran-dos-modernas-gruas-para-el-puerto-de-guaymas\/#primaryimage\"},\"thumbnailUrl\":\"https:\/\/www.sonoraenequipo.com.mx\/storage\/2024\/07\/adm-rp.jpg\",\"datePublished\":\"2026-03-04T22:25:27+00:00\",\"dateModified\":\"2026-03-04T23:22:48+00:00\",\"description\":\"HERMOSILLO, SONORA, MX. \u2014 El Parque Ostimuri son 78 hect\u00e1reas en el coraz\u00f3n de la ciudad, como le sucedi\u00f3 a La Sauceda, lo que era centro de esparcimiento En Sonora en Equipo publicamos toda la informaci\u00f3n de Sonora, M\u00e9xico y el Mundo de manera oportuna y busca que la libertad de expresi\u00f3n sea real. Visita nuestro medio informativo publicado desde Hermosillo, Sonora. %\",\"breadcrumb\":{\"@id\":\"https:\/\/www.sonoraenequipo.com.mx\/rescatara-durazo-parque-ostimuri-de-obregon-llegaran-dos-modernas-gruas-para-el-puerto-de-guaymas\/#breadcrumb\"},\"inLanguage\":\"es\",\"potentialAction\":[{\"@type\":\"ReadAction\",\"target\":[\"https:\/\/www.sonoraenequipo.com.mx\/rescatara-durazo-parque-ostimuri-de-obregon-llegaran-dos-modernas-gruas-para-el-puerto-de-guaymas\/\"]}]},{\"@type\":\"ImageObject\",\"inLanguage\":\"es\",\"@id\":\"https:\/\/www.sonoraenequipo.com.mx\/rescatara-durazo-parque-ostimuri-de-obregon-llegaran-dos-modernas-gruas-para-el-puerto-de-guaymas\/#primaryimage\",\"url\":\"https:\/\/www.sonoraenequipo.com.mx\/storage\/2024\/07\/adm-rp.jpg\",\"contentUrl\":\"https:\/\/www.sonoraenequipo.com.mx\/storage\/2024\/07\/adm-rp.jpg\",\"width\":800,\"height\":533},{\"@type\":\"BreadcrumbList\",\"@id\":\"https:\/\/www.sonoraenequipo.com.mx\/rescatara-durazo-parque-ostimuri-de-obregon-llegaran-dos-modernas-gruas-para-el-puerto-de-guaymas\/#breadcrumb\",\"itemListElement\":[{\"@type\":\"ListItem\",\"position\":1,\"name\":\"Portada\",\"item\":\"https:\/\/www.sonoraenequipo.com.mx\/\"},{\"@type\":\"ListItem\",\"position\":2,\"name\":\"Rescatar\u00e1 Durazo parque Ostimuri de Obreg\u00f3n; llegar\u00e1n dos modernas gr\u00faas para el puerto de Guaymas\"}]},{\"@type\":\"WebSite\",\"@id\":\"https:\/\/www.sonoraenequipo.com.mx\/#website\",\"url\":\"https:\/\/www.sonoraenequipo.com.mx\/\",\"name\":\"Sonora en Equipo.\",\"description\":\"Diario en l\u00ednea con Noticias desde Hermosillo, Sonora\",\"publisher\":{\"@id\":\"https:\/\/www.sonoraenequipo.com.mx\/#organization\"},\"potentialAction\":[{\"@type\":\"SearchAction\",\"target\":{\"@type\":\"EntryPoint\",\"urlTemplate\":\"https:\/\/www.sonoraenequipo.com.mx\/?s={search_term_string}\"},\"query-input\":{\"@type\":\"PropertyValueSpecification\",\"valueRequired\":true,\"valueName\":\"search_term_string\"}}],\"inLanguage\":\"es\"},{\"@type\":\"Organization\",\"@id\":\"https:\/\/www.sonoraenequipo.com.mx\/#organization\",\"name\":\"Sonoraenequipo.com.mx\",\"url\":\"https:\/\/www.sonoraenequipo.com.mx\/\",\"logo\":{\"@type\":\"ImageObject\",\"inLanguage\":\"es\",\"@id\":\"https:\/\/www.sonoraenequipo.com.mx\/#\/schema\/logo\/image\/\",\"url\":\"https:\/\/www.sonoraenequipo.com.mx\/storage\/2019\/01\/sonoraenequipo_opt.png\",\"contentUrl\":\"https:\/\/www.sonoraenequipo.com.mx\/storage\/2019\/01\/sonoraenequipo_opt.png\",\"width\":375,\"height\":125,\"caption\":\"Sonoraenequipo.com.mx\"},\"image\":{\"@id\":\"https:\/\/www.sonoraenequipo.com.mx\/#\/schema\/logo\/image\/\"},\"sameAs\":[\"https:\/\/www.facebook.com\/SonoraEE\/\",\"https:\/\/x.com\/sonoraenequipo\",\"https:\/\/www.youtube.com\/channel\/UC338nW-lPEYmJQs4ZABQ1SQ\"]},{\"@type\":\"Person\",\"@id\":\"https:\/\/www.sonoraenequipo.com.mx\/#\/schema\/person\/50102df0fb23a8fa9e8effad8fa81386\",\"name\":\"enequipo\",\"image\":{\"@type\":\"ImageObject\",\"inLanguage\":\"es\",\"@id\":\"https:\/\/www.sonoraenequipo.com.mx\/#\/schema\/person\/image\/\",\"url\":\"https:\/\/secure.gravatar.com\/avatar\/049821681b589dabc0bc20695993ccebb09f5b5d4d790cd9251b97faac7c652b?s=96&d=blank&r=g\",\"contentUrl\":\"https:\/\/secure.gravatar.com\/avatar\/049821681b589dabc0bc20695993ccebb09f5b5d4d790cd9251b97faac7c652b?s=96&d=blank&r=g\",\"caption\":\"enequipo\"},\"sameAs\":[\"https:\/\/www.facebook.com\/SonoraEE\"]}]}<\/script>\n ","yoast_head_json":{"title":"Sonora en Equipo. Rescatar\u00e1 Durazo parque Ostimuri de Obreg\u00f3n; llegar\u00e1n dos modernas gr\u00faas para el puerto de Guaymas Sonora","description":"HERMOSILLO, SONORA, MX. \u2014 El Parque Ostimuri son 78 hect\u00e1reas en el coraz\u00f3n de la ciudad, como le sucedi\u00f3 a La Sauceda, lo que era centro de esparcimiento En Sonora en Equipo publicamos toda la informaci\u00f3n de Sonora, M\u00e9xico y el Mundo de manera oportuna y busca que la libertad de expresi\u00f3n sea real. Visita nuestro medio informativo publicado desde Hermosillo, Sonora. %","robots":{"index":"index","follow":"follow","max-snippet":"max-snippet:-1","max-image-preview":"max-image-preview:large","max-video-preview":"max-video-preview:-1"},"canonical":"https:\/\/www.sonoraenequipo.com.mx\/rescatara-durazo-parque-ostimuri-de-obregon-llegaran-dos-modernas-gruas-para-el-puerto-de-guaymas\/","og_locale":"es_ES","og_type":"article","og_title":"Sonora en Equipo. Rescatar\u00e1 Durazo parque Ostimuri de Obreg\u00f3n; llegar\u00e1n dos modernas gr\u00faas para el puerto de Guaymas Sonora","og_description":"HERMOSILLO, SONORA, MX. \u2014 El Parque Ostimuri son 78 hect\u00e1reas en el coraz\u00f3n de la ciudad, como le sucedi\u00f3 a La Sauceda, lo que era centro de esparcimiento En Sonora en Equipo publicamos toda la informaci\u00f3n de Sonora, M\u00e9xico y el Mundo de manera oportuna y busca que la libertad de expresi\u00f3n sea real. Visita nuestro medio informativo publicado desde Hermosillo, Sonora. %","og_url":"https:\/\/www.sonoraenequipo.com.mx\/rescatara-durazo-parque-ostimuri-de-obregon-llegaran-dos-modernas-gruas-para-el-puerto-de-guaymas\/","og_site_name":"Sonora en Equipo.","article_publisher":"https:\/\/www.facebook.com\/SonoraEE\/","article_author":"https:\/\/www.facebook.com\/SonoraEE","article_published_time":"2026-03-04T22:25:27+00:00","article_modified_time":"2026-03-04T23:22:48+00:00","og_image":[{"width":800,"height":533,"url":"https:\/\/www.sonoraenequipo.com.mx\/storage\/2024\/07\/adm-rp.jpg","type":"image\/jpeg"}],"author":"enequipo","twitter_card":"summary_large_image","twitter_creator":"@sonoraenequipo","twitter_site":"@sonoraenequipo","twitter_misc":{"Escrito por":"enequipo","Tiempo de lectura":"6 minutos"},"schema":{"@context":"https:\/\/schema.org","@graph":[{"@type":"Article","@id":"https:\/\/www.sonoraenequipo.com.mx\/rescatara-durazo-parque-ostimuri-de-obregon-llegaran-dos-modernas-gruas-para-el-puerto-de-guaymas\/#article","isPartOf":{"@id":"https:\/\/www.sonoraenequipo.com.mx\/rescatara-durazo-parque-ostimuri-de-obregon-llegaran-dos-modernas-gruas-para-el-puerto-de-guaymas\/"},"author":{"name":"enequipo","@id":"https:\/\/www.sonoraenequipo.com.mx\/#\/schema\/person\/50102df0fb23a8fa9e8effad8fa81386"},"headline":"Rescatar\u00e1 Durazo parque Ostimuri de Obreg\u00f3n; llegar\u00e1n dos modernas gr\u00faas para el puerto de Guaymas","datePublished":"2026-03-04T22:25:27+00:00","dateModified":"2026-03-04T23:22:48+00:00","mainEntityOfPage":{"@id":"https:\/\/www.sonoraenequipo.com.mx\/rescatara-durazo-parque-ostimuri-de-obregon-llegaran-dos-modernas-gruas-para-el-puerto-de-guaymas\/"},"wordCount":1196,"commentCount":0,"publisher":{"@id":"https:\/\/www.sonoraenequipo.com.mx\/#organization"},"image":{"@id":"https:\/\/www.sonoraenequipo.com.mx\/rescatara-durazo-parque-ostimuri-de-obregon-llegaran-dos-modernas-gruas-para-el-puerto-de-guaymas\/#primaryimage"},"thumbnailUrl":"https:\/\/www.sonoraenequipo.com.mx\/storage\/2024\/07\/adm-rp.jpg","keywords":["Alfonso Durazo"],"articleSection":["Sonora"],"inLanguage":"es","potentialAction":[{"@type":"CommentAction","name":"Comment","target":["https:\/\/www.sonoraenequipo.com.mx\/rescatara-durazo-parque-ostimuri-de-obregon-llegaran-dos-modernas-gruas-para-el-puerto-de-guaymas\/#respond"]}]},{"@type":"WebPage","@id":"https:\/\/www.sonoraenequipo.com.mx\/rescatara-durazo-parque-ostimuri-de-obregon-llegaran-dos-modernas-gruas-para-el-puerto-de-guaymas\/","url":"https:\/\/www.sonoraenequipo.com.mx\/rescatara-durazo-parque-ostimuri-de-obregon-llegaran-dos-modernas-gruas-para-el-puerto-de-guaymas\/","name":"Sonora en Equipo. Rescatar\u00e1 Durazo parque Ostimuri de Obreg\u00f3n; llegar\u00e1n dos modernas gr\u00faas para el puerto de Guaymas Sonora","isPartOf":{"@id":"https:\/\/www.sonoraenequipo.com.mx\/#website"},"primaryImageOfPage":{"@id":"https:\/\/www.sonoraenequipo.com.mx\/rescatara-durazo-parque-ostimuri-de-obregon-llegaran-dos-modernas-gruas-para-el-puerto-de-guaymas\/#primaryimage"},"image":{"@id":"https:\/\/www.sonoraenequipo.com.mx\/rescatara-durazo-parque-ostimuri-de-obregon-llegaran-dos-modernas-gruas-para-el-puerto-de-guaymas\/#primaryimage"},"thumbnailUrl":"https:\/\/www.sonoraenequipo.com.mx\/storage\/2024\/07\/adm-rp.jpg","datePublished":"2026-03-04T22:25:27+00:00","dateModified":"2026-03-04T23:22:48+00:00","description":"HERMOSILLO, SONORA, MX. \u2014 El Parque Ostimuri son 78 hect\u00e1reas en el coraz\u00f3n de la ciudad, como le sucedi\u00f3 a La Sauceda, lo que era centro de esparcimiento En Sonora en Equipo publicamos toda la informaci\u00f3n de Sonora, M\u00e9xico y el Mundo de manera oportuna y busca que la libertad de expresi\u00f3n sea real. Visita nuestro medio informativo publicado desde Hermosillo, Sonora. %","breadcrumb":{"@id":"https:\/\/www.sonoraenequipo.com.mx\/rescatara-durazo-parque-ostimuri-de-obregon-llegaran-dos-modernas-gruas-para-el-puerto-de-guaymas\/#breadcrumb"},"inLanguage":"es","potentialAction":[{"@type":"ReadAction","target":["https:\/\/www.sonoraenequipo.com.mx\/rescatara-durazo-parque-ostimuri-de-obregon-llegaran-dos-modernas-gruas-para-el-puerto-de-guaymas\/"]}]},{"@type":"ImageObject","inLanguage":"es","@id":"https:\/\/www.sonoraenequipo.com.mx\/rescatara-durazo-parque-ostimuri-de-obregon-llegaran-dos-modernas-gruas-para-el-puerto-de-guaymas\/#primaryimage","url":"https:\/\/www.sonoraenequipo.com.mx\/storage\/2024\/07\/adm-rp.jpg","contentUrl":"https:\/\/www.sonoraenequipo.com.mx\/storage\/2024\/07\/adm-rp.jpg","width":800,"height":533},{"@type":"BreadcrumbList","@id":"https:\/\/www.sonoraenequipo.com.mx\/rescatara-durazo-parque-ostimuri-de-obregon-llegaran-dos-modernas-gruas-para-el-puerto-de-guaymas\/#breadcrumb","itemListElement":[{"@type":"ListItem","position":1,"name":"Portada","item":"https:\/\/www.sonoraenequipo.com.mx\/"},{"@type":"ListItem","position":2,"name":"Rescatar\u00e1 Durazo parque Ostimuri de Obreg\u00f3n; llegar\u00e1n dos modernas gr\u00faas para el puerto de Guaymas"}]},{"@type":"WebSite","@id":"https:\/\/www.sonoraenequipo.com.mx\/#website","url":"https:\/\/www.sonoraenequipo.com.mx\/","name":"Sonora en Equipo.","description":"Diario en l\u00ednea con Noticias desde Hermosillo, Sonora","publisher":{"@id":"https:\/\/www.sonoraenequipo.com.mx\/#organization"},"potentialAction":[{"@type":"SearchAction","target":{"@type":"EntryPoint","urlTemplate":"https:\/\/www.sonoraenequipo.com.mx\/?s={search_term_string}"},"query-input":{"@type":"PropertyValueSpecification","valueRequired":true,"valueName":"search_term_string"}}],"inLanguage":"es"},{"@type":"Organization","@id":"https:\/\/www.sonoraenequipo.com.mx\/#organization","name":"Sonoraenequipo.com.mx","url":"https:\/\/www.sonoraenequipo.com.mx\/","logo":{"@type":"ImageObject","inLanguage":"es","@id":"https:\/\/www.sonoraenequipo.com.mx\/#\/schema\/logo\/image\/","url":"https:\/\/www.sonoraenequipo.com.mx\/storage\/2019\/01\/sonoraenequipo_opt.png","contentUrl":"https:\/\/www.sonoraenequipo.com.mx\/storage\/2019\/01\/sonoraenequipo_opt.png","width":375,"height":125,"caption":"Sonoraenequipo.com.mx"},"image":{"@id":"https:\/\/www.sonoraenequipo.com.mx\/#\/schema\/logo\/image\/"},"sameAs":["https:\/\/www.facebook.com\/SonoraEE\/","https:\/\/x.com\/sonoraenequipo","https:\/\/www.youtube.com\/channel\/UC338nW-lPEYmJQs4ZABQ1SQ"]},{"@type":"Person","@id":"https:\/\/www.sonoraenequipo.com.mx\/#\/schema\/person\/50102df0fb23a8fa9e8effad8fa81386","name":"enequipo","image":{"@type":"ImageObject","inLanguage":"es","@id":"https:\/\/www.sonoraenequipo.com.mx\/#\/schema\/person\/image\/","url":"https:\/\/secure.gravatar.com\/avatar\/049821681b589dabc0bc20695993ccebb09f5b5d4d790cd9251b97faac7c652b?s=96&d=blank&r=g","contentUrl":"https:\/\/secure.gravatar.com\/avatar\/049821681b589dabc0bc20695993ccebb09f5b5d4d790cd9251b97faac7c652b?s=96&d=blank&r=g","caption":"enequipo"},"sameAs":["https:\/\/www.facebook.com\/SonoraEE"]}]}},"jetpack_featured_media_url":"https:\/\/www.sonoraenequipo.com.mx\/storage\/2024\/07\/adm-rp.jpg","_links":{"self":[{"href":"https:\/\/www.sonoraenequipo.com.mx\/api\/wp\/v2\/posts\/236557","targetHints":{"allow":["GET"]}}],"collection":[{"href":"https:\/\/www.sonoraenequipo.com.mx\/api\/wp\/v2\/posts"}],"about":[{"href":"https:\/\/www.sonoraenequipo.com.mx\/api\/wp\/v2\/types\/post"}],"author":[{"embeddable":true,"href":"https:\/\/www.sonoraenequipo.com.mx\/api\/wp\/v2\/users\/1"}],"replies":[{"embeddable":true,"href":"https:\/\/www.sonoraenequipo.com.mx\/api\/wp\/v2\/comments?post=236557"}],"version-history":[{"count":2,"href":"https:\/\/www.sonoraenequipo.com.mx\/api\/wp\/v2\/posts\/236557\/revisions"}],"predecessor-version":[{"id":236561,"href":"https:\/\/www.sonoraenequipo.com.mx\/api\/wp\/v2\/posts\/236557\/revisions\/236561"}],"wp:featuredmedia":[{"embeddable":true,"href":"https:\/\/www.sonoraenequipo.com.mx\/api\/wp\/v2\/media\/193584"}],"wp:attachment":[{"href":"https:\/\/www.sonoraenequipo.com.mx\/api\/wp\/v2\/media?parent=236557"}],"wp:term":[{"taxonomy":"category","embeddable":true,"href":"https:\/\/www.sonoraenequipo.com.mx\/api\/wp\/v2\/categories?post=236557"},{"taxonomy":"post_tag","embeddable":true,"href":"https:\/\/www.sonoraenequipo.com.mx\/api\/wp\/v2\/tags?post=236557"}],"curies":[{"name":"wp","href":"https:\/\/api.w.org\/{rel}","templated":true}]}}