{"id":236562,"date":"2026-03-04T16:38:31","date_gmt":"2026-03-04T23:38:31","guid":{"rendered":"https:\/\/www.sonoraenequipo.com.mx\/?p=236562"},"modified":"2026-03-04T16:45:53","modified_gmt":"2026-03-04T23:45:53","slug":"eu-estrena-misiles-de-precision-de-largo-alcance-contra-iran","status":"publish","type":"post","link":"https:\/\/www.sonoraenequipo.com.mx\/eu-estrena-misiles-de-precision-de-largo-alcance-contra-iran\/","title":{"rendered":"EU estrena misiles de precisi\u00f3n de largo alcance contra Ir\u00e1n"},"content":{"rendered":"<p><b>ESTADOS UNIDOS DE NORTE DE AM\u00c9RICA<\/b><b>.\u2014\u00a0 <\/b>El ej\u00e9rcito estadunidense utiliz\u00f3 por primera vez misiles de precisi\u00f3n de largo alcance en sus recientes ataques contra Ir\u00e1n, inform\u00f3 este mi\u00e9rcoles el Comando Central (Centcom).<\/p>\n<p>&nbsp;<\/p>\n<p>&nbsp;<\/p>\n<p> <\/p>\n<p><strong><em>\u00abEn un hecho hist\u00f3rico, se utilizaron en combate misiles de ataque de precisi\u00f3n de largo alcance (PrSM) durante la Operaci\u00f3n Furia \u00c9pica, lo que proporcion\u00f3 una capacidad de ataque en profundidad sin precedentes\u00bb,<\/em><\/strong> indic\u00f3 el Comando en la red social X\u200b\u200b\u200b.<\/p>\n<p>&nbsp;<\/p>\n<p>&nbsp;<\/p>\n<p><em><strong>\u00abEstoy sumamente orgulloso de nuestros hombres y mujeres uniformados que aprovechan la innovaci\u00f3n para crear dilemas al enemigo\u00bb,<\/strong><\/em> afirm\u00f3 el Almirante Brad Cooper, Comandante del CENTCOM.<\/p>\n<p>&nbsp;<\/p>\n<p>&nbsp;<\/p>\n<p>&nbsp;<\/p>\n<p>PUBLICADO EL 04 DE MARZO 2026 Con informaci\u00f3n de LA JORNADA\/AP)<\/p>\n","protected":false},"excerpt":{"rendered":"<p>ESTADOS UNIDOS DE NORTE DE AM\u00c9RICA.\u2014\u00a0 El ej\u00e9rcito estadunidense utiliz\u00f3 por primera vez misiles de&#8230;<\/p>\n","protected":false},"author":1,"featured_media":236563,"comment_status":"open","ping_status":"open","sticky":false,"template":"","format":"standard","meta":{"_monsterinsights_skip_tracking":false,"_monsterinsights_sitenote_active":false,"_monsterinsights_sitenote_note":"","_monsterinsights_sitenote_category":0,"footnotes":""},"categories":[3],"tags":[],"class_list":["post"],"yoast_head":" \n<title>Sonora en Equipo. EU estrena misiles de precisi\u00f3n de largo alcance contra Ir\u00e1n MUNDO<\/title>\n<meta name=\"description\" content=\"ESTADOS UNIDOS DE NORTE DE AM\u00c9RICA.\u2014\u00a0 El ej\u00e9rcito estadunidense utiliz\u00f3 por primera vez misiles de precisi\u00f3n de largo alcance en sus recientes ataques En Sonora en Equipo publicamos toda la informaci\u00f3n de Sonora, M\u00e9xico y el Mundo de manera oportuna y busca que la libertad de expresi\u00f3n sea real. Visita nuestro medio informativo publicado desde Hermosillo, Sonora. %\" \/>\n<meta name=\"robots\" content=\"index, follow, max-snippet:-1, max-image-preview:large, max-video-preview:-1\" \/>\n<link rel=\"canonical\" href=\"https:\/\/www.sonoraenequipo.com.mx\/eu-estrena-misiles-de-precision-de-largo-alcance-contra-iran\/\" \/>\n<meta property=\"og:locale\" content=\"es_ES\" \/>\n<meta property=\"og:type\" content=\"article\" \/>\n<meta property=\"og:title\" content=\"Sonora en Equipo. EU estrena misiles de precisi\u00f3n de largo alcance contra Ir\u00e1n MUNDO\" \/>\n<meta property=\"og:description\" content=\"ESTADOS UNIDOS DE NORTE DE AM\u00c9RICA.\u2014\u00a0 El ej\u00e9rcito estadunidense utiliz\u00f3 por primera vez misiles de precisi\u00f3n de largo alcance en sus recientes ataques En Sonora en Equipo publicamos toda la informaci\u00f3n de Sonora, M\u00e9xico y el Mundo de manera oportuna y busca que la libertad de expresi\u00f3n sea real. Visita nuestro medio informativo publicado desde Hermosillo, Sonora. %\" \/>\n<meta property=\"og:url\" content=\"https:\/\/www.sonoraenequipo.com.mx\/eu-estrena-misiles-de-precision-de-largo-alcance-contra-iran\/\" \/>\n<meta property=\"og:site_name\" content=\"Sonora en Equipo.\" \/>\n<meta property=\"article:publisher\" content=\"https:\/\/www.facebook.com\/SonoraEE\/\" \/>\n<meta property=\"article:author\" content=\"https:\/\/www.facebook.com\/SonoraEE\" \/>\n<meta property=\"article:published_time\" content=\"2026-03-04T23:38:31+00:00\" \/>\n<meta property=\"article:modified_time\" content=\"2026-03-04T23:45:53+00:00\" \/>\n<meta property=\"og:image\" content=\"https:\/\/www.sonoraenequipo.com.mx\/storage\/2026\/03\/aaque-contra-drones-1.jpg\" \/>\n\t<meta property=\"og:image:width\" content=\"1000\" \/>\n\t<meta property=\"og:image:height\" content=\"560\" \/>\n\t<meta property=\"og:image:type\" content=\"image\/jpeg\" \/>\n<meta name=\"author\" content=\"enequipo\" \/>\n<meta name=\"twitter:card\" content=\"summary_large_image\" \/>\n<meta name=\"twitter:creator\" content=\"@sonoraenequipo\" \/>\n<meta name=\"twitter:site\" content=\"@sonoraenequipo\" \/>\n<meta name=\"twitter:label1\" content=\"Escrito por\" \/>\n\t<meta name=\"twitter:data1\" content=\"enequipo\" \/>\n\t<meta name=\"twitter:label2\" content=\"Tiempo de lectura\" \/>\n\t<meta name=\"twitter:data2\" content=\"1 minuto\" \/>\n<script type=\"application\/ld+json\" class=\"yoast-schema-graph\">{\"@context\":\"https:\/\/schema.org\",\"@graph\":[{\"@type\":\"Article\",\"@id\":\"https:\/\/www.sonoraenequipo.com.mx\/eu-estrena-misiles-de-precision-de-largo-alcance-contra-iran\/#article\",\"isPartOf\":{\"@id\":\"https:\/\/www.sonoraenequipo.com.mx\/eu-estrena-misiles-de-precision-de-largo-alcance-contra-iran\/\"},\"author\":{\"name\":\"enequipo\",\"@id\":\"https:\/\/www.sonoraenequipo.com.mx\/#\/schema\/person\/50102df0fb23a8fa9e8effad8fa81386\"},\"headline\":\"EU estrena misiles de precisi\u00f3n de largo alcance contra Ir\u00e1n\",\"datePublished\":\"2026-03-04T23:38:31+00:00\",\"dateModified\":\"2026-03-04T23:45:53+00:00\",\"mainEntityOfPage\":{\"@id\":\"https:\/\/www.sonoraenequipo.com.mx\/eu-estrena-misiles-de-precision-de-largo-alcance-contra-iran\/\"},\"wordCount\":138,\"commentCount\":0,\"publisher\":{\"@id\":\"https:\/\/www.sonoraenequipo.com.mx\/#organization\"},\"image\":{\"@id\":\"https:\/\/www.sonoraenequipo.com.mx\/eu-estrena-misiles-de-precision-de-largo-alcance-contra-iran\/#primaryimage\"},\"thumbnailUrl\":\"https:\/\/www.sonoraenequipo.com.mx\/storage\/2026\/03\/aaque-contra-drones-1.jpg\",\"articleSection\":[\"MUNDO\"],\"inLanguage\":\"es\",\"potentialAction\":[{\"@type\":\"CommentAction\",\"name\":\"Comment\",\"target\":[\"https:\/\/www.sonoraenequipo.com.mx\/eu-estrena-misiles-de-precision-de-largo-alcance-contra-iran\/#respond\"]}]},{\"@type\":\"WebPage\",\"@id\":\"https:\/\/www.sonoraenequipo.com.mx\/eu-estrena-misiles-de-precision-de-largo-alcance-contra-iran\/\",\"url\":\"https:\/\/www.sonoraenequipo.com.mx\/eu-estrena-misiles-de-precision-de-largo-alcance-contra-iran\/\",\"name\":\"Sonora en Equipo. EU estrena misiles de precisi\u00f3n de largo alcance contra Ir\u00e1n MUNDO\",\"isPartOf\":{\"@id\":\"https:\/\/www.sonoraenequipo.com.mx\/#website\"},\"primaryImageOfPage\":{\"@id\":\"https:\/\/www.sonoraenequipo.com.mx\/eu-estrena-misiles-de-precision-de-largo-alcance-contra-iran\/#primaryimage\"},\"image\":{\"@id\":\"https:\/\/www.sonoraenequipo.com.mx\/eu-estrena-misiles-de-precision-de-largo-alcance-contra-iran\/#primaryimage\"},\"thumbnailUrl\":\"https:\/\/www.sonoraenequipo.com.mx\/storage\/2026\/03\/aaque-contra-drones-1.jpg\",\"datePublished\":\"2026-03-04T23:38:31+00:00\",\"dateModified\":\"2026-03-04T23:45:53+00:00\",\"description\":\"ESTADOS UNIDOS DE NORTE DE AM\u00c9RICA.\u2014\u00a0 El ej\u00e9rcito estadunidense utiliz\u00f3 por primera vez misiles de precisi\u00f3n de largo alcance en sus recientes ataques En Sonora en Equipo publicamos toda la informaci\u00f3n de Sonora, M\u00e9xico y el Mundo de manera oportuna y busca que la libertad de expresi\u00f3n sea real. Visita nuestro medio informativo publicado desde Hermosillo, Sonora. %\",\"breadcrumb\":{\"@id\":\"https:\/\/www.sonoraenequipo.com.mx\/eu-estrena-misiles-de-precision-de-largo-alcance-contra-iran\/#breadcrumb\"},\"inLanguage\":\"es\",\"potentialAction\":[{\"@type\":\"ReadAction\",\"target\":[\"https:\/\/www.sonoraenequipo.com.mx\/eu-estrena-misiles-de-precision-de-largo-alcance-contra-iran\/\"]}]},{\"@type\":\"ImageObject\",\"inLanguage\":\"es\",\"@id\":\"https:\/\/www.sonoraenequipo.com.mx\/eu-estrena-misiles-de-precision-de-largo-alcance-contra-iran\/#primaryimage\",\"url\":\"https:\/\/www.sonoraenequipo.com.mx\/storage\/2026\/03\/aaque-contra-drones-1.jpg\",\"contentUrl\":\"https:\/\/www.sonoraenequipo.com.mx\/storage\/2026\/03\/aaque-contra-drones-1.jpg\",\"width\":1000,\"height\":560},{\"@type\":\"BreadcrumbList\",\"@id\":\"https:\/\/www.sonoraenequipo.com.mx\/eu-estrena-misiles-de-precision-de-largo-alcance-contra-iran\/#breadcrumb\",\"itemListElement\":[{\"@type\":\"ListItem\",\"position\":1,\"name\":\"Portada\",\"item\":\"https:\/\/www.sonoraenequipo.com.mx\/\"},{\"@type\":\"ListItem\",\"position\":2,\"name\":\"EU estrena misiles de precisi\u00f3n de largo alcance contra Ir\u00e1n\"}]},{\"@type\":\"WebSite\",\"@id\":\"https:\/\/www.sonoraenequipo.com.mx\/#website\",\"url\":\"https:\/\/www.sonoraenequipo.com.mx\/\",\"name\":\"Sonora en Equipo.\",\"description\":\"Diario en l\u00ednea con Noticias desde Hermosillo, Sonora\",\"publisher\":{\"@id\":\"https:\/\/www.sonoraenequipo.com.mx\/#organization\"},\"potentialAction\":[{\"@type\":\"SearchAction\",\"target\":{\"@type\":\"EntryPoint\",\"urlTemplate\":\"https:\/\/www.sonoraenequipo.com.mx\/?s={search_term_string}\"},\"query-input\":{\"@type\":\"PropertyValueSpecification\",\"valueRequired\":true,\"valueName\":\"search_term_string\"}}],\"inLanguage\":\"es\"},{\"@type\":\"Organization\",\"@id\":\"https:\/\/www.sonoraenequipo.com.mx\/#organization\",\"name\":\"Sonoraenequipo.com.mx\",\"url\":\"https:\/\/www.sonoraenequipo.com.mx\/\",\"logo\":{\"@type\":\"ImageObject\",\"inLanguage\":\"es\",\"@id\":\"https:\/\/www.sonoraenequipo.com.mx\/#\/schema\/logo\/image\/\",\"url\":\"https:\/\/www.sonoraenequipo.com.mx\/storage\/2019\/01\/sonoraenequipo_opt.png\",\"contentUrl\":\"https:\/\/www.sonoraenequipo.com.mx\/storage\/2019\/01\/sonoraenequipo_opt.png\",\"width\":375,\"height\":125,\"caption\":\"Sonoraenequipo.com.mx\"},\"image\":{\"@id\":\"https:\/\/www.sonoraenequipo.com.mx\/#\/schema\/logo\/image\/\"},\"sameAs\":[\"https:\/\/www.facebook.com\/SonoraEE\/\",\"https:\/\/x.com\/sonoraenequipo\",\"https:\/\/www.youtube.com\/channel\/UC338nW-lPEYmJQs4ZABQ1SQ\"]},{\"@type\":\"Person\",\"@id\":\"https:\/\/www.sonoraenequipo.com.mx\/#\/schema\/person\/50102df0fb23a8fa9e8effad8fa81386\",\"name\":\"enequipo\",\"image\":{\"@type\":\"ImageObject\",\"inLanguage\":\"es\",\"@id\":\"https:\/\/www.sonoraenequipo.com.mx\/#\/schema\/person\/image\/\",\"url\":\"https:\/\/secure.gravatar.com\/avatar\/049821681b589dabc0bc20695993ccebb09f5b5d4d790cd9251b97faac7c652b?s=96&d=blank&r=g\",\"contentUrl\":\"https:\/\/secure.gravatar.com\/avatar\/049821681b589dabc0bc20695993ccebb09f5b5d4d790cd9251b97faac7c652b?s=96&d=blank&r=g\",\"caption\":\"enequipo\"},\"sameAs\":[\"https:\/\/www.facebook.com\/SonoraEE\"]}]}<\/script>\n ","yoast_head_json":{"title":"Sonora en Equipo. EU estrena misiles de precisi\u00f3n de largo alcance contra Ir\u00e1n MUNDO","description":"ESTADOS UNIDOS DE NORTE DE AM\u00c9RICA.\u2014\u00a0 El ej\u00e9rcito estadunidense utiliz\u00f3 por primera vez misiles de precisi\u00f3n de largo alcance en sus recientes ataques En Sonora en Equipo publicamos toda la informaci\u00f3n de Sonora, M\u00e9xico y el Mundo de manera oportuna y busca que la libertad de expresi\u00f3n sea real. Visita nuestro medio informativo publicado desde Hermosillo, Sonora. %","robots":{"index":"index","follow":"follow","max-snippet":"max-snippet:-1","max-image-preview":"max-image-preview:large","max-video-preview":"max-video-preview:-1"},"canonical":"https:\/\/www.sonoraenequipo.com.mx\/eu-estrena-misiles-de-precision-de-largo-alcance-contra-iran\/","og_locale":"es_ES","og_type":"article","og_title":"Sonora en Equipo. EU estrena misiles de precisi\u00f3n de largo alcance contra Ir\u00e1n MUNDO","og_description":"ESTADOS UNIDOS DE NORTE DE AM\u00c9RICA.\u2014\u00a0 El ej\u00e9rcito estadunidense utiliz\u00f3 por primera vez misiles de precisi\u00f3n de largo alcance en sus recientes ataques En Sonora en Equipo publicamos toda la informaci\u00f3n de Sonora, M\u00e9xico y el Mundo de manera oportuna y busca que la libertad de expresi\u00f3n sea real. Visita nuestro medio informativo publicado desde Hermosillo, Sonora. %","og_url":"https:\/\/www.sonoraenequipo.com.mx\/eu-estrena-misiles-de-precision-de-largo-alcance-contra-iran\/","og_site_name":"Sonora en Equipo.","article_publisher":"https:\/\/www.facebook.com\/SonoraEE\/","article_author":"https:\/\/www.facebook.com\/SonoraEE","article_published_time":"2026-03-04T23:38:31+00:00","article_modified_time":"2026-03-04T23:45:53+00:00","og_image":[{"width":1000,"height":560,"url":"https:\/\/www.sonoraenequipo.com.mx\/storage\/2026\/03\/aaque-contra-drones-1.jpg","type":"image\/jpeg"}],"author":"enequipo","twitter_card":"summary_large_image","twitter_creator":"@sonoraenequipo","twitter_site":"@sonoraenequipo","twitter_misc":{"Escrito por":"enequipo","Tiempo de lectura":"1 minuto"},"schema":{"@context":"https:\/\/schema.org","@graph":[{"@type":"Article","@id":"https:\/\/www.sonoraenequipo.com.mx\/eu-estrena-misiles-de-precision-de-largo-alcance-contra-iran\/#article","isPartOf":{"@id":"https:\/\/www.sonoraenequipo.com.mx\/eu-estrena-misiles-de-precision-de-largo-alcance-contra-iran\/"},"author":{"name":"enequipo","@id":"https:\/\/www.sonoraenequipo.com.mx\/#\/schema\/person\/50102df0fb23a8fa9e8effad8fa81386"},"headline":"EU estrena misiles de precisi\u00f3n de largo alcance contra Ir\u00e1n","datePublished":"2026-03-04T23:38:31+00:00","dateModified":"2026-03-04T23:45:53+00:00","mainEntityOfPage":{"@id":"https:\/\/www.sonoraenequipo.com.mx\/eu-estrena-misiles-de-precision-de-largo-alcance-contra-iran\/"},"wordCount":138,"commentCount":0,"publisher":{"@id":"https:\/\/www.sonoraenequipo.com.mx\/#organization"},"image":{"@id":"https:\/\/www.sonoraenequipo.com.mx\/eu-estrena-misiles-de-precision-de-largo-alcance-contra-iran\/#primaryimage"},"thumbnailUrl":"https:\/\/www.sonoraenequipo.com.mx\/storage\/2026\/03\/aaque-contra-drones-1.jpg","articleSection":["MUNDO"],"inLanguage":"es","potentialAction":[{"@type":"CommentAction","name":"Comment","target":["https:\/\/www.sonoraenequipo.com.mx\/eu-estrena-misiles-de-precision-de-largo-alcance-contra-iran\/#respond"]}]},{"@type":"WebPage","@id":"https:\/\/www.sonoraenequipo.com.mx\/eu-estrena-misiles-de-precision-de-largo-alcance-contra-iran\/","url":"https:\/\/www.sonoraenequipo.com.mx\/eu-estrena-misiles-de-precision-de-largo-alcance-contra-iran\/","name":"Sonora en Equipo. EU estrena misiles de precisi\u00f3n de largo alcance contra Ir\u00e1n MUNDO","isPartOf":{"@id":"https:\/\/www.sonoraenequipo.com.mx\/#website"},"primaryImageOfPage":{"@id":"https:\/\/www.sonoraenequipo.com.mx\/eu-estrena-misiles-de-precision-de-largo-alcance-contra-iran\/#primaryimage"},"image":{"@id":"https:\/\/www.sonoraenequipo.com.mx\/eu-estrena-misiles-de-precision-de-largo-alcance-contra-iran\/#primaryimage"},"thumbnailUrl":"https:\/\/www.sonoraenequipo.com.mx\/storage\/2026\/03\/aaque-contra-drones-1.jpg","datePublished":"2026-03-04T23:38:31+00:00","dateModified":"2026-03-04T23:45:53+00:00","description":"ESTADOS UNIDOS DE NORTE DE AM\u00c9RICA.\u2014\u00a0 El ej\u00e9rcito estadunidense utiliz\u00f3 por primera vez misiles de precisi\u00f3n de largo alcance en sus recientes ataques En Sonora en Equipo publicamos toda la informaci\u00f3n de Sonora, M\u00e9xico y el Mundo de manera oportuna y busca que la libertad de expresi\u00f3n sea real. Visita nuestro medio informativo publicado desde Hermosillo, Sonora. %","breadcrumb":{"@id":"https:\/\/www.sonoraenequipo.com.mx\/eu-estrena-misiles-de-precision-de-largo-alcance-contra-iran\/#breadcrumb"},"inLanguage":"es","potentialAction":[{"@type":"ReadAction","target":["https:\/\/www.sonoraenequipo.com.mx\/eu-estrena-misiles-de-precision-de-largo-alcance-contra-iran\/"]}]},{"@type":"ImageObject","inLanguage":"es","@id":"https:\/\/www.sonoraenequipo.com.mx\/eu-estrena-misiles-de-precision-de-largo-alcance-contra-iran\/#primaryimage","url":"https:\/\/www.sonoraenequipo.com.mx\/storage\/2026\/03\/aaque-contra-drones-1.jpg","contentUrl":"https:\/\/www.sonoraenequipo.com.mx\/storage\/2026\/03\/aaque-contra-drones-1.jpg","width":1000,"height":560},{"@type":"BreadcrumbList","@id":"https:\/\/www.sonoraenequipo.com.mx\/eu-estrena-misiles-de-precision-de-largo-alcance-contra-iran\/#breadcrumb","itemListElement":[{"@type":"ListItem","position":1,"name":"Portada","item":"https:\/\/www.sonoraenequipo.com.mx\/"},{"@type":"ListItem","position":2,"name":"EU estrena misiles de precisi\u00f3n de largo alcance contra Ir\u00e1n"}]},{"@type":"WebSite","@id":"https:\/\/www.sonoraenequipo.com.mx\/#website","url":"https:\/\/www.sonoraenequipo.com.mx\/","name":"Sonora en Equipo.","description":"Diario en l\u00ednea con Noticias desde Hermosillo, Sonora","publisher":{"@id":"https:\/\/www.sonoraenequipo.com.mx\/#organization"},"potentialAction":[{"@type":"SearchAction","target":{"@type":"EntryPoint","urlTemplate":"https:\/\/www.sonoraenequipo.com.mx\/?s={search_term_string}"},"query-input":{"@type":"PropertyValueSpecification","valueRequired":true,"valueName":"search_term_string"}}],"inLanguage":"es"},{"@type":"Organization","@id":"https:\/\/www.sonoraenequipo.com.mx\/#organization","name":"Sonoraenequipo.com.mx","url":"https:\/\/www.sonoraenequipo.com.mx\/","logo":{"@type":"ImageObject","inLanguage":"es","@id":"https:\/\/www.sonoraenequipo.com.mx\/#\/schema\/logo\/image\/","url":"https:\/\/www.sonoraenequipo.com.mx\/storage\/2019\/01\/sonoraenequipo_opt.png","contentUrl":"https:\/\/www.sonoraenequipo.com.mx\/storage\/2019\/01\/sonoraenequipo_opt.png","width":375,"height":125,"caption":"Sonoraenequipo.com.mx"},"image":{"@id":"https:\/\/www.sonoraenequipo.com.mx\/#\/schema\/logo\/image\/"},"sameAs":["https:\/\/www.facebook.com\/SonoraEE\/","https:\/\/x.com\/sonoraenequipo","https:\/\/www.youtube.com\/channel\/UC338nW-lPEYmJQs4ZABQ1SQ"]},{"@type":"Person","@id":"https:\/\/www.sonoraenequipo.com.mx\/#\/schema\/person\/50102df0fb23a8fa9e8effad8fa81386","name":"enequipo","image":{"@type":"ImageObject","inLanguage":"es","@id":"https:\/\/www.sonoraenequipo.com.mx\/#\/schema\/person\/image\/","url":"https:\/\/secure.gravatar.com\/avatar\/049821681b589dabc0bc20695993ccebb09f5b5d4d790cd9251b97faac7c652b?s=96&d=blank&r=g","contentUrl":"https:\/\/secure.gravatar.com\/avatar\/049821681b589dabc0bc20695993ccebb09f5b5d4d790cd9251b97faac7c652b?s=96&d=blank&r=g","caption":"enequipo"},"sameAs":["https:\/\/www.facebook.com\/SonoraEE"]}]}},"jetpack_featured_media_url":"https:\/\/www.sonoraenequipo.com.mx\/storage\/2026\/03\/aaque-contra-drones-1.jpg","_links":{"self":[{"href":"https:\/\/www.sonoraenequipo.com.mx\/api\/wp\/v2\/posts\/236562","targetHints":{"allow":["GET"]}}],"collection":[{"href":"https:\/\/www.sonoraenequipo.com.mx\/api\/wp\/v2\/posts"}],"about":[{"href":"https:\/\/www.sonoraenequipo.com.mx\/api\/wp\/v2\/types\/post"}],"author":[{"embeddable":true,"href":"https:\/\/www.sonoraenequipo.com.mx\/api\/wp\/v2\/users\/1"}],"replies":[{"embeddable":true,"href":"https:\/\/www.sonoraenequipo.com.mx\/api\/wp\/v2\/comments?post=236562"}],"version-history":[{"count":3,"href":"https:\/\/www.sonoraenequipo.com.mx\/api\/wp\/v2\/posts\/236562\/revisions"}],"predecessor-version":[{"id":236566,"href":"https:\/\/www.sonoraenequipo.com.mx\/api\/wp\/v2\/posts\/236562\/revisions\/236566"}],"wp:featuredmedia":[{"embeddable":true,"href":"https:\/\/www.sonoraenequipo.com.mx\/api\/wp\/v2\/media\/236563"}],"wp:attachment":[{"href":"https:\/\/www.sonoraenequipo.com.mx\/api\/wp\/v2\/media?parent=236562"}],"wp:term":[{"taxonomy":"category","embeddable":true,"href":"https:\/\/www.sonoraenequipo.com.mx\/api\/wp\/v2\/categories?post=236562"},{"taxonomy":"post_tag","embeddable":true,"href":"https:\/\/www.sonoraenequipo.com.mx\/api\/wp\/v2\/tags?post=236562"}],"curies":[{"name":"wp","href":"https:\/\/api.w.org\/{rel}","templated":true}]}}