{"id":236570,"date":"2026-03-04T17:36:48","date_gmt":"2026-03-05T00:36:48","guid":{"rendered":"https:\/\/www.sonoraenequipo.com.mx\/?p=236570"},"modified":"2026-03-04T17:36:48","modified_gmt":"2026-03-05T00:36:48","slug":"entronizaran-a-21-personajes-del-deporte-al-salon-de-la-fama-del-deportista-hermosillense","status":"publish","type":"post","link":"https:\/\/www.sonoraenequipo.com.mx\/entronizaran-a-21-personajes-del-deporte-al-salon-de-la-fama-del-deportista-hermosillense\/","title":{"rendered":"Entronizar\u00e1n a 21 personajes del deporte al Sal\u00f3n de la Fama del Deportista Hermosillense \u00a0"},"content":{"rendered":"<p><strong>HERMOSILLO, SONORA, MX. \u2014<\/strong> El talento que ech\u00f3 ra\u00edces en Hermosillo y ha puesto en alto nombre de la capital sonorense regresar\u00e1 a casa para recibir el reconocimiento de su comunidad, anunci\u00f3 el Ayuntamiento de Hermosillo ante la incorporaci\u00f3n de 21 personajes entre deportistas y cronistas al Sal\u00f3n de la Fama del Deportista Hermosillense a trav\u00e9s del programa \u201cBienvenido a Casa\u201d.<\/p>\n<p>&nbsp;<\/p>\n<p>Rafael Cruz Flores, director del Instituto del Deporte de Hermosillo (IDH) explic\u00f3 que dicha iniciativa tiene como prop\u00f3sito que deportistas hermosillenses o radicados en la ciudad, previamente entronizados en el Sal\u00f3n de la Fama del Deportista Sonorense, sean tambi\u00e9n reconocidos a nivel municipal, honrando no solo sus logros competitivos, sino tambi\u00e9n su contribuci\u00f3n a la formaci\u00f3n de nuevas generaciones y al fortalecimiento del tejido social.<\/p>\n<p>&nbsp;<\/p>\n<p>\u201cComo todos saben El Sal\u00f3n de la Fama del Deportista Hermosillense est\u00e1 ubicado en la Unidad Deportiva Nacameri en el gimnasio Sergio Maldonado, entonces nosotros tenemos un evento donde los deportistas entronizados que est\u00e1n ya en el Sal\u00f3n de la Fama del Deportista Sonorense, los que son de Hermosillo los trasladamos tambi\u00e9n a su casa en el municipio\u201d, expres\u00f3 Rafael Cruz Flores, director del Instituto del Deporte de Hermosillo.<\/p>\n<p>&nbsp;<\/p>\n<p>Durante el anuncio, en el que tambi\u00e9n estuvo presente Ren\u00e9 N\u00e1jera, presidente del Consejo Directivo del Sal\u00f3n de la Fama, se destac\u00f3 que muchos de los homenajeados no solo pusieron en alto el nombre de Hermosillo en competencias estatales, nacionales e internacionales, sino que adem\u00e1s han realizado importantes labores comunitarias que han impactado positivamente a distintas generaciones.<\/p>\n<p>&nbsp;<\/p>\n<p>\u201cEs la tercera edici\u00f3n que estamos tratando de traer a todos los deportistas hermosillenses que est\u00e1n en el Sal\u00f3n de la Fama de Sonora y en este caso tenemos contemplado 21 personas que ingresar\u00e1n, de los cuales nos sentimos muy orgullosos de que formen parte del grupo que ya est\u00e1n entronizados, ahorita tenemos 88 por medio de convocatorias y 42 que ya hemos rescatado, con estos 21 ya sumar\u00e1n 63 que son bienvenidos a casa\u00bb, coment\u00f3 Alejandro Flores, director del Comit\u00e9 del Sal\u00f3n de la Fama del Deportista Hermosillense.<\/p>\n<p>&nbsp;<\/p>\n<p>Las autoridades invitaron a la ciudadan\u00eda a estar pendiente de la fecha de entronizaci\u00f3n y, en caso de conocer a alg\u00fan deportista que merezca un espacio en el Sal\u00f3n de la Fama, recomendarlo en las oficinas del Instituto del Deporte de Hermosillo ubicadas en bulevar Camino del Seri y Arroyo Claro, colonia Nacameri.<\/p>\n<p><strong>Fecha de publicaci\u00f3n mi\u00e9rcoles 4 de marzo de 2026<\/strong><\/p>\n<p>&nbsp;<\/p>\n","protected":false},"excerpt":{"rendered":"<p>HERMOSILLO, SONORA, MX. \u2014 El talento que ech\u00f3 ra\u00edces en Hermosillo y ha puesto en&#8230;<\/p>\n","protected":false},"author":1,"featured_media":236571,"comment_status":"open","ping_status":"open","sticky":false,"template":"","format":"standard","meta":{"_monsterinsights_skip_tracking":false,"_monsterinsights_sitenote_active":false,"_monsterinsights_sitenote_note":"","_monsterinsights_sitenote_category":0,"footnotes":""},"categories":[10],"tags":[12433],"class_list":["post"],"yoast_head":" \n<title>Sonora en Equipo. Entronizar\u00e1n a 21 personajes del deporte al Sal\u00f3n de la Fama del Deportista Hermosillense \u00a0 Deportes<\/title>\n<meta name=\"description\" content=\"HERMOSILLO, SONORA, MX. \u2014 El talento que ech\u00f3 ra\u00edces en Hermosillo y ha puesto en alto nombre de la capital sonorense regresar\u00e1 a casa para recibir el En Sonora en Equipo publicamos toda la informaci\u00f3n de Sonora, M\u00e9xico y el Mundo de manera oportuna y busca que la libertad de expresi\u00f3n sea real. Visita nuestro medio informativo publicado desde Hermosillo, Sonora. %\" \/>\n<meta name=\"robots\" content=\"index, follow, max-snippet:-1, max-image-preview:large, max-video-preview:-1\" \/>\n<link rel=\"canonical\" href=\"https:\/\/www.sonoraenequipo.com.mx\/entronizaran-a-21-personajes-del-deporte-al-salon-de-la-fama-del-deportista-hermosillense\/\" \/>\n<meta property=\"og:locale\" content=\"es_ES\" \/>\n<meta property=\"og:type\" content=\"article\" \/>\n<meta property=\"og:title\" content=\"Sonora en Equipo. Entronizar\u00e1n a 21 personajes del deporte al Sal\u00f3n de la Fama del Deportista Hermosillense \u00a0 Deportes\" \/>\n<meta property=\"og:description\" content=\"HERMOSILLO, SONORA, MX. \u2014 El talento que ech\u00f3 ra\u00edces en Hermosillo y ha puesto en alto nombre de la capital sonorense regresar\u00e1 a casa para recibir el En Sonora en Equipo publicamos toda la informaci\u00f3n de Sonora, M\u00e9xico y el Mundo de manera oportuna y busca que la libertad de expresi\u00f3n sea real. Visita nuestro medio informativo publicado desde Hermosillo, Sonora. %\" \/>\n<meta property=\"og:url\" content=\"https:\/\/www.sonoraenequipo.com.mx\/entronizaran-a-21-personajes-del-deporte-al-salon-de-la-fama-del-deportista-hermosillense\/\" \/>\n<meta property=\"og:site_name\" content=\"Sonora en Equipo.\" \/>\n<meta property=\"article:publisher\" content=\"https:\/\/www.facebook.com\/SonoraEE\/\" \/>\n<meta property=\"article:author\" content=\"https:\/\/www.facebook.com\/SonoraEE\" \/>\n<meta property=\"article:published_time\" content=\"2026-03-05T00:36:48+00:00\" \/>\n<meta property=\"og:image\" content=\"https:\/\/www.sonoraenequipo.com.mx\/storage\/2026\/03\/salon-fama.jpg\" \/>\n\t<meta property=\"og:image:width\" content=\"600\" \/>\n\t<meta property=\"og:image:height\" content=\"400\" \/>\n\t<meta property=\"og:image:type\" content=\"image\/jpeg\" \/>\n<meta name=\"author\" content=\"enequipo\" \/>\n<meta name=\"twitter:card\" content=\"summary_large_image\" \/>\n<meta name=\"twitter:creator\" content=\"@sonoraenequipo\" \/>\n<meta name=\"twitter:site\" content=\"@sonoraenequipo\" \/>\n<meta name=\"twitter:label1\" content=\"Escrito por\" \/>\n\t<meta name=\"twitter:data1\" content=\"enequipo\" \/>\n\t<meta name=\"twitter:label2\" content=\"Tiempo de lectura\" \/>\n\t<meta name=\"twitter:data2\" content=\"2 minutos\" \/>\n<script type=\"application\/ld+json\" class=\"yoast-schema-graph\">{\"@context\":\"https:\/\/schema.org\",\"@graph\":[{\"@type\":\"Article\",\"@id\":\"https:\/\/www.sonoraenequipo.com.mx\/entronizaran-a-21-personajes-del-deporte-al-salon-de-la-fama-del-deportista-hermosillense\/#article\",\"isPartOf\":{\"@id\":\"https:\/\/www.sonoraenequipo.com.mx\/entronizaran-a-21-personajes-del-deporte-al-salon-de-la-fama-del-deportista-hermosillense\/\"},\"author\":{\"name\":\"enequipo\",\"@id\":\"https:\/\/www.sonoraenequipo.com.mx\/#\/schema\/person\/50102df0fb23a8fa9e8effad8fa81386\"},\"headline\":\"Entronizar\u00e1n a 21 personajes del deporte al Sal\u00f3n de la Fama del Deportista Hermosillense \u00a0\",\"datePublished\":\"2026-03-05T00:36:48+00:00\",\"mainEntityOfPage\":{\"@id\":\"https:\/\/www.sonoraenequipo.com.mx\/entronizaran-a-21-personajes-del-deporte-al-salon-de-la-fama-del-deportista-hermosillense\/\"},\"wordCount\":446,\"commentCount\":0,\"publisher\":{\"@id\":\"https:\/\/www.sonoraenequipo.com.mx\/#organization\"},\"image\":{\"@id\":\"https:\/\/www.sonoraenequipo.com.mx\/entronizaran-a-21-personajes-del-deporte-al-salon-de-la-fama-del-deportista-hermosillense\/#primaryimage\"},\"thumbnailUrl\":\"https:\/\/www.sonoraenequipo.com.mx\/storage\/2026\/03\/salon-fama.jpg\",\"keywords\":[\"salon fama. hermosillo\"],\"articleSection\":[\"Deportes\"],\"inLanguage\":\"es\",\"potentialAction\":[{\"@type\":\"CommentAction\",\"name\":\"Comment\",\"target\":[\"https:\/\/www.sonoraenequipo.com.mx\/entronizaran-a-21-personajes-del-deporte-al-salon-de-la-fama-del-deportista-hermosillense\/#respond\"]}]},{\"@type\":\"WebPage\",\"@id\":\"https:\/\/www.sonoraenequipo.com.mx\/entronizaran-a-21-personajes-del-deporte-al-salon-de-la-fama-del-deportista-hermosillense\/\",\"url\":\"https:\/\/www.sonoraenequipo.com.mx\/entronizaran-a-21-personajes-del-deporte-al-salon-de-la-fama-del-deportista-hermosillense\/\",\"name\":\"Sonora en Equipo. Entronizar\u00e1n a 21 personajes del deporte al Sal\u00f3n de la Fama del Deportista Hermosillense \u00a0 Deportes\",\"isPartOf\":{\"@id\":\"https:\/\/www.sonoraenequipo.com.mx\/#website\"},\"primaryImageOfPage\":{\"@id\":\"https:\/\/www.sonoraenequipo.com.mx\/entronizaran-a-21-personajes-del-deporte-al-salon-de-la-fama-del-deportista-hermosillense\/#primaryimage\"},\"image\":{\"@id\":\"https:\/\/www.sonoraenequipo.com.mx\/entronizaran-a-21-personajes-del-deporte-al-salon-de-la-fama-del-deportista-hermosillense\/#primaryimage\"},\"thumbnailUrl\":\"https:\/\/www.sonoraenequipo.com.mx\/storage\/2026\/03\/salon-fama.jpg\",\"datePublished\":\"2026-03-05T00:36:48+00:00\",\"description\":\"HERMOSILLO, SONORA, MX. \u2014 El talento que ech\u00f3 ra\u00edces en Hermosillo y ha puesto en alto nombre de la capital sonorense regresar\u00e1 a casa para recibir el En Sonora en Equipo publicamos toda la informaci\u00f3n de Sonora, M\u00e9xico y el Mundo de manera oportuna y busca que la libertad de expresi\u00f3n sea real. Visita nuestro medio informativo publicado desde Hermosillo, Sonora. %\",\"breadcrumb\":{\"@id\":\"https:\/\/www.sonoraenequipo.com.mx\/entronizaran-a-21-personajes-del-deporte-al-salon-de-la-fama-del-deportista-hermosillense\/#breadcrumb\"},\"inLanguage\":\"es\",\"potentialAction\":[{\"@type\":\"ReadAction\",\"target\":[\"https:\/\/www.sonoraenequipo.com.mx\/entronizaran-a-21-personajes-del-deporte-al-salon-de-la-fama-del-deportista-hermosillense\/\"]}]},{\"@type\":\"ImageObject\",\"inLanguage\":\"es\",\"@id\":\"https:\/\/www.sonoraenequipo.com.mx\/entronizaran-a-21-personajes-del-deporte-al-salon-de-la-fama-del-deportista-hermosillense\/#primaryimage\",\"url\":\"https:\/\/www.sonoraenequipo.com.mx\/storage\/2026\/03\/salon-fama.jpg\",\"contentUrl\":\"https:\/\/www.sonoraenequipo.com.mx\/storage\/2026\/03\/salon-fama.jpg\",\"width\":600,\"height\":400},{\"@type\":\"BreadcrumbList\",\"@id\":\"https:\/\/www.sonoraenequipo.com.mx\/entronizaran-a-21-personajes-del-deporte-al-salon-de-la-fama-del-deportista-hermosillense\/#breadcrumb\",\"itemListElement\":[{\"@type\":\"ListItem\",\"position\":1,\"name\":\"Portada\",\"item\":\"https:\/\/www.sonoraenequipo.com.mx\/\"},{\"@type\":\"ListItem\",\"position\":2,\"name\":\"Entronizar\u00e1n a 21 personajes del deporte al Sal\u00f3n de la Fama del Deportista Hermosillense \u00a0\"}]},{\"@type\":\"WebSite\",\"@id\":\"https:\/\/www.sonoraenequipo.com.mx\/#website\",\"url\":\"https:\/\/www.sonoraenequipo.com.mx\/\",\"name\":\"Sonora en Equipo.\",\"description\":\"Diario en l\u00ednea con Noticias desde Hermosillo, Sonora\",\"publisher\":{\"@id\":\"https:\/\/www.sonoraenequipo.com.mx\/#organization\"},\"potentialAction\":[{\"@type\":\"SearchAction\",\"target\":{\"@type\":\"EntryPoint\",\"urlTemplate\":\"https:\/\/www.sonoraenequipo.com.mx\/?s={search_term_string}\"},\"query-input\":{\"@type\":\"PropertyValueSpecification\",\"valueRequired\":true,\"valueName\":\"search_term_string\"}}],\"inLanguage\":\"es\"},{\"@type\":\"Organization\",\"@id\":\"https:\/\/www.sonoraenequipo.com.mx\/#organization\",\"name\":\"Sonoraenequipo.com.mx\",\"url\":\"https:\/\/www.sonoraenequipo.com.mx\/\",\"logo\":{\"@type\":\"ImageObject\",\"inLanguage\":\"es\",\"@id\":\"https:\/\/www.sonoraenequipo.com.mx\/#\/schema\/logo\/image\/\",\"url\":\"https:\/\/www.sonoraenequipo.com.mx\/storage\/2019\/01\/sonoraenequipo_opt.png\",\"contentUrl\":\"https:\/\/www.sonoraenequipo.com.mx\/storage\/2019\/01\/sonoraenequipo_opt.png\",\"width\":375,\"height\":125,\"caption\":\"Sonoraenequipo.com.mx\"},\"image\":{\"@id\":\"https:\/\/www.sonoraenequipo.com.mx\/#\/schema\/logo\/image\/\"},\"sameAs\":[\"https:\/\/www.facebook.com\/SonoraEE\/\",\"https:\/\/x.com\/sonoraenequipo\",\"https:\/\/www.youtube.com\/channel\/UC338nW-lPEYmJQs4ZABQ1SQ\"]},{\"@type\":\"Person\",\"@id\":\"https:\/\/www.sonoraenequipo.com.mx\/#\/schema\/person\/50102df0fb23a8fa9e8effad8fa81386\",\"name\":\"enequipo\",\"image\":{\"@type\":\"ImageObject\",\"inLanguage\":\"es\",\"@id\":\"https:\/\/www.sonoraenequipo.com.mx\/#\/schema\/person\/image\/\",\"url\":\"https:\/\/secure.gravatar.com\/avatar\/049821681b589dabc0bc20695993ccebb09f5b5d4d790cd9251b97faac7c652b?s=96&d=blank&r=g\",\"contentUrl\":\"https:\/\/secure.gravatar.com\/avatar\/049821681b589dabc0bc20695993ccebb09f5b5d4d790cd9251b97faac7c652b?s=96&d=blank&r=g\",\"caption\":\"enequipo\"},\"sameAs\":[\"https:\/\/www.facebook.com\/SonoraEE\"]}]}<\/script>\n ","yoast_head_json":{"title":"Sonora en Equipo. Entronizar\u00e1n a 21 personajes del deporte al Sal\u00f3n de la Fama del Deportista Hermosillense \u00a0 Deportes","description":"HERMOSILLO, SONORA, MX. \u2014 El talento que ech\u00f3 ra\u00edces en Hermosillo y ha puesto en alto nombre de la capital sonorense regresar\u00e1 a casa para recibir el En Sonora en Equipo publicamos toda la informaci\u00f3n de Sonora, M\u00e9xico y el Mundo de manera oportuna y busca que la libertad de expresi\u00f3n sea real. Visita nuestro medio informativo publicado desde Hermosillo, Sonora. %","robots":{"index":"index","follow":"follow","max-snippet":"max-snippet:-1","max-image-preview":"max-image-preview:large","max-video-preview":"max-video-preview:-1"},"canonical":"https:\/\/www.sonoraenequipo.com.mx\/entronizaran-a-21-personajes-del-deporte-al-salon-de-la-fama-del-deportista-hermosillense\/","og_locale":"es_ES","og_type":"article","og_title":"Sonora en Equipo. Entronizar\u00e1n a 21 personajes del deporte al Sal\u00f3n de la Fama del Deportista Hermosillense \u00a0 Deportes","og_description":"HERMOSILLO, SONORA, MX. \u2014 El talento que ech\u00f3 ra\u00edces en Hermosillo y ha puesto en alto nombre de la capital sonorense regresar\u00e1 a casa para recibir el En Sonora en Equipo publicamos toda la informaci\u00f3n de Sonora, M\u00e9xico y el Mundo de manera oportuna y busca que la libertad de expresi\u00f3n sea real. Visita nuestro medio informativo publicado desde Hermosillo, Sonora. %","og_url":"https:\/\/www.sonoraenequipo.com.mx\/entronizaran-a-21-personajes-del-deporte-al-salon-de-la-fama-del-deportista-hermosillense\/","og_site_name":"Sonora en Equipo.","article_publisher":"https:\/\/www.facebook.com\/SonoraEE\/","article_author":"https:\/\/www.facebook.com\/SonoraEE","article_published_time":"2026-03-05T00:36:48+00:00","og_image":[{"width":600,"height":400,"url":"https:\/\/www.sonoraenequipo.com.mx\/storage\/2026\/03\/salon-fama.jpg","type":"image\/jpeg"}],"author":"enequipo","twitter_card":"summary_large_image","twitter_creator":"@sonoraenequipo","twitter_site":"@sonoraenequipo","twitter_misc":{"Escrito por":"enequipo","Tiempo de lectura":"2 minutos"},"schema":{"@context":"https:\/\/schema.org","@graph":[{"@type":"Article","@id":"https:\/\/www.sonoraenequipo.com.mx\/entronizaran-a-21-personajes-del-deporte-al-salon-de-la-fama-del-deportista-hermosillense\/#article","isPartOf":{"@id":"https:\/\/www.sonoraenequipo.com.mx\/entronizaran-a-21-personajes-del-deporte-al-salon-de-la-fama-del-deportista-hermosillense\/"},"author":{"name":"enequipo","@id":"https:\/\/www.sonoraenequipo.com.mx\/#\/schema\/person\/50102df0fb23a8fa9e8effad8fa81386"},"headline":"Entronizar\u00e1n a 21 personajes del deporte al Sal\u00f3n de la Fama del Deportista Hermosillense \u00a0","datePublished":"2026-03-05T00:36:48+00:00","mainEntityOfPage":{"@id":"https:\/\/www.sonoraenequipo.com.mx\/entronizaran-a-21-personajes-del-deporte-al-salon-de-la-fama-del-deportista-hermosillense\/"},"wordCount":446,"commentCount":0,"publisher":{"@id":"https:\/\/www.sonoraenequipo.com.mx\/#organization"},"image":{"@id":"https:\/\/www.sonoraenequipo.com.mx\/entronizaran-a-21-personajes-del-deporte-al-salon-de-la-fama-del-deportista-hermosillense\/#primaryimage"},"thumbnailUrl":"https:\/\/www.sonoraenequipo.com.mx\/storage\/2026\/03\/salon-fama.jpg","keywords":["salon fama. hermosillo"],"articleSection":["Deportes"],"inLanguage":"es","potentialAction":[{"@type":"CommentAction","name":"Comment","target":["https:\/\/www.sonoraenequipo.com.mx\/entronizaran-a-21-personajes-del-deporte-al-salon-de-la-fama-del-deportista-hermosillense\/#respond"]}]},{"@type":"WebPage","@id":"https:\/\/www.sonoraenequipo.com.mx\/entronizaran-a-21-personajes-del-deporte-al-salon-de-la-fama-del-deportista-hermosillense\/","url":"https:\/\/www.sonoraenequipo.com.mx\/entronizaran-a-21-personajes-del-deporte-al-salon-de-la-fama-del-deportista-hermosillense\/","name":"Sonora en Equipo. Entronizar\u00e1n a 21 personajes del deporte al Sal\u00f3n de la Fama del Deportista Hermosillense \u00a0 Deportes","isPartOf":{"@id":"https:\/\/www.sonoraenequipo.com.mx\/#website"},"primaryImageOfPage":{"@id":"https:\/\/www.sonoraenequipo.com.mx\/entronizaran-a-21-personajes-del-deporte-al-salon-de-la-fama-del-deportista-hermosillense\/#primaryimage"},"image":{"@id":"https:\/\/www.sonoraenequipo.com.mx\/entronizaran-a-21-personajes-del-deporte-al-salon-de-la-fama-del-deportista-hermosillense\/#primaryimage"},"thumbnailUrl":"https:\/\/www.sonoraenequipo.com.mx\/storage\/2026\/03\/salon-fama.jpg","datePublished":"2026-03-05T00:36:48+00:00","description":"HERMOSILLO, SONORA, MX. \u2014 El talento que ech\u00f3 ra\u00edces en Hermosillo y ha puesto en alto nombre de la capital sonorense regresar\u00e1 a casa para recibir el En Sonora en Equipo publicamos toda la informaci\u00f3n de Sonora, M\u00e9xico y el Mundo de manera oportuna y busca que la libertad de expresi\u00f3n sea real. Visita nuestro medio informativo publicado desde Hermosillo, Sonora. %","breadcrumb":{"@id":"https:\/\/www.sonoraenequipo.com.mx\/entronizaran-a-21-personajes-del-deporte-al-salon-de-la-fama-del-deportista-hermosillense\/#breadcrumb"},"inLanguage":"es","potentialAction":[{"@type":"ReadAction","target":["https:\/\/www.sonoraenequipo.com.mx\/entronizaran-a-21-personajes-del-deporte-al-salon-de-la-fama-del-deportista-hermosillense\/"]}]},{"@type":"ImageObject","inLanguage":"es","@id":"https:\/\/www.sonoraenequipo.com.mx\/entronizaran-a-21-personajes-del-deporte-al-salon-de-la-fama-del-deportista-hermosillense\/#primaryimage","url":"https:\/\/www.sonoraenequipo.com.mx\/storage\/2026\/03\/salon-fama.jpg","contentUrl":"https:\/\/www.sonoraenequipo.com.mx\/storage\/2026\/03\/salon-fama.jpg","width":600,"height":400},{"@type":"BreadcrumbList","@id":"https:\/\/www.sonoraenequipo.com.mx\/entronizaran-a-21-personajes-del-deporte-al-salon-de-la-fama-del-deportista-hermosillense\/#breadcrumb","itemListElement":[{"@type":"ListItem","position":1,"name":"Portada","item":"https:\/\/www.sonoraenequipo.com.mx\/"},{"@type":"ListItem","position":2,"name":"Entronizar\u00e1n a 21 personajes del deporte al Sal\u00f3n de la Fama del Deportista Hermosillense \u00a0"}]},{"@type":"WebSite","@id":"https:\/\/www.sonoraenequipo.com.mx\/#website","url":"https:\/\/www.sonoraenequipo.com.mx\/","name":"Sonora en Equipo.","description":"Diario en l\u00ednea con Noticias desde Hermosillo, Sonora","publisher":{"@id":"https:\/\/www.sonoraenequipo.com.mx\/#organization"},"potentialAction":[{"@type":"SearchAction","target":{"@type":"EntryPoint","urlTemplate":"https:\/\/www.sonoraenequipo.com.mx\/?s={search_term_string}"},"query-input":{"@type":"PropertyValueSpecification","valueRequired":true,"valueName":"search_term_string"}}],"inLanguage":"es"},{"@type":"Organization","@id":"https:\/\/www.sonoraenequipo.com.mx\/#organization","name":"Sonoraenequipo.com.mx","url":"https:\/\/www.sonoraenequipo.com.mx\/","logo":{"@type":"ImageObject","inLanguage":"es","@id":"https:\/\/www.sonoraenequipo.com.mx\/#\/schema\/logo\/image\/","url":"https:\/\/www.sonoraenequipo.com.mx\/storage\/2019\/01\/sonoraenequipo_opt.png","contentUrl":"https:\/\/www.sonoraenequipo.com.mx\/storage\/2019\/01\/sonoraenequipo_opt.png","width":375,"height":125,"caption":"Sonoraenequipo.com.mx"},"image":{"@id":"https:\/\/www.sonoraenequipo.com.mx\/#\/schema\/logo\/image\/"},"sameAs":["https:\/\/www.facebook.com\/SonoraEE\/","https:\/\/x.com\/sonoraenequipo","https:\/\/www.youtube.com\/channel\/UC338nW-lPEYmJQs4ZABQ1SQ"]},{"@type":"Person","@id":"https:\/\/www.sonoraenequipo.com.mx\/#\/schema\/person\/50102df0fb23a8fa9e8effad8fa81386","name":"enequipo","image":{"@type":"ImageObject","inLanguage":"es","@id":"https:\/\/www.sonoraenequipo.com.mx\/#\/schema\/person\/image\/","url":"https:\/\/secure.gravatar.com\/avatar\/049821681b589dabc0bc20695993ccebb09f5b5d4d790cd9251b97faac7c652b?s=96&d=blank&r=g","contentUrl":"https:\/\/secure.gravatar.com\/avatar\/049821681b589dabc0bc20695993ccebb09f5b5d4d790cd9251b97faac7c652b?s=96&d=blank&r=g","caption":"enequipo"},"sameAs":["https:\/\/www.facebook.com\/SonoraEE"]}]}},"jetpack_featured_media_url":"https:\/\/www.sonoraenequipo.com.mx\/storage\/2026\/03\/salon-fama.jpg","_links":{"self":[{"href":"https:\/\/www.sonoraenequipo.com.mx\/api\/wp\/v2\/posts\/236570","targetHints":{"allow":["GET"]}}],"collection":[{"href":"https:\/\/www.sonoraenequipo.com.mx\/api\/wp\/v2\/posts"}],"about":[{"href":"https:\/\/www.sonoraenequipo.com.mx\/api\/wp\/v2\/types\/post"}],"author":[{"embeddable":true,"href":"https:\/\/www.sonoraenequipo.com.mx\/api\/wp\/v2\/users\/1"}],"replies":[{"embeddable":true,"href":"https:\/\/www.sonoraenequipo.com.mx\/api\/wp\/v2\/comments?post=236570"}],"version-history":[{"count":1,"href":"https:\/\/www.sonoraenequipo.com.mx\/api\/wp\/v2\/posts\/236570\/revisions"}],"predecessor-version":[{"id":236572,"href":"https:\/\/www.sonoraenequipo.com.mx\/api\/wp\/v2\/posts\/236570\/revisions\/236572"}],"wp:featuredmedia":[{"embeddable":true,"href":"https:\/\/www.sonoraenequipo.com.mx\/api\/wp\/v2\/media\/236571"}],"wp:attachment":[{"href":"https:\/\/www.sonoraenequipo.com.mx\/api\/wp\/v2\/media?parent=236570"}],"wp:term":[{"taxonomy":"category","embeddable":true,"href":"https:\/\/www.sonoraenequipo.com.mx\/api\/wp\/v2\/categories?post=236570"},{"taxonomy":"post_tag","embeddable":true,"href":"https:\/\/www.sonoraenequipo.com.mx\/api\/wp\/v2\/tags?post=236570"}],"curies":[{"name":"wp","href":"https:\/\/api.w.org\/{rel}","templated":true}]}}