{"id":236578,"date":"2026-03-04T19:19:56","date_gmt":"2026-03-05T02:19:56","guid":{"rendered":"https:\/\/www.sonoraenequipo.com.mx\/?p=236578"},"modified":"2026-03-04T21:05:49","modified_gmt":"2026-03-05T04:05:49","slug":"dip-amairany-pena-llama-a-fortalecer-prevencion-del-vph-y-a-promover-la-vacunacion-en-ninas-y-ninos","status":"publish","type":"post","link":"https:\/\/www.sonoraenequipo.com.mx\/dip-amairany-pena-llama-a-fortalecer-prevencion-del-vph-y-a-promover-la-vacunacion-en-ninas-y-ninos\/","title":{"rendered":"Dip. Amairany Pe\u00f1a llama a fortalecer \u00a0prevenci\u00f3n del VPH y a promover la vacunaci\u00f3n en ni\u00f1as y ni\u00f1os"},"content":{"rendered":"<p><strong>HERMOSILLO, SONORA, MX. \u2014<\/strong> En el marco del D\u00eda Internacional de la Concienciaci\u00f3n sobre el Virus del Papiloma Humano (VPH), la diputada Amairany Pe\u00f1a Escalante Morena, presidenta de la Comisi\u00f3n de Salud del Congreso del Estado, hizo un llamado a fortalecer la prevenci\u00f3n, la vacunaci\u00f3n y la detecci\u00f3n oportuna para reducir los riesgos asociados a esta infecci\u00f3n.<\/p>\n<p>&nbsp;<\/p>\n<p>Durante su posicionamiento en tribuna el martes 03\/03\/2026, la legisladora destac\u00f3 que el Virus del Papiloma Humano es la infecci\u00f3n de transmisi\u00f3n sexual m\u00e1s frecuente en el mundo, y se estima que 8 de cada 10 personas sexualmente activas tendr\u00e1n contacto con el virus en alg\u00fan momento de su vida.<\/p>\n<p>&nbsp;<\/p>\n<p>Se\u00f1al\u00f3 que el VPH es la principal causa de c\u00e1ncer cervicouterino, enfermedad que contin\u00faa siendo uno de los problemas de salud p\u00fablica m\u00e1s importantes en mujeres, especialmente cuando no se cuenta con prevenci\u00f3n ni diagn\u00f3stico oportuno. Adem\u00e1s, explic\u00f3 que este virus tambi\u00e9n est\u00e1 relacionado con otros tipos de c\u00e1ncer como el de pene, ano, vagina, vulva y orofaringe.<\/p>\n<p>&nbsp;<\/p>\n<p>La diputada subray\u00f3 que el c\u00e1ncer cervicouterino puede tardar entre diez y 20 a\u00f1os en desarrollarse despu\u00e9s de una infecci\u00f3n persistente por VPH, lo que representa una ventana de oportunidad importante para prevenirlo.<\/p>\n<p>&nbsp;<\/p>\n<p>\u201cPrevenir hoy es salvar vidas dentro de diez a\u00f1os\u201d, expres\u00f3.<\/p>\n<p>&nbsp;<\/p>\n<p>Pe\u00f1a Escalante enfatiz\u00f3 que existen dos herramientas fundamentales para prevenir esta enfermedad: la vacunaci\u00f3n y la detecci\u00f3n temprana. En ese sentido, record\u00f3 que la vacuna contra el VPH es segura y eficaz, y est\u00e1 recomendada principalmente entre los 9 y 14 a\u00f1os, antes del inicio de la vida sexual, etapa en la que la respuesta inmunol\u00f3gica es m\u00e1s fuerte.<\/p>\n<p>&nbsp;<\/p>\n<p>Asimismo, destac\u00f3 la importancia de que las mujeres, a partir de los 25 a\u00f1os, se realicen estudios de detecci\u00f3n como el papanicolaou o pruebas de VPH, los cuales permiten identificar lesiones precancerosas antes de que evolucionen a c\u00e1ncer.<\/p>\n<p>&nbsp;<\/p>\n<p>Como presidenta de la Comisi\u00f3n de Salud, la legisladora reiter\u00f3 que la prevenci\u00f3n salva vidas, reduce costos al sistema de salud y evita sufrimiento en las familias, por lo que hizo un llamado a las familias sonorenses a informarse, acudir a su centro de salud y aprovechar las herramientas de prevenci\u00f3n disponibles.<\/p>\n<p>&nbsp;<\/p>\n<p>\u201cEste no es un tema ideol\u00f3gico ni partidista, es un tema de salud p\u00fablica. La prevenci\u00f3n, la informaci\u00f3n y la vacunaci\u00f3n son fundamentales para proteger la vida y el bienestar de nuestras ni\u00f1as, ni\u00f1os y mujeres\u201d, puntualiz\u00f3.<\/p>\n<p>&nbsp;<\/p>\n<p>Finalmente, la diputada reafirm\u00f3 la importancia de impulsar campa\u00f1as permanentes de informaci\u00f3n, fortalecer la cobertura de vacunaci\u00f3n y garantizar el acceso oportuno a pruebas de detecci\u00f3n, con el objetivo de que ninguna mujer en Sonora pierda la vida por una enfermedad que puede prevenirse.<\/p>\n<p><strong>Fecha de publicaci\u00f3n mi\u00e9rcoles 4 de marzo de 2026<\/strong><\/p>\n<p>&nbsp;<\/p>\n","protected":false},"excerpt":{"rendered":"<p>HERMOSILLO, SONORA, MX. \u2014 En el marco del D\u00eda Internacional de la Concienciaci\u00f3n sobre el&#8230;<\/p>\n","protected":false},"author":1,"featured_media":236603,"comment_status":"open","ping_status":"open","sticky":false,"template":"","format":"standard","meta":{"_monsterinsights_skip_tracking":false,"_monsterinsights_sitenote_active":false,"_monsterinsights_sitenote_note":"","_monsterinsights_sitenote_category":0,"footnotes":""},"categories":[3281],"tags":[2805],"class_list":["post"],"yoast_head":" \n<title>Sonora en Equipo. Dip. Amairany Pe\u00f1a llama a fortalecer \u00a0prevenci\u00f3n del VPH y a promover la vacunaci\u00f3n en ni\u00f1as y ni\u00f1os Congreso<\/title>\n<meta name=\"description\" content=\"HERMOSILLO, SONORA, MX. \u2014 En el marco del D\u00eda Internacional de la Concienciaci\u00f3n sobre el Virus del Papiloma Humano (VPH), la diputada Amairany Pe\u00f1a En Sonora en Equipo publicamos toda la informaci\u00f3n de Sonora, M\u00e9xico y el Mundo de manera oportuna y busca que la libertad de expresi\u00f3n sea real. Visita nuestro medio informativo publicado desde Hermosillo, Sonora. %\" \/>\n<meta name=\"robots\" content=\"index, follow, max-snippet:-1, max-image-preview:large, max-video-preview:-1\" \/>\n<link rel=\"canonical\" href=\"https:\/\/www.sonoraenequipo.com.mx\/dip-amairany-pena-llama-a-fortalecer-prevencion-del-vph-y-a-promover-la-vacunacion-en-ninas-y-ninos\/\" \/>\n<meta property=\"og:locale\" content=\"es_ES\" \/>\n<meta property=\"og:type\" content=\"article\" \/>\n<meta property=\"og:title\" content=\"Sonora en Equipo. Dip. Amairany Pe\u00f1a llama a fortalecer \u00a0prevenci\u00f3n del VPH y a promover la vacunaci\u00f3n en ni\u00f1as y ni\u00f1os Congreso\" \/>\n<meta property=\"og:description\" content=\"HERMOSILLO, SONORA, MX. \u2014 En el marco del D\u00eda Internacional de la Concienciaci\u00f3n sobre el Virus del Papiloma Humano (VPH), la diputada Amairany Pe\u00f1a En Sonora en Equipo publicamos toda la informaci\u00f3n de Sonora, M\u00e9xico y el Mundo de manera oportuna y busca que la libertad de expresi\u00f3n sea real. Visita nuestro medio informativo publicado desde Hermosillo, Sonora. %\" \/>\n<meta property=\"og:url\" content=\"https:\/\/www.sonoraenequipo.com.mx\/dip-amairany-pena-llama-a-fortalecer-prevencion-del-vph-y-a-promover-la-vacunacion-en-ninas-y-ninos\/\" \/>\n<meta property=\"og:site_name\" content=\"Sonora en Equipo.\" \/>\n<meta property=\"article:publisher\" content=\"https:\/\/www.facebook.com\/SonoraEE\/\" \/>\n<meta property=\"article:author\" content=\"https:\/\/www.facebook.com\/SonoraEE\" \/>\n<meta property=\"article:published_time\" content=\"2026-03-05T02:19:56+00:00\" \/>\n<meta property=\"article:modified_time\" content=\"2026-03-05T04:05:49+00:00\" \/>\n<meta property=\"og:image\" content=\"https:\/\/www.sonoraenequipo.com.mx\/storage\/2026\/03\/amairani.jpg\" \/>\n\t<meta property=\"og:image:width\" content=\"600\" \/>\n\t<meta property=\"og:image:height\" content=\"400\" \/>\n\t<meta property=\"og:image:type\" content=\"image\/jpeg\" \/>\n<meta name=\"author\" content=\"enequipo\" \/>\n<meta name=\"twitter:card\" content=\"summary_large_image\" \/>\n<meta name=\"twitter:creator\" content=\"@sonoraenequipo\" \/>\n<meta name=\"twitter:site\" content=\"@sonoraenequipo\" \/>\n<meta name=\"twitter:label1\" content=\"Escrito por\" \/>\n\t<meta name=\"twitter:data1\" content=\"enequipo\" \/>\n\t<meta name=\"twitter:label2\" content=\"Tiempo de lectura\" \/>\n\t<meta name=\"twitter:data2\" content=\"3 minutos\" \/>\n<script type=\"application\/ld+json\" class=\"yoast-schema-graph\">{\"@context\":\"https:\/\/schema.org\",\"@graph\":[{\"@type\":\"Article\",\"@id\":\"https:\/\/www.sonoraenequipo.com.mx\/dip-amairany-pena-llama-a-fortalecer-prevencion-del-vph-y-a-promover-la-vacunacion-en-ninas-y-ninos\/#article\",\"isPartOf\":{\"@id\":\"https:\/\/www.sonoraenequipo.com.mx\/dip-amairany-pena-llama-a-fortalecer-prevencion-del-vph-y-a-promover-la-vacunacion-en-ninas-y-ninos\/\"},\"author\":{\"name\":\"enequipo\",\"@id\":\"https:\/\/www.sonoraenequipo.com.mx\/#\/schema\/person\/50102df0fb23a8fa9e8effad8fa81386\"},\"headline\":\"Dip. Amairany Pe\u00f1a llama a fortalecer \u00a0prevenci\u00f3n del VPH y a promover la vacunaci\u00f3n en ni\u00f1as y ni\u00f1os\",\"datePublished\":\"2026-03-05T02:19:56+00:00\",\"dateModified\":\"2026-03-05T04:05:49+00:00\",\"mainEntityOfPage\":{\"@id\":\"https:\/\/www.sonoraenequipo.com.mx\/dip-amairany-pena-llama-a-fortalecer-prevencion-del-vph-y-a-promover-la-vacunacion-en-ninas-y-ninos\/\"},\"wordCount\":523,\"commentCount\":0,\"publisher\":{\"@id\":\"https:\/\/www.sonoraenequipo.com.mx\/#organization\"},\"image\":{\"@id\":\"https:\/\/www.sonoraenequipo.com.mx\/dip-amairany-pena-llama-a-fortalecer-prevencion-del-vph-y-a-promover-la-vacunacion-en-ninas-y-ninos\/#primaryimage\"},\"thumbnailUrl\":\"https:\/\/www.sonoraenequipo.com.mx\/storage\/2026\/03\/amairani.jpg\",\"keywords\":[\"vph\"],\"articleSection\":[\"Congreso\"],\"inLanguage\":\"es\",\"potentialAction\":[{\"@type\":\"CommentAction\",\"name\":\"Comment\",\"target\":[\"https:\/\/www.sonoraenequipo.com.mx\/dip-amairany-pena-llama-a-fortalecer-prevencion-del-vph-y-a-promover-la-vacunacion-en-ninas-y-ninos\/#respond\"]}]},{\"@type\":\"WebPage\",\"@id\":\"https:\/\/www.sonoraenequipo.com.mx\/dip-amairany-pena-llama-a-fortalecer-prevencion-del-vph-y-a-promover-la-vacunacion-en-ninas-y-ninos\/\",\"url\":\"https:\/\/www.sonoraenequipo.com.mx\/dip-amairany-pena-llama-a-fortalecer-prevencion-del-vph-y-a-promover-la-vacunacion-en-ninas-y-ninos\/\",\"name\":\"Sonora en Equipo. Dip. Amairany Pe\u00f1a llama a fortalecer \u00a0prevenci\u00f3n del VPH y a promover la vacunaci\u00f3n en ni\u00f1as y ni\u00f1os Congreso\",\"isPartOf\":{\"@id\":\"https:\/\/www.sonoraenequipo.com.mx\/#website\"},\"primaryImageOfPage\":{\"@id\":\"https:\/\/www.sonoraenequipo.com.mx\/dip-amairany-pena-llama-a-fortalecer-prevencion-del-vph-y-a-promover-la-vacunacion-en-ninas-y-ninos\/#primaryimage\"},\"image\":{\"@id\":\"https:\/\/www.sonoraenequipo.com.mx\/dip-amairany-pena-llama-a-fortalecer-prevencion-del-vph-y-a-promover-la-vacunacion-en-ninas-y-ninos\/#primaryimage\"},\"thumbnailUrl\":\"https:\/\/www.sonoraenequipo.com.mx\/storage\/2026\/03\/amairani.jpg\",\"datePublished\":\"2026-03-05T02:19:56+00:00\",\"dateModified\":\"2026-03-05T04:05:49+00:00\",\"description\":\"HERMOSILLO, SONORA, MX. \u2014 En el marco del D\u00eda Internacional de la Concienciaci\u00f3n sobre el Virus del Papiloma Humano (VPH), la diputada Amairany Pe\u00f1a En Sonora en Equipo publicamos toda la informaci\u00f3n de Sonora, M\u00e9xico y el Mundo de manera oportuna y busca que la libertad de expresi\u00f3n sea real. Visita nuestro medio informativo publicado desde Hermosillo, Sonora. %\",\"breadcrumb\":{\"@id\":\"https:\/\/www.sonoraenequipo.com.mx\/dip-amairany-pena-llama-a-fortalecer-prevencion-del-vph-y-a-promover-la-vacunacion-en-ninas-y-ninos\/#breadcrumb\"},\"inLanguage\":\"es\",\"potentialAction\":[{\"@type\":\"ReadAction\",\"target\":[\"https:\/\/www.sonoraenequipo.com.mx\/dip-amairany-pena-llama-a-fortalecer-prevencion-del-vph-y-a-promover-la-vacunacion-en-ninas-y-ninos\/\"]}]},{\"@type\":\"ImageObject\",\"inLanguage\":\"es\",\"@id\":\"https:\/\/www.sonoraenequipo.com.mx\/dip-amairany-pena-llama-a-fortalecer-prevencion-del-vph-y-a-promover-la-vacunacion-en-ninas-y-ninos\/#primaryimage\",\"url\":\"https:\/\/www.sonoraenequipo.com.mx\/storage\/2026\/03\/amairani.jpg\",\"contentUrl\":\"https:\/\/www.sonoraenequipo.com.mx\/storage\/2026\/03\/amairani.jpg\",\"width\":600,\"height\":400},{\"@type\":\"BreadcrumbList\",\"@id\":\"https:\/\/www.sonoraenequipo.com.mx\/dip-amairany-pena-llama-a-fortalecer-prevencion-del-vph-y-a-promover-la-vacunacion-en-ninas-y-ninos\/#breadcrumb\",\"itemListElement\":[{\"@type\":\"ListItem\",\"position\":1,\"name\":\"Portada\",\"item\":\"https:\/\/www.sonoraenequipo.com.mx\/\"},{\"@type\":\"ListItem\",\"position\":2,\"name\":\"Dip. Amairany Pe\u00f1a llama a fortalecer \u00a0prevenci\u00f3n del VPH y a promover la vacunaci\u00f3n en ni\u00f1as y ni\u00f1os\"}]},{\"@type\":\"WebSite\",\"@id\":\"https:\/\/www.sonoraenequipo.com.mx\/#website\",\"url\":\"https:\/\/www.sonoraenequipo.com.mx\/\",\"name\":\"Sonora en Equipo.\",\"description\":\"Diario en l\u00ednea con Noticias desde Hermosillo, Sonora\",\"publisher\":{\"@id\":\"https:\/\/www.sonoraenequipo.com.mx\/#organization\"},\"potentialAction\":[{\"@type\":\"SearchAction\",\"target\":{\"@type\":\"EntryPoint\",\"urlTemplate\":\"https:\/\/www.sonoraenequipo.com.mx\/?s={search_term_string}\"},\"query-input\":{\"@type\":\"PropertyValueSpecification\",\"valueRequired\":true,\"valueName\":\"search_term_string\"}}],\"inLanguage\":\"es\"},{\"@type\":\"Organization\",\"@id\":\"https:\/\/www.sonoraenequipo.com.mx\/#organization\",\"name\":\"Sonoraenequipo.com.mx\",\"url\":\"https:\/\/www.sonoraenequipo.com.mx\/\",\"logo\":{\"@type\":\"ImageObject\",\"inLanguage\":\"es\",\"@id\":\"https:\/\/www.sonoraenequipo.com.mx\/#\/schema\/logo\/image\/\",\"url\":\"https:\/\/www.sonoraenequipo.com.mx\/storage\/2019\/01\/sonoraenequipo_opt.png\",\"contentUrl\":\"https:\/\/www.sonoraenequipo.com.mx\/storage\/2019\/01\/sonoraenequipo_opt.png\",\"width\":375,\"height\":125,\"caption\":\"Sonoraenequipo.com.mx\"},\"image\":{\"@id\":\"https:\/\/www.sonoraenequipo.com.mx\/#\/schema\/logo\/image\/\"},\"sameAs\":[\"https:\/\/www.facebook.com\/SonoraEE\/\",\"https:\/\/x.com\/sonoraenequipo\",\"https:\/\/www.youtube.com\/channel\/UC338nW-lPEYmJQs4ZABQ1SQ\"]},{\"@type\":\"Person\",\"@id\":\"https:\/\/www.sonoraenequipo.com.mx\/#\/schema\/person\/50102df0fb23a8fa9e8effad8fa81386\",\"name\":\"enequipo\",\"image\":{\"@type\":\"ImageObject\",\"inLanguage\":\"es\",\"@id\":\"https:\/\/www.sonoraenequipo.com.mx\/#\/schema\/person\/image\/\",\"url\":\"https:\/\/secure.gravatar.com\/avatar\/049821681b589dabc0bc20695993ccebb09f5b5d4d790cd9251b97faac7c652b?s=96&d=blank&r=g\",\"contentUrl\":\"https:\/\/secure.gravatar.com\/avatar\/049821681b589dabc0bc20695993ccebb09f5b5d4d790cd9251b97faac7c652b?s=96&d=blank&r=g\",\"caption\":\"enequipo\"},\"sameAs\":[\"https:\/\/www.facebook.com\/SonoraEE\"]}]}<\/script>\n ","yoast_head_json":{"title":"Sonora en Equipo. Dip. Amairany Pe\u00f1a llama a fortalecer \u00a0prevenci\u00f3n del VPH y a promover la vacunaci\u00f3n en ni\u00f1as y ni\u00f1os Congreso","description":"HERMOSILLO, SONORA, MX. \u2014 En el marco del D\u00eda Internacional de la Concienciaci\u00f3n sobre el Virus del Papiloma Humano (VPH), la diputada Amairany Pe\u00f1a En Sonora en Equipo publicamos toda la informaci\u00f3n de Sonora, M\u00e9xico y el Mundo de manera oportuna y busca que la libertad de expresi\u00f3n sea real. Visita nuestro medio informativo publicado desde Hermosillo, Sonora. %","robots":{"index":"index","follow":"follow","max-snippet":"max-snippet:-1","max-image-preview":"max-image-preview:large","max-video-preview":"max-video-preview:-1"},"canonical":"https:\/\/www.sonoraenequipo.com.mx\/dip-amairany-pena-llama-a-fortalecer-prevencion-del-vph-y-a-promover-la-vacunacion-en-ninas-y-ninos\/","og_locale":"es_ES","og_type":"article","og_title":"Sonora en Equipo. Dip. Amairany Pe\u00f1a llama a fortalecer \u00a0prevenci\u00f3n del VPH y a promover la vacunaci\u00f3n en ni\u00f1as y ni\u00f1os Congreso","og_description":"HERMOSILLO, SONORA, MX. \u2014 En el marco del D\u00eda Internacional de la Concienciaci\u00f3n sobre el Virus del Papiloma Humano (VPH), la diputada Amairany Pe\u00f1a En Sonora en Equipo publicamos toda la informaci\u00f3n de Sonora, M\u00e9xico y el Mundo de manera oportuna y busca que la libertad de expresi\u00f3n sea real. Visita nuestro medio informativo publicado desde Hermosillo, Sonora. %","og_url":"https:\/\/www.sonoraenequipo.com.mx\/dip-amairany-pena-llama-a-fortalecer-prevencion-del-vph-y-a-promover-la-vacunacion-en-ninas-y-ninos\/","og_site_name":"Sonora en Equipo.","article_publisher":"https:\/\/www.facebook.com\/SonoraEE\/","article_author":"https:\/\/www.facebook.com\/SonoraEE","article_published_time":"2026-03-05T02:19:56+00:00","article_modified_time":"2026-03-05T04:05:49+00:00","og_image":[{"width":600,"height":400,"url":"https:\/\/www.sonoraenequipo.com.mx\/storage\/2026\/03\/amairani.jpg","type":"image\/jpeg"}],"author":"enequipo","twitter_card":"summary_large_image","twitter_creator":"@sonoraenequipo","twitter_site":"@sonoraenequipo","twitter_misc":{"Escrito por":"enequipo","Tiempo de lectura":"3 minutos"},"schema":{"@context":"https:\/\/schema.org","@graph":[{"@type":"Article","@id":"https:\/\/www.sonoraenequipo.com.mx\/dip-amairany-pena-llama-a-fortalecer-prevencion-del-vph-y-a-promover-la-vacunacion-en-ninas-y-ninos\/#article","isPartOf":{"@id":"https:\/\/www.sonoraenequipo.com.mx\/dip-amairany-pena-llama-a-fortalecer-prevencion-del-vph-y-a-promover-la-vacunacion-en-ninas-y-ninos\/"},"author":{"name":"enequipo","@id":"https:\/\/www.sonoraenequipo.com.mx\/#\/schema\/person\/50102df0fb23a8fa9e8effad8fa81386"},"headline":"Dip. Amairany Pe\u00f1a llama a fortalecer \u00a0prevenci\u00f3n del VPH y a promover la vacunaci\u00f3n en ni\u00f1as y ni\u00f1os","datePublished":"2026-03-05T02:19:56+00:00","dateModified":"2026-03-05T04:05:49+00:00","mainEntityOfPage":{"@id":"https:\/\/www.sonoraenequipo.com.mx\/dip-amairany-pena-llama-a-fortalecer-prevencion-del-vph-y-a-promover-la-vacunacion-en-ninas-y-ninos\/"},"wordCount":523,"commentCount":0,"publisher":{"@id":"https:\/\/www.sonoraenequipo.com.mx\/#organization"},"image":{"@id":"https:\/\/www.sonoraenequipo.com.mx\/dip-amairany-pena-llama-a-fortalecer-prevencion-del-vph-y-a-promover-la-vacunacion-en-ninas-y-ninos\/#primaryimage"},"thumbnailUrl":"https:\/\/www.sonoraenequipo.com.mx\/storage\/2026\/03\/amairani.jpg","keywords":["vph"],"articleSection":["Congreso"],"inLanguage":"es","potentialAction":[{"@type":"CommentAction","name":"Comment","target":["https:\/\/www.sonoraenequipo.com.mx\/dip-amairany-pena-llama-a-fortalecer-prevencion-del-vph-y-a-promover-la-vacunacion-en-ninas-y-ninos\/#respond"]}]},{"@type":"WebPage","@id":"https:\/\/www.sonoraenequipo.com.mx\/dip-amairany-pena-llama-a-fortalecer-prevencion-del-vph-y-a-promover-la-vacunacion-en-ninas-y-ninos\/","url":"https:\/\/www.sonoraenequipo.com.mx\/dip-amairany-pena-llama-a-fortalecer-prevencion-del-vph-y-a-promover-la-vacunacion-en-ninas-y-ninos\/","name":"Sonora en Equipo. Dip. Amairany Pe\u00f1a llama a fortalecer \u00a0prevenci\u00f3n del VPH y a promover la vacunaci\u00f3n en ni\u00f1as y ni\u00f1os Congreso","isPartOf":{"@id":"https:\/\/www.sonoraenequipo.com.mx\/#website"},"primaryImageOfPage":{"@id":"https:\/\/www.sonoraenequipo.com.mx\/dip-amairany-pena-llama-a-fortalecer-prevencion-del-vph-y-a-promover-la-vacunacion-en-ninas-y-ninos\/#primaryimage"},"image":{"@id":"https:\/\/www.sonoraenequipo.com.mx\/dip-amairany-pena-llama-a-fortalecer-prevencion-del-vph-y-a-promover-la-vacunacion-en-ninas-y-ninos\/#primaryimage"},"thumbnailUrl":"https:\/\/www.sonoraenequipo.com.mx\/storage\/2026\/03\/amairani.jpg","datePublished":"2026-03-05T02:19:56+00:00","dateModified":"2026-03-05T04:05:49+00:00","description":"HERMOSILLO, SONORA, MX. \u2014 En el marco del D\u00eda Internacional de la Concienciaci\u00f3n sobre el Virus del Papiloma Humano (VPH), la diputada Amairany Pe\u00f1a En Sonora en Equipo publicamos toda la informaci\u00f3n de Sonora, M\u00e9xico y el Mundo de manera oportuna y busca que la libertad de expresi\u00f3n sea real. Visita nuestro medio informativo publicado desde Hermosillo, Sonora. %","breadcrumb":{"@id":"https:\/\/www.sonoraenequipo.com.mx\/dip-amairany-pena-llama-a-fortalecer-prevencion-del-vph-y-a-promover-la-vacunacion-en-ninas-y-ninos\/#breadcrumb"},"inLanguage":"es","potentialAction":[{"@type":"ReadAction","target":["https:\/\/www.sonoraenequipo.com.mx\/dip-amairany-pena-llama-a-fortalecer-prevencion-del-vph-y-a-promover-la-vacunacion-en-ninas-y-ninos\/"]}]},{"@type":"ImageObject","inLanguage":"es","@id":"https:\/\/www.sonoraenequipo.com.mx\/dip-amairany-pena-llama-a-fortalecer-prevencion-del-vph-y-a-promover-la-vacunacion-en-ninas-y-ninos\/#primaryimage","url":"https:\/\/www.sonoraenequipo.com.mx\/storage\/2026\/03\/amairani.jpg","contentUrl":"https:\/\/www.sonoraenequipo.com.mx\/storage\/2026\/03\/amairani.jpg","width":600,"height":400},{"@type":"BreadcrumbList","@id":"https:\/\/www.sonoraenequipo.com.mx\/dip-amairany-pena-llama-a-fortalecer-prevencion-del-vph-y-a-promover-la-vacunacion-en-ninas-y-ninos\/#breadcrumb","itemListElement":[{"@type":"ListItem","position":1,"name":"Portada","item":"https:\/\/www.sonoraenequipo.com.mx\/"},{"@type":"ListItem","position":2,"name":"Dip. Amairany Pe\u00f1a llama a fortalecer \u00a0prevenci\u00f3n del VPH y a promover la vacunaci\u00f3n en ni\u00f1as y ni\u00f1os"}]},{"@type":"WebSite","@id":"https:\/\/www.sonoraenequipo.com.mx\/#website","url":"https:\/\/www.sonoraenequipo.com.mx\/","name":"Sonora en Equipo.","description":"Diario en l\u00ednea con Noticias desde Hermosillo, Sonora","publisher":{"@id":"https:\/\/www.sonoraenequipo.com.mx\/#organization"},"potentialAction":[{"@type":"SearchAction","target":{"@type":"EntryPoint","urlTemplate":"https:\/\/www.sonoraenequipo.com.mx\/?s={search_term_string}"},"query-input":{"@type":"PropertyValueSpecification","valueRequired":true,"valueName":"search_term_string"}}],"inLanguage":"es"},{"@type":"Organization","@id":"https:\/\/www.sonoraenequipo.com.mx\/#organization","name":"Sonoraenequipo.com.mx","url":"https:\/\/www.sonoraenequipo.com.mx\/","logo":{"@type":"ImageObject","inLanguage":"es","@id":"https:\/\/www.sonoraenequipo.com.mx\/#\/schema\/logo\/image\/","url":"https:\/\/www.sonoraenequipo.com.mx\/storage\/2019\/01\/sonoraenequipo_opt.png","contentUrl":"https:\/\/www.sonoraenequipo.com.mx\/storage\/2019\/01\/sonoraenequipo_opt.png","width":375,"height":125,"caption":"Sonoraenequipo.com.mx"},"image":{"@id":"https:\/\/www.sonoraenequipo.com.mx\/#\/schema\/logo\/image\/"},"sameAs":["https:\/\/www.facebook.com\/SonoraEE\/","https:\/\/x.com\/sonoraenequipo","https:\/\/www.youtube.com\/channel\/UC338nW-lPEYmJQs4ZABQ1SQ"]},{"@type":"Person","@id":"https:\/\/www.sonoraenequipo.com.mx\/#\/schema\/person\/50102df0fb23a8fa9e8effad8fa81386","name":"enequipo","image":{"@type":"ImageObject","inLanguage":"es","@id":"https:\/\/www.sonoraenequipo.com.mx\/#\/schema\/person\/image\/","url":"https:\/\/secure.gravatar.com\/avatar\/049821681b589dabc0bc20695993ccebb09f5b5d4d790cd9251b97faac7c652b?s=96&d=blank&r=g","contentUrl":"https:\/\/secure.gravatar.com\/avatar\/049821681b589dabc0bc20695993ccebb09f5b5d4d790cd9251b97faac7c652b?s=96&d=blank&r=g","caption":"enequipo"},"sameAs":["https:\/\/www.facebook.com\/SonoraEE"]}]}},"jetpack_featured_media_url":"https:\/\/www.sonoraenequipo.com.mx\/storage\/2026\/03\/amairani.jpg","_links":{"self":[{"href":"https:\/\/www.sonoraenequipo.com.mx\/api\/wp\/v2\/posts\/236578","targetHints":{"allow":["GET"]}}],"collection":[{"href":"https:\/\/www.sonoraenequipo.com.mx\/api\/wp\/v2\/posts"}],"about":[{"href":"https:\/\/www.sonoraenequipo.com.mx\/api\/wp\/v2\/types\/post"}],"author":[{"embeddable":true,"href":"https:\/\/www.sonoraenequipo.com.mx\/api\/wp\/v2\/users\/1"}],"replies":[{"embeddable":true,"href":"https:\/\/www.sonoraenequipo.com.mx\/api\/wp\/v2\/comments?post=236578"}],"version-history":[{"count":1,"href":"https:\/\/www.sonoraenequipo.com.mx\/api\/wp\/v2\/posts\/236578\/revisions"}],"predecessor-version":[{"id":236604,"href":"https:\/\/www.sonoraenequipo.com.mx\/api\/wp\/v2\/posts\/236578\/revisions\/236604"}],"wp:featuredmedia":[{"embeddable":true,"href":"https:\/\/www.sonoraenequipo.com.mx\/api\/wp\/v2\/media\/236603"}],"wp:attachment":[{"href":"https:\/\/www.sonoraenequipo.com.mx\/api\/wp\/v2\/media?parent=236578"}],"wp:term":[{"taxonomy":"category","embeddable":true,"href":"https:\/\/www.sonoraenequipo.com.mx\/api\/wp\/v2\/categories?post=236578"},{"taxonomy":"post_tag","embeddable":true,"href":"https:\/\/www.sonoraenequipo.com.mx\/api\/wp\/v2\/tags?post=236578"}],"curies":[{"name":"wp","href":"https:\/\/api.w.org\/{rel}","templated":true}]}}