{"id":236587,"date":"2026-03-04T21:10:19","date_gmt":"2026-03-05T04:10:19","guid":{"rendered":"https:\/\/www.sonoraenequipo.com.mx\/?p=236587"},"modified":"2026-03-05T11:52:15","modified_gmt":"2026-03-05T18:52:15","slug":"gobernador-durazo-encabeza-politica-integral-contra-la-violencia-hacia-las-mujeres","status":"publish","type":"post","link":"https:\/\/www.sonoraenequipo.com.mx\/gobernador-durazo-encabeza-politica-integral-contra-la-violencia-hacia-las-mujeres\/","title":{"rendered":"Gobernador Durazo encabeza pol\u00edtica integral contra la violencia hacia las mujeres"},"content":{"rendered":"<p><b>HERMOSILLO, SONORA.MX.\u2014\u00a0 <\/b>El gobernador Alfonso Durazo Monta\u00f1o reafirm\u00f3 su compromiso con la protecci\u00f3n, atenci\u00f3n y empoderamiento de las mujeres sonorenses, durante la presentaci\u00f3n de acciones estrat\u00e9gicas que consolidan una pol\u00edtica p\u00fablica integral basada en infraestructura especializada, atenci\u00f3n con perspectiva de g\u00e9nero y fortalecimiento de la autonom\u00eda econ\u00f3mica.<\/p>\n<p>&nbsp;<\/p>\n<p>&nbsp;<\/p>\n<p>&nbsp;<\/p>\n<p> <\/p>\n<p>En conferencia de prensa, el mandatario estatal anunci\u00f3 la pr\u00f3xima inauguraci\u00f3n de la Primera Estancia Temporal para Mujeres, sus Hijas e Hijos en Situaci\u00f3n de Violencia Extrema, que requiri\u00f3 una inversi\u00f3n superior a 24 millones de pesos, un espacio que contar\u00e1 con 20 departamentos totalmente equipados, \u00e1reas comunes, lavander\u00eda, sistema de seguridad con circuito cerrado y paneles solares, garantizando condiciones dignas y seguras para su recuperaci\u00f3n.<\/p>\n<p>&nbsp;<\/p>\n<p>&nbsp;<\/p>\n<p><em><strong>\u201cEl mensaje que doy a las mujeres el d\u00eda de hoy es: no est\u00e1n solas. El Gobierno del Estado que encabezo es un gobierno comprometido con la generaci\u00f3n de oportunidades para las ni\u00f1as, las adolescentes y las mujeres sonorenses, particularmente comprometido en la lucha contra la violencia hacia la mujer y por consolidar todas aquellas acciones que estamos realizando en este momento para garantizar una vida libre de violencia a la mujer sonorense\u201d,<\/strong><\/em> expres\u00f3.<\/p>\n<p>&nbsp;<\/p>\n<p>&nbsp;<\/p>\n<p>&nbsp;<\/p>\n<p>Asimismo, el gobernador Durazo Monta\u00f1o, en materia de atenci\u00f3n directa, inform\u00f3 que en Sonora operan 19 Centros LIBRE del Programa de Atenci\u00f3n Integral para el Bienestar de las Mujeres, con proyecci\u00f3n de cerrar el a\u00f1o con 20 sedes. Tan solo en 2025 se han brindado 49 mil 865 servicios integrales entre atenci\u00f3n psicol\u00f3gica, jur\u00eddica y acciones de prevenci\u00f3n. Desde 2021 a la fecha se han realizado 360 mil 493 acciones para prevenir y atender la violencia, ofreciendo servicios gratuitos de asesor\u00eda legal, atenci\u00f3n psicol\u00f3gica, gestiones sociales y litigio con perspectiva de g\u00e9nero para mujeres sin recursos.<\/p>\n<p>&nbsp;<\/p>\n<p>&nbsp;<\/p>\n<p>Como parte de los programas de prevenci\u00f3n y seguimiento, el gobernador Durazo present\u00f3 los resultados del Sistema de Atenci\u00f3n a la Violencia Familiar y de G\u00e9nero (SALVA), que ha permitido atender a 165 mil 485 familias derivadas de reportes al 9-1-1, otorgar 11 mil 507 asesor\u00edas jur\u00eddicas, instalar 3 mil 198 Zonas SALVA en 72 municipios y capacitar a m\u00e1s de 100 mil 610 personas. A ello se suma la aplicaci\u00f3n \u201cMujeres Seguras\u201d, que incluye bot\u00f3n de p\u00e1nico con conexi\u00f3n directa al C5i, geolocalizaci\u00f3n en tiempo real, red de contactos de confianza y mapa de Zonas SALVA, funcionando incluso sin datos m\u00f3viles.<\/p>\n<p>&nbsp;<\/p>\n<p>&nbsp;<\/p>\n<p>Dentro de las acciones estrat\u00e9gicas, a trav\u00e9s de la Secretar\u00eda de las Mujeres, dio a conocer el arranque de \u201cNi\u00f1as Adelante 2026\u201d, programa que fortalece el esquema de becas con acompa\u00f1amiento integral para prevenir la deserci\u00f3n escolar, beneficiando a 250 ni\u00f1as en 22 municipios. Asimismo, Sonora se suma a la campa\u00f1a nacional \u201c<strong><em>Es tiempo de nombrar a las mujeres\u201d<\/em><\/strong>, impulsada por la presidenta Claudia Sheinbaum, orientada a visibilizar y dignificar el papel de las mujeres en la vida p\u00fablica y social. Tambi\u00e9n se impulsar\u00e1 el \u201c<strong><em>Mundial Mujeres Libres\u201d<\/em><\/strong>, iniciativa que promueve el deporte como herramienta de cohesi\u00f3n social y prevenci\u00f3n de violencias.<\/p>\n<p>&nbsp;<\/p>\n<p>&nbsp;<\/p>\n<p>Por su parte, el Sistema DIF Sonora present\u00f3 el Proyecto Horizonte-Unidad de Fomento a la Autonom\u00eda, dirigido a adolescentes y j\u00f3venes bajo acogimiento residencial, as\u00ed como el Programa de Asistencia Social Alimentaria \u201cPrimeros 1000 D\u00edas y Mujeres en Situaci\u00f3n de Vulnerabilidad\u201d, que en 2025 ha beneficiado a 11 mil 986 mujeres con una inversi\u00f3n superior a 35 millones de pesos, y que en 2026 ampliar\u00e1 su cobertura a 14 mil 960 beneficiarias.<\/p>\n<p>&nbsp;<\/p>\n<p>&nbsp;<\/p>\n<p>Para reforzar la estrategia del Gobierno de Sonora en favor de las mujeres, el mandatario sonorense, en el marco del D\u00eda Internacional de las Mujeres, anunci\u00f3 la Feria Nacional de Empleo para Mujeres, que se llevar\u00e1 a cabo el 19 de marzo en la explanada del Centro de Gobierno en Hermosillo, donde se ofertar\u00e1n aproximadamente 600 vacantes con la participaci\u00f3n de m\u00e1s de 30 empresas, fortaleciendo as\u00ed la autonom\u00eda econ\u00f3mica de las sonorenses.<\/p>\n<p>&nbsp;<\/p>\n<p>&nbsp;<\/p>\n<p>El gobernador Alfonso Durazo estuvo acompa\u00f1ado por Paulina Oca\u00f1a, jefa de la Oficina del Ejecutivo Estatal, Lyzeth Salcedo Salinas, comisionada Ejecutiva Estatal de Atenci\u00f3n a V\u00edctimas, David Fernando Soto Alday, secretario del Trabajo, Zulema Boneo Silva, coordinadora estatal del Sistema SALVA, Sheila Hern\u00e1ndez Alcaraz, titular de la Secretar\u00eda de las Mujeres y Lizeth V\u00e1zquez, directora general del Sistema DIF Sonora.<\/p>\n<p>&nbsp;<\/p>\n<p>PUBLICADO EL 04 DE MARZO 2026 Con informaci\u00f3n de GOBSON 0326\/041)<\/p>\n","protected":false},"excerpt":{"rendered":"<p>HERMOSILLO, SONORA.MX.\u2014\u00a0 El gobernador Alfonso Durazo Monta\u00f1o reafirm\u00f3 su compromiso con la protecci\u00f3n, atenci\u00f3n y&#8230;<\/p>\n","protected":false},"author":1,"featured_media":236581,"comment_status":"open","ping_status":"open","sticky":false,"template":"","format":"standard","meta":{"_monsterinsights_skip_tracking":false,"_monsterinsights_sitenote_active":false,"_monsterinsights_sitenote_note":"","_monsterinsights_sitenote_category":0,"footnotes":""},"categories":[22],"tags":[],"class_list":["post"],"yoast_head":" \n<title>Sonora en Equipo. Gobernador Durazo encabeza pol\u00edtica integral contra la violencia hacia las mujeres Sonora<\/title>\n<meta name=\"description\" content=\"HERMOSILLO, SONORA.MX.\u2014\u00a0 El gobernador Alfonso Durazo Monta\u00f1o reafirm\u00f3 su compromiso con la protecci\u00f3n, atenci\u00f3n y empoderamiento de las mujeres En Sonora en Equipo publicamos toda la informaci\u00f3n de Sonora, M\u00e9xico y el Mundo de manera oportuna y busca que la libertad de expresi\u00f3n sea real. Visita nuestro medio informativo publicado desde Hermosillo, Sonora. %\" \/>\n<meta name=\"robots\" content=\"index, follow, max-snippet:-1, max-image-preview:large, max-video-preview:-1\" \/>\n<link rel=\"canonical\" href=\"https:\/\/www.sonoraenequipo.com.mx\/gobernador-durazo-encabeza-politica-integral-contra-la-violencia-hacia-las-mujeres\/\" \/>\n<meta property=\"og:locale\" content=\"es_ES\" \/>\n<meta property=\"og:type\" content=\"article\" \/>\n<meta property=\"og:title\" content=\"Sonora en Equipo. Gobernador Durazo encabeza pol\u00edtica integral contra la violencia hacia las mujeres Sonora\" \/>\n<meta property=\"og:description\" content=\"HERMOSILLO, SONORA.MX.\u2014\u00a0 El gobernador Alfonso Durazo Monta\u00f1o reafirm\u00f3 su compromiso con la protecci\u00f3n, atenci\u00f3n y empoderamiento de las mujeres En Sonora en Equipo publicamos toda la informaci\u00f3n de Sonora, M\u00e9xico y el Mundo de manera oportuna y busca que la libertad de expresi\u00f3n sea real. Visita nuestro medio informativo publicado desde Hermosillo, Sonora. %\" \/>\n<meta property=\"og:url\" content=\"https:\/\/www.sonoraenequipo.com.mx\/gobernador-durazo-encabeza-politica-integral-contra-la-violencia-hacia-las-mujeres\/\" \/>\n<meta property=\"og:site_name\" content=\"Sonora en Equipo.\" \/>\n<meta property=\"article:publisher\" content=\"https:\/\/www.facebook.com\/SonoraEE\/\" \/>\n<meta property=\"article:author\" content=\"https:\/\/www.facebook.com\/SonoraEE\" \/>\n<meta property=\"article:published_time\" content=\"2026-03-05T04:10:19+00:00\" \/>\n<meta property=\"article:modified_time\" content=\"2026-03-05T18:52:15+00:00\" \/>\n<meta property=\"og:image\" content=\"https:\/\/www.sonoraenequipo.com.mx\/storage\/2026\/03\/politica-integral-contra-la-violencia-hacia-las-mujeres-1.jpg\" \/>\n\t<meta property=\"og:image:width\" content=\"1000\" \/>\n\t<meta property=\"og:image:height\" content=\"708\" \/>\n\t<meta property=\"og:image:type\" content=\"image\/jpeg\" \/>\n<meta name=\"author\" content=\"enequipo\" \/>\n<meta name=\"twitter:card\" content=\"summary_large_image\" \/>\n<meta name=\"twitter:creator\" content=\"@sonoraenequipo\" \/>\n<meta name=\"twitter:site\" content=\"@sonoraenequipo\" \/>\n<meta name=\"twitter:label1\" content=\"Escrito por\" \/>\n\t<meta name=\"twitter:data1\" content=\"enequipo\" \/>\n\t<meta name=\"twitter:label2\" content=\"Tiempo de lectura\" \/>\n\t<meta name=\"twitter:data2\" content=\"4 minutos\" \/>\n<script type=\"application\/ld+json\" class=\"yoast-schema-graph\">{\"@context\":\"https:\/\/schema.org\",\"@graph\":[{\"@type\":\"Article\",\"@id\":\"https:\/\/www.sonoraenequipo.com.mx\/gobernador-durazo-encabeza-politica-integral-contra-la-violencia-hacia-las-mujeres\/#article\",\"isPartOf\":{\"@id\":\"https:\/\/www.sonoraenequipo.com.mx\/gobernador-durazo-encabeza-politica-integral-contra-la-violencia-hacia-las-mujeres\/\"},\"author\":{\"name\":\"enequipo\",\"@id\":\"https:\/\/www.sonoraenequipo.com.mx\/#\/schema\/person\/50102df0fb23a8fa9e8effad8fa81386\"},\"headline\":\"Gobernador Durazo encabeza pol\u00edtica integral contra la violencia hacia las mujeres\",\"datePublished\":\"2026-03-05T04:10:19+00:00\",\"dateModified\":\"2026-03-05T18:52:15+00:00\",\"mainEntityOfPage\":{\"@id\":\"https:\/\/www.sonoraenequipo.com.mx\/gobernador-durazo-encabeza-politica-integral-contra-la-violencia-hacia-las-mujeres\/\"},\"wordCount\":778,\"commentCount\":0,\"publisher\":{\"@id\":\"https:\/\/www.sonoraenequipo.com.mx\/#organization\"},\"image\":{\"@id\":\"https:\/\/www.sonoraenequipo.com.mx\/gobernador-durazo-encabeza-politica-integral-contra-la-violencia-hacia-las-mujeres\/#primaryimage\"},\"thumbnailUrl\":\"https:\/\/www.sonoraenequipo.com.mx\/storage\/2026\/03\/politica-integral-contra-la-violencia-hacia-las-mujeres-1.jpg\",\"articleSection\":[\"Sonora\"],\"inLanguage\":\"es\",\"potentialAction\":[{\"@type\":\"CommentAction\",\"name\":\"Comment\",\"target\":[\"https:\/\/www.sonoraenequipo.com.mx\/gobernador-durazo-encabeza-politica-integral-contra-la-violencia-hacia-las-mujeres\/#respond\"]}]},{\"@type\":\"WebPage\",\"@id\":\"https:\/\/www.sonoraenequipo.com.mx\/gobernador-durazo-encabeza-politica-integral-contra-la-violencia-hacia-las-mujeres\/\",\"url\":\"https:\/\/www.sonoraenequipo.com.mx\/gobernador-durazo-encabeza-politica-integral-contra-la-violencia-hacia-las-mujeres\/\",\"name\":\"Sonora en Equipo. Gobernador Durazo encabeza pol\u00edtica integral contra la violencia hacia las mujeres Sonora\",\"isPartOf\":{\"@id\":\"https:\/\/www.sonoraenequipo.com.mx\/#website\"},\"primaryImageOfPage\":{\"@id\":\"https:\/\/www.sonoraenequipo.com.mx\/gobernador-durazo-encabeza-politica-integral-contra-la-violencia-hacia-las-mujeres\/#primaryimage\"},\"image\":{\"@id\":\"https:\/\/www.sonoraenequipo.com.mx\/gobernador-durazo-encabeza-politica-integral-contra-la-violencia-hacia-las-mujeres\/#primaryimage\"},\"thumbnailUrl\":\"https:\/\/www.sonoraenequipo.com.mx\/storage\/2026\/03\/politica-integral-contra-la-violencia-hacia-las-mujeres-1.jpg\",\"datePublished\":\"2026-03-05T04:10:19+00:00\",\"dateModified\":\"2026-03-05T18:52:15+00:00\",\"description\":\"HERMOSILLO, SONORA.MX.\u2014\u00a0 El gobernador Alfonso Durazo Monta\u00f1o reafirm\u00f3 su compromiso con la protecci\u00f3n, atenci\u00f3n y empoderamiento de las mujeres En Sonora en Equipo publicamos toda la informaci\u00f3n de Sonora, M\u00e9xico y el Mundo de manera oportuna y busca que la libertad de expresi\u00f3n sea real. Visita nuestro medio informativo publicado desde Hermosillo, Sonora. %\",\"breadcrumb\":{\"@id\":\"https:\/\/www.sonoraenequipo.com.mx\/gobernador-durazo-encabeza-politica-integral-contra-la-violencia-hacia-las-mujeres\/#breadcrumb\"},\"inLanguage\":\"es\",\"potentialAction\":[{\"@type\":\"ReadAction\",\"target\":[\"https:\/\/www.sonoraenequipo.com.mx\/gobernador-durazo-encabeza-politica-integral-contra-la-violencia-hacia-las-mujeres\/\"]}]},{\"@type\":\"ImageObject\",\"inLanguage\":\"es\",\"@id\":\"https:\/\/www.sonoraenequipo.com.mx\/gobernador-durazo-encabeza-politica-integral-contra-la-violencia-hacia-las-mujeres\/#primaryimage\",\"url\":\"https:\/\/www.sonoraenequipo.com.mx\/storage\/2026\/03\/politica-integral-contra-la-violencia-hacia-las-mujeres-1.jpg\",\"contentUrl\":\"https:\/\/www.sonoraenequipo.com.mx\/storage\/2026\/03\/politica-integral-contra-la-violencia-hacia-las-mujeres-1.jpg\",\"width\":1000,\"height\":708},{\"@type\":\"BreadcrumbList\",\"@id\":\"https:\/\/www.sonoraenequipo.com.mx\/gobernador-durazo-encabeza-politica-integral-contra-la-violencia-hacia-las-mujeres\/#breadcrumb\",\"itemListElement\":[{\"@type\":\"ListItem\",\"position\":1,\"name\":\"Portada\",\"item\":\"https:\/\/www.sonoraenequipo.com.mx\/\"},{\"@type\":\"ListItem\",\"position\":2,\"name\":\"Gobernador Durazo encabeza pol\u00edtica integral contra la violencia hacia las mujeres\"}]},{\"@type\":\"WebSite\",\"@id\":\"https:\/\/www.sonoraenequipo.com.mx\/#website\",\"url\":\"https:\/\/www.sonoraenequipo.com.mx\/\",\"name\":\"Sonora en Equipo.\",\"description\":\"Diario en l\u00ednea con Noticias desde Hermosillo, Sonora\",\"publisher\":{\"@id\":\"https:\/\/www.sonoraenequipo.com.mx\/#organization\"},\"potentialAction\":[{\"@type\":\"SearchAction\",\"target\":{\"@type\":\"EntryPoint\",\"urlTemplate\":\"https:\/\/www.sonoraenequipo.com.mx\/?s={search_term_string}\"},\"query-input\":{\"@type\":\"PropertyValueSpecification\",\"valueRequired\":true,\"valueName\":\"search_term_string\"}}],\"inLanguage\":\"es\"},{\"@type\":\"Organization\",\"@id\":\"https:\/\/www.sonoraenequipo.com.mx\/#organization\",\"name\":\"Sonoraenequipo.com.mx\",\"url\":\"https:\/\/www.sonoraenequipo.com.mx\/\",\"logo\":{\"@type\":\"ImageObject\",\"inLanguage\":\"es\",\"@id\":\"https:\/\/www.sonoraenequipo.com.mx\/#\/schema\/logo\/image\/\",\"url\":\"https:\/\/www.sonoraenequipo.com.mx\/storage\/2019\/01\/sonoraenequipo_opt.png\",\"contentUrl\":\"https:\/\/www.sonoraenequipo.com.mx\/storage\/2019\/01\/sonoraenequipo_opt.png\",\"width\":375,\"height\":125,\"caption\":\"Sonoraenequipo.com.mx\"},\"image\":{\"@id\":\"https:\/\/www.sonoraenequipo.com.mx\/#\/schema\/logo\/image\/\"},\"sameAs\":[\"https:\/\/www.facebook.com\/SonoraEE\/\",\"https:\/\/x.com\/sonoraenequipo\",\"https:\/\/www.youtube.com\/channel\/UC338nW-lPEYmJQs4ZABQ1SQ\"]},{\"@type\":\"Person\",\"@id\":\"https:\/\/www.sonoraenequipo.com.mx\/#\/schema\/person\/50102df0fb23a8fa9e8effad8fa81386\",\"name\":\"enequipo\",\"image\":{\"@type\":\"ImageObject\",\"inLanguage\":\"es\",\"@id\":\"https:\/\/www.sonoraenequipo.com.mx\/#\/schema\/person\/image\/\",\"url\":\"https:\/\/secure.gravatar.com\/avatar\/049821681b589dabc0bc20695993ccebb09f5b5d4d790cd9251b97faac7c652b?s=96&d=blank&r=g\",\"contentUrl\":\"https:\/\/secure.gravatar.com\/avatar\/049821681b589dabc0bc20695993ccebb09f5b5d4d790cd9251b97faac7c652b?s=96&d=blank&r=g\",\"caption\":\"enequipo\"},\"sameAs\":[\"https:\/\/www.facebook.com\/SonoraEE\"]}]}<\/script>\n ","yoast_head_json":{"title":"Sonora en Equipo. Gobernador Durazo encabeza pol\u00edtica integral contra la violencia hacia las mujeres Sonora","description":"HERMOSILLO, SONORA.MX.\u2014\u00a0 El gobernador Alfonso Durazo Monta\u00f1o reafirm\u00f3 su compromiso con la protecci\u00f3n, atenci\u00f3n y empoderamiento de las mujeres En Sonora en Equipo publicamos toda la informaci\u00f3n de Sonora, M\u00e9xico y el Mundo de manera oportuna y busca que la libertad de expresi\u00f3n sea real. Visita nuestro medio informativo publicado desde Hermosillo, Sonora. %","robots":{"index":"index","follow":"follow","max-snippet":"max-snippet:-1","max-image-preview":"max-image-preview:large","max-video-preview":"max-video-preview:-1"},"canonical":"https:\/\/www.sonoraenequipo.com.mx\/gobernador-durazo-encabeza-politica-integral-contra-la-violencia-hacia-las-mujeres\/","og_locale":"es_ES","og_type":"article","og_title":"Sonora en Equipo. Gobernador Durazo encabeza pol\u00edtica integral contra la violencia hacia las mujeres Sonora","og_description":"HERMOSILLO, SONORA.MX.\u2014\u00a0 El gobernador Alfonso Durazo Monta\u00f1o reafirm\u00f3 su compromiso con la protecci\u00f3n, atenci\u00f3n y empoderamiento de las mujeres En Sonora en Equipo publicamos toda la informaci\u00f3n de Sonora, M\u00e9xico y el Mundo de manera oportuna y busca que la libertad de expresi\u00f3n sea real. Visita nuestro medio informativo publicado desde Hermosillo, Sonora. %","og_url":"https:\/\/www.sonoraenequipo.com.mx\/gobernador-durazo-encabeza-politica-integral-contra-la-violencia-hacia-las-mujeres\/","og_site_name":"Sonora en Equipo.","article_publisher":"https:\/\/www.facebook.com\/SonoraEE\/","article_author":"https:\/\/www.facebook.com\/SonoraEE","article_published_time":"2026-03-05T04:10:19+00:00","article_modified_time":"2026-03-05T18:52:15+00:00","og_image":[{"width":1000,"height":708,"url":"https:\/\/www.sonoraenequipo.com.mx\/storage\/2026\/03\/politica-integral-contra-la-violencia-hacia-las-mujeres-1.jpg","type":"image\/jpeg"}],"author":"enequipo","twitter_card":"summary_large_image","twitter_creator":"@sonoraenequipo","twitter_site":"@sonoraenequipo","twitter_misc":{"Escrito por":"enequipo","Tiempo de lectura":"4 minutos"},"schema":{"@context":"https:\/\/schema.org","@graph":[{"@type":"Article","@id":"https:\/\/www.sonoraenequipo.com.mx\/gobernador-durazo-encabeza-politica-integral-contra-la-violencia-hacia-las-mujeres\/#article","isPartOf":{"@id":"https:\/\/www.sonoraenequipo.com.mx\/gobernador-durazo-encabeza-politica-integral-contra-la-violencia-hacia-las-mujeres\/"},"author":{"name":"enequipo","@id":"https:\/\/www.sonoraenequipo.com.mx\/#\/schema\/person\/50102df0fb23a8fa9e8effad8fa81386"},"headline":"Gobernador Durazo encabeza pol\u00edtica integral contra la violencia hacia las mujeres","datePublished":"2026-03-05T04:10:19+00:00","dateModified":"2026-03-05T18:52:15+00:00","mainEntityOfPage":{"@id":"https:\/\/www.sonoraenequipo.com.mx\/gobernador-durazo-encabeza-politica-integral-contra-la-violencia-hacia-las-mujeres\/"},"wordCount":778,"commentCount":0,"publisher":{"@id":"https:\/\/www.sonoraenequipo.com.mx\/#organization"},"image":{"@id":"https:\/\/www.sonoraenequipo.com.mx\/gobernador-durazo-encabeza-politica-integral-contra-la-violencia-hacia-las-mujeres\/#primaryimage"},"thumbnailUrl":"https:\/\/www.sonoraenequipo.com.mx\/storage\/2026\/03\/politica-integral-contra-la-violencia-hacia-las-mujeres-1.jpg","articleSection":["Sonora"],"inLanguage":"es","potentialAction":[{"@type":"CommentAction","name":"Comment","target":["https:\/\/www.sonoraenequipo.com.mx\/gobernador-durazo-encabeza-politica-integral-contra-la-violencia-hacia-las-mujeres\/#respond"]}]},{"@type":"WebPage","@id":"https:\/\/www.sonoraenequipo.com.mx\/gobernador-durazo-encabeza-politica-integral-contra-la-violencia-hacia-las-mujeres\/","url":"https:\/\/www.sonoraenequipo.com.mx\/gobernador-durazo-encabeza-politica-integral-contra-la-violencia-hacia-las-mujeres\/","name":"Sonora en Equipo. Gobernador Durazo encabeza pol\u00edtica integral contra la violencia hacia las mujeres Sonora","isPartOf":{"@id":"https:\/\/www.sonoraenequipo.com.mx\/#website"},"primaryImageOfPage":{"@id":"https:\/\/www.sonoraenequipo.com.mx\/gobernador-durazo-encabeza-politica-integral-contra-la-violencia-hacia-las-mujeres\/#primaryimage"},"image":{"@id":"https:\/\/www.sonoraenequipo.com.mx\/gobernador-durazo-encabeza-politica-integral-contra-la-violencia-hacia-las-mujeres\/#primaryimage"},"thumbnailUrl":"https:\/\/www.sonoraenequipo.com.mx\/storage\/2026\/03\/politica-integral-contra-la-violencia-hacia-las-mujeres-1.jpg","datePublished":"2026-03-05T04:10:19+00:00","dateModified":"2026-03-05T18:52:15+00:00","description":"HERMOSILLO, SONORA.MX.\u2014\u00a0 El gobernador Alfonso Durazo Monta\u00f1o reafirm\u00f3 su compromiso con la protecci\u00f3n, atenci\u00f3n y empoderamiento de las mujeres En Sonora en Equipo publicamos toda la informaci\u00f3n de Sonora, M\u00e9xico y el Mundo de manera oportuna y busca que la libertad de expresi\u00f3n sea real. Visita nuestro medio informativo publicado desde Hermosillo, Sonora. %","breadcrumb":{"@id":"https:\/\/www.sonoraenequipo.com.mx\/gobernador-durazo-encabeza-politica-integral-contra-la-violencia-hacia-las-mujeres\/#breadcrumb"},"inLanguage":"es","potentialAction":[{"@type":"ReadAction","target":["https:\/\/www.sonoraenequipo.com.mx\/gobernador-durazo-encabeza-politica-integral-contra-la-violencia-hacia-las-mujeres\/"]}]},{"@type":"ImageObject","inLanguage":"es","@id":"https:\/\/www.sonoraenequipo.com.mx\/gobernador-durazo-encabeza-politica-integral-contra-la-violencia-hacia-las-mujeres\/#primaryimage","url":"https:\/\/www.sonoraenequipo.com.mx\/storage\/2026\/03\/politica-integral-contra-la-violencia-hacia-las-mujeres-1.jpg","contentUrl":"https:\/\/www.sonoraenequipo.com.mx\/storage\/2026\/03\/politica-integral-contra-la-violencia-hacia-las-mujeres-1.jpg","width":1000,"height":708},{"@type":"BreadcrumbList","@id":"https:\/\/www.sonoraenequipo.com.mx\/gobernador-durazo-encabeza-politica-integral-contra-la-violencia-hacia-las-mujeres\/#breadcrumb","itemListElement":[{"@type":"ListItem","position":1,"name":"Portada","item":"https:\/\/www.sonoraenequipo.com.mx\/"},{"@type":"ListItem","position":2,"name":"Gobernador Durazo encabeza pol\u00edtica integral contra la violencia hacia las mujeres"}]},{"@type":"WebSite","@id":"https:\/\/www.sonoraenequipo.com.mx\/#website","url":"https:\/\/www.sonoraenequipo.com.mx\/","name":"Sonora en Equipo.","description":"Diario en l\u00ednea con Noticias desde Hermosillo, Sonora","publisher":{"@id":"https:\/\/www.sonoraenequipo.com.mx\/#organization"},"potentialAction":[{"@type":"SearchAction","target":{"@type":"EntryPoint","urlTemplate":"https:\/\/www.sonoraenequipo.com.mx\/?s={search_term_string}"},"query-input":{"@type":"PropertyValueSpecification","valueRequired":true,"valueName":"search_term_string"}}],"inLanguage":"es"},{"@type":"Organization","@id":"https:\/\/www.sonoraenequipo.com.mx\/#organization","name":"Sonoraenequipo.com.mx","url":"https:\/\/www.sonoraenequipo.com.mx\/","logo":{"@type":"ImageObject","inLanguage":"es","@id":"https:\/\/www.sonoraenequipo.com.mx\/#\/schema\/logo\/image\/","url":"https:\/\/www.sonoraenequipo.com.mx\/storage\/2019\/01\/sonoraenequipo_opt.png","contentUrl":"https:\/\/www.sonoraenequipo.com.mx\/storage\/2019\/01\/sonoraenequipo_opt.png","width":375,"height":125,"caption":"Sonoraenequipo.com.mx"},"image":{"@id":"https:\/\/www.sonoraenequipo.com.mx\/#\/schema\/logo\/image\/"},"sameAs":["https:\/\/www.facebook.com\/SonoraEE\/","https:\/\/x.com\/sonoraenequipo","https:\/\/www.youtube.com\/channel\/UC338nW-lPEYmJQs4ZABQ1SQ"]},{"@type":"Person","@id":"https:\/\/www.sonoraenequipo.com.mx\/#\/schema\/person\/50102df0fb23a8fa9e8effad8fa81386","name":"enequipo","image":{"@type":"ImageObject","inLanguage":"es","@id":"https:\/\/www.sonoraenequipo.com.mx\/#\/schema\/person\/image\/","url":"https:\/\/secure.gravatar.com\/avatar\/049821681b589dabc0bc20695993ccebb09f5b5d4d790cd9251b97faac7c652b?s=96&d=blank&r=g","contentUrl":"https:\/\/secure.gravatar.com\/avatar\/049821681b589dabc0bc20695993ccebb09f5b5d4d790cd9251b97faac7c652b?s=96&d=blank&r=g","caption":"enequipo"},"sameAs":["https:\/\/www.facebook.com\/SonoraEE"]}]}},"jetpack_featured_media_url":"https:\/\/www.sonoraenequipo.com.mx\/storage\/2026\/03\/politica-integral-contra-la-violencia-hacia-las-mujeres-1.jpg","_links":{"self":[{"href":"https:\/\/www.sonoraenequipo.com.mx\/api\/wp\/v2\/posts\/236587","targetHints":{"allow":["GET"]}}],"collection":[{"href":"https:\/\/www.sonoraenequipo.com.mx\/api\/wp\/v2\/posts"}],"about":[{"href":"https:\/\/www.sonoraenequipo.com.mx\/api\/wp\/v2\/types\/post"}],"author":[{"embeddable":true,"href":"https:\/\/www.sonoraenequipo.com.mx\/api\/wp\/v2\/users\/1"}],"replies":[{"embeddable":true,"href":"https:\/\/www.sonoraenequipo.com.mx\/api\/wp\/v2\/comments?post=236587"}],"version-history":[{"count":1,"href":"https:\/\/www.sonoraenequipo.com.mx\/api\/wp\/v2\/posts\/236587\/revisions"}],"predecessor-version":[{"id":236588,"href":"https:\/\/www.sonoraenequipo.com.mx\/api\/wp\/v2\/posts\/236587\/revisions\/236588"}],"wp:featuredmedia":[{"embeddable":true,"href":"https:\/\/www.sonoraenequipo.com.mx\/api\/wp\/v2\/media\/236581"}],"wp:attachment":[{"href":"https:\/\/www.sonoraenequipo.com.mx\/api\/wp\/v2\/media?parent=236587"}],"wp:term":[{"taxonomy":"category","embeddable":true,"href":"https:\/\/www.sonoraenequipo.com.mx\/api\/wp\/v2\/categories?post=236587"},{"taxonomy":"post_tag","embeddable":true,"href":"https:\/\/www.sonoraenequipo.com.mx\/api\/wp\/v2\/tags?post=236587"}],"curies":[{"name":"wp","href":"https:\/\/api.w.org\/{rel}","templated":true}]}}