{"id":236589,"date":"2026-03-04T17:24:14","date_gmt":"2026-03-05T00:24:14","guid":{"rendered":"https:\/\/www.sonoraenequipo.com.mx\/?p=236589"},"modified":"2026-03-04T18:28:04","modified_gmt":"2026-03-05T01:28:04","slug":"presidencia-envia-iniciativa-de-reforma-electoral-a-la-camara-de-diputados","status":"publish","type":"post","link":"https:\/\/www.sonoraenequipo.com.mx\/presidencia-envia-iniciativa-de-reforma-electoral-a-la-camara-de-diputados\/","title":{"rendered":"Presidencia env\u00eda iniciativa de reforma electoral a la C\u00e1mara de Diputados"},"content":{"rendered":"<p><strong>CIUDAD DE M\u00c9XICO. MX.\u2014\u00a0 <\/strong>. Despu\u00e9s de realizar los \u00faltimos ajustes al documento, fuentes de la Presidencia de la Rep\u00fablica informaron que al filo de la 1:30 horas se envi\u00f3 el documento de la reforma electoral a la C\u00e1mara de Diputados para su procesamiento.<\/p>\n<p>&nbsp;<\/p>\n<p>&nbsp;<\/p>\n<p>&nbsp;<\/p>\n<p> <\/p>\n<p>Horas antes, la presidenta Claudia Sheinbaum confirm\u00f3 durante su conferencia que hoy enviar\u00eda el documento, anticipando que si no se logra la mayor\u00eda calificada para aprobar la reforma constitucional, ah\u00ed quedar\u00e1 el documento para poder posteriormente retomarla. En principio, dijo por la ma\u00f1ana, se tiene previsto ya un plan B en el caso contrario.<\/p>\n<p>&nbsp;<\/p>\n<p>&nbsp;<\/p>\n<p>Durante su conferencia matutina, la Presidenta confirm\u00f3 que este mismo mi\u00e9rcoles enviar\u00eda a San L\u00e1zaro la iniciativa de reforma constitucional en materia electoral priorizando dos elementos: la reducci\u00f3n del gasto electoral y la modificaci\u00f3n del sistema de plurinominales para que sean electos por la gente.<\/p>\n<p>&nbsp;<\/p>\n<p>&nbsp;<\/p>\n<p>Ah\u00ed mismo fue cuando adelant\u00f3 sin detallar que ante un eventual rechazo tiene un Plan B<em><strong>. \u201cSi por alguna raz\u00f3n la reforma no se aprueba queda ah\u00ed, escrita para que posteriormente pueda recuperarse\u201d<\/strong><\/em>, asever\u00f3.<\/p>\n<p>&nbsp;<\/p>\n<p>&nbsp;<\/p>\n<p>&nbsp;<\/p>\n<p>Al abundar en torno a la nueva f\u00f3rmula plurinominal cit\u00f3 que en el caso de la C\u00e1mara de Diputados es una representaci\u00f3n popular, los partidos son un medio pero no un fin en s\u00ed mismo, por eso la gente debe elegir a todos los que lleguen a mismo . <strong><em>\u201cNo estamos quitando la proporcionalidad de la representaci\u00f3n de los partidos, se est\u00e1 reconociendo diversidad pol\u00edtica, pero ya ser\u00e1n listas definidas por unas cuantas personas\u201d.<\/em><\/strong><\/p>\n<p>&nbsp;<\/p>\n<p>&nbsp;<\/p>\n<p>&nbsp;<\/p>\n<p>Con ello ya no se podr\u00e1 hacer lo que hizo en el pasado el l\u00edder del PAN (Ricardo Anaya) de vivir en Estados Unidos y postularse por la v\u00eda plurinominal y llegar con el cargo a M\u00e9xico. Record\u00f3 que en el pasado los presidentes no s\u00f3lo influ\u00edan en las listas de su partido, sino incluso en los candidatos de la oposici\u00f3n.<\/p>\n<p>&nbsp;<\/p>\n<p>&nbsp;<\/p>\n<p>&nbsp;<\/p>\n<p>PUBLICADO EL 04 DE MARZO 2026 Con informaci\u00f3n de Alonso Urrutia y Alma E. Mu\u00f1oz\/LA JORNADA)<\/p>\n","protected":false},"excerpt":{"rendered":"<p>CIUDAD DE M\u00c9XICO. MX.\u2014\u00a0 . Despu\u00e9s de realizar los \u00faltimos ajustes al documento, fuentes de&#8230;<\/p>\n","protected":false},"author":1,"featured_media":236590,"comment_status":"open","ping_status":"open","sticky":false,"template":"","format":"standard","meta":{"_monsterinsights_skip_tracking":false,"_monsterinsights_sitenote_active":false,"_monsterinsights_sitenote_note":"","_monsterinsights_sitenote_category":0,"footnotes":""},"categories":[5],"tags":[],"class_list":["post"],"yoast_head":" \n<title>Sonora en Equipo. Presidencia env\u00eda iniciativa de reforma electoral a la C\u00e1mara de Diputados Rep\u00fablica<\/title>\n<meta name=\"description\" content=\"CIUDAD DE M\u00c9XICO. MX.\u2014\u00a0 . Despu\u00e9s de realizar los \u00faltimos ajustes al documento, fuentes de la Presidencia de la Rep\u00fablica informaron que al filo de la En Sonora en Equipo publicamos toda la informaci\u00f3n de Sonora, M\u00e9xico y el Mundo de manera oportuna y busca que la libertad de expresi\u00f3n sea real. Visita nuestro medio informativo publicado desde Hermosillo, Sonora. %\" \/>\n<meta name=\"robots\" content=\"index, follow, max-snippet:-1, max-image-preview:large, max-video-preview:-1\" \/>\n<link rel=\"canonical\" href=\"https:\/\/www.sonoraenequipo.com.mx\/presidencia-envia-iniciativa-de-reforma-electoral-a-la-camara-de-diputados\/\" \/>\n<meta property=\"og:locale\" content=\"es_ES\" \/>\n<meta property=\"og:type\" content=\"article\" \/>\n<meta property=\"og:title\" content=\"Sonora en Equipo. Presidencia env\u00eda iniciativa de reforma electoral a la C\u00e1mara de Diputados Rep\u00fablica\" \/>\n<meta property=\"og:description\" content=\"CIUDAD DE M\u00c9XICO. MX.\u2014\u00a0 . Despu\u00e9s de realizar los \u00faltimos ajustes al documento, fuentes de la Presidencia de la Rep\u00fablica informaron que al filo de la En Sonora en Equipo publicamos toda la informaci\u00f3n de Sonora, M\u00e9xico y el Mundo de manera oportuna y busca que la libertad de expresi\u00f3n sea real. Visita nuestro medio informativo publicado desde Hermosillo, Sonora. %\" \/>\n<meta property=\"og:url\" content=\"https:\/\/www.sonoraenequipo.com.mx\/presidencia-envia-iniciativa-de-reforma-electoral-a-la-camara-de-diputados\/\" \/>\n<meta property=\"og:site_name\" content=\"Sonora en Equipo.\" \/>\n<meta property=\"article:publisher\" content=\"https:\/\/www.facebook.com\/SonoraEE\/\" \/>\n<meta property=\"article:author\" content=\"https:\/\/www.facebook.com\/SonoraEE\" \/>\n<meta property=\"article:published_time\" content=\"2026-03-05T00:24:14+00:00\" \/>\n<meta property=\"article:modified_time\" content=\"2026-03-05T01:28:04+00:00\" \/>\n<meta property=\"og:image\" content=\"https:\/\/www.sonoraenequipo.com.mx\/storage\/2026\/03\/camara-de-diputados.-iniciativa-presidencial-1.jpg\" \/>\n\t<meta property=\"og:image:width\" content=\"1000\" \/>\n\t<meta property=\"og:image:height\" content=\"665\" \/>\n\t<meta property=\"og:image:type\" content=\"image\/jpeg\" \/>\n<meta name=\"author\" content=\"enequipo\" \/>\n<meta name=\"twitter:card\" content=\"summary_large_image\" \/>\n<meta name=\"twitter:creator\" content=\"@sonoraenequipo\" \/>\n<meta name=\"twitter:site\" content=\"@sonoraenequipo\" \/>\n<meta name=\"twitter:label1\" content=\"Escrito por\" \/>\n\t<meta name=\"twitter:data1\" content=\"enequipo\" \/>\n\t<meta name=\"twitter:label2\" content=\"Tiempo de lectura\" \/>\n\t<meta name=\"twitter:data2\" content=\"2 minutos\" \/>\n<script type=\"application\/ld+json\" class=\"yoast-schema-graph\">{\"@context\":\"https:\/\/schema.org\",\"@graph\":[{\"@type\":\"Article\",\"@id\":\"https:\/\/www.sonoraenequipo.com.mx\/presidencia-envia-iniciativa-de-reforma-electoral-a-la-camara-de-diputados\/#article\",\"isPartOf\":{\"@id\":\"https:\/\/www.sonoraenequipo.com.mx\/presidencia-envia-iniciativa-de-reforma-electoral-a-la-camara-de-diputados\/\"},\"author\":{\"name\":\"enequipo\",\"@id\":\"https:\/\/www.sonoraenequipo.com.mx\/#\/schema\/person\/50102df0fb23a8fa9e8effad8fa81386\"},\"headline\":\"Presidencia env\u00eda iniciativa de reforma electoral a la C\u00e1mara de Diputados\",\"datePublished\":\"2026-03-05T00:24:14+00:00\",\"dateModified\":\"2026-03-05T01:28:04+00:00\",\"mainEntityOfPage\":{\"@id\":\"https:\/\/www.sonoraenequipo.com.mx\/presidencia-envia-iniciativa-de-reforma-electoral-a-la-camara-de-diputados\/\"},\"wordCount\":380,\"commentCount\":0,\"publisher\":{\"@id\":\"https:\/\/www.sonoraenequipo.com.mx\/#organization\"},\"image\":{\"@id\":\"https:\/\/www.sonoraenequipo.com.mx\/presidencia-envia-iniciativa-de-reforma-electoral-a-la-camara-de-diputados\/#primaryimage\"},\"thumbnailUrl\":\"https:\/\/www.sonoraenequipo.com.mx\/storage\/2026\/03\/camara-de-diputados.-iniciativa-presidencial-1.jpg\",\"articleSection\":[\"Rep\u00fablica\"],\"inLanguage\":\"es\",\"potentialAction\":[{\"@type\":\"CommentAction\",\"name\":\"Comment\",\"target\":[\"https:\/\/www.sonoraenequipo.com.mx\/presidencia-envia-iniciativa-de-reforma-electoral-a-la-camara-de-diputados\/#respond\"]}]},{\"@type\":\"WebPage\",\"@id\":\"https:\/\/www.sonoraenequipo.com.mx\/presidencia-envia-iniciativa-de-reforma-electoral-a-la-camara-de-diputados\/\",\"url\":\"https:\/\/www.sonoraenequipo.com.mx\/presidencia-envia-iniciativa-de-reforma-electoral-a-la-camara-de-diputados\/\",\"name\":\"Sonora en Equipo. Presidencia env\u00eda iniciativa de reforma electoral a la C\u00e1mara de Diputados Rep\u00fablica\",\"isPartOf\":{\"@id\":\"https:\/\/www.sonoraenequipo.com.mx\/#website\"},\"primaryImageOfPage\":{\"@id\":\"https:\/\/www.sonoraenequipo.com.mx\/presidencia-envia-iniciativa-de-reforma-electoral-a-la-camara-de-diputados\/#primaryimage\"},\"image\":{\"@id\":\"https:\/\/www.sonoraenequipo.com.mx\/presidencia-envia-iniciativa-de-reforma-electoral-a-la-camara-de-diputados\/#primaryimage\"},\"thumbnailUrl\":\"https:\/\/www.sonoraenequipo.com.mx\/storage\/2026\/03\/camara-de-diputados.-iniciativa-presidencial-1.jpg\",\"datePublished\":\"2026-03-05T00:24:14+00:00\",\"dateModified\":\"2026-03-05T01:28:04+00:00\",\"description\":\"CIUDAD DE M\u00c9XICO. MX.\u2014\u00a0 . Despu\u00e9s de realizar los \u00faltimos ajustes al documento, fuentes de la Presidencia de la Rep\u00fablica informaron que al filo de la En Sonora en Equipo publicamos toda la informaci\u00f3n de Sonora, M\u00e9xico y el Mundo de manera oportuna y busca que la libertad de expresi\u00f3n sea real. Visita nuestro medio informativo publicado desde Hermosillo, Sonora. %\",\"breadcrumb\":{\"@id\":\"https:\/\/www.sonoraenequipo.com.mx\/presidencia-envia-iniciativa-de-reforma-electoral-a-la-camara-de-diputados\/#breadcrumb\"},\"inLanguage\":\"es\",\"potentialAction\":[{\"@type\":\"ReadAction\",\"target\":[\"https:\/\/www.sonoraenequipo.com.mx\/presidencia-envia-iniciativa-de-reforma-electoral-a-la-camara-de-diputados\/\"]}]},{\"@type\":\"ImageObject\",\"inLanguage\":\"es\",\"@id\":\"https:\/\/www.sonoraenequipo.com.mx\/presidencia-envia-iniciativa-de-reforma-electoral-a-la-camara-de-diputados\/#primaryimage\",\"url\":\"https:\/\/www.sonoraenequipo.com.mx\/storage\/2026\/03\/camara-de-diputados.-iniciativa-presidencial-1.jpg\",\"contentUrl\":\"https:\/\/www.sonoraenequipo.com.mx\/storage\/2026\/03\/camara-de-diputados.-iniciativa-presidencial-1.jpg\",\"width\":1000,\"height\":665},{\"@type\":\"BreadcrumbList\",\"@id\":\"https:\/\/www.sonoraenequipo.com.mx\/presidencia-envia-iniciativa-de-reforma-electoral-a-la-camara-de-diputados\/#breadcrumb\",\"itemListElement\":[{\"@type\":\"ListItem\",\"position\":1,\"name\":\"Portada\",\"item\":\"https:\/\/www.sonoraenequipo.com.mx\/\"},{\"@type\":\"ListItem\",\"position\":2,\"name\":\"Presidencia env\u00eda iniciativa de reforma electoral a la C\u00e1mara de Diputados\"}]},{\"@type\":\"WebSite\",\"@id\":\"https:\/\/www.sonoraenequipo.com.mx\/#website\",\"url\":\"https:\/\/www.sonoraenequipo.com.mx\/\",\"name\":\"Sonora en Equipo.\",\"description\":\"Diario en l\u00ednea con Noticias desde Hermosillo, Sonora\",\"publisher\":{\"@id\":\"https:\/\/www.sonoraenequipo.com.mx\/#organization\"},\"potentialAction\":[{\"@type\":\"SearchAction\",\"target\":{\"@type\":\"EntryPoint\",\"urlTemplate\":\"https:\/\/www.sonoraenequipo.com.mx\/?s={search_term_string}\"},\"query-input\":{\"@type\":\"PropertyValueSpecification\",\"valueRequired\":true,\"valueName\":\"search_term_string\"}}],\"inLanguage\":\"es\"},{\"@type\":\"Organization\",\"@id\":\"https:\/\/www.sonoraenequipo.com.mx\/#organization\",\"name\":\"Sonoraenequipo.com.mx\",\"url\":\"https:\/\/www.sonoraenequipo.com.mx\/\",\"logo\":{\"@type\":\"ImageObject\",\"inLanguage\":\"es\",\"@id\":\"https:\/\/www.sonoraenequipo.com.mx\/#\/schema\/logo\/image\/\",\"url\":\"https:\/\/www.sonoraenequipo.com.mx\/storage\/2019\/01\/sonoraenequipo_opt.png\",\"contentUrl\":\"https:\/\/www.sonoraenequipo.com.mx\/storage\/2019\/01\/sonoraenequipo_opt.png\",\"width\":375,\"height\":125,\"caption\":\"Sonoraenequipo.com.mx\"},\"image\":{\"@id\":\"https:\/\/www.sonoraenequipo.com.mx\/#\/schema\/logo\/image\/\"},\"sameAs\":[\"https:\/\/www.facebook.com\/SonoraEE\/\",\"https:\/\/x.com\/sonoraenequipo\",\"https:\/\/www.youtube.com\/channel\/UC338nW-lPEYmJQs4ZABQ1SQ\"]},{\"@type\":\"Person\",\"@id\":\"https:\/\/www.sonoraenequipo.com.mx\/#\/schema\/person\/50102df0fb23a8fa9e8effad8fa81386\",\"name\":\"enequipo\",\"image\":{\"@type\":\"ImageObject\",\"inLanguage\":\"es\",\"@id\":\"https:\/\/www.sonoraenequipo.com.mx\/#\/schema\/person\/image\/\",\"url\":\"https:\/\/secure.gravatar.com\/avatar\/049821681b589dabc0bc20695993ccebb09f5b5d4d790cd9251b97faac7c652b?s=96&d=blank&r=g\",\"contentUrl\":\"https:\/\/secure.gravatar.com\/avatar\/049821681b589dabc0bc20695993ccebb09f5b5d4d790cd9251b97faac7c652b?s=96&d=blank&r=g\",\"caption\":\"enequipo\"},\"sameAs\":[\"https:\/\/www.facebook.com\/SonoraEE\"]}]}<\/script>\n ","yoast_head_json":{"title":"Sonora en Equipo. Presidencia env\u00eda iniciativa de reforma electoral a la C\u00e1mara de Diputados Rep\u00fablica","description":"CIUDAD DE M\u00c9XICO. MX.\u2014\u00a0 . Despu\u00e9s de realizar los \u00faltimos ajustes al documento, fuentes de la Presidencia de la Rep\u00fablica informaron que al filo de la En Sonora en Equipo publicamos toda la informaci\u00f3n de Sonora, M\u00e9xico y el Mundo de manera oportuna y busca que la libertad de expresi\u00f3n sea real. Visita nuestro medio informativo publicado desde Hermosillo, Sonora. %","robots":{"index":"index","follow":"follow","max-snippet":"max-snippet:-1","max-image-preview":"max-image-preview:large","max-video-preview":"max-video-preview:-1"},"canonical":"https:\/\/www.sonoraenequipo.com.mx\/presidencia-envia-iniciativa-de-reforma-electoral-a-la-camara-de-diputados\/","og_locale":"es_ES","og_type":"article","og_title":"Sonora en Equipo. Presidencia env\u00eda iniciativa de reforma electoral a la C\u00e1mara de Diputados Rep\u00fablica","og_description":"CIUDAD DE M\u00c9XICO. MX.\u2014\u00a0 . Despu\u00e9s de realizar los \u00faltimos ajustes al documento, fuentes de la Presidencia de la Rep\u00fablica informaron que al filo de la En Sonora en Equipo publicamos toda la informaci\u00f3n de Sonora, M\u00e9xico y el Mundo de manera oportuna y busca que la libertad de expresi\u00f3n sea real. Visita nuestro medio informativo publicado desde Hermosillo, Sonora. %","og_url":"https:\/\/www.sonoraenequipo.com.mx\/presidencia-envia-iniciativa-de-reforma-electoral-a-la-camara-de-diputados\/","og_site_name":"Sonora en Equipo.","article_publisher":"https:\/\/www.facebook.com\/SonoraEE\/","article_author":"https:\/\/www.facebook.com\/SonoraEE","article_published_time":"2026-03-05T00:24:14+00:00","article_modified_time":"2026-03-05T01:28:04+00:00","og_image":[{"width":1000,"height":665,"url":"https:\/\/www.sonoraenequipo.com.mx\/storage\/2026\/03\/camara-de-diputados.-iniciativa-presidencial-1.jpg","type":"image\/jpeg"}],"author":"enequipo","twitter_card":"summary_large_image","twitter_creator":"@sonoraenequipo","twitter_site":"@sonoraenequipo","twitter_misc":{"Escrito por":"enequipo","Tiempo de lectura":"2 minutos"},"schema":{"@context":"https:\/\/schema.org","@graph":[{"@type":"Article","@id":"https:\/\/www.sonoraenequipo.com.mx\/presidencia-envia-iniciativa-de-reforma-electoral-a-la-camara-de-diputados\/#article","isPartOf":{"@id":"https:\/\/www.sonoraenequipo.com.mx\/presidencia-envia-iniciativa-de-reforma-electoral-a-la-camara-de-diputados\/"},"author":{"name":"enequipo","@id":"https:\/\/www.sonoraenequipo.com.mx\/#\/schema\/person\/50102df0fb23a8fa9e8effad8fa81386"},"headline":"Presidencia env\u00eda iniciativa de reforma electoral a la C\u00e1mara de Diputados","datePublished":"2026-03-05T00:24:14+00:00","dateModified":"2026-03-05T01:28:04+00:00","mainEntityOfPage":{"@id":"https:\/\/www.sonoraenequipo.com.mx\/presidencia-envia-iniciativa-de-reforma-electoral-a-la-camara-de-diputados\/"},"wordCount":380,"commentCount":0,"publisher":{"@id":"https:\/\/www.sonoraenequipo.com.mx\/#organization"},"image":{"@id":"https:\/\/www.sonoraenequipo.com.mx\/presidencia-envia-iniciativa-de-reforma-electoral-a-la-camara-de-diputados\/#primaryimage"},"thumbnailUrl":"https:\/\/www.sonoraenequipo.com.mx\/storage\/2026\/03\/camara-de-diputados.-iniciativa-presidencial-1.jpg","articleSection":["Rep\u00fablica"],"inLanguage":"es","potentialAction":[{"@type":"CommentAction","name":"Comment","target":["https:\/\/www.sonoraenequipo.com.mx\/presidencia-envia-iniciativa-de-reforma-electoral-a-la-camara-de-diputados\/#respond"]}]},{"@type":"WebPage","@id":"https:\/\/www.sonoraenequipo.com.mx\/presidencia-envia-iniciativa-de-reforma-electoral-a-la-camara-de-diputados\/","url":"https:\/\/www.sonoraenequipo.com.mx\/presidencia-envia-iniciativa-de-reforma-electoral-a-la-camara-de-diputados\/","name":"Sonora en Equipo. Presidencia env\u00eda iniciativa de reforma electoral a la C\u00e1mara de Diputados Rep\u00fablica","isPartOf":{"@id":"https:\/\/www.sonoraenequipo.com.mx\/#website"},"primaryImageOfPage":{"@id":"https:\/\/www.sonoraenequipo.com.mx\/presidencia-envia-iniciativa-de-reforma-electoral-a-la-camara-de-diputados\/#primaryimage"},"image":{"@id":"https:\/\/www.sonoraenequipo.com.mx\/presidencia-envia-iniciativa-de-reforma-electoral-a-la-camara-de-diputados\/#primaryimage"},"thumbnailUrl":"https:\/\/www.sonoraenequipo.com.mx\/storage\/2026\/03\/camara-de-diputados.-iniciativa-presidencial-1.jpg","datePublished":"2026-03-05T00:24:14+00:00","dateModified":"2026-03-05T01:28:04+00:00","description":"CIUDAD DE M\u00c9XICO. MX.\u2014\u00a0 . Despu\u00e9s de realizar los \u00faltimos ajustes al documento, fuentes de la Presidencia de la Rep\u00fablica informaron que al filo de la En Sonora en Equipo publicamos toda la informaci\u00f3n de Sonora, M\u00e9xico y el Mundo de manera oportuna y busca que la libertad de expresi\u00f3n sea real. Visita nuestro medio informativo publicado desde Hermosillo, Sonora. %","breadcrumb":{"@id":"https:\/\/www.sonoraenequipo.com.mx\/presidencia-envia-iniciativa-de-reforma-electoral-a-la-camara-de-diputados\/#breadcrumb"},"inLanguage":"es","potentialAction":[{"@type":"ReadAction","target":["https:\/\/www.sonoraenequipo.com.mx\/presidencia-envia-iniciativa-de-reforma-electoral-a-la-camara-de-diputados\/"]}]},{"@type":"ImageObject","inLanguage":"es","@id":"https:\/\/www.sonoraenequipo.com.mx\/presidencia-envia-iniciativa-de-reforma-electoral-a-la-camara-de-diputados\/#primaryimage","url":"https:\/\/www.sonoraenequipo.com.mx\/storage\/2026\/03\/camara-de-diputados.-iniciativa-presidencial-1.jpg","contentUrl":"https:\/\/www.sonoraenequipo.com.mx\/storage\/2026\/03\/camara-de-diputados.-iniciativa-presidencial-1.jpg","width":1000,"height":665},{"@type":"BreadcrumbList","@id":"https:\/\/www.sonoraenequipo.com.mx\/presidencia-envia-iniciativa-de-reforma-electoral-a-la-camara-de-diputados\/#breadcrumb","itemListElement":[{"@type":"ListItem","position":1,"name":"Portada","item":"https:\/\/www.sonoraenequipo.com.mx\/"},{"@type":"ListItem","position":2,"name":"Presidencia env\u00eda iniciativa de reforma electoral a la C\u00e1mara de Diputados"}]},{"@type":"WebSite","@id":"https:\/\/www.sonoraenequipo.com.mx\/#website","url":"https:\/\/www.sonoraenequipo.com.mx\/","name":"Sonora en Equipo.","description":"Diario en l\u00ednea con Noticias desde Hermosillo, Sonora","publisher":{"@id":"https:\/\/www.sonoraenequipo.com.mx\/#organization"},"potentialAction":[{"@type":"SearchAction","target":{"@type":"EntryPoint","urlTemplate":"https:\/\/www.sonoraenequipo.com.mx\/?s={search_term_string}"},"query-input":{"@type":"PropertyValueSpecification","valueRequired":true,"valueName":"search_term_string"}}],"inLanguage":"es"},{"@type":"Organization","@id":"https:\/\/www.sonoraenequipo.com.mx\/#organization","name":"Sonoraenequipo.com.mx","url":"https:\/\/www.sonoraenequipo.com.mx\/","logo":{"@type":"ImageObject","inLanguage":"es","@id":"https:\/\/www.sonoraenequipo.com.mx\/#\/schema\/logo\/image\/","url":"https:\/\/www.sonoraenequipo.com.mx\/storage\/2019\/01\/sonoraenequipo_opt.png","contentUrl":"https:\/\/www.sonoraenequipo.com.mx\/storage\/2019\/01\/sonoraenequipo_opt.png","width":375,"height":125,"caption":"Sonoraenequipo.com.mx"},"image":{"@id":"https:\/\/www.sonoraenequipo.com.mx\/#\/schema\/logo\/image\/"},"sameAs":["https:\/\/www.facebook.com\/SonoraEE\/","https:\/\/x.com\/sonoraenequipo","https:\/\/www.youtube.com\/channel\/UC338nW-lPEYmJQs4ZABQ1SQ"]},{"@type":"Person","@id":"https:\/\/www.sonoraenequipo.com.mx\/#\/schema\/person\/50102df0fb23a8fa9e8effad8fa81386","name":"enequipo","image":{"@type":"ImageObject","inLanguage":"es","@id":"https:\/\/www.sonoraenequipo.com.mx\/#\/schema\/person\/image\/","url":"https:\/\/secure.gravatar.com\/avatar\/049821681b589dabc0bc20695993ccebb09f5b5d4d790cd9251b97faac7c652b?s=96&d=blank&r=g","contentUrl":"https:\/\/secure.gravatar.com\/avatar\/049821681b589dabc0bc20695993ccebb09f5b5d4d790cd9251b97faac7c652b?s=96&d=blank&r=g","caption":"enequipo"},"sameAs":["https:\/\/www.facebook.com\/SonoraEE"]}]}},"jetpack_featured_media_url":"https:\/\/www.sonoraenequipo.com.mx\/storage\/2026\/03\/camara-de-diputados.-iniciativa-presidencial-1.jpg","_links":{"self":[{"href":"https:\/\/www.sonoraenequipo.com.mx\/api\/wp\/v2\/posts\/236589","targetHints":{"allow":["GET"]}}],"collection":[{"href":"https:\/\/www.sonoraenequipo.com.mx\/api\/wp\/v2\/posts"}],"about":[{"href":"https:\/\/www.sonoraenequipo.com.mx\/api\/wp\/v2\/types\/post"}],"author":[{"embeddable":true,"href":"https:\/\/www.sonoraenequipo.com.mx\/api\/wp\/v2\/users\/1"}],"replies":[{"embeddable":true,"href":"https:\/\/www.sonoraenequipo.com.mx\/api\/wp\/v2\/comments?post=236589"}],"version-history":[{"count":1,"href":"https:\/\/www.sonoraenequipo.com.mx\/api\/wp\/v2\/posts\/236589\/revisions"}],"predecessor-version":[{"id":236591,"href":"https:\/\/www.sonoraenequipo.com.mx\/api\/wp\/v2\/posts\/236589\/revisions\/236591"}],"wp:featuredmedia":[{"embeddable":true,"href":"https:\/\/www.sonoraenequipo.com.mx\/api\/wp\/v2\/media\/236590"}],"wp:attachment":[{"href":"https:\/\/www.sonoraenequipo.com.mx\/api\/wp\/v2\/media?parent=236589"}],"wp:term":[{"taxonomy":"category","embeddable":true,"href":"https:\/\/www.sonoraenequipo.com.mx\/api\/wp\/v2\/categories?post=236589"},{"taxonomy":"post_tag","embeddable":true,"href":"https:\/\/www.sonoraenequipo.com.mx\/api\/wp\/v2\/tags?post=236589"}],"curies":[{"name":"wp","href":"https:\/\/api.w.org\/{rel}","templated":true}]}}