{"id":236596,"date":"2026-03-04T18:05:46","date_gmt":"2026-03-05T01:05:46","guid":{"rendered":"https:\/\/www.sonoraenequipo.com.mx\/?p=236596"},"modified":"2026-03-04T18:38:17","modified_gmt":"2026-03-05T01:38:17","slug":"fuerza-aerea-mexicana-realiza-simulacro-balam-en-yucatan-previo-al-mundial-2026","status":"publish","type":"post","link":"https:\/\/www.sonoraenequipo.com.mx\/fuerza-aerea-mexicana-realiza-simulacro-balam-en-yucatan-previo-al-mundial-2026\/","title":{"rendered":"Fuerza A\u00e9rea Mexicana realiza simulacro \u00abBalam\u00bb en Yucat\u00e1n previo al Mundial 2026"},"content":{"rendered":"<p><strong>M\u00c9RIDA, YUCAT\u00c1N. MX. \u2014<\/strong> A ra\u00edz de los preparativos de la Copa Mundial de F\u00fatbol 2026, se efectu\u00f3 este d\u00eda el ejercicio de simulacro a\u00e9reo \u201cBalam\u201d, como parte de las acciones de planeaci\u00f3n y adiestramiento que garanticen la seguridad y vigilancia del espacio a\u00e9reo durante el evento internacional.<\/p>\n<p>&nbsp;<\/p>\n<p>&nbsp;<\/p>\n<p>&nbsp;<\/p>\n<p> <\/p>\n<p>La misi\u00f3n del ejercicio, ejecutado en la Base A\u00e9rea de la capital yucateca, prev\u00e9 garantizar la soberan\u00eda del espacio a\u00e9reo mexicano, mediante operaciones de detecci\u00f3n, identificaci\u00f3n, interceptaci\u00f3n y seguimiento de aeronaves.<\/p>\n<p>&nbsp;<\/p>\n<p>&nbsp;<\/p>\n<p>Para este ejercicio \u201cBalam\u00bb , a cargo de la Fuerza A\u00e9rea Mexicana (FAM), participaron 9 aeronaves, entre \u00e9stas, un helic\u00f3ptero B-412 (con funciones de evacuaciones aerom\u00e9dicas), aeronaves EMB-145 para vigilancia a\u00e9rea y aviones T-6C+ destinados a misiones de interceptaci\u00f3n, traza de inter\u00e9s y alerta terrestre.<\/p>\n<p>&nbsp;<\/p>\n<p>&nbsp;<\/p>\n<p>Los escenarios -simulacros- que se ejecutaron correspondieron a que si una aeronave no acata instrucciones, se procede a la activaci\u00f3n del Plan SAR (B\u00fasqueda y Rescate) y se le da seguimiento correspondiente. En concreto, la aeronave sigue las instrucciones del avi\u00f3n interceptor y se le indica el aterrizaje en el aer\u00f3dromo ordenado, lo que implica la activaci\u00f3n del plan de contingencia.<\/p>\n<p>&nbsp;<\/p>\n<p>&nbsp;<\/p>\n<p>El esquema del ejercicio \u201cBalam\u201d comenz\u00f3 con el despegue de aeronaves T-6C+ desde Cozumel, Quintana Roo, y posteriormente se llev\u00f3 a cabo una interceptaci\u00f3n en las \u00e1reas de trabajo para operaciones a\u00e9reas militares y finaliz\u00f3 con el aterrizaje en el aeropuerto de M\u00e9rida, donde se aplic\u00f3 el plan de contingencia con las autoridades aeroportuarias.<\/p>\n<p>&nbsp;<\/p>\n<p>&nbsp;<\/p>\n<p>En t\u00e9rminos generales y con motivo del evento internacional futbol\u00edstico se crearon 4 Agrupamientos de Defensa A\u00e9rea: \u201cSoots\u201d (Canc\u00fan), \u201cOcelotl\u201d (Monterrey), \u201cAxolotl\u201d (Guadalajara) y \u201cQuetzal\u201d (Ciudad de M\u00e9xico), cuyos simulacros ser\u00e1n constantes.<\/p>\n<p>&nbsp;<\/p>\n<p>&nbsp;<\/p>\n<p>PUBLICADO EL 04 DE MARZO 2026 Con informaci\u00f3n de Luis A. Boffil G\u00f3mez\/LA JORNADA)<\/p>\n","protected":false},"excerpt":{"rendered":"<p>M\u00c9RIDA, YUCAT\u00c1N. MX. \u2014 A ra\u00edz de los preparativos de la Copa Mundial de F\u00fatbol&#8230;<\/p>\n","protected":false},"author":1,"featured_media":236539,"comment_status":"open","ping_status":"open","sticky":false,"template":"","format":"standard","meta":{"_monsterinsights_skip_tracking":false,"_monsterinsights_sitenote_active":false,"_monsterinsights_sitenote_note":"","_monsterinsights_sitenote_category":0,"footnotes":""},"categories":[5],"tags":[],"class_list":["post"],"yoast_head":" \n<title>Sonora en Equipo. Fuerza A\u00e9rea Mexicana realiza simulacro &quot;Balam&quot; en Yucat\u00e1n previo al Mundial 2026 Rep\u00fablica<\/title>\n<meta name=\"description\" content=\"M\u00c9RIDA, YUCAT\u00c1N. MX. \u2014 A ra\u00edz de los preparativos de la Copa Mundial de F\u00fatbol 2026, se efectu\u00f3 este d\u00eda el ejercicio de simulacro a\u00e9reo \u201cBalam\u201d, como En Sonora en Equipo publicamos toda la informaci\u00f3n de Sonora, M\u00e9xico y el Mundo de manera oportuna y busca que la libertad de expresi\u00f3n sea real. Visita nuestro medio informativo publicado desde Hermosillo, Sonora. %\" \/>\n<meta name=\"robots\" content=\"index, follow, max-snippet:-1, max-image-preview:large, max-video-preview:-1\" \/>\n<link rel=\"canonical\" href=\"https:\/\/www.sonoraenequipo.com.mx\/fuerza-aerea-mexicana-realiza-simulacro-balam-en-yucatan-previo-al-mundial-2026\/\" \/>\n<meta property=\"og:locale\" content=\"es_ES\" \/>\n<meta property=\"og:type\" content=\"article\" \/>\n<meta property=\"og:title\" content=\"Sonora en Equipo. Fuerza A\u00e9rea Mexicana realiza simulacro &quot;Balam&quot; en Yucat\u00e1n previo al Mundial 2026 Rep\u00fablica\" \/>\n<meta property=\"og:description\" content=\"M\u00c9RIDA, YUCAT\u00c1N. MX. \u2014 A ra\u00edz de los preparativos de la Copa Mundial de F\u00fatbol 2026, se efectu\u00f3 este d\u00eda el ejercicio de simulacro a\u00e9reo \u201cBalam\u201d, como En Sonora en Equipo publicamos toda la informaci\u00f3n de Sonora, M\u00e9xico y el Mundo de manera oportuna y busca que la libertad de expresi\u00f3n sea real. Visita nuestro medio informativo publicado desde Hermosillo, Sonora. %\" \/>\n<meta property=\"og:url\" content=\"https:\/\/www.sonoraenequipo.com.mx\/fuerza-aerea-mexicana-realiza-simulacro-balam-en-yucatan-previo-al-mundial-2026\/\" \/>\n<meta property=\"og:site_name\" content=\"Sonora en Equipo.\" \/>\n<meta property=\"article:publisher\" content=\"https:\/\/www.facebook.com\/SonoraEE\/\" \/>\n<meta property=\"article:author\" content=\"https:\/\/www.facebook.com\/SonoraEE\" \/>\n<meta property=\"article:published_time\" content=\"2026-03-05T01:05:46+00:00\" \/>\n<meta property=\"article:modified_time\" content=\"2026-03-05T01:38:17+00:00\" \/>\n<meta property=\"og:image\" content=\"https:\/\/www.sonoraenequipo.com.mx\/storage\/2026\/03\/Fuerza-Aerea-Mexicana-FAM-participaron-en-el-simulacro-aereo-Balam.jpg\" \/>\n\t<meta property=\"og:image:width\" content=\"1000\" \/>\n\t<meta property=\"og:image:height\" content=\"617\" \/>\n\t<meta property=\"og:image:type\" content=\"image\/jpeg\" \/>\n<meta name=\"author\" content=\"enequipo\" \/>\n<meta name=\"twitter:card\" content=\"summary_large_image\" \/>\n<meta name=\"twitter:creator\" content=\"@sonoraenequipo\" \/>\n<meta name=\"twitter:site\" content=\"@sonoraenequipo\" \/>\n<meta name=\"twitter:label1\" content=\"Escrito por\" \/>\n\t<meta name=\"twitter:data1\" content=\"enequipo\" \/>\n\t<meta name=\"twitter:label2\" content=\"Tiempo de lectura\" \/>\n\t<meta name=\"twitter:data2\" content=\"2 minutos\" \/>\n<script type=\"application\/ld+json\" class=\"yoast-schema-graph\">{\"@context\":\"https:\/\/schema.org\",\"@graph\":[{\"@type\":\"Article\",\"@id\":\"https:\/\/www.sonoraenequipo.com.mx\/fuerza-aerea-mexicana-realiza-simulacro-balam-en-yucatan-previo-al-mundial-2026\/#article\",\"isPartOf\":{\"@id\":\"https:\/\/www.sonoraenequipo.com.mx\/fuerza-aerea-mexicana-realiza-simulacro-balam-en-yucatan-previo-al-mundial-2026\/\"},\"author\":{\"name\":\"enequipo\",\"@id\":\"https:\/\/www.sonoraenequipo.com.mx\/#\/schema\/person\/50102df0fb23a8fa9e8effad8fa81386\"},\"headline\":\"Fuerza A\u00e9rea Mexicana realiza simulacro \u00abBalam\u00bb en Yucat\u00e1n previo al Mundial 2026\",\"datePublished\":\"2026-03-05T01:05:46+00:00\",\"dateModified\":\"2026-03-05T01:38:17+00:00\",\"mainEntityOfPage\":{\"@id\":\"https:\/\/www.sonoraenequipo.com.mx\/fuerza-aerea-mexicana-realiza-simulacro-balam-en-yucatan-previo-al-mundial-2026\/\"},\"wordCount\":344,\"commentCount\":0,\"publisher\":{\"@id\":\"https:\/\/www.sonoraenequipo.com.mx\/#organization\"},\"image\":{\"@id\":\"https:\/\/www.sonoraenequipo.com.mx\/fuerza-aerea-mexicana-realiza-simulacro-balam-en-yucatan-previo-al-mundial-2026\/#primaryimage\"},\"thumbnailUrl\":\"https:\/\/www.sonoraenequipo.com.mx\/storage\/2026\/03\/Fuerza-Aerea-Mexicana-FAM-participaron-en-el-simulacro-aereo-Balam.jpg\",\"articleSection\":[\"Rep\u00fablica\"],\"inLanguage\":\"es\",\"potentialAction\":[{\"@type\":\"CommentAction\",\"name\":\"Comment\",\"target\":[\"https:\/\/www.sonoraenequipo.com.mx\/fuerza-aerea-mexicana-realiza-simulacro-balam-en-yucatan-previo-al-mundial-2026\/#respond\"]}]},{\"@type\":\"WebPage\",\"@id\":\"https:\/\/www.sonoraenequipo.com.mx\/fuerza-aerea-mexicana-realiza-simulacro-balam-en-yucatan-previo-al-mundial-2026\/\",\"url\":\"https:\/\/www.sonoraenequipo.com.mx\/fuerza-aerea-mexicana-realiza-simulacro-balam-en-yucatan-previo-al-mundial-2026\/\",\"name\":\"Sonora en Equipo. Fuerza A\u00e9rea Mexicana realiza simulacro \\\"Balam\\\" en Yucat\u00e1n previo al Mundial 2026 Rep\u00fablica\",\"isPartOf\":{\"@id\":\"https:\/\/www.sonoraenequipo.com.mx\/#website\"},\"primaryImageOfPage\":{\"@id\":\"https:\/\/www.sonoraenequipo.com.mx\/fuerza-aerea-mexicana-realiza-simulacro-balam-en-yucatan-previo-al-mundial-2026\/#primaryimage\"},\"image\":{\"@id\":\"https:\/\/www.sonoraenequipo.com.mx\/fuerza-aerea-mexicana-realiza-simulacro-balam-en-yucatan-previo-al-mundial-2026\/#primaryimage\"},\"thumbnailUrl\":\"https:\/\/www.sonoraenequipo.com.mx\/storage\/2026\/03\/Fuerza-Aerea-Mexicana-FAM-participaron-en-el-simulacro-aereo-Balam.jpg\",\"datePublished\":\"2026-03-05T01:05:46+00:00\",\"dateModified\":\"2026-03-05T01:38:17+00:00\",\"description\":\"M\u00c9RIDA, YUCAT\u00c1N. MX. \u2014 A ra\u00edz de los preparativos de la Copa Mundial de F\u00fatbol 2026, se efectu\u00f3 este d\u00eda el ejercicio de simulacro a\u00e9reo \u201cBalam\u201d, como En Sonora en Equipo publicamos toda la informaci\u00f3n de Sonora, M\u00e9xico y el Mundo de manera oportuna y busca que la libertad de expresi\u00f3n sea real. Visita nuestro medio informativo publicado desde Hermosillo, Sonora. %\",\"breadcrumb\":{\"@id\":\"https:\/\/www.sonoraenequipo.com.mx\/fuerza-aerea-mexicana-realiza-simulacro-balam-en-yucatan-previo-al-mundial-2026\/#breadcrumb\"},\"inLanguage\":\"es\",\"potentialAction\":[{\"@type\":\"ReadAction\",\"target\":[\"https:\/\/www.sonoraenequipo.com.mx\/fuerza-aerea-mexicana-realiza-simulacro-balam-en-yucatan-previo-al-mundial-2026\/\"]}]},{\"@type\":\"ImageObject\",\"inLanguage\":\"es\",\"@id\":\"https:\/\/www.sonoraenequipo.com.mx\/fuerza-aerea-mexicana-realiza-simulacro-balam-en-yucatan-previo-al-mundial-2026\/#primaryimage\",\"url\":\"https:\/\/www.sonoraenequipo.com.mx\/storage\/2026\/03\/Fuerza-Aerea-Mexicana-FAM-participaron-en-el-simulacro-aereo-Balam.jpg\",\"contentUrl\":\"https:\/\/www.sonoraenequipo.com.mx\/storage\/2026\/03\/Fuerza-Aerea-Mexicana-FAM-participaron-en-el-simulacro-aereo-Balam.jpg\",\"width\":1000,\"height\":617},{\"@type\":\"BreadcrumbList\",\"@id\":\"https:\/\/www.sonoraenequipo.com.mx\/fuerza-aerea-mexicana-realiza-simulacro-balam-en-yucatan-previo-al-mundial-2026\/#breadcrumb\",\"itemListElement\":[{\"@type\":\"ListItem\",\"position\":1,\"name\":\"Portada\",\"item\":\"https:\/\/www.sonoraenequipo.com.mx\/\"},{\"@type\":\"ListItem\",\"position\":2,\"name\":\"Fuerza A\u00e9rea Mexicana realiza simulacro \u00abBalam\u00bb en Yucat\u00e1n previo al Mundial 2026\"}]},{\"@type\":\"WebSite\",\"@id\":\"https:\/\/www.sonoraenequipo.com.mx\/#website\",\"url\":\"https:\/\/www.sonoraenequipo.com.mx\/\",\"name\":\"Sonora en Equipo.\",\"description\":\"Diario en l\u00ednea con Noticias desde Hermosillo, Sonora\",\"publisher\":{\"@id\":\"https:\/\/www.sonoraenequipo.com.mx\/#organization\"},\"potentialAction\":[{\"@type\":\"SearchAction\",\"target\":{\"@type\":\"EntryPoint\",\"urlTemplate\":\"https:\/\/www.sonoraenequipo.com.mx\/?s={search_term_string}\"},\"query-input\":{\"@type\":\"PropertyValueSpecification\",\"valueRequired\":true,\"valueName\":\"search_term_string\"}}],\"inLanguage\":\"es\"},{\"@type\":\"Organization\",\"@id\":\"https:\/\/www.sonoraenequipo.com.mx\/#organization\",\"name\":\"Sonoraenequipo.com.mx\",\"url\":\"https:\/\/www.sonoraenequipo.com.mx\/\",\"logo\":{\"@type\":\"ImageObject\",\"inLanguage\":\"es\",\"@id\":\"https:\/\/www.sonoraenequipo.com.mx\/#\/schema\/logo\/image\/\",\"url\":\"https:\/\/www.sonoraenequipo.com.mx\/storage\/2019\/01\/sonoraenequipo_opt.png\",\"contentUrl\":\"https:\/\/www.sonoraenequipo.com.mx\/storage\/2019\/01\/sonoraenequipo_opt.png\",\"width\":375,\"height\":125,\"caption\":\"Sonoraenequipo.com.mx\"},\"image\":{\"@id\":\"https:\/\/www.sonoraenequipo.com.mx\/#\/schema\/logo\/image\/\"},\"sameAs\":[\"https:\/\/www.facebook.com\/SonoraEE\/\",\"https:\/\/x.com\/sonoraenequipo\",\"https:\/\/www.youtube.com\/channel\/UC338nW-lPEYmJQs4ZABQ1SQ\"]},{\"@type\":\"Person\",\"@id\":\"https:\/\/www.sonoraenequipo.com.mx\/#\/schema\/person\/50102df0fb23a8fa9e8effad8fa81386\",\"name\":\"enequipo\",\"image\":{\"@type\":\"ImageObject\",\"inLanguage\":\"es\",\"@id\":\"https:\/\/www.sonoraenequipo.com.mx\/#\/schema\/person\/image\/\",\"url\":\"https:\/\/secure.gravatar.com\/avatar\/049821681b589dabc0bc20695993ccebb09f5b5d4d790cd9251b97faac7c652b?s=96&d=blank&r=g\",\"contentUrl\":\"https:\/\/secure.gravatar.com\/avatar\/049821681b589dabc0bc20695993ccebb09f5b5d4d790cd9251b97faac7c652b?s=96&d=blank&r=g\",\"caption\":\"enequipo\"},\"sameAs\":[\"https:\/\/www.facebook.com\/SonoraEE\"]}]}<\/script>\n ","yoast_head_json":{"title":"Sonora en Equipo. Fuerza A\u00e9rea Mexicana realiza simulacro \"Balam\" en Yucat\u00e1n previo al Mundial 2026 Rep\u00fablica","description":"M\u00c9RIDA, YUCAT\u00c1N. MX. \u2014 A ra\u00edz de los preparativos de la Copa Mundial de F\u00fatbol 2026, se efectu\u00f3 este d\u00eda el ejercicio de simulacro a\u00e9reo \u201cBalam\u201d, como En Sonora en Equipo publicamos toda la informaci\u00f3n de Sonora, M\u00e9xico y el Mundo de manera oportuna y busca que la libertad de expresi\u00f3n sea real. Visita nuestro medio informativo publicado desde Hermosillo, Sonora. %","robots":{"index":"index","follow":"follow","max-snippet":"max-snippet:-1","max-image-preview":"max-image-preview:large","max-video-preview":"max-video-preview:-1"},"canonical":"https:\/\/www.sonoraenequipo.com.mx\/fuerza-aerea-mexicana-realiza-simulacro-balam-en-yucatan-previo-al-mundial-2026\/","og_locale":"es_ES","og_type":"article","og_title":"Sonora en Equipo. Fuerza A\u00e9rea Mexicana realiza simulacro \"Balam\" en Yucat\u00e1n previo al Mundial 2026 Rep\u00fablica","og_description":"M\u00c9RIDA, YUCAT\u00c1N. MX. \u2014 A ra\u00edz de los preparativos de la Copa Mundial de F\u00fatbol 2026, se efectu\u00f3 este d\u00eda el ejercicio de simulacro a\u00e9reo \u201cBalam\u201d, como En Sonora en Equipo publicamos toda la informaci\u00f3n de Sonora, M\u00e9xico y el Mundo de manera oportuna y busca que la libertad de expresi\u00f3n sea real. Visita nuestro medio informativo publicado desde Hermosillo, Sonora. %","og_url":"https:\/\/www.sonoraenequipo.com.mx\/fuerza-aerea-mexicana-realiza-simulacro-balam-en-yucatan-previo-al-mundial-2026\/","og_site_name":"Sonora en Equipo.","article_publisher":"https:\/\/www.facebook.com\/SonoraEE\/","article_author":"https:\/\/www.facebook.com\/SonoraEE","article_published_time":"2026-03-05T01:05:46+00:00","article_modified_time":"2026-03-05T01:38:17+00:00","og_image":[{"width":1000,"height":617,"url":"https:\/\/www.sonoraenequipo.com.mx\/storage\/2026\/03\/Fuerza-Aerea-Mexicana-FAM-participaron-en-el-simulacro-aereo-Balam.jpg","type":"image\/jpeg"}],"author":"enequipo","twitter_card":"summary_large_image","twitter_creator":"@sonoraenequipo","twitter_site":"@sonoraenequipo","twitter_misc":{"Escrito por":"enequipo","Tiempo de lectura":"2 minutos"},"schema":{"@context":"https:\/\/schema.org","@graph":[{"@type":"Article","@id":"https:\/\/www.sonoraenequipo.com.mx\/fuerza-aerea-mexicana-realiza-simulacro-balam-en-yucatan-previo-al-mundial-2026\/#article","isPartOf":{"@id":"https:\/\/www.sonoraenequipo.com.mx\/fuerza-aerea-mexicana-realiza-simulacro-balam-en-yucatan-previo-al-mundial-2026\/"},"author":{"name":"enequipo","@id":"https:\/\/www.sonoraenequipo.com.mx\/#\/schema\/person\/50102df0fb23a8fa9e8effad8fa81386"},"headline":"Fuerza A\u00e9rea Mexicana realiza simulacro \u00abBalam\u00bb en Yucat\u00e1n previo al Mundial 2026","datePublished":"2026-03-05T01:05:46+00:00","dateModified":"2026-03-05T01:38:17+00:00","mainEntityOfPage":{"@id":"https:\/\/www.sonoraenequipo.com.mx\/fuerza-aerea-mexicana-realiza-simulacro-balam-en-yucatan-previo-al-mundial-2026\/"},"wordCount":344,"commentCount":0,"publisher":{"@id":"https:\/\/www.sonoraenequipo.com.mx\/#organization"},"image":{"@id":"https:\/\/www.sonoraenequipo.com.mx\/fuerza-aerea-mexicana-realiza-simulacro-balam-en-yucatan-previo-al-mundial-2026\/#primaryimage"},"thumbnailUrl":"https:\/\/www.sonoraenequipo.com.mx\/storage\/2026\/03\/Fuerza-Aerea-Mexicana-FAM-participaron-en-el-simulacro-aereo-Balam.jpg","articleSection":["Rep\u00fablica"],"inLanguage":"es","potentialAction":[{"@type":"CommentAction","name":"Comment","target":["https:\/\/www.sonoraenequipo.com.mx\/fuerza-aerea-mexicana-realiza-simulacro-balam-en-yucatan-previo-al-mundial-2026\/#respond"]}]},{"@type":"WebPage","@id":"https:\/\/www.sonoraenequipo.com.mx\/fuerza-aerea-mexicana-realiza-simulacro-balam-en-yucatan-previo-al-mundial-2026\/","url":"https:\/\/www.sonoraenequipo.com.mx\/fuerza-aerea-mexicana-realiza-simulacro-balam-en-yucatan-previo-al-mundial-2026\/","name":"Sonora en Equipo. Fuerza A\u00e9rea Mexicana realiza simulacro \"Balam\" en Yucat\u00e1n previo al Mundial 2026 Rep\u00fablica","isPartOf":{"@id":"https:\/\/www.sonoraenequipo.com.mx\/#website"},"primaryImageOfPage":{"@id":"https:\/\/www.sonoraenequipo.com.mx\/fuerza-aerea-mexicana-realiza-simulacro-balam-en-yucatan-previo-al-mundial-2026\/#primaryimage"},"image":{"@id":"https:\/\/www.sonoraenequipo.com.mx\/fuerza-aerea-mexicana-realiza-simulacro-balam-en-yucatan-previo-al-mundial-2026\/#primaryimage"},"thumbnailUrl":"https:\/\/www.sonoraenequipo.com.mx\/storage\/2026\/03\/Fuerza-Aerea-Mexicana-FAM-participaron-en-el-simulacro-aereo-Balam.jpg","datePublished":"2026-03-05T01:05:46+00:00","dateModified":"2026-03-05T01:38:17+00:00","description":"M\u00c9RIDA, YUCAT\u00c1N. MX. \u2014 A ra\u00edz de los preparativos de la Copa Mundial de F\u00fatbol 2026, se efectu\u00f3 este d\u00eda el ejercicio de simulacro a\u00e9reo \u201cBalam\u201d, como En Sonora en Equipo publicamos toda la informaci\u00f3n de Sonora, M\u00e9xico y el Mundo de manera oportuna y busca que la libertad de expresi\u00f3n sea real. Visita nuestro medio informativo publicado desde Hermosillo, Sonora. %","breadcrumb":{"@id":"https:\/\/www.sonoraenequipo.com.mx\/fuerza-aerea-mexicana-realiza-simulacro-balam-en-yucatan-previo-al-mundial-2026\/#breadcrumb"},"inLanguage":"es","potentialAction":[{"@type":"ReadAction","target":["https:\/\/www.sonoraenequipo.com.mx\/fuerza-aerea-mexicana-realiza-simulacro-balam-en-yucatan-previo-al-mundial-2026\/"]}]},{"@type":"ImageObject","inLanguage":"es","@id":"https:\/\/www.sonoraenequipo.com.mx\/fuerza-aerea-mexicana-realiza-simulacro-balam-en-yucatan-previo-al-mundial-2026\/#primaryimage","url":"https:\/\/www.sonoraenequipo.com.mx\/storage\/2026\/03\/Fuerza-Aerea-Mexicana-FAM-participaron-en-el-simulacro-aereo-Balam.jpg","contentUrl":"https:\/\/www.sonoraenequipo.com.mx\/storage\/2026\/03\/Fuerza-Aerea-Mexicana-FAM-participaron-en-el-simulacro-aereo-Balam.jpg","width":1000,"height":617},{"@type":"BreadcrumbList","@id":"https:\/\/www.sonoraenequipo.com.mx\/fuerza-aerea-mexicana-realiza-simulacro-balam-en-yucatan-previo-al-mundial-2026\/#breadcrumb","itemListElement":[{"@type":"ListItem","position":1,"name":"Portada","item":"https:\/\/www.sonoraenequipo.com.mx\/"},{"@type":"ListItem","position":2,"name":"Fuerza A\u00e9rea Mexicana realiza simulacro \u00abBalam\u00bb en Yucat\u00e1n previo al Mundial 2026"}]},{"@type":"WebSite","@id":"https:\/\/www.sonoraenequipo.com.mx\/#website","url":"https:\/\/www.sonoraenequipo.com.mx\/","name":"Sonora en Equipo.","description":"Diario en l\u00ednea con Noticias desde Hermosillo, Sonora","publisher":{"@id":"https:\/\/www.sonoraenequipo.com.mx\/#organization"},"potentialAction":[{"@type":"SearchAction","target":{"@type":"EntryPoint","urlTemplate":"https:\/\/www.sonoraenequipo.com.mx\/?s={search_term_string}"},"query-input":{"@type":"PropertyValueSpecification","valueRequired":true,"valueName":"search_term_string"}}],"inLanguage":"es"},{"@type":"Organization","@id":"https:\/\/www.sonoraenequipo.com.mx\/#organization","name":"Sonoraenequipo.com.mx","url":"https:\/\/www.sonoraenequipo.com.mx\/","logo":{"@type":"ImageObject","inLanguage":"es","@id":"https:\/\/www.sonoraenequipo.com.mx\/#\/schema\/logo\/image\/","url":"https:\/\/www.sonoraenequipo.com.mx\/storage\/2019\/01\/sonoraenequipo_opt.png","contentUrl":"https:\/\/www.sonoraenequipo.com.mx\/storage\/2019\/01\/sonoraenequipo_opt.png","width":375,"height":125,"caption":"Sonoraenequipo.com.mx"},"image":{"@id":"https:\/\/www.sonoraenequipo.com.mx\/#\/schema\/logo\/image\/"},"sameAs":["https:\/\/www.facebook.com\/SonoraEE\/","https:\/\/x.com\/sonoraenequipo","https:\/\/www.youtube.com\/channel\/UC338nW-lPEYmJQs4ZABQ1SQ"]},{"@type":"Person","@id":"https:\/\/www.sonoraenequipo.com.mx\/#\/schema\/person\/50102df0fb23a8fa9e8effad8fa81386","name":"enequipo","image":{"@type":"ImageObject","inLanguage":"es","@id":"https:\/\/www.sonoraenequipo.com.mx\/#\/schema\/person\/image\/","url":"https:\/\/secure.gravatar.com\/avatar\/049821681b589dabc0bc20695993ccebb09f5b5d4d790cd9251b97faac7c652b?s=96&d=blank&r=g","contentUrl":"https:\/\/secure.gravatar.com\/avatar\/049821681b589dabc0bc20695993ccebb09f5b5d4d790cd9251b97faac7c652b?s=96&d=blank&r=g","caption":"enequipo"},"sameAs":["https:\/\/www.facebook.com\/SonoraEE"]}]}},"jetpack_featured_media_url":"https:\/\/www.sonoraenequipo.com.mx\/storage\/2026\/03\/Fuerza-Aerea-Mexicana-FAM-participaron-en-el-simulacro-aereo-Balam.jpg","_links":{"self":[{"href":"https:\/\/www.sonoraenequipo.com.mx\/api\/wp\/v2\/posts\/236596","targetHints":{"allow":["GET"]}}],"collection":[{"href":"https:\/\/www.sonoraenequipo.com.mx\/api\/wp\/v2\/posts"}],"about":[{"href":"https:\/\/www.sonoraenequipo.com.mx\/api\/wp\/v2\/types\/post"}],"author":[{"embeddable":true,"href":"https:\/\/www.sonoraenequipo.com.mx\/api\/wp\/v2\/users\/1"}],"replies":[{"embeddable":true,"href":"https:\/\/www.sonoraenequipo.com.mx\/api\/wp\/v2\/comments?post=236596"}],"version-history":[{"count":1,"href":"https:\/\/www.sonoraenequipo.com.mx\/api\/wp\/v2\/posts\/236596\/revisions"}],"predecessor-version":[{"id":236597,"href":"https:\/\/www.sonoraenequipo.com.mx\/api\/wp\/v2\/posts\/236596\/revisions\/236597"}],"wp:featuredmedia":[{"embeddable":true,"href":"https:\/\/www.sonoraenequipo.com.mx\/api\/wp\/v2\/media\/236539"}],"wp:attachment":[{"href":"https:\/\/www.sonoraenequipo.com.mx\/api\/wp\/v2\/media?parent=236596"}],"wp:term":[{"taxonomy":"category","embeddable":true,"href":"https:\/\/www.sonoraenequipo.com.mx\/api\/wp\/v2\/categories?post=236596"},{"taxonomy":"post_tag","embeddable":true,"href":"https:\/\/www.sonoraenequipo.com.mx\/api\/wp\/v2\/tags?post=236596"}],"curies":[{"name":"wp","href":"https:\/\/api.w.org\/{rel}","templated":true}]}}