{"id":236624,"date":"2026-03-05T11:56:26","date_gmt":"2026-03-05T18:56:26","guid":{"rendered":"https:\/\/www.sonoraenequipo.com.mx\/?p=236624"},"modified":"2026-03-05T11:56:49","modified_gmt":"2026-03-05T18:56:49","slug":"cajeme-invitan-a-tramitar-la-cartilla-del-servicio-militar-nacional-clase-2008-y-remisos","status":"publish","type":"post","link":"https:\/\/www.sonoraenequipo.com.mx\/cajeme-invitan-a-tramitar-la-cartilla-del-servicio-militar-nacional-clase-2008-y-remisos\/","title":{"rendered":"Cajeme. Invitan a tramitar la cartilla del servicio militar nacional clase 2008 y remisos"},"content":{"rendered":"<p><strong>CAJEME, SONORA, MX. \u2014<\/strong> El Gobierno Municipal de Cajeme, a trav\u00e9s de la Junta Municipal de Reclutamiento y en coordinaci\u00f3n con la Secretar\u00eda de la Defensa Nacional, invita a los j\u00f3venes de la Clase 2008, as\u00ed como a remisos, a realizar el tr\u00e1mite de su Cartilla del Servicio Militar Nacional.<\/p>\n<p>&nbsp;<\/p>\n<p>El periodo para llevar a cabo este tr\u00e1mite estar\u00e1 vigente hasta el 15 de octubre de 2026, por lo que se exhorta a los interesados a acudir con anticipaci\u00f3n y presentar la documentaci\u00f3n requerida. La recepci\u00f3n de documentos se realiza de lunes a viernes, en un horario de 8:00 de la ma\u00f1ana a 3:00 de la tarde, en las oficinas ubicadas en Calle 300, entre Paseo Miravalle y Jalisco.<\/p>\n<p>&nbsp;<\/p>\n<p>Los solicitantes deber\u00e1n presentarse con la siguiente documentaci\u00f3n: acta de nacimiento, constancia de estudios o certificado original, comprobante de domicilio, CURP en formato nuevo, cuatro fotograf\u00edas tama\u00f1o credencial, de estudio, en papel mate a color (no instant\u00e1neas). Para las fotograf\u00edas se solicita asistir con camisola blanca, cabello corto sin copete, frente descubierta, sin aretes, collares, barba o bigote.<\/p>\n<p>&nbsp;<\/p>\n<p>Para mayores informes, los interesados pueden comunicarse al tel\u00e9fono (644) 4100 600 extensi\u00f3n 3480 o enviar un correo electr\u00f3nico a <a href=\"mailto:reclutamientomilitar0@gmail.com\">reclutamientomilitar0@gmail.com<\/a>.<\/p>\n<p><strong>Fecha de publicaci\u00f3n jueves 5 de marzo de 2026<\/strong><\/p>\n","protected":false},"excerpt":{"rendered":"<p>CAJEME, SONORA, MX. \u2014 El Gobierno Municipal de Cajeme, a trav\u00e9s de la Junta Municipal&#8230;<\/p>\n","protected":false},"author":1,"featured_media":204310,"comment_status":"open","ping_status":"open","sticky":false,"template":"","format":"standard","meta":{"_monsterinsights_skip_tracking":false,"_monsterinsights_sitenote_active":false,"_monsterinsights_sitenote_note":"","_monsterinsights_sitenote_category":0,"footnotes":""},"categories":[4],"tags":[476,6733],"class_list":["post"],"yoast_head":" \n<title>Sonora en Equipo. Cajeme. Invitan a tramitar la cartilla del servicio militar nacional clase 2008 y remisos Municipios<\/title>\n<meta name=\"description\" content=\"CAJEME, SONORA, MX. \u2014 El Gobierno Municipal de Cajeme, a trav\u00e9s de la Junta Municipal de Reclutamiento y en coordinaci\u00f3n con la Secretar\u00eda de la Defensa En Sonora en Equipo publicamos toda la informaci\u00f3n de Sonora, M\u00e9xico y el Mundo de manera oportuna y busca que la libertad de expresi\u00f3n sea real. Visita nuestro medio informativo publicado desde Hermosillo, Sonora. %\" \/>\n<meta name=\"robots\" content=\"index, follow, max-snippet:-1, max-image-preview:large, max-video-preview:-1\" \/>\n<link rel=\"canonical\" href=\"https:\/\/www.sonoraenequipo.com.mx\/cajeme-invitan-a-tramitar-la-cartilla-del-servicio-militar-nacional-clase-2008-y-remisos\/\" \/>\n<meta property=\"og:locale\" content=\"es_ES\" \/>\n<meta property=\"og:type\" content=\"article\" \/>\n<meta property=\"og:title\" content=\"Sonora en Equipo. Cajeme. Invitan a tramitar la cartilla del servicio militar nacional clase 2008 y remisos Municipios\" \/>\n<meta property=\"og:description\" content=\"CAJEME, SONORA, MX. \u2014 El Gobierno Municipal de Cajeme, a trav\u00e9s de la Junta Municipal de Reclutamiento y en coordinaci\u00f3n con la Secretar\u00eda de la Defensa En Sonora en Equipo publicamos toda la informaci\u00f3n de Sonora, M\u00e9xico y el Mundo de manera oportuna y busca que la libertad de expresi\u00f3n sea real. Visita nuestro medio informativo publicado desde Hermosillo, Sonora. %\" \/>\n<meta property=\"og:url\" content=\"https:\/\/www.sonoraenequipo.com.mx\/cajeme-invitan-a-tramitar-la-cartilla-del-servicio-militar-nacional-clase-2008-y-remisos\/\" \/>\n<meta property=\"og:site_name\" content=\"Sonora en Equipo.\" \/>\n<meta property=\"article:publisher\" content=\"https:\/\/www.facebook.com\/SonoraEE\/\" \/>\n<meta property=\"article:author\" content=\"https:\/\/www.facebook.com\/SonoraEE\" \/>\n<meta property=\"article:published_time\" content=\"2026-03-05T18:56:26+00:00\" \/>\n<meta property=\"article:modified_time\" content=\"2026-03-05T18:56:49+00:00\" \/>\n<meta property=\"og:image\" content=\"https:\/\/www.sonoraenequipo.com.mx\/storage\/2024\/11\/sorteo-cartilla.jpg\" \/>\n\t<meta property=\"og:image:width\" content=\"600\" \/>\n\t<meta property=\"og:image:height\" content=\"467\" \/>\n\t<meta property=\"og:image:type\" content=\"image\/jpeg\" \/>\n<meta name=\"author\" content=\"enequipo\" \/>\n<meta name=\"twitter:card\" content=\"summary_large_image\" \/>\n<meta name=\"twitter:creator\" content=\"@sonoraenequipo\" \/>\n<meta name=\"twitter:site\" content=\"@sonoraenequipo\" \/>\n<meta name=\"twitter:label1\" content=\"Escrito por\" \/>\n\t<meta name=\"twitter:data1\" content=\"enequipo\" \/>\n\t<meta name=\"twitter:label2\" content=\"Tiempo de lectura\" \/>\n\t<meta name=\"twitter:data2\" content=\"1 minuto\" \/>\n<script type=\"application\/ld+json\" class=\"yoast-schema-graph\">{\"@context\":\"https:\/\/schema.org\",\"@graph\":[{\"@type\":\"Article\",\"@id\":\"https:\/\/www.sonoraenequipo.com.mx\/cajeme-invitan-a-tramitar-la-cartilla-del-servicio-militar-nacional-clase-2008-y-remisos\/#article\",\"isPartOf\":{\"@id\":\"https:\/\/www.sonoraenequipo.com.mx\/cajeme-invitan-a-tramitar-la-cartilla-del-servicio-militar-nacional-clase-2008-y-remisos\/\"},\"author\":{\"name\":\"enequipo\",\"@id\":\"https:\/\/www.sonoraenequipo.com.mx\/#\/schema\/person\/50102df0fb23a8fa9e8effad8fa81386\"},\"headline\":\"Cajeme. Invitan a tramitar la cartilla del servicio militar nacional clase 2008 y remisos\",\"datePublished\":\"2026-03-05T18:56:26+00:00\",\"dateModified\":\"2026-03-05T18:56:49+00:00\",\"mainEntityOfPage\":{\"@id\":\"https:\/\/www.sonoraenequipo.com.mx\/cajeme-invitan-a-tramitar-la-cartilla-del-servicio-militar-nacional-clase-2008-y-remisos\/\"},\"wordCount\":232,\"commentCount\":0,\"publisher\":{\"@id\":\"https:\/\/www.sonoraenequipo.com.mx\/#organization\"},\"image\":{\"@id\":\"https:\/\/www.sonoraenequipo.com.mx\/cajeme-invitan-a-tramitar-la-cartilla-del-servicio-militar-nacional-clase-2008-y-remisos\/#primaryimage\"},\"thumbnailUrl\":\"https:\/\/www.sonoraenequipo.com.mx\/storage\/2024\/11\/sorteo-cartilla.jpg\",\"keywords\":[\"Cajeme\",\"servicio militar\"],\"articleSection\":[\"Municipios\"],\"inLanguage\":\"es\",\"potentialAction\":[{\"@type\":\"CommentAction\",\"name\":\"Comment\",\"target\":[\"https:\/\/www.sonoraenequipo.com.mx\/cajeme-invitan-a-tramitar-la-cartilla-del-servicio-militar-nacional-clase-2008-y-remisos\/#respond\"]}]},{\"@type\":\"WebPage\",\"@id\":\"https:\/\/www.sonoraenequipo.com.mx\/cajeme-invitan-a-tramitar-la-cartilla-del-servicio-militar-nacional-clase-2008-y-remisos\/\",\"url\":\"https:\/\/www.sonoraenequipo.com.mx\/cajeme-invitan-a-tramitar-la-cartilla-del-servicio-militar-nacional-clase-2008-y-remisos\/\",\"name\":\"Sonora en Equipo. Cajeme. Invitan a tramitar la cartilla del servicio militar nacional clase 2008 y remisos Municipios\",\"isPartOf\":{\"@id\":\"https:\/\/www.sonoraenequipo.com.mx\/#website\"},\"primaryImageOfPage\":{\"@id\":\"https:\/\/www.sonoraenequipo.com.mx\/cajeme-invitan-a-tramitar-la-cartilla-del-servicio-militar-nacional-clase-2008-y-remisos\/#primaryimage\"},\"image\":{\"@id\":\"https:\/\/www.sonoraenequipo.com.mx\/cajeme-invitan-a-tramitar-la-cartilla-del-servicio-militar-nacional-clase-2008-y-remisos\/#primaryimage\"},\"thumbnailUrl\":\"https:\/\/www.sonoraenequipo.com.mx\/storage\/2024\/11\/sorteo-cartilla.jpg\",\"datePublished\":\"2026-03-05T18:56:26+00:00\",\"dateModified\":\"2026-03-05T18:56:49+00:00\",\"description\":\"CAJEME, SONORA, MX. \u2014 El Gobierno Municipal de Cajeme, a trav\u00e9s de la Junta Municipal de Reclutamiento y en coordinaci\u00f3n con la Secretar\u00eda de la Defensa En Sonora en Equipo publicamos toda la informaci\u00f3n de Sonora, M\u00e9xico y el Mundo de manera oportuna y busca que la libertad de expresi\u00f3n sea real. Visita nuestro medio informativo publicado desde Hermosillo, Sonora. %\",\"breadcrumb\":{\"@id\":\"https:\/\/www.sonoraenequipo.com.mx\/cajeme-invitan-a-tramitar-la-cartilla-del-servicio-militar-nacional-clase-2008-y-remisos\/#breadcrumb\"},\"inLanguage\":\"es\",\"potentialAction\":[{\"@type\":\"ReadAction\",\"target\":[\"https:\/\/www.sonoraenequipo.com.mx\/cajeme-invitan-a-tramitar-la-cartilla-del-servicio-militar-nacional-clase-2008-y-remisos\/\"]}]},{\"@type\":\"ImageObject\",\"inLanguage\":\"es\",\"@id\":\"https:\/\/www.sonoraenequipo.com.mx\/cajeme-invitan-a-tramitar-la-cartilla-del-servicio-militar-nacional-clase-2008-y-remisos\/#primaryimage\",\"url\":\"https:\/\/www.sonoraenequipo.com.mx\/storage\/2024\/11\/sorteo-cartilla.jpg\",\"contentUrl\":\"https:\/\/www.sonoraenequipo.com.mx\/storage\/2024\/11\/sorteo-cartilla.jpg\",\"width\":600,\"height\":467,\"caption\":\"Joven cantando el tradicional sorteo del servicio militar nacional bola blanca, lo hace bola negra, no. Archivo\"},{\"@type\":\"BreadcrumbList\",\"@id\":\"https:\/\/www.sonoraenequipo.com.mx\/cajeme-invitan-a-tramitar-la-cartilla-del-servicio-militar-nacional-clase-2008-y-remisos\/#breadcrumb\",\"itemListElement\":[{\"@type\":\"ListItem\",\"position\":1,\"name\":\"Portada\",\"item\":\"https:\/\/www.sonoraenequipo.com.mx\/\"},{\"@type\":\"ListItem\",\"position\":2,\"name\":\"Cajeme. Invitan a tramitar la cartilla del servicio militar nacional clase 2008 y remisos\"}]},{\"@type\":\"WebSite\",\"@id\":\"https:\/\/www.sonoraenequipo.com.mx\/#website\",\"url\":\"https:\/\/www.sonoraenequipo.com.mx\/\",\"name\":\"Sonora en Equipo.\",\"description\":\"Diario en l\u00ednea con Noticias desde Hermosillo, Sonora\",\"publisher\":{\"@id\":\"https:\/\/www.sonoraenequipo.com.mx\/#organization\"},\"potentialAction\":[{\"@type\":\"SearchAction\",\"target\":{\"@type\":\"EntryPoint\",\"urlTemplate\":\"https:\/\/www.sonoraenequipo.com.mx\/?s={search_term_string}\"},\"query-input\":{\"@type\":\"PropertyValueSpecification\",\"valueRequired\":true,\"valueName\":\"search_term_string\"}}],\"inLanguage\":\"es\"},{\"@type\":\"Organization\",\"@id\":\"https:\/\/www.sonoraenequipo.com.mx\/#organization\",\"name\":\"Sonoraenequipo.com.mx\",\"url\":\"https:\/\/www.sonoraenequipo.com.mx\/\",\"logo\":{\"@type\":\"ImageObject\",\"inLanguage\":\"es\",\"@id\":\"https:\/\/www.sonoraenequipo.com.mx\/#\/schema\/logo\/image\/\",\"url\":\"https:\/\/www.sonoraenequipo.com.mx\/storage\/2019\/01\/sonoraenequipo_opt.png\",\"contentUrl\":\"https:\/\/www.sonoraenequipo.com.mx\/storage\/2019\/01\/sonoraenequipo_opt.png\",\"width\":375,\"height\":125,\"caption\":\"Sonoraenequipo.com.mx\"},\"image\":{\"@id\":\"https:\/\/www.sonoraenequipo.com.mx\/#\/schema\/logo\/image\/\"},\"sameAs\":[\"https:\/\/www.facebook.com\/SonoraEE\/\",\"https:\/\/x.com\/sonoraenequipo\",\"https:\/\/www.youtube.com\/channel\/UC338nW-lPEYmJQs4ZABQ1SQ\"]},{\"@type\":\"Person\",\"@id\":\"https:\/\/www.sonoraenequipo.com.mx\/#\/schema\/person\/50102df0fb23a8fa9e8effad8fa81386\",\"name\":\"enequipo\",\"image\":{\"@type\":\"ImageObject\",\"inLanguage\":\"es\",\"@id\":\"https:\/\/www.sonoraenequipo.com.mx\/#\/schema\/person\/image\/\",\"url\":\"https:\/\/secure.gravatar.com\/avatar\/049821681b589dabc0bc20695993ccebb09f5b5d4d790cd9251b97faac7c652b?s=96&d=blank&r=g\",\"contentUrl\":\"https:\/\/secure.gravatar.com\/avatar\/049821681b589dabc0bc20695993ccebb09f5b5d4d790cd9251b97faac7c652b?s=96&d=blank&r=g\",\"caption\":\"enequipo\"},\"sameAs\":[\"https:\/\/www.facebook.com\/SonoraEE\"]}]}<\/script>\n ","yoast_head_json":{"title":"Sonora en Equipo. Cajeme. Invitan a tramitar la cartilla del servicio militar nacional clase 2008 y remisos Municipios","description":"CAJEME, SONORA, MX. \u2014 El Gobierno Municipal de Cajeme, a trav\u00e9s de la Junta Municipal de Reclutamiento y en coordinaci\u00f3n con la Secretar\u00eda de la Defensa En Sonora en Equipo publicamos toda la informaci\u00f3n de Sonora, M\u00e9xico y el Mundo de manera oportuna y busca que la libertad de expresi\u00f3n sea real. Visita nuestro medio informativo publicado desde Hermosillo, Sonora. %","robots":{"index":"index","follow":"follow","max-snippet":"max-snippet:-1","max-image-preview":"max-image-preview:large","max-video-preview":"max-video-preview:-1"},"canonical":"https:\/\/www.sonoraenequipo.com.mx\/cajeme-invitan-a-tramitar-la-cartilla-del-servicio-militar-nacional-clase-2008-y-remisos\/","og_locale":"es_ES","og_type":"article","og_title":"Sonora en Equipo. Cajeme. Invitan a tramitar la cartilla del servicio militar nacional clase 2008 y remisos Municipios","og_description":"CAJEME, SONORA, MX. \u2014 El Gobierno Municipal de Cajeme, a trav\u00e9s de la Junta Municipal de Reclutamiento y en coordinaci\u00f3n con la Secretar\u00eda de la Defensa En Sonora en Equipo publicamos toda la informaci\u00f3n de Sonora, M\u00e9xico y el Mundo de manera oportuna y busca que la libertad de expresi\u00f3n sea real. Visita nuestro medio informativo publicado desde Hermosillo, Sonora. %","og_url":"https:\/\/www.sonoraenequipo.com.mx\/cajeme-invitan-a-tramitar-la-cartilla-del-servicio-militar-nacional-clase-2008-y-remisos\/","og_site_name":"Sonora en Equipo.","article_publisher":"https:\/\/www.facebook.com\/SonoraEE\/","article_author":"https:\/\/www.facebook.com\/SonoraEE","article_published_time":"2026-03-05T18:56:26+00:00","article_modified_time":"2026-03-05T18:56:49+00:00","og_image":[{"width":600,"height":467,"url":"https:\/\/www.sonoraenequipo.com.mx\/storage\/2024\/11\/sorteo-cartilla.jpg","type":"image\/jpeg"}],"author":"enequipo","twitter_card":"summary_large_image","twitter_creator":"@sonoraenequipo","twitter_site":"@sonoraenequipo","twitter_misc":{"Escrito por":"enequipo","Tiempo de lectura":"1 minuto"},"schema":{"@context":"https:\/\/schema.org","@graph":[{"@type":"Article","@id":"https:\/\/www.sonoraenequipo.com.mx\/cajeme-invitan-a-tramitar-la-cartilla-del-servicio-militar-nacional-clase-2008-y-remisos\/#article","isPartOf":{"@id":"https:\/\/www.sonoraenequipo.com.mx\/cajeme-invitan-a-tramitar-la-cartilla-del-servicio-militar-nacional-clase-2008-y-remisos\/"},"author":{"name":"enequipo","@id":"https:\/\/www.sonoraenequipo.com.mx\/#\/schema\/person\/50102df0fb23a8fa9e8effad8fa81386"},"headline":"Cajeme. Invitan a tramitar la cartilla del servicio militar nacional clase 2008 y remisos","datePublished":"2026-03-05T18:56:26+00:00","dateModified":"2026-03-05T18:56:49+00:00","mainEntityOfPage":{"@id":"https:\/\/www.sonoraenequipo.com.mx\/cajeme-invitan-a-tramitar-la-cartilla-del-servicio-militar-nacional-clase-2008-y-remisos\/"},"wordCount":232,"commentCount":0,"publisher":{"@id":"https:\/\/www.sonoraenequipo.com.mx\/#organization"},"image":{"@id":"https:\/\/www.sonoraenequipo.com.mx\/cajeme-invitan-a-tramitar-la-cartilla-del-servicio-militar-nacional-clase-2008-y-remisos\/#primaryimage"},"thumbnailUrl":"https:\/\/www.sonoraenequipo.com.mx\/storage\/2024\/11\/sorteo-cartilla.jpg","keywords":["Cajeme","servicio militar"],"articleSection":["Municipios"],"inLanguage":"es","potentialAction":[{"@type":"CommentAction","name":"Comment","target":["https:\/\/www.sonoraenequipo.com.mx\/cajeme-invitan-a-tramitar-la-cartilla-del-servicio-militar-nacional-clase-2008-y-remisos\/#respond"]}]},{"@type":"WebPage","@id":"https:\/\/www.sonoraenequipo.com.mx\/cajeme-invitan-a-tramitar-la-cartilla-del-servicio-militar-nacional-clase-2008-y-remisos\/","url":"https:\/\/www.sonoraenequipo.com.mx\/cajeme-invitan-a-tramitar-la-cartilla-del-servicio-militar-nacional-clase-2008-y-remisos\/","name":"Sonora en Equipo. Cajeme. Invitan a tramitar la cartilla del servicio militar nacional clase 2008 y remisos Municipios","isPartOf":{"@id":"https:\/\/www.sonoraenequipo.com.mx\/#website"},"primaryImageOfPage":{"@id":"https:\/\/www.sonoraenequipo.com.mx\/cajeme-invitan-a-tramitar-la-cartilla-del-servicio-militar-nacional-clase-2008-y-remisos\/#primaryimage"},"image":{"@id":"https:\/\/www.sonoraenequipo.com.mx\/cajeme-invitan-a-tramitar-la-cartilla-del-servicio-militar-nacional-clase-2008-y-remisos\/#primaryimage"},"thumbnailUrl":"https:\/\/www.sonoraenequipo.com.mx\/storage\/2024\/11\/sorteo-cartilla.jpg","datePublished":"2026-03-05T18:56:26+00:00","dateModified":"2026-03-05T18:56:49+00:00","description":"CAJEME, SONORA, MX. \u2014 El Gobierno Municipal de Cajeme, a trav\u00e9s de la Junta Municipal de Reclutamiento y en coordinaci\u00f3n con la Secretar\u00eda de la Defensa En Sonora en Equipo publicamos toda la informaci\u00f3n de Sonora, M\u00e9xico y el Mundo de manera oportuna y busca que la libertad de expresi\u00f3n sea real. Visita nuestro medio informativo publicado desde Hermosillo, Sonora. %","breadcrumb":{"@id":"https:\/\/www.sonoraenequipo.com.mx\/cajeme-invitan-a-tramitar-la-cartilla-del-servicio-militar-nacional-clase-2008-y-remisos\/#breadcrumb"},"inLanguage":"es","potentialAction":[{"@type":"ReadAction","target":["https:\/\/www.sonoraenequipo.com.mx\/cajeme-invitan-a-tramitar-la-cartilla-del-servicio-militar-nacional-clase-2008-y-remisos\/"]}]},{"@type":"ImageObject","inLanguage":"es","@id":"https:\/\/www.sonoraenequipo.com.mx\/cajeme-invitan-a-tramitar-la-cartilla-del-servicio-militar-nacional-clase-2008-y-remisos\/#primaryimage","url":"https:\/\/www.sonoraenequipo.com.mx\/storage\/2024\/11\/sorteo-cartilla.jpg","contentUrl":"https:\/\/www.sonoraenequipo.com.mx\/storage\/2024\/11\/sorteo-cartilla.jpg","width":600,"height":467,"caption":"Joven cantando el tradicional sorteo del servicio militar nacional bola blanca, lo hace bola negra, no. Archivo"},{"@type":"BreadcrumbList","@id":"https:\/\/www.sonoraenequipo.com.mx\/cajeme-invitan-a-tramitar-la-cartilla-del-servicio-militar-nacional-clase-2008-y-remisos\/#breadcrumb","itemListElement":[{"@type":"ListItem","position":1,"name":"Portada","item":"https:\/\/www.sonoraenequipo.com.mx\/"},{"@type":"ListItem","position":2,"name":"Cajeme. Invitan a tramitar la cartilla del servicio militar nacional clase 2008 y remisos"}]},{"@type":"WebSite","@id":"https:\/\/www.sonoraenequipo.com.mx\/#website","url":"https:\/\/www.sonoraenequipo.com.mx\/","name":"Sonora en Equipo.","description":"Diario en l\u00ednea con Noticias desde Hermosillo, Sonora","publisher":{"@id":"https:\/\/www.sonoraenequipo.com.mx\/#organization"},"potentialAction":[{"@type":"SearchAction","target":{"@type":"EntryPoint","urlTemplate":"https:\/\/www.sonoraenequipo.com.mx\/?s={search_term_string}"},"query-input":{"@type":"PropertyValueSpecification","valueRequired":true,"valueName":"search_term_string"}}],"inLanguage":"es"},{"@type":"Organization","@id":"https:\/\/www.sonoraenequipo.com.mx\/#organization","name":"Sonoraenequipo.com.mx","url":"https:\/\/www.sonoraenequipo.com.mx\/","logo":{"@type":"ImageObject","inLanguage":"es","@id":"https:\/\/www.sonoraenequipo.com.mx\/#\/schema\/logo\/image\/","url":"https:\/\/www.sonoraenequipo.com.mx\/storage\/2019\/01\/sonoraenequipo_opt.png","contentUrl":"https:\/\/www.sonoraenequipo.com.mx\/storage\/2019\/01\/sonoraenequipo_opt.png","width":375,"height":125,"caption":"Sonoraenequipo.com.mx"},"image":{"@id":"https:\/\/www.sonoraenequipo.com.mx\/#\/schema\/logo\/image\/"},"sameAs":["https:\/\/www.facebook.com\/SonoraEE\/","https:\/\/x.com\/sonoraenequipo","https:\/\/www.youtube.com\/channel\/UC338nW-lPEYmJQs4ZABQ1SQ"]},{"@type":"Person","@id":"https:\/\/www.sonoraenequipo.com.mx\/#\/schema\/person\/50102df0fb23a8fa9e8effad8fa81386","name":"enequipo","image":{"@type":"ImageObject","inLanguage":"es","@id":"https:\/\/www.sonoraenequipo.com.mx\/#\/schema\/person\/image\/","url":"https:\/\/secure.gravatar.com\/avatar\/049821681b589dabc0bc20695993ccebb09f5b5d4d790cd9251b97faac7c652b?s=96&d=blank&r=g","contentUrl":"https:\/\/secure.gravatar.com\/avatar\/049821681b589dabc0bc20695993ccebb09f5b5d4d790cd9251b97faac7c652b?s=96&d=blank&r=g","caption":"enequipo"},"sameAs":["https:\/\/www.facebook.com\/SonoraEE"]}]}},"jetpack_featured_media_url":"https:\/\/www.sonoraenequipo.com.mx\/storage\/2024\/11\/sorteo-cartilla.jpg","_links":{"self":[{"href":"https:\/\/www.sonoraenequipo.com.mx\/api\/wp\/v2\/posts\/236624","targetHints":{"allow":["GET"]}}],"collection":[{"href":"https:\/\/www.sonoraenequipo.com.mx\/api\/wp\/v2\/posts"}],"about":[{"href":"https:\/\/www.sonoraenequipo.com.mx\/api\/wp\/v2\/types\/post"}],"author":[{"embeddable":true,"href":"https:\/\/www.sonoraenequipo.com.mx\/api\/wp\/v2\/users\/1"}],"replies":[{"embeddable":true,"href":"https:\/\/www.sonoraenequipo.com.mx\/api\/wp\/v2\/comments?post=236624"}],"version-history":[{"count":1,"href":"https:\/\/www.sonoraenequipo.com.mx\/api\/wp\/v2\/posts\/236624\/revisions"}],"predecessor-version":[{"id":236625,"href":"https:\/\/www.sonoraenequipo.com.mx\/api\/wp\/v2\/posts\/236624\/revisions\/236625"}],"wp:featuredmedia":[{"embeddable":true,"href":"https:\/\/www.sonoraenequipo.com.mx\/api\/wp\/v2\/media\/204310"}],"wp:attachment":[{"href":"https:\/\/www.sonoraenequipo.com.mx\/api\/wp\/v2\/media?parent=236624"}],"wp:term":[{"taxonomy":"category","embeddable":true,"href":"https:\/\/www.sonoraenequipo.com.mx\/api\/wp\/v2\/categories?post=236624"},{"taxonomy":"post_tag","embeddable":true,"href":"https:\/\/www.sonoraenequipo.com.mx\/api\/wp\/v2\/tags?post=236624"}],"curies":[{"name":"wp","href":"https:\/\/api.w.org\/{rel}","templated":true}]}}