{"id":236628,"date":"2026-03-05T12:53:06","date_gmt":"2026-03-05T19:53:06","guid":{"rendered":"https:\/\/www.sonoraenequipo.com.mx\/?p=236628"},"modified":"2026-03-05T12:53:06","modified_gmt":"2026-03-05T19:53:06","slug":"gobierno-de-sonora-refuerza-vacunacion-contra-sarampion-en-campos-agricolas","status":"publish","type":"post","link":"https:\/\/www.sonoraenequipo.com.mx\/gobierno-de-sonora-refuerza-vacunacion-contra-sarampion-en-campos-agricolas\/","title":{"rendered":"Gobierno de Sonora refuerza vacunaci\u00f3n contra sarampi\u00f3n en campos agr\u00edcolas"},"content":{"rendered":"<p><strong>HERMOSILLO, SONORA, MX. \u2014<\/strong> Con el objetivo de proteger la salud de las y los trabajadores del campo, el gobernador Alfonso Durazo Monta\u00f1o instruy\u00f3 reforzar las jornadas de vacunaci\u00f3n contra el sarampi\u00f3n en los campos agr\u00edcolas del estado. Estas acciones se realizan a trav\u00e9s del Gobierno de Sonora, mediante la Secretar\u00eda de Agricultura, Ganader\u00eda, Recursos Hidr\u00e1ulicos, Pesca y Acuacultura de Sonora (Sagarhpa), en coordinaci\u00f3n con el sector Salud.<\/p>\n<p>&nbsp;<\/p>\n<p>Estas acciones se realizan en coordinaci\u00f3n con el sector Salud, mediante brigadas que recorren los distintos campos agr\u00edcolas del estado para aplicar el inoculante a las y los jornaleros que arriban durante la temporada de cosechas.<\/p>\n<p>&nbsp;<\/p>\n<p>La secretaria de la Sagarhpa, Celida L\u00f3pez C\u00e1rdenas, explic\u00f3 que esta estrategia busca garantizar la protecci\u00f3n sanitaria de cerca de 45 mil jornaleros y jornaleras agr\u00edcolas que llegan a Sonora a trabajar en los diferentes ciclos productivos.<\/p>\n<p>&nbsp;<\/p>\n<p>Esta campa\u00f1a se desarrolla con la participaci\u00f3n directa de productores agr\u00edcolas, quienes han abierto las puertas de sus campos para facilitar la vacunaci\u00f3n del personal que labora en las actividades de siembra, cosecha y manejo de cultivos.<\/p>\n<p>&nbsp;<\/p>\n<p>En estas jornadas, el productor Roberto Valenzuela colabor\u00f3 con las autoridades para facilitar el acceso de las brigadas m\u00e9dicas y del personal de salud a su campo agr\u00edcola \u201cMar\u00eda Alejandra\u201d, ubicado en la Costa de Hermosillo, permitiendo avanzar en la aplicaci\u00f3n de las dosis.<\/p>\n<p>&nbsp;<\/p>\n<p>\u201cPor instrucciones de nuestro gobernador Alfonso Durazo, se intensifican las jornadas de vacunaci\u00f3n para aplicarla en todos los campos agr\u00edcolas de Sonora, para que los cerca de 45 mil jornaleros y jornaleras que llegan al estado a trabajar en las cosechas queden vacunados contra el sarampi\u00f3n, lo cual logramos por la estrecha colaboraci\u00f3n con los productores y el sector Salud\u201d, asever\u00f3.<\/p>\n<p>&nbsp;<\/p>\n<p>El Gobierno de Sonora continuar\u00e1 trabajando en coordinaci\u00f3n con productores y autoridades del sector Salud para fortalecer las medidas preventivas en los campos agr\u00edcolas y proteger a las familias que participan en las actividades del campo.<\/p>\n<p><strong>Fecha de publicaci\u00f3n jueves 5 de marzo de 2026<\/strong><\/p>\n<p>&nbsp;<\/p>\n<p>&nbsp;<\/p>\n","protected":false},"excerpt":{"rendered":"<p>HERMOSILLO, SONORA, MX. \u2014 Con el objetivo de proteger la salud de las y los&#8230;<\/p>\n","protected":false},"author":1,"featured_media":236630,"comment_status":"open","ping_status":"open","sticky":false,"template":"","format":"standard","meta":{"_monsterinsights_skip_tracking":false,"_monsterinsights_sitenote_active":false,"_monsterinsights_sitenote_note":"","_monsterinsights_sitenote_category":0,"footnotes":""},"categories":[22],"tags":[5150,9983,3032],"class_list":["post"],"yoast_head":" \n<title>Sonora en Equipo. Gobierno de Sonora refuerza vacunaci\u00f3n contra sarampi\u00f3n en campos agr\u00edcolas Sonora<\/title>\n<meta name=\"description\" content=\"HERMOSILLO, SONORA, MX. \u2014 Con el objetivo de proteger la salud de las y los trabajadores del campo, el gobernador Alfonso Durazo Monta\u00f1o instruy\u00f3 reforzar En Sonora en Equipo publicamos toda la informaci\u00f3n de Sonora, M\u00e9xico y el Mundo de manera oportuna y busca que la libertad de expresi\u00f3n sea real. Visita nuestro medio informativo publicado desde Hermosillo, Sonora. %\" \/>\n<meta name=\"robots\" content=\"index, follow, max-snippet:-1, max-image-preview:large, max-video-preview:-1\" \/>\n<link rel=\"canonical\" href=\"https:\/\/www.sonoraenequipo.com.mx\/gobierno-de-sonora-refuerza-vacunacion-contra-sarampion-en-campos-agricolas\/\" \/>\n<meta property=\"og:locale\" content=\"es_ES\" \/>\n<meta property=\"og:type\" content=\"article\" \/>\n<meta property=\"og:title\" content=\"Sonora en Equipo. Gobierno de Sonora refuerza vacunaci\u00f3n contra sarampi\u00f3n en campos agr\u00edcolas Sonora\" \/>\n<meta property=\"og:description\" content=\"HERMOSILLO, SONORA, MX. \u2014 Con el objetivo de proteger la salud de las y los trabajadores del campo, el gobernador Alfonso Durazo Monta\u00f1o instruy\u00f3 reforzar En Sonora en Equipo publicamos toda la informaci\u00f3n de Sonora, M\u00e9xico y el Mundo de manera oportuna y busca que la libertad de expresi\u00f3n sea real. Visita nuestro medio informativo publicado desde Hermosillo, Sonora. %\" \/>\n<meta property=\"og:url\" content=\"https:\/\/www.sonoraenequipo.com.mx\/gobierno-de-sonora-refuerza-vacunacion-contra-sarampion-en-campos-agricolas\/\" \/>\n<meta property=\"og:site_name\" content=\"Sonora en Equipo.\" \/>\n<meta property=\"article:publisher\" content=\"https:\/\/www.facebook.com\/SonoraEE\/\" \/>\n<meta property=\"article:author\" content=\"https:\/\/www.facebook.com\/SonoraEE\" \/>\n<meta property=\"article:published_time\" content=\"2026-03-05T19:53:06+00:00\" \/>\n<meta property=\"og:image\" content=\"https:\/\/www.sonoraenequipo.com.mx\/storage\/2026\/03\/vacunacion-campos-agricolas.jpg\" \/>\n\t<meta property=\"og:image:width\" content=\"600\" \/>\n\t<meta property=\"og:image:height\" content=\"400\" \/>\n\t<meta property=\"og:image:type\" content=\"image\/jpeg\" \/>\n<meta name=\"author\" content=\"enequipo\" \/>\n<meta name=\"twitter:card\" content=\"summary_large_image\" \/>\n<meta name=\"twitter:creator\" content=\"@sonoraenequipo\" \/>\n<meta name=\"twitter:site\" content=\"@sonoraenequipo\" \/>\n<meta name=\"twitter:label1\" content=\"Escrito por\" \/>\n\t<meta name=\"twitter:data1\" content=\"enequipo\" \/>\n\t<meta name=\"twitter:label2\" content=\"Tiempo de lectura\" \/>\n\t<meta name=\"twitter:data2\" content=\"2 minutos\" \/>\n<script type=\"application\/ld+json\" class=\"yoast-schema-graph\">{\"@context\":\"https:\/\/schema.org\",\"@graph\":[{\"@type\":\"Article\",\"@id\":\"https:\/\/www.sonoraenequipo.com.mx\/gobierno-de-sonora-refuerza-vacunacion-contra-sarampion-en-campos-agricolas\/#article\",\"isPartOf\":{\"@id\":\"https:\/\/www.sonoraenequipo.com.mx\/gobierno-de-sonora-refuerza-vacunacion-contra-sarampion-en-campos-agricolas\/\"},\"author\":{\"name\":\"enequipo\",\"@id\":\"https:\/\/www.sonoraenequipo.com.mx\/#\/schema\/person\/50102df0fb23a8fa9e8effad8fa81386\"},\"headline\":\"Gobierno de Sonora refuerza vacunaci\u00f3n contra sarampi\u00f3n en campos agr\u00edcolas\",\"datePublished\":\"2026-03-05T19:53:06+00:00\",\"mainEntityOfPage\":{\"@id\":\"https:\/\/www.sonoraenequipo.com.mx\/gobierno-de-sonora-refuerza-vacunacion-contra-sarampion-en-campos-agricolas\/\"},\"wordCount\":374,\"commentCount\":0,\"publisher\":{\"@id\":\"https:\/\/www.sonoraenequipo.com.mx\/#organization\"},\"image\":{\"@id\":\"https:\/\/www.sonoraenequipo.com.mx\/gobierno-de-sonora-refuerza-vacunacion-contra-sarampion-en-campos-agricolas\/#primaryimage\"},\"thumbnailUrl\":\"https:\/\/www.sonoraenequipo.com.mx\/storage\/2026\/03\/vacunacion-campos-agricolas.jpg\",\"keywords\":[\"agr\u00edcolas\",\"campos\",\"sarampion\"],\"articleSection\":[\"Sonora\"],\"inLanguage\":\"es\",\"potentialAction\":[{\"@type\":\"CommentAction\",\"name\":\"Comment\",\"target\":[\"https:\/\/www.sonoraenequipo.com.mx\/gobierno-de-sonora-refuerza-vacunacion-contra-sarampion-en-campos-agricolas\/#respond\"]}]},{\"@type\":\"WebPage\",\"@id\":\"https:\/\/www.sonoraenequipo.com.mx\/gobierno-de-sonora-refuerza-vacunacion-contra-sarampion-en-campos-agricolas\/\",\"url\":\"https:\/\/www.sonoraenequipo.com.mx\/gobierno-de-sonora-refuerza-vacunacion-contra-sarampion-en-campos-agricolas\/\",\"name\":\"Sonora en Equipo. Gobierno de Sonora refuerza vacunaci\u00f3n contra sarampi\u00f3n en campos agr\u00edcolas Sonora\",\"isPartOf\":{\"@id\":\"https:\/\/www.sonoraenequipo.com.mx\/#website\"},\"primaryImageOfPage\":{\"@id\":\"https:\/\/www.sonoraenequipo.com.mx\/gobierno-de-sonora-refuerza-vacunacion-contra-sarampion-en-campos-agricolas\/#primaryimage\"},\"image\":{\"@id\":\"https:\/\/www.sonoraenequipo.com.mx\/gobierno-de-sonora-refuerza-vacunacion-contra-sarampion-en-campos-agricolas\/#primaryimage\"},\"thumbnailUrl\":\"https:\/\/www.sonoraenequipo.com.mx\/storage\/2026\/03\/vacunacion-campos-agricolas.jpg\",\"datePublished\":\"2026-03-05T19:53:06+00:00\",\"description\":\"HERMOSILLO, SONORA, MX. \u2014 Con el objetivo de proteger la salud de las y los trabajadores del campo, el gobernador Alfonso Durazo Monta\u00f1o instruy\u00f3 reforzar En Sonora en Equipo publicamos toda la informaci\u00f3n de Sonora, M\u00e9xico y el Mundo de manera oportuna y busca que la libertad de expresi\u00f3n sea real. Visita nuestro medio informativo publicado desde Hermosillo, Sonora. %\",\"breadcrumb\":{\"@id\":\"https:\/\/www.sonoraenequipo.com.mx\/gobierno-de-sonora-refuerza-vacunacion-contra-sarampion-en-campos-agricolas\/#breadcrumb\"},\"inLanguage\":\"es\",\"potentialAction\":[{\"@type\":\"ReadAction\",\"target\":[\"https:\/\/www.sonoraenequipo.com.mx\/gobierno-de-sonora-refuerza-vacunacion-contra-sarampion-en-campos-agricolas\/\"]}]},{\"@type\":\"ImageObject\",\"inLanguage\":\"es\",\"@id\":\"https:\/\/www.sonoraenequipo.com.mx\/gobierno-de-sonora-refuerza-vacunacion-contra-sarampion-en-campos-agricolas\/#primaryimage\",\"url\":\"https:\/\/www.sonoraenequipo.com.mx\/storage\/2026\/03\/vacunacion-campos-agricolas.jpg\",\"contentUrl\":\"https:\/\/www.sonoraenequipo.com.mx\/storage\/2026\/03\/vacunacion-campos-agricolas.jpg\",\"width\":600,\"height\":400},{\"@type\":\"BreadcrumbList\",\"@id\":\"https:\/\/www.sonoraenequipo.com.mx\/gobierno-de-sonora-refuerza-vacunacion-contra-sarampion-en-campos-agricolas\/#breadcrumb\",\"itemListElement\":[{\"@type\":\"ListItem\",\"position\":1,\"name\":\"Portada\",\"item\":\"https:\/\/www.sonoraenequipo.com.mx\/\"},{\"@type\":\"ListItem\",\"position\":2,\"name\":\"Gobierno de Sonora refuerza vacunaci\u00f3n contra sarampi\u00f3n en campos agr\u00edcolas\"}]},{\"@type\":\"WebSite\",\"@id\":\"https:\/\/www.sonoraenequipo.com.mx\/#website\",\"url\":\"https:\/\/www.sonoraenequipo.com.mx\/\",\"name\":\"Sonora en Equipo.\",\"description\":\"Diario en l\u00ednea con Noticias desde Hermosillo, Sonora\",\"publisher\":{\"@id\":\"https:\/\/www.sonoraenequipo.com.mx\/#organization\"},\"potentialAction\":[{\"@type\":\"SearchAction\",\"target\":{\"@type\":\"EntryPoint\",\"urlTemplate\":\"https:\/\/www.sonoraenequipo.com.mx\/?s={search_term_string}\"},\"query-input\":{\"@type\":\"PropertyValueSpecification\",\"valueRequired\":true,\"valueName\":\"search_term_string\"}}],\"inLanguage\":\"es\"},{\"@type\":\"Organization\",\"@id\":\"https:\/\/www.sonoraenequipo.com.mx\/#organization\",\"name\":\"Sonoraenequipo.com.mx\",\"url\":\"https:\/\/www.sonoraenequipo.com.mx\/\",\"logo\":{\"@type\":\"ImageObject\",\"inLanguage\":\"es\",\"@id\":\"https:\/\/www.sonoraenequipo.com.mx\/#\/schema\/logo\/image\/\",\"url\":\"https:\/\/www.sonoraenequipo.com.mx\/storage\/2019\/01\/sonoraenequipo_opt.png\",\"contentUrl\":\"https:\/\/www.sonoraenequipo.com.mx\/storage\/2019\/01\/sonoraenequipo_opt.png\",\"width\":375,\"height\":125,\"caption\":\"Sonoraenequipo.com.mx\"},\"image\":{\"@id\":\"https:\/\/www.sonoraenequipo.com.mx\/#\/schema\/logo\/image\/\"},\"sameAs\":[\"https:\/\/www.facebook.com\/SonoraEE\/\",\"https:\/\/x.com\/sonoraenequipo\",\"https:\/\/www.youtube.com\/channel\/UC338nW-lPEYmJQs4ZABQ1SQ\"]},{\"@type\":\"Person\",\"@id\":\"https:\/\/www.sonoraenequipo.com.mx\/#\/schema\/person\/50102df0fb23a8fa9e8effad8fa81386\",\"name\":\"enequipo\",\"image\":{\"@type\":\"ImageObject\",\"inLanguage\":\"es\",\"@id\":\"https:\/\/www.sonoraenequipo.com.mx\/#\/schema\/person\/image\/\",\"url\":\"https:\/\/secure.gravatar.com\/avatar\/049821681b589dabc0bc20695993ccebb09f5b5d4d790cd9251b97faac7c652b?s=96&d=blank&r=g\",\"contentUrl\":\"https:\/\/secure.gravatar.com\/avatar\/049821681b589dabc0bc20695993ccebb09f5b5d4d790cd9251b97faac7c652b?s=96&d=blank&r=g\",\"caption\":\"enequipo\"},\"sameAs\":[\"https:\/\/www.facebook.com\/SonoraEE\"]}]}<\/script>\n ","yoast_head_json":{"title":"Sonora en Equipo. Gobierno de Sonora refuerza vacunaci\u00f3n contra sarampi\u00f3n en campos agr\u00edcolas Sonora","description":"HERMOSILLO, SONORA, MX. \u2014 Con el objetivo de proteger la salud de las y los trabajadores del campo, el gobernador Alfonso Durazo Monta\u00f1o instruy\u00f3 reforzar En Sonora en Equipo publicamos toda la informaci\u00f3n de Sonora, M\u00e9xico y el Mundo de manera oportuna y busca que la libertad de expresi\u00f3n sea real. Visita nuestro medio informativo publicado desde Hermosillo, Sonora. %","robots":{"index":"index","follow":"follow","max-snippet":"max-snippet:-1","max-image-preview":"max-image-preview:large","max-video-preview":"max-video-preview:-1"},"canonical":"https:\/\/www.sonoraenequipo.com.mx\/gobierno-de-sonora-refuerza-vacunacion-contra-sarampion-en-campos-agricolas\/","og_locale":"es_ES","og_type":"article","og_title":"Sonora en Equipo. Gobierno de Sonora refuerza vacunaci\u00f3n contra sarampi\u00f3n en campos agr\u00edcolas Sonora","og_description":"HERMOSILLO, SONORA, MX. \u2014 Con el objetivo de proteger la salud de las y los trabajadores del campo, el gobernador Alfonso Durazo Monta\u00f1o instruy\u00f3 reforzar En Sonora en Equipo publicamos toda la informaci\u00f3n de Sonora, M\u00e9xico y el Mundo de manera oportuna y busca que la libertad de expresi\u00f3n sea real. Visita nuestro medio informativo publicado desde Hermosillo, Sonora. %","og_url":"https:\/\/www.sonoraenequipo.com.mx\/gobierno-de-sonora-refuerza-vacunacion-contra-sarampion-en-campos-agricolas\/","og_site_name":"Sonora en Equipo.","article_publisher":"https:\/\/www.facebook.com\/SonoraEE\/","article_author":"https:\/\/www.facebook.com\/SonoraEE","article_published_time":"2026-03-05T19:53:06+00:00","og_image":[{"width":600,"height":400,"url":"https:\/\/www.sonoraenequipo.com.mx\/storage\/2026\/03\/vacunacion-campos-agricolas.jpg","type":"image\/jpeg"}],"author":"enequipo","twitter_card":"summary_large_image","twitter_creator":"@sonoraenequipo","twitter_site":"@sonoraenequipo","twitter_misc":{"Escrito por":"enequipo","Tiempo de lectura":"2 minutos"},"schema":{"@context":"https:\/\/schema.org","@graph":[{"@type":"Article","@id":"https:\/\/www.sonoraenequipo.com.mx\/gobierno-de-sonora-refuerza-vacunacion-contra-sarampion-en-campos-agricolas\/#article","isPartOf":{"@id":"https:\/\/www.sonoraenequipo.com.mx\/gobierno-de-sonora-refuerza-vacunacion-contra-sarampion-en-campos-agricolas\/"},"author":{"name":"enequipo","@id":"https:\/\/www.sonoraenequipo.com.mx\/#\/schema\/person\/50102df0fb23a8fa9e8effad8fa81386"},"headline":"Gobierno de Sonora refuerza vacunaci\u00f3n contra sarampi\u00f3n en campos agr\u00edcolas","datePublished":"2026-03-05T19:53:06+00:00","mainEntityOfPage":{"@id":"https:\/\/www.sonoraenequipo.com.mx\/gobierno-de-sonora-refuerza-vacunacion-contra-sarampion-en-campos-agricolas\/"},"wordCount":374,"commentCount":0,"publisher":{"@id":"https:\/\/www.sonoraenequipo.com.mx\/#organization"},"image":{"@id":"https:\/\/www.sonoraenequipo.com.mx\/gobierno-de-sonora-refuerza-vacunacion-contra-sarampion-en-campos-agricolas\/#primaryimage"},"thumbnailUrl":"https:\/\/www.sonoraenequipo.com.mx\/storage\/2026\/03\/vacunacion-campos-agricolas.jpg","keywords":["agr\u00edcolas","campos","sarampion"],"articleSection":["Sonora"],"inLanguage":"es","potentialAction":[{"@type":"CommentAction","name":"Comment","target":["https:\/\/www.sonoraenequipo.com.mx\/gobierno-de-sonora-refuerza-vacunacion-contra-sarampion-en-campos-agricolas\/#respond"]}]},{"@type":"WebPage","@id":"https:\/\/www.sonoraenequipo.com.mx\/gobierno-de-sonora-refuerza-vacunacion-contra-sarampion-en-campos-agricolas\/","url":"https:\/\/www.sonoraenequipo.com.mx\/gobierno-de-sonora-refuerza-vacunacion-contra-sarampion-en-campos-agricolas\/","name":"Sonora en Equipo. Gobierno de Sonora refuerza vacunaci\u00f3n contra sarampi\u00f3n en campos agr\u00edcolas Sonora","isPartOf":{"@id":"https:\/\/www.sonoraenequipo.com.mx\/#website"},"primaryImageOfPage":{"@id":"https:\/\/www.sonoraenequipo.com.mx\/gobierno-de-sonora-refuerza-vacunacion-contra-sarampion-en-campos-agricolas\/#primaryimage"},"image":{"@id":"https:\/\/www.sonoraenequipo.com.mx\/gobierno-de-sonora-refuerza-vacunacion-contra-sarampion-en-campos-agricolas\/#primaryimage"},"thumbnailUrl":"https:\/\/www.sonoraenequipo.com.mx\/storage\/2026\/03\/vacunacion-campos-agricolas.jpg","datePublished":"2026-03-05T19:53:06+00:00","description":"HERMOSILLO, SONORA, MX. \u2014 Con el objetivo de proteger la salud de las y los trabajadores del campo, el gobernador Alfonso Durazo Monta\u00f1o instruy\u00f3 reforzar En Sonora en Equipo publicamos toda la informaci\u00f3n de Sonora, M\u00e9xico y el Mundo de manera oportuna y busca que la libertad de expresi\u00f3n sea real. Visita nuestro medio informativo publicado desde Hermosillo, Sonora. %","breadcrumb":{"@id":"https:\/\/www.sonoraenequipo.com.mx\/gobierno-de-sonora-refuerza-vacunacion-contra-sarampion-en-campos-agricolas\/#breadcrumb"},"inLanguage":"es","potentialAction":[{"@type":"ReadAction","target":["https:\/\/www.sonoraenequipo.com.mx\/gobierno-de-sonora-refuerza-vacunacion-contra-sarampion-en-campos-agricolas\/"]}]},{"@type":"ImageObject","inLanguage":"es","@id":"https:\/\/www.sonoraenequipo.com.mx\/gobierno-de-sonora-refuerza-vacunacion-contra-sarampion-en-campos-agricolas\/#primaryimage","url":"https:\/\/www.sonoraenequipo.com.mx\/storage\/2026\/03\/vacunacion-campos-agricolas.jpg","contentUrl":"https:\/\/www.sonoraenequipo.com.mx\/storage\/2026\/03\/vacunacion-campos-agricolas.jpg","width":600,"height":400},{"@type":"BreadcrumbList","@id":"https:\/\/www.sonoraenequipo.com.mx\/gobierno-de-sonora-refuerza-vacunacion-contra-sarampion-en-campos-agricolas\/#breadcrumb","itemListElement":[{"@type":"ListItem","position":1,"name":"Portada","item":"https:\/\/www.sonoraenequipo.com.mx\/"},{"@type":"ListItem","position":2,"name":"Gobierno de Sonora refuerza vacunaci\u00f3n contra sarampi\u00f3n en campos agr\u00edcolas"}]},{"@type":"WebSite","@id":"https:\/\/www.sonoraenequipo.com.mx\/#website","url":"https:\/\/www.sonoraenequipo.com.mx\/","name":"Sonora en Equipo.","description":"Diario en l\u00ednea con Noticias desde Hermosillo, Sonora","publisher":{"@id":"https:\/\/www.sonoraenequipo.com.mx\/#organization"},"potentialAction":[{"@type":"SearchAction","target":{"@type":"EntryPoint","urlTemplate":"https:\/\/www.sonoraenequipo.com.mx\/?s={search_term_string}"},"query-input":{"@type":"PropertyValueSpecification","valueRequired":true,"valueName":"search_term_string"}}],"inLanguage":"es"},{"@type":"Organization","@id":"https:\/\/www.sonoraenequipo.com.mx\/#organization","name":"Sonoraenequipo.com.mx","url":"https:\/\/www.sonoraenequipo.com.mx\/","logo":{"@type":"ImageObject","inLanguage":"es","@id":"https:\/\/www.sonoraenequipo.com.mx\/#\/schema\/logo\/image\/","url":"https:\/\/www.sonoraenequipo.com.mx\/storage\/2019\/01\/sonoraenequipo_opt.png","contentUrl":"https:\/\/www.sonoraenequipo.com.mx\/storage\/2019\/01\/sonoraenequipo_opt.png","width":375,"height":125,"caption":"Sonoraenequipo.com.mx"},"image":{"@id":"https:\/\/www.sonoraenequipo.com.mx\/#\/schema\/logo\/image\/"},"sameAs":["https:\/\/www.facebook.com\/SonoraEE\/","https:\/\/x.com\/sonoraenequipo","https:\/\/www.youtube.com\/channel\/UC338nW-lPEYmJQs4ZABQ1SQ"]},{"@type":"Person","@id":"https:\/\/www.sonoraenequipo.com.mx\/#\/schema\/person\/50102df0fb23a8fa9e8effad8fa81386","name":"enequipo","image":{"@type":"ImageObject","inLanguage":"es","@id":"https:\/\/www.sonoraenequipo.com.mx\/#\/schema\/person\/image\/","url":"https:\/\/secure.gravatar.com\/avatar\/049821681b589dabc0bc20695993ccebb09f5b5d4d790cd9251b97faac7c652b?s=96&d=blank&r=g","contentUrl":"https:\/\/secure.gravatar.com\/avatar\/049821681b589dabc0bc20695993ccebb09f5b5d4d790cd9251b97faac7c652b?s=96&d=blank&r=g","caption":"enequipo"},"sameAs":["https:\/\/www.facebook.com\/SonoraEE"]}]}},"jetpack_featured_media_url":"https:\/\/www.sonoraenequipo.com.mx\/storage\/2026\/03\/vacunacion-campos-agricolas.jpg","_links":{"self":[{"href":"https:\/\/www.sonoraenequipo.com.mx\/api\/wp\/v2\/posts\/236628","targetHints":{"allow":["GET"]}}],"collection":[{"href":"https:\/\/www.sonoraenequipo.com.mx\/api\/wp\/v2\/posts"}],"about":[{"href":"https:\/\/www.sonoraenequipo.com.mx\/api\/wp\/v2\/types\/post"}],"author":[{"embeddable":true,"href":"https:\/\/www.sonoraenequipo.com.mx\/api\/wp\/v2\/users\/1"}],"replies":[{"embeddable":true,"href":"https:\/\/www.sonoraenequipo.com.mx\/api\/wp\/v2\/comments?post=236628"}],"version-history":[{"count":1,"href":"https:\/\/www.sonoraenequipo.com.mx\/api\/wp\/v2\/posts\/236628\/revisions"}],"predecessor-version":[{"id":236631,"href":"https:\/\/www.sonoraenequipo.com.mx\/api\/wp\/v2\/posts\/236628\/revisions\/236631"}],"wp:featuredmedia":[{"embeddable":true,"href":"https:\/\/www.sonoraenequipo.com.mx\/api\/wp\/v2\/media\/236630"}],"wp:attachment":[{"href":"https:\/\/www.sonoraenequipo.com.mx\/api\/wp\/v2\/media?parent=236628"}],"wp:term":[{"taxonomy":"category","embeddable":true,"href":"https:\/\/www.sonoraenequipo.com.mx\/api\/wp\/v2\/categories?post=236628"},{"taxonomy":"post_tag","embeddable":true,"href":"https:\/\/www.sonoraenequipo.com.mx\/api\/wp\/v2\/tags?post=236628"}],"curies":[{"name":"wp","href":"https:\/\/api.w.org\/{rel}","templated":true}]}}