{"id":236634,"date":"2026-03-05T13:13:42","date_gmt":"2026-03-05T20:13:42","guid":{"rendered":"https:\/\/www.sonoraenequipo.com.mx\/?p=236634"},"modified":"2026-03-05T14:58:22","modified_gmt":"2026-03-05T21:58:22","slug":"incrementa-155-ejecucion-de-ordenes-de-aprehension-por-homicidio-en-hermosillo","status":"publish","type":"post","link":"https:\/\/www.sonoraenequipo.com.mx\/incrementa-155-ejecucion-de-ordenes-de-aprehension-por-homicidio-en-hermosillo\/","title":{"rendered":"Incrementa 155% ejecuci\u00f3n de \u00f3rdenes de aprehensi\u00f3n por homicidio en Hermosillo"},"content":{"rendered":"<p><strong>HERMOSILLO, SONORA, MX. \u2014<\/strong> Como resultado de una estrategia operativa focalizada para combatir a los generadores de violencia, la Fiscal\u00eda General de Justicia del Estado de Sonora (FGJES), a trav\u00e9s de la Agencia Ministerial de Investigaci\u00f3n Criminal (AMIC), increment\u00f3 en 155% la ejecuci\u00f3n de \u00f3rdenes de aprehensi\u00f3n por el delito de homicidio durante febrero en Hermosillo, en comparaci\u00f3n con enero.<\/p>\n<p>&nbsp;<\/p>\n<p>Estas acciones se desarrollan en atenci\u00f3n a la instrucci\u00f3n del Gobernador de Sonora, Alfonso Durazo Monta\u00f1o, de reforzar la ejecuci\u00f3n de mandamientos judiciales relacionados con delitos de alto impacto, particularmente ante el repunte registrado en la capital del Estado.<\/p>\n<p>&nbsp;<\/p>\n<p>El Comisario General de la AMIC, Carlos Alberto Flores, inform\u00f3 que para atender esta situaci\u00f3n se integraron grupos de trabajo mixtos conformados por agentes del Ministerio P\u00fablico y elementos de la AMIC, enfocados en la identificaci\u00f3n y captura de integrantes de c\u00e9lulas delictivas generadoras de violencia en el Municipio.<\/p>\n<p>&nbsp;<\/p>\n<p>Derivado de estas labores de investigaci\u00f3n e inteligencia, se obtuvieron diversas \u00f3rdenes de aprehensi\u00f3n que fueron compartidas y ejecutadas mediante acciones coordinadas con instituciones de seguridad federales y estatales, entre ellas la Secretar\u00eda de la Defensa Nacional (DEFENSA), la Secretar\u00eda de Marina Armada de M\u00e9xico (SEMAR), la Polic\u00eda Estatal de Seguridad P\u00fablica (PESP) y la propia AMIC, explic\u00f3.<\/p>\n<p>&nbsp;<\/p>\n<p>Comparando el mes de febrero contra el mes de enero, hubo un incremento del 155% en la ejecuci\u00f3n de \u00f3rdenes de aprehensi\u00f3n, precis\u00f3, al destacar que la mayor\u00eda de las personas detenidas est\u00e1n vinculadas con c\u00e9lulas delictivas con presencia en Hermosillo, aunque tambi\u00e9n existen casos derivados de conflictos de car\u00e1cter personal.<\/p>\n<p>&nbsp;<\/p>\n<p>Las acciones emprendidas ya comienzan a reflejarse en los indicadores de incidencia delictiva; durante febrero se registraron ocho homicidios en Hermosillo, cifra que representa una disminuci\u00f3n respecto al mes de enero, como resultado del fortalecimiento de las acciones de investigaci\u00f3n y captura.<\/p>\n<p>&nbsp;<\/p>\n<p>La Fiscal\u00eda General de Justicia del Estado de Sonora reafirma su compromiso de investigar con rigor t\u00e9cnico, ejecutar mandamientos judiciales y fortalecer la coordinaci\u00f3n interinstitucional para combatir la impunidad y garantizar justicia y seguridad a las y los sonorenses.<\/p>\n<p><strong>Fecha de publicaci\u00f3n jueves 5 de marzo de 2026<\/strong><\/p>\n","protected":false},"excerpt":{"rendered":"<p>HERMOSILLO, SONORA, MX. \u2014 Como resultado de una estrategia operativa focalizada para combatir a los&#8230;<\/p>\n","protected":false},"author":1,"featured_media":236635,"comment_status":"open","ping_status":"open","sticky":false,"template":"","format":"standard","meta":{"_monsterinsights_skip_tracking":false,"_monsterinsights_sitenote_active":false,"_monsterinsights_sitenote_note":"","_monsterinsights_sitenote_category":0,"footnotes":""},"categories":[6493],"tags":[35,12436],"class_list":["post"],"yoast_head":" \n<title>Sonora en Equipo. Incrementa 155% ejecuci\u00f3n de \u00f3rdenes de aprehensi\u00f3n por homicidio en Hermosillo PALABRAS Y N\u00daMEROS<\/title>\n<meta name=\"description\" content=\"HERMOSILLO, SONORA, MX. \u2014 Como resultado de una estrategia operativa focalizada para combatir a los generadores de violencia, la Fiscal\u00eda General de En Sonora en Equipo publicamos toda la informaci\u00f3n de Sonora, M\u00e9xico y el Mundo de manera oportuna y busca que la libertad de expresi\u00f3n sea real. Visita nuestro medio informativo publicado desde Hermosillo, Sonora. %\" \/>\n<meta name=\"robots\" content=\"index, follow, max-snippet:-1, max-image-preview:large, max-video-preview:-1\" \/>\n<link rel=\"canonical\" href=\"https:\/\/www.sonoraenequipo.com.mx\/incrementa-155-ejecucion-de-ordenes-de-aprehension-por-homicidio-en-hermosillo\/\" \/>\n<meta property=\"og:locale\" content=\"es_ES\" \/>\n<meta property=\"og:type\" content=\"article\" \/>\n<meta property=\"og:title\" content=\"Sonora en Equipo. Incrementa 155% ejecuci\u00f3n de \u00f3rdenes de aprehensi\u00f3n por homicidio en Hermosillo PALABRAS Y N\u00daMEROS\" \/>\n<meta property=\"og:description\" content=\"HERMOSILLO, SONORA, MX. \u2014 Como resultado de una estrategia operativa focalizada para combatir a los generadores de violencia, la Fiscal\u00eda General de En Sonora en Equipo publicamos toda la informaci\u00f3n de Sonora, M\u00e9xico y el Mundo de manera oportuna y busca que la libertad de expresi\u00f3n sea real. Visita nuestro medio informativo publicado desde Hermosillo, Sonora. %\" \/>\n<meta property=\"og:url\" content=\"https:\/\/www.sonoraenequipo.com.mx\/incrementa-155-ejecucion-de-ordenes-de-aprehension-por-homicidio-en-hermosillo\/\" \/>\n<meta property=\"og:site_name\" content=\"Sonora en Equipo.\" \/>\n<meta property=\"article:publisher\" content=\"https:\/\/www.facebook.com\/SonoraEE\/\" \/>\n<meta property=\"article:author\" content=\"https:\/\/www.facebook.com\/SonoraEE\" \/>\n<meta property=\"article:published_time\" content=\"2026-03-05T20:13:42+00:00\" \/>\n<meta property=\"article:modified_time\" content=\"2026-03-05T21:58:22+00:00\" \/>\n<meta property=\"og:image\" content=\"https:\/\/www.sonoraenequipo.com.mx\/storage\/2026\/03\/carlos-flores.jpg\" \/>\n\t<meta property=\"og:image:width\" content=\"600\" \/>\n\t<meta property=\"og:image:height\" content=\"400\" \/>\n\t<meta property=\"og:image:type\" content=\"image\/jpeg\" \/>\n<meta name=\"author\" content=\"enequipo\" \/>\n<meta name=\"twitter:card\" content=\"summary_large_image\" \/>\n<meta name=\"twitter:creator\" content=\"@sonoraenequipo\" \/>\n<meta name=\"twitter:site\" content=\"@sonoraenequipo\" \/>\n<meta name=\"twitter:label1\" content=\"Escrito por\" \/>\n\t<meta name=\"twitter:data1\" content=\"enequipo\" \/>\n\t<meta name=\"twitter:label2\" content=\"Tiempo de lectura\" \/>\n\t<meta name=\"twitter:data2\" content=\"2 minutos\" \/>\n<script type=\"application\/ld+json\" class=\"yoast-schema-graph\">{\"@context\":\"https:\/\/schema.org\",\"@graph\":[{\"@type\":\"Article\",\"@id\":\"https:\/\/www.sonoraenequipo.com.mx\/incrementa-155-ejecucion-de-ordenes-de-aprehension-por-homicidio-en-hermosillo\/#article\",\"isPartOf\":{\"@id\":\"https:\/\/www.sonoraenequipo.com.mx\/incrementa-155-ejecucion-de-ordenes-de-aprehension-por-homicidio-en-hermosillo\/\"},\"author\":{\"name\":\"enequipo\",\"@id\":\"https:\/\/www.sonoraenequipo.com.mx\/#\/schema\/person\/50102df0fb23a8fa9e8effad8fa81386\"},\"headline\":\"Incrementa 155% ejecuci\u00f3n de \u00f3rdenes de aprehensi\u00f3n por homicidio en Hermosillo\",\"datePublished\":\"2026-03-05T20:13:42+00:00\",\"dateModified\":\"2026-03-05T21:58:22+00:00\",\"mainEntityOfPage\":{\"@id\":\"https:\/\/www.sonoraenequipo.com.mx\/incrementa-155-ejecucion-de-ordenes-de-aprehension-por-homicidio-en-hermosillo\/\"},\"wordCount\":394,\"commentCount\":0,\"publisher\":{\"@id\":\"https:\/\/www.sonoraenequipo.com.mx\/#organization\"},\"image\":{\"@id\":\"https:\/\/www.sonoraenequipo.com.mx\/incrementa-155-ejecucion-de-ordenes-de-aprehension-por-homicidio-en-hermosillo\/#primaryimage\"},\"thumbnailUrl\":\"https:\/\/www.sonoraenequipo.com.mx\/storage\/2026\/03\/carlos-flores.jpg\",\"keywords\":[\"hermosillo\",\"\u00f3rdenes de aprehensi\u00f3n\"],\"articleSection\":[\"PALABRAS Y N\u00daMEROS\"],\"inLanguage\":\"es\",\"potentialAction\":[{\"@type\":\"CommentAction\",\"name\":\"Comment\",\"target\":[\"https:\/\/www.sonoraenequipo.com.mx\/incrementa-155-ejecucion-de-ordenes-de-aprehension-por-homicidio-en-hermosillo\/#respond\"]}]},{\"@type\":\"WebPage\",\"@id\":\"https:\/\/www.sonoraenequipo.com.mx\/incrementa-155-ejecucion-de-ordenes-de-aprehension-por-homicidio-en-hermosillo\/\",\"url\":\"https:\/\/www.sonoraenequipo.com.mx\/incrementa-155-ejecucion-de-ordenes-de-aprehension-por-homicidio-en-hermosillo\/\",\"name\":\"Sonora en Equipo. Incrementa 155% ejecuci\u00f3n de \u00f3rdenes de aprehensi\u00f3n por homicidio en Hermosillo PALABRAS Y N\u00daMEROS\",\"isPartOf\":{\"@id\":\"https:\/\/www.sonoraenequipo.com.mx\/#website\"},\"primaryImageOfPage\":{\"@id\":\"https:\/\/www.sonoraenequipo.com.mx\/incrementa-155-ejecucion-de-ordenes-de-aprehension-por-homicidio-en-hermosillo\/#primaryimage\"},\"image\":{\"@id\":\"https:\/\/www.sonoraenequipo.com.mx\/incrementa-155-ejecucion-de-ordenes-de-aprehension-por-homicidio-en-hermosillo\/#primaryimage\"},\"thumbnailUrl\":\"https:\/\/www.sonoraenequipo.com.mx\/storage\/2026\/03\/carlos-flores.jpg\",\"datePublished\":\"2026-03-05T20:13:42+00:00\",\"dateModified\":\"2026-03-05T21:58:22+00:00\",\"description\":\"HERMOSILLO, SONORA, MX. \u2014 Como resultado de una estrategia operativa focalizada para combatir a los generadores de violencia, la Fiscal\u00eda General de En Sonora en Equipo publicamos toda la informaci\u00f3n de Sonora, M\u00e9xico y el Mundo de manera oportuna y busca que la libertad de expresi\u00f3n sea real. Visita nuestro medio informativo publicado desde Hermosillo, Sonora. %\",\"breadcrumb\":{\"@id\":\"https:\/\/www.sonoraenequipo.com.mx\/incrementa-155-ejecucion-de-ordenes-de-aprehension-por-homicidio-en-hermosillo\/#breadcrumb\"},\"inLanguage\":\"es\",\"potentialAction\":[{\"@type\":\"ReadAction\",\"target\":[\"https:\/\/www.sonoraenequipo.com.mx\/incrementa-155-ejecucion-de-ordenes-de-aprehension-por-homicidio-en-hermosillo\/\"]}]},{\"@type\":\"ImageObject\",\"inLanguage\":\"es\",\"@id\":\"https:\/\/www.sonoraenequipo.com.mx\/incrementa-155-ejecucion-de-ordenes-de-aprehension-por-homicidio-en-hermosillo\/#primaryimage\",\"url\":\"https:\/\/www.sonoraenequipo.com.mx\/storage\/2026\/03\/carlos-flores.jpg\",\"contentUrl\":\"https:\/\/www.sonoraenequipo.com.mx\/storage\/2026\/03\/carlos-flores.jpg\",\"width\":600,\"height\":400},{\"@type\":\"BreadcrumbList\",\"@id\":\"https:\/\/www.sonoraenequipo.com.mx\/incrementa-155-ejecucion-de-ordenes-de-aprehension-por-homicidio-en-hermosillo\/#breadcrumb\",\"itemListElement\":[{\"@type\":\"ListItem\",\"position\":1,\"name\":\"Portada\",\"item\":\"https:\/\/www.sonoraenequipo.com.mx\/\"},{\"@type\":\"ListItem\",\"position\":2,\"name\":\"Incrementa 155% ejecuci\u00f3n de \u00f3rdenes de aprehensi\u00f3n por homicidio en Hermosillo\"}]},{\"@type\":\"WebSite\",\"@id\":\"https:\/\/www.sonoraenequipo.com.mx\/#website\",\"url\":\"https:\/\/www.sonoraenequipo.com.mx\/\",\"name\":\"Sonora en Equipo.\",\"description\":\"Diario en l\u00ednea con Noticias desde Hermosillo, Sonora\",\"publisher\":{\"@id\":\"https:\/\/www.sonoraenequipo.com.mx\/#organization\"},\"potentialAction\":[{\"@type\":\"SearchAction\",\"target\":{\"@type\":\"EntryPoint\",\"urlTemplate\":\"https:\/\/www.sonoraenequipo.com.mx\/?s={search_term_string}\"},\"query-input\":{\"@type\":\"PropertyValueSpecification\",\"valueRequired\":true,\"valueName\":\"search_term_string\"}}],\"inLanguage\":\"es\"},{\"@type\":\"Organization\",\"@id\":\"https:\/\/www.sonoraenequipo.com.mx\/#organization\",\"name\":\"Sonoraenequipo.com.mx\",\"url\":\"https:\/\/www.sonoraenequipo.com.mx\/\",\"logo\":{\"@type\":\"ImageObject\",\"inLanguage\":\"es\",\"@id\":\"https:\/\/www.sonoraenequipo.com.mx\/#\/schema\/logo\/image\/\",\"url\":\"https:\/\/www.sonoraenequipo.com.mx\/storage\/2019\/01\/sonoraenequipo_opt.png\",\"contentUrl\":\"https:\/\/www.sonoraenequipo.com.mx\/storage\/2019\/01\/sonoraenequipo_opt.png\",\"width\":375,\"height\":125,\"caption\":\"Sonoraenequipo.com.mx\"},\"image\":{\"@id\":\"https:\/\/www.sonoraenequipo.com.mx\/#\/schema\/logo\/image\/\"},\"sameAs\":[\"https:\/\/www.facebook.com\/SonoraEE\/\",\"https:\/\/x.com\/sonoraenequipo\",\"https:\/\/www.youtube.com\/channel\/UC338nW-lPEYmJQs4ZABQ1SQ\"]},{\"@type\":\"Person\",\"@id\":\"https:\/\/www.sonoraenequipo.com.mx\/#\/schema\/person\/50102df0fb23a8fa9e8effad8fa81386\",\"name\":\"enequipo\",\"image\":{\"@type\":\"ImageObject\",\"inLanguage\":\"es\",\"@id\":\"https:\/\/www.sonoraenequipo.com.mx\/#\/schema\/person\/image\/\",\"url\":\"https:\/\/secure.gravatar.com\/avatar\/049821681b589dabc0bc20695993ccebb09f5b5d4d790cd9251b97faac7c652b?s=96&d=blank&r=g\",\"contentUrl\":\"https:\/\/secure.gravatar.com\/avatar\/049821681b589dabc0bc20695993ccebb09f5b5d4d790cd9251b97faac7c652b?s=96&d=blank&r=g\",\"caption\":\"enequipo\"},\"sameAs\":[\"https:\/\/www.facebook.com\/SonoraEE\"]}]}<\/script>\n ","yoast_head_json":{"title":"Sonora en Equipo. Incrementa 155% ejecuci\u00f3n de \u00f3rdenes de aprehensi\u00f3n por homicidio en Hermosillo PALABRAS Y N\u00daMEROS","description":"HERMOSILLO, SONORA, MX. \u2014 Como resultado de una estrategia operativa focalizada para combatir a los generadores de violencia, la Fiscal\u00eda General de En Sonora en Equipo publicamos toda la informaci\u00f3n de Sonora, M\u00e9xico y el Mundo de manera oportuna y busca que la libertad de expresi\u00f3n sea real. Visita nuestro medio informativo publicado desde Hermosillo, Sonora. %","robots":{"index":"index","follow":"follow","max-snippet":"max-snippet:-1","max-image-preview":"max-image-preview:large","max-video-preview":"max-video-preview:-1"},"canonical":"https:\/\/www.sonoraenequipo.com.mx\/incrementa-155-ejecucion-de-ordenes-de-aprehension-por-homicidio-en-hermosillo\/","og_locale":"es_ES","og_type":"article","og_title":"Sonora en Equipo. Incrementa 155% ejecuci\u00f3n de \u00f3rdenes de aprehensi\u00f3n por homicidio en Hermosillo PALABRAS Y N\u00daMEROS","og_description":"HERMOSILLO, SONORA, MX. \u2014 Como resultado de una estrategia operativa focalizada para combatir a los generadores de violencia, la Fiscal\u00eda General de En Sonora en Equipo publicamos toda la informaci\u00f3n de Sonora, M\u00e9xico y el Mundo de manera oportuna y busca que la libertad de expresi\u00f3n sea real. Visita nuestro medio informativo publicado desde Hermosillo, Sonora. %","og_url":"https:\/\/www.sonoraenequipo.com.mx\/incrementa-155-ejecucion-de-ordenes-de-aprehension-por-homicidio-en-hermosillo\/","og_site_name":"Sonora en Equipo.","article_publisher":"https:\/\/www.facebook.com\/SonoraEE\/","article_author":"https:\/\/www.facebook.com\/SonoraEE","article_published_time":"2026-03-05T20:13:42+00:00","article_modified_time":"2026-03-05T21:58:22+00:00","og_image":[{"width":600,"height":400,"url":"https:\/\/www.sonoraenequipo.com.mx\/storage\/2026\/03\/carlos-flores.jpg","type":"image\/jpeg"}],"author":"enequipo","twitter_card":"summary_large_image","twitter_creator":"@sonoraenequipo","twitter_site":"@sonoraenequipo","twitter_misc":{"Escrito por":"enequipo","Tiempo de lectura":"2 minutos"},"schema":{"@context":"https:\/\/schema.org","@graph":[{"@type":"Article","@id":"https:\/\/www.sonoraenequipo.com.mx\/incrementa-155-ejecucion-de-ordenes-de-aprehension-por-homicidio-en-hermosillo\/#article","isPartOf":{"@id":"https:\/\/www.sonoraenequipo.com.mx\/incrementa-155-ejecucion-de-ordenes-de-aprehension-por-homicidio-en-hermosillo\/"},"author":{"name":"enequipo","@id":"https:\/\/www.sonoraenequipo.com.mx\/#\/schema\/person\/50102df0fb23a8fa9e8effad8fa81386"},"headline":"Incrementa 155% ejecuci\u00f3n de \u00f3rdenes de aprehensi\u00f3n por homicidio en Hermosillo","datePublished":"2026-03-05T20:13:42+00:00","dateModified":"2026-03-05T21:58:22+00:00","mainEntityOfPage":{"@id":"https:\/\/www.sonoraenequipo.com.mx\/incrementa-155-ejecucion-de-ordenes-de-aprehension-por-homicidio-en-hermosillo\/"},"wordCount":394,"commentCount":0,"publisher":{"@id":"https:\/\/www.sonoraenequipo.com.mx\/#organization"},"image":{"@id":"https:\/\/www.sonoraenequipo.com.mx\/incrementa-155-ejecucion-de-ordenes-de-aprehension-por-homicidio-en-hermosillo\/#primaryimage"},"thumbnailUrl":"https:\/\/www.sonoraenequipo.com.mx\/storage\/2026\/03\/carlos-flores.jpg","keywords":["hermosillo","\u00f3rdenes de aprehensi\u00f3n"],"articleSection":["PALABRAS Y N\u00daMEROS"],"inLanguage":"es","potentialAction":[{"@type":"CommentAction","name":"Comment","target":["https:\/\/www.sonoraenequipo.com.mx\/incrementa-155-ejecucion-de-ordenes-de-aprehension-por-homicidio-en-hermosillo\/#respond"]}]},{"@type":"WebPage","@id":"https:\/\/www.sonoraenequipo.com.mx\/incrementa-155-ejecucion-de-ordenes-de-aprehension-por-homicidio-en-hermosillo\/","url":"https:\/\/www.sonoraenequipo.com.mx\/incrementa-155-ejecucion-de-ordenes-de-aprehension-por-homicidio-en-hermosillo\/","name":"Sonora en Equipo. Incrementa 155% ejecuci\u00f3n de \u00f3rdenes de aprehensi\u00f3n por homicidio en Hermosillo PALABRAS Y N\u00daMEROS","isPartOf":{"@id":"https:\/\/www.sonoraenequipo.com.mx\/#website"},"primaryImageOfPage":{"@id":"https:\/\/www.sonoraenequipo.com.mx\/incrementa-155-ejecucion-de-ordenes-de-aprehension-por-homicidio-en-hermosillo\/#primaryimage"},"image":{"@id":"https:\/\/www.sonoraenequipo.com.mx\/incrementa-155-ejecucion-de-ordenes-de-aprehension-por-homicidio-en-hermosillo\/#primaryimage"},"thumbnailUrl":"https:\/\/www.sonoraenequipo.com.mx\/storage\/2026\/03\/carlos-flores.jpg","datePublished":"2026-03-05T20:13:42+00:00","dateModified":"2026-03-05T21:58:22+00:00","description":"HERMOSILLO, SONORA, MX. \u2014 Como resultado de una estrategia operativa focalizada para combatir a los generadores de violencia, la Fiscal\u00eda General de En Sonora en Equipo publicamos toda la informaci\u00f3n de Sonora, M\u00e9xico y el Mundo de manera oportuna y busca que la libertad de expresi\u00f3n sea real. Visita nuestro medio informativo publicado desde Hermosillo, Sonora. %","breadcrumb":{"@id":"https:\/\/www.sonoraenequipo.com.mx\/incrementa-155-ejecucion-de-ordenes-de-aprehension-por-homicidio-en-hermosillo\/#breadcrumb"},"inLanguage":"es","potentialAction":[{"@type":"ReadAction","target":["https:\/\/www.sonoraenequipo.com.mx\/incrementa-155-ejecucion-de-ordenes-de-aprehension-por-homicidio-en-hermosillo\/"]}]},{"@type":"ImageObject","inLanguage":"es","@id":"https:\/\/www.sonoraenequipo.com.mx\/incrementa-155-ejecucion-de-ordenes-de-aprehension-por-homicidio-en-hermosillo\/#primaryimage","url":"https:\/\/www.sonoraenequipo.com.mx\/storage\/2026\/03\/carlos-flores.jpg","contentUrl":"https:\/\/www.sonoraenequipo.com.mx\/storage\/2026\/03\/carlos-flores.jpg","width":600,"height":400},{"@type":"BreadcrumbList","@id":"https:\/\/www.sonoraenequipo.com.mx\/incrementa-155-ejecucion-de-ordenes-de-aprehension-por-homicidio-en-hermosillo\/#breadcrumb","itemListElement":[{"@type":"ListItem","position":1,"name":"Portada","item":"https:\/\/www.sonoraenequipo.com.mx\/"},{"@type":"ListItem","position":2,"name":"Incrementa 155% ejecuci\u00f3n de \u00f3rdenes de aprehensi\u00f3n por homicidio en Hermosillo"}]},{"@type":"WebSite","@id":"https:\/\/www.sonoraenequipo.com.mx\/#website","url":"https:\/\/www.sonoraenequipo.com.mx\/","name":"Sonora en Equipo.","description":"Diario en l\u00ednea con Noticias desde Hermosillo, Sonora","publisher":{"@id":"https:\/\/www.sonoraenequipo.com.mx\/#organization"},"potentialAction":[{"@type":"SearchAction","target":{"@type":"EntryPoint","urlTemplate":"https:\/\/www.sonoraenequipo.com.mx\/?s={search_term_string}"},"query-input":{"@type":"PropertyValueSpecification","valueRequired":true,"valueName":"search_term_string"}}],"inLanguage":"es"},{"@type":"Organization","@id":"https:\/\/www.sonoraenequipo.com.mx\/#organization","name":"Sonoraenequipo.com.mx","url":"https:\/\/www.sonoraenequipo.com.mx\/","logo":{"@type":"ImageObject","inLanguage":"es","@id":"https:\/\/www.sonoraenequipo.com.mx\/#\/schema\/logo\/image\/","url":"https:\/\/www.sonoraenequipo.com.mx\/storage\/2019\/01\/sonoraenequipo_opt.png","contentUrl":"https:\/\/www.sonoraenequipo.com.mx\/storage\/2019\/01\/sonoraenequipo_opt.png","width":375,"height":125,"caption":"Sonoraenequipo.com.mx"},"image":{"@id":"https:\/\/www.sonoraenequipo.com.mx\/#\/schema\/logo\/image\/"},"sameAs":["https:\/\/www.facebook.com\/SonoraEE\/","https:\/\/x.com\/sonoraenequipo","https:\/\/www.youtube.com\/channel\/UC338nW-lPEYmJQs4ZABQ1SQ"]},{"@type":"Person","@id":"https:\/\/www.sonoraenequipo.com.mx\/#\/schema\/person\/50102df0fb23a8fa9e8effad8fa81386","name":"enequipo","image":{"@type":"ImageObject","inLanguage":"es","@id":"https:\/\/www.sonoraenequipo.com.mx\/#\/schema\/person\/image\/","url":"https:\/\/secure.gravatar.com\/avatar\/049821681b589dabc0bc20695993ccebb09f5b5d4d790cd9251b97faac7c652b?s=96&d=blank&r=g","contentUrl":"https:\/\/secure.gravatar.com\/avatar\/049821681b589dabc0bc20695993ccebb09f5b5d4d790cd9251b97faac7c652b?s=96&d=blank&r=g","caption":"enequipo"},"sameAs":["https:\/\/www.facebook.com\/SonoraEE"]}]}},"jetpack_featured_media_url":"https:\/\/www.sonoraenequipo.com.mx\/storage\/2026\/03\/carlos-flores.jpg","_links":{"self":[{"href":"https:\/\/www.sonoraenequipo.com.mx\/api\/wp\/v2\/posts\/236634","targetHints":{"allow":["GET"]}}],"collection":[{"href":"https:\/\/www.sonoraenequipo.com.mx\/api\/wp\/v2\/posts"}],"about":[{"href":"https:\/\/www.sonoraenequipo.com.mx\/api\/wp\/v2\/types\/post"}],"author":[{"embeddable":true,"href":"https:\/\/www.sonoraenequipo.com.mx\/api\/wp\/v2\/users\/1"}],"replies":[{"embeddable":true,"href":"https:\/\/www.sonoraenequipo.com.mx\/api\/wp\/v2\/comments?post=236634"}],"version-history":[{"count":1,"href":"https:\/\/www.sonoraenequipo.com.mx\/api\/wp\/v2\/posts\/236634\/revisions"}],"predecessor-version":[{"id":236636,"href":"https:\/\/www.sonoraenequipo.com.mx\/api\/wp\/v2\/posts\/236634\/revisions\/236636"}],"wp:featuredmedia":[{"embeddable":true,"href":"https:\/\/www.sonoraenequipo.com.mx\/api\/wp\/v2\/media\/236635"}],"wp:attachment":[{"href":"https:\/\/www.sonoraenequipo.com.mx\/api\/wp\/v2\/media?parent=236634"}],"wp:term":[{"taxonomy":"category","embeddable":true,"href":"https:\/\/www.sonoraenequipo.com.mx\/api\/wp\/v2\/categories?post=236634"},{"taxonomy":"post_tag","embeddable":true,"href":"https:\/\/www.sonoraenequipo.com.mx\/api\/wp\/v2\/tags?post=236634"}],"curies":[{"name":"wp","href":"https:\/\/api.w.org\/{rel}","templated":true}]}}