{"id":236647,"date":"2026-03-05T14:25:19","date_gmt":"2026-03-05T21:25:19","guid":{"rendered":"https:\/\/www.sonoraenequipo.com.mx\/?p=236647"},"modified":"2026-03-05T14:28:48","modified_gmt":"2026-03-05T21:28:48","slug":"pt-anuncia-que-no-apoyara-reforma-electoral-de-sheinbaum-rompe-con-la-democracia-sandoval","status":"publish","type":"post","link":"https:\/\/www.sonoraenequipo.com.mx\/pt-anuncia-que-no-apoyara-reforma-electoral-de-sheinbaum-rompe-con-la-democracia-sandoval\/","title":{"rendered":"PT \u00a0anuncia que no apoyar\u00e1 reforma electoral de Sheinbaum; rompe con la democracia: Sandoval"},"content":{"rendered":"<p>PT \u00a0anuncia que no apoyar\u00e1 reforma electoral de Sheinbaum; rompe con la democracia: Sandoval<\/p>\n<ul>\n<li>Reginaldo Sandoval Flores: \u201cTodos los partidos en el poder quieren volverse \u00fanicos; por eso hay que poner contrapesos\u201d<\/li>\n<\/ul>\n<p>El coordinador del Partido del Trabajo en M\u00e9xico (PT) en la C\u00e1mara de Diputados confirma en entrevista con El Pa\u00eds que su bancada no acompa\u00f1ar\u00e1 la reforma electoral de la presidenta Claudia Sheinbaum porque allana el camino de Morena para convertirse en un partido hegem\u00f3nico<\/p>\n<p>Las alianzas pol\u00edticas a veces crujen y se distancian. Y en la que une al oficialismo en M\u00e9xico comienzan a sonar las alertas. Es la consecuencia de la reforma electoral que la presidenta Claudia Sheinbaum envi\u00f3 a la C\u00e1mara de Diputados este mi\u00e9rcoles. El coordinador del Partido del Trabajo (PT), Reginaldo Sandoval (San Lucas Tepetitl\u00e1n, Zacatecas, 58 a\u00f1os), recibe a EL PA\u00cdS en su despacho del Palacio de San L\u00e1zaro, sede del Congreso. El l\u00edder parlamentario dice que los 49 integrantes de la bancada han cerrado filas para votar en contra de la enmienda que ha puesto en punto de ebullici\u00f3n a la coalici\u00f3n formada por Morena, Partido Verde y los petistas. El diputado habla sin rodeos. El proyecto que Morena presenta como un paso hacia la austeridad y la simplificaci\u00f3n del sistema pol\u00edtico, en realidad tiene implicaciones que tocan el terreno de la regresi\u00f3n democr\u00e1tica con el regreso del partido hegem\u00f3nico. Sandoval Flores lanza advertencias sobre los riesgos de cualquier reforma que, bajo la promesa de eficiencia, termine reduciendo el pluralismo. El coordinador explica por qu\u00e9 su partido ha decidido resistir y asegura no tener miedo a que la organizaci\u00f3n vaya sola en la contienda electoral de 2027.<\/p>\n<p>&nbsp;<\/p>\n<p>Pregunta. \u00bfEn qu\u00e9 punto considera que la reforma electoral rompe con la democracia y abre la puerta a un partido hegem\u00f3nico?<\/p>\n<p>&nbsp;<\/p>\n<p>&nbsp;<\/p>\n<p>Respuesta. El problema central es que rompe con el sistema proporcional construido en la reforma de 1977 y ampliado en 1996. Ese sistema permiti\u00f3 que las minor\u00edas tuvieran representaci\u00f3n pol\u00edtica. La propuesta cambia la forma de elegir a los 200 diputados de representaci\u00f3n proporcional y genera varias distorsiones. Por un lado, propone que 100 entren por primera minor\u00eda, lo que puede favorecer a candidatos con cercan\u00eda a poderes locales. Los otros 100 se elegir\u00edan por listas votadas directamente, lo que concentrar\u00eda la representaci\u00f3n en Estados con mayor padr\u00f3n. Los candidatos ya no responder\u00edan a plataformas pol\u00edticas, sino a una l\u00f3gica m\u00e1s ciudadana y responder\u00edan al partido hegem\u00f3nico que est\u00e9 en el poder. Ah\u00ed termina la pluralidad del sistema de partidos en M\u00e9xico y eso es antidemocr\u00e1tico. Todo esto termina debilitando la pluralidad y nos acerca a un esquema de partido hegem\u00f3nico. En el tema del dinero, reduces las prerrogativas un 25%, pero no cambias la f\u00f3rmula de distribuci\u00f3n y sigue siendo totalmente inequitativo. Es una distorsi\u00f3n del viejo r\u00e9gimen.<\/p>\n<p>&nbsp;<\/p>\n<ol>\n<li>\u00bfSe compromete la paridad de g\u00e9nero?<\/li>\n<\/ol>\n<p>&nbsp;<\/p>\n<ol>\n<li>Claro. Hoy la paridad se garantiza desde el dise\u00f1o de las listas. Pero si todo depende del m\u00e1s votado, ya no construyes equilibrios. La paridad deja de ser un principio y pasa a ser un accidente, dependiendo del tama\u00f1o de las circunscripciones. Lo mismo ocurre con las acciones afirmativas: se acaban. Ya no habr\u00eda cuotas para personas con discapacidad, para pueblos originarios, para la diversidad, para mexicanos en el exterior. Todo eso desaparece. \u00bfC\u00f3mo puede ser democr\u00e1tico?<\/li>\n<li>\u00bfQu\u00e9 puntos positivos le ve a la reforma?<\/li>\n<\/ol>\n<p>&nbsp;<\/p>\n<ol>\n<li>La democracia participativa y la implementaci\u00f3n de las consultas.<\/li>\n<\/ol>\n<p>&nbsp;<\/p>\n<ol>\n<li>\u00bfEn los t\u00e9rminos en que lleg\u00f3 la reforma el PT dar\u00e1 su voto a favor?<\/li>\n<\/ol>\n<p>&nbsp;<\/p>\n<ol>\n<li>Nos mantenemos en la ruta de no acompa\u00f1arla porque nos parece una ruta de retroceso.<\/li>\n<\/ol>\n<p>&nbsp;<\/p>\n<ol>\n<li>La dirigente de Morena, Luisa Mar\u00eda Alcalde, advirti\u00f3 que su partido no negociar\u00e1 con el PT ni con el Verde los temas centrales. \u00bfQu\u00e9 le responde?<\/li>\n<\/ol>\n<p>&nbsp;<\/p>\n<ol>\n<li>Tampoco nosotros negociaremos.<\/li>\n<\/ol>\n<p>&nbsp;<\/p>\n<ol>\n<li>Se habla de que Morena busca el voto de la oposici\u00f3n. \u00bfEl PT est\u00e1 dispuesto a romper con Morena en caso de la aprobaci\u00f3n de la reforma?<\/li>\n<\/ol>\n<p>&nbsp;<\/p>\n<ol>\n<li>Le deseamos suerte. Somos consecuentes y no condescendemos en retrocesos y no estamos de acuerdo en la ruta de la centralizaci\u00f3n del poder.<\/li>\n<\/ol>\n<p>&nbsp;<\/p>\n<ol>\n<li>\u00bfEstar\u00edan dispuestos a romper con Morena?<\/li>\n<\/ol>\n<p>&nbsp;<\/p>\n<ol start=\"81\">\n<li>No hay forma de que se apruebe. La aritm\u00e9tica legislativa es muy clara: se necesitan 334 votos y no les alcanza. Les faltan 81. No les alcanza por m\u00e1s que desbanquen de aqu\u00ed y de all\u00e1.<\/li>\n<\/ol>\n<p>&nbsp;<\/p>\n<ol>\n<li>\u00bfMorena allana el camino para convertirse en un partido hegem\u00f3nico?<\/li>\n<\/ol>\n<p>&nbsp;<\/p>\n<ol>\n<li>Sin duda. Sostengo que, hist\u00f3ricamente, no hay un solo partido en el mundo que, cuando gane, no quiera convertirse en \u00fanico; no importa si es de derecha, si es de centro o si es de izquierda. Por eso es importante luchar para construir contrapesos y defender la pluralidad democr\u00e1tica.<\/li>\n<\/ol>\n<p>&nbsp;<\/p>\n<ol>\n<li>\u00bfNo es contradictorio que un aliado de Morena haga esa acusaci\u00f3n?<\/li>\n<\/ol>\n<p>&nbsp;<\/p>\n<ol>\n<li>No lo veo as\u00ed. El PT tiene una historia pol\u00edtica clara. Nacimos para combatir el modelo neoliberal y hemos sido consecuentes. Hemos acompa\u00f1ado procesos, pero tambi\u00e9n se\u00f1alamos cuando creemos que hay errores. No somos un partido de ocasi\u00f3n, ni de oportunidad, ni de coyuntura y por eso decimos con claridad en lo que estamos de acuerdo y en lo que no, y en esto no estamos de acuerdo porque es un retroceso, no es porque perjudique al PT.<\/li>\n<\/ol>\n<p>&nbsp;<\/p>\n<ol>\n<li>\u00bfMorena se est\u00e1 convirtiendo en un partido de ocasi\u00f3n?<\/li>\n<\/ol>\n<p>&nbsp;<\/p>\n<ol>\n<li>Que no confundan suceso con proceso y est\u00e1n perdiendo visi\u00f3n. Lo m\u00e1s importante es garantizar la unidad para seguir construyendo la transformaci\u00f3n profunda. Porque si no, terminamos con incongruencias o en el incumplimiento de lo que le ofrecimos al pueblo.<\/li>\n<\/ol>\n<p>&nbsp;<\/p>\n<ol>\n<li>\u00bfMorena est\u00e1 traicionando al PT?<\/li>\n<\/ol>\n<p>&nbsp;<\/p>\n<ol>\n<li>Hay un desv\u00edo. La iniciativa plantea descabezar a las dirigencias de los partidos , para quitar las plataformas pol\u00edticas y centralizar las decisiones. Eso puede terminar siendo una traici\u00f3n. Estamos queriendo hacer lo que nos comprometimos a destruir.<\/li>\n<\/ol>\n<p>&nbsp;<\/p>\n<ol>\n<li>\u00bfExiste riesgo de que la coalici\u00f3n se rompa rumbo a 2027?<\/li>\n<\/ol>\n<p>&nbsp;<\/p>\n<ol>\n<li>De parte del PT, no.<\/li>\n<\/ol>\n<p>&nbsp;<\/p>\n<ol>\n<li>\u00bfEl PT est\u00e1 preparado para ir solo en las elecciones de 2027?<\/li>\n<\/ol>\n<p>&nbsp;<\/p>\n<ol>\n<li>No tenemos inconveniente. Ya lo hemos hecho en otras ocasiones. Somos un partido con historia y convicci\u00f3n pol\u00edtica; no nos asustan. Que Morena no pierda de vista que tenemos el compromiso de recuperar la Constituci\u00f3n de 1917 y, si nos atropellamos, como nos pas\u00f3 en 2021, no vamos a seguir modificando la Constituci\u00f3n y se nos dificulta la ruta de 2030 porque no est\u00e1 la fortaleza del liderazgo de Andr\u00e9s Manuel L\u00f3pez Obrador.<\/li>\n<\/ol>\n<p>&nbsp;<\/p>\n<ol>\n<li>\u00bfQu\u00e9 tendr\u00eda que cambiar para que el PT apoye la reforma?<\/li>\n<\/ol>\n<p>&nbsp;<\/p>\n<ol>\n<li>Tendr\u00edan que modificarse los puntos centrales, el sistema de representaci\u00f3n proporcional y la reducci\u00f3n del financiamiento.<\/li>\n<\/ol>\n<p>&nbsp;<\/p>\n<ol>\n<li>\u00bfDe qu\u00e9 manera el PT va a blindar sus votos? \u00bfNo hay manera de que algunos no lleguen a la sesi\u00f3n?<\/li>\n<\/ol>\n<p>&nbsp;<\/p>\n<ol start=\"49\">\n<li>Cerramos filas 49 de 49. Hasta ahorita est\u00e1 el compromiso, pero en la pol\u00edtica la variable que no falla se llama incertidumbre; no se sabe lo que pase. Habl\u00e9 con cada uno y cerramos filas todos.<\/li>\n<\/ol>\n<p>&nbsp;<\/p>\n<ol>\n<li>\u00bfHay presiones o amenazas para aprobar la reforma?<\/li>\n<\/ol>\n<p>&nbsp;<\/p>\n<ol>\n<li>Esperemos que no, no hay necesidad, porque como no alcanza, y qu\u00e9 necesidad tienen de equivocarse haciendo ese operativo que al final solo te da\u00f1a. Eso sucede en todos lados, pero la gran mayor\u00eda de compa\u00f1eros tienen firmeza ideol\u00f3gica y claridad pol\u00edtica.<\/li>\n<\/ol>\n<p>&nbsp;<\/p>\n<ol>\n<li>\u00bfLa defensa de la representaci\u00f3n proporcional es un tema democr\u00e1tico o de supervivencia partidista?<\/li>\n<\/ol>\n<p>&nbsp;<\/p>\n<ol>\n<li>Sostengo que es un tema democr\u00e1tico. Hay que construir poder popular para sostener el proceso revolucionario transformador, porque si no, \u00bfen qu\u00e9 vas a terminar? En neoliberalismo democr\u00e1tico. Est\u00e1n destruyendo la escalera por la que llegaron al poder.<\/li>\n<\/ol>\n<p>&nbsp;<\/p>\n<ol>\n<li>\u00bfTienen propuestas alternativas?<\/li>\n<\/ol>\n<p>&nbsp;<\/p>\n<p>&nbsp;<\/p>\n<p>Reginaldo Sandoval Flores en Ciudad de M\u00e9xico, este mi\u00e9rcoles.<\/p>\n<p>Nayeli Cruz<\/p>\n<ol>\n<li>S\u00ed. Por ejemplo, en el tema del financiamiento proponemos reducirlo hasta en 50%, pero cambiando la f\u00f3rmula de distribuci\u00f3n: la mitad en partes iguales y la otra mitad proporcional. Eso s\u00ed ser\u00eda un cambio de fondo. En el tema de los plurinominales: \u00bfqu\u00e9 necesidad tienes de modificar el sistema proporcional de partidos que fue el que hizo que llegaras al poder? \u00bfSolo porque piensas que no deben estar Ricardo Anaya y Alejandro Alito Moreno? Son cuestiones min\u00fasculas.<\/li>\n<\/ol>\n<p>&nbsp;<\/p>\n<ol>\n<li>\u00bfLa presidenta Claudia Sheinbaum se equivoca con esta reforma?<\/li>\n<\/ol>\n<p>&nbsp;<\/p>\n<ol>\n<li>La presidenta merece todo nuestro respeto, estamos con ella. Est\u00e1 intentando cumplir una promesa de campa\u00f1a y ya cumpli\u00f3 mandando la iniciativa.<\/li>\n<\/ol>\n<p>&nbsp;<\/p>\n<ol>\n<li>\u00bfEsta es la primera gran fractura pol\u00edtica dentro de la Cuarta transformaci\u00f3n?<\/li>\n<\/ol>\n<p>&nbsp;<\/p>\n<ol>\n<li>No necesariamente. En legislaturas anteriores tambi\u00e9n hemos votado en contra de algunas iniciativas cuando consideramos que no son correctas.<\/li>\n<\/ol>\n<p>&nbsp;<\/p>\n<ol>\n<li>\u00bfCu\u00e1l cree que ser\u00e1 el destino de la reforma electoral?<\/li>\n<\/ol>\n<p>&nbsp;<\/p>\n<ol>\n<li>Probablemente se apruebe en comisiones porque ah\u00ed basta la mayor\u00eda simple, pero en el pleno es donde se ver\u00e1 si realmente tiene los votos.<\/li>\n<\/ol>\n<p>&nbsp;<\/p>\n<ol>\n<li>\u00bfEs un mal mensaje y un mal c\u00e1lculo pol\u00edtico de Morena que los aliados voten en contra?<\/li>\n<\/ol>\n<p>&nbsp;<\/p>\n<ol>\n<li>Lamento mucho que teniendo claridad de lo que va a pasar se expongan, \u00bfcu\u00e1l es el objetivo si la prioridad es mantener la unidad?<\/li>\n<\/ol>\n<p>&nbsp;<\/p>\n<ol>\n<li>\u00bfHay acuerdo entre PT y Verde para votar en contra de la reforma de la presidenta?<\/li>\n<\/ol>\n<p>&nbsp;<\/p>\n<ol>\n<li>De forma natural. Los dos no coincidimos en la ruta que han planteado.<\/li>\n<\/ol>\n<p><strong>Fecha de publicaci\u00f3n jueves 5 de marzo de 2026\/ El Pa\u00eds<\/strong><\/p>\n<p>&nbsp;<\/p>\n<p>&nbsp;<\/p>\n","protected":false},"excerpt":{"rendered":"<p>PT \u00a0anuncia que no apoyar\u00e1 reforma electoral de Sheinbaum; rompe con la democracia: Sandoval Reginaldo&#8230;<\/p>\n","protected":false},"author":1,"featured_media":236648,"comment_status":"open","ping_status":"open","sticky":false,"template":"","format":"standard","meta":{"_monsterinsights_skip_tracking":false,"_monsterinsights_sitenote_active":false,"_monsterinsights_sitenote_note":"","_monsterinsights_sitenote_category":0,"footnotes":""},"categories":[3281],"tags":[5206,7589,549,3061],"class_list":["post"],"yoast_head":" \n<title>Sonora en Equipo. PT \u00a0anuncia que no apoyar\u00e1 reforma electoral de Sheinbaum; rompe con la democracia: Sandoval Congreso<\/title>\n<meta name=\"description\" content=\"PT \u00a0anuncia que no apoyar\u00e1 reforma electoral de Sheinbaum; rompe con la democracia: Sandoval Reginaldo Sandoval Flores: \u201cTodos los partidos en el poder En Sonora en Equipo publicamos toda la informaci\u00f3n de Sonora, M\u00e9xico y el Mundo de manera oportuna y busca que la libertad de expresi\u00f3n sea real. Visita nuestro medio informativo publicado desde Hermosillo, Sonora. %\" \/>\n<meta name=\"robots\" content=\"index, follow, max-snippet:-1, max-image-preview:large, max-video-preview:-1\" \/>\n<link rel=\"canonical\" href=\"https:\/\/www.sonoraenequipo.com.mx\/pt-anuncia-que-no-apoyara-reforma-electoral-de-sheinbaum-rompe-con-la-democracia-sandoval\/\" \/>\n<meta property=\"og:locale\" content=\"es_ES\" \/>\n<meta property=\"og:type\" content=\"article\" \/>\n<meta property=\"og:title\" content=\"Sonora en Equipo. PT \u00a0anuncia que no apoyar\u00e1 reforma electoral de Sheinbaum; rompe con la democracia: Sandoval Congreso\" \/>\n<meta property=\"og:description\" content=\"PT \u00a0anuncia que no apoyar\u00e1 reforma electoral de Sheinbaum; rompe con la democracia: Sandoval Reginaldo Sandoval Flores: \u201cTodos los partidos en el poder En Sonora en Equipo publicamos toda la informaci\u00f3n de Sonora, M\u00e9xico y el Mundo de manera oportuna y busca que la libertad de expresi\u00f3n sea real. Visita nuestro medio informativo publicado desde Hermosillo, Sonora. %\" \/>\n<meta property=\"og:url\" content=\"https:\/\/www.sonoraenequipo.com.mx\/pt-anuncia-que-no-apoyara-reforma-electoral-de-sheinbaum-rompe-con-la-democracia-sandoval\/\" \/>\n<meta property=\"og:site_name\" content=\"Sonora en Equipo.\" \/>\n<meta property=\"article:publisher\" content=\"https:\/\/www.facebook.com\/SonoraEE\/\" \/>\n<meta property=\"article:author\" content=\"https:\/\/www.facebook.com\/SonoraEE\" \/>\n<meta property=\"article:published_time\" content=\"2026-03-05T21:25:19+00:00\" \/>\n<meta property=\"article:modified_time\" content=\"2026-03-05T21:28:48+00:00\" \/>\n<meta property=\"og:image\" content=\"https:\/\/www.sonoraenequipo.com.mx\/storage\/2026\/03\/sandoval.jpg\" \/>\n\t<meta property=\"og:image:width\" content=\"600\" \/>\n\t<meta property=\"og:image:height\" content=\"400\" \/>\n\t<meta property=\"og:image:type\" content=\"image\/jpeg\" \/>\n<meta name=\"author\" content=\"enequipo\" \/>\n<meta name=\"twitter:card\" content=\"summary_large_image\" \/>\n<meta name=\"twitter:creator\" content=\"@sonoraenequipo\" \/>\n<meta name=\"twitter:site\" content=\"@sonoraenequipo\" \/>\n<meta name=\"twitter:label1\" content=\"Escrito por\" \/>\n\t<meta name=\"twitter:data1\" content=\"enequipo\" \/>\n\t<meta name=\"twitter:label2\" content=\"Tiempo de lectura\" \/>\n\t<meta name=\"twitter:data2\" content=\"8 minutos\" \/>\n<script type=\"application\/ld+json\" class=\"yoast-schema-graph\">{\"@context\":\"https:\/\/schema.org\",\"@graph\":[{\"@type\":\"Article\",\"@id\":\"https:\/\/www.sonoraenequipo.com.mx\/pt-anuncia-que-no-apoyara-reforma-electoral-de-sheinbaum-rompe-con-la-democracia-sandoval\/#article\",\"isPartOf\":{\"@id\":\"https:\/\/www.sonoraenequipo.com.mx\/pt-anuncia-que-no-apoyara-reforma-electoral-de-sheinbaum-rompe-con-la-democracia-sandoval\/\"},\"author\":{\"name\":\"enequipo\",\"@id\":\"https:\/\/www.sonoraenequipo.com.mx\/#\/schema\/person\/50102df0fb23a8fa9e8effad8fa81386\"},\"headline\":\"PT \u00a0anuncia que no apoyar\u00e1 reforma electoral de Sheinbaum; rompe con la democracia: Sandoval\",\"datePublished\":\"2026-03-05T21:25:19+00:00\",\"dateModified\":\"2026-03-05T21:28:48+00:00\",\"mainEntityOfPage\":{\"@id\":\"https:\/\/www.sonoraenequipo.com.mx\/pt-anuncia-que-no-apoyara-reforma-electoral-de-sheinbaum-rompe-con-la-democracia-sandoval\/\"},\"wordCount\":1673,\"commentCount\":0,\"publisher\":{\"@id\":\"https:\/\/www.sonoraenequipo.com.mx\/#organization\"},\"image\":{\"@id\":\"https:\/\/www.sonoraenequipo.com.mx\/pt-anuncia-que-no-apoyara-reforma-electoral-de-sheinbaum-rompe-con-la-democracia-sandoval\/#primaryimage\"},\"thumbnailUrl\":\"https:\/\/www.sonoraenequipo.com.mx\/storage\/2026\/03\/sandoval.jpg\",\"keywords\":[\"alianza\",\"electoral\",\"PT\",\"reforma\"],\"articleSection\":[\"Congreso\"],\"inLanguage\":\"es\",\"potentialAction\":[{\"@type\":\"CommentAction\",\"name\":\"Comment\",\"target\":[\"https:\/\/www.sonoraenequipo.com.mx\/pt-anuncia-que-no-apoyara-reforma-electoral-de-sheinbaum-rompe-con-la-democracia-sandoval\/#respond\"]}]},{\"@type\":\"WebPage\",\"@id\":\"https:\/\/www.sonoraenequipo.com.mx\/pt-anuncia-que-no-apoyara-reforma-electoral-de-sheinbaum-rompe-con-la-democracia-sandoval\/\",\"url\":\"https:\/\/www.sonoraenequipo.com.mx\/pt-anuncia-que-no-apoyara-reforma-electoral-de-sheinbaum-rompe-con-la-democracia-sandoval\/\",\"name\":\"Sonora en Equipo. PT \u00a0anuncia que no apoyar\u00e1 reforma electoral de Sheinbaum; rompe con la democracia: Sandoval Congreso\",\"isPartOf\":{\"@id\":\"https:\/\/www.sonoraenequipo.com.mx\/#website\"},\"primaryImageOfPage\":{\"@id\":\"https:\/\/www.sonoraenequipo.com.mx\/pt-anuncia-que-no-apoyara-reforma-electoral-de-sheinbaum-rompe-con-la-democracia-sandoval\/#primaryimage\"},\"image\":{\"@id\":\"https:\/\/www.sonoraenequipo.com.mx\/pt-anuncia-que-no-apoyara-reforma-electoral-de-sheinbaum-rompe-con-la-democracia-sandoval\/#primaryimage\"},\"thumbnailUrl\":\"https:\/\/www.sonoraenequipo.com.mx\/storage\/2026\/03\/sandoval.jpg\",\"datePublished\":\"2026-03-05T21:25:19+00:00\",\"dateModified\":\"2026-03-05T21:28:48+00:00\",\"description\":\"PT \u00a0anuncia que no apoyar\u00e1 reforma electoral de Sheinbaum; rompe con la democracia: Sandoval Reginaldo Sandoval Flores: \u201cTodos los partidos en el poder En Sonora en Equipo publicamos toda la informaci\u00f3n de Sonora, M\u00e9xico y el Mundo de manera oportuna y busca que la libertad de expresi\u00f3n sea real. Visita nuestro medio informativo publicado desde Hermosillo, Sonora. %\",\"breadcrumb\":{\"@id\":\"https:\/\/www.sonoraenequipo.com.mx\/pt-anuncia-que-no-apoyara-reforma-electoral-de-sheinbaum-rompe-con-la-democracia-sandoval\/#breadcrumb\"},\"inLanguage\":\"es\",\"potentialAction\":[{\"@type\":\"ReadAction\",\"target\":[\"https:\/\/www.sonoraenequipo.com.mx\/pt-anuncia-que-no-apoyara-reforma-electoral-de-sheinbaum-rompe-con-la-democracia-sandoval\/\"]}]},{\"@type\":\"ImageObject\",\"inLanguage\":\"es\",\"@id\":\"https:\/\/www.sonoraenequipo.com.mx\/pt-anuncia-que-no-apoyara-reforma-electoral-de-sheinbaum-rompe-con-la-democracia-sandoval\/#primaryimage\",\"url\":\"https:\/\/www.sonoraenequipo.com.mx\/storage\/2026\/03\/sandoval.jpg\",\"contentUrl\":\"https:\/\/www.sonoraenequipo.com.mx\/storage\/2026\/03\/sandoval.jpg\",\"width\":600,\"height\":400,\"caption\":\"Reginaldo Sandoval Flores en Ciudad de M\u00e9xico, este mi\u00e9rcoles. Nayeli Cruz\"},{\"@type\":\"BreadcrumbList\",\"@id\":\"https:\/\/www.sonoraenequipo.com.mx\/pt-anuncia-que-no-apoyara-reforma-electoral-de-sheinbaum-rompe-con-la-democracia-sandoval\/#breadcrumb\",\"itemListElement\":[{\"@type\":\"ListItem\",\"position\":1,\"name\":\"Portada\",\"item\":\"https:\/\/www.sonoraenequipo.com.mx\/\"},{\"@type\":\"ListItem\",\"position\":2,\"name\":\"PT \u00a0anuncia que no apoyar\u00e1 reforma electoral de Sheinbaum; rompe con la democracia: Sandoval\"}]},{\"@type\":\"WebSite\",\"@id\":\"https:\/\/www.sonoraenequipo.com.mx\/#website\",\"url\":\"https:\/\/www.sonoraenequipo.com.mx\/\",\"name\":\"Sonora en Equipo.\",\"description\":\"Diario en l\u00ednea con Noticias desde Hermosillo, Sonora\",\"publisher\":{\"@id\":\"https:\/\/www.sonoraenequipo.com.mx\/#organization\"},\"potentialAction\":[{\"@type\":\"SearchAction\",\"target\":{\"@type\":\"EntryPoint\",\"urlTemplate\":\"https:\/\/www.sonoraenequipo.com.mx\/?s={search_term_string}\"},\"query-input\":{\"@type\":\"PropertyValueSpecification\",\"valueRequired\":true,\"valueName\":\"search_term_string\"}}],\"inLanguage\":\"es\"},{\"@type\":\"Organization\",\"@id\":\"https:\/\/www.sonoraenequipo.com.mx\/#organization\",\"name\":\"Sonoraenequipo.com.mx\",\"url\":\"https:\/\/www.sonoraenequipo.com.mx\/\",\"logo\":{\"@type\":\"ImageObject\",\"inLanguage\":\"es\",\"@id\":\"https:\/\/www.sonoraenequipo.com.mx\/#\/schema\/logo\/image\/\",\"url\":\"https:\/\/www.sonoraenequipo.com.mx\/storage\/2019\/01\/sonoraenequipo_opt.png\",\"contentUrl\":\"https:\/\/www.sonoraenequipo.com.mx\/storage\/2019\/01\/sonoraenequipo_opt.png\",\"width\":375,\"height\":125,\"caption\":\"Sonoraenequipo.com.mx\"},\"image\":{\"@id\":\"https:\/\/www.sonoraenequipo.com.mx\/#\/schema\/logo\/image\/\"},\"sameAs\":[\"https:\/\/www.facebook.com\/SonoraEE\/\",\"https:\/\/x.com\/sonoraenequipo\",\"https:\/\/www.youtube.com\/channel\/UC338nW-lPEYmJQs4ZABQ1SQ\"]},{\"@type\":\"Person\",\"@id\":\"https:\/\/www.sonoraenequipo.com.mx\/#\/schema\/person\/50102df0fb23a8fa9e8effad8fa81386\",\"name\":\"enequipo\",\"image\":{\"@type\":\"ImageObject\",\"inLanguage\":\"es\",\"@id\":\"https:\/\/www.sonoraenequipo.com.mx\/#\/schema\/person\/image\/\",\"url\":\"https:\/\/secure.gravatar.com\/avatar\/049821681b589dabc0bc20695993ccebb09f5b5d4d790cd9251b97faac7c652b?s=96&d=blank&r=g\",\"contentUrl\":\"https:\/\/secure.gravatar.com\/avatar\/049821681b589dabc0bc20695993ccebb09f5b5d4d790cd9251b97faac7c652b?s=96&d=blank&r=g\",\"caption\":\"enequipo\"},\"sameAs\":[\"https:\/\/www.facebook.com\/SonoraEE\"]}]}<\/script>\n ","yoast_head_json":{"title":"Sonora en Equipo. PT \u00a0anuncia que no apoyar\u00e1 reforma electoral de Sheinbaum; rompe con la democracia: Sandoval Congreso","description":"PT \u00a0anuncia que no apoyar\u00e1 reforma electoral de Sheinbaum; rompe con la democracia: Sandoval Reginaldo Sandoval Flores: \u201cTodos los partidos en el poder En Sonora en Equipo publicamos toda la informaci\u00f3n de Sonora, M\u00e9xico y el Mundo de manera oportuna y busca que la libertad de expresi\u00f3n sea real. Visita nuestro medio informativo publicado desde Hermosillo, Sonora. %","robots":{"index":"index","follow":"follow","max-snippet":"max-snippet:-1","max-image-preview":"max-image-preview:large","max-video-preview":"max-video-preview:-1"},"canonical":"https:\/\/www.sonoraenequipo.com.mx\/pt-anuncia-que-no-apoyara-reforma-electoral-de-sheinbaum-rompe-con-la-democracia-sandoval\/","og_locale":"es_ES","og_type":"article","og_title":"Sonora en Equipo. PT \u00a0anuncia que no apoyar\u00e1 reforma electoral de Sheinbaum; rompe con la democracia: Sandoval Congreso","og_description":"PT \u00a0anuncia que no apoyar\u00e1 reforma electoral de Sheinbaum; rompe con la democracia: Sandoval Reginaldo Sandoval Flores: \u201cTodos los partidos en el poder En Sonora en Equipo publicamos toda la informaci\u00f3n de Sonora, M\u00e9xico y el Mundo de manera oportuna y busca que la libertad de expresi\u00f3n sea real. Visita nuestro medio informativo publicado desde Hermosillo, Sonora. %","og_url":"https:\/\/www.sonoraenequipo.com.mx\/pt-anuncia-que-no-apoyara-reforma-electoral-de-sheinbaum-rompe-con-la-democracia-sandoval\/","og_site_name":"Sonora en Equipo.","article_publisher":"https:\/\/www.facebook.com\/SonoraEE\/","article_author":"https:\/\/www.facebook.com\/SonoraEE","article_published_time":"2026-03-05T21:25:19+00:00","article_modified_time":"2026-03-05T21:28:48+00:00","og_image":[{"width":600,"height":400,"url":"https:\/\/www.sonoraenequipo.com.mx\/storage\/2026\/03\/sandoval.jpg","type":"image\/jpeg"}],"author":"enequipo","twitter_card":"summary_large_image","twitter_creator":"@sonoraenequipo","twitter_site":"@sonoraenequipo","twitter_misc":{"Escrito por":"enequipo","Tiempo de lectura":"8 minutos"},"schema":{"@context":"https:\/\/schema.org","@graph":[{"@type":"Article","@id":"https:\/\/www.sonoraenequipo.com.mx\/pt-anuncia-que-no-apoyara-reforma-electoral-de-sheinbaum-rompe-con-la-democracia-sandoval\/#article","isPartOf":{"@id":"https:\/\/www.sonoraenequipo.com.mx\/pt-anuncia-que-no-apoyara-reforma-electoral-de-sheinbaum-rompe-con-la-democracia-sandoval\/"},"author":{"name":"enequipo","@id":"https:\/\/www.sonoraenequipo.com.mx\/#\/schema\/person\/50102df0fb23a8fa9e8effad8fa81386"},"headline":"PT \u00a0anuncia que no apoyar\u00e1 reforma electoral de Sheinbaum; rompe con la democracia: Sandoval","datePublished":"2026-03-05T21:25:19+00:00","dateModified":"2026-03-05T21:28:48+00:00","mainEntityOfPage":{"@id":"https:\/\/www.sonoraenequipo.com.mx\/pt-anuncia-que-no-apoyara-reforma-electoral-de-sheinbaum-rompe-con-la-democracia-sandoval\/"},"wordCount":1673,"commentCount":0,"publisher":{"@id":"https:\/\/www.sonoraenequipo.com.mx\/#organization"},"image":{"@id":"https:\/\/www.sonoraenequipo.com.mx\/pt-anuncia-que-no-apoyara-reforma-electoral-de-sheinbaum-rompe-con-la-democracia-sandoval\/#primaryimage"},"thumbnailUrl":"https:\/\/www.sonoraenequipo.com.mx\/storage\/2026\/03\/sandoval.jpg","keywords":["alianza","electoral","PT","reforma"],"articleSection":["Congreso"],"inLanguage":"es","potentialAction":[{"@type":"CommentAction","name":"Comment","target":["https:\/\/www.sonoraenequipo.com.mx\/pt-anuncia-que-no-apoyara-reforma-electoral-de-sheinbaum-rompe-con-la-democracia-sandoval\/#respond"]}]},{"@type":"WebPage","@id":"https:\/\/www.sonoraenequipo.com.mx\/pt-anuncia-que-no-apoyara-reforma-electoral-de-sheinbaum-rompe-con-la-democracia-sandoval\/","url":"https:\/\/www.sonoraenequipo.com.mx\/pt-anuncia-que-no-apoyara-reforma-electoral-de-sheinbaum-rompe-con-la-democracia-sandoval\/","name":"Sonora en Equipo. PT \u00a0anuncia que no apoyar\u00e1 reforma electoral de Sheinbaum; rompe con la democracia: Sandoval Congreso","isPartOf":{"@id":"https:\/\/www.sonoraenequipo.com.mx\/#website"},"primaryImageOfPage":{"@id":"https:\/\/www.sonoraenequipo.com.mx\/pt-anuncia-que-no-apoyara-reforma-electoral-de-sheinbaum-rompe-con-la-democracia-sandoval\/#primaryimage"},"image":{"@id":"https:\/\/www.sonoraenequipo.com.mx\/pt-anuncia-que-no-apoyara-reforma-electoral-de-sheinbaum-rompe-con-la-democracia-sandoval\/#primaryimage"},"thumbnailUrl":"https:\/\/www.sonoraenequipo.com.mx\/storage\/2026\/03\/sandoval.jpg","datePublished":"2026-03-05T21:25:19+00:00","dateModified":"2026-03-05T21:28:48+00:00","description":"PT \u00a0anuncia que no apoyar\u00e1 reforma electoral de Sheinbaum; rompe con la democracia: Sandoval Reginaldo Sandoval Flores: \u201cTodos los partidos en el poder En Sonora en Equipo publicamos toda la informaci\u00f3n de Sonora, M\u00e9xico y el Mundo de manera oportuna y busca que la libertad de expresi\u00f3n sea real. Visita nuestro medio informativo publicado desde Hermosillo, Sonora. %","breadcrumb":{"@id":"https:\/\/www.sonoraenequipo.com.mx\/pt-anuncia-que-no-apoyara-reforma-electoral-de-sheinbaum-rompe-con-la-democracia-sandoval\/#breadcrumb"},"inLanguage":"es","potentialAction":[{"@type":"ReadAction","target":["https:\/\/www.sonoraenequipo.com.mx\/pt-anuncia-que-no-apoyara-reforma-electoral-de-sheinbaum-rompe-con-la-democracia-sandoval\/"]}]},{"@type":"ImageObject","inLanguage":"es","@id":"https:\/\/www.sonoraenequipo.com.mx\/pt-anuncia-que-no-apoyara-reforma-electoral-de-sheinbaum-rompe-con-la-democracia-sandoval\/#primaryimage","url":"https:\/\/www.sonoraenequipo.com.mx\/storage\/2026\/03\/sandoval.jpg","contentUrl":"https:\/\/www.sonoraenequipo.com.mx\/storage\/2026\/03\/sandoval.jpg","width":600,"height":400,"caption":"Reginaldo Sandoval Flores en Ciudad de M\u00e9xico, este mi\u00e9rcoles. Nayeli Cruz"},{"@type":"BreadcrumbList","@id":"https:\/\/www.sonoraenequipo.com.mx\/pt-anuncia-que-no-apoyara-reforma-electoral-de-sheinbaum-rompe-con-la-democracia-sandoval\/#breadcrumb","itemListElement":[{"@type":"ListItem","position":1,"name":"Portada","item":"https:\/\/www.sonoraenequipo.com.mx\/"},{"@type":"ListItem","position":2,"name":"PT \u00a0anuncia que no apoyar\u00e1 reforma electoral de Sheinbaum; rompe con la democracia: Sandoval"}]},{"@type":"WebSite","@id":"https:\/\/www.sonoraenequipo.com.mx\/#website","url":"https:\/\/www.sonoraenequipo.com.mx\/","name":"Sonora en Equipo.","description":"Diario en l\u00ednea con Noticias desde Hermosillo, Sonora","publisher":{"@id":"https:\/\/www.sonoraenequipo.com.mx\/#organization"},"potentialAction":[{"@type":"SearchAction","target":{"@type":"EntryPoint","urlTemplate":"https:\/\/www.sonoraenequipo.com.mx\/?s={search_term_string}"},"query-input":{"@type":"PropertyValueSpecification","valueRequired":true,"valueName":"search_term_string"}}],"inLanguage":"es"},{"@type":"Organization","@id":"https:\/\/www.sonoraenequipo.com.mx\/#organization","name":"Sonoraenequipo.com.mx","url":"https:\/\/www.sonoraenequipo.com.mx\/","logo":{"@type":"ImageObject","inLanguage":"es","@id":"https:\/\/www.sonoraenequipo.com.mx\/#\/schema\/logo\/image\/","url":"https:\/\/www.sonoraenequipo.com.mx\/storage\/2019\/01\/sonoraenequipo_opt.png","contentUrl":"https:\/\/www.sonoraenequipo.com.mx\/storage\/2019\/01\/sonoraenequipo_opt.png","width":375,"height":125,"caption":"Sonoraenequipo.com.mx"},"image":{"@id":"https:\/\/www.sonoraenequipo.com.mx\/#\/schema\/logo\/image\/"},"sameAs":["https:\/\/www.facebook.com\/SonoraEE\/","https:\/\/x.com\/sonoraenequipo","https:\/\/www.youtube.com\/channel\/UC338nW-lPEYmJQs4ZABQ1SQ"]},{"@type":"Person","@id":"https:\/\/www.sonoraenequipo.com.mx\/#\/schema\/person\/50102df0fb23a8fa9e8effad8fa81386","name":"enequipo","image":{"@type":"ImageObject","inLanguage":"es","@id":"https:\/\/www.sonoraenequipo.com.mx\/#\/schema\/person\/image\/","url":"https:\/\/secure.gravatar.com\/avatar\/049821681b589dabc0bc20695993ccebb09f5b5d4d790cd9251b97faac7c652b?s=96&d=blank&r=g","contentUrl":"https:\/\/secure.gravatar.com\/avatar\/049821681b589dabc0bc20695993ccebb09f5b5d4d790cd9251b97faac7c652b?s=96&d=blank&r=g","caption":"enequipo"},"sameAs":["https:\/\/www.facebook.com\/SonoraEE"]}]}},"jetpack_featured_media_url":"https:\/\/www.sonoraenequipo.com.mx\/storage\/2026\/03\/sandoval.jpg","_links":{"self":[{"href":"https:\/\/www.sonoraenequipo.com.mx\/api\/wp\/v2\/posts\/236647","targetHints":{"allow":["GET"]}}],"collection":[{"href":"https:\/\/www.sonoraenequipo.com.mx\/api\/wp\/v2\/posts"}],"about":[{"href":"https:\/\/www.sonoraenequipo.com.mx\/api\/wp\/v2\/types\/post"}],"author":[{"embeddable":true,"href":"https:\/\/www.sonoraenequipo.com.mx\/api\/wp\/v2\/users\/1"}],"replies":[{"embeddable":true,"href":"https:\/\/www.sonoraenequipo.com.mx\/api\/wp\/v2\/comments?post=236647"}],"version-history":[{"count":1,"href":"https:\/\/www.sonoraenequipo.com.mx\/api\/wp\/v2\/posts\/236647\/revisions"}],"predecessor-version":[{"id":236649,"href":"https:\/\/www.sonoraenequipo.com.mx\/api\/wp\/v2\/posts\/236647\/revisions\/236649"}],"wp:featuredmedia":[{"embeddable":true,"href":"https:\/\/www.sonoraenequipo.com.mx\/api\/wp\/v2\/media\/236648"}],"wp:attachment":[{"href":"https:\/\/www.sonoraenequipo.com.mx\/api\/wp\/v2\/media?parent=236647"}],"wp:term":[{"taxonomy":"category","embeddable":true,"href":"https:\/\/www.sonoraenequipo.com.mx\/api\/wp\/v2\/categories?post=236647"},{"taxonomy":"post_tag","embeddable":true,"href":"https:\/\/www.sonoraenequipo.com.mx\/api\/wp\/v2\/tags?post=236647"}],"curies":[{"name":"wp","href":"https:\/\/api.w.org\/{rel}","templated":true}]}}