{"id":236660,"date":"2026-03-05T16:47:10","date_gmt":"2026-03-05T23:47:10","guid":{"rendered":"https:\/\/www.sonoraenequipo.com.mx\/?p=236660"},"modified":"2026-03-05T17:25:36","modified_gmt":"2026-03-06T00:25:36","slug":"se-estanca-en-sonora-atencion-contra-la-violencia-hacia-las-mujeres-dip-gabriela-felix","status":"publish","type":"post","link":"https:\/\/www.sonoraenequipo.com.mx\/se-estanca-en-sonora-atencion-contra-la-violencia-hacia-las-mujeres-dip-gabriela-felix\/","title":{"rendered":"Se estanca en Sonora \u00a0atenci\u00f3n contra la violencia hacia las mujeres: Dip. Gabriela F\u00e9lix"},"content":{"rendered":"<p><strong>HERMOSILLO, SONORA, MX. \u2014<\/strong> En el marco de la conmemoraci\u00f3n del D\u00eda Internacional de la Mujer, la Diputada Gabriela F\u00e9lix present\u00f3 los resultados del informe de la Dra. Lizette Sandoval sobre la implementaci\u00f3n de 13 de 31 medidas claves de la Alerta de Violencia de G\u00e9nero contra las Mujeres (AVGM) declarada en 2021 en Sonora, denunciando que el mecanismo se ha convertido en una \u201ccadena de omisiones\u201d que mantiene a las mujeres en el \u00faltimo lugar de las prioridades p\u00fablicas.<\/p>\n<p>&nbsp;<\/p>\n<p>Durante su posicionamiento, la legisladora alert\u00f3 que la violencia en el estado no es una excepci\u00f3n, sino una realidad estructural alimentada por la precariedad y la disputa criminal.<\/p>\n<p>&nbsp;<\/p>\n<p>Sonora se sit\u00faa en lugares cr\u00edticos a nivel nacional, entre las cifras alarmantes se encuentra en segundo lugar en tasa de desapariciones, tercer lugar en abuso sexual, cuarto lugar en llamadas al 911 por violencia de pareja, un repunte de 258 casos de desaparici\u00f3n de ni\u00f1as, ni\u00f1os y adolescentes durante 2024, cifra diez veces superior a a\u00f1os anteriores, y es el estado con mayor incremento en el incumplimiento de pensiones alimenticias.<\/p>\n<p>&nbsp;<\/p>\n<p>F\u00e9lix Boj\u00f3rquez se\u00f1al\u00f3 que, a pesar de la alerta declarada en 2021, las instituciones han fallado en su respuesta operativa. Denunci\u00f3 que el Protocolo Alba no cuenta con un seguimiento transparente y que a\u00fan no se ha implementado el comit\u00e9 t\u00e9cnico para supervisar la investigaci\u00f3n de feminicidios. Adem\u00e1s, subray\u00f3 la falta de polic\u00edas especializadas en los municipios y de servicios de traducci\u00f3n para mujeres ind\u00edgenas.<\/p>\n<p>&nbsp;<\/p>\n<p>\u201cCuando el Estado simula cumplir, la violencia se fortalece\u201d, sentenci\u00f3 la diputada, quien a\u00f1adi\u00f3 que el derecho m\u00e1s b\u00e1sico de las mujeres, el derecho a vivir, no ha podido ser garantizado en Sonora.<\/p>\n<p>Para pasar de la simulaci\u00f3n a la acci\u00f3n, la Diputada Gabriela F\u00e9lix propuso desde el Poder Legislativo una agenda m\u00ednima que incluye:<\/p>\n<ol>\n<li>La creaci\u00f3n de una mesa Interinstitucional de Agenda Legislativa AVGM, con reglas de operaci\u00f3n y un calendario de trabajo espec\u00edfico.<\/li>\n<li>Priorizar la Ley \u201c3 de 3 contra la violencia\u201d, la despenalizaci\u00f3n del aborto bajo est\u00e1ndares constitucionales y reformas en materia de desaparici\u00f3n y feminicidio.<\/li>\n<li>Presentar informes semestrales p\u00fablicos sobre los avances legislativos vinculados a la alerta.<\/li>\n<\/ol>\n<p>&nbsp;<\/p>\n<p>Finalmente, hizo un llamado a las autoridades a asumir esta crisis no como una bandera pol\u00edtica, sino como una verdadera alerta que exige presupuesto, investigaciones rigurosas e instituciones que respondan con eficacia.<\/p>\n<p><strong>Fecha de publicaci\u00f3n jueves 5 de marzo de 2026<\/strong><\/p>\n","protected":false},"excerpt":{"rendered":"<p>HERMOSILLO, SONORA, MX. \u2014 En el marco de la conmemoraci\u00f3n del D\u00eda Internacional de la&#8230;<\/p>\n","protected":false},"author":1,"featured_media":236661,"comment_status":"open","ping_status":"open","sticky":false,"template":"","format":"standard","meta":{"_monsterinsights_skip_tracking":false,"_monsterinsights_sitenote_active":false,"_monsterinsights_sitenote_note":"","_monsterinsights_sitenote_category":0,"footnotes":""},"categories":[3281],"tags":[11779,297,369],"class_list":["post"],"yoast_head":" \n<title>Sonora en Equipo. Se estanca en Sonora \u00a0atenci\u00f3n contra la violencia hacia las mujeres: Dip. Gabriela F\u00e9lix Congreso<\/title>\n<meta name=\"description\" content=\"HERMOSILLO, SONORA, MX. \u2014 En el marco de la conmemoraci\u00f3n del D\u00eda Internacional de la Mujer, la Diputada Gabriela F\u00e9lix present\u00f3 los resultados del En Sonora en Equipo publicamos toda la informaci\u00f3n de Sonora, M\u00e9xico y el Mundo de manera oportuna y busca que la libertad de expresi\u00f3n sea real. Visita nuestro medio informativo publicado desde Hermosillo, Sonora. %\" \/>\n<meta name=\"robots\" content=\"index, follow, max-snippet:-1, max-image-preview:large, max-video-preview:-1\" \/>\n<link rel=\"canonical\" href=\"https:\/\/www.sonoraenequipo.com.mx\/se-estanca-en-sonora-atencion-contra-la-violencia-hacia-las-mujeres-dip-gabriela-felix\/\" \/>\n<meta property=\"og:locale\" content=\"es_ES\" \/>\n<meta property=\"og:type\" content=\"article\" \/>\n<meta property=\"og:title\" content=\"Sonora en Equipo. Se estanca en Sonora \u00a0atenci\u00f3n contra la violencia hacia las mujeres: Dip. Gabriela F\u00e9lix Congreso\" \/>\n<meta property=\"og:description\" content=\"HERMOSILLO, SONORA, MX. \u2014 En el marco de la conmemoraci\u00f3n del D\u00eda Internacional de la Mujer, la Diputada Gabriela F\u00e9lix present\u00f3 los resultados del En Sonora en Equipo publicamos toda la informaci\u00f3n de Sonora, M\u00e9xico y el Mundo de manera oportuna y busca que la libertad de expresi\u00f3n sea real. Visita nuestro medio informativo publicado desde Hermosillo, Sonora. %\" \/>\n<meta property=\"og:url\" content=\"https:\/\/www.sonoraenequipo.com.mx\/se-estanca-en-sonora-atencion-contra-la-violencia-hacia-las-mujeres-dip-gabriela-felix\/\" \/>\n<meta property=\"og:site_name\" content=\"Sonora en Equipo.\" \/>\n<meta property=\"article:publisher\" content=\"https:\/\/www.facebook.com\/SonoraEE\/\" \/>\n<meta property=\"article:author\" content=\"https:\/\/www.facebook.com\/SonoraEE\" \/>\n<meta property=\"article:published_time\" content=\"2026-03-05T23:47:10+00:00\" \/>\n<meta property=\"article:modified_time\" content=\"2026-03-06T00:25:36+00:00\" \/>\n<meta property=\"og:image\" content=\"https:\/\/www.sonoraenequipo.com.mx\/storage\/2026\/03\/gaby-felix.jpg\" \/>\n\t<meta property=\"og:image:width\" content=\"600\" \/>\n\t<meta property=\"og:image:height\" content=\"400\" \/>\n\t<meta property=\"og:image:type\" content=\"image\/jpeg\" \/>\n<meta name=\"author\" content=\"enequipo\" \/>\n<meta name=\"twitter:card\" content=\"summary_large_image\" \/>\n<meta name=\"twitter:creator\" content=\"@sonoraenequipo\" \/>\n<meta name=\"twitter:site\" content=\"@sonoraenequipo\" \/>\n<meta name=\"twitter:label1\" content=\"Escrito por\" \/>\n\t<meta name=\"twitter:data1\" content=\"enequipo\" \/>\n\t<meta name=\"twitter:label2\" content=\"Tiempo de lectura\" \/>\n\t<meta name=\"twitter:data2\" content=\"2 minutos\" \/>\n<script type=\"application\/ld+json\" class=\"yoast-schema-graph\">{\"@context\":\"https:\/\/schema.org\",\"@graph\":[{\"@type\":\"Article\",\"@id\":\"https:\/\/www.sonoraenequipo.com.mx\/se-estanca-en-sonora-atencion-contra-la-violencia-hacia-las-mujeres-dip-gabriela-felix\/#article\",\"isPartOf\":{\"@id\":\"https:\/\/www.sonoraenequipo.com.mx\/se-estanca-en-sonora-atencion-contra-la-violencia-hacia-las-mujeres-dip-gabriela-felix\/\"},\"author\":{\"name\":\"enequipo\",\"@id\":\"https:\/\/www.sonoraenequipo.com.mx\/#\/schema\/person\/50102df0fb23a8fa9e8effad8fa81386\"},\"headline\":\"Se estanca en Sonora \u00a0atenci\u00f3n contra la violencia hacia las mujeres: Dip. Gabriela F\u00e9lix\",\"datePublished\":\"2026-03-05T23:47:10+00:00\",\"dateModified\":\"2026-03-06T00:25:36+00:00\",\"mainEntityOfPage\":{\"@id\":\"https:\/\/www.sonoraenequipo.com.mx\/se-estanca-en-sonora-atencion-contra-la-violencia-hacia-las-mujeres-dip-gabriela-felix\/\"},\"wordCount\":444,\"commentCount\":0,\"publisher\":{\"@id\":\"https:\/\/www.sonoraenequipo.com.mx\/#organization\"},\"image\":{\"@id\":\"https:\/\/www.sonoraenequipo.com.mx\/se-estanca-en-sonora-atencion-contra-la-violencia-hacia-las-mujeres-dip-gabriela-felix\/#primaryimage\"},\"thumbnailUrl\":\"https:\/\/www.sonoraenequipo.com.mx\/storage\/2026\/03\/gaby-felix.jpg\",\"keywords\":[\"Gabriela F\u00e9lix\",\"mujeres\",\"violencia\"],\"articleSection\":[\"Congreso\"],\"inLanguage\":\"es\",\"potentialAction\":[{\"@type\":\"CommentAction\",\"name\":\"Comment\",\"target\":[\"https:\/\/www.sonoraenequipo.com.mx\/se-estanca-en-sonora-atencion-contra-la-violencia-hacia-las-mujeres-dip-gabriela-felix\/#respond\"]}]},{\"@type\":\"WebPage\",\"@id\":\"https:\/\/www.sonoraenequipo.com.mx\/se-estanca-en-sonora-atencion-contra-la-violencia-hacia-las-mujeres-dip-gabriela-felix\/\",\"url\":\"https:\/\/www.sonoraenequipo.com.mx\/se-estanca-en-sonora-atencion-contra-la-violencia-hacia-las-mujeres-dip-gabriela-felix\/\",\"name\":\"Sonora en Equipo. Se estanca en Sonora \u00a0atenci\u00f3n contra la violencia hacia las mujeres: Dip. Gabriela F\u00e9lix Congreso\",\"isPartOf\":{\"@id\":\"https:\/\/www.sonoraenequipo.com.mx\/#website\"},\"primaryImageOfPage\":{\"@id\":\"https:\/\/www.sonoraenequipo.com.mx\/se-estanca-en-sonora-atencion-contra-la-violencia-hacia-las-mujeres-dip-gabriela-felix\/#primaryimage\"},\"image\":{\"@id\":\"https:\/\/www.sonoraenequipo.com.mx\/se-estanca-en-sonora-atencion-contra-la-violencia-hacia-las-mujeres-dip-gabriela-felix\/#primaryimage\"},\"thumbnailUrl\":\"https:\/\/www.sonoraenequipo.com.mx\/storage\/2026\/03\/gaby-felix.jpg\",\"datePublished\":\"2026-03-05T23:47:10+00:00\",\"dateModified\":\"2026-03-06T00:25:36+00:00\",\"description\":\"HERMOSILLO, SONORA, MX. \u2014 En el marco de la conmemoraci\u00f3n del D\u00eda Internacional de la Mujer, la Diputada Gabriela F\u00e9lix present\u00f3 los resultados del En Sonora en Equipo publicamos toda la informaci\u00f3n de Sonora, M\u00e9xico y el Mundo de manera oportuna y busca que la libertad de expresi\u00f3n sea real. Visita nuestro medio informativo publicado desde Hermosillo, Sonora. %\",\"breadcrumb\":{\"@id\":\"https:\/\/www.sonoraenequipo.com.mx\/se-estanca-en-sonora-atencion-contra-la-violencia-hacia-las-mujeres-dip-gabriela-felix\/#breadcrumb\"},\"inLanguage\":\"es\",\"potentialAction\":[{\"@type\":\"ReadAction\",\"target\":[\"https:\/\/www.sonoraenequipo.com.mx\/se-estanca-en-sonora-atencion-contra-la-violencia-hacia-las-mujeres-dip-gabriela-felix\/\"]}]},{\"@type\":\"ImageObject\",\"inLanguage\":\"es\",\"@id\":\"https:\/\/www.sonoraenequipo.com.mx\/se-estanca-en-sonora-atencion-contra-la-violencia-hacia-las-mujeres-dip-gabriela-felix\/#primaryimage\",\"url\":\"https:\/\/www.sonoraenequipo.com.mx\/storage\/2026\/03\/gaby-felix.jpg\",\"contentUrl\":\"https:\/\/www.sonoraenequipo.com.mx\/storage\/2026\/03\/gaby-felix.jpg\",\"width\":600,\"height\":400},{\"@type\":\"BreadcrumbList\",\"@id\":\"https:\/\/www.sonoraenequipo.com.mx\/se-estanca-en-sonora-atencion-contra-la-violencia-hacia-las-mujeres-dip-gabriela-felix\/#breadcrumb\",\"itemListElement\":[{\"@type\":\"ListItem\",\"position\":1,\"name\":\"Portada\",\"item\":\"https:\/\/www.sonoraenequipo.com.mx\/\"},{\"@type\":\"ListItem\",\"position\":2,\"name\":\"Se estanca en Sonora \u00a0atenci\u00f3n contra la violencia hacia las mujeres: Dip. Gabriela F\u00e9lix\"}]},{\"@type\":\"WebSite\",\"@id\":\"https:\/\/www.sonoraenequipo.com.mx\/#website\",\"url\":\"https:\/\/www.sonoraenequipo.com.mx\/\",\"name\":\"Sonora en Equipo.\",\"description\":\"Diario en l\u00ednea con Noticias desde Hermosillo, Sonora\",\"publisher\":{\"@id\":\"https:\/\/www.sonoraenequipo.com.mx\/#organization\"},\"potentialAction\":[{\"@type\":\"SearchAction\",\"target\":{\"@type\":\"EntryPoint\",\"urlTemplate\":\"https:\/\/www.sonoraenequipo.com.mx\/?s={search_term_string}\"},\"query-input\":{\"@type\":\"PropertyValueSpecification\",\"valueRequired\":true,\"valueName\":\"search_term_string\"}}],\"inLanguage\":\"es\"},{\"@type\":\"Organization\",\"@id\":\"https:\/\/www.sonoraenequipo.com.mx\/#organization\",\"name\":\"Sonoraenequipo.com.mx\",\"url\":\"https:\/\/www.sonoraenequipo.com.mx\/\",\"logo\":{\"@type\":\"ImageObject\",\"inLanguage\":\"es\",\"@id\":\"https:\/\/www.sonoraenequipo.com.mx\/#\/schema\/logo\/image\/\",\"url\":\"https:\/\/www.sonoraenequipo.com.mx\/storage\/2019\/01\/sonoraenequipo_opt.png\",\"contentUrl\":\"https:\/\/www.sonoraenequipo.com.mx\/storage\/2019\/01\/sonoraenequipo_opt.png\",\"width\":375,\"height\":125,\"caption\":\"Sonoraenequipo.com.mx\"},\"image\":{\"@id\":\"https:\/\/www.sonoraenequipo.com.mx\/#\/schema\/logo\/image\/\"},\"sameAs\":[\"https:\/\/www.facebook.com\/SonoraEE\/\",\"https:\/\/x.com\/sonoraenequipo\",\"https:\/\/www.youtube.com\/channel\/UC338nW-lPEYmJQs4ZABQ1SQ\"]},{\"@type\":\"Person\",\"@id\":\"https:\/\/www.sonoraenequipo.com.mx\/#\/schema\/person\/50102df0fb23a8fa9e8effad8fa81386\",\"name\":\"enequipo\",\"image\":{\"@type\":\"ImageObject\",\"inLanguage\":\"es\",\"@id\":\"https:\/\/www.sonoraenequipo.com.mx\/#\/schema\/person\/image\/\",\"url\":\"https:\/\/secure.gravatar.com\/avatar\/049821681b589dabc0bc20695993ccebb09f5b5d4d790cd9251b97faac7c652b?s=96&d=blank&r=g\",\"contentUrl\":\"https:\/\/secure.gravatar.com\/avatar\/049821681b589dabc0bc20695993ccebb09f5b5d4d790cd9251b97faac7c652b?s=96&d=blank&r=g\",\"caption\":\"enequipo\"},\"sameAs\":[\"https:\/\/www.facebook.com\/SonoraEE\"]}]}<\/script>\n ","yoast_head_json":{"title":"Sonora en Equipo. Se estanca en Sonora \u00a0atenci\u00f3n contra la violencia hacia las mujeres: Dip. Gabriela F\u00e9lix Congreso","description":"HERMOSILLO, SONORA, MX. \u2014 En el marco de la conmemoraci\u00f3n del D\u00eda Internacional de la Mujer, la Diputada Gabriela F\u00e9lix present\u00f3 los resultados del En Sonora en Equipo publicamos toda la informaci\u00f3n de Sonora, M\u00e9xico y el Mundo de manera oportuna y busca que la libertad de expresi\u00f3n sea real. Visita nuestro medio informativo publicado desde Hermosillo, Sonora. %","robots":{"index":"index","follow":"follow","max-snippet":"max-snippet:-1","max-image-preview":"max-image-preview:large","max-video-preview":"max-video-preview:-1"},"canonical":"https:\/\/www.sonoraenequipo.com.mx\/se-estanca-en-sonora-atencion-contra-la-violencia-hacia-las-mujeres-dip-gabriela-felix\/","og_locale":"es_ES","og_type":"article","og_title":"Sonora en Equipo. Se estanca en Sonora \u00a0atenci\u00f3n contra la violencia hacia las mujeres: Dip. Gabriela F\u00e9lix Congreso","og_description":"HERMOSILLO, SONORA, MX. \u2014 En el marco de la conmemoraci\u00f3n del D\u00eda Internacional de la Mujer, la Diputada Gabriela F\u00e9lix present\u00f3 los resultados del En Sonora en Equipo publicamos toda la informaci\u00f3n de Sonora, M\u00e9xico y el Mundo de manera oportuna y busca que la libertad de expresi\u00f3n sea real. Visita nuestro medio informativo publicado desde Hermosillo, Sonora. %","og_url":"https:\/\/www.sonoraenequipo.com.mx\/se-estanca-en-sonora-atencion-contra-la-violencia-hacia-las-mujeres-dip-gabriela-felix\/","og_site_name":"Sonora en Equipo.","article_publisher":"https:\/\/www.facebook.com\/SonoraEE\/","article_author":"https:\/\/www.facebook.com\/SonoraEE","article_published_time":"2026-03-05T23:47:10+00:00","article_modified_time":"2026-03-06T00:25:36+00:00","og_image":[{"width":600,"height":400,"url":"https:\/\/www.sonoraenequipo.com.mx\/storage\/2026\/03\/gaby-felix.jpg","type":"image\/jpeg"}],"author":"enequipo","twitter_card":"summary_large_image","twitter_creator":"@sonoraenequipo","twitter_site":"@sonoraenequipo","twitter_misc":{"Escrito por":"enequipo","Tiempo de lectura":"2 minutos"},"schema":{"@context":"https:\/\/schema.org","@graph":[{"@type":"Article","@id":"https:\/\/www.sonoraenequipo.com.mx\/se-estanca-en-sonora-atencion-contra-la-violencia-hacia-las-mujeres-dip-gabriela-felix\/#article","isPartOf":{"@id":"https:\/\/www.sonoraenequipo.com.mx\/se-estanca-en-sonora-atencion-contra-la-violencia-hacia-las-mujeres-dip-gabriela-felix\/"},"author":{"name":"enequipo","@id":"https:\/\/www.sonoraenequipo.com.mx\/#\/schema\/person\/50102df0fb23a8fa9e8effad8fa81386"},"headline":"Se estanca en Sonora \u00a0atenci\u00f3n contra la violencia hacia las mujeres: Dip. Gabriela F\u00e9lix","datePublished":"2026-03-05T23:47:10+00:00","dateModified":"2026-03-06T00:25:36+00:00","mainEntityOfPage":{"@id":"https:\/\/www.sonoraenequipo.com.mx\/se-estanca-en-sonora-atencion-contra-la-violencia-hacia-las-mujeres-dip-gabriela-felix\/"},"wordCount":444,"commentCount":0,"publisher":{"@id":"https:\/\/www.sonoraenequipo.com.mx\/#organization"},"image":{"@id":"https:\/\/www.sonoraenequipo.com.mx\/se-estanca-en-sonora-atencion-contra-la-violencia-hacia-las-mujeres-dip-gabriela-felix\/#primaryimage"},"thumbnailUrl":"https:\/\/www.sonoraenequipo.com.mx\/storage\/2026\/03\/gaby-felix.jpg","keywords":["Gabriela F\u00e9lix","mujeres","violencia"],"articleSection":["Congreso"],"inLanguage":"es","potentialAction":[{"@type":"CommentAction","name":"Comment","target":["https:\/\/www.sonoraenequipo.com.mx\/se-estanca-en-sonora-atencion-contra-la-violencia-hacia-las-mujeres-dip-gabriela-felix\/#respond"]}]},{"@type":"WebPage","@id":"https:\/\/www.sonoraenequipo.com.mx\/se-estanca-en-sonora-atencion-contra-la-violencia-hacia-las-mujeres-dip-gabriela-felix\/","url":"https:\/\/www.sonoraenequipo.com.mx\/se-estanca-en-sonora-atencion-contra-la-violencia-hacia-las-mujeres-dip-gabriela-felix\/","name":"Sonora en Equipo. Se estanca en Sonora \u00a0atenci\u00f3n contra la violencia hacia las mujeres: Dip. Gabriela F\u00e9lix Congreso","isPartOf":{"@id":"https:\/\/www.sonoraenequipo.com.mx\/#website"},"primaryImageOfPage":{"@id":"https:\/\/www.sonoraenequipo.com.mx\/se-estanca-en-sonora-atencion-contra-la-violencia-hacia-las-mujeres-dip-gabriela-felix\/#primaryimage"},"image":{"@id":"https:\/\/www.sonoraenequipo.com.mx\/se-estanca-en-sonora-atencion-contra-la-violencia-hacia-las-mujeres-dip-gabriela-felix\/#primaryimage"},"thumbnailUrl":"https:\/\/www.sonoraenequipo.com.mx\/storage\/2026\/03\/gaby-felix.jpg","datePublished":"2026-03-05T23:47:10+00:00","dateModified":"2026-03-06T00:25:36+00:00","description":"HERMOSILLO, SONORA, MX. \u2014 En el marco de la conmemoraci\u00f3n del D\u00eda Internacional de la Mujer, la Diputada Gabriela F\u00e9lix present\u00f3 los resultados del En Sonora en Equipo publicamos toda la informaci\u00f3n de Sonora, M\u00e9xico y el Mundo de manera oportuna y busca que la libertad de expresi\u00f3n sea real. Visita nuestro medio informativo publicado desde Hermosillo, Sonora. %","breadcrumb":{"@id":"https:\/\/www.sonoraenequipo.com.mx\/se-estanca-en-sonora-atencion-contra-la-violencia-hacia-las-mujeres-dip-gabriela-felix\/#breadcrumb"},"inLanguage":"es","potentialAction":[{"@type":"ReadAction","target":["https:\/\/www.sonoraenequipo.com.mx\/se-estanca-en-sonora-atencion-contra-la-violencia-hacia-las-mujeres-dip-gabriela-felix\/"]}]},{"@type":"ImageObject","inLanguage":"es","@id":"https:\/\/www.sonoraenequipo.com.mx\/se-estanca-en-sonora-atencion-contra-la-violencia-hacia-las-mujeres-dip-gabriela-felix\/#primaryimage","url":"https:\/\/www.sonoraenequipo.com.mx\/storage\/2026\/03\/gaby-felix.jpg","contentUrl":"https:\/\/www.sonoraenequipo.com.mx\/storage\/2026\/03\/gaby-felix.jpg","width":600,"height":400},{"@type":"BreadcrumbList","@id":"https:\/\/www.sonoraenequipo.com.mx\/se-estanca-en-sonora-atencion-contra-la-violencia-hacia-las-mujeres-dip-gabriela-felix\/#breadcrumb","itemListElement":[{"@type":"ListItem","position":1,"name":"Portada","item":"https:\/\/www.sonoraenequipo.com.mx\/"},{"@type":"ListItem","position":2,"name":"Se estanca en Sonora \u00a0atenci\u00f3n contra la violencia hacia las mujeres: Dip. Gabriela F\u00e9lix"}]},{"@type":"WebSite","@id":"https:\/\/www.sonoraenequipo.com.mx\/#website","url":"https:\/\/www.sonoraenequipo.com.mx\/","name":"Sonora en Equipo.","description":"Diario en l\u00ednea con Noticias desde Hermosillo, Sonora","publisher":{"@id":"https:\/\/www.sonoraenequipo.com.mx\/#organization"},"potentialAction":[{"@type":"SearchAction","target":{"@type":"EntryPoint","urlTemplate":"https:\/\/www.sonoraenequipo.com.mx\/?s={search_term_string}"},"query-input":{"@type":"PropertyValueSpecification","valueRequired":true,"valueName":"search_term_string"}}],"inLanguage":"es"},{"@type":"Organization","@id":"https:\/\/www.sonoraenequipo.com.mx\/#organization","name":"Sonoraenequipo.com.mx","url":"https:\/\/www.sonoraenequipo.com.mx\/","logo":{"@type":"ImageObject","inLanguage":"es","@id":"https:\/\/www.sonoraenequipo.com.mx\/#\/schema\/logo\/image\/","url":"https:\/\/www.sonoraenequipo.com.mx\/storage\/2019\/01\/sonoraenequipo_opt.png","contentUrl":"https:\/\/www.sonoraenequipo.com.mx\/storage\/2019\/01\/sonoraenequipo_opt.png","width":375,"height":125,"caption":"Sonoraenequipo.com.mx"},"image":{"@id":"https:\/\/www.sonoraenequipo.com.mx\/#\/schema\/logo\/image\/"},"sameAs":["https:\/\/www.facebook.com\/SonoraEE\/","https:\/\/x.com\/sonoraenequipo","https:\/\/www.youtube.com\/channel\/UC338nW-lPEYmJQs4ZABQ1SQ"]},{"@type":"Person","@id":"https:\/\/www.sonoraenequipo.com.mx\/#\/schema\/person\/50102df0fb23a8fa9e8effad8fa81386","name":"enequipo","image":{"@type":"ImageObject","inLanguage":"es","@id":"https:\/\/www.sonoraenequipo.com.mx\/#\/schema\/person\/image\/","url":"https:\/\/secure.gravatar.com\/avatar\/049821681b589dabc0bc20695993ccebb09f5b5d4d790cd9251b97faac7c652b?s=96&d=blank&r=g","contentUrl":"https:\/\/secure.gravatar.com\/avatar\/049821681b589dabc0bc20695993ccebb09f5b5d4d790cd9251b97faac7c652b?s=96&d=blank&r=g","caption":"enequipo"},"sameAs":["https:\/\/www.facebook.com\/SonoraEE"]}]}},"jetpack_featured_media_url":"https:\/\/www.sonoraenequipo.com.mx\/storage\/2026\/03\/gaby-felix.jpg","_links":{"self":[{"href":"https:\/\/www.sonoraenequipo.com.mx\/api\/wp\/v2\/posts\/236660","targetHints":{"allow":["GET"]}}],"collection":[{"href":"https:\/\/www.sonoraenequipo.com.mx\/api\/wp\/v2\/posts"}],"about":[{"href":"https:\/\/www.sonoraenequipo.com.mx\/api\/wp\/v2\/types\/post"}],"author":[{"embeddable":true,"href":"https:\/\/www.sonoraenequipo.com.mx\/api\/wp\/v2\/users\/1"}],"replies":[{"embeddable":true,"href":"https:\/\/www.sonoraenequipo.com.mx\/api\/wp\/v2\/comments?post=236660"}],"version-history":[{"count":1,"href":"https:\/\/www.sonoraenequipo.com.mx\/api\/wp\/v2\/posts\/236660\/revisions"}],"predecessor-version":[{"id":236662,"href":"https:\/\/www.sonoraenequipo.com.mx\/api\/wp\/v2\/posts\/236660\/revisions\/236662"}],"wp:featuredmedia":[{"embeddable":true,"href":"https:\/\/www.sonoraenequipo.com.mx\/api\/wp\/v2\/media\/236661"}],"wp:attachment":[{"href":"https:\/\/www.sonoraenequipo.com.mx\/api\/wp\/v2\/media?parent=236660"}],"wp:term":[{"taxonomy":"category","embeddable":true,"href":"https:\/\/www.sonoraenequipo.com.mx\/api\/wp\/v2\/categories?post=236660"},{"taxonomy":"post_tag","embeddable":true,"href":"https:\/\/www.sonoraenequipo.com.mx\/api\/wp\/v2\/tags?post=236660"}],"curies":[{"name":"wp","href":"https:\/\/api.w.org\/{rel}","templated":true}]}}